{"id":33868,"date":"2012-01-03T18:54:52","date_gmt":"2012-01-03T17:54:52","guid":{"rendered":"http:\/\/www.bellunopress.it\/?p=33868"},"modified":"2012-01-03T18:54:52","modified_gmt":"2012-01-03T17:54:52","slug":"mario-neri-lascia-la-presidenza-della-fondazione-teatri","status":"publish","type":"post","link":"https:\/\/www.bellunopress.it\/fr\/2012\/01\/03\/mario-neri-lascia-la-presidenza-della-fondazione-teatri\/","title":{"rendered":"Mario Neri lascia la presidenza della Fondazione teatri"},"content":{"rendered":"<figure id=\"attachment_31125\" aria-describedby=\"caption-attachment-31125\" style=\"width: 128px\" class=\"wp-caption alignleft\"><a href=\"http:\/\/www.bellunopress.it\/wp-content\/uploads\/2011\/10\/mario-neri.jpg\"><img loading=\"lazy\" decoding=\"async\" class=\"size-full wp-image-31125\" title=\"mario neri\" src=\"http:\/\/www.bellunopress.it\/wp-content\/uploads\/2011\/10\/mario-neri.jpg\" alt=\"\" width=\"128\" height=\"150\" \/><\/a><figcaption id=\"caption-attachment-31125\" class=\"wp-caption-text\">Mario Neri<\/figcaption><\/figure>\n<p>Dopo novanta giorni alla presidenza della Fondazione Teatri delle Dolomiti, Mario Neri ha rassegnato le dimissioni. Anche l&#8217;ex sindaco di Belluno, dunque, come il suo predecessore Michele Romanelli, ha preferito abbandonare l&#8217;incarico, in una situazione che, per\u00f2, oggi \u00e8 completamente diversa da quella di tre mesi fa. Nel primo caso, Romanelli da uomo libero non ha voluto piegarsi ai condizionamenti della politica. O meglio, di una certa parte politica, che avrebbe voluto liquidare Tib Teatro per far posto alla cordata del Circolo cultura e stampa presieduto da Luigino Boito, sostenuta dal Pdl. Anche Neri, intendiamoci, \u00e8 un uomo indicato dal Pdl alla presidenza della Fondazione teatri. Ma nelle sue dimissioni \u00e8 facile leggere un&#8217;uscita dalla scena determinata per lo pi\u00f9 dallo stato di salute economica di Fondazione teatri. Che \u00e8 rimasta orfana del suo sponsor principale, la Fondazione Cariverona, e dovr\u00e0 anche fare i conti con i tagli di budget degli altri soci superstiti, il Comune di Belluno, il Comune di Feltre, la Provincia di Belluno e la\u00a0Regione Veneto. E allora, si sar\u00e0 chiesto Neri, a che serve rimanere alla presidenza di una fondazione morente, al centro delle polemiche e in difficolt\u00e0 finanziarie? Una situazione generata da dilettantismo, da narcisismo e da interessi politici. Che nulla hanno a che vedere con il Teatro, e con l&#8217;Arte. E con il professionismo di chi per mestiere si occupa in via esclusiva di teatro e da anni garantisce la stagione teatrale a Belluno. Oltre ad aver riscosso riconoscimenti in ambito nazionale per produzioni create.<\/p>\n<figure id=\"attachment_25958\" aria-describedby=\"caption-attachment-25958\" style=\"width: 280px\" class=\"wp-caption alignleft\"><a href=\"http:\/\/www.bellunopress.it\/wp-content\/uploads\/2011\/04\/teatro-comunale-280x198.jpg\"><img loading=\"lazy\" decoding=\"async\" class=\"size-full wp-image-25958\" title=\"teatro comunale 280x198\" src=\"http:\/\/www.bellunopress.it\/wp-content\/uploads\/2011\/04\/teatro-comunale-280x198.jpg\" alt=\"\" width=\"280\" height=\"198\" \/><\/a><figcaption id=\"caption-attachment-25958\" class=\"wp-caption-text\">Teatro Comunale di Belluno<\/figcaption><\/figure>\n<p>Stiamo parlando della cooperativa Tib teatro con direttore artistico e drammaturga Daniela Nicosia. Parliamo, tanto per fare un esempio, delle 8 produzioni teatrali di Tib Teatro, con 80 repliche in calendario che verranno presentate in vari teatri italiani. Parliamo di \u201cGalileo\u201d, un lavoro interamente bellunese che ha debuttato un anno fa e che prosegue ora nei teatri di Trieste, Bologna, Bolzano e Brescia. Parliamo di\u00a0 \u201cUlisse\u201d che attraverser\u00e0 i teatri d\u2019Italia passando per Roma, Ferrara e Perugia. Parliamo di \u201cIo ti prendo per mano\u201d unica produzione veneta su 20 selezionate a livello nazionale su un totale di 200 lavori presentati, selezionata dall&#8217;emittente TV 2000 in uno speciale dedicato alle eccellenze del teatro italiano. Parliamo de \u201cLa favola di Orfeo\u201d che nel 2005 vinse il Premio \u201cMiglior spettacolo\u201d. E ancora, parliamo di Labros Mangheras, presidente di Tib e presidente di PPTV (associazione Produttori professionali teatrali veneti) chimato dalla Fondazione Fitzcarraldo di Torino (centro indipendente di progettazione, ricerca, formazione e documentazione sul management, l\u2019economia e le politiche della cultura, delle arti e dei media) per illustrare la realt\u00e0 bellunese di Tib Teatro. Non di meno lo staff di cui si avvale Tib. Nel 2009 all\u2019attrice bellunese Vania Bortot vinse il \u201cPremio Speciale Silvia &#8211; Miglior Attore\u201d, con il \u201cIl volo di Icaro\u201d di Daniela Nicosia.<\/p>\n<p>Insomma, non c&#8217;\u00e8 da stupirsi se Neri se ne \u00e8 lavato le mani, volendo cos\u00ec separare la sua onorabilit\u00e0 dai soliti pasticci all&#8217;italiana, di chi per agganci politici e provincialismo, vorrebbe affossare una professionalit\u00e0 riconosciuta a livello nazionale di cui invece dovremmo andare fieri.<\/p>\n<p>&nbsp;<\/p>","protected":false},"excerpt":{"rendered":"<p>Dopo novanta giorni alla presidenza della Fondazione Teatri delle Dolomiti, Mario Neri ha rassegnato le dimissioni. Anche l&#8217;ex sindaco di Belluno, dunque, come il suo predecessore Michele Romanelli, ha preferito abbandonare l&#8217;incarico, in una situazione che, per\u00f2, oggi \u00e8 completamente diversa da quella di tre mesi fa. Nel primo caso, Romanelli da uomo libero non [&hellip;]<\/p>\n","protected":false},"author":2,"featured_media":0,"comment_status":"closed","ping_status":"open","sticky":false,"template":"","format":"standard","meta":{"footnotes":""},"categories":[3,5],"tags":[],"class_list":["post-33868","post","type-post","status-publish","format-standard","category-arte-cultura-spettacoli-scienza-archivi","category-cronaca"],"yoast_head":"<!-- This site is optimized with the Yoast SEO plugin v28.4 - https:\/\/yoast.com\/product\/yoast-seo-wordpress\/ -->\n<title>Mario Neri lascia la presidenza della Fondazione teatri - Bellunopress - Dolomiti<\/title>\n<meta name=\"robots\" content=\"index, follow, max-snippet:-1, max-image-preview:large, max-video-preview:-1\" \/>\n<link rel=\"canonical\" href=\"https:\/\/www.bellunopress.it\/fr\/2012\/01\/03\/mario-neri-lascia-la-presidenza-della-fondazione-teatri\/\" \/>\n<meta property=\"og:locale\" content=\"fr_FR\" \/>\n<meta property=\"og:type\" content=\"article\" \/>\n<meta property=\"og:title\" content=\"Mario Neri lascia la presidenza della Fondazione teatri - Bellunopress - Dolomiti\" \/>\n<meta property=\"og:description\" content=\"Dopo novanta giorni alla presidenza della Fondazione Teatri delle Dolomiti, Mario Neri ha rassegnato le dimissioni. Anche l&#8217;ex sindaco di Belluno, dunque, come il suo predecessore Michele Romanelli, ha preferito abbandonare l&#8217;incarico, in una situazione che, per\u00f2, oggi \u00e8 completamente diversa da quella di tre mesi fa. Nel primo caso, Romanelli da uomo libero non [&hellip;]\" \/>\n<meta property=\"og:url\" content=\"https:\/\/www.bellunopress.it\/fr\/2012\/01\/03\/mario-neri-lascia-la-presidenza-della-fondazione-teatri\/\" \/>\n<meta property=\"og:site_name\" content=\"Bellunopress - Dolomiti\" \/>\n<meta property=\"article:publisher\" content=\"https:\/\/www.facebook.com\/profile.php?id=100008943462799\" \/>\n<meta property=\"article:published_time\" content=\"2012-01-03T17:54:52+00:00\" \/>\n<meta property=\"og:image\" content=\"http:\/\/www.bellunopress.it\/wp-content\/uploads\/2011\/10\/mario-neri.jpg\" \/>\n<meta name=\"author\" content=\"redazione\" \/>\n<meta name=\"twitter:card\" content=\"summary_large_image\" \/>\n<meta name=\"twitter:creator\" content=\"@bellunopress\" \/>\n<meta name=\"twitter:site\" content=\"@bellunopress\" \/>\n<meta name=\"twitter:label1\" content=\"\u00c9crit par\" \/>\n\t<meta name=\"twitter:data1\" content=\"redazione\" \/>\n\t<meta name=\"twitter:label2\" content=\"Dur\u00e9e de lecture estim\u00e9e\" \/>\n\t<meta name=\"twitter:data2\" content=\"3 minutes\" \/>\n<script type=\"application\/ld+json\" class=\"yoast-schema-graph\">{\"@context\":\"https:\\\/\\\/schema.org\",\"@graph\":[{\"@type\":\"Article\",\"@id\":\"https:\\\/\\\/www.bellunopress.it\\\/2012\\\/01\\\/03\\\/mario-neri-lascia-la-presidenza-della-fondazione-teatri\\\/#article\",\"isPartOf\":{\"@id\":\"https:\\\/\\\/www.bellunopress.it\\\/2012\\\/01\\\/03\\\/mario-neri-lascia-la-presidenza-della-fondazione-teatri\\\/\"},\"author\":{\"name\":\"redazione\",\"@id\":\"https:\\\/\\\/www.bellunopress.it\\\/#\\\/schema\\\/person\\\/79bb06722b37ece1c03d3e94beb30d73\"},\"headline\":\"Mario Neri lascia la presidenza della Fondazione teatri\",\"datePublished\":\"2012-01-03T17:54:52+00:00\",\"mainEntityOfPage\":{\"@id\":\"https:\\\/\\\/www.bellunopress.it\\\/2012\\\/01\\\/03\\\/mario-neri-lascia-la-presidenza-della-fondazione-teatri\\\/\"},\"wordCount\":537,\"publisher\":{\"@id\":\"https:\\\/\\\/www.bellunopress.it\\\/#organization\"},\"image\":{\"@id\":\"https:\\\/\\\/www.bellunopress.it\\\/2012\\\/01\\\/03\\\/mario-neri-lascia-la-presidenza-della-fondazione-teatri\\\/#primaryimage\"},\"thumbnailUrl\":\"http:\\\/\\\/www.bellunopress.it\\\/wp-content\\\/uploads\\\/2011\\\/10\\\/mario-neri.jpg\",\"articleSection\":[\"Arte, Cultura, Spettacoli, Scienza\",\"Cronaca\\\/Politica\"],\"inLanguage\":\"fr-FR\"},{\"@type\":\"WebPage\",\"@id\":\"https:\\\/\\\/www.bellunopress.it\\\/2012\\\/01\\\/03\\\/mario-neri-lascia-la-presidenza-della-fondazione-teatri\\\/\",\"url\":\"https:\\\/\\\/www.bellunopress.it\\\/2012\\\/01\\\/03\\\/mario-neri-lascia-la-presidenza-della-fondazione-teatri\\\/\",\"name\":\"Mario Neri lascia la presidenza della Fondazione teatri - Bellunopress - Dolomiti\",\"isPartOf\":{\"@id\":\"https:\\\/\\\/www.bellunopress.it\\\/#website\"},\"primaryImageOfPage\":{\"@id\":\"https:\\\/\\\/www.bellunopress.it\\\/2012\\\/01\\\/03\\\/mario-neri-lascia-la-presidenza-della-fondazione-teatri\\\/#primaryimage\"},\"image\":{\"@id\":\"https:\\\/\\\/www.bellunopress.it\\\/2012\\\/01\\\/03\\\/mario-neri-lascia-la-presidenza-della-fondazione-teatri\\\/#primaryimage\"},\"thumbnailUrl\":\"http:\\\/\\\/www.bellunopress.it\\\/wp-content\\\/uploads\\\/2011\\\/10\\\/mario-neri.jpg\",\"datePublished\":\"2012-01-03T17:54:52+00:00\",\"breadcrumb\":{\"@id\":\"https:\\\/\\\/www.bellunopress.it\\\/2012\\\/01\\\/03\\\/mario-neri-lascia-la-presidenza-della-fondazione-teatri\\\/#breadcrumb\"},\"inLanguage\":\"fr-FR\",\"potentialAction\":[{\"@type\":\"ReadAction\",\"target\":[\"https:\\\/\\\/www.bellunopress.it\\\/2012\\\/01\\\/03\\\/mario-neri-lascia-la-presidenza-della-fondazione-teatri\\\/\"]}]},{\"@type\":\"ImageObject\",\"inLanguage\":\"fr-FR\",\"@id\":\"https:\\\/\\\/www.bellunopress.it\\\/2012\\\/01\\\/03\\\/mario-neri-lascia-la-presidenza-della-fondazione-teatri\\\/#primaryimage\",\"url\":\"http:\\\/\\\/www.bellunopress.it\\\/wp-content\\\/uploads\\\/2011\\\/10\\\/mario-neri.jpg\",\"contentUrl\":\"http:\\\/\\\/www.bellunopress.it\\\/wp-content\\\/uploads\\\/2011\\\/10\\\/mario-neri.jpg\"},{\"@type\":\"BreadcrumbList\",\"@id\":\"https:\\\/\\\/www.bellunopress.it\\\/2012\\\/01\\\/03\\\/mario-neri-lascia-la-presidenza-della-fondazione-teatri\\\/#breadcrumb\",\"itemListElement\":[{\"@type\":\"ListItem\",\"position\":1,\"name\":\"Home\",\"item\":\"https:\\\/\\\/www.bellunopress.it\\\/\"},{\"@type\":\"ListItem\",\"position\":2,\"name\":\"Mario Neri lascia la presidenza della Fondazione teatri\"}]},{\"@type\":\"WebSite\",\"@id\":\"https:\\\/\\\/www.bellunopress.it\\\/#website\",\"url\":\"https:\\\/\\\/www.bellunopress.it\\\/\",\"name\":\"Bellunopress - Dolomiti\",\"description\":\"e-mail: redazione@bellunopress.it\",\"publisher\":{\"@id\":\"https:\\\/\\\/www.bellunopress.it\\\/#organization\"},\"potentialAction\":[{\"@type\":\"SearchAction\",\"target\":{\"@type\":\"EntryPoint\",\"urlTemplate\":\"https:\\\/\\\/www.bellunopress.it\\\/?s={search_term_string}\"},\"query-input\":{\"@type\":\"PropertyValueSpecification\",\"valueRequired\":true,\"valueName\":\"search_term_string\"}}],\"inLanguage\":\"fr-FR\"},{\"@type\":\"Organization\",\"@id\":\"https:\\\/\\\/www.bellunopress.it\\\/#organization\",\"name\":\"Bellunopress\",\"url\":\"https:\\\/\\\/www.bellunopress.it\\\/\",\"logo\":{\"@type\":\"ImageObject\",\"inLanguage\":\"fr-FR\",\"@id\":\"https:\\\/\\\/www.bellunopress.it\\\/#\\\/schema\\\/logo\\\/image\\\/\",\"url\":\"https:\\\/\\\/www.bellunopress.it\\\/wp-content\\\/uploads\\\/2011\\\/05\\\/cropped-logo-bellunopress-.jpg\",\"contentUrl\":\"https:\\\/\\\/www.bellunopress.it\\\/wp-content\\\/uploads\\\/2011\\\/05\\\/cropped-logo-bellunopress-.jpg\",\"width\":512,\"height\":512,\"caption\":\"Bellunopress\"},\"image\":{\"@id\":\"https:\\\/\\\/www.bellunopress.it\\\/#\\\/schema\\\/logo\\\/image\\\/\"},\"sameAs\":[\"https:\\\/\\\/www.facebook.com\\\/profile.php?id=100008943462799\",\"https:\\\/\\\/x.com\\\/bellunopress\",\"https:\\\/\\\/www.linkedin.com\\\/hp\\\/?dnr=JBzUWaJfMUw8vbXJJ2tVW5-I3jZKvC4wsoxE&amp;amp;amp;amp;amp;amp;trk=nav_responsive_tab_home\",\"https:\\\/\\\/www.youtube.com\\\/channel\\\/UCxL0wu1uN0_3_7hGG0306cw\"]},{\"@type\":\"Person\",\"@id\":\"https:\\\/\\\/www.bellunopress.it\\\/#\\\/schema\\\/person\\\/79bb06722b37ece1c03d3e94beb30d73\",\"name\":\"redazione\",\"image\":{\"@type\":\"ImageObject\",\"inLanguage\":\"fr-FR\",\"@id\":\"https:\\\/\\\/secure.gravatar.com\\\/avatar\\\/37d968a2e67a6fd04c169c4bdef102d0bc5d31b2546345219e348575eb80e9a0?s=96&d=mm&r=g\",\"url\":\"https:\\\/\\\/secure.gravatar.com\\\/avatar\\\/37d968a2e67a6fd04c169c4bdef102d0bc5d31b2546345219e348575eb80e9a0?s=96&d=mm&r=g\",\"contentUrl\":\"https:\\\/\\\/secure.gravatar.com\\\/avatar\\\/37d968a2e67a6fd04c169c4bdef102d0bc5d31b2546345219e348575eb80e9a0?s=96&d=mm&r=g\",\"caption\":\"redazione\"},\"sameAs\":[\"http:\\\/\\\/www.bellunopress.it\",\"https:\\\/\\\/x.com\\\/bellunopress\"],\"url\":\"https:\\\/\\\/www.bellunopress.it\\\/fr\\\/author\\\/redazione\\\/\"}]}<\/script>\n<!-- \/ Yoast SEO plugin. -->","yoast_head_json":{"title":"Mario Neri lascia la presidenza della Fondazione teatri - Bellunopress - Dolomiti","robots":{"index":"index","follow":"follow","max-snippet":"max-snippet:-1","max-image-preview":"max-image-preview:large","max-video-preview":"max-video-preview:-1"},"canonical":"https:\/\/www.bellunopress.it\/fr\/2012\/01\/03\/mario-neri-lascia-la-presidenza-della-fondazione-teatri\/","og_locale":"fr_FR","og_type":"article","og_title":"Mario Neri lascia la presidenza della Fondazione teatri - Bellunopress - Dolomiti","og_description":"Dopo novanta giorni alla presidenza della Fondazione Teatri delle Dolomiti, Mario Neri ha rassegnato le dimissioni. Anche l&#8217;ex sindaco di Belluno, dunque, come il suo predecessore Michele Romanelli, ha preferito abbandonare l&#8217;incarico, in una situazione che, per\u00f2, oggi \u00e8 completamente diversa da quella di tre mesi fa. Nel primo caso, Romanelli da uomo libero non [&hellip;]","og_url":"https:\/\/www.bellunopress.it\/fr\/2012\/01\/03\/mario-neri-lascia-la-presidenza-della-fondazione-teatri\/","og_site_name":"Bellunopress - Dolomiti","article_publisher":"https:\/\/www.facebook.com\/profile.php?id=100008943462799","article_published_time":"2012-01-03T17:54:52+00:00","og_image":[{"url":"http:\/\/www.bellunopress.it\/wp-content\/uploads\/2011\/10\/mario-neri.jpg","type":"","width":"","height":""}],"author":"redazione","twitter_card":"summary_large_image","twitter_creator":"@bellunopress","twitter_site":"@bellunopress","twitter_misc":{"\u00c9crit par":"redazione","Dur\u00e9e de lecture estim\u00e9e":"3 minutes"},"schema":{"@context":"https:\/\/schema.org","@graph":[{"@type":"Article","@id":"https:\/\/www.bellunopress.it\/2012\/01\/03\/mario-neri-lascia-la-presidenza-della-fondazione-teatri\/#article","isPartOf":{"@id":"https:\/\/www.bellunopress.it\/2012\/01\/03\/mario-neri-lascia-la-presidenza-della-fondazione-teatri\/"},"author":{"name":"redazione","@id":"https:\/\/www.bellunopress.it\/#\/schema\/person\/79bb06722b37ece1c03d3e94beb30d73"},"headline":"Mario Neri lascia la presidenza della Fondazione teatri","datePublished":"2012-01-03T17:54:52+00:00","mainEntityOfPage":{"@id":"https:\/\/www.bellunopress.it\/2012\/01\/03\/mario-neri-lascia-la-presidenza-della-fondazione-teatri\/"},"wordCount":537,"publisher":{"@id":"https:\/\/www.bellunopress.it\/#organization"},"image":{"@id":"https:\/\/www.bellunopress.it\/2012\/01\/03\/mario-neri-lascia-la-presidenza-della-fondazione-teatri\/#primaryimage"},"thumbnailUrl":"http:\/\/www.bellunopress.it\/wp-content\/uploads\/2011\/10\/mario-neri.jpg","articleSection":["Arte, Cultura, Spettacoli, Scienza","Cronaca\/Politica"],"inLanguage":"fr-FR"},{"@type":"WebPage","@id":"https:\/\/www.bellunopress.it\/2012\/01\/03\/mario-neri-lascia-la-presidenza-della-fondazione-teatri\/","url":"https:\/\/www.bellunopress.it\/2012\/01\/03\/mario-neri-lascia-la-presidenza-della-fondazione-teatri\/","name":"Mario Neri lascia la presidenza della Fondazione teatri - Bellunopress - Dolomiti","isPartOf":{"@id":"https:\/\/www.bellunopress.it\/#website"},"primaryImageOfPage":{"@id":"https:\/\/www.bellunopress.it\/2012\/01\/03\/mario-neri-lascia-la-presidenza-della-fondazione-teatri\/#primaryimage"},"image":{"@id":"https:\/\/www.bellunopress.it\/2012\/01\/03\/mario-neri-lascia-la-presidenza-della-fondazione-teatri\/#primaryimage"},"thumbnailUrl":"http:\/\/www.bellunopress.it\/wp-content\/uploads\/2011\/10\/mario-neri.jpg","datePublished":"2012-01-03T17:54:52+00:00","breadcrumb":{"@id":"https:\/\/www.bellunopress.it\/2012\/01\/03\/mario-neri-lascia-la-presidenza-della-fondazione-teatri\/#breadcrumb"},"inLanguage":"fr-FR","potentialAction":[{"@type":"ReadAction","target":["https:\/\/www.bellunopress.it\/2012\/01\/03\/mario-neri-lascia-la-presidenza-della-fondazione-teatri\/"]}]},{"@type":"ImageObject","inLanguage":"fr-FR","@id":"https:\/\/www.bellunopress.it\/2012\/01\/03\/mario-neri-lascia-la-presidenza-della-fondazione-teatri\/#primaryimage","url":"http:\/\/www.bellunopress.it\/wp-content\/uploads\/2011\/10\/mario-neri.jpg","contentUrl":"http:\/\/www.bellunopress.it\/wp-content\/uploads\/2011\/10\/mario-neri.jpg"},{"@type":"BreadcrumbList","@id":"https:\/\/www.bellunopress.it\/2012\/01\/03\/mario-neri-lascia-la-presidenza-della-fondazione-teatri\/#breadcrumb","itemListElement":[{"@type":"ListItem","position":1,"name":"Home","item":"https:\/\/www.bellunopress.it\/"},{"@type":"ListItem","position":2,"name":"Mario Neri lascia la presidenza della Fondazione teatri"}]},{"@type":"WebSite","@id":"https:\/\/www.bellunopress.it\/#website","url":"https:\/\/www.bellunopress.it\/","name":"Bellunopress - Dolomiti","description":"e-mail: redazione@bellunopress.it","publisher":{"@id":"https:\/\/www.bellunopress.it\/#organization"},"potentialAction":[{"@type":"SearchAction","target":{"@type":"EntryPoint","urlTemplate":"https:\/\/www.bellunopress.it\/?s={search_term_string}"},"query-input":{"@type":"PropertyValueSpecification","valueRequired":true,"valueName":"search_term_string"}}],"inLanguage":"fr-FR"},{"@type":"Organization","@id":"https:\/\/www.bellunopress.it\/#organization","name":"Bellunopress","url":"https:\/\/www.bellunopress.it\/","logo":{"@type":"ImageObject","inLanguage":"fr-FR","@id":"https:\/\/www.bellunopress.it\/#\/schema\/logo\/image\/","url":"https:\/\/www.bellunopress.it\/wp-content\/uploads\/2011\/05\/cropped-logo-bellunopress-.jpg","contentUrl":"https:\/\/www.bellunopress.it\/wp-content\/uploads\/2011\/05\/cropped-logo-bellunopress-.jpg","width":512,"height":512,"caption":"Bellunopress"},"image":{"@id":"https:\/\/www.bellunopress.it\/#\/schema\/logo\/image\/"},"sameAs":["https:\/\/www.facebook.com\/profile.php?id=100008943462799","https:\/\/x.com\/bellunopress","https:\/\/www.linkedin.com\/hp\/?dnr=JBzUWaJfMUw8vbXJJ2tVW5-I3jZKvC4wsoxE&amp;amp;amp;amp;amp;amp;trk=nav_responsive_tab_home","https:\/\/www.youtube.com\/channel\/UCxL0wu1uN0_3_7hGG0306cw"]},{"@type":"Person","@id":"https:\/\/www.bellunopress.it\/#\/schema\/person\/79bb06722b37ece1c03d3e94beb30d73","name":"r\u00e9daction","image":{"@type":"ImageObject","inLanguage":"fr-FR","@id":"https:\/\/secure.gravatar.com\/avatar\/37d968a2e67a6fd04c169c4bdef102d0bc5d31b2546345219e348575eb80e9a0?s=96&d=mm&r=g","url":"https:\/\/secure.gravatar.com\/avatar\/37d968a2e67a6fd04c169c4bdef102d0bc5d31b2546345219e348575eb80e9a0?s=96&d=mm&r=g","contentUrl":"https:\/\/secure.gravatar.com\/avatar\/37d968a2e67a6fd04c169c4bdef102d0bc5d31b2546345219e348575eb80e9a0?s=96&d=mm&r=g","caption":"redazione"},"sameAs":["http:\/\/www.bellunopress.it","https:\/\/x.com\/bellunopress"],"url":"https:\/\/www.bellunopress.it\/fr\/author\/redazione\/"}]}},"_links":{"self":[{"href":"https:\/\/www.bellunopress.it\/fr\/wp-json\/wp\/v2\/posts\/33868","targetHints":{"allow":["GET"]}}],"collection":[{"href":"https:\/\/www.bellunopress.it\/fr\/wp-json\/wp\/v2\/posts"}],"about":[{"href":"https:\/\/www.bellunopress.it\/fr\/wp-json\/wp\/v2\/types\/post"}],"author":[{"embeddable":true,"href":"https:\/\/www.bellunopress.it\/fr\/wp-json\/wp\/v2\/users\/2"}],"replies":[{"embeddable":true,"href":"https:\/\/www.bellunopress.it\/fr\/wp-json\/wp\/v2\/comments?post=33868"}],"version-history":[{"count":1,"href":"https:\/\/www.bellunopress.it\/fr\/wp-json\/wp\/v2\/posts\/33868\/revisions"}],"predecessor-version":[{"id":33869,"href":"https:\/\/www.bellunopress.it\/fr\/wp-json\/wp\/v2\/posts\/33868\/revisions\/33869"}],"wp:attachment":[{"href":"https:\/\/www.bellunopress.it\/fr\/wp-json\/wp\/v2\/media?parent=33868"}],"wp:term":[{"taxonomy":"category","embeddable":true,"href":"https:\/\/www.bellunopress.it\/fr\/wp-json\/wp\/v2\/categories?post=33868"},{"taxonomy":"post_tag","embeddable":true,"href":"https:\/\/www.bellunopress.it\/fr\/wp-json\/wp\/v2\/tags?post=33868"}],"curies":[{"name":"wp","href":"https:\/\/api.w.org\/{rel}","templated":true}]}}