{"id":33865,"date":"2012-01-03T17:29:49","date_gmt":"2012-01-03T16:29:49","guid":{"rendered":"http:\/\/www.bellunopress.it\/?p=33865"},"modified":"2012-01-03T17:29:49","modified_gmt":"2012-01-03T16:29:49","slug":"fondazione-teatri-e-le-responsabilita-politiche-dellassessore-passuello-andrea-segat-si-scenda-dallaltarino-della-presunzione-di-avere-ragione-nonostante-i-fatti","status":"publish","type":"post","link":"https:\/\/www.bellunopress.it\/fr\/2012\/01\/03\/fondazione-teatri-e-le-responsabilita-politiche-dellassessore-passuello-andrea-segat-si-scenda-dallaltarino-della-presunzione-di-avere-ragione-nonostante-i-fatti\/","title":{"rendered":"Fondazione Teatri e le responsabilit\u00e0 politiche dell&#8217;assessore Passuello.  Andrea Segat: &#8220;si scenda dall\u2019altarino della presunzione di avere ragione nonostante i fatti&#8221;"},"content":{"rendered":"<p>&#8220;Alla luce dei fatti\u00a0 riguardanti l\u2019uscita della Fondazione Cariverona dalla Fondazione Teatri, e delle recentisime dichiarazioni dell\u2019Assessore Passuello, trovo sia arrivato il momento di intervenire politicamente nei riguadi di una situazione che ha del disdicevole&#8221;. Lo afferma Andrea Segat, leader della Federazione della Sinistra di Belluno. &#8220;L\u2019assessore Passuello ha delle responsabilit\u00e0 politiche oggettive a tal proposito &#8211; prosegue Segat &#8211;\u00a0 nelle sue parole nelle quali evidenzia che la spesa della gestione della Fondazione Teatri era troppo elevata, ha fatto in modo che il socio con pi\u00f9 facolt\u00e0 economica se ne uscisse. Conseguentemente, se non c\u2019\u00e8 chi finanzier\u00e0 cospicuamente l\u2019attivit\u00e0 della fondazione teatri,si rischia la chiusura del teatro comunale da sempre luogo e salotto della cultura bellunese. L\u2019assessore Passuello dice di dover fare i conti con un socio in meno, la fondazione Cariverona, la provincia commissariata e con la posizione incerta del comune di Feltre, e meno male che il comune di Belluno ha le idee chiarissime, talmente chiare da ridurre all\u2019osso l\u2019attivit\u00e0 culturale della citt\u00e0 capoluogo, un cambio di rotta tanto aspirato che \u00e8 degno dei pi\u00f9 grandi piloti kamikatze dell\u2019allora impero giapponese. Il tanto, da lei bistrattato, TIB ha garantito nel corso degli anni un\u2019intensa attivit\u00e0 culturale, percependo ed assecondando il gusto e l\u2019interesse dei cittadini e non solo, offrendo al territorio un pruralismo teatrale degno e sicuramente apprezzato, ed a mio avviso non ci si capacita del motivo per il quale va peggiorato un sistema che funzionava in modo adeguato, magari volendo importare cartelloni ed attivit\u00e0 di altre realt\u00e0 territoriali, con costi sicuramente maggiori. Ora chi pagher\u00e0 i 100 mila euro che il TIB avanza dalla Fondazione Teatri, se le casse del comune piangono e i suddetti parthners si ritrovano nelle sopraccitate situazioni? Ai posteri l\u2019ardua sentenza. Chi finanzier\u00e0 il restauro del teatro Comunale? \u00c8 evidente che non sia un problema di riempire il teatro di contenuti, ma se si vuol fare cultura ed attivit\u00e0 correlate ad essa non si pu\u00f2 pensare in questi termini ma va pensato il tutto in una base territoriale e gestita da chi ha la possibilit\u00e0 di conoscere davvero il territorio e la propria gente. Qui si sta perdendo tempo nel porre ipotesi e nel frattempo la realt\u00e0 scivola di mano in modo inesorabile, a danno della stessa citt\u00e0, dei cittadini, della cultura e dei posti di lavoro. Concretamente &#8211; conclude Andrea Segat &#8211; , proporre nuovamente\u00a0 un\u2019offerta culturale di buon livello, con chi, come il TIB ha la conoscenza del territorio, \u00e8 l\u2019idea pi\u00f9 percorribile a patto che politicamente si scenda dall\u2019altarino della presunzione di avere ragione nonostante i fatti&#8221;.<\/p>\n<p>&nbsp;<\/p>","protected":false},"excerpt":{"rendered":"<p>&#8220;Alla luce dei fatti\u00a0 riguardanti l\u2019uscita della Fondazione Cariverona dalla Fondazione Teatri, e delle recentisime dichiarazioni dell\u2019Assessore Passuello, trovo sia arrivato il momento di intervenire politicamente nei riguadi di una situazione che ha del disdicevole&#8221;. Lo afferma Andrea Segat, leader della Federazione della Sinistra di Belluno. &#8220;L\u2019assessore Passuello ha delle responsabilit\u00e0 politiche oggettive a tal [&hellip;]<\/p>\n","protected":false},"author":2,"featured_media":0,"comment_status":"closed","ping_status":"open","sticky":false,"template":"","format":"standard","meta":{"footnotes":""},"categories":[5,26],"tags":[],"class_list":["post-33865","post","type-post","status-publish","format-standard","category-cronaca","category-prima-pagina"],"yoast_head":"<!-- This site is optimized with the Yoast SEO plugin v28.4 - https:\/\/yoast.com\/product\/yoast-seo-wordpress\/ -->\n<title>Fondazione Teatri e le responsabilit\u00e0 politiche dell&#039;assessore Passuello. Andrea Segat: &quot;si scenda dall\u2019altarino della presunzione di avere ragione nonostante i fatti&quot; - Bellunopress - Dolomiti<\/title>\n<meta name=\"robots\" content=\"index, follow, max-snippet:-1, max-image-preview:large, max-video-preview:-1\" \/>\n<link rel=\"canonical\" href=\"https:\/\/www.bellunopress.it\/fr\/2012\/01\/03\/fondazione-teatri-e-le-responsabilita-politiche-dellassessore-passuello-andrea-segat-si-scenda-dallaltarino-della-presunzione-di-avere-ragione-nonostante-i-fatti\/\" \/>\n<meta property=\"og:locale\" content=\"fr_FR\" \/>\n<meta property=\"og:type\" content=\"article\" \/>\n<meta property=\"og:title\" content=\"Fondazione Teatri e le responsabilit\u00e0 politiche dell&#039;assessore Passuello. Andrea Segat: &quot;si scenda dall\u2019altarino della presunzione di avere ragione nonostante i fatti&quot; - Bellunopress - Dolomiti\" \/>\n<meta property=\"og:description\" content=\"&#8220;Alla luce dei fatti\u00a0 riguardanti l\u2019uscita della Fondazione Cariverona dalla Fondazione Teatri, e delle recentisime dichiarazioni dell\u2019Assessore Passuello, trovo sia arrivato il momento di intervenire politicamente nei riguadi di una situazione che ha del disdicevole&#8221;. Lo afferma Andrea Segat, leader della Federazione della Sinistra di Belluno. &#8220;L\u2019assessore Passuello ha delle responsabilit\u00e0 politiche oggettive a tal [&hellip;]\" \/>\n<meta property=\"og:url\" content=\"https:\/\/www.bellunopress.it\/fr\/2012\/01\/03\/fondazione-teatri-e-le-responsabilita-politiche-dellassessore-passuello-andrea-segat-si-scenda-dallaltarino-della-presunzione-di-avere-ragione-nonostante-i-fatti\/\" \/>\n<meta property=\"og:site_name\" content=\"Bellunopress - Dolomiti\" \/>\n<meta property=\"article:publisher\" content=\"https:\/\/www.facebook.com\/profile.php?id=100008943462799\" \/>\n<meta property=\"article:published_time\" content=\"2012-01-03T16:29:49+00:00\" \/>\n<meta property=\"og:image\" content=\"http:\/\/www.bellunopress.it\/wp-content\/uploads\/2012\/07\/logo-bellunopress-250x250-2012.jpg\" \/>\n<meta name=\"author\" content=\"redazione\" \/>\n<meta name=\"twitter:card\" content=\"summary_large_image\" \/>\n<meta name=\"twitter:creator\" content=\"@bellunopress\" \/>\n<meta name=\"twitter:site\" content=\"@bellunopress\" \/>\n<meta name=\"twitter:label1\" content=\"Written by\" \/>\n\t<meta name=\"twitter:data1\" content=\"redazione\" \/>\n\t<meta name=\"twitter:label2\" content=\"Est. reading time\" \/>\n\t<meta name=\"twitter:data2\" content=\"2 minutes\" \/>\n<script type=\"application\/ld+json\" class=\"yoast-schema-graph\">{\"@context\":\"https:\\\/\\\/schema.org\",\"@graph\":[{\"@type\":\"Article\",\"@id\":\"https:\\\/\\\/www.bellunopress.it\\\/2012\\\/01\\\/03\\\/fondazione-teatri-e-le-responsabilita-politiche-dellassessore-passuello-andrea-segat-si-scenda-dallaltarino-della-presunzione-di-avere-ragione-nonostante-i-fatti\\\/#article\",\"isPartOf\":{\"@id\":\"https:\\\/\\\/www.bellunopress.it\\\/2012\\\/01\\\/03\\\/fondazione-teatri-e-le-responsabilita-politiche-dellassessore-passuello-andrea-segat-si-scenda-dallaltarino-della-presunzione-di-avere-ragione-nonostante-i-fatti\\\/\"},\"author\":{\"name\":\"redazione\",\"@id\":\"https:\\\/\\\/www.bellunopress.it\\\/#\\\/schema\\\/person\\\/79bb06722b37ece1c03d3e94beb30d73\"},\"headline\":\"Fondazione Teatri e le responsabilit\u00e0 politiche dell&#8217;assessore Passuello. Andrea Segat: &#8220;si scenda dall\u2019altarino della presunzione di avere ragione nonostante i fatti&#8221;\",\"datePublished\":\"2012-01-03T16:29:49+00:00\",\"mainEntityOfPage\":{\"@id\":\"https:\\\/\\\/www.bellunopress.it\\\/2012\\\/01\\\/03\\\/fondazione-teatri-e-le-responsabilita-politiche-dellassessore-passuello-andrea-segat-si-scenda-dallaltarino-della-presunzione-di-avere-ragione-nonostante-i-fatti\\\/\"},\"wordCount\":462,\"publisher\":{\"@id\":\"https:\\\/\\\/www.bellunopress.it\\\/#organization\"},\"articleSection\":[\"Cronaca\\\/Politica\",\"Prima Pagina\"],\"inLanguage\":\"fr-FR\"},{\"@type\":\"WebPage\",\"@id\":\"https:\\\/\\\/www.bellunopress.it\\\/2012\\\/01\\\/03\\\/fondazione-teatri-e-le-responsabilita-politiche-dellassessore-passuello-andrea-segat-si-scenda-dallaltarino-della-presunzione-di-avere-ragione-nonostante-i-fatti\\\/\",\"url\":\"https:\\\/\\\/www.bellunopress.it\\\/2012\\\/01\\\/03\\\/fondazione-teatri-e-le-responsabilita-politiche-dellassessore-passuello-andrea-segat-si-scenda-dallaltarino-della-presunzione-di-avere-ragione-nonostante-i-fatti\\\/\",\"name\":\"Fondazione Teatri e le responsabilit\u00e0 politiche dell'assessore Passuello. Andrea Segat: \\\"si scenda dall\u2019altarino della presunzione di avere ragione nonostante i fatti\\\" - Bellunopress - Dolomiti\",\"isPartOf\":{\"@id\":\"https:\\\/\\\/www.bellunopress.it\\\/#website\"},\"datePublished\":\"2012-01-03T16:29:49+00:00\",\"breadcrumb\":{\"@id\":\"https:\\\/\\\/www.bellunopress.it\\\/2012\\\/01\\\/03\\\/fondazione-teatri-e-le-responsabilita-politiche-dellassessore-passuello-andrea-segat-si-scenda-dallaltarino-della-presunzione-di-avere-ragione-nonostante-i-fatti\\\/#breadcrumb\"},\"inLanguage\":\"fr-FR\",\"potentialAction\":[{\"@type\":\"ReadAction\",\"target\":[\"https:\\\/\\\/www.bellunopress.it\\\/2012\\\/01\\\/03\\\/fondazione-teatri-e-le-responsabilita-politiche-dellassessore-passuello-andrea-segat-si-scenda-dallaltarino-della-presunzione-di-avere-ragione-nonostante-i-fatti\\\/\"]}]},{\"@type\":\"BreadcrumbList\",\"@id\":\"https:\\\/\\\/www.bellunopress.it\\\/2012\\\/01\\\/03\\\/fondazione-teatri-e-le-responsabilita-politiche-dellassessore-passuello-andrea-segat-si-scenda-dallaltarino-della-presunzione-di-avere-ragione-nonostante-i-fatti\\\/#breadcrumb\",\"itemListElement\":[{\"@type\":\"ListItem\",\"position\":1,\"name\":\"Home\",\"item\":\"https:\\\/\\\/www.bellunopress.it\\\/\"},{\"@type\":\"ListItem\",\"position\":2,\"name\":\"Fondazione Teatri e le responsabilit\u00e0 politiche dell&#8217;assessore Passuello. Andrea Segat: &#8220;si scenda dall\u2019altarino della presunzione di avere ragione nonostante i fatti&#8221;\"}]},{\"@type\":\"WebSite\",\"@id\":\"https:\\\/\\\/www.bellunopress.it\\\/#website\",\"url\":\"https:\\\/\\\/www.bellunopress.it\\\/\",\"name\":\"Bellunopress - Dolomiti\",\"description\":\"e-mail: redazione@bellunopress.it\",\"publisher\":{\"@id\":\"https:\\\/\\\/www.bellunopress.it\\\/#organization\"},\"potentialAction\":[{\"@type\":\"SearchAction\",\"target\":{\"@type\":\"EntryPoint\",\"urlTemplate\":\"https:\\\/\\\/www.bellunopress.it\\\/?s={search_term_string}\"},\"query-input\":{\"@type\":\"PropertyValueSpecification\",\"valueRequired\":true,\"valueName\":\"search_term_string\"}}],\"inLanguage\":\"fr-FR\"},{\"@type\":\"Organization\",\"@id\":\"https:\\\/\\\/www.bellunopress.it\\\/#organization\",\"name\":\"Bellunopress\",\"url\":\"https:\\\/\\\/www.bellunopress.it\\\/\",\"logo\":{\"@type\":\"ImageObject\",\"inLanguage\":\"fr-FR\",\"@id\":\"https:\\\/\\\/www.bellunopress.it\\\/#\\\/schema\\\/logo\\\/image\\\/\",\"url\":\"https:\\\/\\\/www.bellunopress.it\\\/wp-content\\\/uploads\\\/2011\\\/05\\\/cropped-logo-bellunopress-.jpg\",\"contentUrl\":\"https:\\\/\\\/www.bellunopress.it\\\/wp-content\\\/uploads\\\/2011\\\/05\\\/cropped-logo-bellunopress-.jpg\",\"width\":512,\"height\":512,\"caption\":\"Bellunopress\"},\"image\":{\"@id\":\"https:\\\/\\\/www.bellunopress.it\\\/#\\\/schema\\\/logo\\\/image\\\/\"},\"sameAs\":[\"https:\\\/\\\/www.facebook.com\\\/profile.php?id=100008943462799\",\"https:\\\/\\\/x.com\\\/bellunopress\",\"https:\\\/\\\/www.linkedin.com\\\/hp\\\/?dnr=JBzUWaJfMUw8vbXJJ2tVW5-I3jZKvC4wsoxE&amp;amp;amp;amp;amp;amp;trk=nav_responsive_tab_home\",\"https:\\\/\\\/www.youtube.com\\\/channel\\\/UCxL0wu1uN0_3_7hGG0306cw\"]},{\"@type\":\"Person\",\"@id\":\"https:\\\/\\\/www.bellunopress.it\\\/#\\\/schema\\\/person\\\/79bb06722b37ece1c03d3e94beb30d73\",\"name\":\"redazione\",\"image\":{\"@type\":\"ImageObject\",\"inLanguage\":\"fr-FR\",\"@id\":\"https:\\\/\\\/secure.gravatar.com\\\/avatar\\\/37d968a2e67a6fd04c169c4bdef102d0bc5d31b2546345219e348575eb80e9a0?s=96&d=mm&r=g\",\"url\":\"https:\\\/\\\/secure.gravatar.com\\\/avatar\\\/37d968a2e67a6fd04c169c4bdef102d0bc5d31b2546345219e348575eb80e9a0?s=96&d=mm&r=g\",\"contentUrl\":\"https:\\\/\\\/secure.gravatar.com\\\/avatar\\\/37d968a2e67a6fd04c169c4bdef102d0bc5d31b2546345219e348575eb80e9a0?s=96&d=mm&r=g\",\"caption\":\"redazione\"},\"sameAs\":[\"http:\\\/\\\/www.bellunopress.it\",\"https:\\\/\\\/x.com\\\/bellunopress\"],\"url\":\"https:\\\/\\\/www.bellunopress.it\\\/fr\\\/author\\\/redazione\\\/\"}]}<\/script>\n<!-- \/ Yoast SEO plugin. -->","yoast_head_json":{"title":"Fondazione Teatri e le responsabilit\u00e0 politiche dell'assessore Passuello. Andrea Segat: \"si scenda dall\u2019altarino della presunzione di avere ragione nonostante i fatti\" - Bellunopress - Dolomiti","robots":{"index":"index","follow":"follow","max-snippet":"max-snippet:-1","max-image-preview":"max-image-preview:large","max-video-preview":"max-video-preview:-1"},"canonical":"https:\/\/www.bellunopress.it\/fr\/2012\/01\/03\/fondazione-teatri-e-le-responsabilita-politiche-dellassessore-passuello-andrea-segat-si-scenda-dallaltarino-della-presunzione-di-avere-ragione-nonostante-i-fatti\/","og_locale":"fr_FR","og_type":"article","og_title":"Fondazione Teatri e le responsabilit\u00e0 politiche dell'assessore Passuello. Andrea Segat: \"si scenda dall\u2019altarino della presunzione di avere ragione nonostante i fatti\" - Bellunopress - Dolomiti","og_description":"&#8220;Alla luce dei fatti\u00a0 riguardanti l\u2019uscita della Fondazione Cariverona dalla Fondazione Teatri, e delle recentisime dichiarazioni dell\u2019Assessore Passuello, trovo sia arrivato il momento di intervenire politicamente nei riguadi di una situazione che ha del disdicevole&#8221;. Lo afferma Andrea Segat, leader della Federazione della Sinistra di Belluno. &#8220;L\u2019assessore Passuello ha delle responsabilit\u00e0 politiche oggettive a tal [&hellip;]","og_url":"https:\/\/www.bellunopress.it\/fr\/2012\/01\/03\/fondazione-teatri-e-le-responsabilita-politiche-dellassessore-passuello-andrea-segat-si-scenda-dallaltarino-della-presunzione-di-avere-ragione-nonostante-i-fatti\/","og_site_name":"Bellunopress - Dolomiti","article_publisher":"https:\/\/www.facebook.com\/profile.php?id=100008943462799","article_published_time":"2012-01-03T16:29:49+00:00","og_image":[{"url":"http:\/\/www.bellunopress.it\/wp-content\/uploads\/2012\/07\/logo-bellunopress-250x250-2012.jpg","type":"","width":"","height":""}],"author":"redazione","twitter_card":"summary_large_image","twitter_creator":"@bellunopress","twitter_site":"@bellunopress","twitter_misc":{"Written by":"redazione","Est. reading time":"2 minutes"},"schema":{"@context":"https:\/\/schema.org","@graph":[{"@type":"Article","@id":"https:\/\/www.bellunopress.it\/2012\/01\/03\/fondazione-teatri-e-le-responsabilita-politiche-dellassessore-passuello-andrea-segat-si-scenda-dallaltarino-della-presunzione-di-avere-ragione-nonostante-i-fatti\/#article","isPartOf":{"@id":"https:\/\/www.bellunopress.it\/2012\/01\/03\/fondazione-teatri-e-le-responsabilita-politiche-dellassessore-passuello-andrea-segat-si-scenda-dallaltarino-della-presunzione-di-avere-ragione-nonostante-i-fatti\/"},"author":{"name":"redazione","@id":"https:\/\/www.bellunopress.it\/#\/schema\/person\/79bb06722b37ece1c03d3e94beb30d73"},"headline":"Fondazione Teatri e le responsabilit\u00e0 politiche dell&#8217;assessore Passuello. Andrea Segat: &#8220;si scenda dall\u2019altarino della presunzione di avere ragione nonostante i fatti&#8221;","datePublished":"2012-01-03T16:29:49+00:00","mainEntityOfPage":{"@id":"https:\/\/www.bellunopress.it\/2012\/01\/03\/fondazione-teatri-e-le-responsabilita-politiche-dellassessore-passuello-andrea-segat-si-scenda-dallaltarino-della-presunzione-di-avere-ragione-nonostante-i-fatti\/"},"wordCount":462,"publisher":{"@id":"https:\/\/www.bellunopress.it\/#organization"},"articleSection":["Cronaca\/Politica","Prima Pagina"],"inLanguage":"fr-FR"},{"@type":"WebPage","@id":"https:\/\/www.bellunopress.it\/2012\/01\/03\/fondazione-teatri-e-le-responsabilita-politiche-dellassessore-passuello-andrea-segat-si-scenda-dallaltarino-della-presunzione-di-avere-ragione-nonostante-i-fatti\/","url":"https:\/\/www.bellunopress.it\/2012\/01\/03\/fondazione-teatri-e-le-responsabilita-politiche-dellassessore-passuello-andrea-segat-si-scenda-dallaltarino-della-presunzione-di-avere-ragione-nonostante-i-fatti\/","name":"Fondazione Teatri e le responsabilit\u00e0 politiche dell'assessore Passuello. Andrea Segat: \"si scenda dall\u2019altarino della presunzione di avere ragione nonostante i fatti\" - Bellunopress - Dolomiti","isPartOf":{"@id":"https:\/\/www.bellunopress.it\/#website"},"datePublished":"2012-01-03T16:29:49+00:00","breadcrumb":{"@id":"https:\/\/www.bellunopress.it\/2012\/01\/03\/fondazione-teatri-e-le-responsabilita-politiche-dellassessore-passuello-andrea-segat-si-scenda-dallaltarino-della-presunzione-di-avere-ragione-nonostante-i-fatti\/#breadcrumb"},"inLanguage":"fr-FR","potentialAction":[{"@type":"ReadAction","target":["https:\/\/www.bellunopress.it\/2012\/01\/03\/fondazione-teatri-e-le-responsabilita-politiche-dellassessore-passuello-andrea-segat-si-scenda-dallaltarino-della-presunzione-di-avere-ragione-nonostante-i-fatti\/"]}]},{"@type":"BreadcrumbList","@id":"https:\/\/www.bellunopress.it\/2012\/01\/03\/fondazione-teatri-e-le-responsabilita-politiche-dellassessore-passuello-andrea-segat-si-scenda-dallaltarino-della-presunzione-di-avere-ragione-nonostante-i-fatti\/#breadcrumb","itemListElement":[{"@type":"ListItem","position":1,"name":"Home","item":"https:\/\/www.bellunopress.it\/"},{"@type":"ListItem","position":2,"name":"Fondazione Teatri e le responsabilit\u00e0 politiche dell&#8217;assessore Passuello. Andrea Segat: &#8220;si scenda dall\u2019altarino della presunzione di avere ragione nonostante i fatti&#8221;"}]},{"@type":"WebSite","@id":"https:\/\/www.bellunopress.it\/#website","url":"https:\/\/www.bellunopress.it\/","name":"Bellunopress - Dolomiti","description":"e-mail: redazione@bellunopress.it","publisher":{"@id":"https:\/\/www.bellunopress.it\/#organization"},"potentialAction":[{"@type":"SearchAction","target":{"@type":"EntryPoint","urlTemplate":"https:\/\/www.bellunopress.it\/?s={search_term_string}"},"query-input":{"@type":"PropertyValueSpecification","valueRequired":true,"valueName":"search_term_string"}}],"inLanguage":"fr-FR"},{"@type":"Organization","@id":"https:\/\/www.bellunopress.it\/#organization","name":"Bellunopress","url":"https:\/\/www.bellunopress.it\/","logo":{"@type":"ImageObject","inLanguage":"fr-FR","@id":"https:\/\/www.bellunopress.it\/#\/schema\/logo\/image\/","url":"https:\/\/www.bellunopress.it\/wp-content\/uploads\/2011\/05\/cropped-logo-bellunopress-.jpg","contentUrl":"https:\/\/www.bellunopress.it\/wp-content\/uploads\/2011\/05\/cropped-logo-bellunopress-.jpg","width":512,"height":512,"caption":"Bellunopress"},"image":{"@id":"https:\/\/www.bellunopress.it\/#\/schema\/logo\/image\/"},"sameAs":["https:\/\/www.facebook.com\/profile.php?id=100008943462799","https:\/\/x.com\/bellunopress","https:\/\/www.linkedin.com\/hp\/?dnr=JBzUWaJfMUw8vbXJJ2tVW5-I3jZKvC4wsoxE&amp;amp;amp;amp;amp;amp;trk=nav_responsive_tab_home","https:\/\/www.youtube.com\/channel\/UCxL0wu1uN0_3_7hGG0306cw"]},{"@type":"Person","@id":"https:\/\/www.bellunopress.it\/#\/schema\/person\/79bb06722b37ece1c03d3e94beb30d73","name":"r\u00e9daction","image":{"@type":"ImageObject","inLanguage":"fr-FR","@id":"https:\/\/secure.gravatar.com\/avatar\/37d968a2e67a6fd04c169c4bdef102d0bc5d31b2546345219e348575eb80e9a0?s=96&d=mm&r=g","url":"https:\/\/secure.gravatar.com\/avatar\/37d968a2e67a6fd04c169c4bdef102d0bc5d31b2546345219e348575eb80e9a0?s=96&d=mm&r=g","contentUrl":"https:\/\/secure.gravatar.com\/avatar\/37d968a2e67a6fd04c169c4bdef102d0bc5d31b2546345219e348575eb80e9a0?s=96&d=mm&r=g","caption":"redazione"},"sameAs":["http:\/\/www.bellunopress.it","https:\/\/x.com\/bellunopress"],"url":"https:\/\/www.bellunopress.it\/fr\/author\/redazione\/"}]}},"_links":{"self":[{"href":"https:\/\/www.bellunopress.it\/fr\/wp-json\/wp\/v2\/posts\/33865","targetHints":{"allow":["GET"]}}],"collection":[{"href":"https:\/\/www.bellunopress.it\/fr\/wp-json\/wp\/v2\/posts"}],"about":[{"href":"https:\/\/www.bellunopress.it\/fr\/wp-json\/wp\/v2\/types\/post"}],"author":[{"embeddable":true,"href":"https:\/\/www.bellunopress.it\/fr\/wp-json\/wp\/v2\/users\/2"}],"replies":[{"embeddable":true,"href":"https:\/\/www.bellunopress.it\/fr\/wp-json\/wp\/v2\/comments?post=33865"}],"version-history":[{"count":1,"href":"https:\/\/www.bellunopress.it\/fr\/wp-json\/wp\/v2\/posts\/33865\/revisions"}],"predecessor-version":[{"id":33867,"href":"https:\/\/www.bellunopress.it\/fr\/wp-json\/wp\/v2\/posts\/33865\/revisions\/33867"}],"wp:attachment":[{"href":"https:\/\/www.bellunopress.it\/fr\/wp-json\/wp\/v2\/media?parent=33865"}],"wp:term":[{"taxonomy":"category","embeddable":true,"href":"https:\/\/www.bellunopress.it\/fr\/wp-json\/wp\/v2\/categories?post=33865"},{"taxonomy":"post_tag","embeddable":true,"href":"https:\/\/www.bellunopress.it\/fr\/wp-json\/wp\/v2\/tags?post=33865"}],"curies":[{"name":"wp","href":"https:\/\/api.w.org\/{rel}","templated":true}]}}