{"id":33862,"date":"2012-01-03T17:17:03","date_gmt":"2012-01-03T16:17:03","guid":{"rendered":"http:\/\/www.bellunopress.it\/?p=33862"},"modified":"2012-01-03T18:56:46","modified_gmt":"2012-01-03T17:56:46","slug":"belluno-palcoscenico-propagandistico-di-lega-e-pdl-sergio-reolon-linaugurazione-dellopera-rinviata-per-i-soliti-capricci-politici","status":"publish","type":"post","link":"https:\/\/www.bellunopress.it\/fr\/2012\/01\/03\/belluno-palcoscenico-propagandistico-di-lega-e-pdl-sergio-reolon-linaugurazione-dellopera-rinviata-per-i-soliti-capricci-politici\/","title":{"rendered":"Belluno palcoscenico propagandistico di Lega e PdL. Sergio Reolon: &#8220;l&#8217;inaugurazione dell&#8217;opera rinviata per i soliti capricci politici&#8221;"},"content":{"rendered":"<figure id=\"attachment_13009\" aria-describedby=\"caption-attachment-13009\" style=\"width: 270px\" class=\"wp-caption alignleft\"><a href=\"http:\/\/www.bellunopress.it\/wp-content\/uploads\/2010\/02\/sergio-reolon-270x270.jpg\"><img loading=\"lazy\" decoding=\"async\" class=\"size-full wp-image-13009\" title=\"sergio-reolon-270x270\" src=\"http:\/\/www.bellunopress.it\/wp-content\/uploads\/2010\/02\/sergio-reolon-270x270.jpg\" alt=\"\" width=\"270\" height=\"269\" srcset=\"https:\/\/www.bellunopress.it\/wp-content\/uploads\/2010\/02\/sergio-reolon-270x270.jpg 270w, https:\/\/www.bellunopress.it\/wp-content\/uploads\/2010\/02\/sergio-reolon-270x270-150x150.jpg 150w\" sizes=\"auto, (max-width: 270px) 100vw, 270px\" \/><\/a><figcaption id=\"caption-attachment-13009\" class=\"wp-caption-text\">Sergio Reolon<\/figcaption><\/figure>\n<p>&#8220;Esprimo la mia soddisfazione per l&#8217;apertura della circonvallazione Bardies &#8211; Lentiai che consentir\u00e0 un&#8217;ulteriore snellimento della viabilit\u00e0 provinciale. E&#8217; un&#8217;opera che abbiamo avviato durante la mia presidenza della Provincia, con risorse reperite dall&#8217;amministrazione precedente, e che ha richiesto un notevole lavoro sulla definizione del tracciato e dei relativi espropri&#8221;. Questa la dichiarazione del consigliere regionale del PD Sergio Reolon in occasione dell&#8217;apertura dell&#8217;importante opera viaria. &#8220;Ma insieme alla soddisfazione &#8211; prosegue Reolon &#8211; vi \u00e8 anche la costernazione per come \u00e8 stata gestita questa inaugurazione, annunciata per sabato scorso e poi annullata per presunti motivi &#8220;burocratici&#8221;, problematiche che non penso sia stato possibile risolvere in un paio di giorni. Dietro questo rinvio vi sono invece i soliti capricci politici, la richiesta di rinvio del presidente Zaia che sabato non sarebbe potuto essere presente. Ma non solo. Sempre sabato l&#8217;assessore Chisso e il consigliere Bond hanno firmato il protocollo in Comune di Belluno per il progetto del ponte a San Pietro in Campo.&#8221; &#8220;Due fatti di sabato &#8211; sottolinea Reolon &#8211; che devono far riflettere sulla modalit\u00e0 con cui viene esercitato il potere da Lega e PdL in Regione e sulle gravissime conseguenze che avrebbe la soppressione dell&#8217;ente provincia. Sia Zaia che Chisso ci hanno infatti trattato come un loro feudo personale. Zaia, facendo annullare la cerimonia di inaugurazione di una strada provinciale, ha commesso un atto di sopraffazione e di assenza di rispetto. Chisso dimostrando una concezione privatistica dell&#8217;ente regione ad uso propagandistico. L&#8217;ex assessore Floriano Pra non avrebbe mai fatto una cosa del genere perch\u00e9, per il suo rispetto per le istituzioni, avrebbe invitato tutti e tre i consiglieri regionali.&#8221; &#8220;Abbiamo assistito ad un assaggio della loro concezione del potere e di come la nostra provincia sarebbe destinata ad essere trattata solo come una colonia.&#8221;<\/p>","protected":false},"excerpt":{"rendered":"<p>&#8220;Esprimo la mia soddisfazione per l&#8217;apertura della circonvallazione Bardies &#8211; Lentiai che consentir\u00e0 un&#8217;ulteriore snellimento della viabilit\u00e0 provinciale. E&#8217; un&#8217;opera che abbiamo avviato durante la mia presidenza della Provincia, con risorse reperite dall&#8217;amministrazione precedente, e che ha richiesto un notevole lavoro sulla definizione del tracciato e dei relativi espropri&#8221;. Questa la dichiarazione del consigliere regionale [&hellip;]<\/p>\n","protected":false},"author":2,"featured_media":0,"comment_status":"closed","ping_status":"open","sticky":false,"template":"","format":"standard","meta":{"footnotes":""},"categories":[5,26],"tags":[],"class_list":["post-33862","post","type-post","status-publish","format-standard","category-cronaca","category-prima-pagina"],"yoast_head":"<!-- This site is optimized with the Yoast SEO plugin v28.4 - https:\/\/yoast.com\/product\/yoast-seo-wordpress\/ -->\n<title>Belluno palcoscenico propagandistico di Lega e PdL. Sergio Reolon: &quot;l&#039;inaugurazione dell&#039;opera rinviata per i soliti capricci politici&quot; - Bellunopress - Dolomiti<\/title>\n<meta name=\"robots\" content=\"index, follow, max-snippet:-1, max-image-preview:large, max-video-preview:-1\" \/>\n<link rel=\"canonical\" href=\"https:\/\/www.bellunopress.it\/fr\/2012\/01\/03\/belluno-palcoscenico-propagandistico-di-lega-e-pdl-sergio-reolon-linaugurazione-dellopera-rinviata-per-i-soliti-capricci-politici\/\" \/>\n<meta property=\"og:locale\" content=\"fr_FR\" \/>\n<meta property=\"og:type\" content=\"article\" \/>\n<meta property=\"og:title\" content=\"Belluno palcoscenico propagandistico di Lega e PdL. Sergio Reolon: &quot;l&#039;inaugurazione dell&#039;opera rinviata per i soliti capricci politici&quot; - Bellunopress - Dolomiti\" \/>\n<meta property=\"og:description\" content=\"&#8220;Esprimo la mia soddisfazione per l&#8217;apertura della circonvallazione Bardies &#8211; Lentiai che consentir\u00e0 un&#8217;ulteriore snellimento della viabilit\u00e0 provinciale. E&#8217; un&#8217;opera che abbiamo avviato durante la mia presidenza della Provincia, con risorse reperite dall&#8217;amministrazione precedente, e che ha richiesto un notevole lavoro sulla definizione del tracciato e dei relativi espropri&#8221;. Questa la dichiarazione del consigliere regionale [&hellip;]\" \/>\n<meta property=\"og:url\" content=\"https:\/\/www.bellunopress.it\/fr\/2012\/01\/03\/belluno-palcoscenico-propagandistico-di-lega-e-pdl-sergio-reolon-linaugurazione-dellopera-rinviata-per-i-soliti-capricci-politici\/\" \/>\n<meta property=\"og:site_name\" content=\"Bellunopress - Dolomiti\" \/>\n<meta property=\"article:publisher\" content=\"https:\/\/www.facebook.com\/profile.php?id=100008943462799\" \/>\n<meta property=\"article:published_time\" content=\"2012-01-03T16:17:03+00:00\" \/>\n<meta property=\"article:modified_time\" content=\"2012-01-03T17:56:46+00:00\" \/>\n<meta property=\"og:image\" content=\"http:\/\/www.bellunopress.it\/wp-content\/uploads\/2010\/02\/sergio-reolon-270x270.jpg\" \/>\n<meta name=\"author\" content=\"redazione\" \/>\n<meta name=\"twitter:card\" content=\"summary_large_image\" \/>\n<meta name=\"twitter:creator\" content=\"@bellunopress\" \/>\n<meta name=\"twitter:site\" content=\"@bellunopress\" \/>\n<meta name=\"twitter:label1\" content=\"\u00c9crit par\" \/>\n\t<meta name=\"twitter:data1\" content=\"redazione\" \/>\n\t<meta name=\"twitter:label2\" content=\"Dur\u00e9e de lecture estim\u00e9e\" \/>\n\t<meta name=\"twitter:data2\" content=\"2 minutes\" \/>\n<script type=\"application\/ld+json\" class=\"yoast-schema-graph\">{\"@context\":\"https:\\\/\\\/schema.org\",\"@graph\":[{\"@type\":\"Article\",\"@id\":\"https:\\\/\\\/www.bellunopress.it\\\/2012\\\/01\\\/03\\\/belluno-palcoscenico-propagandistico-di-lega-e-pdl-sergio-reolon-linaugurazione-dellopera-rinviata-per-i-soliti-capricci-politici\\\/#article\",\"isPartOf\":{\"@id\":\"https:\\\/\\\/www.bellunopress.it\\\/2012\\\/01\\\/03\\\/belluno-palcoscenico-propagandistico-di-lega-e-pdl-sergio-reolon-linaugurazione-dellopera-rinviata-per-i-soliti-capricci-politici\\\/\"},\"author\":{\"name\":\"redazione\",\"@id\":\"https:\\\/\\\/www.bellunopress.it\\\/#\\\/schema\\\/person\\\/79bb06722b37ece1c03d3e94beb30d73\"},\"headline\":\"Belluno palcoscenico propagandistico di Lega e PdL. Sergio Reolon: &#8220;l&#8217;inaugurazione dell&#8217;opera rinviata per i soliti capricci politici&#8221;\",\"datePublished\":\"2012-01-03T16:17:03+00:00\",\"dateModified\":\"2012-01-03T17:56:46+00:00\",\"mainEntityOfPage\":{\"@id\":\"https:\\\/\\\/www.bellunopress.it\\\/2012\\\/01\\\/03\\\/belluno-palcoscenico-propagandistico-di-lega-e-pdl-sergio-reolon-linaugurazione-dellopera-rinviata-per-i-soliti-capricci-politici\\\/\"},\"wordCount\":333,\"publisher\":{\"@id\":\"https:\\\/\\\/www.bellunopress.it\\\/#organization\"},\"image\":{\"@id\":\"https:\\\/\\\/www.bellunopress.it\\\/2012\\\/01\\\/03\\\/belluno-palcoscenico-propagandistico-di-lega-e-pdl-sergio-reolon-linaugurazione-dellopera-rinviata-per-i-soliti-capricci-politici\\\/#primaryimage\"},\"thumbnailUrl\":\"http:\\\/\\\/www.bellunopress.it\\\/wp-content\\\/uploads\\\/2010\\\/02\\\/sergio-reolon-270x270.jpg\",\"articleSection\":[\"Cronaca\\\/Politica\",\"Prima Pagina\"],\"inLanguage\":\"fr-FR\"},{\"@type\":\"WebPage\",\"@id\":\"https:\\\/\\\/www.bellunopress.it\\\/2012\\\/01\\\/03\\\/belluno-palcoscenico-propagandistico-di-lega-e-pdl-sergio-reolon-linaugurazione-dellopera-rinviata-per-i-soliti-capricci-politici\\\/\",\"url\":\"https:\\\/\\\/www.bellunopress.it\\\/2012\\\/01\\\/03\\\/belluno-palcoscenico-propagandistico-di-lega-e-pdl-sergio-reolon-linaugurazione-dellopera-rinviata-per-i-soliti-capricci-politici\\\/\",\"name\":\"Belluno palcoscenico propagandistico di Lega e PdL. Sergio Reolon: \\\"l'inaugurazione dell'opera rinviata per i soliti capricci politici\\\" - Bellunopress - Dolomiti\",\"isPartOf\":{\"@id\":\"https:\\\/\\\/www.bellunopress.it\\\/#website\"},\"primaryImageOfPage\":{\"@id\":\"https:\\\/\\\/www.bellunopress.it\\\/2012\\\/01\\\/03\\\/belluno-palcoscenico-propagandistico-di-lega-e-pdl-sergio-reolon-linaugurazione-dellopera-rinviata-per-i-soliti-capricci-politici\\\/#primaryimage\"},\"image\":{\"@id\":\"https:\\\/\\\/www.bellunopress.it\\\/2012\\\/01\\\/03\\\/belluno-palcoscenico-propagandistico-di-lega-e-pdl-sergio-reolon-linaugurazione-dellopera-rinviata-per-i-soliti-capricci-politici\\\/#primaryimage\"},\"thumbnailUrl\":\"http:\\\/\\\/www.bellunopress.it\\\/wp-content\\\/uploads\\\/2010\\\/02\\\/sergio-reolon-270x270.jpg\",\"datePublished\":\"2012-01-03T16:17:03+00:00\",\"dateModified\":\"2012-01-03T17:56:46+00:00\",\"breadcrumb\":{\"@id\":\"https:\\\/\\\/www.bellunopress.it\\\/2012\\\/01\\\/03\\\/belluno-palcoscenico-propagandistico-di-lega-e-pdl-sergio-reolon-linaugurazione-dellopera-rinviata-per-i-soliti-capricci-politici\\\/#breadcrumb\"},\"inLanguage\":\"fr-FR\",\"potentialAction\":[{\"@type\":\"ReadAction\",\"target\":[\"https:\\\/\\\/www.bellunopress.it\\\/2012\\\/01\\\/03\\\/belluno-palcoscenico-propagandistico-di-lega-e-pdl-sergio-reolon-linaugurazione-dellopera-rinviata-per-i-soliti-capricci-politici\\\/\"]}]},{\"@type\":\"ImageObject\",\"inLanguage\":\"fr-FR\",\"@id\":\"https:\\\/\\\/www.bellunopress.it\\\/2012\\\/01\\\/03\\\/belluno-palcoscenico-propagandistico-di-lega-e-pdl-sergio-reolon-linaugurazione-dellopera-rinviata-per-i-soliti-capricci-politici\\\/#primaryimage\",\"url\":\"http:\\\/\\\/www.bellunopress.it\\\/wp-content\\\/uploads\\\/2010\\\/02\\\/sergio-reolon-270x270.jpg\",\"contentUrl\":\"http:\\\/\\\/www.bellunopress.it\\\/wp-content\\\/uploads\\\/2010\\\/02\\\/sergio-reolon-270x270.jpg\"},{\"@type\":\"BreadcrumbList\",\"@id\":\"https:\\\/\\\/www.bellunopress.it\\\/2012\\\/01\\\/03\\\/belluno-palcoscenico-propagandistico-di-lega-e-pdl-sergio-reolon-linaugurazione-dellopera-rinviata-per-i-soliti-capricci-politici\\\/#breadcrumb\",\"itemListElement\":[{\"@type\":\"ListItem\",\"position\":1,\"name\":\"Home\",\"item\":\"https:\\\/\\\/www.bellunopress.it\\\/\"},{\"@type\":\"ListItem\",\"position\":2,\"name\":\"Belluno palcoscenico propagandistico di Lega e PdL. Sergio Reolon: &#8220;l&#8217;inaugurazione dell&#8217;opera rinviata per i soliti capricci politici&#8221;\"}]},{\"@type\":\"WebSite\",\"@id\":\"https:\\\/\\\/www.bellunopress.it\\\/#website\",\"url\":\"https:\\\/\\\/www.bellunopress.it\\\/\",\"name\":\"Bellunopress - Dolomiti\",\"description\":\"e-mail: redazione@bellunopress.it\",\"publisher\":{\"@id\":\"https:\\\/\\\/www.bellunopress.it\\\/#organization\"},\"potentialAction\":[{\"@type\":\"SearchAction\",\"target\":{\"@type\":\"EntryPoint\",\"urlTemplate\":\"https:\\\/\\\/www.bellunopress.it\\\/?s={search_term_string}\"},\"query-input\":{\"@type\":\"PropertyValueSpecification\",\"valueRequired\":true,\"valueName\":\"search_term_string\"}}],\"inLanguage\":\"fr-FR\"},{\"@type\":\"Organization\",\"@id\":\"https:\\\/\\\/www.bellunopress.it\\\/#organization\",\"name\":\"Bellunopress\",\"url\":\"https:\\\/\\\/www.bellunopress.it\\\/\",\"logo\":{\"@type\":\"ImageObject\",\"inLanguage\":\"fr-FR\",\"@id\":\"https:\\\/\\\/www.bellunopress.it\\\/#\\\/schema\\\/logo\\\/image\\\/\",\"url\":\"https:\\\/\\\/www.bellunopress.it\\\/wp-content\\\/uploads\\\/2011\\\/05\\\/cropped-logo-bellunopress-.jpg\",\"contentUrl\":\"https:\\\/\\\/www.bellunopress.it\\\/wp-content\\\/uploads\\\/2011\\\/05\\\/cropped-logo-bellunopress-.jpg\",\"width\":512,\"height\":512,\"caption\":\"Bellunopress\"},\"image\":{\"@id\":\"https:\\\/\\\/www.bellunopress.it\\\/#\\\/schema\\\/logo\\\/image\\\/\"},\"sameAs\":[\"https:\\\/\\\/www.facebook.com\\\/profile.php?id=100008943462799\",\"https:\\\/\\\/x.com\\\/bellunopress\",\"https:\\\/\\\/www.linkedin.com\\\/hp\\\/?dnr=JBzUWaJfMUw8vbXJJ2tVW5-I3jZKvC4wsoxE&amp;amp;amp;amp;amp;amp;trk=nav_responsive_tab_home\",\"https:\\\/\\\/www.youtube.com\\\/channel\\\/UCxL0wu1uN0_3_7hGG0306cw\"]},{\"@type\":\"Person\",\"@id\":\"https:\\\/\\\/www.bellunopress.it\\\/#\\\/schema\\\/person\\\/79bb06722b37ece1c03d3e94beb30d73\",\"name\":\"redazione\",\"image\":{\"@type\":\"ImageObject\",\"inLanguage\":\"fr-FR\",\"@id\":\"https:\\\/\\\/secure.gravatar.com\\\/avatar\\\/37d968a2e67a6fd04c169c4bdef102d0bc5d31b2546345219e348575eb80e9a0?s=96&d=mm&r=g\",\"url\":\"https:\\\/\\\/secure.gravatar.com\\\/avatar\\\/37d968a2e67a6fd04c169c4bdef102d0bc5d31b2546345219e348575eb80e9a0?s=96&d=mm&r=g\",\"contentUrl\":\"https:\\\/\\\/secure.gravatar.com\\\/avatar\\\/37d968a2e67a6fd04c169c4bdef102d0bc5d31b2546345219e348575eb80e9a0?s=96&d=mm&r=g\",\"caption\":\"redazione\"},\"sameAs\":[\"http:\\\/\\\/www.bellunopress.it\",\"https:\\\/\\\/x.com\\\/bellunopress\"],\"url\":\"https:\\\/\\\/www.bellunopress.it\\\/fr\\\/author\\\/redazione\\\/\"}]}<\/script>\n<!-- \/ Yoast SEO plugin. -->","yoast_head_json":{"title":"Belluno palcoscenico propagandistico di Lega e PdL. Sergio Reolon: \"l'inaugurazione dell'opera rinviata per i soliti capricci politici\" - Bellunopress - Dolomiti","robots":{"index":"index","follow":"follow","max-snippet":"max-snippet:-1","max-image-preview":"max-image-preview:large","max-video-preview":"max-video-preview:-1"},"canonical":"https:\/\/www.bellunopress.it\/fr\/2012\/01\/03\/belluno-palcoscenico-propagandistico-di-lega-e-pdl-sergio-reolon-linaugurazione-dellopera-rinviata-per-i-soliti-capricci-politici\/","og_locale":"fr_FR","og_type":"article","og_title":"Belluno palcoscenico propagandistico di Lega e PdL. Sergio Reolon: \"l'inaugurazione dell'opera rinviata per i soliti capricci politici\" - Bellunopress - Dolomiti","og_description":"&#8220;Esprimo la mia soddisfazione per l&#8217;apertura della circonvallazione Bardies &#8211; Lentiai che consentir\u00e0 un&#8217;ulteriore snellimento della viabilit\u00e0 provinciale. E&#8217; un&#8217;opera che abbiamo avviato durante la mia presidenza della Provincia, con risorse reperite dall&#8217;amministrazione precedente, e che ha richiesto un notevole lavoro sulla definizione del tracciato e dei relativi espropri&#8221;. Questa la dichiarazione del consigliere regionale [&hellip;]","og_url":"https:\/\/www.bellunopress.it\/fr\/2012\/01\/03\/belluno-palcoscenico-propagandistico-di-lega-e-pdl-sergio-reolon-linaugurazione-dellopera-rinviata-per-i-soliti-capricci-politici\/","og_site_name":"Bellunopress - Dolomiti","article_publisher":"https:\/\/www.facebook.com\/profile.php?id=100008943462799","article_published_time":"2012-01-03T16:17:03+00:00","article_modified_time":"2012-01-03T17:56:46+00:00","og_image":[{"url":"http:\/\/www.bellunopress.it\/wp-content\/uploads\/2010\/02\/sergio-reolon-270x270.jpg","type":"","width":"","height":""}],"author":"redazione","twitter_card":"summary_large_image","twitter_creator":"@bellunopress","twitter_site":"@bellunopress","twitter_misc":{"\u00c9crit par":"redazione","Dur\u00e9e de lecture estim\u00e9e":"2 minutes"},"schema":{"@context":"https:\/\/schema.org","@graph":[{"@type":"Article","@id":"https:\/\/www.bellunopress.it\/2012\/01\/03\/belluno-palcoscenico-propagandistico-di-lega-e-pdl-sergio-reolon-linaugurazione-dellopera-rinviata-per-i-soliti-capricci-politici\/#article","isPartOf":{"@id":"https:\/\/www.bellunopress.it\/2012\/01\/03\/belluno-palcoscenico-propagandistico-di-lega-e-pdl-sergio-reolon-linaugurazione-dellopera-rinviata-per-i-soliti-capricci-politici\/"},"author":{"name":"redazione","@id":"https:\/\/www.bellunopress.it\/#\/schema\/person\/79bb06722b37ece1c03d3e94beb30d73"},"headline":"Belluno palcoscenico propagandistico di Lega e PdL. Sergio Reolon: &#8220;l&#8217;inaugurazione dell&#8217;opera rinviata per i soliti capricci politici&#8221;","datePublished":"2012-01-03T16:17:03+00:00","dateModified":"2012-01-03T17:56:46+00:00","mainEntityOfPage":{"@id":"https:\/\/www.bellunopress.it\/2012\/01\/03\/belluno-palcoscenico-propagandistico-di-lega-e-pdl-sergio-reolon-linaugurazione-dellopera-rinviata-per-i-soliti-capricci-politici\/"},"wordCount":333,"publisher":{"@id":"https:\/\/www.bellunopress.it\/#organization"},"image":{"@id":"https:\/\/www.bellunopress.it\/2012\/01\/03\/belluno-palcoscenico-propagandistico-di-lega-e-pdl-sergio-reolon-linaugurazione-dellopera-rinviata-per-i-soliti-capricci-politici\/#primaryimage"},"thumbnailUrl":"http:\/\/www.bellunopress.it\/wp-content\/uploads\/2010\/02\/sergio-reolon-270x270.jpg","articleSection":["Cronaca\/Politica","Prima Pagina"],"inLanguage":"fr-FR"},{"@type":"WebPage","@id":"https:\/\/www.bellunopress.it\/2012\/01\/03\/belluno-palcoscenico-propagandistico-di-lega-e-pdl-sergio-reolon-linaugurazione-dellopera-rinviata-per-i-soliti-capricci-politici\/","url":"https:\/\/www.bellunopress.it\/2012\/01\/03\/belluno-palcoscenico-propagandistico-di-lega-e-pdl-sergio-reolon-linaugurazione-dellopera-rinviata-per-i-soliti-capricci-politici\/","name":"Belluno palcoscenico propagandistico di Lega e PdL. Sergio Reolon: \"l'inaugurazione dell'opera rinviata per i soliti capricci politici\" - Bellunopress - Dolomiti","isPartOf":{"@id":"https:\/\/www.bellunopress.it\/#website"},"primaryImageOfPage":{"@id":"https:\/\/www.bellunopress.it\/2012\/01\/03\/belluno-palcoscenico-propagandistico-di-lega-e-pdl-sergio-reolon-linaugurazione-dellopera-rinviata-per-i-soliti-capricci-politici\/#primaryimage"},"image":{"@id":"https:\/\/www.bellunopress.it\/2012\/01\/03\/belluno-palcoscenico-propagandistico-di-lega-e-pdl-sergio-reolon-linaugurazione-dellopera-rinviata-per-i-soliti-capricci-politici\/#primaryimage"},"thumbnailUrl":"http:\/\/www.bellunopress.it\/wp-content\/uploads\/2010\/02\/sergio-reolon-270x270.jpg","datePublished":"2012-01-03T16:17:03+00:00","dateModified":"2012-01-03T17:56:46+00:00","breadcrumb":{"@id":"https:\/\/www.bellunopress.it\/2012\/01\/03\/belluno-palcoscenico-propagandistico-di-lega-e-pdl-sergio-reolon-linaugurazione-dellopera-rinviata-per-i-soliti-capricci-politici\/#breadcrumb"},"inLanguage":"fr-FR","potentialAction":[{"@type":"ReadAction","target":["https:\/\/www.bellunopress.it\/2012\/01\/03\/belluno-palcoscenico-propagandistico-di-lega-e-pdl-sergio-reolon-linaugurazione-dellopera-rinviata-per-i-soliti-capricci-politici\/"]}]},{"@type":"ImageObject","inLanguage":"fr-FR","@id":"https:\/\/www.bellunopress.it\/2012\/01\/03\/belluno-palcoscenico-propagandistico-di-lega-e-pdl-sergio-reolon-linaugurazione-dellopera-rinviata-per-i-soliti-capricci-politici\/#primaryimage","url":"http:\/\/www.bellunopress.it\/wp-content\/uploads\/2010\/02\/sergio-reolon-270x270.jpg","contentUrl":"http:\/\/www.bellunopress.it\/wp-content\/uploads\/2010\/02\/sergio-reolon-270x270.jpg"},{"@type":"BreadcrumbList","@id":"https:\/\/www.bellunopress.it\/2012\/01\/03\/belluno-palcoscenico-propagandistico-di-lega-e-pdl-sergio-reolon-linaugurazione-dellopera-rinviata-per-i-soliti-capricci-politici\/#breadcrumb","itemListElement":[{"@type":"ListItem","position":1,"name":"Home","item":"https:\/\/www.bellunopress.it\/"},{"@type":"ListItem","position":2,"name":"Belluno palcoscenico propagandistico di Lega e PdL. Sergio Reolon: &#8220;l&#8217;inaugurazione dell&#8217;opera rinviata per i soliti capricci politici&#8221;"}]},{"@type":"WebSite","@id":"https:\/\/www.bellunopress.it\/#website","url":"https:\/\/www.bellunopress.it\/","name":"Bellunopress - Dolomiti","description":"e-mail: redazione@bellunopress.it","publisher":{"@id":"https:\/\/www.bellunopress.it\/#organization"},"potentialAction":[{"@type":"SearchAction","target":{"@type":"EntryPoint","urlTemplate":"https:\/\/www.bellunopress.it\/?s={search_term_string}"},"query-input":{"@type":"PropertyValueSpecification","valueRequired":true,"valueName":"search_term_string"}}],"inLanguage":"fr-FR"},{"@type":"Organization","@id":"https:\/\/www.bellunopress.it\/#organization","name":"Bellunopress","url":"https:\/\/www.bellunopress.it\/","logo":{"@type":"ImageObject","inLanguage":"fr-FR","@id":"https:\/\/www.bellunopress.it\/#\/schema\/logo\/image\/","url":"https:\/\/www.bellunopress.it\/wp-content\/uploads\/2011\/05\/cropped-logo-bellunopress-.jpg","contentUrl":"https:\/\/www.bellunopress.it\/wp-content\/uploads\/2011\/05\/cropped-logo-bellunopress-.jpg","width":512,"height":512,"caption":"Bellunopress"},"image":{"@id":"https:\/\/www.bellunopress.it\/#\/schema\/logo\/image\/"},"sameAs":["https:\/\/www.facebook.com\/profile.php?id=100008943462799","https:\/\/x.com\/bellunopress","https:\/\/www.linkedin.com\/hp\/?dnr=JBzUWaJfMUw8vbXJJ2tVW5-I3jZKvC4wsoxE&amp;amp;amp;amp;amp;amp;trk=nav_responsive_tab_home","https:\/\/www.youtube.com\/channel\/UCxL0wu1uN0_3_7hGG0306cw"]},{"@type":"Person","@id":"https:\/\/www.bellunopress.it\/#\/schema\/person\/79bb06722b37ece1c03d3e94beb30d73","name":"r\u00e9daction","image":{"@type":"ImageObject","inLanguage":"fr-FR","@id":"https:\/\/secure.gravatar.com\/avatar\/37d968a2e67a6fd04c169c4bdef102d0bc5d31b2546345219e348575eb80e9a0?s=96&d=mm&r=g","url":"https:\/\/secure.gravatar.com\/avatar\/37d968a2e67a6fd04c169c4bdef102d0bc5d31b2546345219e348575eb80e9a0?s=96&d=mm&r=g","contentUrl":"https:\/\/secure.gravatar.com\/avatar\/37d968a2e67a6fd04c169c4bdef102d0bc5d31b2546345219e348575eb80e9a0?s=96&d=mm&r=g","caption":"redazione"},"sameAs":["http:\/\/www.bellunopress.it","https:\/\/x.com\/bellunopress"],"url":"https:\/\/www.bellunopress.it\/fr\/author\/redazione\/"}]}},"_links":{"self":[{"href":"https:\/\/www.bellunopress.it\/fr\/wp-json\/wp\/v2\/posts\/33862","targetHints":{"allow":["GET"]}}],"collection":[{"href":"https:\/\/www.bellunopress.it\/fr\/wp-json\/wp\/v2\/posts"}],"about":[{"href":"https:\/\/www.bellunopress.it\/fr\/wp-json\/wp\/v2\/types\/post"}],"author":[{"embeddable":true,"href":"https:\/\/www.bellunopress.it\/fr\/wp-json\/wp\/v2\/users\/2"}],"replies":[{"embeddable":true,"href":"https:\/\/www.bellunopress.it\/fr\/wp-json\/wp\/v2\/comments?post=33862"}],"version-history":[{"count":3,"href":"https:\/\/www.bellunopress.it\/fr\/wp-json\/wp\/v2\/posts\/33862\/revisions"}],"predecessor-version":[{"id":33864,"href":"https:\/\/www.bellunopress.it\/fr\/wp-json\/wp\/v2\/posts\/33862\/revisions\/33864"}],"wp:attachment":[{"href":"https:\/\/www.bellunopress.it\/fr\/wp-json\/wp\/v2\/media?parent=33862"}],"wp:term":[{"taxonomy":"category","embeddable":true,"href":"https:\/\/www.bellunopress.it\/fr\/wp-json\/wp\/v2\/categories?post=33862"},{"taxonomy":"post_tag","embeddable":true,"href":"https:\/\/www.bellunopress.it\/fr\/wp-json\/wp\/v2\/tags?post=33862"}],"curies":[{"name":"wp","href":"https:\/\/api.w.org\/{rel}","templated":true}]}}