{"id":33856,"date":"2012-01-01T09:41:42","date_gmt":"2012-01-01T08:41:42","guid":{"rendered":"http:\/\/www.bellunopress.it\/?p=33856"},"modified":"2012-01-04T10:09:42","modified_gmt":"2012-01-04T09:09:42","slug":"il-gruppo-naturalistico-le-tracce-di-castelfranco-propone-il-x-ciclo-di-incontri","status":"publish","type":"post","link":"https:\/\/www.bellunopress.it\/fr\/2012\/01\/01\/il-gruppo-naturalistico-le-tracce-di-castelfranco-propone-il-x-ciclo-di-incontri\/","title":{"rendered":"Il Gruppo Naturalistico Le Tracce di Castelfranco, propone il X ciclo di incontri"},"content":{"rendered":"<p>&#8211; \u201cI magici mondi della natura\u201d Habitat naturali, ultima frontiera relatore Cesare Lasen. Mercoled\u00ec 22 febbraio 2012 &#8211; Il pianeta verde, la sofferenza dei consumi e i santuari residuali, ultimi baluardi.Aree protette, IPAS, filosofia della conservazione.Mercoled\u00ec 29 febbraio 2012 &#8211; Foreste vergini e boschi vetusti. Anche da noi si pu\u00f2 fare qualcosa.Mercoled\u00ec 7 marzo 2012 &#8211; L\u2019inimitabile fascino delle praterie alpine primarie. Lass\u00f9 dove il bosco non arriva.Mercoled\u00ec 14 marzo 2012 &#8211; Armonie e suggestioni negli habitat seminaturali.La natura e il lavoro dell\u2019uomo, come si incrementa e si impreziosisce la biodiversit\u00e0.Mercoled\u00ec 21 marzo 2012 &#8211; L\u2019acqua e la vita. Viaggio tra fiumi, laghi, paludi, torbiere e sorgenti. Tra bonifiche e degrado, anche le nuove prospettive per habitat secondari.Mercoled\u00ec 28 marzo 2012 Agli albori della vita, le comunit\u00e0 pioniere su inaccessibili pareti verticali e gli straordinari adattamenti tra le inospitali coltri detritiche. Le lezioni si svolgeranno dalle 20.30 alle 22.30 presso la sala conferenze Pacifico Guidolin della Biblioteca Comunale di Castelfranco Veneto Il corso si terr\u00e0 con un minimo di 30 partecipanti. Per informazioni telefonare a Vittorino Mason tel. 0423.496114 Iscrizioni presso Erboristeria Giorgione a Castelfranco Veneto (entro il 20 febbraio) Costo del corso euro 50<\/p>\n<p>&nbsp;<\/p>","protected":false},"excerpt":{"rendered":"<p>&#8211; \u201cI magici mondi della natura\u201d Habitat naturali, ultima frontiera relatore Cesare Lasen. Mercoled\u00ec 22 febbraio 2012 &#8211; Il pianeta verde, la sofferenza dei consumi e i santuari residuali, ultimi baluardi.Aree protette, IPAS, filosofia della conservazione.Mercoled\u00ec 29 febbraio 2012 &#8211; Foreste vergini e boschi vetusti. Anche da noi si pu\u00f2 fare qualcosa.Mercoled\u00ec 7 marzo 2012 [&hellip;]<\/p>\n","protected":false},"author":2,"featured_media":0,"comment_status":"closed","ping_status":"open","sticky":false,"template":"","format":"standard","meta":{"footnotes":""},"categories":[27,25],"tags":[],"class_list":["post-33856","post","type-post","status-publish","format-standard","category-appuntamenti","category-pausa-caffe"],"yoast_head":"<!-- This site is optimized with the Yoast SEO plugin v28.4 - https:\/\/yoast.com\/product\/yoast-seo-wordpress\/ -->\n<title>Il Gruppo Naturalistico Le Tracce di Castelfranco, propone il X ciclo di incontri - Bellunopress - Dolomiti<\/title>\n<meta name=\"robots\" content=\"index, follow, max-snippet:-1, max-image-preview:large, max-video-preview:-1\" \/>\n<link rel=\"canonical\" href=\"https:\/\/www.bellunopress.it\/fr\/2012\/01\/01\/il-gruppo-naturalistico-le-tracce-di-castelfranco-propone-il-x-ciclo-di-incontri\/\" \/>\n<meta property=\"og:locale\" content=\"fr_FR\" \/>\n<meta property=\"og:type\" content=\"article\" \/>\n<meta property=\"og:title\" content=\"Il Gruppo Naturalistico Le Tracce di Castelfranco, propone il X ciclo di incontri - Bellunopress - Dolomiti\" \/>\n<meta property=\"og:description\" content=\"&#8211; \u201cI magici mondi della natura\u201d Habitat naturali, ultima frontiera relatore Cesare Lasen. Mercoled\u00ec 22 febbraio 2012 &#8211; Il pianeta verde, la sofferenza dei consumi e i santuari residuali, ultimi baluardi.Aree protette, IPAS, filosofia della conservazione.Mercoled\u00ec 29 febbraio 2012 &#8211; Foreste vergini e boschi vetusti. Anche da noi si pu\u00f2 fare qualcosa.Mercoled\u00ec 7 marzo 2012 [&hellip;]\" \/>\n<meta property=\"og:url\" content=\"https:\/\/www.bellunopress.it\/fr\/2012\/01\/01\/il-gruppo-naturalistico-le-tracce-di-castelfranco-propone-il-x-ciclo-di-incontri\/\" \/>\n<meta property=\"og:site_name\" content=\"Bellunopress - Dolomiti\" \/>\n<meta property=\"article:publisher\" content=\"https:\/\/www.facebook.com\/profile.php?id=100008943462799\" \/>\n<meta property=\"article:published_time\" content=\"2012-01-01T08:41:42+00:00\" \/>\n<meta property=\"article:modified_time\" content=\"2012-01-04T09:09:42+00:00\" \/>\n<meta property=\"og:image\" content=\"http:\/\/www.bellunopress.it\/wp-content\/uploads\/2012\/07\/logo-bellunopress-250x250-2012.jpg\" \/>\n<meta name=\"author\" content=\"redazione\" \/>\n<meta name=\"twitter:card\" content=\"summary_large_image\" \/>\n<meta name=\"twitter:creator\" content=\"@bellunopress\" \/>\n<meta name=\"twitter:site\" content=\"@bellunopress\" \/>\n<meta name=\"twitter:label1\" content=\"Written by\" \/>\n\t<meta name=\"twitter:data1\" content=\"redazione\" \/>\n\t<meta name=\"twitter:label2\" content=\"Est. reading time\" \/>\n\t<meta name=\"twitter:data2\" content=\"1 minute\" \/>\n<script type=\"application\/ld+json\" class=\"yoast-schema-graph\">{\"@context\":\"https:\\\/\\\/schema.org\",\"@graph\":[{\"@type\":\"Article\",\"@id\":\"https:\\\/\\\/www.bellunopress.it\\\/2012\\\/01\\\/01\\\/il-gruppo-naturalistico-le-tracce-di-castelfranco-propone-il-x-ciclo-di-incontri\\\/#article\",\"isPartOf\":{\"@id\":\"https:\\\/\\\/www.bellunopress.it\\\/2012\\\/01\\\/01\\\/il-gruppo-naturalistico-le-tracce-di-castelfranco-propone-il-x-ciclo-di-incontri\\\/\"},\"author\":{\"name\":\"redazione\",\"@id\":\"https:\\\/\\\/www.bellunopress.it\\\/#\\\/schema\\\/person\\\/79bb06722b37ece1c03d3e94beb30d73\"},\"headline\":\"Il Gruppo Naturalistico Le Tracce di Castelfranco, propone il X ciclo di incontri\",\"datePublished\":\"2012-01-01T08:41:42+00:00\",\"dateModified\":\"2012-01-04T09:09:42+00:00\",\"mainEntityOfPage\":{\"@id\":\"https:\\\/\\\/www.bellunopress.it\\\/2012\\\/01\\\/01\\\/il-gruppo-naturalistico-le-tracce-di-castelfranco-propone-il-x-ciclo-di-incontri\\\/\"},\"wordCount\":201,\"publisher\":{\"@id\":\"https:\\\/\\\/www.bellunopress.it\\\/#organization\"},\"articleSection\":[\"Appuntamenti, Eventi\",\"Pausa Caff\u00e8\"],\"inLanguage\":\"fr-FR\"},{\"@type\":\"WebPage\",\"@id\":\"https:\\\/\\\/www.bellunopress.it\\\/2012\\\/01\\\/01\\\/il-gruppo-naturalistico-le-tracce-di-castelfranco-propone-il-x-ciclo-di-incontri\\\/\",\"url\":\"https:\\\/\\\/www.bellunopress.it\\\/2012\\\/01\\\/01\\\/il-gruppo-naturalistico-le-tracce-di-castelfranco-propone-il-x-ciclo-di-incontri\\\/\",\"name\":\"Il Gruppo Naturalistico Le Tracce di Castelfranco, propone il X ciclo di incontri - Bellunopress - Dolomiti\",\"isPartOf\":{\"@id\":\"https:\\\/\\\/www.bellunopress.it\\\/#website\"},\"datePublished\":\"2012-01-01T08:41:42+00:00\",\"dateModified\":\"2012-01-04T09:09:42+00:00\",\"breadcrumb\":{\"@id\":\"https:\\\/\\\/www.bellunopress.it\\\/2012\\\/01\\\/01\\\/il-gruppo-naturalistico-le-tracce-di-castelfranco-propone-il-x-ciclo-di-incontri\\\/#breadcrumb\"},\"inLanguage\":\"fr-FR\",\"potentialAction\":[{\"@type\":\"ReadAction\",\"target\":[\"https:\\\/\\\/www.bellunopress.it\\\/2012\\\/01\\\/01\\\/il-gruppo-naturalistico-le-tracce-di-castelfranco-propone-il-x-ciclo-di-incontri\\\/\"]}]},{\"@type\":\"BreadcrumbList\",\"@id\":\"https:\\\/\\\/www.bellunopress.it\\\/2012\\\/01\\\/01\\\/il-gruppo-naturalistico-le-tracce-di-castelfranco-propone-il-x-ciclo-di-incontri\\\/#breadcrumb\",\"itemListElement\":[{\"@type\":\"ListItem\",\"position\":1,\"name\":\"Home\",\"item\":\"https:\\\/\\\/www.bellunopress.it\\\/\"},{\"@type\":\"ListItem\",\"position\":2,\"name\":\"Il Gruppo Naturalistico Le Tracce di Castelfranco, propone il X ciclo di incontri\"}]},{\"@type\":\"WebSite\",\"@id\":\"https:\\\/\\\/www.bellunopress.it\\\/#website\",\"url\":\"https:\\\/\\\/www.bellunopress.it\\\/\",\"name\":\"Bellunopress - Dolomiti\",\"description\":\"e-mail: redazione@bellunopress.it\",\"publisher\":{\"@id\":\"https:\\\/\\\/www.bellunopress.it\\\/#organization\"},\"potentialAction\":[{\"@type\":\"SearchAction\",\"target\":{\"@type\":\"EntryPoint\",\"urlTemplate\":\"https:\\\/\\\/www.bellunopress.it\\\/?s={search_term_string}\"},\"query-input\":{\"@type\":\"PropertyValueSpecification\",\"valueRequired\":true,\"valueName\":\"search_term_string\"}}],\"inLanguage\":\"fr-FR\"},{\"@type\":\"Organization\",\"@id\":\"https:\\\/\\\/www.bellunopress.it\\\/#organization\",\"name\":\"Bellunopress\",\"url\":\"https:\\\/\\\/www.bellunopress.it\\\/\",\"logo\":{\"@type\":\"ImageObject\",\"inLanguage\":\"fr-FR\",\"@id\":\"https:\\\/\\\/www.bellunopress.it\\\/#\\\/schema\\\/logo\\\/image\\\/\",\"url\":\"https:\\\/\\\/www.bellunopress.it\\\/wp-content\\\/uploads\\\/2011\\\/05\\\/cropped-logo-bellunopress-.jpg\",\"contentUrl\":\"https:\\\/\\\/www.bellunopress.it\\\/wp-content\\\/uploads\\\/2011\\\/05\\\/cropped-logo-bellunopress-.jpg\",\"width\":512,\"height\":512,\"caption\":\"Bellunopress\"},\"image\":{\"@id\":\"https:\\\/\\\/www.bellunopress.it\\\/#\\\/schema\\\/logo\\\/image\\\/\"},\"sameAs\":[\"https:\\\/\\\/www.facebook.com\\\/profile.php?id=100008943462799\",\"https:\\\/\\\/x.com\\\/bellunopress\",\"https:\\\/\\\/www.linkedin.com\\\/hp\\\/?dnr=JBzUWaJfMUw8vbXJJ2tVW5-I3jZKvC4wsoxE&amp;amp;amp;amp;amp;amp;trk=nav_responsive_tab_home\",\"https:\\\/\\\/www.youtube.com\\\/channel\\\/UCxL0wu1uN0_3_7hGG0306cw\"]},{\"@type\":\"Person\",\"@id\":\"https:\\\/\\\/www.bellunopress.it\\\/#\\\/schema\\\/person\\\/79bb06722b37ece1c03d3e94beb30d73\",\"name\":\"redazione\",\"image\":{\"@type\":\"ImageObject\",\"inLanguage\":\"fr-FR\",\"@id\":\"https:\\\/\\\/secure.gravatar.com\\\/avatar\\\/37d968a2e67a6fd04c169c4bdef102d0bc5d31b2546345219e348575eb80e9a0?s=96&d=mm&r=g\",\"url\":\"https:\\\/\\\/secure.gravatar.com\\\/avatar\\\/37d968a2e67a6fd04c169c4bdef102d0bc5d31b2546345219e348575eb80e9a0?s=96&d=mm&r=g\",\"contentUrl\":\"https:\\\/\\\/secure.gravatar.com\\\/avatar\\\/37d968a2e67a6fd04c169c4bdef102d0bc5d31b2546345219e348575eb80e9a0?s=96&d=mm&r=g\",\"caption\":\"redazione\"},\"sameAs\":[\"http:\\\/\\\/www.bellunopress.it\",\"https:\\\/\\\/x.com\\\/bellunopress\"],\"url\":\"https:\\\/\\\/www.bellunopress.it\\\/fr\\\/author\\\/redazione\\\/\"}]}<\/script>\n<!-- \/ Yoast SEO plugin. -->","yoast_head_json":{"title":"Il Gruppo Naturalistico Le Tracce di Castelfranco, propone il X ciclo di incontri - Bellunopress - Dolomiti","robots":{"index":"index","follow":"follow","max-snippet":"max-snippet:-1","max-image-preview":"max-image-preview:large","max-video-preview":"max-video-preview:-1"},"canonical":"https:\/\/www.bellunopress.it\/fr\/2012\/01\/01\/il-gruppo-naturalistico-le-tracce-di-castelfranco-propone-il-x-ciclo-di-incontri\/","og_locale":"fr_FR","og_type":"article","og_title":"Il Gruppo Naturalistico Le Tracce di Castelfranco, propone il X ciclo di incontri - Bellunopress - Dolomiti","og_description":"&#8211; \u201cI magici mondi della natura\u201d Habitat naturali, ultima frontiera relatore Cesare Lasen. Mercoled\u00ec 22 febbraio 2012 &#8211; Il pianeta verde, la sofferenza dei consumi e i santuari residuali, ultimi baluardi.Aree protette, IPAS, filosofia della conservazione.Mercoled\u00ec 29 febbraio 2012 &#8211; Foreste vergini e boschi vetusti. Anche da noi si pu\u00f2 fare qualcosa.Mercoled\u00ec 7 marzo 2012 [&hellip;]","og_url":"https:\/\/www.bellunopress.it\/fr\/2012\/01\/01\/il-gruppo-naturalistico-le-tracce-di-castelfranco-propone-il-x-ciclo-di-incontri\/","og_site_name":"Bellunopress - Dolomiti","article_publisher":"https:\/\/www.facebook.com\/profile.php?id=100008943462799","article_published_time":"2012-01-01T08:41:42+00:00","article_modified_time":"2012-01-04T09:09:42+00:00","og_image":[{"url":"http:\/\/www.bellunopress.it\/wp-content\/uploads\/2012\/07\/logo-bellunopress-250x250-2012.jpg","type":"","width":"","height":""}],"author":"redazione","twitter_card":"summary_large_image","twitter_creator":"@bellunopress","twitter_site":"@bellunopress","twitter_misc":{"Written by":"redazione","Est. reading time":"1 minute"},"schema":{"@context":"https:\/\/schema.org","@graph":[{"@type":"Article","@id":"https:\/\/www.bellunopress.it\/2012\/01\/01\/il-gruppo-naturalistico-le-tracce-di-castelfranco-propone-il-x-ciclo-di-incontri\/#article","isPartOf":{"@id":"https:\/\/www.bellunopress.it\/2012\/01\/01\/il-gruppo-naturalistico-le-tracce-di-castelfranco-propone-il-x-ciclo-di-incontri\/"},"author":{"name":"redazione","@id":"https:\/\/www.bellunopress.it\/#\/schema\/person\/79bb06722b37ece1c03d3e94beb30d73"},"headline":"Il Gruppo Naturalistico Le Tracce di Castelfranco, propone il X ciclo di incontri","datePublished":"2012-01-01T08:41:42+00:00","dateModified":"2012-01-04T09:09:42+00:00","mainEntityOfPage":{"@id":"https:\/\/www.bellunopress.it\/2012\/01\/01\/il-gruppo-naturalistico-le-tracce-di-castelfranco-propone-il-x-ciclo-di-incontri\/"},"wordCount":201,"publisher":{"@id":"https:\/\/www.bellunopress.it\/#organization"},"articleSection":["Appuntamenti, Eventi","Pausa Caff\u00e8"],"inLanguage":"fr-FR"},{"@type":"WebPage","@id":"https:\/\/www.bellunopress.it\/2012\/01\/01\/il-gruppo-naturalistico-le-tracce-di-castelfranco-propone-il-x-ciclo-di-incontri\/","url":"https:\/\/www.bellunopress.it\/2012\/01\/01\/il-gruppo-naturalistico-le-tracce-di-castelfranco-propone-il-x-ciclo-di-incontri\/","name":"Il Gruppo Naturalistico Le Tracce di Castelfranco, propone il X ciclo di incontri - Bellunopress - Dolomiti","isPartOf":{"@id":"https:\/\/www.bellunopress.it\/#website"},"datePublished":"2012-01-01T08:41:42+00:00","dateModified":"2012-01-04T09:09:42+00:00","breadcrumb":{"@id":"https:\/\/www.bellunopress.it\/2012\/01\/01\/il-gruppo-naturalistico-le-tracce-di-castelfranco-propone-il-x-ciclo-di-incontri\/#breadcrumb"},"inLanguage":"fr-FR","potentialAction":[{"@type":"ReadAction","target":["https:\/\/www.bellunopress.it\/2012\/01\/01\/il-gruppo-naturalistico-le-tracce-di-castelfranco-propone-il-x-ciclo-di-incontri\/"]}]},{"@type":"BreadcrumbList","@id":"https:\/\/www.bellunopress.it\/2012\/01\/01\/il-gruppo-naturalistico-le-tracce-di-castelfranco-propone-il-x-ciclo-di-incontri\/#breadcrumb","itemListElement":[{"@type":"ListItem","position":1,"name":"Home","item":"https:\/\/www.bellunopress.it\/"},{"@type":"ListItem","position":2,"name":"Il Gruppo Naturalistico Le Tracce di Castelfranco, propone il X ciclo di incontri"}]},{"@type":"WebSite","@id":"https:\/\/www.bellunopress.it\/#website","url":"https:\/\/www.bellunopress.it\/","name":"Bellunopress - Dolomiti","description":"e-mail: redazione@bellunopress.it","publisher":{"@id":"https:\/\/www.bellunopress.it\/#organization"},"potentialAction":[{"@type":"SearchAction","target":{"@type":"EntryPoint","urlTemplate":"https:\/\/www.bellunopress.it\/?s={search_term_string}"},"query-input":{"@type":"PropertyValueSpecification","valueRequired":true,"valueName":"search_term_string"}}],"inLanguage":"fr-FR"},{"@type":"Organization","@id":"https:\/\/www.bellunopress.it\/#organization","name":"Bellunopress","url":"https:\/\/www.bellunopress.it\/","logo":{"@type":"ImageObject","inLanguage":"fr-FR","@id":"https:\/\/www.bellunopress.it\/#\/schema\/logo\/image\/","url":"https:\/\/www.bellunopress.it\/wp-content\/uploads\/2011\/05\/cropped-logo-bellunopress-.jpg","contentUrl":"https:\/\/www.bellunopress.it\/wp-content\/uploads\/2011\/05\/cropped-logo-bellunopress-.jpg","width":512,"height":512,"caption":"Bellunopress"},"image":{"@id":"https:\/\/www.bellunopress.it\/#\/schema\/logo\/image\/"},"sameAs":["https:\/\/www.facebook.com\/profile.php?id=100008943462799","https:\/\/x.com\/bellunopress","https:\/\/www.linkedin.com\/hp\/?dnr=JBzUWaJfMUw8vbXJJ2tVW5-I3jZKvC4wsoxE&amp;amp;amp;amp;amp;amp;trk=nav_responsive_tab_home","https:\/\/www.youtube.com\/channel\/UCxL0wu1uN0_3_7hGG0306cw"]},{"@type":"Person","@id":"https:\/\/www.bellunopress.it\/#\/schema\/person\/79bb06722b37ece1c03d3e94beb30d73","name":"r\u00e9daction","image":{"@type":"ImageObject","inLanguage":"fr-FR","@id":"https:\/\/secure.gravatar.com\/avatar\/37d968a2e67a6fd04c169c4bdef102d0bc5d31b2546345219e348575eb80e9a0?s=96&d=mm&r=g","url":"https:\/\/secure.gravatar.com\/avatar\/37d968a2e67a6fd04c169c4bdef102d0bc5d31b2546345219e348575eb80e9a0?s=96&d=mm&r=g","contentUrl":"https:\/\/secure.gravatar.com\/avatar\/37d968a2e67a6fd04c169c4bdef102d0bc5d31b2546345219e348575eb80e9a0?s=96&d=mm&r=g","caption":"redazione"},"sameAs":["http:\/\/www.bellunopress.it","https:\/\/x.com\/bellunopress"],"url":"https:\/\/www.bellunopress.it\/fr\/author\/redazione\/"}]}},"_links":{"self":[{"href":"https:\/\/www.bellunopress.it\/fr\/wp-json\/wp\/v2\/posts\/33856","targetHints":{"allow":["GET"]}}],"collection":[{"href":"https:\/\/www.bellunopress.it\/fr\/wp-json\/wp\/v2\/posts"}],"about":[{"href":"https:\/\/www.bellunopress.it\/fr\/wp-json\/wp\/v2\/types\/post"}],"author":[{"embeddable":true,"href":"https:\/\/www.bellunopress.it\/fr\/wp-json\/wp\/v2\/users\/2"}],"replies":[{"embeddable":true,"href":"https:\/\/www.bellunopress.it\/fr\/wp-json\/wp\/v2\/comments?post=33856"}],"version-history":[{"count":2,"href":"https:\/\/www.bellunopress.it\/fr\/wp-json\/wp\/v2\/posts\/33856\/revisions"}],"predecessor-version":[{"id":33892,"href":"https:\/\/www.bellunopress.it\/fr\/wp-json\/wp\/v2\/posts\/33856\/revisions\/33892"}],"wp:attachment":[{"href":"https:\/\/www.bellunopress.it\/fr\/wp-json\/wp\/v2\/media?parent=33856"}],"wp:term":[{"taxonomy":"category","embeddable":true,"href":"https:\/\/www.bellunopress.it\/fr\/wp-json\/wp\/v2\/categories?post=33856"},{"taxonomy":"post_tag","embeddable":true,"href":"https:\/\/www.bellunopress.it\/fr\/wp-json\/wp\/v2\/tags?post=33856"}],"curies":[{"name":"wp","href":"https:\/\/api.w.org\/{rel}","templated":true}]}}