{"id":33853,"date":"2012-01-03T09:33:25","date_gmt":"2012-01-03T08:33:25","guid":{"rendered":"http:\/\/www.bellunopress.it\/?p=33853"},"modified":"2012-01-03T09:33:25","modified_gmt":"2012-01-03T08:33:25","slug":"prevenzione-incendi-nelle-strutture-alberghiere-proroga-al-31-dicembre-2012","status":"publish","type":"post","link":"https:\/\/www.bellunopress.it\/fr\/2012\/01\/03\/prevenzione-incendi-nelle-strutture-alberghiere-proroga-al-31-dicembre-2012\/","title":{"rendered":"Prevenzione incendi nelle strutture alberghiere: proroga al 31 dicembre 2012"},"content":{"rendered":"<p><a href=\"http:\/\/www.bellunopress.it\/wp-content\/uploads\/2010\/01\/ascom.jpg\"><img loading=\"lazy\" decoding=\"async\" class=\"alignleft size-full wp-image-11642\" title=\"ascom\" src=\"http:\/\/www.bellunopress.it\/wp-content\/uploads\/2010\/01\/ascom.jpg\" alt=\"\" width=\"130\" height=\"130\" \/><\/a>Sulla Gazzetta Ufficiale del 30 dicembre \u00e8 stato pubblicato il provvedimento di proroga al 31 dicembre 2012 il termine per il definitivo adeguamento alle disposizioni di prevenzione incendi da parte delle strutture ricettive turistico-alberghiere con oltre 25 posti letto esistenti alla data di entrata in vigore del decreto del Ministro dell\u2019Interno del 9 aprile 1994. Per avvalersi della proroga sar\u00e0 necessario presentare domanda ed impegnarsi ad un piano di adeguamento straordinario, in conformit\u00e0 a quanto sar\u00e0 stabilito con successivo decreto ministeriale da approvarsi entro 60 giorni. Secondo quanto comunicato da Federalberghi, il provvedimento presenterebbe ulteriori margini di miglioramento da apportare in sede di conversione del decreto.<\/p>","protected":false},"excerpt":{"rendered":"<p>Sulla Gazzetta Ufficiale del 30 dicembre \u00e8 stato pubblicato il provvedimento di proroga al 31 dicembre 2012 il termine per il definitivo adeguamento alle disposizioni di prevenzione incendi da parte delle strutture ricettive turistico-alberghiere con oltre 25 posti letto esistenti alla data di entrata in vigore del decreto del Ministro dell\u2019Interno del 9 aprile 1994. [&hellip;]<\/p>\n","protected":false},"author":2,"featured_media":0,"comment_status":"closed","ping_status":"open","sticky":false,"template":"","format":"standard","meta":{"footnotes":""},"categories":[36,26],"tags":[],"class_list":["post-33853","post","type-post","status-publish","format-standard","category-lavoro-economia","category-prima-pagina"],"yoast_head":"<!-- This site is optimized with the Yoast SEO plugin v28.4 - https:\/\/yoast.com\/product\/yoast-seo-wordpress\/ -->\n<title>Prevenzione incendi nelle strutture alberghiere: proroga al 31 dicembre 2012 - Bellunopress - Dolomiti<\/title>\n<meta name=\"robots\" content=\"index, follow, max-snippet:-1, max-image-preview:large, max-video-preview:-1\" \/>\n<link rel=\"canonical\" href=\"https:\/\/www.bellunopress.it\/fr\/2012\/01\/03\/prevenzione-incendi-nelle-strutture-alberghiere-proroga-al-31-dicembre-2012\/\" \/>\n<meta property=\"og:locale\" content=\"fr_FR\" \/>\n<meta property=\"og:type\" content=\"article\" \/>\n<meta property=\"og:title\" content=\"Prevenzione incendi nelle strutture alberghiere: proroga al 31 dicembre 2012 - Bellunopress - Dolomiti\" \/>\n<meta property=\"og:description\" content=\"Sulla Gazzetta Ufficiale del 30 dicembre \u00e8 stato pubblicato il provvedimento di proroga al 31 dicembre 2012 il termine per il definitivo adeguamento alle disposizioni di prevenzione incendi da parte delle strutture ricettive turistico-alberghiere con oltre 25 posti letto esistenti alla data di entrata in vigore del decreto del Ministro dell\u2019Interno del 9 aprile 1994. [&hellip;]\" \/>\n<meta property=\"og:url\" content=\"https:\/\/www.bellunopress.it\/fr\/2012\/01\/03\/prevenzione-incendi-nelle-strutture-alberghiere-proroga-al-31-dicembre-2012\/\" \/>\n<meta property=\"og:site_name\" content=\"Bellunopress - Dolomiti\" \/>\n<meta property=\"article:publisher\" content=\"https:\/\/www.facebook.com\/profile.php?id=100008943462799\" \/>\n<meta property=\"article:published_time\" content=\"2012-01-03T08:33:25+00:00\" \/>\n<meta property=\"og:image\" content=\"http:\/\/www.bellunopress.it\/wp-content\/uploads\/2010\/01\/ascom.jpg\" \/>\n<meta name=\"author\" content=\"redazione\" \/>\n<meta name=\"twitter:card\" content=\"summary_large_image\" \/>\n<meta name=\"twitter:creator\" content=\"@bellunopress\" \/>\n<meta name=\"twitter:site\" content=\"@bellunopress\" \/>\n<meta name=\"twitter:label1\" content=\"\u00c9crit par\" \/>\n\t<meta name=\"twitter:data1\" content=\"redazione\" \/>\n<script type=\"application\/ld+json\" class=\"yoast-schema-graph\">{\"@context\":\"https:\\\/\\\/schema.org\",\"@graph\":[{\"@type\":\"Article\",\"@id\":\"https:\\\/\\\/www.bellunopress.it\\\/2012\\\/01\\\/03\\\/prevenzione-incendi-nelle-strutture-alberghiere-proroga-al-31-dicembre-2012\\\/#article\",\"isPartOf\":{\"@id\":\"https:\\\/\\\/www.bellunopress.it\\\/2012\\\/01\\\/03\\\/prevenzione-incendi-nelle-strutture-alberghiere-proroga-al-31-dicembre-2012\\\/\"},\"author\":{\"name\":\"redazione\",\"@id\":\"https:\\\/\\\/www.bellunopress.it\\\/#\\\/schema\\\/person\\\/79bb06722b37ece1c03d3e94beb30d73\"},\"headline\":\"Prevenzione incendi nelle strutture alberghiere: proroga al 31 dicembre 2012\",\"datePublished\":\"2012-01-03T08:33:25+00:00\",\"mainEntityOfPage\":{\"@id\":\"https:\\\/\\\/www.bellunopress.it\\\/2012\\\/01\\\/03\\\/prevenzione-incendi-nelle-strutture-alberghiere-proroga-al-31-dicembre-2012\\\/\"},\"wordCount\":107,\"publisher\":{\"@id\":\"https:\\\/\\\/www.bellunopress.it\\\/#organization\"},\"image\":{\"@id\":\"https:\\\/\\\/www.bellunopress.it\\\/2012\\\/01\\\/03\\\/prevenzione-incendi-nelle-strutture-alberghiere-proroga-al-31-dicembre-2012\\\/#primaryimage\"},\"thumbnailUrl\":\"http:\\\/\\\/www.bellunopress.it\\\/wp-content\\\/uploads\\\/2010\\\/01\\\/ascom.jpg\",\"articleSection\":[\"Lavoro, Economia, Turismo\",\"Prima Pagina\"],\"inLanguage\":\"fr-FR\"},{\"@type\":\"WebPage\",\"@id\":\"https:\\\/\\\/www.bellunopress.it\\\/2012\\\/01\\\/03\\\/prevenzione-incendi-nelle-strutture-alberghiere-proroga-al-31-dicembre-2012\\\/\",\"url\":\"https:\\\/\\\/www.bellunopress.it\\\/2012\\\/01\\\/03\\\/prevenzione-incendi-nelle-strutture-alberghiere-proroga-al-31-dicembre-2012\\\/\",\"name\":\"Prevenzione incendi nelle strutture alberghiere: proroga al 31 dicembre 2012 - Bellunopress - Dolomiti\",\"isPartOf\":{\"@id\":\"https:\\\/\\\/www.bellunopress.it\\\/#website\"},\"primaryImageOfPage\":{\"@id\":\"https:\\\/\\\/www.bellunopress.it\\\/2012\\\/01\\\/03\\\/prevenzione-incendi-nelle-strutture-alberghiere-proroga-al-31-dicembre-2012\\\/#primaryimage\"},\"image\":{\"@id\":\"https:\\\/\\\/www.bellunopress.it\\\/2012\\\/01\\\/03\\\/prevenzione-incendi-nelle-strutture-alberghiere-proroga-al-31-dicembre-2012\\\/#primaryimage\"},\"thumbnailUrl\":\"http:\\\/\\\/www.bellunopress.it\\\/wp-content\\\/uploads\\\/2010\\\/01\\\/ascom.jpg\",\"datePublished\":\"2012-01-03T08:33:25+00:00\",\"breadcrumb\":{\"@id\":\"https:\\\/\\\/www.bellunopress.it\\\/2012\\\/01\\\/03\\\/prevenzione-incendi-nelle-strutture-alberghiere-proroga-al-31-dicembre-2012\\\/#breadcrumb\"},\"inLanguage\":\"fr-FR\",\"potentialAction\":[{\"@type\":\"ReadAction\",\"target\":[\"https:\\\/\\\/www.bellunopress.it\\\/2012\\\/01\\\/03\\\/prevenzione-incendi-nelle-strutture-alberghiere-proroga-al-31-dicembre-2012\\\/\"]}]},{\"@type\":\"ImageObject\",\"inLanguage\":\"fr-FR\",\"@id\":\"https:\\\/\\\/www.bellunopress.it\\\/2012\\\/01\\\/03\\\/prevenzione-incendi-nelle-strutture-alberghiere-proroga-al-31-dicembre-2012\\\/#primaryimage\",\"url\":\"http:\\\/\\\/www.bellunopress.it\\\/wp-content\\\/uploads\\\/2010\\\/01\\\/ascom.jpg\",\"contentUrl\":\"http:\\\/\\\/www.bellunopress.it\\\/wp-content\\\/uploads\\\/2010\\\/01\\\/ascom.jpg\"},{\"@type\":\"BreadcrumbList\",\"@id\":\"https:\\\/\\\/www.bellunopress.it\\\/2012\\\/01\\\/03\\\/prevenzione-incendi-nelle-strutture-alberghiere-proroga-al-31-dicembre-2012\\\/#breadcrumb\",\"itemListElement\":[{\"@type\":\"ListItem\",\"position\":1,\"name\":\"Home\",\"item\":\"https:\\\/\\\/www.bellunopress.it\\\/\"},{\"@type\":\"ListItem\",\"position\":2,\"name\":\"Prevenzione incendi nelle strutture alberghiere: proroga al 31 dicembre 2012\"}]},{\"@type\":\"WebSite\",\"@id\":\"https:\\\/\\\/www.bellunopress.it\\\/#website\",\"url\":\"https:\\\/\\\/www.bellunopress.it\\\/\",\"name\":\"Bellunopress - Dolomiti\",\"description\":\"e-mail: redazione@bellunopress.it\",\"publisher\":{\"@id\":\"https:\\\/\\\/www.bellunopress.it\\\/#organization\"},\"potentialAction\":[{\"@type\":\"SearchAction\",\"target\":{\"@type\":\"EntryPoint\",\"urlTemplate\":\"https:\\\/\\\/www.bellunopress.it\\\/?s={search_term_string}\"},\"query-input\":{\"@type\":\"PropertyValueSpecification\",\"valueRequired\":true,\"valueName\":\"search_term_string\"}}],\"inLanguage\":\"fr-FR\"},{\"@type\":\"Organization\",\"@id\":\"https:\\\/\\\/www.bellunopress.it\\\/#organization\",\"name\":\"Bellunopress\",\"url\":\"https:\\\/\\\/www.bellunopress.it\\\/\",\"logo\":{\"@type\":\"ImageObject\",\"inLanguage\":\"fr-FR\",\"@id\":\"https:\\\/\\\/www.bellunopress.it\\\/#\\\/schema\\\/logo\\\/image\\\/\",\"url\":\"https:\\\/\\\/www.bellunopress.it\\\/wp-content\\\/uploads\\\/2011\\\/05\\\/cropped-logo-bellunopress-.jpg\",\"contentUrl\":\"https:\\\/\\\/www.bellunopress.it\\\/wp-content\\\/uploads\\\/2011\\\/05\\\/cropped-logo-bellunopress-.jpg\",\"width\":512,\"height\":512,\"caption\":\"Bellunopress\"},\"image\":{\"@id\":\"https:\\\/\\\/www.bellunopress.it\\\/#\\\/schema\\\/logo\\\/image\\\/\"},\"sameAs\":[\"https:\\\/\\\/www.facebook.com\\\/profile.php?id=100008943462799\",\"https:\\\/\\\/x.com\\\/bellunopress\",\"https:\\\/\\\/www.linkedin.com\\\/hp\\\/?dnr=JBzUWaJfMUw8vbXJJ2tVW5-I3jZKvC4wsoxE&amp;amp;amp;amp;amp;amp;trk=nav_responsive_tab_home\",\"https:\\\/\\\/www.youtube.com\\\/channel\\\/UCxL0wu1uN0_3_7hGG0306cw\"]},{\"@type\":\"Person\",\"@id\":\"https:\\\/\\\/www.bellunopress.it\\\/#\\\/schema\\\/person\\\/79bb06722b37ece1c03d3e94beb30d73\",\"name\":\"redazione\",\"image\":{\"@type\":\"ImageObject\",\"inLanguage\":\"fr-FR\",\"@id\":\"https:\\\/\\\/secure.gravatar.com\\\/avatar\\\/37d968a2e67a6fd04c169c4bdef102d0bc5d31b2546345219e348575eb80e9a0?s=96&d=mm&r=g\",\"url\":\"https:\\\/\\\/secure.gravatar.com\\\/avatar\\\/37d968a2e67a6fd04c169c4bdef102d0bc5d31b2546345219e348575eb80e9a0?s=96&d=mm&r=g\",\"contentUrl\":\"https:\\\/\\\/secure.gravatar.com\\\/avatar\\\/37d968a2e67a6fd04c169c4bdef102d0bc5d31b2546345219e348575eb80e9a0?s=96&d=mm&r=g\",\"caption\":\"redazione\"},\"sameAs\":[\"http:\\\/\\\/www.bellunopress.it\",\"https:\\\/\\\/x.com\\\/bellunopress\"],\"url\":\"https:\\\/\\\/www.bellunopress.it\\\/fr\\\/author\\\/redazione\\\/\"}]}<\/script>\n<!-- \/ Yoast SEO plugin. -->","yoast_head_json":{"title":"Prevenzione incendi nelle strutture alberghiere: proroga al 31 dicembre 2012 - Bellunopress - Dolomiti","robots":{"index":"index","follow":"follow","max-snippet":"max-snippet:-1","max-image-preview":"max-image-preview:large","max-video-preview":"max-video-preview:-1"},"canonical":"https:\/\/www.bellunopress.it\/fr\/2012\/01\/03\/prevenzione-incendi-nelle-strutture-alberghiere-proroga-al-31-dicembre-2012\/","og_locale":"fr_FR","og_type":"article","og_title":"Prevenzione incendi nelle strutture alberghiere: proroga al 31 dicembre 2012 - Bellunopress - Dolomiti","og_description":"Sulla Gazzetta Ufficiale del 30 dicembre \u00e8 stato pubblicato il provvedimento di proroga al 31 dicembre 2012 il termine per il definitivo adeguamento alle disposizioni di prevenzione incendi da parte delle strutture ricettive turistico-alberghiere con oltre 25 posti letto esistenti alla data di entrata in vigore del decreto del Ministro dell\u2019Interno del 9 aprile 1994. [&hellip;]","og_url":"https:\/\/www.bellunopress.it\/fr\/2012\/01\/03\/prevenzione-incendi-nelle-strutture-alberghiere-proroga-al-31-dicembre-2012\/","og_site_name":"Bellunopress - Dolomiti","article_publisher":"https:\/\/www.facebook.com\/profile.php?id=100008943462799","article_published_time":"2012-01-03T08:33:25+00:00","og_image":[{"url":"http:\/\/www.bellunopress.it\/wp-content\/uploads\/2010\/01\/ascom.jpg","type":"","width":"","height":""}],"author":"redazione","twitter_card":"summary_large_image","twitter_creator":"@bellunopress","twitter_site":"@bellunopress","twitter_misc":{"\u00c9crit par":"redazione"},"schema":{"@context":"https:\/\/schema.org","@graph":[{"@type":"Article","@id":"https:\/\/www.bellunopress.it\/2012\/01\/03\/prevenzione-incendi-nelle-strutture-alberghiere-proroga-al-31-dicembre-2012\/#article","isPartOf":{"@id":"https:\/\/www.bellunopress.it\/2012\/01\/03\/prevenzione-incendi-nelle-strutture-alberghiere-proroga-al-31-dicembre-2012\/"},"author":{"name":"redazione","@id":"https:\/\/www.bellunopress.it\/#\/schema\/person\/79bb06722b37ece1c03d3e94beb30d73"},"headline":"Prevenzione incendi nelle strutture alberghiere: proroga al 31 dicembre 2012","datePublished":"2012-01-03T08:33:25+00:00","mainEntityOfPage":{"@id":"https:\/\/www.bellunopress.it\/2012\/01\/03\/prevenzione-incendi-nelle-strutture-alberghiere-proroga-al-31-dicembre-2012\/"},"wordCount":107,"publisher":{"@id":"https:\/\/www.bellunopress.it\/#organization"},"image":{"@id":"https:\/\/www.bellunopress.it\/2012\/01\/03\/prevenzione-incendi-nelle-strutture-alberghiere-proroga-al-31-dicembre-2012\/#primaryimage"},"thumbnailUrl":"http:\/\/www.bellunopress.it\/wp-content\/uploads\/2010\/01\/ascom.jpg","articleSection":["Lavoro, Economia, Turismo","Prima Pagina"],"inLanguage":"fr-FR"},{"@type":"WebPage","@id":"https:\/\/www.bellunopress.it\/2012\/01\/03\/prevenzione-incendi-nelle-strutture-alberghiere-proroga-al-31-dicembre-2012\/","url":"https:\/\/www.bellunopress.it\/2012\/01\/03\/prevenzione-incendi-nelle-strutture-alberghiere-proroga-al-31-dicembre-2012\/","name":"Prevenzione incendi nelle strutture alberghiere: proroga al 31 dicembre 2012 - Bellunopress - Dolomiti","isPartOf":{"@id":"https:\/\/www.bellunopress.it\/#website"},"primaryImageOfPage":{"@id":"https:\/\/www.bellunopress.it\/2012\/01\/03\/prevenzione-incendi-nelle-strutture-alberghiere-proroga-al-31-dicembre-2012\/#primaryimage"},"image":{"@id":"https:\/\/www.bellunopress.it\/2012\/01\/03\/prevenzione-incendi-nelle-strutture-alberghiere-proroga-al-31-dicembre-2012\/#primaryimage"},"thumbnailUrl":"http:\/\/www.bellunopress.it\/wp-content\/uploads\/2010\/01\/ascom.jpg","datePublished":"2012-01-03T08:33:25+00:00","breadcrumb":{"@id":"https:\/\/www.bellunopress.it\/2012\/01\/03\/prevenzione-incendi-nelle-strutture-alberghiere-proroga-al-31-dicembre-2012\/#breadcrumb"},"inLanguage":"fr-FR","potentialAction":[{"@type":"ReadAction","target":["https:\/\/www.bellunopress.it\/2012\/01\/03\/prevenzione-incendi-nelle-strutture-alberghiere-proroga-al-31-dicembre-2012\/"]}]},{"@type":"ImageObject","inLanguage":"fr-FR","@id":"https:\/\/www.bellunopress.it\/2012\/01\/03\/prevenzione-incendi-nelle-strutture-alberghiere-proroga-al-31-dicembre-2012\/#primaryimage","url":"http:\/\/www.bellunopress.it\/wp-content\/uploads\/2010\/01\/ascom.jpg","contentUrl":"http:\/\/www.bellunopress.it\/wp-content\/uploads\/2010\/01\/ascom.jpg"},{"@type":"BreadcrumbList","@id":"https:\/\/www.bellunopress.it\/2012\/01\/03\/prevenzione-incendi-nelle-strutture-alberghiere-proroga-al-31-dicembre-2012\/#breadcrumb","itemListElement":[{"@type":"ListItem","position":1,"name":"Home","item":"https:\/\/www.bellunopress.it\/"},{"@type":"ListItem","position":2,"name":"Prevenzione incendi nelle strutture alberghiere: proroga al 31 dicembre 2012"}]},{"@type":"WebSite","@id":"https:\/\/www.bellunopress.it\/#website","url":"https:\/\/www.bellunopress.it\/","name":"Bellunopress - Dolomiti","description":"e-mail: redazione@bellunopress.it","publisher":{"@id":"https:\/\/www.bellunopress.it\/#organization"},"potentialAction":[{"@type":"SearchAction","target":{"@type":"EntryPoint","urlTemplate":"https:\/\/www.bellunopress.it\/?s={search_term_string}"},"query-input":{"@type":"PropertyValueSpecification","valueRequired":true,"valueName":"search_term_string"}}],"inLanguage":"fr-FR"},{"@type":"Organization","@id":"https:\/\/www.bellunopress.it\/#organization","name":"Bellunopress","url":"https:\/\/www.bellunopress.it\/","logo":{"@type":"ImageObject","inLanguage":"fr-FR","@id":"https:\/\/www.bellunopress.it\/#\/schema\/logo\/image\/","url":"https:\/\/www.bellunopress.it\/wp-content\/uploads\/2011\/05\/cropped-logo-bellunopress-.jpg","contentUrl":"https:\/\/www.bellunopress.it\/wp-content\/uploads\/2011\/05\/cropped-logo-bellunopress-.jpg","width":512,"height":512,"caption":"Bellunopress"},"image":{"@id":"https:\/\/www.bellunopress.it\/#\/schema\/logo\/image\/"},"sameAs":["https:\/\/www.facebook.com\/profile.php?id=100008943462799","https:\/\/x.com\/bellunopress","https:\/\/www.linkedin.com\/hp\/?dnr=JBzUWaJfMUw8vbXJJ2tVW5-I3jZKvC4wsoxE&amp;amp;amp;amp;amp;amp;trk=nav_responsive_tab_home","https:\/\/www.youtube.com\/channel\/UCxL0wu1uN0_3_7hGG0306cw"]},{"@type":"Person","@id":"https:\/\/www.bellunopress.it\/#\/schema\/person\/79bb06722b37ece1c03d3e94beb30d73","name":"r\u00e9daction","image":{"@type":"ImageObject","inLanguage":"fr-FR","@id":"https:\/\/secure.gravatar.com\/avatar\/37d968a2e67a6fd04c169c4bdef102d0bc5d31b2546345219e348575eb80e9a0?s=96&d=mm&r=g","url":"https:\/\/secure.gravatar.com\/avatar\/37d968a2e67a6fd04c169c4bdef102d0bc5d31b2546345219e348575eb80e9a0?s=96&d=mm&r=g","contentUrl":"https:\/\/secure.gravatar.com\/avatar\/37d968a2e67a6fd04c169c4bdef102d0bc5d31b2546345219e348575eb80e9a0?s=96&d=mm&r=g","caption":"redazione"},"sameAs":["http:\/\/www.bellunopress.it","https:\/\/x.com\/bellunopress"],"url":"https:\/\/www.bellunopress.it\/fr\/author\/redazione\/"}]}},"_links":{"self":[{"href":"https:\/\/www.bellunopress.it\/fr\/wp-json\/wp\/v2\/posts\/33853","targetHints":{"allow":["GET"]}}],"collection":[{"href":"https:\/\/www.bellunopress.it\/fr\/wp-json\/wp\/v2\/posts"}],"about":[{"href":"https:\/\/www.bellunopress.it\/fr\/wp-json\/wp\/v2\/types\/post"}],"author":[{"embeddable":true,"href":"https:\/\/www.bellunopress.it\/fr\/wp-json\/wp\/v2\/users\/2"}],"replies":[{"embeddable":true,"href":"https:\/\/www.bellunopress.it\/fr\/wp-json\/wp\/v2\/comments?post=33853"}],"version-history":[{"count":1,"href":"https:\/\/www.bellunopress.it\/fr\/wp-json\/wp\/v2\/posts\/33853\/revisions"}],"predecessor-version":[{"id":33854,"href":"https:\/\/www.bellunopress.it\/fr\/wp-json\/wp\/v2\/posts\/33853\/revisions\/33854"}],"wp:attachment":[{"href":"https:\/\/www.bellunopress.it\/fr\/wp-json\/wp\/v2\/media?parent=33853"}],"wp:term":[{"taxonomy":"category","embeddable":true,"href":"https:\/\/www.bellunopress.it\/fr\/wp-json\/wp\/v2\/categories?post=33853"},{"taxonomy":"post_tag","embeddable":true,"href":"https:\/\/www.bellunopress.it\/fr\/wp-json\/wp\/v2\/tags?post=33853"}],"curies":[{"name":"wp","href":"https:\/\/api.w.org\/{rel}","templated":true}]}}