{"id":33851,"date":"2012-01-03T09:28:12","date_gmt":"2012-01-03T08:28:12","guid":{"rendered":"http:\/\/www.bellunopress.it\/?p=33851"},"modified":"2012-01-03T09:28:12","modified_gmt":"2012-01-03T08:28:12","slug":"968mila-euro-alla-montagna-dalla-regione-finozzi-e-la-chiara-testimonianza-di-attenzione-verso-il-territorio","status":"publish","type":"post","link":"https:\/\/www.bellunopress.it\/fr\/2012\/01\/03\/968mila-euro-alla-montagna-dalla-regione-finozzi-e-la-chiara-testimonianza-di-attenzione-verso-il-territorio\/","title":{"rendered":"968mila euro alla montagna dalla Regione. Finozzi: &#8220;E&#8217; la chiara testimonianza di attenzione verso il territorio&#8221;"},"content":{"rendered":"<figure id=\"attachment_14949\" aria-describedby=\"caption-attachment-14949\" style=\"width: 130px\" class=\"wp-caption alignleft\"><a href=\"http:\/\/www.bellunopress.it\/wp-content\/uploads\/2010\/05\/marino-finozzi-leggeriss.jpg\"><img loading=\"lazy\" decoding=\"async\" class=\"size-full wp-image-14949\" title=\"marino-finozzi-leggeriss\" src=\"http:\/\/www.bellunopress.it\/wp-content\/uploads\/2010\/05\/marino-finozzi-leggeriss.jpg\" alt=\"\" width=\"130\" height=\"130\" \/><\/a><figcaption id=\"caption-attachment-14949\" class=\"wp-caption-text\">Marino Finozzi<\/figcaption><\/figure>\n<p>Ammonta a 968 mila euro complessivi l&#8217;impegno finanziario deciso dalla Giunta regionale nell&#8217;ultima seduta del 2011 a favore della montagna veneta. \u201cE&#8217; la pi\u00f9 recente e chiara testimonianza di attenzione verso una parte del nostro territorio \u2013 ha sottolineato l&#8217;assessore Marino Finozzi \u2013 che ha problematiche particolari e dove, nello stesso tempo, la presenza attiva delle comunit\u00e0 locali svolge una funzione di tipo pubblico per tutta la regione, garantendo la manutenzione e la sorveglianza di aree oggettivamente difficili rispetto alla pianura\u201d. L&#8217;impegno finanziario \u00e8 avvenuto con pi\u00f9 provvedimenti relativi a comparti specifici. Alla luce dell&#8217;assestamento di Bilancio, ulteriori 250 mila euro sono andati alle Comunit\u00e0 Montane per l&#8217;erogazione del premio annuo per la conservazione delle aree prative, di contributi per la manutenzione di superfici agricole e forestali abbandonate e di contributi per l\u2019esecuzione di interventi manutentori a favore di infrastrutture e manufatti a utilizzazione collettiva. Alle Comunit\u00e0 Montane sono stati inoltre trasferiti 140 mila euro per l\u2019esercizio delle funzioni in materia di turismo relative alla manutenzione, al ripristino della segnaletica e alla messa in sicurezza dei sentieri alpini, delle vie ferrate e dei bivacchi di montagna. Per la realizzazione di iniziative volte alla promozione e alla valorizzazione delle opportunit\u00e0 turistiche delle Dolomiti, dei sui itinerari e della montagna veneta, 350 mila euro sono stati destinati alla Struttura Associata \u201cConsorzio Dolomiti\u201d. Infine 228 mila euro andranno da un lato al CAI del Veneto per iniziative di promozione e informazione volte a far conoscere l\u2019ambiente montano e ad accrescere l&#8217;attenzione da parte dei turisti sui rischi che caratterizzano la frequentazione dei luoghi di montagna; dall\u2019altro alle Comunit\u00e0 montane per la valorizzazione e qualificazione degli itinerari turistici d\u2019alta montagna. \u201cQuesti interventi e i relativi finanziamenti \u2013 ha ricordato Finozzi \u2013 si aggiungono alle altre iniziative attivate nel 2011 per promuovere l&#8217;economia e lo sviluppo della montagna. Con il Disegno di Legge n 180 &#8216;Sostegno allo sviluppo sostenibile e innovativo della montagna veneta&#8217; abbiamo fornito un quadro normativo di interventi mirati a carattere integrato per l&#8217;area montana, che riguardano agricoltura, turismo, assetto e salvaguardia del territorio, servizi sociali, con particolare riguardo alle aree pi\u00f9 marginali. L&#8217;obiettivo \u00e8 di contribuire a ridurre lo squilibrio con le aree di pianura e fra le stesse aree montane a diverso grado di sviluppo. Siamo anche intervenuti per riformare l\u2019ordinamento delle Comunit\u00e0 Montane,\u00a0 che hanno svolto e svolgono un ruolo di presidio economico sociale per il territorio e che, alla luce delle nuove esigenze di razionalizzazione dei costi e di obbligo della gestione associata di funzioni e servizi da parte dei Comuni, dovranno evolvere il loro ruolo in enti erogatori di servizi per la collettivit\u00e0. Abbiamo pure semplificato le attivit\u00e0 di raccolta dei funghi, a beneficio sia degli enti preposti che dei raccoglitori,\u00a0 un provvedimento per il sostegno dell&#8217;attivit\u00e0 di tartuficoltura, nicchia economica importante soprattutto per l\u2019area pedemontana \u201cCon le Comunit\u00e0 Montane \u2013 ha aggiunto l&#8217;assessore \u2013 erano gi\u00e0 stati attivati i programmi di conservazione delle aree prative, di manutenzione\u00a0 di superfici agricole e forestali abbandonate e di interventi manutentori per un totale di 850mila euro. Con 140 mila euro era stato finanziato un primo intervento tramite Comunit\u00e0 Montane e CAI Veneto per l\u2019attivit\u00e0 turistica montana, strategica per lo sviluppo e il consolidamento dell\u2019economia locale. Si sono anche conclusi importanti lavori di ristrutturazione, ammodernamento e messa in sicurezza delle aree sciabili venete per un importo complessivo di circa 15 milioni di euro, dei quali 5 come contributo regionale in parte a fondo perduto in parte come agevolazione finanziaria. Abbiamo anche rivisto la legge del 2008 sulla disciplina degli impianti a fune adibiti a servizio pubblico di trasporto, delle piste e dei sistemi di innevamento programmato e della sicurezza nella pratica degli sport sulla neve, per far fronte a problematiche emerse in fase di applicazione e per adeguarsi all\u2019evoluzione degli scenari normativi nazionali ed europei\u201d. \u201cVoglio infine ricordare \u2013 ha concluso Finozzi \u2013 i corsi di formazione per addetti al soccorso in pista e per preposti alla sicurezza in aeree scibili attrezzate, allo scopo di sviluppare nuove professioni e affiancare nuove risorse per rendere ancora pi\u00f9 efficace il servizio e qualificare ulteriormente l\u2019offerta turistica veneta\u201d.<\/p>\n<p>&nbsp;<\/p>","protected":false},"excerpt":{"rendered":"<p>Ammonta a 968 mila euro complessivi l&#8217;impegno finanziario deciso dalla Giunta regionale nell&#8217;ultima seduta del 2011 a favore della montagna veneta. \u201cE&#8217; la pi\u00f9 recente e chiara testimonianza di attenzione verso una parte del nostro territorio \u2013 ha sottolineato l&#8217;assessore Marino Finozzi \u2013 che ha problematiche particolari e dove, nello stesso tempo, la presenza attiva [&hellip;]<\/p>\n","protected":false},"author":2,"featured_media":0,"comment_status":"closed","ping_status":"open","sticky":false,"template":"","format":"standard","meta":{"footnotes":""},"categories":[5,26],"tags":[],"class_list":["post-33851","post","type-post","status-publish","format-standard","category-cronaca","category-prima-pagina"],"yoast_head":"<!-- This site is optimized with the Yoast SEO plugin v28.4 - https:\/\/yoast.com\/product\/yoast-seo-wordpress\/ -->\n<title>968mila euro alla montagna dalla Regione. Finozzi: &quot;E&#039; la chiara testimonianza di attenzione verso il territorio&quot; - Bellunopress - Dolomiti<\/title>\n<meta name=\"robots\" content=\"index, follow, max-snippet:-1, max-image-preview:large, max-video-preview:-1\" \/>\n<link rel=\"canonical\" href=\"https:\/\/www.bellunopress.it\/fr\/2012\/01\/03\/968mila-euro-alla-montagna-dalla-regione-finozzi-e-la-chiara-testimonianza-di-attenzione-verso-il-territorio\/\" \/>\n<meta property=\"og:locale\" content=\"fr_FR\" \/>\n<meta property=\"og:type\" content=\"article\" \/>\n<meta property=\"og:title\" content=\"968mila euro alla montagna dalla Regione. Finozzi: &quot;E&#039; la chiara testimonianza di attenzione verso il territorio&quot; - Bellunopress - Dolomiti\" \/>\n<meta property=\"og:description\" content=\"Ammonta a 968 mila euro complessivi l&#8217;impegno finanziario deciso dalla Giunta regionale nell&#8217;ultima seduta del 2011 a favore della montagna veneta. \u201cE&#8217; la pi\u00f9 recente e chiara testimonianza di attenzione verso una parte del nostro territorio \u2013 ha sottolineato l&#8217;assessore Marino Finozzi \u2013 che ha problematiche particolari e dove, nello stesso tempo, la presenza attiva [&hellip;]\" \/>\n<meta property=\"og:url\" content=\"https:\/\/www.bellunopress.it\/fr\/2012\/01\/03\/968mila-euro-alla-montagna-dalla-regione-finozzi-e-la-chiara-testimonianza-di-attenzione-verso-il-territorio\/\" \/>\n<meta property=\"og:site_name\" content=\"Bellunopress - Dolomiti\" \/>\n<meta property=\"article:publisher\" content=\"https:\/\/www.facebook.com\/profile.php?id=100008943462799\" \/>\n<meta property=\"article:published_time\" content=\"2012-01-03T08:28:12+00:00\" \/>\n<meta property=\"og:image\" content=\"http:\/\/www.bellunopress.it\/wp-content\/uploads\/2010\/05\/marino-finozzi-leggeriss.jpg\" \/>\n<meta name=\"author\" content=\"redazione\" \/>\n<meta name=\"twitter:card\" content=\"summary_large_image\" \/>\n<meta name=\"twitter:creator\" content=\"@bellunopress\" \/>\n<meta name=\"twitter:site\" content=\"@bellunopress\" \/>\n<meta name=\"twitter:label1\" content=\"\u00c9crit par\" \/>\n\t<meta name=\"twitter:data1\" content=\"redazione\" \/>\n\t<meta name=\"twitter:label2\" content=\"Dur\u00e9e de lecture estim\u00e9e\" \/>\n\t<meta name=\"twitter:data2\" content=\"3 minutes\" \/>\n<script type=\"application\/ld+json\" class=\"yoast-schema-graph\">{\"@context\":\"https:\\\/\\\/schema.org\",\"@graph\":[{\"@type\":\"Article\",\"@id\":\"https:\\\/\\\/www.bellunopress.it\\\/2012\\\/01\\\/03\\\/968mila-euro-alla-montagna-dalla-regione-finozzi-e-la-chiara-testimonianza-di-attenzione-verso-il-territorio\\\/#article\",\"isPartOf\":{\"@id\":\"https:\\\/\\\/www.bellunopress.it\\\/2012\\\/01\\\/03\\\/968mila-euro-alla-montagna-dalla-regione-finozzi-e-la-chiara-testimonianza-di-attenzione-verso-il-territorio\\\/\"},\"author\":{\"name\":\"redazione\",\"@id\":\"https:\\\/\\\/www.bellunopress.it\\\/#\\\/schema\\\/person\\\/79bb06722b37ece1c03d3e94beb30d73\"},\"headline\":\"968mila euro alla montagna dalla Regione. Finozzi: &#8220;E&#8217; la chiara testimonianza di attenzione verso il territorio&#8221;\",\"datePublished\":\"2012-01-03T08:28:12+00:00\",\"mainEntityOfPage\":{\"@id\":\"https:\\\/\\\/www.bellunopress.it\\\/2012\\\/01\\\/03\\\/968mila-euro-alla-montagna-dalla-regione-finozzi-e-la-chiara-testimonianza-di-attenzione-verso-il-territorio\\\/\"},\"wordCount\":713,\"publisher\":{\"@id\":\"https:\\\/\\\/www.bellunopress.it\\\/#organization\"},\"image\":{\"@id\":\"https:\\\/\\\/www.bellunopress.it\\\/2012\\\/01\\\/03\\\/968mila-euro-alla-montagna-dalla-regione-finozzi-e-la-chiara-testimonianza-di-attenzione-verso-il-territorio\\\/#primaryimage\"},\"thumbnailUrl\":\"http:\\\/\\\/www.bellunopress.it\\\/wp-content\\\/uploads\\\/2010\\\/05\\\/marino-finozzi-leggeriss.jpg\",\"articleSection\":[\"Cronaca\\\/Politica\",\"Prima Pagina\"],\"inLanguage\":\"fr-FR\"},{\"@type\":\"WebPage\",\"@id\":\"https:\\\/\\\/www.bellunopress.it\\\/2012\\\/01\\\/03\\\/968mila-euro-alla-montagna-dalla-regione-finozzi-e-la-chiara-testimonianza-di-attenzione-verso-il-territorio\\\/\",\"url\":\"https:\\\/\\\/www.bellunopress.it\\\/2012\\\/01\\\/03\\\/968mila-euro-alla-montagna-dalla-regione-finozzi-e-la-chiara-testimonianza-di-attenzione-verso-il-territorio\\\/\",\"name\":\"968mila euro alla montagna dalla Regione. Finozzi: \\\"E' la chiara testimonianza di attenzione verso il territorio\\\" - Bellunopress - Dolomiti\",\"isPartOf\":{\"@id\":\"https:\\\/\\\/www.bellunopress.it\\\/#website\"},\"primaryImageOfPage\":{\"@id\":\"https:\\\/\\\/www.bellunopress.it\\\/2012\\\/01\\\/03\\\/968mila-euro-alla-montagna-dalla-regione-finozzi-e-la-chiara-testimonianza-di-attenzione-verso-il-territorio\\\/#primaryimage\"},\"image\":{\"@id\":\"https:\\\/\\\/www.bellunopress.it\\\/2012\\\/01\\\/03\\\/968mila-euro-alla-montagna-dalla-regione-finozzi-e-la-chiara-testimonianza-di-attenzione-verso-il-territorio\\\/#primaryimage\"},\"thumbnailUrl\":\"http:\\\/\\\/www.bellunopress.it\\\/wp-content\\\/uploads\\\/2010\\\/05\\\/marino-finozzi-leggeriss.jpg\",\"datePublished\":\"2012-01-03T08:28:12+00:00\",\"breadcrumb\":{\"@id\":\"https:\\\/\\\/www.bellunopress.it\\\/2012\\\/01\\\/03\\\/968mila-euro-alla-montagna-dalla-regione-finozzi-e-la-chiara-testimonianza-di-attenzione-verso-il-territorio\\\/#breadcrumb\"},\"inLanguage\":\"fr-FR\",\"potentialAction\":[{\"@type\":\"ReadAction\",\"target\":[\"https:\\\/\\\/www.bellunopress.it\\\/2012\\\/01\\\/03\\\/968mila-euro-alla-montagna-dalla-regione-finozzi-e-la-chiara-testimonianza-di-attenzione-verso-il-territorio\\\/\"]}]},{\"@type\":\"ImageObject\",\"inLanguage\":\"fr-FR\",\"@id\":\"https:\\\/\\\/www.bellunopress.it\\\/2012\\\/01\\\/03\\\/968mila-euro-alla-montagna-dalla-regione-finozzi-e-la-chiara-testimonianza-di-attenzione-verso-il-territorio\\\/#primaryimage\",\"url\":\"http:\\\/\\\/www.bellunopress.it\\\/wp-content\\\/uploads\\\/2010\\\/05\\\/marino-finozzi-leggeriss.jpg\",\"contentUrl\":\"http:\\\/\\\/www.bellunopress.it\\\/wp-content\\\/uploads\\\/2010\\\/05\\\/marino-finozzi-leggeriss.jpg\"},{\"@type\":\"BreadcrumbList\",\"@id\":\"https:\\\/\\\/www.bellunopress.it\\\/2012\\\/01\\\/03\\\/968mila-euro-alla-montagna-dalla-regione-finozzi-e-la-chiara-testimonianza-di-attenzione-verso-il-territorio\\\/#breadcrumb\",\"itemListElement\":[{\"@type\":\"ListItem\",\"position\":1,\"name\":\"Home\",\"item\":\"https:\\\/\\\/www.bellunopress.it\\\/\"},{\"@type\":\"ListItem\",\"position\":2,\"name\":\"968mila euro alla montagna dalla Regione. Finozzi: &#8220;E&#8217; la chiara testimonianza di attenzione verso il territorio&#8221;\"}]},{\"@type\":\"WebSite\",\"@id\":\"https:\\\/\\\/www.bellunopress.it\\\/#website\",\"url\":\"https:\\\/\\\/www.bellunopress.it\\\/\",\"name\":\"Bellunopress - Dolomiti\",\"description\":\"e-mail: redazione@bellunopress.it\",\"publisher\":{\"@id\":\"https:\\\/\\\/www.bellunopress.it\\\/#organization\"},\"potentialAction\":[{\"@type\":\"SearchAction\",\"target\":{\"@type\":\"EntryPoint\",\"urlTemplate\":\"https:\\\/\\\/www.bellunopress.it\\\/?s={search_term_string}\"},\"query-input\":{\"@type\":\"PropertyValueSpecification\",\"valueRequired\":true,\"valueName\":\"search_term_string\"}}],\"inLanguage\":\"fr-FR\"},{\"@type\":\"Organization\",\"@id\":\"https:\\\/\\\/www.bellunopress.it\\\/#organization\",\"name\":\"Bellunopress\",\"url\":\"https:\\\/\\\/www.bellunopress.it\\\/\",\"logo\":{\"@type\":\"ImageObject\",\"inLanguage\":\"fr-FR\",\"@id\":\"https:\\\/\\\/www.bellunopress.it\\\/#\\\/schema\\\/logo\\\/image\\\/\",\"url\":\"https:\\\/\\\/www.bellunopress.it\\\/wp-content\\\/uploads\\\/2011\\\/05\\\/cropped-logo-bellunopress-.jpg\",\"contentUrl\":\"https:\\\/\\\/www.bellunopress.it\\\/wp-content\\\/uploads\\\/2011\\\/05\\\/cropped-logo-bellunopress-.jpg\",\"width\":512,\"height\":512,\"caption\":\"Bellunopress\"},\"image\":{\"@id\":\"https:\\\/\\\/www.bellunopress.it\\\/#\\\/schema\\\/logo\\\/image\\\/\"},\"sameAs\":[\"https:\\\/\\\/www.facebook.com\\\/profile.php?id=100008943462799\",\"https:\\\/\\\/x.com\\\/bellunopress\",\"https:\\\/\\\/www.linkedin.com\\\/hp\\\/?dnr=JBzUWaJfMUw8vbXJJ2tVW5-I3jZKvC4wsoxE&amp;amp;amp;amp;amp;amp;trk=nav_responsive_tab_home\",\"https:\\\/\\\/www.youtube.com\\\/channel\\\/UCxL0wu1uN0_3_7hGG0306cw\"]},{\"@type\":\"Person\",\"@id\":\"https:\\\/\\\/www.bellunopress.it\\\/#\\\/schema\\\/person\\\/79bb06722b37ece1c03d3e94beb30d73\",\"name\":\"redazione\",\"image\":{\"@type\":\"ImageObject\",\"inLanguage\":\"fr-FR\",\"@id\":\"https:\\\/\\\/secure.gravatar.com\\\/avatar\\\/37d968a2e67a6fd04c169c4bdef102d0bc5d31b2546345219e348575eb80e9a0?s=96&d=mm&r=g\",\"url\":\"https:\\\/\\\/secure.gravatar.com\\\/avatar\\\/37d968a2e67a6fd04c169c4bdef102d0bc5d31b2546345219e348575eb80e9a0?s=96&d=mm&r=g\",\"contentUrl\":\"https:\\\/\\\/secure.gravatar.com\\\/avatar\\\/37d968a2e67a6fd04c169c4bdef102d0bc5d31b2546345219e348575eb80e9a0?s=96&d=mm&r=g\",\"caption\":\"redazione\"},\"sameAs\":[\"http:\\\/\\\/www.bellunopress.it\",\"https:\\\/\\\/x.com\\\/bellunopress\"],\"url\":\"https:\\\/\\\/www.bellunopress.it\\\/fr\\\/author\\\/redazione\\\/\"}]}<\/script>\n<!-- \/ Yoast SEO plugin. -->","yoast_head_json":{"title":"968mila euro alla montagna dalla Regione. Finozzi: \"E' la chiara testimonianza di attenzione verso il territorio\" - Bellunopress - Dolomiti","robots":{"index":"index","follow":"follow","max-snippet":"max-snippet:-1","max-image-preview":"max-image-preview:large","max-video-preview":"max-video-preview:-1"},"canonical":"https:\/\/www.bellunopress.it\/fr\/2012\/01\/03\/968mila-euro-alla-montagna-dalla-regione-finozzi-e-la-chiara-testimonianza-di-attenzione-verso-il-territorio\/","og_locale":"fr_FR","og_type":"article","og_title":"968mila euro alla montagna dalla Regione. Finozzi: \"E' la chiara testimonianza di attenzione verso il territorio\" - Bellunopress - Dolomiti","og_description":"Ammonta a 968 mila euro complessivi l&#8217;impegno finanziario deciso dalla Giunta regionale nell&#8217;ultima seduta del 2011 a favore della montagna veneta. \u201cE&#8217; la pi\u00f9 recente e chiara testimonianza di attenzione verso una parte del nostro territorio \u2013 ha sottolineato l&#8217;assessore Marino Finozzi \u2013 che ha problematiche particolari e dove, nello stesso tempo, la presenza attiva [&hellip;]","og_url":"https:\/\/www.bellunopress.it\/fr\/2012\/01\/03\/968mila-euro-alla-montagna-dalla-regione-finozzi-e-la-chiara-testimonianza-di-attenzione-verso-il-territorio\/","og_site_name":"Bellunopress - Dolomiti","article_publisher":"https:\/\/www.facebook.com\/profile.php?id=100008943462799","article_published_time":"2012-01-03T08:28:12+00:00","og_image":[{"url":"http:\/\/www.bellunopress.it\/wp-content\/uploads\/2010\/05\/marino-finozzi-leggeriss.jpg","type":"","width":"","height":""}],"author":"redazione","twitter_card":"summary_large_image","twitter_creator":"@bellunopress","twitter_site":"@bellunopress","twitter_misc":{"\u00c9crit par":"redazione","Dur\u00e9e de lecture estim\u00e9e":"3 minutes"},"schema":{"@context":"https:\/\/schema.org","@graph":[{"@type":"Article","@id":"https:\/\/www.bellunopress.it\/2012\/01\/03\/968mila-euro-alla-montagna-dalla-regione-finozzi-e-la-chiara-testimonianza-di-attenzione-verso-il-territorio\/#article","isPartOf":{"@id":"https:\/\/www.bellunopress.it\/2012\/01\/03\/968mila-euro-alla-montagna-dalla-regione-finozzi-e-la-chiara-testimonianza-di-attenzione-verso-il-territorio\/"},"author":{"name":"redazione","@id":"https:\/\/www.bellunopress.it\/#\/schema\/person\/79bb06722b37ece1c03d3e94beb30d73"},"headline":"968mila euro alla montagna dalla Regione. Finozzi: &#8220;E&#8217; la chiara testimonianza di attenzione verso il territorio&#8221;","datePublished":"2012-01-03T08:28:12+00:00","mainEntityOfPage":{"@id":"https:\/\/www.bellunopress.it\/2012\/01\/03\/968mila-euro-alla-montagna-dalla-regione-finozzi-e-la-chiara-testimonianza-di-attenzione-verso-il-territorio\/"},"wordCount":713,"publisher":{"@id":"https:\/\/www.bellunopress.it\/#organization"},"image":{"@id":"https:\/\/www.bellunopress.it\/2012\/01\/03\/968mila-euro-alla-montagna-dalla-regione-finozzi-e-la-chiara-testimonianza-di-attenzione-verso-il-territorio\/#primaryimage"},"thumbnailUrl":"http:\/\/www.bellunopress.it\/wp-content\/uploads\/2010\/05\/marino-finozzi-leggeriss.jpg","articleSection":["Cronaca\/Politica","Prima Pagina"],"inLanguage":"fr-FR"},{"@type":"WebPage","@id":"https:\/\/www.bellunopress.it\/2012\/01\/03\/968mila-euro-alla-montagna-dalla-regione-finozzi-e-la-chiara-testimonianza-di-attenzione-verso-il-territorio\/","url":"https:\/\/www.bellunopress.it\/2012\/01\/03\/968mila-euro-alla-montagna-dalla-regione-finozzi-e-la-chiara-testimonianza-di-attenzione-verso-il-territorio\/","name":"968mila euro alla montagna dalla Regione. Finozzi: \"E' la chiara testimonianza di attenzione verso il territorio\" - Bellunopress - Dolomiti","isPartOf":{"@id":"https:\/\/www.bellunopress.it\/#website"},"primaryImageOfPage":{"@id":"https:\/\/www.bellunopress.it\/2012\/01\/03\/968mila-euro-alla-montagna-dalla-regione-finozzi-e-la-chiara-testimonianza-di-attenzione-verso-il-territorio\/#primaryimage"},"image":{"@id":"https:\/\/www.bellunopress.it\/2012\/01\/03\/968mila-euro-alla-montagna-dalla-regione-finozzi-e-la-chiara-testimonianza-di-attenzione-verso-il-territorio\/#primaryimage"},"thumbnailUrl":"http:\/\/www.bellunopress.it\/wp-content\/uploads\/2010\/05\/marino-finozzi-leggeriss.jpg","datePublished":"2012-01-03T08:28:12+00:00","breadcrumb":{"@id":"https:\/\/www.bellunopress.it\/2012\/01\/03\/968mila-euro-alla-montagna-dalla-regione-finozzi-e-la-chiara-testimonianza-di-attenzione-verso-il-territorio\/#breadcrumb"},"inLanguage":"fr-FR","potentialAction":[{"@type":"ReadAction","target":["https:\/\/www.bellunopress.it\/2012\/01\/03\/968mila-euro-alla-montagna-dalla-regione-finozzi-e-la-chiara-testimonianza-di-attenzione-verso-il-territorio\/"]}]},{"@type":"ImageObject","inLanguage":"fr-FR","@id":"https:\/\/www.bellunopress.it\/2012\/01\/03\/968mila-euro-alla-montagna-dalla-regione-finozzi-e-la-chiara-testimonianza-di-attenzione-verso-il-territorio\/#primaryimage","url":"http:\/\/www.bellunopress.it\/wp-content\/uploads\/2010\/05\/marino-finozzi-leggeriss.jpg","contentUrl":"http:\/\/www.bellunopress.it\/wp-content\/uploads\/2010\/05\/marino-finozzi-leggeriss.jpg"},{"@type":"BreadcrumbList","@id":"https:\/\/www.bellunopress.it\/2012\/01\/03\/968mila-euro-alla-montagna-dalla-regione-finozzi-e-la-chiara-testimonianza-di-attenzione-verso-il-territorio\/#breadcrumb","itemListElement":[{"@type":"ListItem","position":1,"name":"Home","item":"https:\/\/www.bellunopress.it\/"},{"@type":"ListItem","position":2,"name":"968mila euro alla montagna dalla Regione. Finozzi: &#8220;E&#8217; la chiara testimonianza di attenzione verso il territorio&#8221;"}]},{"@type":"WebSite","@id":"https:\/\/www.bellunopress.it\/#website","url":"https:\/\/www.bellunopress.it\/","name":"Bellunopress - Dolomiti","description":"e-mail: redazione@bellunopress.it","publisher":{"@id":"https:\/\/www.bellunopress.it\/#organization"},"potentialAction":[{"@type":"SearchAction","target":{"@type":"EntryPoint","urlTemplate":"https:\/\/www.bellunopress.it\/?s={search_term_string}"},"query-input":{"@type":"PropertyValueSpecification","valueRequired":true,"valueName":"search_term_string"}}],"inLanguage":"fr-FR"},{"@type":"Organization","@id":"https:\/\/www.bellunopress.it\/#organization","name":"Bellunopress","url":"https:\/\/www.bellunopress.it\/","logo":{"@type":"ImageObject","inLanguage":"fr-FR","@id":"https:\/\/www.bellunopress.it\/#\/schema\/logo\/image\/","url":"https:\/\/www.bellunopress.it\/wp-content\/uploads\/2011\/05\/cropped-logo-bellunopress-.jpg","contentUrl":"https:\/\/www.bellunopress.it\/wp-content\/uploads\/2011\/05\/cropped-logo-bellunopress-.jpg","width":512,"height":512,"caption":"Bellunopress"},"image":{"@id":"https:\/\/www.bellunopress.it\/#\/schema\/logo\/image\/"},"sameAs":["https:\/\/www.facebook.com\/profile.php?id=100008943462799","https:\/\/x.com\/bellunopress","https:\/\/www.linkedin.com\/hp\/?dnr=JBzUWaJfMUw8vbXJJ2tVW5-I3jZKvC4wsoxE&amp;amp;amp;amp;amp;amp;trk=nav_responsive_tab_home","https:\/\/www.youtube.com\/channel\/UCxL0wu1uN0_3_7hGG0306cw"]},{"@type":"Person","@id":"https:\/\/www.bellunopress.it\/#\/schema\/person\/79bb06722b37ece1c03d3e94beb30d73","name":"r\u00e9daction","image":{"@type":"ImageObject","inLanguage":"fr-FR","@id":"https:\/\/secure.gravatar.com\/avatar\/37d968a2e67a6fd04c169c4bdef102d0bc5d31b2546345219e348575eb80e9a0?s=96&d=mm&r=g","url":"https:\/\/secure.gravatar.com\/avatar\/37d968a2e67a6fd04c169c4bdef102d0bc5d31b2546345219e348575eb80e9a0?s=96&d=mm&r=g","contentUrl":"https:\/\/secure.gravatar.com\/avatar\/37d968a2e67a6fd04c169c4bdef102d0bc5d31b2546345219e348575eb80e9a0?s=96&d=mm&r=g","caption":"redazione"},"sameAs":["http:\/\/www.bellunopress.it","https:\/\/x.com\/bellunopress"],"url":"https:\/\/www.bellunopress.it\/fr\/author\/redazione\/"}]}},"_links":{"self":[{"href":"https:\/\/www.bellunopress.it\/fr\/wp-json\/wp\/v2\/posts\/33851","targetHints":{"allow":["GET"]}}],"collection":[{"href":"https:\/\/www.bellunopress.it\/fr\/wp-json\/wp\/v2\/posts"}],"about":[{"href":"https:\/\/www.bellunopress.it\/fr\/wp-json\/wp\/v2\/types\/post"}],"author":[{"embeddable":true,"href":"https:\/\/www.bellunopress.it\/fr\/wp-json\/wp\/v2\/users\/2"}],"replies":[{"embeddable":true,"href":"https:\/\/www.bellunopress.it\/fr\/wp-json\/wp\/v2\/comments?post=33851"}],"version-history":[{"count":1,"href":"https:\/\/www.bellunopress.it\/fr\/wp-json\/wp\/v2\/posts\/33851\/revisions"}],"predecessor-version":[{"id":33852,"href":"https:\/\/www.bellunopress.it\/fr\/wp-json\/wp\/v2\/posts\/33851\/revisions\/33852"}],"wp:attachment":[{"href":"https:\/\/www.bellunopress.it\/fr\/wp-json\/wp\/v2\/media?parent=33851"}],"wp:term":[{"taxonomy":"category","embeddable":true,"href":"https:\/\/www.bellunopress.it\/fr\/wp-json\/wp\/v2\/categories?post=33851"},{"taxonomy":"post_tag","embeddable":true,"href":"https:\/\/www.bellunopress.it\/fr\/wp-json\/wp\/v2\/tags?post=33851"}],"curies":[{"name":"wp","href":"https:\/\/api.w.org\/{rel}","templated":true}]}}