{"id":33843,"date":"2012-01-02T23:38:52","date_gmt":"2012-01-02T22:38:52","guid":{"rendered":"http:\/\/www.bellunopress.it\/?p=33843"},"modified":"2012-01-02T23:38:52","modified_gmt":"2012-01-02T22:38:52","slug":"il-fallimento-della-politica-secondo-il-mab-movimento-autonomista-bellunese","status":"publish","type":"post","link":"https:\/\/www.bellunopress.it\/fr\/2012\/01\/02\/il-fallimento-della-politica-secondo-il-mab-movimento-autonomista-bellunese\/","title":{"rendered":"Il fallimento della politica secondo il Mab, Movimento autonomista bellunese"},"content":{"rendered":"<p>&nbsp;<\/p>\n<figure id=\"attachment_33844\" aria-describedby=\"caption-attachment-33844\" style=\"width: 131px\" class=\"wp-caption alignleft\"><a href=\"http:\/\/www.bellunopress.it\/wp-content\/uploads\/2012\/01\/eugenio-padovan.jpg\"><img loading=\"lazy\" decoding=\"async\" class=\"size-full wp-image-33844\" title=\"eugenio padovan\" src=\"http:\/\/www.bellunopress.it\/wp-content\/uploads\/2012\/01\/eugenio-padovan.jpg\" alt=\"\" width=\"131\" height=\"144\" \/><\/a><figcaption id=\"caption-attachment-33844\" class=\"wp-caption-text\">Eugenio Padovan<\/figcaption><\/figure>\n<p>All&#8217;alba del 2012 il Movimento Autonomista Bellunese (organismo d&#8217;opinione nato nei primi anni novanta su solide ed esclusive basi culturali per il nostro riscatto complessivo, rimasto tale sino a oggi) non pu\u00f2 rimanere in silenzio di fronte alla grave crisi italiana e chiaramente del nostro territorio da riferirsi in particolare ad un complessivo vuoto culturale. Prima di tutto il MAB non pu\u00f2 passare sotto silenzio il dannoso fallimento della classe politico-amministrativa alla quale i bellunesi hanno consegnato, qualche anno fa, il governo dell&#8217;amministrazione provinciale, dei comuni di Belluno, Feltre e di tanti altri. Uno dei pi\u00f9 gravi limiti e chiusure di questi rappresentanti sono riferibili all&#8217;incapacit\u00e0 di ascoltare la societ\u00e0 civile e di avere presunto, con grave torto, che potesse essere sufficiente avere un&#8217;omogeneit\u00e0 politica; nei vari livelli dal locale, al regionale, sino al nazionale, per affrontare e risolvere i problemi e le attese della nostra montagna. Visti i risultati nulla di pi\u00f9 errato. Infatti, non \u00e8 stato cos\u00ec, perch\u00e9 i fallimenti si sono verificati a catena con crisi a ripetizione.\u00a0 Dalla caduta della giunta provinciale, agli scontri mai sopiti e rotture tra le forze politiche delle coalizioni di Belluno e Feltre. Ed ancora le cadute impreviste e disastrose come quella di Gsp-Bim. Tutto questo ha determinato e dimostrato l&#8217;insopportabile e preoccupante assenza di una cultura politica e strategia, conoscenza delle potenzialit\u00e0 economiche e sociali che ci ha condotto ai margini o addirittura fuori da qualsiasi processo e prospettiva che con maggiore intelligenza e lungimiranza potevano essere attivate. Ad esempio il riconoscimento UNESCO \u00e8 rimasto al palo inespresso, salvo in qualche lodevole occasione, come pure gli importante capitoli della cultura e dei beni culturali che potevano e devono ancora essere un grande veicolo per aiutare lo sviluppo della nostra provincia. Prendiamo quest?inverno senza neve e di alte temperature, una grave situazione per le caratteristiche del nostro turismo stagionale che, tuttavia, poteva e pu\u00f2 ancora per il futuro essere aiutato dall&#8217;affiancamento d&#8217;itinerari connessi con il nostro sistema dei musei, e tutto quello che pu\u00f2 essere riassunto con la definizione di percorsi tradizionali, culturali, tra le specificit\u00e0 che vanno naturalmente costruiti, organizzati anche per tutte le stagioni. Certo come afferma il MAB tutte queste prospettive e programmi si scontrano ancora e duramente con l? insopportabile miopia di un notevole numero di amministrazioni locali poco attente nell?indirizzare gli investimenti assicurati da apposite leggi, finanziamenti (Fondi Letta e Brancher) e quelli di provenienza europea. Si pu\u00f2 iniziare con il Comelico, dove si suppone di puntare tutto sullo sviluppo sciistico tralasciando colpevolmente il capitolo dei beni culturali e il Centro Cadore.La Val del Boite al cui apice c&#8217;\u00e8 Cortina e scendendo via via sino a Castellavazzo con le polemiche che hanno annegato la possibilit\u00e0 di valorizzare il cospicuo patrimonio archeologico emerso e riseppellito in centro al paese. Belluno con i centri culturali tenuti aperti dal volontariato. Il paragrafo riguardante Feltre, la seconda citt\u00e0 del bellunese, dalle forti valenze storico-archeologiche, contiene decenni di scavi e ritrovamenti antichi sconosciuti, mai devenuti pubblici e fruibili mediante mostre, musei o itinerari da assommare a quel gioiello di citt\u00e0 rinascimentale che si sviluppa sul Colle delle Capre e non solo. E insieme con tutto questo le incomparabili bellezze ambientali su cui contare senza farsi tentare dagli stravolgimenti e cementificazioni. Infine il MAB non pu\u00f2 tralasciare le conseguenze costituite dalla cancellazione delle province alla qualei ritiene che si debba reagire studiando possibilit\u00e0 e prospettive connesse con territori e realt\u00e0 regionali dalle medesime caratteristiche montane come il Trentino Alto Adige e il Friuli. Bisogna quindi attrezzarsi per trovare in noi bellunesi le risposte per una collocazione istituzionale e le necessarie capacit\u00e0 di autogoverno di un territorio complesso ma connotato da molteplici unicit\u00e0 da valorizzare per il presente e il futuro. Eugenio Padovan &#8211; portavoce del Movimento Autonomista bellunese<\/p>","protected":false},"excerpt":{"rendered":"<p>&nbsp; All&#8217;alba del 2012 il Movimento Autonomista Bellunese (organismo d&#8217;opinione nato nei primi anni novanta su solide ed esclusive basi culturali per il nostro riscatto complessivo, rimasto tale sino a oggi) non pu\u00f2 rimanere in silenzio di fronte alla grave crisi italiana e chiaramente del nostro territorio da riferirsi in particolare ad un complessivo vuoto [&hellip;]<\/p>\n","protected":false},"author":2,"featured_media":0,"comment_status":"closed","ping_status":"open","sticky":false,"template":"","format":"standard","meta":{"footnotes":""},"categories":[5,26],"tags":[],"class_list":["post-33843","post","type-post","status-publish","format-standard","category-cronaca","category-prima-pagina"],"yoast_head":"<!-- This site is optimized with the Yoast SEO plugin v28.4 - https:\/\/yoast.com\/product\/yoast-seo-wordpress\/ -->\n<title>Il fallimento della politica secondo il Mab, Movimento autonomista bellunese  - Bellunopress - Dolomiti<\/title>\n<meta name=\"robots\" content=\"index, follow, max-snippet:-1, max-image-preview:large, max-video-preview:-1\" \/>\n<link rel=\"canonical\" href=\"https:\/\/www.bellunopress.it\/fr\/2012\/01\/02\/il-fallimento-della-politica-secondo-il-mab-movimento-autonomista-bellunese\/\" \/>\n<meta property=\"og:locale\" content=\"fr_FR\" \/>\n<meta property=\"og:type\" content=\"article\" \/>\n<meta property=\"og:title\" content=\"Il fallimento della politica secondo il Mab, Movimento autonomista bellunese  - Bellunopress - Dolomiti\" \/>\n<meta property=\"og:description\" content=\"&nbsp; All&#8217;alba del 2012 il Movimento Autonomista Bellunese (organismo d&#8217;opinione nato nei primi anni novanta su solide ed esclusive basi culturali per il nostro riscatto complessivo, rimasto tale sino a oggi) non pu\u00f2 rimanere in silenzio di fronte alla grave crisi italiana e chiaramente del nostro territorio da riferirsi in particolare ad un complessivo vuoto [&hellip;]\" \/>\n<meta property=\"og:url\" content=\"https:\/\/www.bellunopress.it\/fr\/2012\/01\/02\/il-fallimento-della-politica-secondo-il-mab-movimento-autonomista-bellunese\/\" \/>\n<meta property=\"og:site_name\" content=\"Bellunopress - Dolomiti\" \/>\n<meta property=\"article:publisher\" content=\"https:\/\/www.facebook.com\/profile.php?id=100008943462799\" \/>\n<meta property=\"article:published_time\" content=\"2012-01-02T22:38:52+00:00\" \/>\n<meta property=\"og:image\" content=\"http:\/\/www.bellunopress.it\/wp-content\/uploads\/2012\/01\/eugenio-padovan.jpg\" \/>\n<meta name=\"author\" content=\"redazione\" \/>\n<meta name=\"twitter:card\" content=\"summary_large_image\" \/>\n<meta name=\"twitter:creator\" content=\"@bellunopress\" \/>\n<meta name=\"twitter:site\" content=\"@bellunopress\" \/>\n<meta name=\"twitter:label1\" content=\"Written by\" \/>\n\t<meta name=\"twitter:data1\" content=\"redazione\" \/>\n\t<meta name=\"twitter:label2\" content=\"Est. reading time\" \/>\n\t<meta name=\"twitter:data2\" content=\"3 minutes\" \/>\n<script type=\"application\/ld+json\" class=\"yoast-schema-graph\">{\"@context\":\"https:\\\/\\\/schema.org\",\"@graph\":[{\"@type\":\"Article\",\"@id\":\"https:\\\/\\\/www.bellunopress.it\\\/2012\\\/01\\\/02\\\/il-fallimento-della-politica-secondo-il-mab-movimento-autonomista-bellunese\\\/#article\",\"isPartOf\":{\"@id\":\"https:\\\/\\\/www.bellunopress.it\\\/2012\\\/01\\\/02\\\/il-fallimento-della-politica-secondo-il-mab-movimento-autonomista-bellunese\\\/\"},\"author\":{\"name\":\"redazione\",\"@id\":\"https:\\\/\\\/www.bellunopress.it\\\/#\\\/schema\\\/person\\\/79bb06722b37ece1c03d3e94beb30d73\"},\"headline\":\"Il fallimento della politica secondo il Mab, Movimento autonomista bellunese\",\"datePublished\":\"2012-01-02T22:38:52+00:00\",\"mainEntityOfPage\":{\"@id\":\"https:\\\/\\\/www.bellunopress.it\\\/2012\\\/01\\\/02\\\/il-fallimento-della-politica-secondo-il-mab-movimento-autonomista-bellunese\\\/\"},\"wordCount\":655,\"publisher\":{\"@id\":\"https:\\\/\\\/www.bellunopress.it\\\/#organization\"},\"image\":{\"@id\":\"https:\\\/\\\/www.bellunopress.it\\\/2012\\\/01\\\/02\\\/il-fallimento-della-politica-secondo-il-mab-movimento-autonomista-bellunese\\\/#primaryimage\"},\"thumbnailUrl\":\"http:\\\/\\\/www.bellunopress.it\\\/wp-content\\\/uploads\\\/2012\\\/01\\\/eugenio-padovan.jpg\",\"articleSection\":[\"Cronaca\\\/Politica\",\"Prima Pagina\"],\"inLanguage\":\"fr-FR\"},{\"@type\":\"WebPage\",\"@id\":\"https:\\\/\\\/www.bellunopress.it\\\/2012\\\/01\\\/02\\\/il-fallimento-della-politica-secondo-il-mab-movimento-autonomista-bellunese\\\/\",\"url\":\"https:\\\/\\\/www.bellunopress.it\\\/2012\\\/01\\\/02\\\/il-fallimento-della-politica-secondo-il-mab-movimento-autonomista-bellunese\\\/\",\"name\":\"Il fallimento della politica secondo il Mab, Movimento autonomista bellunese - Bellunopress - Dolomiti\",\"isPartOf\":{\"@id\":\"https:\\\/\\\/www.bellunopress.it\\\/#website\"},\"primaryImageOfPage\":{\"@id\":\"https:\\\/\\\/www.bellunopress.it\\\/2012\\\/01\\\/02\\\/il-fallimento-della-politica-secondo-il-mab-movimento-autonomista-bellunese\\\/#primaryimage\"},\"image\":{\"@id\":\"https:\\\/\\\/www.bellunopress.it\\\/2012\\\/01\\\/02\\\/il-fallimento-della-politica-secondo-il-mab-movimento-autonomista-bellunese\\\/#primaryimage\"},\"thumbnailUrl\":\"http:\\\/\\\/www.bellunopress.it\\\/wp-content\\\/uploads\\\/2012\\\/01\\\/eugenio-padovan.jpg\",\"datePublished\":\"2012-01-02T22:38:52+00:00\",\"breadcrumb\":{\"@id\":\"https:\\\/\\\/www.bellunopress.it\\\/2012\\\/01\\\/02\\\/il-fallimento-della-politica-secondo-il-mab-movimento-autonomista-bellunese\\\/#breadcrumb\"},\"inLanguage\":\"fr-FR\",\"potentialAction\":[{\"@type\":\"ReadAction\",\"target\":[\"https:\\\/\\\/www.bellunopress.it\\\/2012\\\/01\\\/02\\\/il-fallimento-della-politica-secondo-il-mab-movimento-autonomista-bellunese\\\/\"]}]},{\"@type\":\"ImageObject\",\"inLanguage\":\"fr-FR\",\"@id\":\"https:\\\/\\\/www.bellunopress.it\\\/2012\\\/01\\\/02\\\/il-fallimento-della-politica-secondo-il-mab-movimento-autonomista-bellunese\\\/#primaryimage\",\"url\":\"http:\\\/\\\/www.bellunopress.it\\\/wp-content\\\/uploads\\\/2012\\\/01\\\/eugenio-padovan.jpg\",\"contentUrl\":\"http:\\\/\\\/www.bellunopress.it\\\/wp-content\\\/uploads\\\/2012\\\/01\\\/eugenio-padovan.jpg\"},{\"@type\":\"BreadcrumbList\",\"@id\":\"https:\\\/\\\/www.bellunopress.it\\\/2012\\\/01\\\/02\\\/il-fallimento-della-politica-secondo-il-mab-movimento-autonomista-bellunese\\\/#breadcrumb\",\"itemListElement\":[{\"@type\":\"ListItem\",\"position\":1,\"name\":\"Home\",\"item\":\"https:\\\/\\\/www.bellunopress.it\\\/\"},{\"@type\":\"ListItem\",\"position\":2,\"name\":\"Il fallimento della politica secondo il Mab, Movimento autonomista bellunese\"}]},{\"@type\":\"WebSite\",\"@id\":\"https:\\\/\\\/www.bellunopress.it\\\/#website\",\"url\":\"https:\\\/\\\/www.bellunopress.it\\\/\",\"name\":\"Bellunopress - Dolomiti\",\"description\":\"e-mail: redazione@bellunopress.it\",\"publisher\":{\"@id\":\"https:\\\/\\\/www.bellunopress.it\\\/#organization\"},\"potentialAction\":[{\"@type\":\"SearchAction\",\"target\":{\"@type\":\"EntryPoint\",\"urlTemplate\":\"https:\\\/\\\/www.bellunopress.it\\\/?s={search_term_string}\"},\"query-input\":{\"@type\":\"PropertyValueSpecification\",\"valueRequired\":true,\"valueName\":\"search_term_string\"}}],\"inLanguage\":\"fr-FR\"},{\"@type\":\"Organization\",\"@id\":\"https:\\\/\\\/www.bellunopress.it\\\/#organization\",\"name\":\"Bellunopress\",\"url\":\"https:\\\/\\\/www.bellunopress.it\\\/\",\"logo\":{\"@type\":\"ImageObject\",\"inLanguage\":\"fr-FR\",\"@id\":\"https:\\\/\\\/www.bellunopress.it\\\/#\\\/schema\\\/logo\\\/image\\\/\",\"url\":\"https:\\\/\\\/www.bellunopress.it\\\/wp-content\\\/uploads\\\/2011\\\/05\\\/cropped-logo-bellunopress-.jpg\",\"contentUrl\":\"https:\\\/\\\/www.bellunopress.it\\\/wp-content\\\/uploads\\\/2011\\\/05\\\/cropped-logo-bellunopress-.jpg\",\"width\":512,\"height\":512,\"caption\":\"Bellunopress\"},\"image\":{\"@id\":\"https:\\\/\\\/www.bellunopress.it\\\/#\\\/schema\\\/logo\\\/image\\\/\"},\"sameAs\":[\"https:\\\/\\\/www.facebook.com\\\/profile.php?id=100008943462799\",\"https:\\\/\\\/x.com\\\/bellunopress\",\"https:\\\/\\\/www.linkedin.com\\\/hp\\\/?dnr=JBzUWaJfMUw8vbXJJ2tVW5-I3jZKvC4wsoxE&amp;amp;amp;amp;amp;amp;trk=nav_responsive_tab_home\",\"https:\\\/\\\/www.youtube.com\\\/channel\\\/UCxL0wu1uN0_3_7hGG0306cw\"]},{\"@type\":\"Person\",\"@id\":\"https:\\\/\\\/www.bellunopress.it\\\/#\\\/schema\\\/person\\\/79bb06722b37ece1c03d3e94beb30d73\",\"name\":\"redazione\",\"image\":{\"@type\":\"ImageObject\",\"inLanguage\":\"fr-FR\",\"@id\":\"https:\\\/\\\/secure.gravatar.com\\\/avatar\\\/37d968a2e67a6fd04c169c4bdef102d0bc5d31b2546345219e348575eb80e9a0?s=96&d=mm&r=g\",\"url\":\"https:\\\/\\\/secure.gravatar.com\\\/avatar\\\/37d968a2e67a6fd04c169c4bdef102d0bc5d31b2546345219e348575eb80e9a0?s=96&d=mm&r=g\",\"contentUrl\":\"https:\\\/\\\/secure.gravatar.com\\\/avatar\\\/37d968a2e67a6fd04c169c4bdef102d0bc5d31b2546345219e348575eb80e9a0?s=96&d=mm&r=g\",\"caption\":\"redazione\"},\"sameAs\":[\"http:\\\/\\\/www.bellunopress.it\",\"https:\\\/\\\/x.com\\\/bellunopress\"],\"url\":\"https:\\\/\\\/www.bellunopress.it\\\/fr\\\/author\\\/redazione\\\/\"}]}<\/script>\n<!-- \/ Yoast SEO plugin. -->","yoast_head_json":{"title":"Il fallimento della politica secondo il Mab, Movimento autonomista bellunese  - Bellunopress - Dolomiti","robots":{"index":"index","follow":"follow","max-snippet":"max-snippet:-1","max-image-preview":"max-image-preview:large","max-video-preview":"max-video-preview:-1"},"canonical":"https:\/\/www.bellunopress.it\/fr\/2012\/01\/02\/il-fallimento-della-politica-secondo-il-mab-movimento-autonomista-bellunese\/","og_locale":"fr_FR","og_type":"article","og_title":"Il fallimento della politica secondo il Mab, Movimento autonomista bellunese  - Bellunopress - Dolomiti","og_description":"&nbsp; All&#8217;alba del 2012 il Movimento Autonomista Bellunese (organismo d&#8217;opinione nato nei primi anni novanta su solide ed esclusive basi culturali per il nostro riscatto complessivo, rimasto tale sino a oggi) non pu\u00f2 rimanere in silenzio di fronte alla grave crisi italiana e chiaramente del nostro territorio da riferirsi in particolare ad un complessivo vuoto [&hellip;]","og_url":"https:\/\/www.bellunopress.it\/fr\/2012\/01\/02\/il-fallimento-della-politica-secondo-il-mab-movimento-autonomista-bellunese\/","og_site_name":"Bellunopress - Dolomiti","article_publisher":"https:\/\/www.facebook.com\/profile.php?id=100008943462799","article_published_time":"2012-01-02T22:38:52+00:00","og_image":[{"url":"http:\/\/www.bellunopress.it\/wp-content\/uploads\/2012\/01\/eugenio-padovan.jpg","type":"","width":"","height":""}],"author":"redazione","twitter_card":"summary_large_image","twitter_creator":"@bellunopress","twitter_site":"@bellunopress","twitter_misc":{"Written by":"redazione","Est. reading time":"3 minutes"},"schema":{"@context":"https:\/\/schema.org","@graph":[{"@type":"Article","@id":"https:\/\/www.bellunopress.it\/2012\/01\/02\/il-fallimento-della-politica-secondo-il-mab-movimento-autonomista-bellunese\/#article","isPartOf":{"@id":"https:\/\/www.bellunopress.it\/2012\/01\/02\/il-fallimento-della-politica-secondo-il-mab-movimento-autonomista-bellunese\/"},"author":{"name":"redazione","@id":"https:\/\/www.bellunopress.it\/#\/schema\/person\/79bb06722b37ece1c03d3e94beb30d73"},"headline":"Il fallimento della politica secondo il Mab, Movimento autonomista bellunese","datePublished":"2012-01-02T22:38:52+00:00","mainEntityOfPage":{"@id":"https:\/\/www.bellunopress.it\/2012\/01\/02\/il-fallimento-della-politica-secondo-il-mab-movimento-autonomista-bellunese\/"},"wordCount":655,"publisher":{"@id":"https:\/\/www.bellunopress.it\/#organization"},"image":{"@id":"https:\/\/www.bellunopress.it\/2012\/01\/02\/il-fallimento-della-politica-secondo-il-mab-movimento-autonomista-bellunese\/#primaryimage"},"thumbnailUrl":"http:\/\/www.bellunopress.it\/wp-content\/uploads\/2012\/01\/eugenio-padovan.jpg","articleSection":["Cronaca\/Politica","Prima Pagina"],"inLanguage":"fr-FR"},{"@type":"WebPage","@id":"https:\/\/www.bellunopress.it\/2012\/01\/02\/il-fallimento-della-politica-secondo-il-mab-movimento-autonomista-bellunese\/","url":"https:\/\/www.bellunopress.it\/2012\/01\/02\/il-fallimento-della-politica-secondo-il-mab-movimento-autonomista-bellunese\/","name":"Il fallimento della politica secondo il Mab, Movimento autonomista bellunese - Bellunopress - Dolomiti","isPartOf":{"@id":"https:\/\/www.bellunopress.it\/#website"},"primaryImageOfPage":{"@id":"https:\/\/www.bellunopress.it\/2012\/01\/02\/il-fallimento-della-politica-secondo-il-mab-movimento-autonomista-bellunese\/#primaryimage"},"image":{"@id":"https:\/\/www.bellunopress.it\/2012\/01\/02\/il-fallimento-della-politica-secondo-il-mab-movimento-autonomista-bellunese\/#primaryimage"},"thumbnailUrl":"http:\/\/www.bellunopress.it\/wp-content\/uploads\/2012\/01\/eugenio-padovan.jpg","datePublished":"2012-01-02T22:38:52+00:00","breadcrumb":{"@id":"https:\/\/www.bellunopress.it\/2012\/01\/02\/il-fallimento-della-politica-secondo-il-mab-movimento-autonomista-bellunese\/#breadcrumb"},"inLanguage":"fr-FR","potentialAction":[{"@type":"ReadAction","target":["https:\/\/www.bellunopress.it\/2012\/01\/02\/il-fallimento-della-politica-secondo-il-mab-movimento-autonomista-bellunese\/"]}]},{"@type":"ImageObject","inLanguage":"fr-FR","@id":"https:\/\/www.bellunopress.it\/2012\/01\/02\/il-fallimento-della-politica-secondo-il-mab-movimento-autonomista-bellunese\/#primaryimage","url":"http:\/\/www.bellunopress.it\/wp-content\/uploads\/2012\/01\/eugenio-padovan.jpg","contentUrl":"http:\/\/www.bellunopress.it\/wp-content\/uploads\/2012\/01\/eugenio-padovan.jpg"},{"@type":"BreadcrumbList","@id":"https:\/\/www.bellunopress.it\/2012\/01\/02\/il-fallimento-della-politica-secondo-il-mab-movimento-autonomista-bellunese\/#breadcrumb","itemListElement":[{"@type":"ListItem","position":1,"name":"Home","item":"https:\/\/www.bellunopress.it\/"},{"@type":"ListItem","position":2,"name":"Il fallimento della politica secondo il Mab, Movimento autonomista bellunese"}]},{"@type":"WebSite","@id":"https:\/\/www.bellunopress.it\/#website","url":"https:\/\/www.bellunopress.it\/","name":"Bellunopress - Dolomiti","description":"e-mail: redazione@bellunopress.it","publisher":{"@id":"https:\/\/www.bellunopress.it\/#organization"},"potentialAction":[{"@type":"SearchAction","target":{"@type":"EntryPoint","urlTemplate":"https:\/\/www.bellunopress.it\/?s={search_term_string}"},"query-input":{"@type":"PropertyValueSpecification","valueRequired":true,"valueName":"search_term_string"}}],"inLanguage":"fr-FR"},{"@type":"Organization","@id":"https:\/\/www.bellunopress.it\/#organization","name":"Bellunopress","url":"https:\/\/www.bellunopress.it\/","logo":{"@type":"ImageObject","inLanguage":"fr-FR","@id":"https:\/\/www.bellunopress.it\/#\/schema\/logo\/image\/","url":"https:\/\/www.bellunopress.it\/wp-content\/uploads\/2011\/05\/cropped-logo-bellunopress-.jpg","contentUrl":"https:\/\/www.bellunopress.it\/wp-content\/uploads\/2011\/05\/cropped-logo-bellunopress-.jpg","width":512,"height":512,"caption":"Bellunopress"},"image":{"@id":"https:\/\/www.bellunopress.it\/#\/schema\/logo\/image\/"},"sameAs":["https:\/\/www.facebook.com\/profile.php?id=100008943462799","https:\/\/x.com\/bellunopress","https:\/\/www.linkedin.com\/hp\/?dnr=JBzUWaJfMUw8vbXJJ2tVW5-I3jZKvC4wsoxE&amp;amp;amp;amp;amp;amp;trk=nav_responsive_tab_home","https:\/\/www.youtube.com\/channel\/UCxL0wu1uN0_3_7hGG0306cw"]},{"@type":"Person","@id":"https:\/\/www.bellunopress.it\/#\/schema\/person\/79bb06722b37ece1c03d3e94beb30d73","name":"r\u00e9daction","image":{"@type":"ImageObject","inLanguage":"fr-FR","@id":"https:\/\/secure.gravatar.com\/avatar\/37d968a2e67a6fd04c169c4bdef102d0bc5d31b2546345219e348575eb80e9a0?s=96&d=mm&r=g","url":"https:\/\/secure.gravatar.com\/avatar\/37d968a2e67a6fd04c169c4bdef102d0bc5d31b2546345219e348575eb80e9a0?s=96&d=mm&r=g","contentUrl":"https:\/\/secure.gravatar.com\/avatar\/37d968a2e67a6fd04c169c4bdef102d0bc5d31b2546345219e348575eb80e9a0?s=96&d=mm&r=g","caption":"redazione"},"sameAs":["http:\/\/www.bellunopress.it","https:\/\/x.com\/bellunopress"],"url":"https:\/\/www.bellunopress.it\/fr\/author\/redazione\/"}]}},"_links":{"self":[{"href":"https:\/\/www.bellunopress.it\/fr\/wp-json\/wp\/v2\/posts\/33843","targetHints":{"allow":["GET"]}}],"collection":[{"href":"https:\/\/www.bellunopress.it\/fr\/wp-json\/wp\/v2\/posts"}],"about":[{"href":"https:\/\/www.bellunopress.it\/fr\/wp-json\/wp\/v2\/types\/post"}],"author":[{"embeddable":true,"href":"https:\/\/www.bellunopress.it\/fr\/wp-json\/wp\/v2\/users\/2"}],"replies":[{"embeddable":true,"href":"https:\/\/www.bellunopress.it\/fr\/wp-json\/wp\/v2\/comments?post=33843"}],"version-history":[{"count":2,"href":"https:\/\/www.bellunopress.it\/fr\/wp-json\/wp\/v2\/posts\/33843\/revisions"}],"predecessor-version":[{"id":33846,"href":"https:\/\/www.bellunopress.it\/fr\/wp-json\/wp\/v2\/posts\/33843\/revisions\/33846"}],"wp:attachment":[{"href":"https:\/\/www.bellunopress.it\/fr\/wp-json\/wp\/v2\/media?parent=33843"}],"wp:term":[{"taxonomy":"category","embeddable":true,"href":"https:\/\/www.bellunopress.it\/fr\/wp-json\/wp\/v2\/categories?post=33843"},{"taxonomy":"post_tag","embeddable":true,"href":"https:\/\/www.bellunopress.it\/fr\/wp-json\/wp\/v2\/tags?post=33843"}],"curies":[{"name":"wp","href":"https:\/\/api.w.org\/{rel}","templated":true}]}}