{"id":33831,"date":"2012-01-01T22:14:09","date_gmt":"2012-01-01T21:14:09","guid":{"rendered":"http:\/\/www.bellunopress.it\/?p=33831"},"modified":"2012-01-04T08:26:52","modified_gmt":"2012-01-04T07:26:52","slug":"cortina-ricorda-andrea-zanzotto-con-la-musica-del-maestro-massimo-scattolin-martedi-mattina-allhotel-de-la-poste","status":"publish","type":"post","link":"https:\/\/www.bellunopress.it\/fr\/2012\/01\/01\/cortina-ricorda-andrea-zanzotto-con-la-musica-del-maestro-massimo-scattolin-martedi-mattina-allhotel-de-la-poste\/","title":{"rendered":"Cortina ricorda Andrea Zanzotto con la musica del maestro Massimo Scattolin. Marted\u00ec mattina all&#8217;Hotel de la Poste"},"content":{"rendered":"<p>Andrea Zanzotto ci ha lasciati il 18 ottobre 2011, poco dopo aver compiuto novant&#8217;anni. E&#8217; stato uno dei pi\u00f9 importanti poeti italiani del Novecento. Come ha detto il Presidente Napolitano, &#8220;la terra veneta e l&#8217;Italia perdono un grande figlio, un interprete sensibile dell&#8217;esperienza di vita e dei sentimenti del suo popolo, una personalit\u00e0 civilmente impegnata nella difesa del patrimonio culturale e dei valori nazionali della nostra Italia&#8221;.<\/p>\n<p>Una Montagna di Libri, la rassegna di incontri con l&#8217;Autore di Cortina d&#8217;Ampezzo, dedica alla memoria di Andrea Zanzotto un commosso ricordo sulle note della chitarra classica. Marted\u00ec 3 gennaio 2012, dalle ore 11.30 del mattino, presso le sale accoglienti dell&#8217;Hotel de la Poste, il Maestro Massimo Scattolin, tra i principali compositori e interpreti contemporanei, suoner\u00e0 in omaggio al grande poeta di Pieve di Soligo. Per l&#8217;appuntamento &#8220;I Trenta Minuti al Posta&#8221;. Sar\u00e0 presente Marisa Michieli, che ha condiviso un&#8217;intera vita con il poeta.<\/p>\n<p>Un appuntamento d&#8217;eccezione con Massimo Scattolin, primo chitarrista italiano titolare di cattedra di master al &#8220;Mozarteum&#8221; di Salisburgo, che collabora con reti televisive europee e vanta un&#8217;esperienza al fianco dei mostri sacri della chitarra internazionale.<\/p>\n<p>Appuntamento quindi marted\u00ec alle ore 11.30, nelle calde sale dell&#8217;Hotel de la Poste di Cortina d&#8217;Ampezzo. Al termine dell&#8217;incontro, brindisi con il Prosecco Zonin\u00ae e i Bibanesi\u00ae. Ingresso libero.<\/p>","protected":false},"excerpt":{"rendered":"<p>Andrea Zanzotto ci ha lasciati il 18 ottobre 2011, poco dopo aver compiuto novant&#8217;anni. E&#8217; stato uno dei pi\u00f9 importanti poeti italiani del Novecento. Come ha detto il Presidente Napolitano, &#8220;la terra veneta e l&#8217;Italia perdono un grande figlio, un interprete sensibile dell&#8217;esperienza di vita e dei sentimenti del suo popolo, una personalit\u00e0 civilmente impegnata [&hellip;]<\/p>\n","protected":false},"author":2,"featured_media":0,"comment_status":"closed","ping_status":"open","sticky":false,"template":"","format":"standard","meta":{"footnotes":""},"categories":[27,25],"tags":[],"class_list":["post-33831","post","type-post","status-publish","format-standard","category-appuntamenti","category-pausa-caffe"],"yoast_head":"<!-- This site is optimized with the Yoast SEO plugin v28.4 - https:\/\/yoast.com\/product\/yoast-seo-wordpress\/ -->\n<title>Cortina ricorda Andrea Zanzotto con la musica del maestro Massimo Scattolin. Marted\u00ec mattina all&#039;Hotel de la Poste  - Bellunopress - Dolomiti<\/title>\n<meta name=\"robots\" content=\"index, follow, max-snippet:-1, max-image-preview:large, max-video-preview:-1\" \/>\n<link rel=\"canonical\" href=\"https:\/\/www.bellunopress.it\/fr\/2012\/01\/01\/cortina-ricorda-andrea-zanzotto-con-la-musica-del-maestro-massimo-scattolin-martedi-mattina-allhotel-de-la-poste\/\" \/>\n<meta property=\"og:locale\" content=\"fr_FR\" \/>\n<meta property=\"og:type\" content=\"article\" \/>\n<meta property=\"og:title\" content=\"Cortina ricorda Andrea Zanzotto con la musica del maestro Massimo Scattolin. Marted\u00ec mattina all&#039;Hotel de la Poste  - Bellunopress - Dolomiti\" \/>\n<meta property=\"og:description\" content=\"Andrea Zanzotto ci ha lasciati il 18 ottobre 2011, poco dopo aver compiuto novant&#8217;anni. E&#8217; stato uno dei pi\u00f9 importanti poeti italiani del Novecento. Come ha detto il Presidente Napolitano, &#8220;la terra veneta e l&#8217;Italia perdono un grande figlio, un interprete sensibile dell&#8217;esperienza di vita e dei sentimenti del suo popolo, una personalit\u00e0 civilmente impegnata [&hellip;]\" \/>\n<meta property=\"og:url\" content=\"https:\/\/www.bellunopress.it\/fr\/2012\/01\/01\/cortina-ricorda-andrea-zanzotto-con-la-musica-del-maestro-massimo-scattolin-martedi-mattina-allhotel-de-la-poste\/\" \/>\n<meta property=\"og:site_name\" content=\"Bellunopress - Dolomiti\" \/>\n<meta property=\"article:publisher\" content=\"https:\/\/www.facebook.com\/profile.php?id=100008943462799\" \/>\n<meta property=\"article:published_time\" content=\"2012-01-01T21:14:09+00:00\" \/>\n<meta property=\"article:modified_time\" content=\"2012-01-04T07:26:52+00:00\" \/>\n<meta property=\"og:image\" content=\"http:\/\/www.bellunopress.it\/wp-content\/uploads\/2012\/07\/logo-bellunopress-250x250-2012.jpg\" \/>\n<meta name=\"author\" content=\"redazione\" \/>\n<meta name=\"twitter:card\" content=\"summary_large_image\" \/>\n<meta name=\"twitter:creator\" content=\"@bellunopress\" \/>\n<meta name=\"twitter:site\" content=\"@bellunopress\" \/>\n<meta name=\"twitter:label1\" content=\"\u00c9crit par\" \/>\n\t<meta name=\"twitter:data1\" content=\"redazione\" \/>\n\t<meta name=\"twitter:label2\" content=\"Dur\u00e9e de lecture estim\u00e9e\" \/>\n\t<meta name=\"twitter:data2\" content=\"1 minute\" \/>\n<script type=\"application\/ld+json\" class=\"yoast-schema-graph\">{\"@context\":\"https:\\\/\\\/schema.org\",\"@graph\":[{\"@type\":\"Article\",\"@id\":\"https:\\\/\\\/www.bellunopress.it\\\/2012\\\/01\\\/01\\\/cortina-ricorda-andrea-zanzotto-con-la-musica-del-maestro-massimo-scattolin-martedi-mattina-allhotel-de-la-poste\\\/#article\",\"isPartOf\":{\"@id\":\"https:\\\/\\\/www.bellunopress.it\\\/2012\\\/01\\\/01\\\/cortina-ricorda-andrea-zanzotto-con-la-musica-del-maestro-massimo-scattolin-martedi-mattina-allhotel-de-la-poste\\\/\"},\"author\":{\"name\":\"redazione\",\"@id\":\"https:\\\/\\\/www.bellunopress.it\\\/#\\\/schema\\\/person\\\/79bb06722b37ece1c03d3e94beb30d73\"},\"headline\":\"Cortina ricorda Andrea Zanzotto con la musica del maestro Massimo Scattolin. Marted\u00ec mattina all&#8217;Hotel de la Poste\",\"datePublished\":\"2012-01-01T21:14:09+00:00\",\"dateModified\":\"2012-01-04T07:26:52+00:00\",\"mainEntityOfPage\":{\"@id\":\"https:\\\/\\\/www.bellunopress.it\\\/2012\\\/01\\\/01\\\/cortina-ricorda-andrea-zanzotto-con-la-musica-del-maestro-massimo-scattolin-martedi-mattina-allhotel-de-la-poste\\\/\"},\"wordCount\":240,\"publisher\":{\"@id\":\"https:\\\/\\\/www.bellunopress.it\\\/#organization\"},\"articleSection\":[\"Appuntamenti, Eventi\",\"Pausa Caff\u00e8\"],\"inLanguage\":\"fr-FR\"},{\"@type\":\"WebPage\",\"@id\":\"https:\\\/\\\/www.bellunopress.it\\\/2012\\\/01\\\/01\\\/cortina-ricorda-andrea-zanzotto-con-la-musica-del-maestro-massimo-scattolin-martedi-mattina-allhotel-de-la-poste\\\/\",\"url\":\"https:\\\/\\\/www.bellunopress.it\\\/2012\\\/01\\\/01\\\/cortina-ricorda-andrea-zanzotto-con-la-musica-del-maestro-massimo-scattolin-martedi-mattina-allhotel-de-la-poste\\\/\",\"name\":\"Cortina ricorda Andrea Zanzotto con la musica del maestro Massimo Scattolin. Marted\u00ec mattina all'Hotel de la Poste - Bellunopress - Dolomiti\",\"isPartOf\":{\"@id\":\"https:\\\/\\\/www.bellunopress.it\\\/#website\"},\"datePublished\":\"2012-01-01T21:14:09+00:00\",\"dateModified\":\"2012-01-04T07:26:52+00:00\",\"breadcrumb\":{\"@id\":\"https:\\\/\\\/www.bellunopress.it\\\/2012\\\/01\\\/01\\\/cortina-ricorda-andrea-zanzotto-con-la-musica-del-maestro-massimo-scattolin-martedi-mattina-allhotel-de-la-poste\\\/#breadcrumb\"},\"inLanguage\":\"fr-FR\",\"potentialAction\":[{\"@type\":\"ReadAction\",\"target\":[\"https:\\\/\\\/www.bellunopress.it\\\/2012\\\/01\\\/01\\\/cortina-ricorda-andrea-zanzotto-con-la-musica-del-maestro-massimo-scattolin-martedi-mattina-allhotel-de-la-poste\\\/\"]}]},{\"@type\":\"BreadcrumbList\",\"@id\":\"https:\\\/\\\/www.bellunopress.it\\\/2012\\\/01\\\/01\\\/cortina-ricorda-andrea-zanzotto-con-la-musica-del-maestro-massimo-scattolin-martedi-mattina-allhotel-de-la-poste\\\/#breadcrumb\",\"itemListElement\":[{\"@type\":\"ListItem\",\"position\":1,\"name\":\"Home\",\"item\":\"https:\\\/\\\/www.bellunopress.it\\\/\"},{\"@type\":\"ListItem\",\"position\":2,\"name\":\"Cortina ricorda Andrea Zanzotto con la musica del maestro Massimo Scattolin. Marted\u00ec mattina all&#8217;Hotel de la Poste\"}]},{\"@type\":\"WebSite\",\"@id\":\"https:\\\/\\\/www.bellunopress.it\\\/#website\",\"url\":\"https:\\\/\\\/www.bellunopress.it\\\/\",\"name\":\"Bellunopress - Dolomiti\",\"description\":\"e-mail: redazione@bellunopress.it\",\"publisher\":{\"@id\":\"https:\\\/\\\/www.bellunopress.it\\\/#organization\"},\"potentialAction\":[{\"@type\":\"SearchAction\",\"target\":{\"@type\":\"EntryPoint\",\"urlTemplate\":\"https:\\\/\\\/www.bellunopress.it\\\/?s={search_term_string}\"},\"query-input\":{\"@type\":\"PropertyValueSpecification\",\"valueRequired\":true,\"valueName\":\"search_term_string\"}}],\"inLanguage\":\"fr-FR\"},{\"@type\":\"Organization\",\"@id\":\"https:\\\/\\\/www.bellunopress.it\\\/#organization\",\"name\":\"Bellunopress\",\"url\":\"https:\\\/\\\/www.bellunopress.it\\\/\",\"logo\":{\"@type\":\"ImageObject\",\"inLanguage\":\"fr-FR\",\"@id\":\"https:\\\/\\\/www.bellunopress.it\\\/#\\\/schema\\\/logo\\\/image\\\/\",\"url\":\"https:\\\/\\\/www.bellunopress.it\\\/wp-content\\\/uploads\\\/2011\\\/05\\\/cropped-logo-bellunopress-.jpg\",\"contentUrl\":\"https:\\\/\\\/www.bellunopress.it\\\/wp-content\\\/uploads\\\/2011\\\/05\\\/cropped-logo-bellunopress-.jpg\",\"width\":512,\"height\":512,\"caption\":\"Bellunopress\"},\"image\":{\"@id\":\"https:\\\/\\\/www.bellunopress.it\\\/#\\\/schema\\\/logo\\\/image\\\/\"},\"sameAs\":[\"https:\\\/\\\/www.facebook.com\\\/profile.php?id=100008943462799\",\"https:\\\/\\\/x.com\\\/bellunopress\",\"https:\\\/\\\/www.linkedin.com\\\/hp\\\/?dnr=JBzUWaJfMUw8vbXJJ2tVW5-I3jZKvC4wsoxE&amp;amp;amp;amp;amp;amp;trk=nav_responsive_tab_home\",\"https:\\\/\\\/www.youtube.com\\\/channel\\\/UCxL0wu1uN0_3_7hGG0306cw\"]},{\"@type\":\"Person\",\"@id\":\"https:\\\/\\\/www.bellunopress.it\\\/#\\\/schema\\\/person\\\/79bb06722b37ece1c03d3e94beb30d73\",\"name\":\"redazione\",\"image\":{\"@type\":\"ImageObject\",\"inLanguage\":\"fr-FR\",\"@id\":\"https:\\\/\\\/secure.gravatar.com\\\/avatar\\\/37d968a2e67a6fd04c169c4bdef102d0bc5d31b2546345219e348575eb80e9a0?s=96&d=mm&r=g\",\"url\":\"https:\\\/\\\/secure.gravatar.com\\\/avatar\\\/37d968a2e67a6fd04c169c4bdef102d0bc5d31b2546345219e348575eb80e9a0?s=96&d=mm&r=g\",\"contentUrl\":\"https:\\\/\\\/secure.gravatar.com\\\/avatar\\\/37d968a2e67a6fd04c169c4bdef102d0bc5d31b2546345219e348575eb80e9a0?s=96&d=mm&r=g\",\"caption\":\"redazione\"},\"sameAs\":[\"http:\\\/\\\/www.bellunopress.it\",\"https:\\\/\\\/x.com\\\/bellunopress\"],\"url\":\"https:\\\/\\\/www.bellunopress.it\\\/fr\\\/author\\\/redazione\\\/\"}]}<\/script>\n<!-- \/ Yoast SEO plugin. -->","yoast_head_json":{"title":"Cortina ricorda Andrea Zanzotto con la musica del maestro Massimo Scattolin. Marted\u00ec mattina all'Hotel de la Poste  - Bellunopress - Dolomiti","robots":{"index":"index","follow":"follow","max-snippet":"max-snippet:-1","max-image-preview":"max-image-preview:large","max-video-preview":"max-video-preview:-1"},"canonical":"https:\/\/www.bellunopress.it\/fr\/2012\/01\/01\/cortina-ricorda-andrea-zanzotto-con-la-musica-del-maestro-massimo-scattolin-martedi-mattina-allhotel-de-la-poste\/","og_locale":"fr_FR","og_type":"article","og_title":"Cortina ricorda Andrea Zanzotto con la musica del maestro Massimo Scattolin. Marted\u00ec mattina all'Hotel de la Poste  - Bellunopress - Dolomiti","og_description":"Andrea Zanzotto ci ha lasciati il 18 ottobre 2011, poco dopo aver compiuto novant&#8217;anni. E&#8217; stato uno dei pi\u00f9 importanti poeti italiani del Novecento. Come ha detto il Presidente Napolitano, &#8220;la terra veneta e l&#8217;Italia perdono un grande figlio, un interprete sensibile dell&#8217;esperienza di vita e dei sentimenti del suo popolo, una personalit\u00e0 civilmente impegnata [&hellip;]","og_url":"https:\/\/www.bellunopress.it\/fr\/2012\/01\/01\/cortina-ricorda-andrea-zanzotto-con-la-musica-del-maestro-massimo-scattolin-martedi-mattina-allhotel-de-la-poste\/","og_site_name":"Bellunopress - Dolomiti","article_publisher":"https:\/\/www.facebook.com\/profile.php?id=100008943462799","article_published_time":"2012-01-01T21:14:09+00:00","article_modified_time":"2012-01-04T07:26:52+00:00","og_image":[{"url":"http:\/\/www.bellunopress.it\/wp-content\/uploads\/2012\/07\/logo-bellunopress-250x250-2012.jpg","type":"","width":"","height":""}],"author":"redazione","twitter_card":"summary_large_image","twitter_creator":"@bellunopress","twitter_site":"@bellunopress","twitter_misc":{"\u00c9crit par":"redazione","Dur\u00e9e de lecture estim\u00e9e":"1 minute"},"schema":{"@context":"https:\/\/schema.org","@graph":[{"@type":"Article","@id":"https:\/\/www.bellunopress.it\/2012\/01\/01\/cortina-ricorda-andrea-zanzotto-con-la-musica-del-maestro-massimo-scattolin-martedi-mattina-allhotel-de-la-poste\/#article","isPartOf":{"@id":"https:\/\/www.bellunopress.it\/2012\/01\/01\/cortina-ricorda-andrea-zanzotto-con-la-musica-del-maestro-massimo-scattolin-martedi-mattina-allhotel-de-la-poste\/"},"author":{"name":"redazione","@id":"https:\/\/www.bellunopress.it\/#\/schema\/person\/79bb06722b37ece1c03d3e94beb30d73"},"headline":"Cortina ricorda Andrea Zanzotto con la musica del maestro Massimo Scattolin. Marted\u00ec mattina all&#8217;Hotel de la Poste","datePublished":"2012-01-01T21:14:09+00:00","dateModified":"2012-01-04T07:26:52+00:00","mainEntityOfPage":{"@id":"https:\/\/www.bellunopress.it\/2012\/01\/01\/cortina-ricorda-andrea-zanzotto-con-la-musica-del-maestro-massimo-scattolin-martedi-mattina-allhotel-de-la-poste\/"},"wordCount":240,"publisher":{"@id":"https:\/\/www.bellunopress.it\/#organization"},"articleSection":["Appuntamenti, Eventi","Pausa Caff\u00e8"],"inLanguage":"fr-FR"},{"@type":"WebPage","@id":"https:\/\/www.bellunopress.it\/2012\/01\/01\/cortina-ricorda-andrea-zanzotto-con-la-musica-del-maestro-massimo-scattolin-martedi-mattina-allhotel-de-la-poste\/","url":"https:\/\/www.bellunopress.it\/2012\/01\/01\/cortina-ricorda-andrea-zanzotto-con-la-musica-del-maestro-massimo-scattolin-martedi-mattina-allhotel-de-la-poste\/","name":"Cortina ricorda Andrea Zanzotto con la musica del maestro Massimo Scattolin. Marted\u00ec mattina all'Hotel de la Poste - Bellunopress - Dolomiti","isPartOf":{"@id":"https:\/\/www.bellunopress.it\/#website"},"datePublished":"2012-01-01T21:14:09+00:00","dateModified":"2012-01-04T07:26:52+00:00","breadcrumb":{"@id":"https:\/\/www.bellunopress.it\/2012\/01\/01\/cortina-ricorda-andrea-zanzotto-con-la-musica-del-maestro-massimo-scattolin-martedi-mattina-allhotel-de-la-poste\/#breadcrumb"},"inLanguage":"fr-FR","potentialAction":[{"@type":"ReadAction","target":["https:\/\/www.bellunopress.it\/2012\/01\/01\/cortina-ricorda-andrea-zanzotto-con-la-musica-del-maestro-massimo-scattolin-martedi-mattina-allhotel-de-la-poste\/"]}]},{"@type":"BreadcrumbList","@id":"https:\/\/www.bellunopress.it\/2012\/01\/01\/cortina-ricorda-andrea-zanzotto-con-la-musica-del-maestro-massimo-scattolin-martedi-mattina-allhotel-de-la-poste\/#breadcrumb","itemListElement":[{"@type":"ListItem","position":1,"name":"Home","item":"https:\/\/www.bellunopress.it\/"},{"@type":"ListItem","position":2,"name":"Cortina ricorda Andrea Zanzotto con la musica del maestro Massimo Scattolin. Marted\u00ec mattina all&#8217;Hotel de la Poste"}]},{"@type":"WebSite","@id":"https:\/\/www.bellunopress.it\/#website","url":"https:\/\/www.bellunopress.it\/","name":"Bellunopress - Dolomiti","description":"e-mail: redazione@bellunopress.it","publisher":{"@id":"https:\/\/www.bellunopress.it\/#organization"},"potentialAction":[{"@type":"SearchAction","target":{"@type":"EntryPoint","urlTemplate":"https:\/\/www.bellunopress.it\/?s={search_term_string}"},"query-input":{"@type":"PropertyValueSpecification","valueRequired":true,"valueName":"search_term_string"}}],"inLanguage":"fr-FR"},{"@type":"Organization","@id":"https:\/\/www.bellunopress.it\/#organization","name":"Bellunopress","url":"https:\/\/www.bellunopress.it\/","logo":{"@type":"ImageObject","inLanguage":"fr-FR","@id":"https:\/\/www.bellunopress.it\/#\/schema\/logo\/image\/","url":"https:\/\/www.bellunopress.it\/wp-content\/uploads\/2011\/05\/cropped-logo-bellunopress-.jpg","contentUrl":"https:\/\/www.bellunopress.it\/wp-content\/uploads\/2011\/05\/cropped-logo-bellunopress-.jpg","width":512,"height":512,"caption":"Bellunopress"},"image":{"@id":"https:\/\/www.bellunopress.it\/#\/schema\/logo\/image\/"},"sameAs":["https:\/\/www.facebook.com\/profile.php?id=100008943462799","https:\/\/x.com\/bellunopress","https:\/\/www.linkedin.com\/hp\/?dnr=JBzUWaJfMUw8vbXJJ2tVW5-I3jZKvC4wsoxE&amp;amp;amp;amp;amp;amp;trk=nav_responsive_tab_home","https:\/\/www.youtube.com\/channel\/UCxL0wu1uN0_3_7hGG0306cw"]},{"@type":"Person","@id":"https:\/\/www.bellunopress.it\/#\/schema\/person\/79bb06722b37ece1c03d3e94beb30d73","name":"r\u00e9daction","image":{"@type":"ImageObject","inLanguage":"fr-FR","@id":"https:\/\/secure.gravatar.com\/avatar\/37d968a2e67a6fd04c169c4bdef102d0bc5d31b2546345219e348575eb80e9a0?s=96&d=mm&r=g","url":"https:\/\/secure.gravatar.com\/avatar\/37d968a2e67a6fd04c169c4bdef102d0bc5d31b2546345219e348575eb80e9a0?s=96&d=mm&r=g","contentUrl":"https:\/\/secure.gravatar.com\/avatar\/37d968a2e67a6fd04c169c4bdef102d0bc5d31b2546345219e348575eb80e9a0?s=96&d=mm&r=g","caption":"redazione"},"sameAs":["http:\/\/www.bellunopress.it","https:\/\/x.com\/bellunopress"],"url":"https:\/\/www.bellunopress.it\/fr\/author\/redazione\/"}]}},"_links":{"self":[{"href":"https:\/\/www.bellunopress.it\/fr\/wp-json\/wp\/v2\/posts\/33831","targetHints":{"allow":["GET"]}}],"collection":[{"href":"https:\/\/www.bellunopress.it\/fr\/wp-json\/wp\/v2\/posts"}],"about":[{"href":"https:\/\/www.bellunopress.it\/fr\/wp-json\/wp\/v2\/types\/post"}],"author":[{"embeddable":true,"href":"https:\/\/www.bellunopress.it\/fr\/wp-json\/wp\/v2\/users\/2"}],"replies":[{"embeddable":true,"href":"https:\/\/www.bellunopress.it\/fr\/wp-json\/wp\/v2\/comments?post=33831"}],"version-history":[{"count":2,"href":"https:\/\/www.bellunopress.it\/fr\/wp-json\/wp\/v2\/posts\/33831\/revisions"}],"predecessor-version":[{"id":33887,"href":"https:\/\/www.bellunopress.it\/fr\/wp-json\/wp\/v2\/posts\/33831\/revisions\/33887"}],"wp:attachment":[{"href":"https:\/\/www.bellunopress.it\/fr\/wp-json\/wp\/v2\/media?parent=33831"}],"wp:term":[{"taxonomy":"category","embeddable":true,"href":"https:\/\/www.bellunopress.it\/fr\/wp-json\/wp\/v2\/categories?post=33831"},{"taxonomy":"post_tag","embeddable":true,"href":"https:\/\/www.bellunopress.it\/fr\/wp-json\/wp\/v2\/tags?post=33831"}],"curies":[{"name":"wp","href":"https:\/\/api.w.org\/{rel}","templated":true}]}}