{"id":33815,"date":"2012-01-02T11:54:21","date_gmt":"2012-01-02T10:54:21","guid":{"rendered":"http:\/\/www.bellunopress.it\/?p=33815"},"modified":"2012-01-02T11:54:21","modified_gmt":"2012-01-02T10:54:21","slug":"le-penne-nere-del-gruppo-spert-cansiglio-compiono-mezzo-secolo-di-attivita-festeggiamenti-il-5-e-6-gennaio","status":"publish","type":"post","link":"https:\/\/www.bellunopress.it\/fr\/2012\/01\/02\/le-penne-nere-del-gruppo-spert-cansiglio-compiono-mezzo-secolo-di-attivita-festeggiamenti-il-5-e-6-gennaio\/","title":{"rendered":"Le penne nere del gruppo Spert-Cansiglio compiono mezzo secolo di attivit\u00e0. Festeggiamenti il 5 e 6 gennaio"},"content":{"rendered":"<p>Le penne nere del gruppo Spert-Cansiglio compiono mezzo secolo di attivit\u00e0. Quest\u2019anno la tradizionale festa degli alpini, in programma a Spert il 5 e 6 gennaio, sottolinea anche questo traguardo. Alla sfilata per le vie della frazione di Farra d\u2019Alpago (la mattina dell\u2019Epifania) parteciperanno infatti anche otto dei quarantadue soci che nel 1962 hanno fondato il longevo sodalizio. Ed \u00e8 proprio a questi benemeriti \u201cveci\u201d che verr\u00e0 consegnato un attestato di riconoscenza per l\u2019impegno profuso nel corso di tutti questi anni a beneficio del gruppo e per l\u2019opera di volontariato svolta in diversi settori, per primi quello della Protezione civile e della manutenzione del territorio.<br \/>\nLa sera prima, il 5 gennaio alle 20.30, nella chiesa di San Floriano, si esibiranno in un omaggio musicale due cori tra i pi\u00f9 attivi e applauditi in Veneto, il coro bellunese Dolada e quello trevigiano Stella Alpina. Gli organizzatori, con l\u2019assessore comunale Fortunato Calvi, si augurano che anche quest\u2019 anno in paese, come ad ogni edizione, \u201cci sia una grande partecipazione all\u2019evento da parte sia dei residenti che dei turisti invernali che in questo periodo frequentano le localit\u00e0 di un po\u2019 tutto l\u2019Alpago\u201d.<br \/>\nAltro buon motivo in questi giorni per visitare la bella frazione di Spert alle porte della foresta dei Dogi, \u00e8 la mostra dei presepi proposta da Sporteam e organizzata dalla consulta frazionale con il suo presidente Alessandra Guolla. \u201cPresepi per le vie\u201d rimarr\u00e0 esposta un po\u2019 in tutto il paese fino al 8 gennaio. Un iniziativa che ha riscosso un grande apprezzamento da parte del pubblico che finora ha avuto il piacere di visitarla.<br \/>\nE venerd\u00ec scorso \u00e8 salito a Spert per fare visita ai presepi anche il vescovo di Belluno, Giuseppe Andrich, che si \u00e8 incontrato per una cena conviviale con i gruppi degli alpini di Spert-Cansiglio, Tambre e Borsoi.<\/p>","protected":false},"excerpt":{"rendered":"<p>Le penne nere del gruppo Spert-Cansiglio compiono mezzo secolo di attivit\u00e0. Quest\u2019anno la tradizionale festa degli alpini, in programma a Spert il 5 e 6 gennaio, sottolinea anche questo traguardo. Alla sfilata per le vie della frazione di Farra d\u2019Alpago (la mattina dell\u2019Epifania) parteciperanno infatti anche otto dei quarantadue soci che nel 1962 hanno fondato [&hellip;]<\/p>\n","protected":false},"author":2,"featured_media":0,"comment_status":"closed","ping_status":"open","sticky":false,"template":"","format":"standard","meta":{"footnotes":""},"categories":[27,5,26],"tags":[],"class_list":["post-33815","post","type-post","status-publish","format-standard","category-appuntamenti","category-cronaca","category-prima-pagina"],"yoast_head":"<!-- This site is optimized with the Yoast SEO plugin v28.4 - https:\/\/yoast.com\/product\/yoast-seo-wordpress\/ -->\n<title>Le penne nere del gruppo Spert-Cansiglio compiono mezzo secolo di attivit\u00e0. Festeggiamenti il 5 e 6 gennaio - Bellunopress - Dolomiti<\/title>\n<meta name=\"robots\" content=\"index, follow, max-snippet:-1, max-image-preview:large, max-video-preview:-1\" \/>\n<link rel=\"canonical\" href=\"https:\/\/www.bellunopress.it\/fr\/2012\/01\/02\/le-penne-nere-del-gruppo-spert-cansiglio-compiono-mezzo-secolo-di-attivita-festeggiamenti-il-5-e-6-gennaio\/\" \/>\n<meta property=\"og:locale\" content=\"fr_FR\" \/>\n<meta property=\"og:type\" content=\"article\" \/>\n<meta property=\"og:title\" content=\"Le penne nere del gruppo Spert-Cansiglio compiono mezzo secolo di attivit\u00e0. Festeggiamenti il 5 e 6 gennaio - Bellunopress - Dolomiti\" \/>\n<meta property=\"og:description\" content=\"Le penne nere del gruppo Spert-Cansiglio compiono mezzo secolo di attivit\u00e0. Quest\u2019anno la tradizionale festa degli alpini, in programma a Spert il 5 e 6 gennaio, sottolinea anche questo traguardo. Alla sfilata per le vie della frazione di Farra d\u2019Alpago (la mattina dell\u2019Epifania) parteciperanno infatti anche otto dei quarantadue soci che nel 1962 hanno fondato [&hellip;]\" \/>\n<meta property=\"og:url\" content=\"https:\/\/www.bellunopress.it\/fr\/2012\/01\/02\/le-penne-nere-del-gruppo-spert-cansiglio-compiono-mezzo-secolo-di-attivita-festeggiamenti-il-5-e-6-gennaio\/\" \/>\n<meta property=\"og:site_name\" content=\"Bellunopress - Dolomiti\" \/>\n<meta property=\"article:publisher\" content=\"https:\/\/www.facebook.com\/profile.php?id=100008943462799\" \/>\n<meta property=\"article:published_time\" content=\"2012-01-02T10:54:21+00:00\" \/>\n<meta property=\"og:image\" content=\"http:\/\/www.bellunopress.it\/wp-content\/uploads\/2012\/07\/logo-bellunopress-250x250-2012.jpg\" \/>\n<meta name=\"author\" content=\"redazione\" \/>\n<meta name=\"twitter:card\" content=\"summary_large_image\" \/>\n<meta name=\"twitter:creator\" content=\"@bellunopress\" \/>\n<meta name=\"twitter:site\" content=\"@bellunopress\" \/>\n<meta name=\"twitter:label1\" content=\"Written by\" \/>\n\t<meta name=\"twitter:data1\" content=\"redazione\" \/>\n\t<meta name=\"twitter:label2\" content=\"Est. reading time\" \/>\n\t<meta name=\"twitter:data2\" content=\"1 minute\" \/>\n<script type=\"application\/ld+json\" class=\"yoast-schema-graph\">{\"@context\":\"https:\\\/\\\/schema.org\",\"@graph\":[{\"@type\":\"Article\",\"@id\":\"https:\\\/\\\/www.bellunopress.it\\\/2012\\\/01\\\/02\\\/le-penne-nere-del-gruppo-spert-cansiglio-compiono-mezzo-secolo-di-attivita-festeggiamenti-il-5-e-6-gennaio\\\/#article\",\"isPartOf\":{\"@id\":\"https:\\\/\\\/www.bellunopress.it\\\/2012\\\/01\\\/02\\\/le-penne-nere-del-gruppo-spert-cansiglio-compiono-mezzo-secolo-di-attivita-festeggiamenti-il-5-e-6-gennaio\\\/\"},\"author\":{\"name\":\"redazione\",\"@id\":\"https:\\\/\\\/www.bellunopress.it\\\/#\\\/schema\\\/person\\\/79bb06722b37ece1c03d3e94beb30d73\"},\"headline\":\"Le penne nere del gruppo Spert-Cansiglio compiono mezzo secolo di attivit\u00e0. Festeggiamenti il 5 e 6 gennaio\",\"datePublished\":\"2012-01-02T10:54:21+00:00\",\"mainEntityOfPage\":{\"@id\":\"https:\\\/\\\/www.bellunopress.it\\\/2012\\\/01\\\/02\\\/le-penne-nere-del-gruppo-spert-cansiglio-compiono-mezzo-secolo-di-attivita-festeggiamenti-il-5-e-6-gennaio\\\/\"},\"wordCount\":313,\"publisher\":{\"@id\":\"https:\\\/\\\/www.bellunopress.it\\\/#organization\"},\"articleSection\":[\"Appuntamenti, Eventi\",\"Cronaca\\\/Politica\",\"Prima Pagina\"],\"inLanguage\":\"fr-FR\"},{\"@type\":\"WebPage\",\"@id\":\"https:\\\/\\\/www.bellunopress.it\\\/2012\\\/01\\\/02\\\/le-penne-nere-del-gruppo-spert-cansiglio-compiono-mezzo-secolo-di-attivita-festeggiamenti-il-5-e-6-gennaio\\\/\",\"url\":\"https:\\\/\\\/www.bellunopress.it\\\/2012\\\/01\\\/02\\\/le-penne-nere-del-gruppo-spert-cansiglio-compiono-mezzo-secolo-di-attivita-festeggiamenti-il-5-e-6-gennaio\\\/\",\"name\":\"Le penne nere del gruppo Spert-Cansiglio compiono mezzo secolo di attivit\u00e0. Festeggiamenti il 5 e 6 gennaio - Bellunopress - Dolomiti\",\"isPartOf\":{\"@id\":\"https:\\\/\\\/www.bellunopress.it\\\/#website\"},\"datePublished\":\"2012-01-02T10:54:21+00:00\",\"breadcrumb\":{\"@id\":\"https:\\\/\\\/www.bellunopress.it\\\/2012\\\/01\\\/02\\\/le-penne-nere-del-gruppo-spert-cansiglio-compiono-mezzo-secolo-di-attivita-festeggiamenti-il-5-e-6-gennaio\\\/#breadcrumb\"},\"inLanguage\":\"fr-FR\",\"potentialAction\":[{\"@type\":\"ReadAction\",\"target\":[\"https:\\\/\\\/www.bellunopress.it\\\/2012\\\/01\\\/02\\\/le-penne-nere-del-gruppo-spert-cansiglio-compiono-mezzo-secolo-di-attivita-festeggiamenti-il-5-e-6-gennaio\\\/\"]}]},{\"@type\":\"BreadcrumbList\",\"@id\":\"https:\\\/\\\/www.bellunopress.it\\\/2012\\\/01\\\/02\\\/le-penne-nere-del-gruppo-spert-cansiglio-compiono-mezzo-secolo-di-attivita-festeggiamenti-il-5-e-6-gennaio\\\/#breadcrumb\",\"itemListElement\":[{\"@type\":\"ListItem\",\"position\":1,\"name\":\"Home\",\"item\":\"https:\\\/\\\/www.bellunopress.it\\\/\"},{\"@type\":\"ListItem\",\"position\":2,\"name\":\"Le penne nere del gruppo Spert-Cansiglio compiono mezzo secolo di attivit\u00e0. Festeggiamenti il 5 e 6 gennaio\"}]},{\"@type\":\"WebSite\",\"@id\":\"https:\\\/\\\/www.bellunopress.it\\\/#website\",\"url\":\"https:\\\/\\\/www.bellunopress.it\\\/\",\"name\":\"Bellunopress - Dolomiti\",\"description\":\"e-mail: redazione@bellunopress.it\",\"publisher\":{\"@id\":\"https:\\\/\\\/www.bellunopress.it\\\/#organization\"},\"potentialAction\":[{\"@type\":\"SearchAction\",\"target\":{\"@type\":\"EntryPoint\",\"urlTemplate\":\"https:\\\/\\\/www.bellunopress.it\\\/?s={search_term_string}\"},\"query-input\":{\"@type\":\"PropertyValueSpecification\",\"valueRequired\":true,\"valueName\":\"search_term_string\"}}],\"inLanguage\":\"fr-FR\"},{\"@type\":\"Organization\",\"@id\":\"https:\\\/\\\/www.bellunopress.it\\\/#organization\",\"name\":\"Bellunopress\",\"url\":\"https:\\\/\\\/www.bellunopress.it\\\/\",\"logo\":{\"@type\":\"ImageObject\",\"inLanguage\":\"fr-FR\",\"@id\":\"https:\\\/\\\/www.bellunopress.it\\\/#\\\/schema\\\/logo\\\/image\\\/\",\"url\":\"https:\\\/\\\/www.bellunopress.it\\\/wp-content\\\/uploads\\\/2011\\\/05\\\/cropped-logo-bellunopress-.jpg\",\"contentUrl\":\"https:\\\/\\\/www.bellunopress.it\\\/wp-content\\\/uploads\\\/2011\\\/05\\\/cropped-logo-bellunopress-.jpg\",\"width\":512,\"height\":512,\"caption\":\"Bellunopress\"},\"image\":{\"@id\":\"https:\\\/\\\/www.bellunopress.it\\\/#\\\/schema\\\/logo\\\/image\\\/\"},\"sameAs\":[\"https:\\\/\\\/www.facebook.com\\\/profile.php?id=100008943462799\",\"https:\\\/\\\/x.com\\\/bellunopress\",\"https:\\\/\\\/www.linkedin.com\\\/hp\\\/?dnr=JBzUWaJfMUw8vbXJJ2tVW5-I3jZKvC4wsoxE&amp;amp;amp;amp;amp;amp;trk=nav_responsive_tab_home\",\"https:\\\/\\\/www.youtube.com\\\/channel\\\/UCxL0wu1uN0_3_7hGG0306cw\"]},{\"@type\":\"Person\",\"@id\":\"https:\\\/\\\/www.bellunopress.it\\\/#\\\/schema\\\/person\\\/79bb06722b37ece1c03d3e94beb30d73\",\"name\":\"redazione\",\"image\":{\"@type\":\"ImageObject\",\"inLanguage\":\"fr-FR\",\"@id\":\"https:\\\/\\\/secure.gravatar.com\\\/avatar\\\/37d968a2e67a6fd04c169c4bdef102d0bc5d31b2546345219e348575eb80e9a0?s=96&d=mm&r=g\",\"url\":\"https:\\\/\\\/secure.gravatar.com\\\/avatar\\\/37d968a2e67a6fd04c169c4bdef102d0bc5d31b2546345219e348575eb80e9a0?s=96&d=mm&r=g\",\"contentUrl\":\"https:\\\/\\\/secure.gravatar.com\\\/avatar\\\/37d968a2e67a6fd04c169c4bdef102d0bc5d31b2546345219e348575eb80e9a0?s=96&d=mm&r=g\",\"caption\":\"redazione\"},\"sameAs\":[\"http:\\\/\\\/www.bellunopress.it\",\"https:\\\/\\\/x.com\\\/bellunopress\"],\"url\":\"https:\\\/\\\/www.bellunopress.it\\\/fr\\\/author\\\/redazione\\\/\"}]}<\/script>\n<!-- \/ Yoast SEO plugin. -->","yoast_head_json":{"title":"Le penne nere del gruppo Spert-Cansiglio compiono mezzo secolo di attivit\u00e0. Festeggiamenti il 5 e 6 gennaio - Bellunopress - Dolomiti","robots":{"index":"index","follow":"follow","max-snippet":"max-snippet:-1","max-image-preview":"max-image-preview:large","max-video-preview":"max-video-preview:-1"},"canonical":"https:\/\/www.bellunopress.it\/fr\/2012\/01\/02\/le-penne-nere-del-gruppo-spert-cansiglio-compiono-mezzo-secolo-di-attivita-festeggiamenti-il-5-e-6-gennaio\/","og_locale":"fr_FR","og_type":"article","og_title":"Le penne nere del gruppo Spert-Cansiglio compiono mezzo secolo di attivit\u00e0. Festeggiamenti il 5 e 6 gennaio - Bellunopress - Dolomiti","og_description":"Le penne nere del gruppo Spert-Cansiglio compiono mezzo secolo di attivit\u00e0. Quest\u2019anno la tradizionale festa degli alpini, in programma a Spert il 5 e 6 gennaio, sottolinea anche questo traguardo. Alla sfilata per le vie della frazione di Farra d\u2019Alpago (la mattina dell\u2019Epifania) parteciperanno infatti anche otto dei quarantadue soci che nel 1962 hanno fondato [&hellip;]","og_url":"https:\/\/www.bellunopress.it\/fr\/2012\/01\/02\/le-penne-nere-del-gruppo-spert-cansiglio-compiono-mezzo-secolo-di-attivita-festeggiamenti-il-5-e-6-gennaio\/","og_site_name":"Bellunopress - Dolomiti","article_publisher":"https:\/\/www.facebook.com\/profile.php?id=100008943462799","article_published_time":"2012-01-02T10:54:21+00:00","og_image":[{"url":"http:\/\/www.bellunopress.it\/wp-content\/uploads\/2012\/07\/logo-bellunopress-250x250-2012.jpg","type":"","width":"","height":""}],"author":"redazione","twitter_card":"summary_large_image","twitter_creator":"@bellunopress","twitter_site":"@bellunopress","twitter_misc":{"Written by":"redazione","Est. reading time":"1 minute"},"schema":{"@context":"https:\/\/schema.org","@graph":[{"@type":"Article","@id":"https:\/\/www.bellunopress.it\/2012\/01\/02\/le-penne-nere-del-gruppo-spert-cansiglio-compiono-mezzo-secolo-di-attivita-festeggiamenti-il-5-e-6-gennaio\/#article","isPartOf":{"@id":"https:\/\/www.bellunopress.it\/2012\/01\/02\/le-penne-nere-del-gruppo-spert-cansiglio-compiono-mezzo-secolo-di-attivita-festeggiamenti-il-5-e-6-gennaio\/"},"author":{"name":"redazione","@id":"https:\/\/www.bellunopress.it\/#\/schema\/person\/79bb06722b37ece1c03d3e94beb30d73"},"headline":"Le penne nere del gruppo Spert-Cansiglio compiono mezzo secolo di attivit\u00e0. Festeggiamenti il 5 e 6 gennaio","datePublished":"2012-01-02T10:54:21+00:00","mainEntityOfPage":{"@id":"https:\/\/www.bellunopress.it\/2012\/01\/02\/le-penne-nere-del-gruppo-spert-cansiglio-compiono-mezzo-secolo-di-attivita-festeggiamenti-il-5-e-6-gennaio\/"},"wordCount":313,"publisher":{"@id":"https:\/\/www.bellunopress.it\/#organization"},"articleSection":["Appuntamenti, Eventi","Cronaca\/Politica","Prima Pagina"],"inLanguage":"fr-FR"},{"@type":"WebPage","@id":"https:\/\/www.bellunopress.it\/2012\/01\/02\/le-penne-nere-del-gruppo-spert-cansiglio-compiono-mezzo-secolo-di-attivita-festeggiamenti-il-5-e-6-gennaio\/","url":"https:\/\/www.bellunopress.it\/2012\/01\/02\/le-penne-nere-del-gruppo-spert-cansiglio-compiono-mezzo-secolo-di-attivita-festeggiamenti-il-5-e-6-gennaio\/","name":"Le penne nere del gruppo Spert-Cansiglio compiono mezzo secolo di attivit\u00e0. Festeggiamenti il 5 e 6 gennaio - Bellunopress - Dolomiti","isPartOf":{"@id":"https:\/\/www.bellunopress.it\/#website"},"datePublished":"2012-01-02T10:54:21+00:00","breadcrumb":{"@id":"https:\/\/www.bellunopress.it\/2012\/01\/02\/le-penne-nere-del-gruppo-spert-cansiglio-compiono-mezzo-secolo-di-attivita-festeggiamenti-il-5-e-6-gennaio\/#breadcrumb"},"inLanguage":"fr-FR","potentialAction":[{"@type":"ReadAction","target":["https:\/\/www.bellunopress.it\/2012\/01\/02\/le-penne-nere-del-gruppo-spert-cansiglio-compiono-mezzo-secolo-di-attivita-festeggiamenti-il-5-e-6-gennaio\/"]}]},{"@type":"BreadcrumbList","@id":"https:\/\/www.bellunopress.it\/2012\/01\/02\/le-penne-nere-del-gruppo-spert-cansiglio-compiono-mezzo-secolo-di-attivita-festeggiamenti-il-5-e-6-gennaio\/#breadcrumb","itemListElement":[{"@type":"ListItem","position":1,"name":"Home","item":"https:\/\/www.bellunopress.it\/"},{"@type":"ListItem","position":2,"name":"Le penne nere del gruppo Spert-Cansiglio compiono mezzo secolo di attivit\u00e0. Festeggiamenti il 5 e 6 gennaio"}]},{"@type":"WebSite","@id":"https:\/\/www.bellunopress.it\/#website","url":"https:\/\/www.bellunopress.it\/","name":"Bellunopress - Dolomiti","description":"e-mail: redazione@bellunopress.it","publisher":{"@id":"https:\/\/www.bellunopress.it\/#organization"},"potentialAction":[{"@type":"SearchAction","target":{"@type":"EntryPoint","urlTemplate":"https:\/\/www.bellunopress.it\/?s={search_term_string}"},"query-input":{"@type":"PropertyValueSpecification","valueRequired":true,"valueName":"search_term_string"}}],"inLanguage":"fr-FR"},{"@type":"Organization","@id":"https:\/\/www.bellunopress.it\/#organization","name":"Bellunopress","url":"https:\/\/www.bellunopress.it\/","logo":{"@type":"ImageObject","inLanguage":"fr-FR","@id":"https:\/\/www.bellunopress.it\/#\/schema\/logo\/image\/","url":"https:\/\/www.bellunopress.it\/wp-content\/uploads\/2011\/05\/cropped-logo-bellunopress-.jpg","contentUrl":"https:\/\/www.bellunopress.it\/wp-content\/uploads\/2011\/05\/cropped-logo-bellunopress-.jpg","width":512,"height":512,"caption":"Bellunopress"},"image":{"@id":"https:\/\/www.bellunopress.it\/#\/schema\/logo\/image\/"},"sameAs":["https:\/\/www.facebook.com\/profile.php?id=100008943462799","https:\/\/x.com\/bellunopress","https:\/\/www.linkedin.com\/hp\/?dnr=JBzUWaJfMUw8vbXJJ2tVW5-I3jZKvC4wsoxE&amp;amp;amp;amp;amp;amp;trk=nav_responsive_tab_home","https:\/\/www.youtube.com\/channel\/UCxL0wu1uN0_3_7hGG0306cw"]},{"@type":"Person","@id":"https:\/\/www.bellunopress.it\/#\/schema\/person\/79bb06722b37ece1c03d3e94beb30d73","name":"r\u00e9daction","image":{"@type":"ImageObject","inLanguage":"fr-FR","@id":"https:\/\/secure.gravatar.com\/avatar\/37d968a2e67a6fd04c169c4bdef102d0bc5d31b2546345219e348575eb80e9a0?s=96&d=mm&r=g","url":"https:\/\/secure.gravatar.com\/avatar\/37d968a2e67a6fd04c169c4bdef102d0bc5d31b2546345219e348575eb80e9a0?s=96&d=mm&r=g","contentUrl":"https:\/\/secure.gravatar.com\/avatar\/37d968a2e67a6fd04c169c4bdef102d0bc5d31b2546345219e348575eb80e9a0?s=96&d=mm&r=g","caption":"redazione"},"sameAs":["http:\/\/www.bellunopress.it","https:\/\/x.com\/bellunopress"],"url":"https:\/\/www.bellunopress.it\/fr\/author\/redazione\/"}]}},"_links":{"self":[{"href":"https:\/\/www.bellunopress.it\/fr\/wp-json\/wp\/v2\/posts\/33815","targetHints":{"allow":["GET"]}}],"collection":[{"href":"https:\/\/www.bellunopress.it\/fr\/wp-json\/wp\/v2\/posts"}],"about":[{"href":"https:\/\/www.bellunopress.it\/fr\/wp-json\/wp\/v2\/types\/post"}],"author":[{"embeddable":true,"href":"https:\/\/www.bellunopress.it\/fr\/wp-json\/wp\/v2\/users\/2"}],"replies":[{"embeddable":true,"href":"https:\/\/www.bellunopress.it\/fr\/wp-json\/wp\/v2\/comments?post=33815"}],"version-history":[{"count":1,"href":"https:\/\/www.bellunopress.it\/fr\/wp-json\/wp\/v2\/posts\/33815\/revisions"}],"predecessor-version":[{"id":33817,"href":"https:\/\/www.bellunopress.it\/fr\/wp-json\/wp\/v2\/posts\/33815\/revisions\/33817"}],"wp:attachment":[{"href":"https:\/\/www.bellunopress.it\/fr\/wp-json\/wp\/v2\/media?parent=33815"}],"wp:term":[{"taxonomy":"category","embeddable":true,"href":"https:\/\/www.bellunopress.it\/fr\/wp-json\/wp\/v2\/categories?post=33815"},{"taxonomy":"post_tag","embeddable":true,"href":"https:\/\/www.bellunopress.it\/fr\/wp-json\/wp\/v2\/tags?post=33815"}],"curies":[{"name":"wp","href":"https:\/\/api.w.org\/{rel}","templated":true}]}}