{"id":33813,"date":"2012-01-01T16:29:04","date_gmt":"2012-01-01T15:29:04","guid":{"rendered":"http:\/\/www.bellunopress.it\/?p=33813"},"modified":"2012-01-01T16:29:04","modified_gmt":"2012-01-01T15:29:04","slug":"lalpago-alle-terme-i-numeri-raddoppiano","status":"publish","type":"post","link":"https:\/\/www.bellunopress.it\/fr\/2012\/01\/01\/lalpago-alle-terme-i-numeri-raddoppiano\/","title":{"rendered":"L&#8217;Alpago alle terme: i numeri raddoppiano"},"content":{"rendered":"<p>Anche quest&#8217;anno i 5 comuni dell&#8217;Alpago hanno aderito al progetto &#8220;Terme &amp; Salute&#8221; promosso dalla associazione albergatori termali di Abano e Montegrotto in collaborazione con il Consorzio di promozione turistica Terme Euganee e la provincia di Padova, patrocinato dalla Regione Veneto.<br \/>\nSono infatti gi\u00e0 diversi anni che i nostri cittadini usufruiscono della possibilit\u00e0 di fare un soggiorno di una settimana alle terme euganee nel corso del mese di novembre, grazie all&#8217;adesione dei comuni alpagoti a questo specifico progetto.<br \/>\nNegli ultimi due anni il numero di partecipanti \u00e8 raddoppiato, segno della bont\u00e0 e qualit\u00e0 dell&#8217;iniziativa.<br \/>\nVisto l&#8217;elevato numero di adesioni, siamo infatti arrivati a quota 125 persone, \u00e8 stato necessario dividere il gruppo in due alberghi entrambi comunque a Abano.<br \/>\nAll&#8217;hotel Firenze c&#8217;era il gruppo di circa 80 persone composto da Puos e Farra e all&#8217;hotel Columbia c&#8217;era il gruppo di circa 45 persone dei comuni di Chies, Pieve e Tambre.(come vedete dalle foto allegate)<br \/>\nL&#8217;iniziativa rientra nel turismo sociale, visto che promuove la salute e benessere grazie alle specifiche propriet\u00e0 curative delle acque e fanghi delle terme Euganee.<br \/>\nMa \u00e8 anche un occasione di incontro tra persone provenienti dai vari paesi dell&#8217;Alpago che oltre a curare la salute, curano anche lo spirito d&#8217;amicizia e dialogo.<br \/>\nCapita cos\u00ec che\u00a0tra un fango, un massaggio, del buon cibo, quattro balli e tante barzellette, si condivida dei bei\u00a0momenti di vita comunitaria e si faccia ancora un po&#8217; &#8220;paese&#8221; insieme\u00a0come una volta.<br \/>\nQuesta \u00e8 la sensazione e lo spirito positivo raccolti dai\u00a0due assessori Canei Stefania di Puos e Gabriela De Bortoli di Chies che da due anni seguono personalmente l&#8217;iniziativa.<br \/>\nEntrambi gli assessori infatti sono soddisfatte visti i pareri\u00a0positivi dei partecipanti e si augurano che questo progetto sia\u00a0accolto favorevolmente\u00a0anche per il futuro.<\/p>","protected":false},"excerpt":{"rendered":"<p>Anche quest&#8217;anno i 5 comuni dell&#8217;Alpago hanno aderito al progetto &#8220;Terme &amp; Salute&#8221; promosso dalla associazione albergatori termali di Abano e Montegrotto in collaborazione con il Consorzio di promozione turistica Terme Euganee e la provincia di Padova, patrocinato dalla Regione Veneto. Sono infatti gi\u00e0 diversi anni che i nostri cittadini usufruiscono della possibilit\u00e0 di fare [&hellip;]<\/p>\n","protected":false},"author":2,"featured_media":0,"comment_status":"closed","ping_status":"open","sticky":false,"template":"","format":"standard","meta":{"footnotes":""},"categories":[5,25],"tags":[],"class_list":["post-33813","post","type-post","status-publish","format-standard","category-cronaca","category-pausa-caffe"],"yoast_head":"<!-- This site is optimized with the Yoast SEO plugin v28.4 - https:\/\/yoast.com\/product\/yoast-seo-wordpress\/ -->\n<title>L&#039;Alpago alle terme: i numeri raddoppiano - Bellunopress - Dolomiti<\/title>\n<meta name=\"robots\" content=\"index, follow, max-snippet:-1, max-image-preview:large, max-video-preview:-1\" \/>\n<link rel=\"canonical\" href=\"https:\/\/www.bellunopress.it\/fr\/2012\/01\/01\/lalpago-alle-terme-i-numeri-raddoppiano\/\" \/>\n<meta property=\"og:locale\" content=\"fr_FR\" \/>\n<meta property=\"og:type\" content=\"article\" \/>\n<meta property=\"og:title\" content=\"L&#039;Alpago alle terme: i numeri raddoppiano - Bellunopress - Dolomiti\" \/>\n<meta property=\"og:description\" content=\"Anche quest&#8217;anno i 5 comuni dell&#8217;Alpago hanno aderito al progetto &#8220;Terme &amp; Salute&#8221; promosso dalla associazione albergatori termali di Abano e Montegrotto in collaborazione con il Consorzio di promozione turistica Terme Euganee e la provincia di Padova, patrocinato dalla Regione Veneto. Sono infatti gi\u00e0 diversi anni che i nostri cittadini usufruiscono della possibilit\u00e0 di fare [&hellip;]\" \/>\n<meta property=\"og:url\" content=\"https:\/\/www.bellunopress.it\/fr\/2012\/01\/01\/lalpago-alle-terme-i-numeri-raddoppiano\/\" \/>\n<meta property=\"og:site_name\" content=\"Bellunopress - Dolomiti\" \/>\n<meta property=\"article:publisher\" content=\"https:\/\/www.facebook.com\/profile.php?id=100008943462799\" \/>\n<meta property=\"article:published_time\" content=\"2012-01-01T15:29:04+00:00\" \/>\n<meta property=\"og:image\" content=\"http:\/\/www.bellunopress.it\/wp-content\/uploads\/2012\/07\/logo-bellunopress-250x250-2012.jpg\" \/>\n<meta name=\"author\" content=\"redazione\" \/>\n<meta name=\"twitter:card\" content=\"summary_large_image\" \/>\n<meta name=\"twitter:creator\" content=\"@bellunopress\" \/>\n<meta name=\"twitter:site\" content=\"@bellunopress\" \/>\n<meta name=\"twitter:label1\" content=\"Written by\" \/>\n\t<meta name=\"twitter:data1\" content=\"redazione\" \/>\n\t<meta name=\"twitter:label2\" content=\"Est. reading time\" \/>\n\t<meta name=\"twitter:data2\" content=\"1 minute\" \/>\n<script type=\"application\/ld+json\" class=\"yoast-schema-graph\">{\"@context\":\"https:\\\/\\\/schema.org\",\"@graph\":[{\"@type\":\"Article\",\"@id\":\"https:\\\/\\\/www.bellunopress.it\\\/2012\\\/01\\\/01\\\/lalpago-alle-terme-i-numeri-raddoppiano\\\/#article\",\"isPartOf\":{\"@id\":\"https:\\\/\\\/www.bellunopress.it\\\/2012\\\/01\\\/01\\\/lalpago-alle-terme-i-numeri-raddoppiano\\\/\"},\"author\":{\"name\":\"redazione\",\"@id\":\"https:\\\/\\\/www.bellunopress.it\\\/#\\\/schema\\\/person\\\/79bb06722b37ece1c03d3e94beb30d73\"},\"headline\":\"L&#8217;Alpago alle terme: i numeri raddoppiano\",\"datePublished\":\"2012-01-01T15:29:04+00:00\",\"mainEntityOfPage\":{\"@id\":\"https:\\\/\\\/www.bellunopress.it\\\/2012\\\/01\\\/01\\\/lalpago-alle-terme-i-numeri-raddoppiano\\\/\"},\"wordCount\":307,\"publisher\":{\"@id\":\"https:\\\/\\\/www.bellunopress.it\\\/#organization\"},\"articleSection\":[\"Cronaca\\\/Politica\",\"Pausa Caff\u00e8\"],\"inLanguage\":\"fr-FR\"},{\"@type\":\"WebPage\",\"@id\":\"https:\\\/\\\/www.bellunopress.it\\\/2012\\\/01\\\/01\\\/lalpago-alle-terme-i-numeri-raddoppiano\\\/\",\"url\":\"https:\\\/\\\/www.bellunopress.it\\\/2012\\\/01\\\/01\\\/lalpago-alle-terme-i-numeri-raddoppiano\\\/\",\"name\":\"L'Alpago alle terme: i numeri raddoppiano - Bellunopress - Dolomiti\",\"isPartOf\":{\"@id\":\"https:\\\/\\\/www.bellunopress.it\\\/#website\"},\"datePublished\":\"2012-01-01T15:29:04+00:00\",\"breadcrumb\":{\"@id\":\"https:\\\/\\\/www.bellunopress.it\\\/2012\\\/01\\\/01\\\/lalpago-alle-terme-i-numeri-raddoppiano\\\/#breadcrumb\"},\"inLanguage\":\"fr-FR\",\"potentialAction\":[{\"@type\":\"ReadAction\",\"target\":[\"https:\\\/\\\/www.bellunopress.it\\\/2012\\\/01\\\/01\\\/lalpago-alle-terme-i-numeri-raddoppiano\\\/\"]}]},{\"@type\":\"BreadcrumbList\",\"@id\":\"https:\\\/\\\/www.bellunopress.it\\\/2012\\\/01\\\/01\\\/lalpago-alle-terme-i-numeri-raddoppiano\\\/#breadcrumb\",\"itemListElement\":[{\"@type\":\"ListItem\",\"position\":1,\"name\":\"Home\",\"item\":\"https:\\\/\\\/www.bellunopress.it\\\/\"},{\"@type\":\"ListItem\",\"position\":2,\"name\":\"L&#8217;Alpago alle terme: i numeri raddoppiano\"}]},{\"@type\":\"WebSite\",\"@id\":\"https:\\\/\\\/www.bellunopress.it\\\/#website\",\"url\":\"https:\\\/\\\/www.bellunopress.it\\\/\",\"name\":\"Bellunopress - Dolomiti\",\"description\":\"e-mail: redazione@bellunopress.it\",\"publisher\":{\"@id\":\"https:\\\/\\\/www.bellunopress.it\\\/#organization\"},\"potentialAction\":[{\"@type\":\"SearchAction\",\"target\":{\"@type\":\"EntryPoint\",\"urlTemplate\":\"https:\\\/\\\/www.bellunopress.it\\\/?s={search_term_string}\"},\"query-input\":{\"@type\":\"PropertyValueSpecification\",\"valueRequired\":true,\"valueName\":\"search_term_string\"}}],\"inLanguage\":\"fr-FR\"},{\"@type\":\"Organization\",\"@id\":\"https:\\\/\\\/www.bellunopress.it\\\/#organization\",\"name\":\"Bellunopress\",\"url\":\"https:\\\/\\\/www.bellunopress.it\\\/\",\"logo\":{\"@type\":\"ImageObject\",\"inLanguage\":\"fr-FR\",\"@id\":\"https:\\\/\\\/www.bellunopress.it\\\/#\\\/schema\\\/logo\\\/image\\\/\",\"url\":\"https:\\\/\\\/www.bellunopress.it\\\/wp-content\\\/uploads\\\/2011\\\/05\\\/cropped-logo-bellunopress-.jpg\",\"contentUrl\":\"https:\\\/\\\/www.bellunopress.it\\\/wp-content\\\/uploads\\\/2011\\\/05\\\/cropped-logo-bellunopress-.jpg\",\"width\":512,\"height\":512,\"caption\":\"Bellunopress\"},\"image\":{\"@id\":\"https:\\\/\\\/www.bellunopress.it\\\/#\\\/schema\\\/logo\\\/image\\\/\"},\"sameAs\":[\"https:\\\/\\\/www.facebook.com\\\/profile.php?id=100008943462799\",\"https:\\\/\\\/x.com\\\/bellunopress\",\"https:\\\/\\\/www.linkedin.com\\\/hp\\\/?dnr=JBzUWaJfMUw8vbXJJ2tVW5-I3jZKvC4wsoxE&amp;amp;amp;amp;amp;amp;trk=nav_responsive_tab_home\",\"https:\\\/\\\/www.youtube.com\\\/channel\\\/UCxL0wu1uN0_3_7hGG0306cw\"]},{\"@type\":\"Person\",\"@id\":\"https:\\\/\\\/www.bellunopress.it\\\/#\\\/schema\\\/person\\\/79bb06722b37ece1c03d3e94beb30d73\",\"name\":\"redazione\",\"image\":{\"@type\":\"ImageObject\",\"inLanguage\":\"fr-FR\",\"@id\":\"https:\\\/\\\/secure.gravatar.com\\\/avatar\\\/37d968a2e67a6fd04c169c4bdef102d0bc5d31b2546345219e348575eb80e9a0?s=96&d=mm&r=g\",\"url\":\"https:\\\/\\\/secure.gravatar.com\\\/avatar\\\/37d968a2e67a6fd04c169c4bdef102d0bc5d31b2546345219e348575eb80e9a0?s=96&d=mm&r=g\",\"contentUrl\":\"https:\\\/\\\/secure.gravatar.com\\\/avatar\\\/37d968a2e67a6fd04c169c4bdef102d0bc5d31b2546345219e348575eb80e9a0?s=96&d=mm&r=g\",\"caption\":\"redazione\"},\"sameAs\":[\"http:\\\/\\\/www.bellunopress.it\",\"https:\\\/\\\/x.com\\\/bellunopress\"],\"url\":\"https:\\\/\\\/www.bellunopress.it\\\/fr\\\/author\\\/redazione\\\/\"}]}<\/script>\n<!-- \/ Yoast SEO plugin. -->","yoast_head_json":{"title":"L'Alpago alle terme: i numeri raddoppiano - Bellunopress - Dolomiti","robots":{"index":"index","follow":"follow","max-snippet":"max-snippet:-1","max-image-preview":"max-image-preview:large","max-video-preview":"max-video-preview:-1"},"canonical":"https:\/\/www.bellunopress.it\/fr\/2012\/01\/01\/lalpago-alle-terme-i-numeri-raddoppiano\/","og_locale":"fr_FR","og_type":"article","og_title":"L'Alpago alle terme: i numeri raddoppiano - Bellunopress - Dolomiti","og_description":"Anche quest&#8217;anno i 5 comuni dell&#8217;Alpago hanno aderito al progetto &#8220;Terme &amp; Salute&#8221; promosso dalla associazione albergatori termali di Abano e Montegrotto in collaborazione con il Consorzio di promozione turistica Terme Euganee e la provincia di Padova, patrocinato dalla Regione Veneto. Sono infatti gi\u00e0 diversi anni che i nostri cittadini usufruiscono della possibilit\u00e0 di fare [&hellip;]","og_url":"https:\/\/www.bellunopress.it\/fr\/2012\/01\/01\/lalpago-alle-terme-i-numeri-raddoppiano\/","og_site_name":"Bellunopress - Dolomiti","article_publisher":"https:\/\/www.facebook.com\/profile.php?id=100008943462799","article_published_time":"2012-01-01T15:29:04+00:00","og_image":[{"url":"http:\/\/www.bellunopress.it\/wp-content\/uploads\/2012\/07\/logo-bellunopress-250x250-2012.jpg","type":"","width":"","height":""}],"author":"redazione","twitter_card":"summary_large_image","twitter_creator":"@bellunopress","twitter_site":"@bellunopress","twitter_misc":{"Written by":"redazione","Est. reading time":"1 minute"},"schema":{"@context":"https:\/\/schema.org","@graph":[{"@type":"Article","@id":"https:\/\/www.bellunopress.it\/2012\/01\/01\/lalpago-alle-terme-i-numeri-raddoppiano\/#article","isPartOf":{"@id":"https:\/\/www.bellunopress.it\/2012\/01\/01\/lalpago-alle-terme-i-numeri-raddoppiano\/"},"author":{"name":"redazione","@id":"https:\/\/www.bellunopress.it\/#\/schema\/person\/79bb06722b37ece1c03d3e94beb30d73"},"headline":"L&#8217;Alpago alle terme: i numeri raddoppiano","datePublished":"2012-01-01T15:29:04+00:00","mainEntityOfPage":{"@id":"https:\/\/www.bellunopress.it\/2012\/01\/01\/lalpago-alle-terme-i-numeri-raddoppiano\/"},"wordCount":307,"publisher":{"@id":"https:\/\/www.bellunopress.it\/#organization"},"articleSection":["Cronaca\/Politica","Pausa Caff\u00e8"],"inLanguage":"fr-FR"},{"@type":"WebPage","@id":"https:\/\/www.bellunopress.it\/2012\/01\/01\/lalpago-alle-terme-i-numeri-raddoppiano\/","url":"https:\/\/www.bellunopress.it\/2012\/01\/01\/lalpago-alle-terme-i-numeri-raddoppiano\/","name":"L'Alpago alle terme: i numeri raddoppiano - Bellunopress - Dolomiti","isPartOf":{"@id":"https:\/\/www.bellunopress.it\/#website"},"datePublished":"2012-01-01T15:29:04+00:00","breadcrumb":{"@id":"https:\/\/www.bellunopress.it\/2012\/01\/01\/lalpago-alle-terme-i-numeri-raddoppiano\/#breadcrumb"},"inLanguage":"fr-FR","potentialAction":[{"@type":"ReadAction","target":["https:\/\/www.bellunopress.it\/2012\/01\/01\/lalpago-alle-terme-i-numeri-raddoppiano\/"]}]},{"@type":"BreadcrumbList","@id":"https:\/\/www.bellunopress.it\/2012\/01\/01\/lalpago-alle-terme-i-numeri-raddoppiano\/#breadcrumb","itemListElement":[{"@type":"ListItem","position":1,"name":"Home","item":"https:\/\/www.bellunopress.it\/"},{"@type":"ListItem","position":2,"name":"L&#8217;Alpago alle terme: i numeri raddoppiano"}]},{"@type":"WebSite","@id":"https:\/\/www.bellunopress.it\/#website","url":"https:\/\/www.bellunopress.it\/","name":"Bellunopress - Dolomiti","description":"e-mail: redazione@bellunopress.it","publisher":{"@id":"https:\/\/www.bellunopress.it\/#organization"},"potentialAction":[{"@type":"SearchAction","target":{"@type":"EntryPoint","urlTemplate":"https:\/\/www.bellunopress.it\/?s={search_term_string}"},"query-input":{"@type":"PropertyValueSpecification","valueRequired":true,"valueName":"search_term_string"}}],"inLanguage":"fr-FR"},{"@type":"Organization","@id":"https:\/\/www.bellunopress.it\/#organization","name":"Bellunopress","url":"https:\/\/www.bellunopress.it\/","logo":{"@type":"ImageObject","inLanguage":"fr-FR","@id":"https:\/\/www.bellunopress.it\/#\/schema\/logo\/image\/","url":"https:\/\/www.bellunopress.it\/wp-content\/uploads\/2011\/05\/cropped-logo-bellunopress-.jpg","contentUrl":"https:\/\/www.bellunopress.it\/wp-content\/uploads\/2011\/05\/cropped-logo-bellunopress-.jpg","width":512,"height":512,"caption":"Bellunopress"},"image":{"@id":"https:\/\/www.bellunopress.it\/#\/schema\/logo\/image\/"},"sameAs":["https:\/\/www.facebook.com\/profile.php?id=100008943462799","https:\/\/x.com\/bellunopress","https:\/\/www.linkedin.com\/hp\/?dnr=JBzUWaJfMUw8vbXJJ2tVW5-I3jZKvC4wsoxE&amp;amp;amp;amp;amp;amp;trk=nav_responsive_tab_home","https:\/\/www.youtube.com\/channel\/UCxL0wu1uN0_3_7hGG0306cw"]},{"@type":"Person","@id":"https:\/\/www.bellunopress.it\/#\/schema\/person\/79bb06722b37ece1c03d3e94beb30d73","name":"r\u00e9daction","image":{"@type":"ImageObject","inLanguage":"fr-FR","@id":"https:\/\/secure.gravatar.com\/avatar\/37d968a2e67a6fd04c169c4bdef102d0bc5d31b2546345219e348575eb80e9a0?s=96&d=mm&r=g","url":"https:\/\/secure.gravatar.com\/avatar\/37d968a2e67a6fd04c169c4bdef102d0bc5d31b2546345219e348575eb80e9a0?s=96&d=mm&r=g","contentUrl":"https:\/\/secure.gravatar.com\/avatar\/37d968a2e67a6fd04c169c4bdef102d0bc5d31b2546345219e348575eb80e9a0?s=96&d=mm&r=g","caption":"redazione"},"sameAs":["http:\/\/www.bellunopress.it","https:\/\/x.com\/bellunopress"],"url":"https:\/\/www.bellunopress.it\/fr\/author\/redazione\/"}]}},"_links":{"self":[{"href":"https:\/\/www.bellunopress.it\/fr\/wp-json\/wp\/v2\/posts\/33813","targetHints":{"allow":["GET"]}}],"collection":[{"href":"https:\/\/www.bellunopress.it\/fr\/wp-json\/wp\/v2\/posts"}],"about":[{"href":"https:\/\/www.bellunopress.it\/fr\/wp-json\/wp\/v2\/types\/post"}],"author":[{"embeddable":true,"href":"https:\/\/www.bellunopress.it\/fr\/wp-json\/wp\/v2\/users\/2"}],"replies":[{"embeddable":true,"href":"https:\/\/www.bellunopress.it\/fr\/wp-json\/wp\/v2\/comments?post=33813"}],"version-history":[{"count":1,"href":"https:\/\/www.bellunopress.it\/fr\/wp-json\/wp\/v2\/posts\/33813\/revisions"}],"predecessor-version":[{"id":33814,"href":"https:\/\/www.bellunopress.it\/fr\/wp-json\/wp\/v2\/posts\/33813\/revisions\/33814"}],"wp:attachment":[{"href":"https:\/\/www.bellunopress.it\/fr\/wp-json\/wp\/v2\/media?parent=33813"}],"wp:term":[{"taxonomy":"category","embeddable":true,"href":"https:\/\/www.bellunopress.it\/fr\/wp-json\/wp\/v2\/categories?post=33813"},{"taxonomy":"post_tag","embeddable":true,"href":"https:\/\/www.bellunopress.it\/fr\/wp-json\/wp\/v2\/tags?post=33813"}],"curies":[{"name":"wp","href":"https:\/\/api.w.org\/{rel}","templated":true}]}}