{"id":33810,"date":"2012-01-01T16:19:57","date_gmt":"2012-01-01T15:19:57","guid":{"rendered":"http:\/\/www.bellunopress.it\/?p=33810"},"modified":"2012-01-01T16:19:57","modified_gmt":"2012-01-01T15:19:57","slug":"novita-per-la-viabilita-bellunese-di-qua-e-di-la-del-piave-via-al-progetto-del-ponte-sul-piave-a-san-pietro-in-campo","status":"publish","type":"post","link":"https:\/\/www.bellunopress.it\/fr\/2012\/01\/01\/novita-per-la-viabilita-bellunese-di-qua-e-di-la-del-piave-via-al-progetto-del-ponte-sul-piave-a-san-pietro-in-campo\/","title":{"rendered":"Novit\u00e0 per la viabilit\u00e0 bellunese di qua e di l\u00e0 del Piave. Via al progetto del ponte sul Piave a San Pietro in Campo"},"content":{"rendered":"<p>Ora c\u2019\u00e8 l\u2019accordo di programma per il ponte sul Piave in localit\u00e0 San Pietro in Campo (Sagrogna). Ad annunciarlo ai bellunesi alle soglie del 2012 l&#8217;assessore regionale alla mobilit\u00e0 Renato Chisso, intervenuto sabato a Palazzo Rosso con il sindaco di Belluno Antonio Prade e l\u2019assessore comunale Fabio Da Re per dare il via alla seconda parte del progetto. Stanziati 160.000 euro per la redazione del progetto preliminare: 120.000 li metter\u00e0 la Regione e 40.000 il Comune capoluogo. &#8220;Avanti con scadenze ben precise e ravvicinate per definire la viabilit\u00e0 in quell\u2019area. Entro 4-5 mesi il progetto dovrebbe essere completato per poi andare a finanziamento&#8221;, ha dichiarato Chisso nel corso dell\u2019incontro voluto dal capogruppo del Pdl in Consiglio regionale Dario Bond. Raccordo autostradale con la Valbelluna, separazione del traffico pesante da quello leggero, miglioramento del flusso veicolare sulle due sponde del Piave (anche con l\u2019ausilio di due bretelle collegate al ponte), sviluppo sostenibile per l\u2019area di Cavarzano e nodo della strada interna alla Veneggia.\u00a0 Bond ha rimarcato la necessit\u00e0 di guardare alla viabilit\u00e0 del capoluogo e della Valbelluna nel suo complesso: &#8220;Non dobbiamo pensare a queste opere come a delle isole, parliamo di una serie di interventi che alla fine andranno a migliorare l&#8217;intero sistema viario della nostra provincia da qui in avanti&#8221;.\u00a0 Il sindaco Prade riferendosi all\u2019attuale stato della viabilit\u00e0: \u201cCi sono pastrocchi ineliminabili, ma con questo ponte si risolvono i problemi di Cavarzano e della strada interna alla Veneggia\u201d. L&#8217;assessore Da Re, che in merito pare abbia svolto un certo pressing in Regione, ha ipotizzato che i costi tra nuovo ponte e relative bretelle si aggiri sui 27 milioni di euro, mentre Bond ha ridimensionato la cifra a 12 milioni per il ponte al netto dei due raccordi. Chisso ha poi sottolineato quali saranno i prossimi passi sulla via della realizzazione dell&#8217;opera e accennato a una prima consistente possibilit\u00e0 di finanziamento: &#8220;L\u2019ultimazione della progettazione definitiva ci permetter\u00e0 di liberare le risorse che gi\u00e0 sono previste per l&#8217;opera dal piano triennale di Veneto Strade&#8221;. La cifra a cui si riferisce l\u2019assessore regionale \u00e8 di 20 milioni di euro e dovrebbe derivare dai proventi della Cav, la societ\u00e0 che ha in gestione il passante di Mestre. Quanto ad ulteriori risorse, Bond confida nel decreto sviluppo che il governo Monti ha annunciato per il 24 gennaio: &#8220;Ci sar\u00e0 sicuramente spazio per le opere pubbliche e noi dovremo essere in grado di agganciarci a queste opportunit\u00e0. Per questo dobbiamo farci trovare pronti e con le idee ben precise&#8221;. Sul tavolo anche la questione del passante di Col Cavalier, opera costantemente al centro delle polemiche per la \u201cpresunta\u201d mancanza di liquidit\u00e0. &#8220;Si tratta di piccoli problemi con lo stato, ma i lavori vanno avanti&#8221;, ha detto Chisso, &#8220;i soldi necessari sono stati anticipati da Veneto Strade e sono ottimista sulla risposta che ci arriver\u00e0 da Roma, in particolare dal Ministero del Tesoro. Ricordo che lo stanziamento e i soldi ci sono. Entrambi votati dal parlamento ed entrambi in finanziaria. La mancanza di immediata liquidit\u00e0 rientra nell&#8217;ordinaria amministrazione&#8221;. L\u2019assessore regionale ha sottolineato quindi come una ricognizione sull&#8217;opera sia stata trasmessa pochi giorni fa proprio a Roma: &#8220;Il Veneto continuer\u00e0 a dialogare con il governo centrale e non sta all&#8217;opposizione in questo momento\u201d. Insomma per il governo veneto \u201ci lavori proseguono ed \u00e8 inutile creare ansia a cittadini e imprese&#8221;.<br \/>\nEzio Franceschini<\/p>","protected":false},"excerpt":{"rendered":"<p>Ora c\u2019\u00e8 l\u2019accordo di programma per il ponte sul Piave in localit\u00e0 San Pietro in Campo (Sagrogna). Ad annunciarlo ai bellunesi alle soglie del 2012 l&#8217;assessore regionale alla mobilit\u00e0 Renato Chisso, intervenuto sabato a Palazzo Rosso con il sindaco di Belluno Antonio Prade e l\u2019assessore comunale Fabio Da Re per dare il via alla seconda [&hellip;]<\/p>\n","protected":false},"author":2,"featured_media":0,"comment_status":"closed","ping_status":"open","sticky":false,"template":"","format":"standard","meta":{"footnotes":""},"categories":[5,36,26],"tags":[],"class_list":["post-33810","post","type-post","status-publish","format-standard","category-cronaca","category-lavoro-economia","category-prima-pagina"],"yoast_head":"<!-- This site is optimized with the Yoast SEO plugin v28.4 - https:\/\/yoast.com\/product\/yoast-seo-wordpress\/ -->\n<title>Novit\u00e0 per la viabilit\u00e0 bellunese di qua e di l\u00e0 del Piave. Via al progetto del ponte sul Piave a San Pietro in Campo - Bellunopress - Dolomiti<\/title>\n<meta name=\"robots\" content=\"index, follow, max-snippet:-1, max-image-preview:large, max-video-preview:-1\" \/>\n<link rel=\"canonical\" href=\"https:\/\/www.bellunopress.it\/fr\/2012\/01\/01\/novita-per-la-viabilita-bellunese-di-qua-e-di-la-del-piave-via-al-progetto-del-ponte-sul-piave-a-san-pietro-in-campo\/\" \/>\n<meta property=\"og:locale\" content=\"fr_FR\" \/>\n<meta property=\"og:type\" content=\"article\" \/>\n<meta property=\"og:title\" content=\"Novit\u00e0 per la viabilit\u00e0 bellunese di qua e di l\u00e0 del Piave. Via al progetto del ponte sul Piave a San Pietro in Campo - Bellunopress - Dolomiti\" \/>\n<meta property=\"og:description\" content=\"Ora c\u2019\u00e8 l\u2019accordo di programma per il ponte sul Piave in localit\u00e0 San Pietro in Campo (Sagrogna). Ad annunciarlo ai bellunesi alle soglie del 2012 l&#8217;assessore regionale alla mobilit\u00e0 Renato Chisso, intervenuto sabato a Palazzo Rosso con il sindaco di Belluno Antonio Prade e l\u2019assessore comunale Fabio Da Re per dare il via alla seconda [&hellip;]\" \/>\n<meta property=\"og:url\" content=\"https:\/\/www.bellunopress.it\/fr\/2012\/01\/01\/novita-per-la-viabilita-bellunese-di-qua-e-di-la-del-piave-via-al-progetto-del-ponte-sul-piave-a-san-pietro-in-campo\/\" \/>\n<meta property=\"og:site_name\" content=\"Bellunopress - Dolomiti\" \/>\n<meta property=\"article:publisher\" content=\"https:\/\/www.facebook.com\/profile.php?id=100008943462799\" \/>\n<meta property=\"article:published_time\" content=\"2012-01-01T15:19:57+00:00\" \/>\n<meta property=\"og:image\" content=\"http:\/\/www.bellunopress.it\/wp-content\/uploads\/2012\/07\/logo-bellunopress-250x250-2012.jpg\" \/>\n<meta name=\"author\" content=\"redazione\" \/>\n<meta name=\"twitter:card\" content=\"summary_large_image\" \/>\n<meta name=\"twitter:creator\" content=\"@bellunopress\" \/>\n<meta name=\"twitter:site\" content=\"@bellunopress\" \/>\n<meta name=\"twitter:label1\" content=\"Written by\" \/>\n\t<meta name=\"twitter:data1\" content=\"redazione\" \/>\n\t<meta name=\"twitter:label2\" content=\"Est. reading time\" \/>\n\t<meta name=\"twitter:data2\" content=\"3 minutes\" \/>\n<script type=\"application\/ld+json\" class=\"yoast-schema-graph\">{\"@context\":\"https:\\\/\\\/schema.org\",\"@graph\":[{\"@type\":\"Article\",\"@id\":\"https:\\\/\\\/www.bellunopress.it\\\/2012\\\/01\\\/01\\\/novita-per-la-viabilita-bellunese-di-qua-e-di-la-del-piave-via-al-progetto-del-ponte-sul-piave-a-san-pietro-in-campo\\\/#article\",\"isPartOf\":{\"@id\":\"https:\\\/\\\/www.bellunopress.it\\\/2012\\\/01\\\/01\\\/novita-per-la-viabilita-bellunese-di-qua-e-di-la-del-piave-via-al-progetto-del-ponte-sul-piave-a-san-pietro-in-campo\\\/\"},\"author\":{\"name\":\"redazione\",\"@id\":\"https:\\\/\\\/www.bellunopress.it\\\/#\\\/schema\\\/person\\\/79bb06722b37ece1c03d3e94beb30d73\"},\"headline\":\"Novit\u00e0 per la viabilit\u00e0 bellunese di qua e di l\u00e0 del Piave. Via al progetto del ponte sul Piave a San Pietro in Campo\",\"datePublished\":\"2012-01-01T15:19:57+00:00\",\"mainEntityOfPage\":{\"@id\":\"https:\\\/\\\/www.bellunopress.it\\\/2012\\\/01\\\/01\\\/novita-per-la-viabilita-bellunese-di-qua-e-di-la-del-piave-via-al-progetto-del-ponte-sul-piave-a-san-pietro-in-campo\\\/\"},\"wordCount\":587,\"publisher\":{\"@id\":\"https:\\\/\\\/www.bellunopress.it\\\/#organization\"},\"articleSection\":[\"Cronaca\\\/Politica\",\"Lavoro, Economia, Turismo\",\"Prima Pagina\"],\"inLanguage\":\"fr-FR\"},{\"@type\":\"WebPage\",\"@id\":\"https:\\\/\\\/www.bellunopress.it\\\/2012\\\/01\\\/01\\\/novita-per-la-viabilita-bellunese-di-qua-e-di-la-del-piave-via-al-progetto-del-ponte-sul-piave-a-san-pietro-in-campo\\\/\",\"url\":\"https:\\\/\\\/www.bellunopress.it\\\/2012\\\/01\\\/01\\\/novita-per-la-viabilita-bellunese-di-qua-e-di-la-del-piave-via-al-progetto-del-ponte-sul-piave-a-san-pietro-in-campo\\\/\",\"name\":\"Novit\u00e0 per la viabilit\u00e0 bellunese di qua e di l\u00e0 del Piave. Via al progetto del ponte sul Piave a San Pietro in Campo - Bellunopress - Dolomiti\",\"isPartOf\":{\"@id\":\"https:\\\/\\\/www.bellunopress.it\\\/#website\"},\"datePublished\":\"2012-01-01T15:19:57+00:00\",\"breadcrumb\":{\"@id\":\"https:\\\/\\\/www.bellunopress.it\\\/2012\\\/01\\\/01\\\/novita-per-la-viabilita-bellunese-di-qua-e-di-la-del-piave-via-al-progetto-del-ponte-sul-piave-a-san-pietro-in-campo\\\/#breadcrumb\"},\"inLanguage\":\"fr-FR\",\"potentialAction\":[{\"@type\":\"ReadAction\",\"target\":[\"https:\\\/\\\/www.bellunopress.it\\\/2012\\\/01\\\/01\\\/novita-per-la-viabilita-bellunese-di-qua-e-di-la-del-piave-via-al-progetto-del-ponte-sul-piave-a-san-pietro-in-campo\\\/\"]}]},{\"@type\":\"BreadcrumbList\",\"@id\":\"https:\\\/\\\/www.bellunopress.it\\\/2012\\\/01\\\/01\\\/novita-per-la-viabilita-bellunese-di-qua-e-di-la-del-piave-via-al-progetto-del-ponte-sul-piave-a-san-pietro-in-campo\\\/#breadcrumb\",\"itemListElement\":[{\"@type\":\"ListItem\",\"position\":1,\"name\":\"Home\",\"item\":\"https:\\\/\\\/www.bellunopress.it\\\/\"},{\"@type\":\"ListItem\",\"position\":2,\"name\":\"Novit\u00e0 per la viabilit\u00e0 bellunese di qua e di l\u00e0 del Piave. Via al progetto del ponte sul Piave a San Pietro in Campo\"}]},{\"@type\":\"WebSite\",\"@id\":\"https:\\\/\\\/www.bellunopress.it\\\/#website\",\"url\":\"https:\\\/\\\/www.bellunopress.it\\\/\",\"name\":\"Bellunopress - Dolomiti\",\"description\":\"e-mail: redazione@bellunopress.it\",\"publisher\":{\"@id\":\"https:\\\/\\\/www.bellunopress.it\\\/#organization\"},\"potentialAction\":[{\"@type\":\"SearchAction\",\"target\":{\"@type\":\"EntryPoint\",\"urlTemplate\":\"https:\\\/\\\/www.bellunopress.it\\\/?s={search_term_string}\"},\"query-input\":{\"@type\":\"PropertyValueSpecification\",\"valueRequired\":true,\"valueName\":\"search_term_string\"}}],\"inLanguage\":\"fr-FR\"},{\"@type\":\"Organization\",\"@id\":\"https:\\\/\\\/www.bellunopress.it\\\/#organization\",\"name\":\"Bellunopress\",\"url\":\"https:\\\/\\\/www.bellunopress.it\\\/\",\"logo\":{\"@type\":\"ImageObject\",\"inLanguage\":\"fr-FR\",\"@id\":\"https:\\\/\\\/www.bellunopress.it\\\/#\\\/schema\\\/logo\\\/image\\\/\",\"url\":\"https:\\\/\\\/www.bellunopress.it\\\/wp-content\\\/uploads\\\/2011\\\/05\\\/cropped-logo-bellunopress-.jpg\",\"contentUrl\":\"https:\\\/\\\/www.bellunopress.it\\\/wp-content\\\/uploads\\\/2011\\\/05\\\/cropped-logo-bellunopress-.jpg\",\"width\":512,\"height\":512,\"caption\":\"Bellunopress\"},\"image\":{\"@id\":\"https:\\\/\\\/www.bellunopress.it\\\/#\\\/schema\\\/logo\\\/image\\\/\"},\"sameAs\":[\"https:\\\/\\\/www.facebook.com\\\/profile.php?id=100008943462799\",\"https:\\\/\\\/x.com\\\/bellunopress\",\"https:\\\/\\\/www.linkedin.com\\\/hp\\\/?dnr=JBzUWaJfMUw8vbXJJ2tVW5-I3jZKvC4wsoxE&amp;amp;amp;amp;amp;amp;trk=nav_responsive_tab_home\",\"https:\\\/\\\/www.youtube.com\\\/channel\\\/UCxL0wu1uN0_3_7hGG0306cw\"]},{\"@type\":\"Person\",\"@id\":\"https:\\\/\\\/www.bellunopress.it\\\/#\\\/schema\\\/person\\\/79bb06722b37ece1c03d3e94beb30d73\",\"name\":\"redazione\",\"image\":{\"@type\":\"ImageObject\",\"inLanguage\":\"fr-FR\",\"@id\":\"https:\\\/\\\/secure.gravatar.com\\\/avatar\\\/37d968a2e67a6fd04c169c4bdef102d0bc5d31b2546345219e348575eb80e9a0?s=96&d=mm&r=g\",\"url\":\"https:\\\/\\\/secure.gravatar.com\\\/avatar\\\/37d968a2e67a6fd04c169c4bdef102d0bc5d31b2546345219e348575eb80e9a0?s=96&d=mm&r=g\",\"contentUrl\":\"https:\\\/\\\/secure.gravatar.com\\\/avatar\\\/37d968a2e67a6fd04c169c4bdef102d0bc5d31b2546345219e348575eb80e9a0?s=96&d=mm&r=g\",\"caption\":\"redazione\"},\"sameAs\":[\"http:\\\/\\\/www.bellunopress.it\",\"https:\\\/\\\/x.com\\\/bellunopress\"],\"url\":\"https:\\\/\\\/www.bellunopress.it\\\/fr\\\/author\\\/redazione\\\/\"}]}<\/script>\n<!-- \/ Yoast SEO plugin. -->","yoast_head_json":{"title":"Novit\u00e0 per la viabilit\u00e0 bellunese di qua e di l\u00e0 del Piave. Via al progetto del ponte sul Piave a San Pietro in Campo - Bellunopress - Dolomiti","robots":{"index":"index","follow":"follow","max-snippet":"max-snippet:-1","max-image-preview":"max-image-preview:large","max-video-preview":"max-video-preview:-1"},"canonical":"https:\/\/www.bellunopress.it\/fr\/2012\/01\/01\/novita-per-la-viabilita-bellunese-di-qua-e-di-la-del-piave-via-al-progetto-del-ponte-sul-piave-a-san-pietro-in-campo\/","og_locale":"fr_FR","og_type":"article","og_title":"Novit\u00e0 per la viabilit\u00e0 bellunese di qua e di l\u00e0 del Piave. Via al progetto del ponte sul Piave a San Pietro in Campo - Bellunopress - Dolomiti","og_description":"Ora c\u2019\u00e8 l\u2019accordo di programma per il ponte sul Piave in localit\u00e0 San Pietro in Campo (Sagrogna). Ad annunciarlo ai bellunesi alle soglie del 2012 l&#8217;assessore regionale alla mobilit\u00e0 Renato Chisso, intervenuto sabato a Palazzo Rosso con il sindaco di Belluno Antonio Prade e l\u2019assessore comunale Fabio Da Re per dare il via alla seconda [&hellip;]","og_url":"https:\/\/www.bellunopress.it\/fr\/2012\/01\/01\/novita-per-la-viabilita-bellunese-di-qua-e-di-la-del-piave-via-al-progetto-del-ponte-sul-piave-a-san-pietro-in-campo\/","og_site_name":"Bellunopress - Dolomiti","article_publisher":"https:\/\/www.facebook.com\/profile.php?id=100008943462799","article_published_time":"2012-01-01T15:19:57+00:00","og_image":[{"url":"http:\/\/www.bellunopress.it\/wp-content\/uploads\/2012\/07\/logo-bellunopress-250x250-2012.jpg","type":"","width":"","height":""}],"author":"redazione","twitter_card":"summary_large_image","twitter_creator":"@bellunopress","twitter_site":"@bellunopress","twitter_misc":{"Written by":"redazione","Est. reading time":"3 minutes"},"schema":{"@context":"https:\/\/schema.org","@graph":[{"@type":"Article","@id":"https:\/\/www.bellunopress.it\/2012\/01\/01\/novita-per-la-viabilita-bellunese-di-qua-e-di-la-del-piave-via-al-progetto-del-ponte-sul-piave-a-san-pietro-in-campo\/#article","isPartOf":{"@id":"https:\/\/www.bellunopress.it\/2012\/01\/01\/novita-per-la-viabilita-bellunese-di-qua-e-di-la-del-piave-via-al-progetto-del-ponte-sul-piave-a-san-pietro-in-campo\/"},"author":{"name":"redazione","@id":"https:\/\/www.bellunopress.it\/#\/schema\/person\/79bb06722b37ece1c03d3e94beb30d73"},"headline":"Novit\u00e0 per la viabilit\u00e0 bellunese di qua e di l\u00e0 del Piave. Via al progetto del ponte sul Piave a San Pietro in Campo","datePublished":"2012-01-01T15:19:57+00:00","mainEntityOfPage":{"@id":"https:\/\/www.bellunopress.it\/2012\/01\/01\/novita-per-la-viabilita-bellunese-di-qua-e-di-la-del-piave-via-al-progetto-del-ponte-sul-piave-a-san-pietro-in-campo\/"},"wordCount":587,"publisher":{"@id":"https:\/\/www.bellunopress.it\/#organization"},"articleSection":["Cronaca\/Politica","Lavoro, Economia, Turismo","Prima Pagina"],"inLanguage":"fr-FR"},{"@type":"WebPage","@id":"https:\/\/www.bellunopress.it\/2012\/01\/01\/novita-per-la-viabilita-bellunese-di-qua-e-di-la-del-piave-via-al-progetto-del-ponte-sul-piave-a-san-pietro-in-campo\/","url":"https:\/\/www.bellunopress.it\/2012\/01\/01\/novita-per-la-viabilita-bellunese-di-qua-e-di-la-del-piave-via-al-progetto-del-ponte-sul-piave-a-san-pietro-in-campo\/","name":"Novit\u00e0 per la viabilit\u00e0 bellunese di qua e di l\u00e0 del Piave. Via al progetto del ponte sul Piave a San Pietro in Campo - Bellunopress - Dolomiti","isPartOf":{"@id":"https:\/\/www.bellunopress.it\/#website"},"datePublished":"2012-01-01T15:19:57+00:00","breadcrumb":{"@id":"https:\/\/www.bellunopress.it\/2012\/01\/01\/novita-per-la-viabilita-bellunese-di-qua-e-di-la-del-piave-via-al-progetto-del-ponte-sul-piave-a-san-pietro-in-campo\/#breadcrumb"},"inLanguage":"fr-FR","potentialAction":[{"@type":"ReadAction","target":["https:\/\/www.bellunopress.it\/2012\/01\/01\/novita-per-la-viabilita-bellunese-di-qua-e-di-la-del-piave-via-al-progetto-del-ponte-sul-piave-a-san-pietro-in-campo\/"]}]},{"@type":"BreadcrumbList","@id":"https:\/\/www.bellunopress.it\/2012\/01\/01\/novita-per-la-viabilita-bellunese-di-qua-e-di-la-del-piave-via-al-progetto-del-ponte-sul-piave-a-san-pietro-in-campo\/#breadcrumb","itemListElement":[{"@type":"ListItem","position":1,"name":"Home","item":"https:\/\/www.bellunopress.it\/"},{"@type":"ListItem","position":2,"name":"Novit\u00e0 per la viabilit\u00e0 bellunese di qua e di l\u00e0 del Piave. Via al progetto del ponte sul Piave a San Pietro in Campo"}]},{"@type":"WebSite","@id":"https:\/\/www.bellunopress.it\/#website","url":"https:\/\/www.bellunopress.it\/","name":"Bellunopress - Dolomiti","description":"e-mail: redazione@bellunopress.it","publisher":{"@id":"https:\/\/www.bellunopress.it\/#organization"},"potentialAction":[{"@type":"SearchAction","target":{"@type":"EntryPoint","urlTemplate":"https:\/\/www.bellunopress.it\/?s={search_term_string}"},"query-input":{"@type":"PropertyValueSpecification","valueRequired":true,"valueName":"search_term_string"}}],"inLanguage":"fr-FR"},{"@type":"Organization","@id":"https:\/\/www.bellunopress.it\/#organization","name":"Bellunopress","url":"https:\/\/www.bellunopress.it\/","logo":{"@type":"ImageObject","inLanguage":"fr-FR","@id":"https:\/\/www.bellunopress.it\/#\/schema\/logo\/image\/","url":"https:\/\/www.bellunopress.it\/wp-content\/uploads\/2011\/05\/cropped-logo-bellunopress-.jpg","contentUrl":"https:\/\/www.bellunopress.it\/wp-content\/uploads\/2011\/05\/cropped-logo-bellunopress-.jpg","width":512,"height":512,"caption":"Bellunopress"},"image":{"@id":"https:\/\/www.bellunopress.it\/#\/schema\/logo\/image\/"},"sameAs":["https:\/\/www.facebook.com\/profile.php?id=100008943462799","https:\/\/x.com\/bellunopress","https:\/\/www.linkedin.com\/hp\/?dnr=JBzUWaJfMUw8vbXJJ2tVW5-I3jZKvC4wsoxE&amp;amp;amp;amp;amp;amp;trk=nav_responsive_tab_home","https:\/\/www.youtube.com\/channel\/UCxL0wu1uN0_3_7hGG0306cw"]},{"@type":"Person","@id":"https:\/\/www.bellunopress.it\/#\/schema\/person\/79bb06722b37ece1c03d3e94beb30d73","name":"r\u00e9daction","image":{"@type":"ImageObject","inLanguage":"fr-FR","@id":"https:\/\/secure.gravatar.com\/avatar\/37d968a2e67a6fd04c169c4bdef102d0bc5d31b2546345219e348575eb80e9a0?s=96&d=mm&r=g","url":"https:\/\/secure.gravatar.com\/avatar\/37d968a2e67a6fd04c169c4bdef102d0bc5d31b2546345219e348575eb80e9a0?s=96&d=mm&r=g","contentUrl":"https:\/\/secure.gravatar.com\/avatar\/37d968a2e67a6fd04c169c4bdef102d0bc5d31b2546345219e348575eb80e9a0?s=96&d=mm&r=g","caption":"redazione"},"sameAs":["http:\/\/www.bellunopress.it","https:\/\/x.com\/bellunopress"],"url":"https:\/\/www.bellunopress.it\/fr\/author\/redazione\/"}]}},"_links":{"self":[{"href":"https:\/\/www.bellunopress.it\/fr\/wp-json\/wp\/v2\/posts\/33810","targetHints":{"allow":["GET"]}}],"collection":[{"href":"https:\/\/www.bellunopress.it\/fr\/wp-json\/wp\/v2\/posts"}],"about":[{"href":"https:\/\/www.bellunopress.it\/fr\/wp-json\/wp\/v2\/types\/post"}],"author":[{"embeddable":true,"href":"https:\/\/www.bellunopress.it\/fr\/wp-json\/wp\/v2\/users\/2"}],"replies":[{"embeddable":true,"href":"https:\/\/www.bellunopress.it\/fr\/wp-json\/wp\/v2\/comments?post=33810"}],"version-history":[{"count":1,"href":"https:\/\/www.bellunopress.it\/fr\/wp-json\/wp\/v2\/posts\/33810\/revisions"}],"predecessor-version":[{"id":33812,"href":"https:\/\/www.bellunopress.it\/fr\/wp-json\/wp\/v2\/posts\/33810\/revisions\/33812"}],"wp:attachment":[{"href":"https:\/\/www.bellunopress.it\/fr\/wp-json\/wp\/v2\/media?parent=33810"}],"wp:term":[{"taxonomy":"category","embeddable":true,"href":"https:\/\/www.bellunopress.it\/fr\/wp-json\/wp\/v2\/categories?post=33810"},{"taxonomy":"post_tag","embeddable":true,"href":"https:\/\/www.bellunopress.it\/fr\/wp-json\/wp\/v2\/tags?post=33810"}],"curies":[{"name":"wp","href":"https:\/\/api.w.org\/{rel}","templated":true}]}}