{"id":33802,"date":"2011-12-31T18:49:44","date_gmt":"2011-12-31T17:49:44","guid":{"rendered":"http:\/\/www.bellunopress.it\/?p=33802"},"modified":"2011-12-31T12:54:06","modified_gmt":"2011-12-31T11:54:06","slug":"un-elettrodotto-da-220mila-volt-in-prossimita-dellabitato-di-andreane-il-comitato-si-mobilita-e-chiede-linterramento-della-linea","status":"publish","type":"post","link":"https:\/\/www.bellunopress.it\/fr\/2011\/12\/31\/un-elettrodotto-da-220mila-volt-in-prossimita-dellabitato-di-andreane-il-comitato-si-mobilita-e-chiede-linterramento-della-linea\/","title":{"rendered":"Un elettrodotto da 220mila volt in prossimit\u00e0 dell&#8217;abitato di Andreane. Il comitato si mobilita e chiede l&#8217;interramento della linea"},"content":{"rendered":"<p><a href=\"http:\/\/www.bellunopress.it\/wp-content\/uploads\/2009\/09\/traliccio-enel.jpg\"><img loading=\"lazy\" decoding=\"async\" class=\"alignleft size-full wp-image-8506\" title=\"traliccio-enel\" src=\"http:\/\/www.bellunopress.it\/wp-content\/uploads\/2009\/09\/traliccio-enel.jpg\" alt=\"\" width=\"180\" height=\"270\" \/><\/a>Un traliccio alto 30 metri, a 5 metri dalla pista ciclabile e vicino alla strada, progettato appositamente con geometria modificata per farlo rientrare nella normativa riguardante i piani di volo (siamo vicini all&#8217;aeroporto) e perch\u00e9 rispetti i 3 microtesla di campo elettromagnetico nell&#8217;abitato di Andreane, a confine tra i comuni di Belluno e Ponte nelle Alpi. Stiamo parlando del traliccio n.7 del Piano tecnico delle opere della Rete di trasmissione nazionale nella media Valle del Piave relativo all&#8217;elettrodotto Polpet-Scorz\u00e8 della Terna, che sorregge i cavi dell&#8217;alta tensione a 220mila Volt alla distanza di circa 45 metri dalle case di Andreane. E non si esclude nemmeno che la linea possa essere elevata a 380mila volt. Se ne \u00e8 discusso animatamente gioved\u00ec sera, nella sede della Cooperativa agricola di Fiammoi, all&#8217;incontro promosso dal Comitato di Andreane con il Comune di Belluno, rappresentato dal consigliere comunale e presidente della Comunit\u00e0 montana Belluno &#8211; Ponte nelle Alpi, Giorgio De Bona. Nessuno sapeva nulla di questo progetto &#8211; hanno osservato alcuni membri del Comitato &#8211; la notizia \u00e8 stata letta sulle colonne di questo giornale, dalla cronaca di quanto avvenuto nel Comune di Ponte nelle Alpi, dove \u00e8 stato ottenuto l&#8217;interramento dell&#8217;elettrodotto nel centro abitato, con il conseguente abbattimento dei campi elettromagnetici ad 1\/10. Nel sito del Comune di Ponte nelle Alpi peraltro, sono state caricate 500 pagine di questo nuovo elettrodotto che sfiora Andreane passando su zone Zps-Sic (Zona protezione speciale \u2013 Sito d&#8217;interesse comunitario), attraversa il Piave, per poi interessare la frazione di Levego. Con circa 500 nomi di proprietari di abitazioni e terreni sui quali Terna accender\u00e0 delle servit\u00f9. Ma i termini per ricorrere sono scaduti il 18 dicembre, ora si possono solo inoltrare le osservazioni al Ministero entro il 17 gennaio. Tuttavia, secondo il consigliere Giorgio De Bona, vi sono ancora possibili margini di trattativa con Terna. E pertanto si \u00e8 reso disponibile ad organizzare un incontro con la societ\u00e0 Terna, Comune di Belluno e Comitato, nel quale verranno presentate tre proposte alternative al progetto attuale del tracciato dell&#8217;elettrodotto.\u00a0 Il Comitato, dal canto suo, punta ad ottenere l&#8217;interramento dell&#8217;elettrodotto, come \u00e8 avvenuto a Ponte nelle Alpi. In primo luogo per la salvaguardia della salute, eppoi per evitare il deprezzamento degli immobili conseguente alla vicinanza di vistosi tralicci. La serata si \u00e8 conclusa con l&#8217;impegno da parte del Comitato di fornire uno studio alternativo, che \u00e8 gi\u00e0 stato commissionato a dei tecnici, da presentare entro il prossimo 5 gennaio.<\/p>\n<p>&nbsp;<\/p>","protected":false},"excerpt":{"rendered":"<p>Un traliccio alto 30 metri, a 5 metri dalla pista ciclabile e vicino alla strada, progettato appositamente con geometria modificata per farlo rientrare nella normativa riguardante i piani di volo (siamo vicini all&#8217;aeroporto) e perch\u00e9 rispetti i 3 microtesla di campo elettromagnetico nell&#8217;abitato di Andreane, a confine tra i comuni di Belluno e Ponte nelle [&hellip;]<\/p>\n","protected":false},"author":2,"featured_media":0,"comment_status":"closed","ping_status":"open","sticky":false,"template":"","format":"standard","meta":{"footnotes":""},"categories":[5,26],"tags":[],"class_list":["post-33802","post","type-post","status-publish","format-standard","category-cronaca","category-prima-pagina"],"yoast_head":"<!-- This site is optimized with the Yoast SEO plugin v28.4 - https:\/\/yoast.com\/product\/yoast-seo-wordpress\/ -->\n<title>Un elettrodotto da 220mila volt in prossimit\u00e0 dell&#039;abitato di Andreane. Il comitato si mobilita e chiede l&#039;interramento della linea - Bellunopress - Dolomiti<\/title>\n<meta name=\"robots\" content=\"index, follow, max-snippet:-1, max-image-preview:large, max-video-preview:-1\" \/>\n<link rel=\"canonical\" href=\"https:\/\/www.bellunopress.it\/fr\/2011\/12\/31\/un-elettrodotto-da-220mila-volt-in-prossimita-dellabitato-di-andreane-il-comitato-si-mobilita-e-chiede-linterramento-della-linea\/\" \/>\n<meta property=\"og:locale\" content=\"fr_FR\" \/>\n<meta property=\"og:type\" content=\"article\" \/>\n<meta property=\"og:title\" content=\"Un elettrodotto da 220mila volt in prossimit\u00e0 dell&#039;abitato di Andreane. Il comitato si mobilita e chiede l&#039;interramento della linea - Bellunopress - Dolomiti\" \/>\n<meta property=\"og:description\" content=\"Un traliccio alto 30 metri, a 5 metri dalla pista ciclabile e vicino alla strada, progettato appositamente con geometria modificata per farlo rientrare nella normativa riguardante i piani di volo (siamo vicini all&#8217;aeroporto) e perch\u00e9 rispetti i 3 microtesla di campo elettromagnetico nell&#8217;abitato di Andreane, a confine tra i comuni di Belluno e Ponte nelle [&hellip;]\" \/>\n<meta property=\"og:url\" content=\"https:\/\/www.bellunopress.it\/fr\/2011\/12\/31\/un-elettrodotto-da-220mila-volt-in-prossimita-dellabitato-di-andreane-il-comitato-si-mobilita-e-chiede-linterramento-della-linea\/\" \/>\n<meta property=\"og:site_name\" content=\"Bellunopress - Dolomiti\" \/>\n<meta property=\"article:publisher\" content=\"https:\/\/www.facebook.com\/profile.php?id=100008943462799\" \/>\n<meta property=\"article:published_time\" content=\"2011-12-31T17:49:44+00:00\" \/>\n<meta property=\"og:image\" content=\"http:\/\/www.bellunopress.it\/wp-content\/uploads\/2009\/09\/traliccio-enel.jpg\" \/>\n<meta name=\"author\" content=\"redazione\" \/>\n<meta name=\"twitter:card\" content=\"summary_large_image\" \/>\n<meta name=\"twitter:creator\" content=\"@bellunopress\" \/>\n<meta name=\"twitter:site\" content=\"@bellunopress\" \/>\n<meta name=\"twitter:label1\" content=\"Written by\" \/>\n\t<meta name=\"twitter:data1\" content=\"redazione\" \/>\n\t<meta name=\"twitter:label2\" content=\"Est. reading time\" \/>\n\t<meta name=\"twitter:data2\" content=\"2 minutes\" \/>\n<script type=\"application\/ld+json\" class=\"yoast-schema-graph\">{\"@context\":\"https:\\\/\\\/schema.org\",\"@graph\":[{\"@type\":\"Article\",\"@id\":\"https:\\\/\\\/www.bellunopress.it\\\/2011\\\/12\\\/31\\\/un-elettrodotto-da-220mila-volt-in-prossimita-dellabitato-di-andreane-il-comitato-si-mobilita-e-chiede-linterramento-della-linea\\\/#article\",\"isPartOf\":{\"@id\":\"https:\\\/\\\/www.bellunopress.it\\\/2011\\\/12\\\/31\\\/un-elettrodotto-da-220mila-volt-in-prossimita-dellabitato-di-andreane-il-comitato-si-mobilita-e-chiede-linterramento-della-linea\\\/\"},\"author\":{\"name\":\"redazione\",\"@id\":\"https:\\\/\\\/www.bellunopress.it\\\/#\\\/schema\\\/person\\\/79bb06722b37ece1c03d3e94beb30d73\"},\"headline\":\"Un elettrodotto da 220mila volt in prossimit\u00e0 dell&#8217;abitato di Andreane. Il comitato si mobilita e chiede l&#8217;interramento della linea\",\"datePublished\":\"2011-12-31T17:49:44+00:00\",\"mainEntityOfPage\":{\"@id\":\"https:\\\/\\\/www.bellunopress.it\\\/2011\\\/12\\\/31\\\/un-elettrodotto-da-220mila-volt-in-prossimita-dellabitato-di-andreane-il-comitato-si-mobilita-e-chiede-linterramento-della-linea\\\/\"},\"wordCount\":423,\"publisher\":{\"@id\":\"https:\\\/\\\/www.bellunopress.it\\\/#organization\"},\"image\":{\"@id\":\"https:\\\/\\\/www.bellunopress.it\\\/2011\\\/12\\\/31\\\/un-elettrodotto-da-220mila-volt-in-prossimita-dellabitato-di-andreane-il-comitato-si-mobilita-e-chiede-linterramento-della-linea\\\/#primaryimage\"},\"thumbnailUrl\":\"http:\\\/\\\/www.bellunopress.it\\\/wp-content\\\/uploads\\\/2009\\\/09\\\/traliccio-enel.jpg\",\"articleSection\":[\"Cronaca\\\/Politica\",\"Prima Pagina\"],\"inLanguage\":\"fr-FR\"},{\"@type\":\"WebPage\",\"@id\":\"https:\\\/\\\/www.bellunopress.it\\\/2011\\\/12\\\/31\\\/un-elettrodotto-da-220mila-volt-in-prossimita-dellabitato-di-andreane-il-comitato-si-mobilita-e-chiede-linterramento-della-linea\\\/\",\"url\":\"https:\\\/\\\/www.bellunopress.it\\\/2011\\\/12\\\/31\\\/un-elettrodotto-da-220mila-volt-in-prossimita-dellabitato-di-andreane-il-comitato-si-mobilita-e-chiede-linterramento-della-linea\\\/\",\"name\":\"Un elettrodotto da 220mila volt in prossimit\u00e0 dell'abitato di Andreane. Il comitato si mobilita e chiede l'interramento della linea - Bellunopress - Dolomiti\",\"isPartOf\":{\"@id\":\"https:\\\/\\\/www.bellunopress.it\\\/#website\"},\"primaryImageOfPage\":{\"@id\":\"https:\\\/\\\/www.bellunopress.it\\\/2011\\\/12\\\/31\\\/un-elettrodotto-da-220mila-volt-in-prossimita-dellabitato-di-andreane-il-comitato-si-mobilita-e-chiede-linterramento-della-linea\\\/#primaryimage\"},\"image\":{\"@id\":\"https:\\\/\\\/www.bellunopress.it\\\/2011\\\/12\\\/31\\\/un-elettrodotto-da-220mila-volt-in-prossimita-dellabitato-di-andreane-il-comitato-si-mobilita-e-chiede-linterramento-della-linea\\\/#primaryimage\"},\"thumbnailUrl\":\"http:\\\/\\\/www.bellunopress.it\\\/wp-content\\\/uploads\\\/2009\\\/09\\\/traliccio-enel.jpg\",\"datePublished\":\"2011-12-31T17:49:44+00:00\",\"breadcrumb\":{\"@id\":\"https:\\\/\\\/www.bellunopress.it\\\/2011\\\/12\\\/31\\\/un-elettrodotto-da-220mila-volt-in-prossimita-dellabitato-di-andreane-il-comitato-si-mobilita-e-chiede-linterramento-della-linea\\\/#breadcrumb\"},\"inLanguage\":\"fr-FR\",\"potentialAction\":[{\"@type\":\"ReadAction\",\"target\":[\"https:\\\/\\\/www.bellunopress.it\\\/2011\\\/12\\\/31\\\/un-elettrodotto-da-220mila-volt-in-prossimita-dellabitato-di-andreane-il-comitato-si-mobilita-e-chiede-linterramento-della-linea\\\/\"]}]},{\"@type\":\"ImageObject\",\"inLanguage\":\"fr-FR\",\"@id\":\"https:\\\/\\\/www.bellunopress.it\\\/2011\\\/12\\\/31\\\/un-elettrodotto-da-220mila-volt-in-prossimita-dellabitato-di-andreane-il-comitato-si-mobilita-e-chiede-linterramento-della-linea\\\/#primaryimage\",\"url\":\"http:\\\/\\\/www.bellunopress.it\\\/wp-content\\\/uploads\\\/2009\\\/09\\\/traliccio-enel.jpg\",\"contentUrl\":\"http:\\\/\\\/www.bellunopress.it\\\/wp-content\\\/uploads\\\/2009\\\/09\\\/traliccio-enel.jpg\"},{\"@type\":\"BreadcrumbList\",\"@id\":\"https:\\\/\\\/www.bellunopress.it\\\/2011\\\/12\\\/31\\\/un-elettrodotto-da-220mila-volt-in-prossimita-dellabitato-di-andreane-il-comitato-si-mobilita-e-chiede-linterramento-della-linea\\\/#breadcrumb\",\"itemListElement\":[{\"@type\":\"ListItem\",\"position\":1,\"name\":\"Home\",\"item\":\"https:\\\/\\\/www.bellunopress.it\\\/\"},{\"@type\":\"ListItem\",\"position\":2,\"name\":\"Un elettrodotto da 220mila volt in prossimit\u00e0 dell&#8217;abitato di Andreane. Il comitato si mobilita e chiede l&#8217;interramento della linea\"}]},{\"@type\":\"WebSite\",\"@id\":\"https:\\\/\\\/www.bellunopress.it\\\/#website\",\"url\":\"https:\\\/\\\/www.bellunopress.it\\\/\",\"name\":\"Bellunopress - Dolomiti\",\"description\":\"e-mail: redazione@bellunopress.it\",\"publisher\":{\"@id\":\"https:\\\/\\\/www.bellunopress.it\\\/#organization\"},\"potentialAction\":[{\"@type\":\"SearchAction\",\"target\":{\"@type\":\"EntryPoint\",\"urlTemplate\":\"https:\\\/\\\/www.bellunopress.it\\\/?s={search_term_string}\"},\"query-input\":{\"@type\":\"PropertyValueSpecification\",\"valueRequired\":true,\"valueName\":\"search_term_string\"}}],\"inLanguage\":\"fr-FR\"},{\"@type\":\"Organization\",\"@id\":\"https:\\\/\\\/www.bellunopress.it\\\/#organization\",\"name\":\"Bellunopress\",\"url\":\"https:\\\/\\\/www.bellunopress.it\\\/\",\"logo\":{\"@type\":\"ImageObject\",\"inLanguage\":\"fr-FR\",\"@id\":\"https:\\\/\\\/www.bellunopress.it\\\/#\\\/schema\\\/logo\\\/image\\\/\",\"url\":\"https:\\\/\\\/www.bellunopress.it\\\/wp-content\\\/uploads\\\/2011\\\/05\\\/cropped-logo-bellunopress-.jpg\",\"contentUrl\":\"https:\\\/\\\/www.bellunopress.it\\\/wp-content\\\/uploads\\\/2011\\\/05\\\/cropped-logo-bellunopress-.jpg\",\"width\":512,\"height\":512,\"caption\":\"Bellunopress\"},\"image\":{\"@id\":\"https:\\\/\\\/www.bellunopress.it\\\/#\\\/schema\\\/logo\\\/image\\\/\"},\"sameAs\":[\"https:\\\/\\\/www.facebook.com\\\/profile.php?id=100008943462799\",\"https:\\\/\\\/x.com\\\/bellunopress\",\"https:\\\/\\\/www.linkedin.com\\\/hp\\\/?dnr=JBzUWaJfMUw8vbXJJ2tVW5-I3jZKvC4wsoxE&amp;amp;amp;amp;amp;amp;trk=nav_responsive_tab_home\",\"https:\\\/\\\/www.youtube.com\\\/channel\\\/UCxL0wu1uN0_3_7hGG0306cw\"]},{\"@type\":\"Person\",\"@id\":\"https:\\\/\\\/www.bellunopress.it\\\/#\\\/schema\\\/person\\\/79bb06722b37ece1c03d3e94beb30d73\",\"name\":\"redazione\",\"image\":{\"@type\":\"ImageObject\",\"inLanguage\":\"fr-FR\",\"@id\":\"https:\\\/\\\/secure.gravatar.com\\\/avatar\\\/37d968a2e67a6fd04c169c4bdef102d0bc5d31b2546345219e348575eb80e9a0?s=96&d=mm&r=g\",\"url\":\"https:\\\/\\\/secure.gravatar.com\\\/avatar\\\/37d968a2e67a6fd04c169c4bdef102d0bc5d31b2546345219e348575eb80e9a0?s=96&d=mm&r=g\",\"contentUrl\":\"https:\\\/\\\/secure.gravatar.com\\\/avatar\\\/37d968a2e67a6fd04c169c4bdef102d0bc5d31b2546345219e348575eb80e9a0?s=96&d=mm&r=g\",\"caption\":\"redazione\"},\"sameAs\":[\"http:\\\/\\\/www.bellunopress.it\",\"https:\\\/\\\/x.com\\\/bellunopress\"],\"url\":\"https:\\\/\\\/www.bellunopress.it\\\/fr\\\/author\\\/redazione\\\/\"}]}<\/script>\n<!-- \/ Yoast SEO plugin. -->","yoast_head_json":{"title":"Un elettrodotto da 220mila volt in prossimit\u00e0 dell'abitato di Andreane. Il comitato si mobilita e chiede l'interramento della linea - Bellunopress - Dolomiti","robots":{"index":"index","follow":"follow","max-snippet":"max-snippet:-1","max-image-preview":"max-image-preview:large","max-video-preview":"max-video-preview:-1"},"canonical":"https:\/\/www.bellunopress.it\/fr\/2011\/12\/31\/un-elettrodotto-da-220mila-volt-in-prossimita-dellabitato-di-andreane-il-comitato-si-mobilita-e-chiede-linterramento-della-linea\/","og_locale":"fr_FR","og_type":"article","og_title":"Un elettrodotto da 220mila volt in prossimit\u00e0 dell'abitato di Andreane. Il comitato si mobilita e chiede l'interramento della linea - Bellunopress - Dolomiti","og_description":"Un traliccio alto 30 metri, a 5 metri dalla pista ciclabile e vicino alla strada, progettato appositamente con geometria modificata per farlo rientrare nella normativa riguardante i piani di volo (siamo vicini all&#8217;aeroporto) e perch\u00e9 rispetti i 3 microtesla di campo elettromagnetico nell&#8217;abitato di Andreane, a confine tra i comuni di Belluno e Ponte nelle [&hellip;]","og_url":"https:\/\/www.bellunopress.it\/fr\/2011\/12\/31\/un-elettrodotto-da-220mila-volt-in-prossimita-dellabitato-di-andreane-il-comitato-si-mobilita-e-chiede-linterramento-della-linea\/","og_site_name":"Bellunopress - Dolomiti","article_publisher":"https:\/\/www.facebook.com\/profile.php?id=100008943462799","article_published_time":"2011-12-31T17:49:44+00:00","og_image":[{"url":"http:\/\/www.bellunopress.it\/wp-content\/uploads\/2009\/09\/traliccio-enel.jpg","type":"","width":"","height":""}],"author":"redazione","twitter_card":"summary_large_image","twitter_creator":"@bellunopress","twitter_site":"@bellunopress","twitter_misc":{"Written by":"redazione","Est. reading time":"2 minutes"},"schema":{"@context":"https:\/\/schema.org","@graph":[{"@type":"Article","@id":"https:\/\/www.bellunopress.it\/2011\/12\/31\/un-elettrodotto-da-220mila-volt-in-prossimita-dellabitato-di-andreane-il-comitato-si-mobilita-e-chiede-linterramento-della-linea\/#article","isPartOf":{"@id":"https:\/\/www.bellunopress.it\/2011\/12\/31\/un-elettrodotto-da-220mila-volt-in-prossimita-dellabitato-di-andreane-il-comitato-si-mobilita-e-chiede-linterramento-della-linea\/"},"author":{"name":"redazione","@id":"https:\/\/www.bellunopress.it\/#\/schema\/person\/79bb06722b37ece1c03d3e94beb30d73"},"headline":"Un elettrodotto da 220mila volt in prossimit\u00e0 dell&#8217;abitato di Andreane. Il comitato si mobilita e chiede l&#8217;interramento della linea","datePublished":"2011-12-31T17:49:44+00:00","mainEntityOfPage":{"@id":"https:\/\/www.bellunopress.it\/2011\/12\/31\/un-elettrodotto-da-220mila-volt-in-prossimita-dellabitato-di-andreane-il-comitato-si-mobilita-e-chiede-linterramento-della-linea\/"},"wordCount":423,"publisher":{"@id":"https:\/\/www.bellunopress.it\/#organization"},"image":{"@id":"https:\/\/www.bellunopress.it\/2011\/12\/31\/un-elettrodotto-da-220mila-volt-in-prossimita-dellabitato-di-andreane-il-comitato-si-mobilita-e-chiede-linterramento-della-linea\/#primaryimage"},"thumbnailUrl":"http:\/\/www.bellunopress.it\/wp-content\/uploads\/2009\/09\/traliccio-enel.jpg","articleSection":["Cronaca\/Politica","Prima Pagina"],"inLanguage":"fr-FR"},{"@type":"WebPage","@id":"https:\/\/www.bellunopress.it\/2011\/12\/31\/un-elettrodotto-da-220mila-volt-in-prossimita-dellabitato-di-andreane-il-comitato-si-mobilita-e-chiede-linterramento-della-linea\/","url":"https:\/\/www.bellunopress.it\/2011\/12\/31\/un-elettrodotto-da-220mila-volt-in-prossimita-dellabitato-di-andreane-il-comitato-si-mobilita-e-chiede-linterramento-della-linea\/","name":"Un elettrodotto da 220mila volt in prossimit\u00e0 dell'abitato di Andreane. Il comitato si mobilita e chiede l'interramento della linea - Bellunopress - Dolomiti","isPartOf":{"@id":"https:\/\/www.bellunopress.it\/#website"},"primaryImageOfPage":{"@id":"https:\/\/www.bellunopress.it\/2011\/12\/31\/un-elettrodotto-da-220mila-volt-in-prossimita-dellabitato-di-andreane-il-comitato-si-mobilita-e-chiede-linterramento-della-linea\/#primaryimage"},"image":{"@id":"https:\/\/www.bellunopress.it\/2011\/12\/31\/un-elettrodotto-da-220mila-volt-in-prossimita-dellabitato-di-andreane-il-comitato-si-mobilita-e-chiede-linterramento-della-linea\/#primaryimage"},"thumbnailUrl":"http:\/\/www.bellunopress.it\/wp-content\/uploads\/2009\/09\/traliccio-enel.jpg","datePublished":"2011-12-31T17:49:44+00:00","breadcrumb":{"@id":"https:\/\/www.bellunopress.it\/2011\/12\/31\/un-elettrodotto-da-220mila-volt-in-prossimita-dellabitato-di-andreane-il-comitato-si-mobilita-e-chiede-linterramento-della-linea\/#breadcrumb"},"inLanguage":"fr-FR","potentialAction":[{"@type":"ReadAction","target":["https:\/\/www.bellunopress.it\/2011\/12\/31\/un-elettrodotto-da-220mila-volt-in-prossimita-dellabitato-di-andreane-il-comitato-si-mobilita-e-chiede-linterramento-della-linea\/"]}]},{"@type":"ImageObject","inLanguage":"fr-FR","@id":"https:\/\/www.bellunopress.it\/2011\/12\/31\/un-elettrodotto-da-220mila-volt-in-prossimita-dellabitato-di-andreane-il-comitato-si-mobilita-e-chiede-linterramento-della-linea\/#primaryimage","url":"http:\/\/www.bellunopress.it\/wp-content\/uploads\/2009\/09\/traliccio-enel.jpg","contentUrl":"http:\/\/www.bellunopress.it\/wp-content\/uploads\/2009\/09\/traliccio-enel.jpg"},{"@type":"BreadcrumbList","@id":"https:\/\/www.bellunopress.it\/2011\/12\/31\/un-elettrodotto-da-220mila-volt-in-prossimita-dellabitato-di-andreane-il-comitato-si-mobilita-e-chiede-linterramento-della-linea\/#breadcrumb","itemListElement":[{"@type":"ListItem","position":1,"name":"Home","item":"https:\/\/www.bellunopress.it\/"},{"@type":"ListItem","position":2,"name":"Un elettrodotto da 220mila volt in prossimit\u00e0 dell&#8217;abitato di Andreane. Il comitato si mobilita e chiede l&#8217;interramento della linea"}]},{"@type":"WebSite","@id":"https:\/\/www.bellunopress.it\/#website","url":"https:\/\/www.bellunopress.it\/","name":"Bellunopress - Dolomiti","description":"e-mail: redazione@bellunopress.it","publisher":{"@id":"https:\/\/www.bellunopress.it\/#organization"},"potentialAction":[{"@type":"SearchAction","target":{"@type":"EntryPoint","urlTemplate":"https:\/\/www.bellunopress.it\/?s={search_term_string}"},"query-input":{"@type":"PropertyValueSpecification","valueRequired":true,"valueName":"search_term_string"}}],"inLanguage":"fr-FR"},{"@type":"Organization","@id":"https:\/\/www.bellunopress.it\/#organization","name":"Bellunopress","url":"https:\/\/www.bellunopress.it\/","logo":{"@type":"ImageObject","inLanguage":"fr-FR","@id":"https:\/\/www.bellunopress.it\/#\/schema\/logo\/image\/","url":"https:\/\/www.bellunopress.it\/wp-content\/uploads\/2011\/05\/cropped-logo-bellunopress-.jpg","contentUrl":"https:\/\/www.bellunopress.it\/wp-content\/uploads\/2011\/05\/cropped-logo-bellunopress-.jpg","width":512,"height":512,"caption":"Bellunopress"},"image":{"@id":"https:\/\/www.bellunopress.it\/#\/schema\/logo\/image\/"},"sameAs":["https:\/\/www.facebook.com\/profile.php?id=100008943462799","https:\/\/x.com\/bellunopress","https:\/\/www.linkedin.com\/hp\/?dnr=JBzUWaJfMUw8vbXJJ2tVW5-I3jZKvC4wsoxE&amp;amp;amp;amp;amp;amp;trk=nav_responsive_tab_home","https:\/\/www.youtube.com\/channel\/UCxL0wu1uN0_3_7hGG0306cw"]},{"@type":"Person","@id":"https:\/\/www.bellunopress.it\/#\/schema\/person\/79bb06722b37ece1c03d3e94beb30d73","name":"r\u00e9daction","image":{"@type":"ImageObject","inLanguage":"fr-FR","@id":"https:\/\/secure.gravatar.com\/avatar\/37d968a2e67a6fd04c169c4bdef102d0bc5d31b2546345219e348575eb80e9a0?s=96&d=mm&r=g","url":"https:\/\/secure.gravatar.com\/avatar\/37d968a2e67a6fd04c169c4bdef102d0bc5d31b2546345219e348575eb80e9a0?s=96&d=mm&r=g","contentUrl":"https:\/\/secure.gravatar.com\/avatar\/37d968a2e67a6fd04c169c4bdef102d0bc5d31b2546345219e348575eb80e9a0?s=96&d=mm&r=g","caption":"redazione"},"sameAs":["http:\/\/www.bellunopress.it","https:\/\/x.com\/bellunopress"],"url":"https:\/\/www.bellunopress.it\/fr\/author\/redazione\/"}]}},"_links":{"self":[{"href":"https:\/\/www.bellunopress.it\/fr\/wp-json\/wp\/v2\/posts\/33802","targetHints":{"allow":["GET"]}}],"collection":[{"href":"https:\/\/www.bellunopress.it\/fr\/wp-json\/wp\/v2\/posts"}],"about":[{"href":"https:\/\/www.bellunopress.it\/fr\/wp-json\/wp\/v2\/types\/post"}],"author":[{"embeddable":true,"href":"https:\/\/www.bellunopress.it\/fr\/wp-json\/wp\/v2\/users\/2"}],"replies":[{"embeddable":true,"href":"https:\/\/www.bellunopress.it\/fr\/wp-json\/wp\/v2\/comments?post=33802"}],"version-history":[{"count":1,"href":"https:\/\/www.bellunopress.it\/fr\/wp-json\/wp\/v2\/posts\/33802\/revisions"}],"predecessor-version":[{"id":33803,"href":"https:\/\/www.bellunopress.it\/fr\/wp-json\/wp\/v2\/posts\/33802\/revisions\/33803"}],"wp:attachment":[{"href":"https:\/\/www.bellunopress.it\/fr\/wp-json\/wp\/v2\/media?parent=33802"}],"wp:term":[{"taxonomy":"category","embeddable":true,"href":"https:\/\/www.bellunopress.it\/fr\/wp-json\/wp\/v2\/categories?post=33802"},{"taxonomy":"post_tag","embeddable":true,"href":"https:\/\/www.bellunopress.it\/fr\/wp-json\/wp\/v2\/tags?post=33802"}],"curies":[{"name":"wp","href":"https:\/\/api.w.org\/{rel}","templated":true}]}}