{"id":33797,"date":"2011-12-31T18:38:21","date_gmt":"2011-12-31T17:38:21","guid":{"rendered":"http:\/\/www.bellunopress.it\/?p=33797"},"modified":"2012-01-11T09:01:32","modified_gmt":"2012-01-11T08:01:32","slug":"trento-e-bolzano-sbeffeggiano-il-governo-le-due-province-autonome-cancellano-laumento-dimposta-della-manovra-monti-nei-passaggi-di-proprieta-e-nelle-nuove-immatricolazioni","status":"publish","type":"post","link":"https:\/\/www.bellunopress.it\/fr\/2011\/12\/31\/trento-e-bolzano-sbeffeggiano-il-governo-le-due-province-autonome-cancellano-laumento-dimposta-della-manovra-monti-nei-passaggi-di-proprieta-e-nelle-nuove-immatricolazioni\/","title":{"rendered":"Trento e Bolzano sbeffeggiano il governo. Le due province autonome cancellano l&#8217;aumento d&#8217;imposta della manovra Monti nei passaggi di propriet\u00e0 e nelle nuove immatricolazioni"},"content":{"rendered":"<p><a href=\"http:\/\/www.bellunopress.it\/wp-content\/uploads\/2011\/12\/carta-circolazione.jpg\"><img loading=\"lazy\" decoding=\"async\" class=\"alignleft size-full wp-image-33798\" title=\"carta circolazione\" src=\"http:\/\/www.bellunopress.it\/wp-content\/uploads\/2011\/12\/carta-circolazione.jpg\" alt=\"\" width=\"270\" height=\"167\" \/><\/a>Con la cosiddetta manovra bis (Legge n.148 del 14 settembre 2011) il governo Monti aveva aumentato l&#8217;imposta provinciale di trascrizione (Ipt) per gli atti di vendita soggetti ad Iva, quindi per tutte le auto nuove e per l&#8217;usato acquistato da concessionari o ceduto da societ\u00e0 o ditte individuali con fattura. La norma aveva per\u00f2 risparmiato le province autonome di Trento e Bolzano, tant&#8217;\u00e8 che aveva fatto scalpore la decisione della Arval, il colosso dell&#8217;autonoleggio che immatricola 40mila auto ogni anno, che aveva trasferito la sua sede da Firenze a Trento per eludere gli aumenti. Un&#8217;operazione che secondo le stime ha fatto mancare circa 40 milioni l&#8217;anno di entrate alla provincia di Firenze. Ebbene, per evitare ulteriori fughe a Trento e Bolzano, il governo Monti con Decreto legge 6 dicembre 2011 n.201 convertito in Legge n.214 il 23 dicembre, aveva esteso a tutto il territorio nazionale l&#8217;aumento dell&#8217;imposta provinciale di trascrizione calcolata in misura proporzionale (Kilovatt per le auto e portata utile per gli autocarri) con effetto dal 28 dicembre, ossia il giorno dopo la pubblicazione sulla Gazzetta Ufficiale. Un provvedimento d&#8217;autorit\u00e0 che evidentemente non \u00e8 piaciuto a Luis Durnwalder, il presidente della provincia di Bolzano pagato pi\u00f9 del cancelliere tedesco Angela Merkel (25.600 euro al mese, contro i 19.300), che \u00e8 intervenuto con precisione teutonica ad annullare il provvedimento. La legge provinciale n.15 del 21.12.2011 pubblicata nel Bollettino Ufficiale della provincia autonoma di Bolzano il 27 dicembre, con effetto 28 dicembre, infatti, lascia tutto come prima per le auto nuove e l&#8217;usato dei concessionari che continuano a pagare l&#8217;imposta minima. Lo stesso ha fatto la provincia di Trento con analogo provvedimento (Legge provinciale 27 dicembre 2011 n.18 che ripristina a 151 l&#8217;Ipt per gli atti soggetti a Iva). Tanto per capirci, un&#8217;Alfa Romeo 159 1.9 JTD 16V con potenza 110Kw a Trento e Bolzano paga l&#8217;imposta provinciale di trascrizione (tariffa base) sul nuovo e usato con fattura di 151 euro, contro i 463 euro di Belluno, Padova, Vicenza, Venezia (tariffa base + 20%) e i 502 euro di Treviso, Verona, Rovigo (tariffa base + 30%).<\/p>","protected":false},"excerpt":{"rendered":"<p>Con la cosiddetta manovra bis (Legge n.148 del 14 settembre 2011) il governo Monti aveva aumentato l&#8217;imposta provinciale di trascrizione (Ipt) per gli atti di vendita soggetti ad Iva, quindi per tutte le auto nuove e per l&#8217;usato acquistato da concessionari o ceduto da societ\u00e0 o ditte individuali con fattura. La norma aveva per\u00f2 risparmiato [&hellip;]<\/p>\n","protected":false},"author":2,"featured_media":0,"comment_status":"closed","ping_status":"open","sticky":false,"template":"","format":"standard","meta":{"footnotes":""},"categories":[1],"tags":[],"class_list":["post-33797","post","type-post","status-publish","format-standard","category-leo"],"yoast_head":"<!-- This site is optimized with the Yoast SEO plugin v28.4 - https:\/\/yoast.com\/product\/yoast-seo-wordpress\/ -->\n<title>Trento e Bolzano sbeffeggiano il governo. Le due province autonome cancellano l&#039;aumento d&#039;imposta della manovra Monti nei passaggi di propriet\u00e0 e nelle nuove immatricolazioni - Bellunopress - Dolomiti<\/title>\n<meta name=\"robots\" content=\"index, follow, max-snippet:-1, max-image-preview:large, max-video-preview:-1\" \/>\n<link rel=\"canonical\" href=\"https:\/\/www.bellunopress.it\/fr\/2011\/12\/31\/trento-e-bolzano-sbeffeggiano-il-governo-le-due-province-autonome-cancellano-laumento-dimposta-della-manovra-monti-nei-passaggi-di-proprieta-e-nelle-nuove-immatricolazioni\/\" \/>\n<meta property=\"og:locale\" content=\"fr_FR\" \/>\n<meta property=\"og:type\" content=\"article\" \/>\n<meta property=\"og:title\" content=\"Trento e Bolzano sbeffeggiano il governo. Le due province autonome cancellano l&#039;aumento d&#039;imposta della manovra Monti nei passaggi di propriet\u00e0 e nelle nuove immatricolazioni - Bellunopress - Dolomiti\" \/>\n<meta property=\"og:description\" content=\"Con la cosiddetta manovra bis (Legge n.148 del 14 settembre 2011) il governo Monti aveva aumentato l&#8217;imposta provinciale di trascrizione (Ipt) per gli atti di vendita soggetti ad Iva, quindi per tutte le auto nuove e per l&#8217;usato acquistato da concessionari o ceduto da societ\u00e0 o ditte individuali con fattura. La norma aveva per\u00f2 risparmiato [&hellip;]\" \/>\n<meta property=\"og:url\" content=\"https:\/\/www.bellunopress.it\/fr\/2011\/12\/31\/trento-e-bolzano-sbeffeggiano-il-governo-le-due-province-autonome-cancellano-laumento-dimposta-della-manovra-monti-nei-passaggi-di-proprieta-e-nelle-nuove-immatricolazioni\/\" \/>\n<meta property=\"og:site_name\" content=\"Bellunopress - Dolomiti\" \/>\n<meta property=\"article:publisher\" content=\"https:\/\/www.facebook.com\/profile.php?id=100008943462799\" \/>\n<meta property=\"article:published_time\" content=\"2011-12-31T17:38:21+00:00\" \/>\n<meta property=\"article:modified_time\" content=\"2012-01-11T08:01:32+00:00\" \/>\n<meta property=\"og:image\" content=\"http:\/\/www.bellunopress.it\/wp-content\/uploads\/2011\/12\/carta-circolazione.jpg\" \/>\n<meta name=\"author\" content=\"redazione\" \/>\n<meta name=\"twitter:card\" content=\"summary_large_image\" \/>\n<meta name=\"twitter:creator\" content=\"@bellunopress\" \/>\n<meta name=\"twitter:site\" content=\"@bellunopress\" \/>\n<meta name=\"twitter:label1\" content=\"\u00c9crit par\" \/>\n\t<meta name=\"twitter:data1\" content=\"redazione\" \/>\n\t<meta name=\"twitter:label2\" content=\"Dur\u00e9e de lecture estim\u00e9e\" \/>\n\t<meta name=\"twitter:data2\" content=\"2 minutes\" \/>\n<script type=\"application\/ld+json\" class=\"yoast-schema-graph\">{\"@context\":\"https:\\\/\\\/schema.org\",\"@graph\":[{\"@type\":\"Article\",\"@id\":\"https:\\\/\\\/www.bellunopress.it\\\/2011\\\/12\\\/31\\\/trento-e-bolzano-sbeffeggiano-il-governo-le-due-province-autonome-cancellano-laumento-dimposta-della-manovra-monti-nei-passaggi-di-proprieta-e-nelle-nuove-immatricolazioni\\\/#article\",\"isPartOf\":{\"@id\":\"https:\\\/\\\/www.bellunopress.it\\\/2011\\\/12\\\/31\\\/trento-e-bolzano-sbeffeggiano-il-governo-le-due-province-autonome-cancellano-laumento-dimposta-della-manovra-monti-nei-passaggi-di-proprieta-e-nelle-nuove-immatricolazioni\\\/\"},\"author\":{\"name\":\"redazione\",\"@id\":\"https:\\\/\\\/www.bellunopress.it\\\/#\\\/schema\\\/person\\\/79bb06722b37ece1c03d3e94beb30d73\"},\"headline\":\"Trento e Bolzano sbeffeggiano il governo. Le due province autonome cancellano l&#8217;aumento d&#8217;imposta della manovra Monti nei passaggi di propriet\u00e0 e nelle nuove immatricolazioni\",\"datePublished\":\"2011-12-31T17:38:21+00:00\",\"dateModified\":\"2012-01-11T08:01:32+00:00\",\"mainEntityOfPage\":{\"@id\":\"https:\\\/\\\/www.bellunopress.it\\\/2011\\\/12\\\/31\\\/trento-e-bolzano-sbeffeggiano-il-governo-le-due-province-autonome-cancellano-laumento-dimposta-della-manovra-monti-nei-passaggi-di-proprieta-e-nelle-nuove-immatricolazioni\\\/\"},\"wordCount\":358,\"publisher\":{\"@id\":\"https:\\\/\\\/www.bellunopress.it\\\/#organization\"},\"image\":{\"@id\":\"https:\\\/\\\/www.bellunopress.it\\\/2011\\\/12\\\/31\\\/trento-e-bolzano-sbeffeggiano-il-governo-le-due-province-autonome-cancellano-laumento-dimposta-della-manovra-monti-nei-passaggi-di-proprieta-e-nelle-nuove-immatricolazioni\\\/#primaryimage\"},\"thumbnailUrl\":\"http:\\\/\\\/www.bellunopress.it\\\/wp-content\\\/uploads\\\/2011\\\/12\\\/carta-circolazione.jpg\",\"articleSection\":[\"Lettere Opinioni\"],\"inLanguage\":\"fr-FR\"},{\"@type\":\"WebPage\",\"@id\":\"https:\\\/\\\/www.bellunopress.it\\\/2011\\\/12\\\/31\\\/trento-e-bolzano-sbeffeggiano-il-governo-le-due-province-autonome-cancellano-laumento-dimposta-della-manovra-monti-nei-passaggi-di-proprieta-e-nelle-nuove-immatricolazioni\\\/\",\"url\":\"https:\\\/\\\/www.bellunopress.it\\\/2011\\\/12\\\/31\\\/trento-e-bolzano-sbeffeggiano-il-governo-le-due-province-autonome-cancellano-laumento-dimposta-della-manovra-monti-nei-passaggi-di-proprieta-e-nelle-nuove-immatricolazioni\\\/\",\"name\":\"Trento e Bolzano sbeffeggiano il governo. Le due province autonome cancellano l'aumento d'imposta della manovra Monti nei passaggi di propriet\u00e0 e nelle nuove immatricolazioni - Bellunopress - Dolomiti\",\"isPartOf\":{\"@id\":\"https:\\\/\\\/www.bellunopress.it\\\/#website\"},\"primaryImageOfPage\":{\"@id\":\"https:\\\/\\\/www.bellunopress.it\\\/2011\\\/12\\\/31\\\/trento-e-bolzano-sbeffeggiano-il-governo-le-due-province-autonome-cancellano-laumento-dimposta-della-manovra-monti-nei-passaggi-di-proprieta-e-nelle-nuove-immatricolazioni\\\/#primaryimage\"},\"image\":{\"@id\":\"https:\\\/\\\/www.bellunopress.it\\\/2011\\\/12\\\/31\\\/trento-e-bolzano-sbeffeggiano-il-governo-le-due-province-autonome-cancellano-laumento-dimposta-della-manovra-monti-nei-passaggi-di-proprieta-e-nelle-nuove-immatricolazioni\\\/#primaryimage\"},\"thumbnailUrl\":\"http:\\\/\\\/www.bellunopress.it\\\/wp-content\\\/uploads\\\/2011\\\/12\\\/carta-circolazione.jpg\",\"datePublished\":\"2011-12-31T17:38:21+00:00\",\"dateModified\":\"2012-01-11T08:01:32+00:00\",\"breadcrumb\":{\"@id\":\"https:\\\/\\\/www.bellunopress.it\\\/2011\\\/12\\\/31\\\/trento-e-bolzano-sbeffeggiano-il-governo-le-due-province-autonome-cancellano-laumento-dimposta-della-manovra-monti-nei-passaggi-di-proprieta-e-nelle-nuove-immatricolazioni\\\/#breadcrumb\"},\"inLanguage\":\"fr-FR\",\"potentialAction\":[{\"@type\":\"ReadAction\",\"target\":[\"https:\\\/\\\/www.bellunopress.it\\\/2011\\\/12\\\/31\\\/trento-e-bolzano-sbeffeggiano-il-governo-le-due-province-autonome-cancellano-laumento-dimposta-della-manovra-monti-nei-passaggi-di-proprieta-e-nelle-nuove-immatricolazioni\\\/\"]}]},{\"@type\":\"ImageObject\",\"inLanguage\":\"fr-FR\",\"@id\":\"https:\\\/\\\/www.bellunopress.it\\\/2011\\\/12\\\/31\\\/trento-e-bolzano-sbeffeggiano-il-governo-le-due-province-autonome-cancellano-laumento-dimposta-della-manovra-monti-nei-passaggi-di-proprieta-e-nelle-nuove-immatricolazioni\\\/#primaryimage\",\"url\":\"http:\\\/\\\/www.bellunopress.it\\\/wp-content\\\/uploads\\\/2011\\\/12\\\/carta-circolazione.jpg\",\"contentUrl\":\"http:\\\/\\\/www.bellunopress.it\\\/wp-content\\\/uploads\\\/2011\\\/12\\\/carta-circolazione.jpg\"},{\"@type\":\"BreadcrumbList\",\"@id\":\"https:\\\/\\\/www.bellunopress.it\\\/2011\\\/12\\\/31\\\/trento-e-bolzano-sbeffeggiano-il-governo-le-due-province-autonome-cancellano-laumento-dimposta-della-manovra-monti-nei-passaggi-di-proprieta-e-nelle-nuove-immatricolazioni\\\/#breadcrumb\",\"itemListElement\":[{\"@type\":\"ListItem\",\"position\":1,\"name\":\"Home\",\"item\":\"https:\\\/\\\/www.bellunopress.it\\\/\"},{\"@type\":\"ListItem\",\"position\":2,\"name\":\"Trento e Bolzano sbeffeggiano il governo. Le due province autonome cancellano l&#8217;aumento d&#8217;imposta della manovra Monti nei passaggi di propriet\u00e0 e nelle nuove immatricolazioni\"}]},{\"@type\":\"WebSite\",\"@id\":\"https:\\\/\\\/www.bellunopress.it\\\/#website\",\"url\":\"https:\\\/\\\/www.bellunopress.it\\\/\",\"name\":\"Bellunopress - Dolomiti\",\"description\":\"e-mail: redazione@bellunopress.it\",\"publisher\":{\"@id\":\"https:\\\/\\\/www.bellunopress.it\\\/#organization\"},\"potentialAction\":[{\"@type\":\"SearchAction\",\"target\":{\"@type\":\"EntryPoint\",\"urlTemplate\":\"https:\\\/\\\/www.bellunopress.it\\\/?s={search_term_string}\"},\"query-input\":{\"@type\":\"PropertyValueSpecification\",\"valueRequired\":true,\"valueName\":\"search_term_string\"}}],\"inLanguage\":\"fr-FR\"},{\"@type\":\"Organization\",\"@id\":\"https:\\\/\\\/www.bellunopress.it\\\/#organization\",\"name\":\"Bellunopress\",\"url\":\"https:\\\/\\\/www.bellunopress.it\\\/\",\"logo\":{\"@type\":\"ImageObject\",\"inLanguage\":\"fr-FR\",\"@id\":\"https:\\\/\\\/www.bellunopress.it\\\/#\\\/schema\\\/logo\\\/image\\\/\",\"url\":\"https:\\\/\\\/www.bellunopress.it\\\/wp-content\\\/uploads\\\/2011\\\/05\\\/cropped-logo-bellunopress-.jpg\",\"contentUrl\":\"https:\\\/\\\/www.bellunopress.it\\\/wp-content\\\/uploads\\\/2011\\\/05\\\/cropped-logo-bellunopress-.jpg\",\"width\":512,\"height\":512,\"caption\":\"Bellunopress\"},\"image\":{\"@id\":\"https:\\\/\\\/www.bellunopress.it\\\/#\\\/schema\\\/logo\\\/image\\\/\"},\"sameAs\":[\"https:\\\/\\\/www.facebook.com\\\/profile.php?id=100008943462799\",\"https:\\\/\\\/x.com\\\/bellunopress\",\"https:\\\/\\\/www.linkedin.com\\\/hp\\\/?dnr=JBzUWaJfMUw8vbXJJ2tVW5-I3jZKvC4wsoxE&amp;amp;amp;amp;amp;amp;trk=nav_responsive_tab_home\",\"https:\\\/\\\/www.youtube.com\\\/channel\\\/UCxL0wu1uN0_3_7hGG0306cw\"]},{\"@type\":\"Person\",\"@id\":\"https:\\\/\\\/www.bellunopress.it\\\/#\\\/schema\\\/person\\\/79bb06722b37ece1c03d3e94beb30d73\",\"name\":\"redazione\",\"image\":{\"@type\":\"ImageObject\",\"inLanguage\":\"fr-FR\",\"@id\":\"https:\\\/\\\/secure.gravatar.com\\\/avatar\\\/37d968a2e67a6fd04c169c4bdef102d0bc5d31b2546345219e348575eb80e9a0?s=96&d=mm&r=g\",\"url\":\"https:\\\/\\\/secure.gravatar.com\\\/avatar\\\/37d968a2e67a6fd04c169c4bdef102d0bc5d31b2546345219e348575eb80e9a0?s=96&d=mm&r=g\",\"contentUrl\":\"https:\\\/\\\/secure.gravatar.com\\\/avatar\\\/37d968a2e67a6fd04c169c4bdef102d0bc5d31b2546345219e348575eb80e9a0?s=96&d=mm&r=g\",\"caption\":\"redazione\"},\"sameAs\":[\"http:\\\/\\\/www.bellunopress.it\",\"https:\\\/\\\/x.com\\\/bellunopress\"],\"url\":\"https:\\\/\\\/www.bellunopress.it\\\/fr\\\/author\\\/redazione\\\/\"}]}<\/script>\n<!-- \/ Yoast SEO plugin. -->","yoast_head_json":{"title":"Trento e Bolzano sbeffeggiano il governo. Le due province autonome cancellano l'aumento d'imposta della manovra Monti nei passaggi di propriet\u00e0 e nelle nuove immatricolazioni - Bellunopress - Dolomiti","robots":{"index":"index","follow":"follow","max-snippet":"max-snippet:-1","max-image-preview":"max-image-preview:large","max-video-preview":"max-video-preview:-1"},"canonical":"https:\/\/www.bellunopress.it\/fr\/2011\/12\/31\/trento-e-bolzano-sbeffeggiano-il-governo-le-due-province-autonome-cancellano-laumento-dimposta-della-manovra-monti-nei-passaggi-di-proprieta-e-nelle-nuove-immatricolazioni\/","og_locale":"fr_FR","og_type":"article","og_title":"Trento e Bolzano sbeffeggiano il governo. Le due province autonome cancellano l'aumento d'imposta della manovra Monti nei passaggi di propriet\u00e0 e nelle nuove immatricolazioni - Bellunopress - Dolomiti","og_description":"Con la cosiddetta manovra bis (Legge n.148 del 14 settembre 2011) il governo Monti aveva aumentato l&#8217;imposta provinciale di trascrizione (Ipt) per gli atti di vendita soggetti ad Iva, quindi per tutte le auto nuove e per l&#8217;usato acquistato da concessionari o ceduto da societ\u00e0 o ditte individuali con fattura. La norma aveva per\u00f2 risparmiato [&hellip;]","og_url":"https:\/\/www.bellunopress.it\/fr\/2011\/12\/31\/trento-e-bolzano-sbeffeggiano-il-governo-le-due-province-autonome-cancellano-laumento-dimposta-della-manovra-monti-nei-passaggi-di-proprieta-e-nelle-nuove-immatricolazioni\/","og_site_name":"Bellunopress - Dolomiti","article_publisher":"https:\/\/www.facebook.com\/profile.php?id=100008943462799","article_published_time":"2011-12-31T17:38:21+00:00","article_modified_time":"2012-01-11T08:01:32+00:00","og_image":[{"url":"http:\/\/www.bellunopress.it\/wp-content\/uploads\/2011\/12\/carta-circolazione.jpg","type":"","width":"","height":""}],"author":"redazione","twitter_card":"summary_large_image","twitter_creator":"@bellunopress","twitter_site":"@bellunopress","twitter_misc":{"\u00c9crit par":"redazione","Dur\u00e9e de lecture estim\u00e9e":"2 minutes"},"schema":{"@context":"https:\/\/schema.org","@graph":[{"@type":"Article","@id":"https:\/\/www.bellunopress.it\/2011\/12\/31\/trento-e-bolzano-sbeffeggiano-il-governo-le-due-province-autonome-cancellano-laumento-dimposta-della-manovra-monti-nei-passaggi-di-proprieta-e-nelle-nuove-immatricolazioni\/#article","isPartOf":{"@id":"https:\/\/www.bellunopress.it\/2011\/12\/31\/trento-e-bolzano-sbeffeggiano-il-governo-le-due-province-autonome-cancellano-laumento-dimposta-della-manovra-monti-nei-passaggi-di-proprieta-e-nelle-nuove-immatricolazioni\/"},"author":{"name":"redazione","@id":"https:\/\/www.bellunopress.it\/#\/schema\/person\/79bb06722b37ece1c03d3e94beb30d73"},"headline":"Trento e Bolzano sbeffeggiano il governo. Le due province autonome cancellano l&#8217;aumento d&#8217;imposta della manovra Monti nei passaggi di propriet\u00e0 e nelle nuove immatricolazioni","datePublished":"2011-12-31T17:38:21+00:00","dateModified":"2012-01-11T08:01:32+00:00","mainEntityOfPage":{"@id":"https:\/\/www.bellunopress.it\/2011\/12\/31\/trento-e-bolzano-sbeffeggiano-il-governo-le-due-province-autonome-cancellano-laumento-dimposta-della-manovra-monti-nei-passaggi-di-proprieta-e-nelle-nuove-immatricolazioni\/"},"wordCount":358,"publisher":{"@id":"https:\/\/www.bellunopress.it\/#organization"},"image":{"@id":"https:\/\/www.bellunopress.it\/2011\/12\/31\/trento-e-bolzano-sbeffeggiano-il-governo-le-due-province-autonome-cancellano-laumento-dimposta-della-manovra-monti-nei-passaggi-di-proprieta-e-nelle-nuove-immatricolazioni\/#primaryimage"},"thumbnailUrl":"http:\/\/www.bellunopress.it\/wp-content\/uploads\/2011\/12\/carta-circolazione.jpg","articleSection":["Lettere Opinioni"],"inLanguage":"fr-FR"},{"@type":"WebPage","@id":"https:\/\/www.bellunopress.it\/2011\/12\/31\/trento-e-bolzano-sbeffeggiano-il-governo-le-due-province-autonome-cancellano-laumento-dimposta-della-manovra-monti-nei-passaggi-di-proprieta-e-nelle-nuove-immatricolazioni\/","url":"https:\/\/www.bellunopress.it\/2011\/12\/31\/trento-e-bolzano-sbeffeggiano-il-governo-le-due-province-autonome-cancellano-laumento-dimposta-della-manovra-monti-nei-passaggi-di-proprieta-e-nelle-nuove-immatricolazioni\/","name":"Trento e Bolzano sbeffeggiano il governo. Le due province autonome cancellano l'aumento d'imposta della manovra Monti nei passaggi di propriet\u00e0 e nelle nuove immatricolazioni - Bellunopress - Dolomiti","isPartOf":{"@id":"https:\/\/www.bellunopress.it\/#website"},"primaryImageOfPage":{"@id":"https:\/\/www.bellunopress.it\/2011\/12\/31\/trento-e-bolzano-sbeffeggiano-il-governo-le-due-province-autonome-cancellano-laumento-dimposta-della-manovra-monti-nei-passaggi-di-proprieta-e-nelle-nuove-immatricolazioni\/#primaryimage"},"image":{"@id":"https:\/\/www.bellunopress.it\/2011\/12\/31\/trento-e-bolzano-sbeffeggiano-il-governo-le-due-province-autonome-cancellano-laumento-dimposta-della-manovra-monti-nei-passaggi-di-proprieta-e-nelle-nuove-immatricolazioni\/#primaryimage"},"thumbnailUrl":"http:\/\/www.bellunopress.it\/wp-content\/uploads\/2011\/12\/carta-circolazione.jpg","datePublished":"2011-12-31T17:38:21+00:00","dateModified":"2012-01-11T08:01:32+00:00","breadcrumb":{"@id":"https:\/\/www.bellunopress.it\/2011\/12\/31\/trento-e-bolzano-sbeffeggiano-il-governo-le-due-province-autonome-cancellano-laumento-dimposta-della-manovra-monti-nei-passaggi-di-proprieta-e-nelle-nuove-immatricolazioni\/#breadcrumb"},"inLanguage":"fr-FR","potentialAction":[{"@type":"ReadAction","target":["https:\/\/www.bellunopress.it\/2011\/12\/31\/trento-e-bolzano-sbeffeggiano-il-governo-le-due-province-autonome-cancellano-laumento-dimposta-della-manovra-monti-nei-passaggi-di-proprieta-e-nelle-nuove-immatricolazioni\/"]}]},{"@type":"ImageObject","inLanguage":"fr-FR","@id":"https:\/\/www.bellunopress.it\/2011\/12\/31\/trento-e-bolzano-sbeffeggiano-il-governo-le-due-province-autonome-cancellano-laumento-dimposta-della-manovra-monti-nei-passaggi-di-proprieta-e-nelle-nuove-immatricolazioni\/#primaryimage","url":"http:\/\/www.bellunopress.it\/wp-content\/uploads\/2011\/12\/carta-circolazione.jpg","contentUrl":"http:\/\/www.bellunopress.it\/wp-content\/uploads\/2011\/12\/carta-circolazione.jpg"},{"@type":"BreadcrumbList","@id":"https:\/\/www.bellunopress.it\/2011\/12\/31\/trento-e-bolzano-sbeffeggiano-il-governo-le-due-province-autonome-cancellano-laumento-dimposta-della-manovra-monti-nei-passaggi-di-proprieta-e-nelle-nuove-immatricolazioni\/#breadcrumb","itemListElement":[{"@type":"ListItem","position":1,"name":"Home","item":"https:\/\/www.bellunopress.it\/"},{"@type":"ListItem","position":2,"name":"Trento e Bolzano sbeffeggiano il governo. Le due province autonome cancellano l&#8217;aumento d&#8217;imposta della manovra Monti nei passaggi di propriet\u00e0 e nelle nuove immatricolazioni"}]},{"@type":"WebSite","@id":"https:\/\/www.bellunopress.it\/#website","url":"https:\/\/www.bellunopress.it\/","name":"Bellunopress - Dolomiti","description":"e-mail: redazione@bellunopress.it","publisher":{"@id":"https:\/\/www.bellunopress.it\/#organization"},"potentialAction":[{"@type":"SearchAction","target":{"@type":"EntryPoint","urlTemplate":"https:\/\/www.bellunopress.it\/?s={search_term_string}"},"query-input":{"@type":"PropertyValueSpecification","valueRequired":true,"valueName":"search_term_string"}}],"inLanguage":"fr-FR"},{"@type":"Organization","@id":"https:\/\/www.bellunopress.it\/#organization","name":"Bellunopress","url":"https:\/\/www.bellunopress.it\/","logo":{"@type":"ImageObject","inLanguage":"fr-FR","@id":"https:\/\/www.bellunopress.it\/#\/schema\/logo\/image\/","url":"https:\/\/www.bellunopress.it\/wp-content\/uploads\/2011\/05\/cropped-logo-bellunopress-.jpg","contentUrl":"https:\/\/www.bellunopress.it\/wp-content\/uploads\/2011\/05\/cropped-logo-bellunopress-.jpg","width":512,"height":512,"caption":"Bellunopress"},"image":{"@id":"https:\/\/www.bellunopress.it\/#\/schema\/logo\/image\/"},"sameAs":["https:\/\/www.facebook.com\/profile.php?id=100008943462799","https:\/\/x.com\/bellunopress","https:\/\/www.linkedin.com\/hp\/?dnr=JBzUWaJfMUw8vbXJJ2tVW5-I3jZKvC4wsoxE&amp;amp;amp;amp;amp;amp;trk=nav_responsive_tab_home","https:\/\/www.youtube.com\/channel\/UCxL0wu1uN0_3_7hGG0306cw"]},{"@type":"Person","@id":"https:\/\/www.bellunopress.it\/#\/schema\/person\/79bb06722b37ece1c03d3e94beb30d73","name":"r\u00e9daction","image":{"@type":"ImageObject","inLanguage":"fr-FR","@id":"https:\/\/secure.gravatar.com\/avatar\/37d968a2e67a6fd04c169c4bdef102d0bc5d31b2546345219e348575eb80e9a0?s=96&d=mm&r=g","url":"https:\/\/secure.gravatar.com\/avatar\/37d968a2e67a6fd04c169c4bdef102d0bc5d31b2546345219e348575eb80e9a0?s=96&d=mm&r=g","contentUrl":"https:\/\/secure.gravatar.com\/avatar\/37d968a2e67a6fd04c169c4bdef102d0bc5d31b2546345219e348575eb80e9a0?s=96&d=mm&r=g","caption":"redazione"},"sameAs":["http:\/\/www.bellunopress.it","https:\/\/x.com\/bellunopress"],"url":"https:\/\/www.bellunopress.it\/fr\/author\/redazione\/"}]}},"_links":{"self":[{"href":"https:\/\/www.bellunopress.it\/fr\/wp-json\/wp\/v2\/posts\/33797","targetHints":{"allow":["GET"]}}],"collection":[{"href":"https:\/\/www.bellunopress.it\/fr\/wp-json\/wp\/v2\/posts"}],"about":[{"href":"https:\/\/www.bellunopress.it\/fr\/wp-json\/wp\/v2\/types\/post"}],"author":[{"embeddable":true,"href":"https:\/\/www.bellunopress.it\/fr\/wp-json\/wp\/v2\/users\/2"}],"replies":[{"embeddable":true,"href":"https:\/\/www.bellunopress.it\/fr\/wp-json\/wp\/v2\/comments?post=33797"}],"version-history":[{"count":4,"href":"https:\/\/www.bellunopress.it\/fr\/wp-json\/wp\/v2\/posts\/33797\/revisions"}],"predecessor-version":[{"id":34052,"href":"https:\/\/www.bellunopress.it\/fr\/wp-json\/wp\/v2\/posts\/33797\/revisions\/34052"}],"wp:attachment":[{"href":"https:\/\/www.bellunopress.it\/fr\/wp-json\/wp\/v2\/media?parent=33797"}],"wp:term":[{"taxonomy":"category","embeddable":true,"href":"https:\/\/www.bellunopress.it\/fr\/wp-json\/wp\/v2\/categories?post=33797"},{"taxonomy":"post_tag","embeddable":true,"href":"https:\/\/www.bellunopress.it\/fr\/wp-json\/wp\/v2\/tags?post=33797"}],"curies":[{"name":"wp","href":"https:\/\/api.w.org\/{rel}","templated":true}]}}