{"id":33793,"date":"2011-12-30T15:01:37","date_gmt":"2011-12-30T14:01:37","guid":{"rendered":"http:\/\/www.bellunopress.it\/?p=33793"},"modified":"2011-12-30T21:53:42","modified_gmt":"2011-12-30T20:53:42","slug":"7mo-team-sprint-sportful-ecco-la-prima-rosa-di-campioni","status":"publish","type":"post","link":"https:\/\/www.bellunopress.it\/fr\/2011\/12\/30\/7mo-team-sprint-sportful-ecco-la-prima-rosa-di-campioni\/","title":{"rendered":"7mo Team Sprint Sportful: ecco la prima rosa di campioni"},"content":{"rendered":"<p><a href=\"http:\/\/www.bellunopress.it\/wp-content\/uploads\/2011\/12\/sportful-.jpg\"><img loading=\"lazy\" decoding=\"async\" class=\"alignleft size-full wp-image-33794\" title=\"sportful\" src=\"http:\/\/www.bellunopress.it\/wp-content\/uploads\/2011\/12\/sportful-.jpg\" alt=\"\" width=\"150\" height=\"131\" \/><\/a>La pista di fondo cittadina di Pra\u2019 del Moro ha aperto i battenti proprio oggi e gi\u00e0 l\u2019attesa \u00e8 tutta per lo Sprintissimo Sportful in programma il prossimo 8 gennaio a Feltre. Si cominciano a delineare i primi nomi dei campioni che animeranno la settima edizione della spettacolare gara di fondo nell\u2019anello cittadino di circa 800mt con la formula del team sprint a coppie con tecnica libera. Dalle piste della coppa del mondo di Davos, in Svizzera, \u00e8 giunta la conferma ad Alessio Cremonese della prestigiosa presenza del campione Tony Livers che sar\u00e0 a Feltre con un compagno di squadra. Alla partenza ci sar\u00e0 la Nazionale Kazaka maschile al gran completo guidata dal fuoriclasse Alexej Poltranin, (una promessa per il fondo con una vittoria in coppa nel mondo e il recente 3. posto a Rogla dietro all\u2019imbattibile Nortung e al fortissimo Cologna). Si attendono sorprese in arrivo dalla Finlandia, grazie alla disponibilit\u00e0 del Ct Dhalen che non ha escluso la presenza di qualche suo atleta di spicco, grazie alla vicinanza di data con la gara di Milano. Torner\u00e0 sulla neve di Feltre per difendere il titolo il francese Jean Marc Gaillard, vincitore della scorsa edizione quando era in coppia con Maurice Magnificat. E poi non mancheranno gli assi della Nazionale italiana di Silvio Fauner che \u00e8 vestita proprio dall\u2019azienda Sportful di Fonzaso. Quindi a dare battaglia si attendono di sicuro Giorgio Di Centa, Cristian Zorzi, Pietro Piller Cottrer, oltre alle ragazze della Nazionale italiana femminile come la bellunese Virginia De Martin che dovranno difendersi da campionesse del calibro dell\u2019ucraina Valentyna Shevchenko e di Seraina Boner, vincitrice dell&#8217;ultima marcialonga (nella foto in alto all\u2019arrivo del Gran prix Sportful di skyroll di Croce d\u2019Aune vinto dall\u2019ucraina). In pista ci saranno gli atleti pi\u00f9 forti dei gruppi sportivi di Carabinieri, Guardia di Finanza, Polizia di Stato, Corpo forestale. E forse, chiss\u00e0, magari anche i recenti campioni italiani di Team Sprint incoronati a Fiera di Primiero, Federico Pellegrino e Dietmar N\u00f6ckler.<\/p>\n<p>&nbsp;<\/p>","protected":false},"excerpt":{"rendered":"<p>La pista di fondo cittadina di Pra\u2019 del Moro ha aperto i battenti proprio oggi e gi\u00e0 l\u2019attesa \u00e8 tutta per lo Sprintissimo Sportful in programma il prossimo 8 gennaio a Feltre. Si cominciano a delineare i primi nomi dei campioni che animeranno la settima edizione della spettacolare gara di fondo nell\u2019anello cittadino di circa [&hellip;]<\/p>\n","protected":false},"author":2,"featured_media":0,"comment_status":"closed","ping_status":"open","sticky":false,"template":"","format":"standard","meta":{"footnotes":""},"categories":[26,4],"tags":[],"class_list":["post-33793","post","type-post","status-publish","format-standard","category-prima-pagina","category-sport"],"yoast_head":"<!-- This site is optimized with the Yoast SEO plugin v28.4 - https:\/\/yoast.com\/product\/yoast-seo-wordpress\/ -->\n<title>7mo Team Sprint Sportful: ecco la prima rosa di campioni - Bellunopress - Dolomiti<\/title>\n<meta name=\"robots\" content=\"index, follow, max-snippet:-1, max-image-preview:large, max-video-preview:-1\" \/>\n<link rel=\"canonical\" href=\"https:\/\/www.bellunopress.it\/fr\/2011\/12\/30\/7mo-team-sprint-sportful-ecco-la-prima-rosa-di-campioni\/\" \/>\n<meta property=\"og:locale\" content=\"fr_FR\" \/>\n<meta property=\"og:type\" content=\"article\" \/>\n<meta property=\"og:title\" content=\"7mo Team Sprint Sportful: ecco la prima rosa di campioni - Bellunopress - Dolomiti\" \/>\n<meta property=\"og:description\" content=\"La pista di fondo cittadina di Pra\u2019 del Moro ha aperto i battenti proprio oggi e gi\u00e0 l\u2019attesa \u00e8 tutta per lo Sprintissimo Sportful in programma il prossimo 8 gennaio a Feltre. Si cominciano a delineare i primi nomi dei campioni che animeranno la settima edizione della spettacolare gara di fondo nell\u2019anello cittadino di circa [&hellip;]\" \/>\n<meta property=\"og:url\" content=\"https:\/\/www.bellunopress.it\/fr\/2011\/12\/30\/7mo-team-sprint-sportful-ecco-la-prima-rosa-di-campioni\/\" \/>\n<meta property=\"og:site_name\" content=\"Bellunopress - Dolomiti\" \/>\n<meta property=\"article:publisher\" content=\"https:\/\/www.facebook.com\/profile.php?id=100008943462799\" \/>\n<meta property=\"article:published_time\" content=\"2011-12-30T14:01:37+00:00\" \/>\n<meta property=\"article:modified_time\" content=\"2011-12-30T20:53:42+00:00\" \/>\n<meta property=\"og:image\" content=\"http:\/\/www.bellunopress.it\/wp-content\/uploads\/2011\/12\/sportful-.jpg\" \/>\n<meta name=\"author\" content=\"redazione\" \/>\n<meta name=\"twitter:card\" content=\"summary_large_image\" \/>\n<meta name=\"twitter:creator\" content=\"@bellunopress\" \/>\n<meta name=\"twitter:site\" content=\"@bellunopress\" \/>\n<meta name=\"twitter:label1\" content=\"\u00c9crit par\" \/>\n\t<meta name=\"twitter:data1\" content=\"redazione\" \/>\n\t<meta name=\"twitter:label2\" content=\"Dur\u00e9e de lecture estim\u00e9e\" \/>\n\t<meta name=\"twitter:data2\" content=\"2 minutes\" \/>\n<script type=\"application\/ld+json\" class=\"yoast-schema-graph\">{\"@context\":\"https:\\\/\\\/schema.org\",\"@graph\":[{\"@type\":\"Article\",\"@id\":\"https:\\\/\\\/www.bellunopress.it\\\/2011\\\/12\\\/30\\\/7mo-team-sprint-sportful-ecco-la-prima-rosa-di-campioni\\\/#article\",\"isPartOf\":{\"@id\":\"https:\\\/\\\/www.bellunopress.it\\\/2011\\\/12\\\/30\\\/7mo-team-sprint-sportful-ecco-la-prima-rosa-di-campioni\\\/\"},\"author\":{\"name\":\"redazione\",\"@id\":\"https:\\\/\\\/www.bellunopress.it\\\/#\\\/schema\\\/person\\\/79bb06722b37ece1c03d3e94beb30d73\"},\"headline\":\"7mo Team Sprint Sportful: ecco la prima rosa di campioni\",\"datePublished\":\"2011-12-30T14:01:37+00:00\",\"dateModified\":\"2011-12-30T20:53:42+00:00\",\"mainEntityOfPage\":{\"@id\":\"https:\\\/\\\/www.bellunopress.it\\\/2011\\\/12\\\/30\\\/7mo-team-sprint-sportful-ecco-la-prima-rosa-di-campioni\\\/\"},\"wordCount\":343,\"publisher\":{\"@id\":\"https:\\\/\\\/www.bellunopress.it\\\/#organization\"},\"image\":{\"@id\":\"https:\\\/\\\/www.bellunopress.it\\\/2011\\\/12\\\/30\\\/7mo-team-sprint-sportful-ecco-la-prima-rosa-di-campioni\\\/#primaryimage\"},\"thumbnailUrl\":\"http:\\\/\\\/www.bellunopress.it\\\/wp-content\\\/uploads\\\/2011\\\/12\\\/sportful-.jpg\",\"articleSection\":[\"Prima Pagina\",\"Sport, tempo libero\"],\"inLanguage\":\"fr-FR\"},{\"@type\":\"WebPage\",\"@id\":\"https:\\\/\\\/www.bellunopress.it\\\/2011\\\/12\\\/30\\\/7mo-team-sprint-sportful-ecco-la-prima-rosa-di-campioni\\\/\",\"url\":\"https:\\\/\\\/www.bellunopress.it\\\/2011\\\/12\\\/30\\\/7mo-team-sprint-sportful-ecco-la-prima-rosa-di-campioni\\\/\",\"name\":\"7mo Team Sprint Sportful: ecco la prima rosa di campioni - Bellunopress - Dolomiti\",\"isPartOf\":{\"@id\":\"https:\\\/\\\/www.bellunopress.it\\\/#website\"},\"primaryImageOfPage\":{\"@id\":\"https:\\\/\\\/www.bellunopress.it\\\/2011\\\/12\\\/30\\\/7mo-team-sprint-sportful-ecco-la-prima-rosa-di-campioni\\\/#primaryimage\"},\"image\":{\"@id\":\"https:\\\/\\\/www.bellunopress.it\\\/2011\\\/12\\\/30\\\/7mo-team-sprint-sportful-ecco-la-prima-rosa-di-campioni\\\/#primaryimage\"},\"thumbnailUrl\":\"http:\\\/\\\/www.bellunopress.it\\\/wp-content\\\/uploads\\\/2011\\\/12\\\/sportful-.jpg\",\"datePublished\":\"2011-12-30T14:01:37+00:00\",\"dateModified\":\"2011-12-30T20:53:42+00:00\",\"breadcrumb\":{\"@id\":\"https:\\\/\\\/www.bellunopress.it\\\/2011\\\/12\\\/30\\\/7mo-team-sprint-sportful-ecco-la-prima-rosa-di-campioni\\\/#breadcrumb\"},\"inLanguage\":\"fr-FR\",\"potentialAction\":[{\"@type\":\"ReadAction\",\"target\":[\"https:\\\/\\\/www.bellunopress.it\\\/2011\\\/12\\\/30\\\/7mo-team-sprint-sportful-ecco-la-prima-rosa-di-campioni\\\/\"]}]},{\"@type\":\"ImageObject\",\"inLanguage\":\"fr-FR\",\"@id\":\"https:\\\/\\\/www.bellunopress.it\\\/2011\\\/12\\\/30\\\/7mo-team-sprint-sportful-ecco-la-prima-rosa-di-campioni\\\/#primaryimage\",\"url\":\"http:\\\/\\\/www.bellunopress.it\\\/wp-content\\\/uploads\\\/2011\\\/12\\\/sportful-.jpg\",\"contentUrl\":\"http:\\\/\\\/www.bellunopress.it\\\/wp-content\\\/uploads\\\/2011\\\/12\\\/sportful-.jpg\"},{\"@type\":\"BreadcrumbList\",\"@id\":\"https:\\\/\\\/www.bellunopress.it\\\/2011\\\/12\\\/30\\\/7mo-team-sprint-sportful-ecco-la-prima-rosa-di-campioni\\\/#breadcrumb\",\"itemListElement\":[{\"@type\":\"ListItem\",\"position\":1,\"name\":\"Home\",\"item\":\"https:\\\/\\\/www.bellunopress.it\\\/\"},{\"@type\":\"ListItem\",\"position\":2,\"name\":\"7mo Team Sprint Sportful: ecco la prima rosa di campioni\"}]},{\"@type\":\"WebSite\",\"@id\":\"https:\\\/\\\/www.bellunopress.it\\\/#website\",\"url\":\"https:\\\/\\\/www.bellunopress.it\\\/\",\"name\":\"Bellunopress - Dolomiti\",\"description\":\"e-mail: redazione@bellunopress.it\",\"publisher\":{\"@id\":\"https:\\\/\\\/www.bellunopress.it\\\/#organization\"},\"potentialAction\":[{\"@type\":\"SearchAction\",\"target\":{\"@type\":\"EntryPoint\",\"urlTemplate\":\"https:\\\/\\\/www.bellunopress.it\\\/?s={search_term_string}\"},\"query-input\":{\"@type\":\"PropertyValueSpecification\",\"valueRequired\":true,\"valueName\":\"search_term_string\"}}],\"inLanguage\":\"fr-FR\"},{\"@type\":\"Organization\",\"@id\":\"https:\\\/\\\/www.bellunopress.it\\\/#organization\",\"name\":\"Bellunopress\",\"url\":\"https:\\\/\\\/www.bellunopress.it\\\/\",\"logo\":{\"@type\":\"ImageObject\",\"inLanguage\":\"fr-FR\",\"@id\":\"https:\\\/\\\/www.bellunopress.it\\\/#\\\/schema\\\/logo\\\/image\\\/\",\"url\":\"https:\\\/\\\/www.bellunopress.it\\\/wp-content\\\/uploads\\\/2011\\\/05\\\/cropped-logo-bellunopress-.jpg\",\"contentUrl\":\"https:\\\/\\\/www.bellunopress.it\\\/wp-content\\\/uploads\\\/2011\\\/05\\\/cropped-logo-bellunopress-.jpg\",\"width\":512,\"height\":512,\"caption\":\"Bellunopress\"},\"image\":{\"@id\":\"https:\\\/\\\/www.bellunopress.it\\\/#\\\/schema\\\/logo\\\/image\\\/\"},\"sameAs\":[\"https:\\\/\\\/www.facebook.com\\\/profile.php?id=100008943462799\",\"https:\\\/\\\/x.com\\\/bellunopress\",\"https:\\\/\\\/www.linkedin.com\\\/hp\\\/?dnr=JBzUWaJfMUw8vbXJJ2tVW5-I3jZKvC4wsoxE&amp;amp;amp;amp;amp;amp;trk=nav_responsive_tab_home\",\"https:\\\/\\\/www.youtube.com\\\/channel\\\/UCxL0wu1uN0_3_7hGG0306cw\"]},{\"@type\":\"Person\",\"@id\":\"https:\\\/\\\/www.bellunopress.it\\\/#\\\/schema\\\/person\\\/79bb06722b37ece1c03d3e94beb30d73\",\"name\":\"redazione\",\"image\":{\"@type\":\"ImageObject\",\"inLanguage\":\"fr-FR\",\"@id\":\"https:\\\/\\\/secure.gravatar.com\\\/avatar\\\/37d968a2e67a6fd04c169c4bdef102d0bc5d31b2546345219e348575eb80e9a0?s=96&d=mm&r=g\",\"url\":\"https:\\\/\\\/secure.gravatar.com\\\/avatar\\\/37d968a2e67a6fd04c169c4bdef102d0bc5d31b2546345219e348575eb80e9a0?s=96&d=mm&r=g\",\"contentUrl\":\"https:\\\/\\\/secure.gravatar.com\\\/avatar\\\/37d968a2e67a6fd04c169c4bdef102d0bc5d31b2546345219e348575eb80e9a0?s=96&d=mm&r=g\",\"caption\":\"redazione\"},\"sameAs\":[\"http:\\\/\\\/www.bellunopress.it\",\"https:\\\/\\\/x.com\\\/bellunopress\"],\"url\":\"https:\\\/\\\/www.bellunopress.it\\\/fr\\\/author\\\/redazione\\\/\"}]}<\/script>\n<!-- \/ Yoast SEO plugin. -->","yoast_head_json":{"title":"7mo Team Sprint Sportful: ecco la prima rosa di campioni - Bellunopress - Dolomiti","robots":{"index":"index","follow":"follow","max-snippet":"max-snippet:-1","max-image-preview":"max-image-preview:large","max-video-preview":"max-video-preview:-1"},"canonical":"https:\/\/www.bellunopress.it\/fr\/2011\/12\/30\/7mo-team-sprint-sportful-ecco-la-prima-rosa-di-campioni\/","og_locale":"fr_FR","og_type":"article","og_title":"7mo Team Sprint Sportful: ecco la prima rosa di campioni - Bellunopress - Dolomiti","og_description":"La pista di fondo cittadina di Pra\u2019 del Moro ha aperto i battenti proprio oggi e gi\u00e0 l\u2019attesa \u00e8 tutta per lo Sprintissimo Sportful in programma il prossimo 8 gennaio a Feltre. Si cominciano a delineare i primi nomi dei campioni che animeranno la settima edizione della spettacolare gara di fondo nell\u2019anello cittadino di circa [&hellip;]","og_url":"https:\/\/www.bellunopress.it\/fr\/2011\/12\/30\/7mo-team-sprint-sportful-ecco-la-prima-rosa-di-campioni\/","og_site_name":"Bellunopress - Dolomiti","article_publisher":"https:\/\/www.facebook.com\/profile.php?id=100008943462799","article_published_time":"2011-12-30T14:01:37+00:00","article_modified_time":"2011-12-30T20:53:42+00:00","og_image":[{"url":"http:\/\/www.bellunopress.it\/wp-content\/uploads\/2011\/12\/sportful-.jpg","type":"","width":"","height":""}],"author":"redazione","twitter_card":"summary_large_image","twitter_creator":"@bellunopress","twitter_site":"@bellunopress","twitter_misc":{"\u00c9crit par":"redazione","Dur\u00e9e de lecture estim\u00e9e":"2 minutes"},"schema":{"@context":"https:\/\/schema.org","@graph":[{"@type":"Article","@id":"https:\/\/www.bellunopress.it\/2011\/12\/30\/7mo-team-sprint-sportful-ecco-la-prima-rosa-di-campioni\/#article","isPartOf":{"@id":"https:\/\/www.bellunopress.it\/2011\/12\/30\/7mo-team-sprint-sportful-ecco-la-prima-rosa-di-campioni\/"},"author":{"name":"redazione","@id":"https:\/\/www.bellunopress.it\/#\/schema\/person\/79bb06722b37ece1c03d3e94beb30d73"},"headline":"7mo Team Sprint Sportful: ecco la prima rosa di campioni","datePublished":"2011-12-30T14:01:37+00:00","dateModified":"2011-12-30T20:53:42+00:00","mainEntityOfPage":{"@id":"https:\/\/www.bellunopress.it\/2011\/12\/30\/7mo-team-sprint-sportful-ecco-la-prima-rosa-di-campioni\/"},"wordCount":343,"publisher":{"@id":"https:\/\/www.bellunopress.it\/#organization"},"image":{"@id":"https:\/\/www.bellunopress.it\/2011\/12\/30\/7mo-team-sprint-sportful-ecco-la-prima-rosa-di-campioni\/#primaryimage"},"thumbnailUrl":"http:\/\/www.bellunopress.it\/wp-content\/uploads\/2011\/12\/sportful-.jpg","articleSection":["Prima Pagina","Sport, tempo libero"],"inLanguage":"fr-FR"},{"@type":"WebPage","@id":"https:\/\/www.bellunopress.it\/2011\/12\/30\/7mo-team-sprint-sportful-ecco-la-prima-rosa-di-campioni\/","url":"https:\/\/www.bellunopress.it\/2011\/12\/30\/7mo-team-sprint-sportful-ecco-la-prima-rosa-di-campioni\/","name":"7mo Team Sprint Sportful: ecco la prima rosa di campioni - Bellunopress - Dolomiti","isPartOf":{"@id":"https:\/\/www.bellunopress.it\/#website"},"primaryImageOfPage":{"@id":"https:\/\/www.bellunopress.it\/2011\/12\/30\/7mo-team-sprint-sportful-ecco-la-prima-rosa-di-campioni\/#primaryimage"},"image":{"@id":"https:\/\/www.bellunopress.it\/2011\/12\/30\/7mo-team-sprint-sportful-ecco-la-prima-rosa-di-campioni\/#primaryimage"},"thumbnailUrl":"http:\/\/www.bellunopress.it\/wp-content\/uploads\/2011\/12\/sportful-.jpg","datePublished":"2011-12-30T14:01:37+00:00","dateModified":"2011-12-30T20:53:42+00:00","breadcrumb":{"@id":"https:\/\/www.bellunopress.it\/2011\/12\/30\/7mo-team-sprint-sportful-ecco-la-prima-rosa-di-campioni\/#breadcrumb"},"inLanguage":"fr-FR","potentialAction":[{"@type":"ReadAction","target":["https:\/\/www.bellunopress.it\/2011\/12\/30\/7mo-team-sprint-sportful-ecco-la-prima-rosa-di-campioni\/"]}]},{"@type":"ImageObject","inLanguage":"fr-FR","@id":"https:\/\/www.bellunopress.it\/2011\/12\/30\/7mo-team-sprint-sportful-ecco-la-prima-rosa-di-campioni\/#primaryimage","url":"http:\/\/www.bellunopress.it\/wp-content\/uploads\/2011\/12\/sportful-.jpg","contentUrl":"http:\/\/www.bellunopress.it\/wp-content\/uploads\/2011\/12\/sportful-.jpg"},{"@type":"BreadcrumbList","@id":"https:\/\/www.bellunopress.it\/2011\/12\/30\/7mo-team-sprint-sportful-ecco-la-prima-rosa-di-campioni\/#breadcrumb","itemListElement":[{"@type":"ListItem","position":1,"name":"Home","item":"https:\/\/www.bellunopress.it\/"},{"@type":"ListItem","position":2,"name":"7mo Team Sprint Sportful: ecco la prima rosa di campioni"}]},{"@type":"WebSite","@id":"https:\/\/www.bellunopress.it\/#website","url":"https:\/\/www.bellunopress.it\/","name":"Bellunopress - Dolomiti","description":"e-mail: redazione@bellunopress.it","publisher":{"@id":"https:\/\/www.bellunopress.it\/#organization"},"potentialAction":[{"@type":"SearchAction","target":{"@type":"EntryPoint","urlTemplate":"https:\/\/www.bellunopress.it\/?s={search_term_string}"},"query-input":{"@type":"PropertyValueSpecification","valueRequired":true,"valueName":"search_term_string"}}],"inLanguage":"fr-FR"},{"@type":"Organization","@id":"https:\/\/www.bellunopress.it\/#organization","name":"Bellunopress","url":"https:\/\/www.bellunopress.it\/","logo":{"@type":"ImageObject","inLanguage":"fr-FR","@id":"https:\/\/www.bellunopress.it\/#\/schema\/logo\/image\/","url":"https:\/\/www.bellunopress.it\/wp-content\/uploads\/2011\/05\/cropped-logo-bellunopress-.jpg","contentUrl":"https:\/\/www.bellunopress.it\/wp-content\/uploads\/2011\/05\/cropped-logo-bellunopress-.jpg","width":512,"height":512,"caption":"Bellunopress"},"image":{"@id":"https:\/\/www.bellunopress.it\/#\/schema\/logo\/image\/"},"sameAs":["https:\/\/www.facebook.com\/profile.php?id=100008943462799","https:\/\/x.com\/bellunopress","https:\/\/www.linkedin.com\/hp\/?dnr=JBzUWaJfMUw8vbXJJ2tVW5-I3jZKvC4wsoxE&amp;amp;amp;amp;amp;amp;trk=nav_responsive_tab_home","https:\/\/www.youtube.com\/channel\/UCxL0wu1uN0_3_7hGG0306cw"]},{"@type":"Person","@id":"https:\/\/www.bellunopress.it\/#\/schema\/person\/79bb06722b37ece1c03d3e94beb30d73","name":"r\u00e9daction","image":{"@type":"ImageObject","inLanguage":"fr-FR","@id":"https:\/\/secure.gravatar.com\/avatar\/37d968a2e67a6fd04c169c4bdef102d0bc5d31b2546345219e348575eb80e9a0?s=96&d=mm&r=g","url":"https:\/\/secure.gravatar.com\/avatar\/37d968a2e67a6fd04c169c4bdef102d0bc5d31b2546345219e348575eb80e9a0?s=96&d=mm&r=g","contentUrl":"https:\/\/secure.gravatar.com\/avatar\/37d968a2e67a6fd04c169c4bdef102d0bc5d31b2546345219e348575eb80e9a0?s=96&d=mm&r=g","caption":"redazione"},"sameAs":["http:\/\/www.bellunopress.it","https:\/\/x.com\/bellunopress"],"url":"https:\/\/www.bellunopress.it\/fr\/author\/redazione\/"}]}},"_links":{"self":[{"href":"https:\/\/www.bellunopress.it\/fr\/wp-json\/wp\/v2\/posts\/33793","targetHints":{"allow":["GET"]}}],"collection":[{"href":"https:\/\/www.bellunopress.it\/fr\/wp-json\/wp\/v2\/posts"}],"about":[{"href":"https:\/\/www.bellunopress.it\/fr\/wp-json\/wp\/v2\/types\/post"}],"author":[{"embeddable":true,"href":"https:\/\/www.bellunopress.it\/fr\/wp-json\/wp\/v2\/users\/2"}],"replies":[{"embeddable":true,"href":"https:\/\/www.bellunopress.it\/fr\/wp-json\/wp\/v2\/comments?post=33793"}],"version-history":[{"count":2,"href":"https:\/\/www.bellunopress.it\/fr\/wp-json\/wp\/v2\/posts\/33793\/revisions"}],"predecessor-version":[{"id":33796,"href":"https:\/\/www.bellunopress.it\/fr\/wp-json\/wp\/v2\/posts\/33793\/revisions\/33796"}],"wp:attachment":[{"href":"https:\/\/www.bellunopress.it\/fr\/wp-json\/wp\/v2\/media?parent=33793"}],"wp:term":[{"taxonomy":"category","embeddable":true,"href":"https:\/\/www.bellunopress.it\/fr\/wp-json\/wp\/v2\/categories?post=33793"},{"taxonomy":"post_tag","embeddable":true,"href":"https:\/\/www.bellunopress.it\/fr\/wp-json\/wp\/v2\/tags?post=33793"}],"curies":[{"name":"wp","href":"https:\/\/api.w.org\/{rel}","templated":true}]}}