{"id":33791,"date":"2011-12-30T15:43:02","date_gmt":"2011-12-30T14:43:02","guid":{"rendered":"http:\/\/www.bellunopress.it\/?p=33791"},"modified":"2011-12-30T21:44:44","modified_gmt":"2011-12-30T20:44:44","slug":"esperto-di-sicurezza-sui-luoghi-di-lavoro-a-gennaio-via-ai-corsi","status":"publish","type":"post","link":"https:\/\/www.bellunopress.it\/fr\/2011\/12\/30\/esperto-di-sicurezza-sui-luoghi-di-lavoro-a-gennaio-via-ai-corsi\/","title":{"rendered":"Esperto di sicurezza sui luoghi di lavoro. A gennaio via ai corsi"},"content":{"rendered":"<p><a href=\"http:\/\/www.bellunopress.it\/wp-content\/uploads\/2010\/05\/lavoro.jpg\"><img loading=\"lazy\" decoding=\"async\" class=\"alignleft size-full wp-image-15655\" title=\"lavoro\" src=\"http:\/\/www.bellunopress.it\/wp-content\/uploads\/2010\/05\/lavoro.jpg\" alt=\"\" width=\"140\" height=\"112\" \/><\/a>Prender\u00e0 il via a met\u00e0 gennaio, con il finanziamento di Formatemp e la gestione tecnica di StudiAssociati il corso di formazione gratuito per la creazione della figura professionale di Esperto di sicurezza sui luoghi di lavoro.<\/p>\n<p>Il profilo \u00e8 destinato ad operare\u00a0 nel campo delle aziende come esperto di tutti i comparti della sicurezza del lavoro e a fornire consulenze adeguate al contesto organizzativo, oltre che ad assolvere i compiti previsti dall&#8217;attuale normativa (T.U. sulla Sicurezza sui luoghi di lavoro &#8211; D.Lgs 81\/08).<\/p>\n<p>Si tratta di una figura che diventer\u00e0 particolarmente richiesta se non indispensabile per le aziende in previsione della nuova normativa sulla sicurezza che entrer\u00e0 in vigore da giugno 2012. \u00a0 I partecipanti, al termine del corso della durata di 120 ore, potranno sostenere l&#8217;esame di 1\u00b0 livello di R.S.P.P. conseguendo la relativa qualifica e l&#8217;attestato corrispondendo i diritti di euro 15. \u00a0 Per informazioni sul programma e per iscrizioni tel. 0437-380239 \u2013 e-mail: <a href=\"mailto:formazione@studi-associati.info\">formazione@studi-associati.info<\/a><\/p>","protected":false},"excerpt":{"rendered":"<p>Prender\u00e0 il via a met\u00e0 gennaio, con il finanziamento di Formatemp e la gestione tecnica di StudiAssociati il corso di formazione gratuito per la creazione della figura professionale di Esperto di sicurezza sui luoghi di lavoro. Il profilo \u00e8 destinato ad operare\u00a0 nel campo delle aziende come esperto di tutti i comparti della sicurezza del [&hellip;]<\/p>\n","protected":false},"author":2,"featured_media":0,"comment_status":"closed","ping_status":"open","sticky":false,"template":"","format":"standard","meta":{"footnotes":""},"categories":[36,26],"tags":[],"class_list":["post-33791","post","type-post","status-publish","format-standard","category-lavoro-economia","category-prima-pagina"],"yoast_head":"<!-- This site is optimized with the Yoast SEO plugin v28.4 - https:\/\/yoast.com\/product\/yoast-seo-wordpress\/ -->\n<title>Esperto di sicurezza sui luoghi di lavoro. A gennaio via ai corsi  - Bellunopress - Dolomiti<\/title>\n<meta name=\"robots\" content=\"index, follow, max-snippet:-1, max-image-preview:large, max-video-preview:-1\" \/>\n<link rel=\"canonical\" href=\"https:\/\/www.bellunopress.it\/fr\/2011\/12\/30\/esperto-di-sicurezza-sui-luoghi-di-lavoro-a-gennaio-via-ai-corsi\/\" \/>\n<meta property=\"og:locale\" content=\"fr_FR\" \/>\n<meta property=\"og:type\" content=\"article\" \/>\n<meta property=\"og:title\" content=\"Esperto di sicurezza sui luoghi di lavoro. A gennaio via ai corsi  - Bellunopress - Dolomiti\" \/>\n<meta property=\"og:description\" content=\"Prender\u00e0 il via a met\u00e0 gennaio, con il finanziamento di Formatemp e la gestione tecnica di StudiAssociati il corso di formazione gratuito per la creazione della figura professionale di Esperto di sicurezza sui luoghi di lavoro. Il profilo \u00e8 destinato ad operare\u00a0 nel campo delle aziende come esperto di tutti i comparti della sicurezza del [&hellip;]\" \/>\n<meta property=\"og:url\" content=\"https:\/\/www.bellunopress.it\/fr\/2011\/12\/30\/esperto-di-sicurezza-sui-luoghi-di-lavoro-a-gennaio-via-ai-corsi\/\" \/>\n<meta property=\"og:site_name\" content=\"Bellunopress - Dolomiti\" \/>\n<meta property=\"article:publisher\" content=\"https:\/\/www.facebook.com\/profile.php?id=100008943462799\" \/>\n<meta property=\"article:published_time\" content=\"2011-12-30T14:43:02+00:00\" \/>\n<meta property=\"article:modified_time\" content=\"2011-12-30T20:44:44+00:00\" \/>\n<meta property=\"og:image\" content=\"http:\/\/www.bellunopress.it\/wp-content\/uploads\/2010\/05\/lavoro.jpg\" \/>\n<meta name=\"author\" content=\"redazione\" \/>\n<meta name=\"twitter:card\" content=\"summary_large_image\" \/>\n<meta name=\"twitter:creator\" content=\"@bellunopress\" \/>\n<meta name=\"twitter:site\" content=\"@bellunopress\" \/>\n<meta name=\"twitter:label1\" content=\"\u00c9crit par\" \/>\n\t<meta name=\"twitter:data1\" content=\"redazione\" \/>\n\t<meta name=\"twitter:label2\" content=\"Dur\u00e9e de lecture estim\u00e9e\" \/>\n\t<meta name=\"twitter:data2\" content=\"1 minute\" \/>\n<script type=\"application\/ld+json\" class=\"yoast-schema-graph\">{\"@context\":\"https:\\\/\\\/schema.org\",\"@graph\":[{\"@type\":\"Article\",\"@id\":\"https:\\\/\\\/www.bellunopress.it\\\/2011\\\/12\\\/30\\\/esperto-di-sicurezza-sui-luoghi-di-lavoro-a-gennaio-via-ai-corsi\\\/#article\",\"isPartOf\":{\"@id\":\"https:\\\/\\\/www.bellunopress.it\\\/2011\\\/12\\\/30\\\/esperto-di-sicurezza-sui-luoghi-di-lavoro-a-gennaio-via-ai-corsi\\\/\"},\"author\":{\"name\":\"redazione\",\"@id\":\"https:\\\/\\\/www.bellunopress.it\\\/#\\\/schema\\\/person\\\/79bb06722b37ece1c03d3e94beb30d73\"},\"headline\":\"Esperto di sicurezza sui luoghi di lavoro. A gennaio via ai corsi\",\"datePublished\":\"2011-12-30T14:43:02+00:00\",\"dateModified\":\"2011-12-30T20:44:44+00:00\",\"mainEntityOfPage\":{\"@id\":\"https:\\\/\\\/www.bellunopress.it\\\/2011\\\/12\\\/30\\\/esperto-di-sicurezza-sui-luoghi-di-lavoro-a-gennaio-via-ai-corsi\\\/\"},\"wordCount\":170,\"publisher\":{\"@id\":\"https:\\\/\\\/www.bellunopress.it\\\/#organization\"},\"image\":{\"@id\":\"https:\\\/\\\/www.bellunopress.it\\\/2011\\\/12\\\/30\\\/esperto-di-sicurezza-sui-luoghi-di-lavoro-a-gennaio-via-ai-corsi\\\/#primaryimage\"},\"thumbnailUrl\":\"http:\\\/\\\/www.bellunopress.it\\\/wp-content\\\/uploads\\\/2010\\\/05\\\/lavoro.jpg\",\"articleSection\":[\"Lavoro, Economia, Turismo\",\"Prima Pagina\"],\"inLanguage\":\"fr-FR\"},{\"@type\":\"WebPage\",\"@id\":\"https:\\\/\\\/www.bellunopress.it\\\/2011\\\/12\\\/30\\\/esperto-di-sicurezza-sui-luoghi-di-lavoro-a-gennaio-via-ai-corsi\\\/\",\"url\":\"https:\\\/\\\/www.bellunopress.it\\\/2011\\\/12\\\/30\\\/esperto-di-sicurezza-sui-luoghi-di-lavoro-a-gennaio-via-ai-corsi\\\/\",\"name\":\"Esperto di sicurezza sui luoghi di lavoro. A gennaio via ai corsi - Bellunopress - Dolomiti\",\"isPartOf\":{\"@id\":\"https:\\\/\\\/www.bellunopress.it\\\/#website\"},\"primaryImageOfPage\":{\"@id\":\"https:\\\/\\\/www.bellunopress.it\\\/2011\\\/12\\\/30\\\/esperto-di-sicurezza-sui-luoghi-di-lavoro-a-gennaio-via-ai-corsi\\\/#primaryimage\"},\"image\":{\"@id\":\"https:\\\/\\\/www.bellunopress.it\\\/2011\\\/12\\\/30\\\/esperto-di-sicurezza-sui-luoghi-di-lavoro-a-gennaio-via-ai-corsi\\\/#primaryimage\"},\"thumbnailUrl\":\"http:\\\/\\\/www.bellunopress.it\\\/wp-content\\\/uploads\\\/2010\\\/05\\\/lavoro.jpg\",\"datePublished\":\"2011-12-30T14:43:02+00:00\",\"dateModified\":\"2011-12-30T20:44:44+00:00\",\"breadcrumb\":{\"@id\":\"https:\\\/\\\/www.bellunopress.it\\\/2011\\\/12\\\/30\\\/esperto-di-sicurezza-sui-luoghi-di-lavoro-a-gennaio-via-ai-corsi\\\/#breadcrumb\"},\"inLanguage\":\"fr-FR\",\"potentialAction\":[{\"@type\":\"ReadAction\",\"target\":[\"https:\\\/\\\/www.bellunopress.it\\\/2011\\\/12\\\/30\\\/esperto-di-sicurezza-sui-luoghi-di-lavoro-a-gennaio-via-ai-corsi\\\/\"]}]},{\"@type\":\"ImageObject\",\"inLanguage\":\"fr-FR\",\"@id\":\"https:\\\/\\\/www.bellunopress.it\\\/2011\\\/12\\\/30\\\/esperto-di-sicurezza-sui-luoghi-di-lavoro-a-gennaio-via-ai-corsi\\\/#primaryimage\",\"url\":\"http:\\\/\\\/www.bellunopress.it\\\/wp-content\\\/uploads\\\/2010\\\/05\\\/lavoro.jpg\",\"contentUrl\":\"http:\\\/\\\/www.bellunopress.it\\\/wp-content\\\/uploads\\\/2010\\\/05\\\/lavoro.jpg\"},{\"@type\":\"BreadcrumbList\",\"@id\":\"https:\\\/\\\/www.bellunopress.it\\\/2011\\\/12\\\/30\\\/esperto-di-sicurezza-sui-luoghi-di-lavoro-a-gennaio-via-ai-corsi\\\/#breadcrumb\",\"itemListElement\":[{\"@type\":\"ListItem\",\"position\":1,\"name\":\"Home\",\"item\":\"https:\\\/\\\/www.bellunopress.it\\\/\"},{\"@type\":\"ListItem\",\"position\":2,\"name\":\"Esperto di sicurezza sui luoghi di lavoro. A gennaio via ai corsi\"}]},{\"@type\":\"WebSite\",\"@id\":\"https:\\\/\\\/www.bellunopress.it\\\/#website\",\"url\":\"https:\\\/\\\/www.bellunopress.it\\\/\",\"name\":\"Bellunopress - Dolomiti\",\"description\":\"e-mail: redazione@bellunopress.it\",\"publisher\":{\"@id\":\"https:\\\/\\\/www.bellunopress.it\\\/#organization\"},\"potentialAction\":[{\"@type\":\"SearchAction\",\"target\":{\"@type\":\"EntryPoint\",\"urlTemplate\":\"https:\\\/\\\/www.bellunopress.it\\\/?s={search_term_string}\"},\"query-input\":{\"@type\":\"PropertyValueSpecification\",\"valueRequired\":true,\"valueName\":\"search_term_string\"}}],\"inLanguage\":\"fr-FR\"},{\"@type\":\"Organization\",\"@id\":\"https:\\\/\\\/www.bellunopress.it\\\/#organization\",\"name\":\"Bellunopress\",\"url\":\"https:\\\/\\\/www.bellunopress.it\\\/\",\"logo\":{\"@type\":\"ImageObject\",\"inLanguage\":\"fr-FR\",\"@id\":\"https:\\\/\\\/www.bellunopress.it\\\/#\\\/schema\\\/logo\\\/image\\\/\",\"url\":\"https:\\\/\\\/www.bellunopress.it\\\/wp-content\\\/uploads\\\/2011\\\/05\\\/cropped-logo-bellunopress-.jpg\",\"contentUrl\":\"https:\\\/\\\/www.bellunopress.it\\\/wp-content\\\/uploads\\\/2011\\\/05\\\/cropped-logo-bellunopress-.jpg\",\"width\":512,\"height\":512,\"caption\":\"Bellunopress\"},\"image\":{\"@id\":\"https:\\\/\\\/www.bellunopress.it\\\/#\\\/schema\\\/logo\\\/image\\\/\"},\"sameAs\":[\"https:\\\/\\\/www.facebook.com\\\/profile.php?id=100008943462799\",\"https:\\\/\\\/x.com\\\/bellunopress\",\"https:\\\/\\\/www.linkedin.com\\\/hp\\\/?dnr=JBzUWaJfMUw8vbXJJ2tVW5-I3jZKvC4wsoxE&amp;amp;amp;amp;amp;amp;trk=nav_responsive_tab_home\",\"https:\\\/\\\/www.youtube.com\\\/channel\\\/UCxL0wu1uN0_3_7hGG0306cw\"]},{\"@type\":\"Person\",\"@id\":\"https:\\\/\\\/www.bellunopress.it\\\/#\\\/schema\\\/person\\\/79bb06722b37ece1c03d3e94beb30d73\",\"name\":\"redazione\",\"image\":{\"@type\":\"ImageObject\",\"inLanguage\":\"fr-FR\",\"@id\":\"https:\\\/\\\/secure.gravatar.com\\\/avatar\\\/37d968a2e67a6fd04c169c4bdef102d0bc5d31b2546345219e348575eb80e9a0?s=96&d=mm&r=g\",\"url\":\"https:\\\/\\\/secure.gravatar.com\\\/avatar\\\/37d968a2e67a6fd04c169c4bdef102d0bc5d31b2546345219e348575eb80e9a0?s=96&d=mm&r=g\",\"contentUrl\":\"https:\\\/\\\/secure.gravatar.com\\\/avatar\\\/37d968a2e67a6fd04c169c4bdef102d0bc5d31b2546345219e348575eb80e9a0?s=96&d=mm&r=g\",\"caption\":\"redazione\"},\"sameAs\":[\"http:\\\/\\\/www.bellunopress.it\",\"https:\\\/\\\/x.com\\\/bellunopress\"],\"url\":\"https:\\\/\\\/www.bellunopress.it\\\/fr\\\/author\\\/redazione\\\/\"}]}<\/script>\n<!-- \/ Yoast SEO plugin. -->","yoast_head_json":{"title":"Esperto di sicurezza sui luoghi di lavoro. A gennaio via ai corsi  - Bellunopress - Dolomiti","robots":{"index":"index","follow":"follow","max-snippet":"max-snippet:-1","max-image-preview":"max-image-preview:large","max-video-preview":"max-video-preview:-1"},"canonical":"https:\/\/www.bellunopress.it\/fr\/2011\/12\/30\/esperto-di-sicurezza-sui-luoghi-di-lavoro-a-gennaio-via-ai-corsi\/","og_locale":"fr_FR","og_type":"article","og_title":"Esperto di sicurezza sui luoghi di lavoro. A gennaio via ai corsi  - Bellunopress - Dolomiti","og_description":"Prender\u00e0 il via a met\u00e0 gennaio, con il finanziamento di Formatemp e la gestione tecnica di StudiAssociati il corso di formazione gratuito per la creazione della figura professionale di Esperto di sicurezza sui luoghi di lavoro. Il profilo \u00e8 destinato ad operare\u00a0 nel campo delle aziende come esperto di tutti i comparti della sicurezza del [&hellip;]","og_url":"https:\/\/www.bellunopress.it\/fr\/2011\/12\/30\/esperto-di-sicurezza-sui-luoghi-di-lavoro-a-gennaio-via-ai-corsi\/","og_site_name":"Bellunopress - Dolomiti","article_publisher":"https:\/\/www.facebook.com\/profile.php?id=100008943462799","article_published_time":"2011-12-30T14:43:02+00:00","article_modified_time":"2011-12-30T20:44:44+00:00","og_image":[{"url":"http:\/\/www.bellunopress.it\/wp-content\/uploads\/2010\/05\/lavoro.jpg","type":"","width":"","height":""}],"author":"redazione","twitter_card":"summary_large_image","twitter_creator":"@bellunopress","twitter_site":"@bellunopress","twitter_misc":{"\u00c9crit par":"redazione","Dur\u00e9e de lecture estim\u00e9e":"1 minute"},"schema":{"@context":"https:\/\/schema.org","@graph":[{"@type":"Article","@id":"https:\/\/www.bellunopress.it\/2011\/12\/30\/esperto-di-sicurezza-sui-luoghi-di-lavoro-a-gennaio-via-ai-corsi\/#article","isPartOf":{"@id":"https:\/\/www.bellunopress.it\/2011\/12\/30\/esperto-di-sicurezza-sui-luoghi-di-lavoro-a-gennaio-via-ai-corsi\/"},"author":{"name":"redazione","@id":"https:\/\/www.bellunopress.it\/#\/schema\/person\/79bb06722b37ece1c03d3e94beb30d73"},"headline":"Esperto di sicurezza sui luoghi di lavoro. A gennaio via ai corsi","datePublished":"2011-12-30T14:43:02+00:00","dateModified":"2011-12-30T20:44:44+00:00","mainEntityOfPage":{"@id":"https:\/\/www.bellunopress.it\/2011\/12\/30\/esperto-di-sicurezza-sui-luoghi-di-lavoro-a-gennaio-via-ai-corsi\/"},"wordCount":170,"publisher":{"@id":"https:\/\/www.bellunopress.it\/#organization"},"image":{"@id":"https:\/\/www.bellunopress.it\/2011\/12\/30\/esperto-di-sicurezza-sui-luoghi-di-lavoro-a-gennaio-via-ai-corsi\/#primaryimage"},"thumbnailUrl":"http:\/\/www.bellunopress.it\/wp-content\/uploads\/2010\/05\/lavoro.jpg","articleSection":["Lavoro, Economia, Turismo","Prima Pagina"],"inLanguage":"fr-FR"},{"@type":"WebPage","@id":"https:\/\/www.bellunopress.it\/2011\/12\/30\/esperto-di-sicurezza-sui-luoghi-di-lavoro-a-gennaio-via-ai-corsi\/","url":"https:\/\/www.bellunopress.it\/2011\/12\/30\/esperto-di-sicurezza-sui-luoghi-di-lavoro-a-gennaio-via-ai-corsi\/","name":"Esperto di sicurezza sui luoghi di lavoro. A gennaio via ai corsi - Bellunopress - Dolomiti","isPartOf":{"@id":"https:\/\/www.bellunopress.it\/#website"},"primaryImageOfPage":{"@id":"https:\/\/www.bellunopress.it\/2011\/12\/30\/esperto-di-sicurezza-sui-luoghi-di-lavoro-a-gennaio-via-ai-corsi\/#primaryimage"},"image":{"@id":"https:\/\/www.bellunopress.it\/2011\/12\/30\/esperto-di-sicurezza-sui-luoghi-di-lavoro-a-gennaio-via-ai-corsi\/#primaryimage"},"thumbnailUrl":"http:\/\/www.bellunopress.it\/wp-content\/uploads\/2010\/05\/lavoro.jpg","datePublished":"2011-12-30T14:43:02+00:00","dateModified":"2011-12-30T20:44:44+00:00","breadcrumb":{"@id":"https:\/\/www.bellunopress.it\/2011\/12\/30\/esperto-di-sicurezza-sui-luoghi-di-lavoro-a-gennaio-via-ai-corsi\/#breadcrumb"},"inLanguage":"fr-FR","potentialAction":[{"@type":"ReadAction","target":["https:\/\/www.bellunopress.it\/2011\/12\/30\/esperto-di-sicurezza-sui-luoghi-di-lavoro-a-gennaio-via-ai-corsi\/"]}]},{"@type":"ImageObject","inLanguage":"fr-FR","@id":"https:\/\/www.bellunopress.it\/2011\/12\/30\/esperto-di-sicurezza-sui-luoghi-di-lavoro-a-gennaio-via-ai-corsi\/#primaryimage","url":"http:\/\/www.bellunopress.it\/wp-content\/uploads\/2010\/05\/lavoro.jpg","contentUrl":"http:\/\/www.bellunopress.it\/wp-content\/uploads\/2010\/05\/lavoro.jpg"},{"@type":"BreadcrumbList","@id":"https:\/\/www.bellunopress.it\/2011\/12\/30\/esperto-di-sicurezza-sui-luoghi-di-lavoro-a-gennaio-via-ai-corsi\/#breadcrumb","itemListElement":[{"@type":"ListItem","position":1,"name":"Home","item":"https:\/\/www.bellunopress.it\/"},{"@type":"ListItem","position":2,"name":"Esperto di sicurezza sui luoghi di lavoro. A gennaio via ai corsi"}]},{"@type":"WebSite","@id":"https:\/\/www.bellunopress.it\/#website","url":"https:\/\/www.bellunopress.it\/","name":"Bellunopress - Dolomiti","description":"e-mail: redazione@bellunopress.it","publisher":{"@id":"https:\/\/www.bellunopress.it\/#organization"},"potentialAction":[{"@type":"SearchAction","target":{"@type":"EntryPoint","urlTemplate":"https:\/\/www.bellunopress.it\/?s={search_term_string}"},"query-input":{"@type":"PropertyValueSpecification","valueRequired":true,"valueName":"search_term_string"}}],"inLanguage":"fr-FR"},{"@type":"Organization","@id":"https:\/\/www.bellunopress.it\/#organization","name":"Bellunopress","url":"https:\/\/www.bellunopress.it\/","logo":{"@type":"ImageObject","inLanguage":"fr-FR","@id":"https:\/\/www.bellunopress.it\/#\/schema\/logo\/image\/","url":"https:\/\/www.bellunopress.it\/wp-content\/uploads\/2011\/05\/cropped-logo-bellunopress-.jpg","contentUrl":"https:\/\/www.bellunopress.it\/wp-content\/uploads\/2011\/05\/cropped-logo-bellunopress-.jpg","width":512,"height":512,"caption":"Bellunopress"},"image":{"@id":"https:\/\/www.bellunopress.it\/#\/schema\/logo\/image\/"},"sameAs":["https:\/\/www.facebook.com\/profile.php?id=100008943462799","https:\/\/x.com\/bellunopress","https:\/\/www.linkedin.com\/hp\/?dnr=JBzUWaJfMUw8vbXJJ2tVW5-I3jZKvC4wsoxE&amp;amp;amp;amp;amp;amp;trk=nav_responsive_tab_home","https:\/\/www.youtube.com\/channel\/UCxL0wu1uN0_3_7hGG0306cw"]},{"@type":"Person","@id":"https:\/\/www.bellunopress.it\/#\/schema\/person\/79bb06722b37ece1c03d3e94beb30d73","name":"r\u00e9daction","image":{"@type":"ImageObject","inLanguage":"fr-FR","@id":"https:\/\/secure.gravatar.com\/avatar\/37d968a2e67a6fd04c169c4bdef102d0bc5d31b2546345219e348575eb80e9a0?s=96&d=mm&r=g","url":"https:\/\/secure.gravatar.com\/avatar\/37d968a2e67a6fd04c169c4bdef102d0bc5d31b2546345219e348575eb80e9a0?s=96&d=mm&r=g","contentUrl":"https:\/\/secure.gravatar.com\/avatar\/37d968a2e67a6fd04c169c4bdef102d0bc5d31b2546345219e348575eb80e9a0?s=96&d=mm&r=g","caption":"redazione"},"sameAs":["http:\/\/www.bellunopress.it","https:\/\/x.com\/bellunopress"],"url":"https:\/\/www.bellunopress.it\/fr\/author\/redazione\/"}]}},"_links":{"self":[{"href":"https:\/\/www.bellunopress.it\/fr\/wp-json\/wp\/v2\/posts\/33791","targetHints":{"allow":["GET"]}}],"collection":[{"href":"https:\/\/www.bellunopress.it\/fr\/wp-json\/wp\/v2\/posts"}],"about":[{"href":"https:\/\/www.bellunopress.it\/fr\/wp-json\/wp\/v2\/types\/post"}],"author":[{"embeddable":true,"href":"https:\/\/www.bellunopress.it\/fr\/wp-json\/wp\/v2\/users\/2"}],"replies":[{"embeddable":true,"href":"https:\/\/www.bellunopress.it\/fr\/wp-json\/wp\/v2\/comments?post=33791"}],"version-history":[{"count":1,"href":"https:\/\/www.bellunopress.it\/fr\/wp-json\/wp\/v2\/posts\/33791\/revisions"}],"predecessor-version":[{"id":33792,"href":"https:\/\/www.bellunopress.it\/fr\/wp-json\/wp\/v2\/posts\/33791\/revisions\/33792"}],"wp:attachment":[{"href":"https:\/\/www.bellunopress.it\/fr\/wp-json\/wp\/v2\/media?parent=33791"}],"wp:term":[{"taxonomy":"category","embeddable":true,"href":"https:\/\/www.bellunopress.it\/fr\/wp-json\/wp\/v2\/categories?post=33791"},{"taxonomy":"post_tag","embeddable":true,"href":"https:\/\/www.bellunopress.it\/fr\/wp-json\/wp\/v2\/tags?post=33791"}],"curies":[{"name":"wp","href":"https:\/\/api.w.org\/{rel}","templated":true}]}}