{"id":33768,"date":"2011-12-30T18:06:04","date_gmt":"2011-12-30T17:06:04","guid":{"rendered":"http:\/\/www.bellunopress.it\/?p=33768"},"modified":"2011-12-30T18:07:07","modified_gmt":"2011-12-30T17:07:07","slug":"botti-di-fine-anno-il-consigliere-celeste-balcon-scrive-al-vicesindaco-leonardo-colle-che-replica","status":"publish","type":"post","link":"https:\/\/www.bellunopress.it\/fr\/2011\/12\/30\/botti-di-fine-anno-il-consigliere-celeste-balcon-scrive-al-vicesindaco-leonardo-colle-che-replica\/","title":{"rendered":"Botti di fine anno. Il consigliere Celeste Balcon scrive al vicesindaco Leonardo Colle, che replica"},"content":{"rendered":"<p>&nbsp;<\/p>\n<figure id=\"attachment_419\" aria-describedby=\"caption-attachment-419\" style=\"width: 181px\" class=\"wp-caption alignright\"><a href=\"http:\/\/www.bellunopress.it\/wp-content\/uploads\/2009\/02\/celeste-balcon.jpg\"><img loading=\"lazy\" decoding=\"async\" class=\"size-full wp-image-419\" title=\"celeste-balcon\" src=\"http:\/\/www.bellunopress.it\/wp-content\/uploads\/2009\/02\/celeste-balcon.jpg\" alt=\"\" width=\"181\" height=\"241\" \/><\/a><figcaption id=\"caption-attachment-419\" class=\"wp-caption-text\">Celeste Balcon<\/figcaption><\/figure>\n<p>&#8220;Ci sono degli argomenti di questi tempi dei quali sarebbe opportuno mettere a fuoco la collocazione. Da quanto risulta, almeno sulla carta, Ella dovrebbe essere Assessore al Turismo cosa che la nostra Citt\u00e0 &#8220;porta delle Dolomiti&#8221; dovrebbe\u00a0 coltivare e cullare, ma la Sua presenza non si nota nel settore. La Sua presenza invece emerge con forza e vigore sulla questione Teatri (TIB in particolare) tanto da sembrare essere l&#8217;Assessore alla Cultura. Altro argomento l&#8217;Assessorato all&#8217;Ambiente (rifiuti), come era prevedibile dopo l&#8217;esclusione di realizzare l&#8217;ecocentro della sinistra Piave \u00e8 assodato che non ci sar\u00e0 neanche quello all&#8217;ex Caserma Piave. Un detto di Manzoniana memoria recita &#8220;a pensar male spesso ci s&#8217;azzecca&#8221;\u00a0 cosa puntualmente accaduta. In compenso potremo ritrovarci un ecocentro mobile del quale non \u00e8 ipotizzabile il risultato, ancorch\u00e9 per qualcuno si render\u00e0 utile, l&#8217;unica cosa certa \u00e8 il costo di circa 200mila Euro. Infine il calendario della &#8220;mondezza&#8221; cosa ne pensa? Come mai non l&#8217;ha accompagnato anche Lei con gli auguri agli utenti del servizio? Caro Vice Sindaco Assessore il Patto per Belluno attende risposte.<\/p>\n<p>Per Patto per Belluno Celeste Balcon<\/p>\n<p>&nbsp;<\/p>\n<figure id=\"attachment_680\" aria-describedby=\"caption-attachment-680\" style=\"width: 181px\" class=\"wp-caption alignleft\"><a href=\"http:\/\/www.bellunopress.it\/wp-content\/uploads\/2009\/02\/leonardo-colle-lega1.jpg\"><img loading=\"lazy\" decoding=\"async\" class=\"size-full wp-image-680\" title=\"leonardo-colle-lega1\" src=\"http:\/\/www.bellunopress.it\/wp-content\/uploads\/2009\/02\/leonardo-colle-lega1.jpg\" alt=\"\" width=\"181\" height=\"256\" \/><\/a><figcaption id=\"caption-attachment-680\" class=\"wp-caption-text\">Leonardo Colle<\/figcaption><\/figure>\n<p>&#8220;Il Consigliere Comunale Celeste Balcon vuol sapere per quale motivo non ho firmato gli auguri natalizi natalizi che accompagnano l&#8217;ecocalendario della Bellunum. Fa prima a chiederlo al Sindaco ed al suo portavoce, ideatori in solitaria ed a mia insaputa dell&#8217;iniziativa: mi avessero chiesto cosa ne pensavo, avrei sicuramente espresso il desiderio di dirottare il denaro dei miei concittadini sulla tariffa o su una campagna si mediatica, ma finalizzata alla sensibilizzazione dell&#8217;utenza meno diligente (vera spina nel fianco della Bellunum e della citt\u00e0). Comunque ubi maior minor cessat. \u00a0 Per la questione degli auguri natalizi ho gi\u00e0 assolto il mio dovere nei confronti delle famiglie bellunesi (grazie anche all&#8217;ottimo lavoro della Bellunum) mettendo sotto l&#8217;albero lo sconto tariffario del 9%: a Pasqua conto di inviare gli auguri di rito con un altro sconto del 9%. Forse gli utenti gradiscono questa ruvida concretezza pi\u00f9 dei classici bigliettini. \u00a0 Nel complesso comunque la scelta del Sindaco e del suo efficiente entourage di ricorrere alla Bellunum anzich\u00e9 alla Fondazione Teatri o alla Nis per stampare e spedire gli auguri attesta la granitica solidit\u00e0 economica della prima (grazie anche alla difesa ad oltranza del suo bilancio attuata quest&#8217;estate dalla Lega). \u00a0 Sull&#8217;opzione per l&#8217;ecocentro mobile al posto di quello fisso suggerisco al Consigliere Balcon di documentarsi prima di criticare: lo strumento, certo innovativo, \u00e8 gi\u00e0 in uso presso altre citt\u00e0, con il vantaggio di creare una sorta di ecocentro &#8220;porta a porta&#8221;, un servizio in pi\u00f9 che l&#8217;utenza mostra di gradire molto e che assieme a Bellunum ho deciso di offrire ai Bellunesi, autofinanziandoci grazie alle ottime economie derivanti dalla condivisione della differenziata spinta. \u00a0 Sulla questione del teatro la risposta \u00e8 semplice semplice. Non si tratta di banalizzare il tutto parlando di invasione di campo, quanto piuttosto di lanciare il progetto della &#8220;Residenza Teatrale&#8221;, valorizzando ci\u00f2 che gi\u00e0 esiste sul territorio. Stiamo parlando delle linee programmatiche del prossimo mandato elettorale, e questo significa avere una progettualit\u00e0 concreta e d&#8217;avanguardia sulla quale confrontarsi con i cittadini e con la Fondazione Cariverona. E&#8217; una cosa profondamente diversa dal fare interrogazioni mediatiche pubblicitarie senza affrontare il passaggio nodale di chi risolver\u00e0 i problemi. \u00a0 Sulle questioni del turismo sai benissimo che a bilancio 2011 c&#8217;erano in tutto ? 10.000,00 per il capoluogo delle Dolomiti e che i soldi sono stati totalmente dirottati sull'&#8221;Accademia Svizzera&#8221;, sul consulente svizzero e sul progetto &#8220;Abitare il Nevegal&#8221;: finalit\u00e0 che tu hai avallato con entusiasmo ed enfasi. Peccato che io abbia visto pi\u00f9 lontano di te, posto che nemmeno quest&#8217;anno inizieranno i corsi accademici in Nevegal. \u00a0 Con l&#8217;occasione un augurio di buon anno ai miei concittadini&#8221;. \u00a0 Leonardo Colle<\/p>\n<p>&nbsp;<\/p>","protected":false},"excerpt":{"rendered":"<p>&nbsp; &#8220;Ci sono degli argomenti di questi tempi dei quali sarebbe opportuno mettere a fuoco la collocazione. Da quanto risulta, almeno sulla carta, Ella dovrebbe essere Assessore al Turismo cosa che la nostra Citt\u00e0 &#8220;porta delle Dolomiti&#8221; dovrebbe\u00a0 coltivare e cullare, ma la Sua presenza non si nota nel settore. La Sua presenza invece emerge [&hellip;]<\/p>\n","protected":false},"author":2,"featured_media":0,"comment_status":"closed","ping_status":"open","sticky":false,"template":"","format":"standard","meta":{"footnotes":""},"categories":[1],"tags":[],"class_list":["post-33768","post","type-post","status-publish","format-standard","category-leo"],"yoast_head":"<!-- This site is optimized with the Yoast SEO plugin v28.4 - https:\/\/yoast.com\/product\/yoast-seo-wordpress\/ -->\n<title>Botti di fine anno. Il consigliere Celeste Balcon scrive al vicesindaco Leonardo Colle, che replica - Bellunopress - Dolomiti<\/title>\n<meta name=\"robots\" content=\"index, follow, max-snippet:-1, max-image-preview:large, max-video-preview:-1\" \/>\n<link rel=\"canonical\" href=\"https:\/\/www.bellunopress.it\/fr\/2011\/12\/30\/botti-di-fine-anno-il-consigliere-celeste-balcon-scrive-al-vicesindaco-leonardo-colle-che-replica\/\" \/>\n<meta property=\"og:locale\" content=\"fr_FR\" \/>\n<meta property=\"og:type\" content=\"article\" \/>\n<meta property=\"og:title\" content=\"Botti di fine anno. Il consigliere Celeste Balcon scrive al vicesindaco Leonardo Colle, che replica - Bellunopress - Dolomiti\" \/>\n<meta property=\"og:description\" content=\"&nbsp; &#8220;Ci sono degli argomenti di questi tempi dei quali sarebbe opportuno mettere a fuoco la collocazione. Da quanto risulta, almeno sulla carta, Ella dovrebbe essere Assessore al Turismo cosa che la nostra Citt\u00e0 &#8220;porta delle Dolomiti&#8221; dovrebbe\u00a0 coltivare e cullare, ma la Sua presenza non si nota nel settore. La Sua presenza invece emerge [&hellip;]\" \/>\n<meta property=\"og:url\" content=\"https:\/\/www.bellunopress.it\/fr\/2011\/12\/30\/botti-di-fine-anno-il-consigliere-celeste-balcon-scrive-al-vicesindaco-leonardo-colle-che-replica\/\" \/>\n<meta property=\"og:site_name\" content=\"Bellunopress - Dolomiti\" \/>\n<meta property=\"article:publisher\" content=\"https:\/\/www.facebook.com\/profile.php?id=100008943462799\" \/>\n<meta property=\"article:published_time\" content=\"2011-12-30T17:06:04+00:00\" \/>\n<meta property=\"article:modified_time\" content=\"2011-12-30T17:07:07+00:00\" \/>\n<meta property=\"og:image\" content=\"http:\/\/www.bellunopress.it\/wp-content\/uploads\/2009\/02\/celeste-balcon.jpg\" \/>\n<meta name=\"author\" content=\"redazione\" \/>\n<meta name=\"twitter:card\" content=\"summary_large_image\" \/>\n<meta name=\"twitter:creator\" content=\"@bellunopress\" \/>\n<meta name=\"twitter:site\" content=\"@bellunopress\" \/>\n<meta name=\"twitter:label1\" content=\"\u00c9crit par\" \/>\n\t<meta name=\"twitter:data1\" content=\"redazione\" \/>\n\t<meta name=\"twitter:label2\" content=\"Dur\u00e9e de lecture estim\u00e9e\" \/>\n\t<meta name=\"twitter:data2\" content=\"3 minutes\" \/>\n<script type=\"application\/ld+json\" class=\"yoast-schema-graph\">{\"@context\":\"https:\\\/\\\/schema.org\",\"@graph\":[{\"@type\":\"Article\",\"@id\":\"https:\\\/\\\/www.bellunopress.it\\\/2011\\\/12\\\/30\\\/botti-di-fine-anno-il-consigliere-celeste-balcon-scrive-al-vicesindaco-leonardo-colle-che-replica\\\/#article\",\"isPartOf\":{\"@id\":\"https:\\\/\\\/www.bellunopress.it\\\/2011\\\/12\\\/30\\\/botti-di-fine-anno-il-consigliere-celeste-balcon-scrive-al-vicesindaco-leonardo-colle-che-replica\\\/\"},\"author\":{\"name\":\"redazione\",\"@id\":\"https:\\\/\\\/www.bellunopress.it\\\/#\\\/schema\\\/person\\\/79bb06722b37ece1c03d3e94beb30d73\"},\"headline\":\"Botti di fine anno. Il consigliere Celeste Balcon scrive al vicesindaco Leonardo Colle, che replica\",\"datePublished\":\"2011-12-30T17:06:04+00:00\",\"dateModified\":\"2011-12-30T17:07:07+00:00\",\"mainEntityOfPage\":{\"@id\":\"https:\\\/\\\/www.bellunopress.it\\\/2011\\\/12\\\/30\\\/botti-di-fine-anno-il-consigliere-celeste-balcon-scrive-al-vicesindaco-leonardo-colle-che-replica\\\/\"},\"wordCount\":663,\"publisher\":{\"@id\":\"https:\\\/\\\/www.bellunopress.it\\\/#organization\"},\"image\":{\"@id\":\"https:\\\/\\\/www.bellunopress.it\\\/2011\\\/12\\\/30\\\/botti-di-fine-anno-il-consigliere-celeste-balcon-scrive-al-vicesindaco-leonardo-colle-che-replica\\\/#primaryimage\"},\"thumbnailUrl\":\"http:\\\/\\\/www.bellunopress.it\\\/wp-content\\\/uploads\\\/2009\\\/02\\\/celeste-balcon.jpg\",\"articleSection\":[\"Lettere Opinioni\"],\"inLanguage\":\"fr-FR\"},{\"@type\":\"WebPage\",\"@id\":\"https:\\\/\\\/www.bellunopress.it\\\/2011\\\/12\\\/30\\\/botti-di-fine-anno-il-consigliere-celeste-balcon-scrive-al-vicesindaco-leonardo-colle-che-replica\\\/\",\"url\":\"https:\\\/\\\/www.bellunopress.it\\\/2011\\\/12\\\/30\\\/botti-di-fine-anno-il-consigliere-celeste-balcon-scrive-al-vicesindaco-leonardo-colle-che-replica\\\/\",\"name\":\"Botti di fine anno. Il consigliere Celeste Balcon scrive al vicesindaco Leonardo Colle, che replica - Bellunopress - Dolomiti\",\"isPartOf\":{\"@id\":\"https:\\\/\\\/www.bellunopress.it\\\/#website\"},\"primaryImageOfPage\":{\"@id\":\"https:\\\/\\\/www.bellunopress.it\\\/2011\\\/12\\\/30\\\/botti-di-fine-anno-il-consigliere-celeste-balcon-scrive-al-vicesindaco-leonardo-colle-che-replica\\\/#primaryimage\"},\"image\":{\"@id\":\"https:\\\/\\\/www.bellunopress.it\\\/2011\\\/12\\\/30\\\/botti-di-fine-anno-il-consigliere-celeste-balcon-scrive-al-vicesindaco-leonardo-colle-che-replica\\\/#primaryimage\"},\"thumbnailUrl\":\"http:\\\/\\\/www.bellunopress.it\\\/wp-content\\\/uploads\\\/2009\\\/02\\\/celeste-balcon.jpg\",\"datePublished\":\"2011-12-30T17:06:04+00:00\",\"dateModified\":\"2011-12-30T17:07:07+00:00\",\"breadcrumb\":{\"@id\":\"https:\\\/\\\/www.bellunopress.it\\\/2011\\\/12\\\/30\\\/botti-di-fine-anno-il-consigliere-celeste-balcon-scrive-al-vicesindaco-leonardo-colle-che-replica\\\/#breadcrumb\"},\"inLanguage\":\"fr-FR\",\"potentialAction\":[{\"@type\":\"ReadAction\",\"target\":[\"https:\\\/\\\/www.bellunopress.it\\\/2011\\\/12\\\/30\\\/botti-di-fine-anno-il-consigliere-celeste-balcon-scrive-al-vicesindaco-leonardo-colle-che-replica\\\/\"]}]},{\"@type\":\"ImageObject\",\"inLanguage\":\"fr-FR\",\"@id\":\"https:\\\/\\\/www.bellunopress.it\\\/2011\\\/12\\\/30\\\/botti-di-fine-anno-il-consigliere-celeste-balcon-scrive-al-vicesindaco-leonardo-colle-che-replica\\\/#primaryimage\",\"url\":\"http:\\\/\\\/www.bellunopress.it\\\/wp-content\\\/uploads\\\/2009\\\/02\\\/celeste-balcon.jpg\",\"contentUrl\":\"http:\\\/\\\/www.bellunopress.it\\\/wp-content\\\/uploads\\\/2009\\\/02\\\/celeste-balcon.jpg\"},{\"@type\":\"BreadcrumbList\",\"@id\":\"https:\\\/\\\/www.bellunopress.it\\\/2011\\\/12\\\/30\\\/botti-di-fine-anno-il-consigliere-celeste-balcon-scrive-al-vicesindaco-leonardo-colle-che-replica\\\/#breadcrumb\",\"itemListElement\":[{\"@type\":\"ListItem\",\"position\":1,\"name\":\"Home\",\"item\":\"https:\\\/\\\/www.bellunopress.it\\\/\"},{\"@type\":\"ListItem\",\"position\":2,\"name\":\"Botti di fine anno. Il consigliere Celeste Balcon scrive al vicesindaco Leonardo Colle, che replica\"}]},{\"@type\":\"WebSite\",\"@id\":\"https:\\\/\\\/www.bellunopress.it\\\/#website\",\"url\":\"https:\\\/\\\/www.bellunopress.it\\\/\",\"name\":\"Bellunopress - Dolomiti\",\"description\":\"e-mail: redazione@bellunopress.it\",\"publisher\":{\"@id\":\"https:\\\/\\\/www.bellunopress.it\\\/#organization\"},\"potentialAction\":[{\"@type\":\"SearchAction\",\"target\":{\"@type\":\"EntryPoint\",\"urlTemplate\":\"https:\\\/\\\/www.bellunopress.it\\\/?s={search_term_string}\"},\"query-input\":{\"@type\":\"PropertyValueSpecification\",\"valueRequired\":true,\"valueName\":\"search_term_string\"}}],\"inLanguage\":\"fr-FR\"},{\"@type\":\"Organization\",\"@id\":\"https:\\\/\\\/www.bellunopress.it\\\/#organization\",\"name\":\"Bellunopress\",\"url\":\"https:\\\/\\\/www.bellunopress.it\\\/\",\"logo\":{\"@type\":\"ImageObject\",\"inLanguage\":\"fr-FR\",\"@id\":\"https:\\\/\\\/www.bellunopress.it\\\/#\\\/schema\\\/logo\\\/image\\\/\",\"url\":\"https:\\\/\\\/www.bellunopress.it\\\/wp-content\\\/uploads\\\/2011\\\/05\\\/cropped-logo-bellunopress-.jpg\",\"contentUrl\":\"https:\\\/\\\/www.bellunopress.it\\\/wp-content\\\/uploads\\\/2011\\\/05\\\/cropped-logo-bellunopress-.jpg\",\"width\":512,\"height\":512,\"caption\":\"Bellunopress\"},\"image\":{\"@id\":\"https:\\\/\\\/www.bellunopress.it\\\/#\\\/schema\\\/logo\\\/image\\\/\"},\"sameAs\":[\"https:\\\/\\\/www.facebook.com\\\/profile.php?id=100008943462799\",\"https:\\\/\\\/x.com\\\/bellunopress\",\"https:\\\/\\\/www.linkedin.com\\\/hp\\\/?dnr=JBzUWaJfMUw8vbXJJ2tVW5-I3jZKvC4wsoxE&amp;amp;amp;amp;amp;amp;trk=nav_responsive_tab_home\",\"https:\\\/\\\/www.youtube.com\\\/channel\\\/UCxL0wu1uN0_3_7hGG0306cw\"]},{\"@type\":\"Person\",\"@id\":\"https:\\\/\\\/www.bellunopress.it\\\/#\\\/schema\\\/person\\\/79bb06722b37ece1c03d3e94beb30d73\",\"name\":\"redazione\",\"image\":{\"@type\":\"ImageObject\",\"inLanguage\":\"fr-FR\",\"@id\":\"https:\\\/\\\/secure.gravatar.com\\\/avatar\\\/37d968a2e67a6fd04c169c4bdef102d0bc5d31b2546345219e348575eb80e9a0?s=96&d=mm&r=g\",\"url\":\"https:\\\/\\\/secure.gravatar.com\\\/avatar\\\/37d968a2e67a6fd04c169c4bdef102d0bc5d31b2546345219e348575eb80e9a0?s=96&d=mm&r=g\",\"contentUrl\":\"https:\\\/\\\/secure.gravatar.com\\\/avatar\\\/37d968a2e67a6fd04c169c4bdef102d0bc5d31b2546345219e348575eb80e9a0?s=96&d=mm&r=g\",\"caption\":\"redazione\"},\"sameAs\":[\"http:\\\/\\\/www.bellunopress.it\",\"https:\\\/\\\/x.com\\\/bellunopress\"],\"url\":\"https:\\\/\\\/www.bellunopress.it\\\/fr\\\/author\\\/redazione\\\/\"}]}<\/script>\n<!-- \/ Yoast SEO plugin. -->","yoast_head_json":{"title":"Botti di fine anno. Il consigliere Celeste Balcon scrive al vicesindaco Leonardo Colle, che replica - Bellunopress - Dolomiti","robots":{"index":"index","follow":"follow","max-snippet":"max-snippet:-1","max-image-preview":"max-image-preview:large","max-video-preview":"max-video-preview:-1"},"canonical":"https:\/\/www.bellunopress.it\/fr\/2011\/12\/30\/botti-di-fine-anno-il-consigliere-celeste-balcon-scrive-al-vicesindaco-leonardo-colle-che-replica\/","og_locale":"fr_FR","og_type":"article","og_title":"Botti di fine anno. Il consigliere Celeste Balcon scrive al vicesindaco Leonardo Colle, che replica - Bellunopress - Dolomiti","og_description":"&nbsp; &#8220;Ci sono degli argomenti di questi tempi dei quali sarebbe opportuno mettere a fuoco la collocazione. Da quanto risulta, almeno sulla carta, Ella dovrebbe essere Assessore al Turismo cosa che la nostra Citt\u00e0 &#8220;porta delle Dolomiti&#8221; dovrebbe\u00a0 coltivare e cullare, ma la Sua presenza non si nota nel settore. La Sua presenza invece emerge [&hellip;]","og_url":"https:\/\/www.bellunopress.it\/fr\/2011\/12\/30\/botti-di-fine-anno-il-consigliere-celeste-balcon-scrive-al-vicesindaco-leonardo-colle-che-replica\/","og_site_name":"Bellunopress - Dolomiti","article_publisher":"https:\/\/www.facebook.com\/profile.php?id=100008943462799","article_published_time":"2011-12-30T17:06:04+00:00","article_modified_time":"2011-12-30T17:07:07+00:00","og_image":[{"url":"http:\/\/www.bellunopress.it\/wp-content\/uploads\/2009\/02\/celeste-balcon.jpg","type":"","width":"","height":""}],"author":"redazione","twitter_card":"summary_large_image","twitter_creator":"@bellunopress","twitter_site":"@bellunopress","twitter_misc":{"\u00c9crit par":"redazione","Dur\u00e9e de lecture estim\u00e9e":"3 minutes"},"schema":{"@context":"https:\/\/schema.org","@graph":[{"@type":"Article","@id":"https:\/\/www.bellunopress.it\/2011\/12\/30\/botti-di-fine-anno-il-consigliere-celeste-balcon-scrive-al-vicesindaco-leonardo-colle-che-replica\/#article","isPartOf":{"@id":"https:\/\/www.bellunopress.it\/2011\/12\/30\/botti-di-fine-anno-il-consigliere-celeste-balcon-scrive-al-vicesindaco-leonardo-colle-che-replica\/"},"author":{"name":"redazione","@id":"https:\/\/www.bellunopress.it\/#\/schema\/person\/79bb06722b37ece1c03d3e94beb30d73"},"headline":"Botti di fine anno. Il consigliere Celeste Balcon scrive al vicesindaco Leonardo Colle, che replica","datePublished":"2011-12-30T17:06:04+00:00","dateModified":"2011-12-30T17:07:07+00:00","mainEntityOfPage":{"@id":"https:\/\/www.bellunopress.it\/2011\/12\/30\/botti-di-fine-anno-il-consigliere-celeste-balcon-scrive-al-vicesindaco-leonardo-colle-che-replica\/"},"wordCount":663,"publisher":{"@id":"https:\/\/www.bellunopress.it\/#organization"},"image":{"@id":"https:\/\/www.bellunopress.it\/2011\/12\/30\/botti-di-fine-anno-il-consigliere-celeste-balcon-scrive-al-vicesindaco-leonardo-colle-che-replica\/#primaryimage"},"thumbnailUrl":"http:\/\/www.bellunopress.it\/wp-content\/uploads\/2009\/02\/celeste-balcon.jpg","articleSection":["Lettere Opinioni"],"inLanguage":"fr-FR"},{"@type":"WebPage","@id":"https:\/\/www.bellunopress.it\/2011\/12\/30\/botti-di-fine-anno-il-consigliere-celeste-balcon-scrive-al-vicesindaco-leonardo-colle-che-replica\/","url":"https:\/\/www.bellunopress.it\/2011\/12\/30\/botti-di-fine-anno-il-consigliere-celeste-balcon-scrive-al-vicesindaco-leonardo-colle-che-replica\/","name":"Botti di fine anno. Il consigliere Celeste Balcon scrive al vicesindaco Leonardo Colle, che replica - Bellunopress - Dolomiti","isPartOf":{"@id":"https:\/\/www.bellunopress.it\/#website"},"primaryImageOfPage":{"@id":"https:\/\/www.bellunopress.it\/2011\/12\/30\/botti-di-fine-anno-il-consigliere-celeste-balcon-scrive-al-vicesindaco-leonardo-colle-che-replica\/#primaryimage"},"image":{"@id":"https:\/\/www.bellunopress.it\/2011\/12\/30\/botti-di-fine-anno-il-consigliere-celeste-balcon-scrive-al-vicesindaco-leonardo-colle-che-replica\/#primaryimage"},"thumbnailUrl":"http:\/\/www.bellunopress.it\/wp-content\/uploads\/2009\/02\/celeste-balcon.jpg","datePublished":"2011-12-30T17:06:04+00:00","dateModified":"2011-12-30T17:07:07+00:00","breadcrumb":{"@id":"https:\/\/www.bellunopress.it\/2011\/12\/30\/botti-di-fine-anno-il-consigliere-celeste-balcon-scrive-al-vicesindaco-leonardo-colle-che-replica\/#breadcrumb"},"inLanguage":"fr-FR","potentialAction":[{"@type":"ReadAction","target":["https:\/\/www.bellunopress.it\/2011\/12\/30\/botti-di-fine-anno-il-consigliere-celeste-balcon-scrive-al-vicesindaco-leonardo-colle-che-replica\/"]}]},{"@type":"ImageObject","inLanguage":"fr-FR","@id":"https:\/\/www.bellunopress.it\/2011\/12\/30\/botti-di-fine-anno-il-consigliere-celeste-balcon-scrive-al-vicesindaco-leonardo-colle-che-replica\/#primaryimage","url":"http:\/\/www.bellunopress.it\/wp-content\/uploads\/2009\/02\/celeste-balcon.jpg","contentUrl":"http:\/\/www.bellunopress.it\/wp-content\/uploads\/2009\/02\/celeste-balcon.jpg"},{"@type":"BreadcrumbList","@id":"https:\/\/www.bellunopress.it\/2011\/12\/30\/botti-di-fine-anno-il-consigliere-celeste-balcon-scrive-al-vicesindaco-leonardo-colle-che-replica\/#breadcrumb","itemListElement":[{"@type":"ListItem","position":1,"name":"Home","item":"https:\/\/www.bellunopress.it\/"},{"@type":"ListItem","position":2,"name":"Botti di fine anno. Il consigliere Celeste Balcon scrive al vicesindaco Leonardo Colle, che replica"}]},{"@type":"WebSite","@id":"https:\/\/www.bellunopress.it\/#website","url":"https:\/\/www.bellunopress.it\/","name":"Bellunopress - Dolomiti","description":"e-mail: redazione@bellunopress.it","publisher":{"@id":"https:\/\/www.bellunopress.it\/#organization"},"potentialAction":[{"@type":"SearchAction","target":{"@type":"EntryPoint","urlTemplate":"https:\/\/www.bellunopress.it\/?s={search_term_string}"},"query-input":{"@type":"PropertyValueSpecification","valueRequired":true,"valueName":"search_term_string"}}],"inLanguage":"fr-FR"},{"@type":"Organization","@id":"https:\/\/www.bellunopress.it\/#organization","name":"Bellunopress","url":"https:\/\/www.bellunopress.it\/","logo":{"@type":"ImageObject","inLanguage":"fr-FR","@id":"https:\/\/www.bellunopress.it\/#\/schema\/logo\/image\/","url":"https:\/\/www.bellunopress.it\/wp-content\/uploads\/2011\/05\/cropped-logo-bellunopress-.jpg","contentUrl":"https:\/\/www.bellunopress.it\/wp-content\/uploads\/2011\/05\/cropped-logo-bellunopress-.jpg","width":512,"height":512,"caption":"Bellunopress"},"image":{"@id":"https:\/\/www.bellunopress.it\/#\/schema\/logo\/image\/"},"sameAs":["https:\/\/www.facebook.com\/profile.php?id=100008943462799","https:\/\/x.com\/bellunopress","https:\/\/www.linkedin.com\/hp\/?dnr=JBzUWaJfMUw8vbXJJ2tVW5-I3jZKvC4wsoxE&amp;amp;amp;amp;amp;amp;trk=nav_responsive_tab_home","https:\/\/www.youtube.com\/channel\/UCxL0wu1uN0_3_7hGG0306cw"]},{"@type":"Person","@id":"https:\/\/www.bellunopress.it\/#\/schema\/person\/79bb06722b37ece1c03d3e94beb30d73","name":"r\u00e9daction","image":{"@type":"ImageObject","inLanguage":"fr-FR","@id":"https:\/\/secure.gravatar.com\/avatar\/37d968a2e67a6fd04c169c4bdef102d0bc5d31b2546345219e348575eb80e9a0?s=96&d=mm&r=g","url":"https:\/\/secure.gravatar.com\/avatar\/37d968a2e67a6fd04c169c4bdef102d0bc5d31b2546345219e348575eb80e9a0?s=96&d=mm&r=g","contentUrl":"https:\/\/secure.gravatar.com\/avatar\/37d968a2e67a6fd04c169c4bdef102d0bc5d31b2546345219e348575eb80e9a0?s=96&d=mm&r=g","caption":"redazione"},"sameAs":["http:\/\/www.bellunopress.it","https:\/\/x.com\/bellunopress"],"url":"https:\/\/www.bellunopress.it\/fr\/author\/redazione\/"}]}},"_links":{"self":[{"href":"https:\/\/www.bellunopress.it\/fr\/wp-json\/wp\/v2\/posts\/33768","targetHints":{"allow":["GET"]}}],"collection":[{"href":"https:\/\/www.bellunopress.it\/fr\/wp-json\/wp\/v2\/posts"}],"about":[{"href":"https:\/\/www.bellunopress.it\/fr\/wp-json\/wp\/v2\/types\/post"}],"author":[{"embeddable":true,"href":"https:\/\/www.bellunopress.it\/fr\/wp-json\/wp\/v2\/users\/2"}],"replies":[{"embeddable":true,"href":"https:\/\/www.bellunopress.it\/fr\/wp-json\/wp\/v2\/comments?post=33768"}],"version-history":[{"count":3,"href":"https:\/\/www.bellunopress.it\/fr\/wp-json\/wp\/v2\/posts\/33768\/revisions"}],"predecessor-version":[{"id":33770,"href":"https:\/\/www.bellunopress.it\/fr\/wp-json\/wp\/v2\/posts\/33768\/revisions\/33770"}],"wp:attachment":[{"href":"https:\/\/www.bellunopress.it\/fr\/wp-json\/wp\/v2\/media?parent=33768"}],"wp:term":[{"taxonomy":"category","embeddable":true,"href":"https:\/\/www.bellunopress.it\/fr\/wp-json\/wp\/v2\/categories?post=33768"},{"taxonomy":"post_tag","embeddable":true,"href":"https:\/\/www.bellunopress.it\/fr\/wp-json\/wp\/v2\/tags?post=33768"}],"curies":[{"name":"wp","href":"https:\/\/api.w.org\/{rel}","templated":true}]}}