{"id":33760,"date":"2011-12-29T23:42:45","date_gmt":"2011-12-29T22:42:45","guid":{"rendered":"http:\/\/www.bellunopress.it\/?p=33760"},"modified":"2011-12-29T23:42:45","modified_gmt":"2011-12-29T22:42:45","slug":"cortina-dampezzo-scoperti-dalla-guardia-di-finanza-4-evasori-totali-traditi-dallalto-tenore-di-vita-si-erano-dimenticati-di-presentare-la-dichiarazione-dei-redditi","status":"publish","type":"post","link":"https:\/\/www.bellunopress.it\/fr\/2011\/12\/29\/cortina-dampezzo-scoperti-dalla-guardia-di-finanza-4-evasori-totali-traditi-dallalto-tenore-di-vita-si-erano-dimenticati-di-presentare-la-dichiarazione-dei-redditi\/","title":{"rendered":"Cortina d&#8217;Ampezzo: scoperti dalla Guardia di Finanza 4 evasori totali, traditi dall&#8217;alto tenore di vita. Si erano \u201cdimenticati\u201d di presentare la dichiarazione dei redditi"},"content":{"rendered":"<p><a href=\"http:\/\/www.bellunopress.it\/wp-content\/uploads\/2011\/07\/guardia-di-finanza.jpg\"><img loading=\"lazy\" decoding=\"async\" class=\"alignleft size-full wp-image-28448\" title=\"guardia di finanza\" src=\"http:\/\/www.bellunopress.it\/wp-content\/uploads\/2011\/07\/guardia-di-finanza.jpg\" alt=\"\" width=\"290\" height=\"194\" \/><\/a>Un idraulico, due artigiani del settore edile ed un agente di commercio lavoravano tranquillamente nella conca ampezzana, conducevano un tenore di vita piuttosto disinvolto, tutti avevano propriet\u00e0 immobiliari di pregio in Cortina d\u2019Ampezzo, ma tutti con lo stesso \u201cvizietto\u201d: si \u201cdimenticavano\u201d di presentare le dichiarazioni dei redditi. In pi\u00f9 l\u2019agente di commercio era stato cancellato dall\u2019albo della Camera di Commercio dal 2001.<\/p>\n<p>E l\u2019evasione dei tributi non ha et\u00e0: dai quasi settanta anni dell\u2019idraulico ai quaranta degli artigiani dell\u2019edilizia, uno dei quali scorrazzava per le vie di Cortina d\u2019Ampezzo con il suo potente Suv, tentando, invano, di mimetizzarsi tra le tante auto di lusso presenti in questo periodo.<\/p>\n<p>I quattro evasori non sono ovviamente sfuggiti alla rete delle verifiche delle Fiamme Gialle cortinesi che attraverso controlli incrociati, utilizzando gli strumenti informatici di investigazione e le banche dati in uso al Corpo, e con riscontri presso i clienti, sono riusciti a ricostruire le effettive attivit\u00e0 svolte ed il relativo volume d\u2019affari degli imprenditori.<\/p>\n<p>Le indagini fiscali hanno consentito di contestare ai quattro, complessivamente, oltre 500.000 euro di redditi occultati al Fisco, nonch\u00e8 oltre 100.000 euro di IVA sottratta alle casse dell\u2019Erario. Per l\u2019agente di commercio \u00e8 scattata anche una denuncia all\u2019Autorit\u00e0 Giudiziaria per esercizio abusivo della professione.<\/p>\n<p>La Compagnia della Guardia di Finanza di Cortina d\u2019Ampezzo, nell\u2019ambito delle attivit\u00e0 istituzionali di controllo economico del territorio e di contrasto alle varie forme di evasione, da inizio anno ha scoperto redditi sottratti a tassazione per oltre 10,5 milioni di euro.<\/p>\n<p>Le Fiamme Gialle cortinesi, anche in questo periodo di festivit\u00e0, proseguiranno, intensificandole, le proprie attivit\u00e0 a salvaguardia dei consumatori, degli onesti contribuenti, contro ogni forma di sommerso e di illegalit\u00e0.<\/p>","protected":false},"excerpt":{"rendered":"<p>Un idraulico, due artigiani del settore edile ed un agente di commercio lavoravano tranquillamente nella conca ampezzana, conducevano un tenore di vita piuttosto disinvolto, tutti avevano propriet\u00e0 immobiliari di pregio in Cortina d\u2019Ampezzo, ma tutti con lo stesso \u201cvizietto\u201d: si \u201cdimenticavano\u201d di presentare le dichiarazioni dei redditi. In pi\u00f9 l\u2019agente di commercio era stato cancellato [&hellip;]<\/p>\n","protected":false},"author":2,"featured_media":0,"comment_status":"closed","ping_status":"open","sticky":false,"template":"","format":"standard","meta":{"footnotes":""},"categories":[5,26],"tags":[],"class_list":["post-33760","post","type-post","status-publish","format-standard","category-cronaca","category-prima-pagina"],"yoast_head":"<!-- This site is optimized with the Yoast SEO plugin v28.4 - https:\/\/yoast.com\/product\/yoast-seo-wordpress\/ -->\n<title>Cortina d&#039;Ampezzo: scoperti dalla Guardia di Finanza 4 evasori totali, traditi dall&#039;alto tenore di vita. Si erano \u201cdimenticati\u201d di presentare la dichiarazione dei redditi - Bellunopress - Dolomiti<\/title>\n<meta name=\"robots\" content=\"index, follow, max-snippet:-1, max-image-preview:large, max-video-preview:-1\" \/>\n<link rel=\"canonical\" href=\"https:\/\/www.bellunopress.it\/fr\/2011\/12\/29\/cortina-dampezzo-scoperti-dalla-guardia-di-finanza-4-evasori-totali-traditi-dallalto-tenore-di-vita-si-erano-dimenticati-di-presentare-la-dichiarazione-dei-redditi\/\" \/>\n<meta property=\"og:locale\" content=\"fr_FR\" \/>\n<meta property=\"og:type\" content=\"article\" \/>\n<meta property=\"og:title\" content=\"Cortina d&#039;Ampezzo: scoperti dalla Guardia di Finanza 4 evasori totali, traditi dall&#039;alto tenore di vita. Si erano \u201cdimenticati\u201d di presentare la dichiarazione dei redditi - Bellunopress - Dolomiti\" \/>\n<meta property=\"og:description\" content=\"Un idraulico, due artigiani del settore edile ed un agente di commercio lavoravano tranquillamente nella conca ampezzana, conducevano un tenore di vita piuttosto disinvolto, tutti avevano propriet\u00e0 immobiliari di pregio in Cortina d\u2019Ampezzo, ma tutti con lo stesso \u201cvizietto\u201d: si \u201cdimenticavano\u201d di presentare le dichiarazioni dei redditi. In pi\u00f9 l\u2019agente di commercio era stato cancellato [&hellip;]\" \/>\n<meta property=\"og:url\" content=\"https:\/\/www.bellunopress.it\/fr\/2011\/12\/29\/cortina-dampezzo-scoperti-dalla-guardia-di-finanza-4-evasori-totali-traditi-dallalto-tenore-di-vita-si-erano-dimenticati-di-presentare-la-dichiarazione-dei-redditi\/\" \/>\n<meta property=\"og:site_name\" content=\"Bellunopress - Dolomiti\" \/>\n<meta property=\"article:publisher\" content=\"https:\/\/www.facebook.com\/profile.php?id=100008943462799\" \/>\n<meta property=\"article:published_time\" content=\"2011-12-29T22:42:45+00:00\" \/>\n<meta property=\"og:image\" content=\"http:\/\/www.bellunopress.it\/wp-content\/uploads\/2011\/07\/guardia-di-finanza.jpg\" \/>\n<meta name=\"author\" content=\"redazione\" \/>\n<meta name=\"twitter:card\" content=\"summary_large_image\" \/>\n<meta name=\"twitter:creator\" content=\"@bellunopress\" \/>\n<meta name=\"twitter:site\" content=\"@bellunopress\" \/>\n<meta name=\"twitter:label1\" content=\"Written by\" \/>\n\t<meta name=\"twitter:data1\" content=\"redazione\" \/>\n\t<meta name=\"twitter:label2\" content=\"Est. reading time\" \/>\n\t<meta name=\"twitter:data2\" content=\"1 minute\" \/>\n<script type=\"application\/ld+json\" class=\"yoast-schema-graph\">{\"@context\":\"https:\\\/\\\/schema.org\",\"@graph\":[{\"@type\":\"Article\",\"@id\":\"https:\\\/\\\/www.bellunopress.it\\\/2011\\\/12\\\/29\\\/cortina-dampezzo-scoperti-dalla-guardia-di-finanza-4-evasori-totali-traditi-dallalto-tenore-di-vita-si-erano-dimenticati-di-presentare-la-dichiarazione-dei-redditi\\\/#article\",\"isPartOf\":{\"@id\":\"https:\\\/\\\/www.bellunopress.it\\\/2011\\\/12\\\/29\\\/cortina-dampezzo-scoperti-dalla-guardia-di-finanza-4-evasori-totali-traditi-dallalto-tenore-di-vita-si-erano-dimenticati-di-presentare-la-dichiarazione-dei-redditi\\\/\"},\"author\":{\"name\":\"redazione\",\"@id\":\"https:\\\/\\\/www.bellunopress.it\\\/#\\\/schema\\\/person\\\/79bb06722b37ece1c03d3e94beb30d73\"},\"headline\":\"Cortina d&#8217;Ampezzo: scoperti dalla Guardia di Finanza 4 evasori totali, traditi dall&#8217;alto tenore di vita. Si erano \u201cdimenticati\u201d di presentare la dichiarazione dei redditi\",\"datePublished\":\"2011-12-29T22:42:45+00:00\",\"mainEntityOfPage\":{\"@id\":\"https:\\\/\\\/www.bellunopress.it\\\/2011\\\/12\\\/29\\\/cortina-dampezzo-scoperti-dalla-guardia-di-finanza-4-evasori-totali-traditi-dallalto-tenore-di-vita-si-erano-dimenticati-di-presentare-la-dichiarazione-dei-redditi\\\/\"},\"wordCount\":310,\"publisher\":{\"@id\":\"https:\\\/\\\/www.bellunopress.it\\\/#organization\"},\"image\":{\"@id\":\"https:\\\/\\\/www.bellunopress.it\\\/2011\\\/12\\\/29\\\/cortina-dampezzo-scoperti-dalla-guardia-di-finanza-4-evasori-totali-traditi-dallalto-tenore-di-vita-si-erano-dimenticati-di-presentare-la-dichiarazione-dei-redditi\\\/#primaryimage\"},\"thumbnailUrl\":\"http:\\\/\\\/www.bellunopress.it\\\/wp-content\\\/uploads\\\/2011\\\/07\\\/guardia-di-finanza.jpg\",\"articleSection\":[\"Cronaca\\\/Politica\",\"Prima Pagina\"],\"inLanguage\":\"fr-FR\"},{\"@type\":\"WebPage\",\"@id\":\"https:\\\/\\\/www.bellunopress.it\\\/2011\\\/12\\\/29\\\/cortina-dampezzo-scoperti-dalla-guardia-di-finanza-4-evasori-totali-traditi-dallalto-tenore-di-vita-si-erano-dimenticati-di-presentare-la-dichiarazione-dei-redditi\\\/\",\"url\":\"https:\\\/\\\/www.bellunopress.it\\\/2011\\\/12\\\/29\\\/cortina-dampezzo-scoperti-dalla-guardia-di-finanza-4-evasori-totali-traditi-dallalto-tenore-di-vita-si-erano-dimenticati-di-presentare-la-dichiarazione-dei-redditi\\\/\",\"name\":\"Cortina d'Ampezzo: scoperti dalla Guardia di Finanza 4 evasori totali, traditi dall'alto tenore di vita. Si erano \u201cdimenticati\u201d di presentare la dichiarazione dei redditi - Bellunopress - Dolomiti\",\"isPartOf\":{\"@id\":\"https:\\\/\\\/www.bellunopress.it\\\/#website\"},\"primaryImageOfPage\":{\"@id\":\"https:\\\/\\\/www.bellunopress.it\\\/2011\\\/12\\\/29\\\/cortina-dampezzo-scoperti-dalla-guardia-di-finanza-4-evasori-totali-traditi-dallalto-tenore-di-vita-si-erano-dimenticati-di-presentare-la-dichiarazione-dei-redditi\\\/#primaryimage\"},\"image\":{\"@id\":\"https:\\\/\\\/www.bellunopress.it\\\/2011\\\/12\\\/29\\\/cortina-dampezzo-scoperti-dalla-guardia-di-finanza-4-evasori-totali-traditi-dallalto-tenore-di-vita-si-erano-dimenticati-di-presentare-la-dichiarazione-dei-redditi\\\/#primaryimage\"},\"thumbnailUrl\":\"http:\\\/\\\/www.bellunopress.it\\\/wp-content\\\/uploads\\\/2011\\\/07\\\/guardia-di-finanza.jpg\",\"datePublished\":\"2011-12-29T22:42:45+00:00\",\"breadcrumb\":{\"@id\":\"https:\\\/\\\/www.bellunopress.it\\\/2011\\\/12\\\/29\\\/cortina-dampezzo-scoperti-dalla-guardia-di-finanza-4-evasori-totali-traditi-dallalto-tenore-di-vita-si-erano-dimenticati-di-presentare-la-dichiarazione-dei-redditi\\\/#breadcrumb\"},\"inLanguage\":\"fr-FR\",\"potentialAction\":[{\"@type\":\"ReadAction\",\"target\":[\"https:\\\/\\\/www.bellunopress.it\\\/2011\\\/12\\\/29\\\/cortina-dampezzo-scoperti-dalla-guardia-di-finanza-4-evasori-totali-traditi-dallalto-tenore-di-vita-si-erano-dimenticati-di-presentare-la-dichiarazione-dei-redditi\\\/\"]}]},{\"@type\":\"ImageObject\",\"inLanguage\":\"fr-FR\",\"@id\":\"https:\\\/\\\/www.bellunopress.it\\\/2011\\\/12\\\/29\\\/cortina-dampezzo-scoperti-dalla-guardia-di-finanza-4-evasori-totali-traditi-dallalto-tenore-di-vita-si-erano-dimenticati-di-presentare-la-dichiarazione-dei-redditi\\\/#primaryimage\",\"url\":\"http:\\\/\\\/www.bellunopress.it\\\/wp-content\\\/uploads\\\/2011\\\/07\\\/guardia-di-finanza.jpg\",\"contentUrl\":\"http:\\\/\\\/www.bellunopress.it\\\/wp-content\\\/uploads\\\/2011\\\/07\\\/guardia-di-finanza.jpg\"},{\"@type\":\"BreadcrumbList\",\"@id\":\"https:\\\/\\\/www.bellunopress.it\\\/2011\\\/12\\\/29\\\/cortina-dampezzo-scoperti-dalla-guardia-di-finanza-4-evasori-totali-traditi-dallalto-tenore-di-vita-si-erano-dimenticati-di-presentare-la-dichiarazione-dei-redditi\\\/#breadcrumb\",\"itemListElement\":[{\"@type\":\"ListItem\",\"position\":1,\"name\":\"Home\",\"item\":\"https:\\\/\\\/www.bellunopress.it\\\/\"},{\"@type\":\"ListItem\",\"position\":2,\"name\":\"Cortina d&#8217;Ampezzo: scoperti dalla Guardia di Finanza 4 evasori totali, traditi dall&#8217;alto tenore di vita. Si erano \u201cdimenticati\u201d di presentare la dichiarazione dei redditi\"}]},{\"@type\":\"WebSite\",\"@id\":\"https:\\\/\\\/www.bellunopress.it\\\/#website\",\"url\":\"https:\\\/\\\/www.bellunopress.it\\\/\",\"name\":\"Bellunopress - Dolomiti\",\"description\":\"e-mail: redazione@bellunopress.it\",\"publisher\":{\"@id\":\"https:\\\/\\\/www.bellunopress.it\\\/#organization\"},\"potentialAction\":[{\"@type\":\"SearchAction\",\"target\":{\"@type\":\"EntryPoint\",\"urlTemplate\":\"https:\\\/\\\/www.bellunopress.it\\\/?s={search_term_string}\"},\"query-input\":{\"@type\":\"PropertyValueSpecification\",\"valueRequired\":true,\"valueName\":\"search_term_string\"}}],\"inLanguage\":\"fr-FR\"},{\"@type\":\"Organization\",\"@id\":\"https:\\\/\\\/www.bellunopress.it\\\/#organization\",\"name\":\"Bellunopress\",\"url\":\"https:\\\/\\\/www.bellunopress.it\\\/\",\"logo\":{\"@type\":\"ImageObject\",\"inLanguage\":\"fr-FR\",\"@id\":\"https:\\\/\\\/www.bellunopress.it\\\/#\\\/schema\\\/logo\\\/image\\\/\",\"url\":\"https:\\\/\\\/www.bellunopress.it\\\/wp-content\\\/uploads\\\/2011\\\/05\\\/cropped-logo-bellunopress-.jpg\",\"contentUrl\":\"https:\\\/\\\/www.bellunopress.it\\\/wp-content\\\/uploads\\\/2011\\\/05\\\/cropped-logo-bellunopress-.jpg\",\"width\":512,\"height\":512,\"caption\":\"Bellunopress\"},\"image\":{\"@id\":\"https:\\\/\\\/www.bellunopress.it\\\/#\\\/schema\\\/logo\\\/image\\\/\"},\"sameAs\":[\"https:\\\/\\\/www.facebook.com\\\/profile.php?id=100008943462799\",\"https:\\\/\\\/x.com\\\/bellunopress\",\"https:\\\/\\\/www.linkedin.com\\\/hp\\\/?dnr=JBzUWaJfMUw8vbXJJ2tVW5-I3jZKvC4wsoxE&amp;amp;amp;amp;amp;amp;trk=nav_responsive_tab_home\",\"https:\\\/\\\/www.youtube.com\\\/channel\\\/UCxL0wu1uN0_3_7hGG0306cw\"]},{\"@type\":\"Person\",\"@id\":\"https:\\\/\\\/www.bellunopress.it\\\/#\\\/schema\\\/person\\\/79bb06722b37ece1c03d3e94beb30d73\",\"name\":\"redazione\",\"image\":{\"@type\":\"ImageObject\",\"inLanguage\":\"fr-FR\",\"@id\":\"https:\\\/\\\/secure.gravatar.com\\\/avatar\\\/37d968a2e67a6fd04c169c4bdef102d0bc5d31b2546345219e348575eb80e9a0?s=96&d=mm&r=g\",\"url\":\"https:\\\/\\\/secure.gravatar.com\\\/avatar\\\/37d968a2e67a6fd04c169c4bdef102d0bc5d31b2546345219e348575eb80e9a0?s=96&d=mm&r=g\",\"contentUrl\":\"https:\\\/\\\/secure.gravatar.com\\\/avatar\\\/37d968a2e67a6fd04c169c4bdef102d0bc5d31b2546345219e348575eb80e9a0?s=96&d=mm&r=g\",\"caption\":\"redazione\"},\"sameAs\":[\"http:\\\/\\\/www.bellunopress.it\",\"https:\\\/\\\/x.com\\\/bellunopress\"],\"url\":\"https:\\\/\\\/www.bellunopress.it\\\/fr\\\/author\\\/redazione\\\/\"}]}<\/script>\n<!-- \/ Yoast SEO plugin. -->","yoast_head_json":{"title":"Cortina d'Ampezzo: scoperti dalla Guardia di Finanza 4 evasori totali, traditi dall'alto tenore di vita. Si erano \u201cdimenticati\u201d di presentare la dichiarazione dei redditi - Bellunopress - Dolomiti","robots":{"index":"index","follow":"follow","max-snippet":"max-snippet:-1","max-image-preview":"max-image-preview:large","max-video-preview":"max-video-preview:-1"},"canonical":"https:\/\/www.bellunopress.it\/fr\/2011\/12\/29\/cortina-dampezzo-scoperti-dalla-guardia-di-finanza-4-evasori-totali-traditi-dallalto-tenore-di-vita-si-erano-dimenticati-di-presentare-la-dichiarazione-dei-redditi\/","og_locale":"fr_FR","og_type":"article","og_title":"Cortina d'Ampezzo: scoperti dalla Guardia di Finanza 4 evasori totali, traditi dall'alto tenore di vita. Si erano \u201cdimenticati\u201d di presentare la dichiarazione dei redditi - Bellunopress - Dolomiti","og_description":"Un idraulico, due artigiani del settore edile ed un agente di commercio lavoravano tranquillamente nella conca ampezzana, conducevano un tenore di vita piuttosto disinvolto, tutti avevano propriet\u00e0 immobiliari di pregio in Cortina d\u2019Ampezzo, ma tutti con lo stesso \u201cvizietto\u201d: si \u201cdimenticavano\u201d di presentare le dichiarazioni dei redditi. In pi\u00f9 l\u2019agente di commercio era stato cancellato [&hellip;]","og_url":"https:\/\/www.bellunopress.it\/fr\/2011\/12\/29\/cortina-dampezzo-scoperti-dalla-guardia-di-finanza-4-evasori-totali-traditi-dallalto-tenore-di-vita-si-erano-dimenticati-di-presentare-la-dichiarazione-dei-redditi\/","og_site_name":"Bellunopress - Dolomiti","article_publisher":"https:\/\/www.facebook.com\/profile.php?id=100008943462799","article_published_time":"2011-12-29T22:42:45+00:00","og_image":[{"url":"http:\/\/www.bellunopress.it\/wp-content\/uploads\/2011\/07\/guardia-di-finanza.jpg","type":"","width":"","height":""}],"author":"redazione","twitter_card":"summary_large_image","twitter_creator":"@bellunopress","twitter_site":"@bellunopress","twitter_misc":{"Written by":"redazione","Est. reading time":"1 minute"},"schema":{"@context":"https:\/\/schema.org","@graph":[{"@type":"Article","@id":"https:\/\/www.bellunopress.it\/2011\/12\/29\/cortina-dampezzo-scoperti-dalla-guardia-di-finanza-4-evasori-totali-traditi-dallalto-tenore-di-vita-si-erano-dimenticati-di-presentare-la-dichiarazione-dei-redditi\/#article","isPartOf":{"@id":"https:\/\/www.bellunopress.it\/2011\/12\/29\/cortina-dampezzo-scoperti-dalla-guardia-di-finanza-4-evasori-totali-traditi-dallalto-tenore-di-vita-si-erano-dimenticati-di-presentare-la-dichiarazione-dei-redditi\/"},"author":{"name":"redazione","@id":"https:\/\/www.bellunopress.it\/#\/schema\/person\/79bb06722b37ece1c03d3e94beb30d73"},"headline":"Cortina d&#8217;Ampezzo: scoperti dalla Guardia di Finanza 4 evasori totali, traditi dall&#8217;alto tenore di vita. Si erano \u201cdimenticati\u201d di presentare la dichiarazione dei redditi","datePublished":"2011-12-29T22:42:45+00:00","mainEntityOfPage":{"@id":"https:\/\/www.bellunopress.it\/2011\/12\/29\/cortina-dampezzo-scoperti-dalla-guardia-di-finanza-4-evasori-totali-traditi-dallalto-tenore-di-vita-si-erano-dimenticati-di-presentare-la-dichiarazione-dei-redditi\/"},"wordCount":310,"publisher":{"@id":"https:\/\/www.bellunopress.it\/#organization"},"image":{"@id":"https:\/\/www.bellunopress.it\/2011\/12\/29\/cortina-dampezzo-scoperti-dalla-guardia-di-finanza-4-evasori-totali-traditi-dallalto-tenore-di-vita-si-erano-dimenticati-di-presentare-la-dichiarazione-dei-redditi\/#primaryimage"},"thumbnailUrl":"http:\/\/www.bellunopress.it\/wp-content\/uploads\/2011\/07\/guardia-di-finanza.jpg","articleSection":["Cronaca\/Politica","Prima Pagina"],"inLanguage":"fr-FR"},{"@type":"WebPage","@id":"https:\/\/www.bellunopress.it\/2011\/12\/29\/cortina-dampezzo-scoperti-dalla-guardia-di-finanza-4-evasori-totali-traditi-dallalto-tenore-di-vita-si-erano-dimenticati-di-presentare-la-dichiarazione-dei-redditi\/","url":"https:\/\/www.bellunopress.it\/2011\/12\/29\/cortina-dampezzo-scoperti-dalla-guardia-di-finanza-4-evasori-totali-traditi-dallalto-tenore-di-vita-si-erano-dimenticati-di-presentare-la-dichiarazione-dei-redditi\/","name":"Cortina d'Ampezzo: scoperti dalla Guardia di Finanza 4 evasori totali, traditi dall'alto tenore di vita. Si erano \u201cdimenticati\u201d di presentare la dichiarazione dei redditi - Bellunopress - Dolomiti","isPartOf":{"@id":"https:\/\/www.bellunopress.it\/#website"},"primaryImageOfPage":{"@id":"https:\/\/www.bellunopress.it\/2011\/12\/29\/cortina-dampezzo-scoperti-dalla-guardia-di-finanza-4-evasori-totali-traditi-dallalto-tenore-di-vita-si-erano-dimenticati-di-presentare-la-dichiarazione-dei-redditi\/#primaryimage"},"image":{"@id":"https:\/\/www.bellunopress.it\/2011\/12\/29\/cortina-dampezzo-scoperti-dalla-guardia-di-finanza-4-evasori-totali-traditi-dallalto-tenore-di-vita-si-erano-dimenticati-di-presentare-la-dichiarazione-dei-redditi\/#primaryimage"},"thumbnailUrl":"http:\/\/www.bellunopress.it\/wp-content\/uploads\/2011\/07\/guardia-di-finanza.jpg","datePublished":"2011-12-29T22:42:45+00:00","breadcrumb":{"@id":"https:\/\/www.bellunopress.it\/2011\/12\/29\/cortina-dampezzo-scoperti-dalla-guardia-di-finanza-4-evasori-totali-traditi-dallalto-tenore-di-vita-si-erano-dimenticati-di-presentare-la-dichiarazione-dei-redditi\/#breadcrumb"},"inLanguage":"fr-FR","potentialAction":[{"@type":"ReadAction","target":["https:\/\/www.bellunopress.it\/2011\/12\/29\/cortina-dampezzo-scoperti-dalla-guardia-di-finanza-4-evasori-totali-traditi-dallalto-tenore-di-vita-si-erano-dimenticati-di-presentare-la-dichiarazione-dei-redditi\/"]}]},{"@type":"ImageObject","inLanguage":"fr-FR","@id":"https:\/\/www.bellunopress.it\/2011\/12\/29\/cortina-dampezzo-scoperti-dalla-guardia-di-finanza-4-evasori-totali-traditi-dallalto-tenore-di-vita-si-erano-dimenticati-di-presentare-la-dichiarazione-dei-redditi\/#primaryimage","url":"http:\/\/www.bellunopress.it\/wp-content\/uploads\/2011\/07\/guardia-di-finanza.jpg","contentUrl":"http:\/\/www.bellunopress.it\/wp-content\/uploads\/2011\/07\/guardia-di-finanza.jpg"},{"@type":"BreadcrumbList","@id":"https:\/\/www.bellunopress.it\/2011\/12\/29\/cortina-dampezzo-scoperti-dalla-guardia-di-finanza-4-evasori-totali-traditi-dallalto-tenore-di-vita-si-erano-dimenticati-di-presentare-la-dichiarazione-dei-redditi\/#breadcrumb","itemListElement":[{"@type":"ListItem","position":1,"name":"Home","item":"https:\/\/www.bellunopress.it\/"},{"@type":"ListItem","position":2,"name":"Cortina d&#8217;Ampezzo: scoperti dalla Guardia di Finanza 4 evasori totali, traditi dall&#8217;alto tenore di vita. Si erano \u201cdimenticati\u201d di presentare la dichiarazione dei redditi"}]},{"@type":"WebSite","@id":"https:\/\/www.bellunopress.it\/#website","url":"https:\/\/www.bellunopress.it\/","name":"Bellunopress - Dolomiti","description":"e-mail: redazione@bellunopress.it","publisher":{"@id":"https:\/\/www.bellunopress.it\/#organization"},"potentialAction":[{"@type":"SearchAction","target":{"@type":"EntryPoint","urlTemplate":"https:\/\/www.bellunopress.it\/?s={search_term_string}"},"query-input":{"@type":"PropertyValueSpecification","valueRequired":true,"valueName":"search_term_string"}}],"inLanguage":"fr-FR"},{"@type":"Organization","@id":"https:\/\/www.bellunopress.it\/#organization","name":"Bellunopress","url":"https:\/\/www.bellunopress.it\/","logo":{"@type":"ImageObject","inLanguage":"fr-FR","@id":"https:\/\/www.bellunopress.it\/#\/schema\/logo\/image\/","url":"https:\/\/www.bellunopress.it\/wp-content\/uploads\/2011\/05\/cropped-logo-bellunopress-.jpg","contentUrl":"https:\/\/www.bellunopress.it\/wp-content\/uploads\/2011\/05\/cropped-logo-bellunopress-.jpg","width":512,"height":512,"caption":"Bellunopress"},"image":{"@id":"https:\/\/www.bellunopress.it\/#\/schema\/logo\/image\/"},"sameAs":["https:\/\/www.facebook.com\/profile.php?id=100008943462799","https:\/\/x.com\/bellunopress","https:\/\/www.linkedin.com\/hp\/?dnr=JBzUWaJfMUw8vbXJJ2tVW5-I3jZKvC4wsoxE&amp;amp;amp;amp;amp;amp;trk=nav_responsive_tab_home","https:\/\/www.youtube.com\/channel\/UCxL0wu1uN0_3_7hGG0306cw"]},{"@type":"Person","@id":"https:\/\/www.bellunopress.it\/#\/schema\/person\/79bb06722b37ece1c03d3e94beb30d73","name":"r\u00e9daction","image":{"@type":"ImageObject","inLanguage":"fr-FR","@id":"https:\/\/secure.gravatar.com\/avatar\/37d968a2e67a6fd04c169c4bdef102d0bc5d31b2546345219e348575eb80e9a0?s=96&d=mm&r=g","url":"https:\/\/secure.gravatar.com\/avatar\/37d968a2e67a6fd04c169c4bdef102d0bc5d31b2546345219e348575eb80e9a0?s=96&d=mm&r=g","contentUrl":"https:\/\/secure.gravatar.com\/avatar\/37d968a2e67a6fd04c169c4bdef102d0bc5d31b2546345219e348575eb80e9a0?s=96&d=mm&r=g","caption":"redazione"},"sameAs":["http:\/\/www.bellunopress.it","https:\/\/x.com\/bellunopress"],"url":"https:\/\/www.bellunopress.it\/fr\/author\/redazione\/"}]}},"_links":{"self":[{"href":"https:\/\/www.bellunopress.it\/fr\/wp-json\/wp\/v2\/posts\/33760","targetHints":{"allow":["GET"]}}],"collection":[{"href":"https:\/\/www.bellunopress.it\/fr\/wp-json\/wp\/v2\/posts"}],"about":[{"href":"https:\/\/www.bellunopress.it\/fr\/wp-json\/wp\/v2\/types\/post"}],"author":[{"embeddable":true,"href":"https:\/\/www.bellunopress.it\/fr\/wp-json\/wp\/v2\/users\/2"}],"replies":[{"embeddable":true,"href":"https:\/\/www.bellunopress.it\/fr\/wp-json\/wp\/v2\/comments?post=33760"}],"version-history":[{"count":1,"href":"https:\/\/www.bellunopress.it\/fr\/wp-json\/wp\/v2\/posts\/33760\/revisions"}],"predecessor-version":[{"id":33761,"href":"https:\/\/www.bellunopress.it\/fr\/wp-json\/wp\/v2\/posts\/33760\/revisions\/33761"}],"wp:attachment":[{"href":"https:\/\/www.bellunopress.it\/fr\/wp-json\/wp\/v2\/media?parent=33760"}],"wp:term":[{"taxonomy":"category","embeddable":true,"href":"https:\/\/www.bellunopress.it\/fr\/wp-json\/wp\/v2\/categories?post=33760"},{"taxonomy":"post_tag","embeddable":true,"href":"https:\/\/www.bellunopress.it\/fr\/wp-json\/wp\/v2\/tags?post=33760"}],"curies":[{"name":"wp","href":"https:\/\/api.w.org\/{rel}","templated":true}]}}