{"id":33758,"date":"2011-12-29T16:45:49","date_gmt":"2011-12-29T15:45:49","guid":{"rendered":"http:\/\/www.bellunopress.it\/?p=33758"},"modified":"2011-12-29T16:45:49","modified_gmt":"2011-12-29T15:45:49","slug":"bond-promette-il-nuovo-ponte-sul-piave-approvato-oggi-dalla-giunta-regionale-lo-schema-di-accordo-di-programma","status":"publish","type":"post","link":"https:\/\/www.bellunopress.it\/fr\/2011\/12\/29\/bond-promette-il-nuovo-ponte-sul-piave-approvato-oggi-dalla-giunta-regionale-lo-schema-di-accordo-di-programma\/","title":{"rendered":"Bond promette il nuovo ponte sul Piave. Approvato oggi dalla giunta regionale lo schema di accordo di programma"},"content":{"rendered":"<figure id=\"attachment_31105\" aria-describedby=\"caption-attachment-31105\" style=\"width: 290px\" class=\"wp-caption alignleft\"><a href=\"http:\/\/www.bellunopress.it\/wp-content\/uploads\/2011\/10\/Prade-Bond-Chisso.jpg\"><img loading=\"lazy\" decoding=\"async\" class=\"size-full wp-image-31105\" title=\"Prade Bond Chisso\" src=\"http:\/\/www.bellunopress.it\/wp-content\/uploads\/2011\/10\/Prade-Bond-Chisso.jpg\" alt=\"\" width=\"290\" height=\"204\" \/><\/a><figcaption id=\"caption-attachment-31105\" class=\"wp-caption-text\">Prade, Bond e Chisso<\/figcaption><\/figure>\n<p>\u201cOggi la giunta regionale ha approvato lo schema di accordo di programma per la progettazione del nuovo ponte sul Piave\u201d. Ad annunciarlo \u00e8 il capogruppo del Pdl in Consiglio regionale del Veneto Dario Bond che a inizio ottobre aveva promosso proprio in municipio a Belluno un incontro sull\u2019opera tra il sindaco Antonio Prade, l\u2019assessore competente Paolo Gamba e l\u2019assessore regionale Renato Chisso che si era impegnato a portare la questione in giunta prima della fine dell\u2019anno.<br \/>\n\u201cL\u2019impegno \u00e8 stato mantenuto e ora si pu\u00f2 fare sul serio\u201d, afferma il consigliere regionale, \u201cprocedendo con tutte le autorizzazioni del caso, a cominciare da quella pi\u00f9 complicata della Sovrintendenza\u201d.<br \/>\nNon solo. \u201cUna volta ultimata la progettazione\u201d, rimarca Bond, \u201csi potranno attivare i proventi derivanti dal pedaggio del passante di Mestre, circa 20 milioni di euro, la cifra necessaria per l\u2019opera\u201d<br \/>\nCon la delibera odierna sono stati messi a disposizione 120 mila euro quale contributo al progetto.<br \/>\n\u201cSi tratta di un\u2019opera che cambier\u00e0 pelle alla viabilit\u00e0 bellunese e che va a inserirsi all\u2019interno dei lavori per l\u2019ammodernamento della Sinistra Piave\u201d, prosegue il capogruppo del Pdl.<br \/>\nEntrando nel dettaglio, il nuovo ponte sul Piave sar\u00e0 lungo 410 metri e largo 10,5, senza contare la realizzazione delle bretelle di collegamento alla viabilit\u00e0 esistente in localit\u00e0 Oltrevalle e Pezzoneghe.<br \/>\n\u201cE\u2019 una rivoluzione che automobilisti e cittadini attendono da tempo e che andr\u00e0 a snellire l\u2019arteria pi\u00f9 trafficata del Bellunese\u201d, conclude Bond. \u201cOra bisogna convocare il tavolo tecnico, composto principalmente da Comune di Belluno e Veneto Strade, per accompagnare tutte le fasi dell\u2019opera\u201d.<\/p>","protected":false},"excerpt":{"rendered":"<p>\u201cOggi la giunta regionale ha approvato lo schema di accordo di programma per la progettazione del nuovo ponte sul Piave\u201d. Ad annunciarlo \u00e8 il capogruppo del Pdl in Consiglio regionale del Veneto Dario Bond che a inizio ottobre aveva promosso proprio in municipio a Belluno un incontro sull\u2019opera tra il sindaco Antonio Prade, l\u2019assessore competente [&hellip;]<\/p>\n","protected":false},"author":2,"featured_media":0,"comment_status":"closed","ping_status":"open","sticky":false,"template":"","format":"standard","meta":{"footnotes":""},"categories":[5,26],"tags":[],"class_list":["post-33758","post","type-post","status-publish","format-standard","category-cronaca","category-prima-pagina"],"yoast_head":"<!-- This site is optimized with the Yoast SEO plugin v28.4 - https:\/\/yoast.com\/product\/yoast-seo-wordpress\/ -->\n<title>Bond promette il nuovo ponte sul Piave. Approvato oggi dalla giunta regionale lo schema di accordo di programma - Bellunopress - Dolomiti<\/title>\n<meta name=\"robots\" content=\"index, follow, max-snippet:-1, max-image-preview:large, max-video-preview:-1\" \/>\n<link rel=\"canonical\" href=\"https:\/\/www.bellunopress.it\/fr\/2011\/12\/29\/bond-promette-il-nuovo-ponte-sul-piave-approvato-oggi-dalla-giunta-regionale-lo-schema-di-accordo-di-programma\/\" \/>\n<meta property=\"og:locale\" content=\"fr_FR\" \/>\n<meta property=\"og:type\" content=\"article\" \/>\n<meta property=\"og:title\" content=\"Bond promette il nuovo ponte sul Piave. Approvato oggi dalla giunta regionale lo schema di accordo di programma - Bellunopress - Dolomiti\" \/>\n<meta property=\"og:description\" content=\"\u201cOggi la giunta regionale ha approvato lo schema di accordo di programma per la progettazione del nuovo ponte sul Piave\u201d. Ad annunciarlo \u00e8 il capogruppo del Pdl in Consiglio regionale del Veneto Dario Bond che a inizio ottobre aveva promosso proprio in municipio a Belluno un incontro sull\u2019opera tra il sindaco Antonio Prade, l\u2019assessore competente [&hellip;]\" \/>\n<meta property=\"og:url\" content=\"https:\/\/www.bellunopress.it\/fr\/2011\/12\/29\/bond-promette-il-nuovo-ponte-sul-piave-approvato-oggi-dalla-giunta-regionale-lo-schema-di-accordo-di-programma\/\" \/>\n<meta property=\"og:site_name\" content=\"Bellunopress - Dolomiti\" \/>\n<meta property=\"article:publisher\" content=\"https:\/\/www.facebook.com\/profile.php?id=100008943462799\" \/>\n<meta property=\"article:published_time\" content=\"2011-12-29T15:45:49+00:00\" \/>\n<meta property=\"og:image\" content=\"http:\/\/www.bellunopress.it\/wp-content\/uploads\/2011\/10\/Prade-Bond-Chisso.jpg\" \/>\n<meta name=\"author\" content=\"redazione\" \/>\n<meta name=\"twitter:card\" content=\"summary_large_image\" \/>\n<meta name=\"twitter:creator\" content=\"@bellunopress\" \/>\n<meta name=\"twitter:site\" content=\"@bellunopress\" \/>\n<meta name=\"twitter:label1\" content=\"Written by\" \/>\n\t<meta name=\"twitter:data1\" content=\"redazione\" \/>\n\t<meta name=\"twitter:label2\" content=\"Est. reading time\" \/>\n\t<meta name=\"twitter:data2\" content=\"1 minute\" \/>\n<script type=\"application\/ld+json\" class=\"yoast-schema-graph\">{\"@context\":\"https:\\\/\\\/schema.org\",\"@graph\":[{\"@type\":\"Article\",\"@id\":\"https:\\\/\\\/www.bellunopress.it\\\/2011\\\/12\\\/29\\\/bond-promette-il-nuovo-ponte-sul-piave-approvato-oggi-dalla-giunta-regionale-lo-schema-di-accordo-di-programma\\\/#article\",\"isPartOf\":{\"@id\":\"https:\\\/\\\/www.bellunopress.it\\\/2011\\\/12\\\/29\\\/bond-promette-il-nuovo-ponte-sul-piave-approvato-oggi-dalla-giunta-regionale-lo-schema-di-accordo-di-programma\\\/\"},\"author\":{\"name\":\"redazione\",\"@id\":\"https:\\\/\\\/www.bellunopress.it\\\/#\\\/schema\\\/person\\\/79bb06722b37ece1c03d3e94beb30d73\"},\"headline\":\"Bond promette il nuovo ponte sul Piave. Approvato oggi dalla giunta regionale lo schema di accordo di programma\",\"datePublished\":\"2011-12-29T15:45:49+00:00\",\"mainEntityOfPage\":{\"@id\":\"https:\\\/\\\/www.bellunopress.it\\\/2011\\\/12\\\/29\\\/bond-promette-il-nuovo-ponte-sul-piave-approvato-oggi-dalla-giunta-regionale-lo-schema-di-accordo-di-programma\\\/\"},\"wordCount\":290,\"publisher\":{\"@id\":\"https:\\\/\\\/www.bellunopress.it\\\/#organization\"},\"image\":{\"@id\":\"https:\\\/\\\/www.bellunopress.it\\\/2011\\\/12\\\/29\\\/bond-promette-il-nuovo-ponte-sul-piave-approvato-oggi-dalla-giunta-regionale-lo-schema-di-accordo-di-programma\\\/#primaryimage\"},\"thumbnailUrl\":\"http:\\\/\\\/www.bellunopress.it\\\/wp-content\\\/uploads\\\/2011\\\/10\\\/Prade-Bond-Chisso.jpg\",\"articleSection\":[\"Cronaca\\\/Politica\",\"Prima Pagina\"],\"inLanguage\":\"fr-FR\"},{\"@type\":\"WebPage\",\"@id\":\"https:\\\/\\\/www.bellunopress.it\\\/2011\\\/12\\\/29\\\/bond-promette-il-nuovo-ponte-sul-piave-approvato-oggi-dalla-giunta-regionale-lo-schema-di-accordo-di-programma\\\/\",\"url\":\"https:\\\/\\\/www.bellunopress.it\\\/2011\\\/12\\\/29\\\/bond-promette-il-nuovo-ponte-sul-piave-approvato-oggi-dalla-giunta-regionale-lo-schema-di-accordo-di-programma\\\/\",\"name\":\"Bond promette il nuovo ponte sul Piave. Approvato oggi dalla giunta regionale lo schema di accordo di programma - Bellunopress - Dolomiti\",\"isPartOf\":{\"@id\":\"https:\\\/\\\/www.bellunopress.it\\\/#website\"},\"primaryImageOfPage\":{\"@id\":\"https:\\\/\\\/www.bellunopress.it\\\/2011\\\/12\\\/29\\\/bond-promette-il-nuovo-ponte-sul-piave-approvato-oggi-dalla-giunta-regionale-lo-schema-di-accordo-di-programma\\\/#primaryimage\"},\"image\":{\"@id\":\"https:\\\/\\\/www.bellunopress.it\\\/2011\\\/12\\\/29\\\/bond-promette-il-nuovo-ponte-sul-piave-approvato-oggi-dalla-giunta-regionale-lo-schema-di-accordo-di-programma\\\/#primaryimage\"},\"thumbnailUrl\":\"http:\\\/\\\/www.bellunopress.it\\\/wp-content\\\/uploads\\\/2011\\\/10\\\/Prade-Bond-Chisso.jpg\",\"datePublished\":\"2011-12-29T15:45:49+00:00\",\"breadcrumb\":{\"@id\":\"https:\\\/\\\/www.bellunopress.it\\\/2011\\\/12\\\/29\\\/bond-promette-il-nuovo-ponte-sul-piave-approvato-oggi-dalla-giunta-regionale-lo-schema-di-accordo-di-programma\\\/#breadcrumb\"},\"inLanguage\":\"fr-FR\",\"potentialAction\":[{\"@type\":\"ReadAction\",\"target\":[\"https:\\\/\\\/www.bellunopress.it\\\/2011\\\/12\\\/29\\\/bond-promette-il-nuovo-ponte-sul-piave-approvato-oggi-dalla-giunta-regionale-lo-schema-di-accordo-di-programma\\\/\"]}]},{\"@type\":\"ImageObject\",\"inLanguage\":\"fr-FR\",\"@id\":\"https:\\\/\\\/www.bellunopress.it\\\/2011\\\/12\\\/29\\\/bond-promette-il-nuovo-ponte-sul-piave-approvato-oggi-dalla-giunta-regionale-lo-schema-di-accordo-di-programma\\\/#primaryimage\",\"url\":\"http:\\\/\\\/www.bellunopress.it\\\/wp-content\\\/uploads\\\/2011\\\/10\\\/Prade-Bond-Chisso.jpg\",\"contentUrl\":\"http:\\\/\\\/www.bellunopress.it\\\/wp-content\\\/uploads\\\/2011\\\/10\\\/Prade-Bond-Chisso.jpg\"},{\"@type\":\"BreadcrumbList\",\"@id\":\"https:\\\/\\\/www.bellunopress.it\\\/2011\\\/12\\\/29\\\/bond-promette-il-nuovo-ponte-sul-piave-approvato-oggi-dalla-giunta-regionale-lo-schema-di-accordo-di-programma\\\/#breadcrumb\",\"itemListElement\":[{\"@type\":\"ListItem\",\"position\":1,\"name\":\"Home\",\"item\":\"https:\\\/\\\/www.bellunopress.it\\\/\"},{\"@type\":\"ListItem\",\"position\":2,\"name\":\"Bond promette il nuovo ponte sul Piave. Approvato oggi dalla giunta regionale lo schema di accordo di programma\"}]},{\"@type\":\"WebSite\",\"@id\":\"https:\\\/\\\/www.bellunopress.it\\\/#website\",\"url\":\"https:\\\/\\\/www.bellunopress.it\\\/\",\"name\":\"Bellunopress - Dolomiti\",\"description\":\"e-mail: redazione@bellunopress.it\",\"publisher\":{\"@id\":\"https:\\\/\\\/www.bellunopress.it\\\/#organization\"},\"potentialAction\":[{\"@type\":\"SearchAction\",\"target\":{\"@type\":\"EntryPoint\",\"urlTemplate\":\"https:\\\/\\\/www.bellunopress.it\\\/?s={search_term_string}\"},\"query-input\":{\"@type\":\"PropertyValueSpecification\",\"valueRequired\":true,\"valueName\":\"search_term_string\"}}],\"inLanguage\":\"fr-FR\"},{\"@type\":\"Organization\",\"@id\":\"https:\\\/\\\/www.bellunopress.it\\\/#organization\",\"name\":\"Bellunopress\",\"url\":\"https:\\\/\\\/www.bellunopress.it\\\/\",\"logo\":{\"@type\":\"ImageObject\",\"inLanguage\":\"fr-FR\",\"@id\":\"https:\\\/\\\/www.bellunopress.it\\\/#\\\/schema\\\/logo\\\/image\\\/\",\"url\":\"https:\\\/\\\/www.bellunopress.it\\\/wp-content\\\/uploads\\\/2011\\\/05\\\/cropped-logo-bellunopress-.jpg\",\"contentUrl\":\"https:\\\/\\\/www.bellunopress.it\\\/wp-content\\\/uploads\\\/2011\\\/05\\\/cropped-logo-bellunopress-.jpg\",\"width\":512,\"height\":512,\"caption\":\"Bellunopress\"},\"image\":{\"@id\":\"https:\\\/\\\/www.bellunopress.it\\\/#\\\/schema\\\/logo\\\/image\\\/\"},\"sameAs\":[\"https:\\\/\\\/www.facebook.com\\\/profile.php?id=100008943462799\",\"https:\\\/\\\/x.com\\\/bellunopress\",\"https:\\\/\\\/www.linkedin.com\\\/hp\\\/?dnr=JBzUWaJfMUw8vbXJJ2tVW5-I3jZKvC4wsoxE&amp;amp;amp;amp;amp;amp;trk=nav_responsive_tab_home\",\"https:\\\/\\\/www.youtube.com\\\/channel\\\/UCxL0wu1uN0_3_7hGG0306cw\"]},{\"@type\":\"Person\",\"@id\":\"https:\\\/\\\/www.bellunopress.it\\\/#\\\/schema\\\/person\\\/79bb06722b37ece1c03d3e94beb30d73\",\"name\":\"redazione\",\"image\":{\"@type\":\"ImageObject\",\"inLanguage\":\"fr-FR\",\"@id\":\"https:\\\/\\\/secure.gravatar.com\\\/avatar\\\/37d968a2e67a6fd04c169c4bdef102d0bc5d31b2546345219e348575eb80e9a0?s=96&d=mm&r=g\",\"url\":\"https:\\\/\\\/secure.gravatar.com\\\/avatar\\\/37d968a2e67a6fd04c169c4bdef102d0bc5d31b2546345219e348575eb80e9a0?s=96&d=mm&r=g\",\"contentUrl\":\"https:\\\/\\\/secure.gravatar.com\\\/avatar\\\/37d968a2e67a6fd04c169c4bdef102d0bc5d31b2546345219e348575eb80e9a0?s=96&d=mm&r=g\",\"caption\":\"redazione\"},\"sameAs\":[\"http:\\\/\\\/www.bellunopress.it\",\"https:\\\/\\\/x.com\\\/bellunopress\"],\"url\":\"https:\\\/\\\/www.bellunopress.it\\\/fr\\\/author\\\/redazione\\\/\"}]}<\/script>\n<!-- \/ Yoast SEO plugin. -->","yoast_head_json":{"title":"Bond promette il nuovo ponte sul Piave. Approvato oggi dalla giunta regionale lo schema di accordo di programma - Bellunopress - Dolomiti","robots":{"index":"index","follow":"follow","max-snippet":"max-snippet:-1","max-image-preview":"max-image-preview:large","max-video-preview":"max-video-preview:-1"},"canonical":"https:\/\/www.bellunopress.it\/fr\/2011\/12\/29\/bond-promette-il-nuovo-ponte-sul-piave-approvato-oggi-dalla-giunta-regionale-lo-schema-di-accordo-di-programma\/","og_locale":"fr_FR","og_type":"article","og_title":"Bond promette il nuovo ponte sul Piave. Approvato oggi dalla giunta regionale lo schema di accordo di programma - Bellunopress - Dolomiti","og_description":"\u201cOggi la giunta regionale ha approvato lo schema di accordo di programma per la progettazione del nuovo ponte sul Piave\u201d. Ad annunciarlo \u00e8 il capogruppo del Pdl in Consiglio regionale del Veneto Dario Bond che a inizio ottobre aveva promosso proprio in municipio a Belluno un incontro sull\u2019opera tra il sindaco Antonio Prade, l\u2019assessore competente [&hellip;]","og_url":"https:\/\/www.bellunopress.it\/fr\/2011\/12\/29\/bond-promette-il-nuovo-ponte-sul-piave-approvato-oggi-dalla-giunta-regionale-lo-schema-di-accordo-di-programma\/","og_site_name":"Bellunopress - Dolomiti","article_publisher":"https:\/\/www.facebook.com\/profile.php?id=100008943462799","article_published_time":"2011-12-29T15:45:49+00:00","og_image":[{"url":"http:\/\/www.bellunopress.it\/wp-content\/uploads\/2011\/10\/Prade-Bond-Chisso.jpg","type":"","width":"","height":""}],"author":"redazione","twitter_card":"summary_large_image","twitter_creator":"@bellunopress","twitter_site":"@bellunopress","twitter_misc":{"Written by":"redazione","Est. reading time":"1 minute"},"schema":{"@context":"https:\/\/schema.org","@graph":[{"@type":"Article","@id":"https:\/\/www.bellunopress.it\/2011\/12\/29\/bond-promette-il-nuovo-ponte-sul-piave-approvato-oggi-dalla-giunta-regionale-lo-schema-di-accordo-di-programma\/#article","isPartOf":{"@id":"https:\/\/www.bellunopress.it\/2011\/12\/29\/bond-promette-il-nuovo-ponte-sul-piave-approvato-oggi-dalla-giunta-regionale-lo-schema-di-accordo-di-programma\/"},"author":{"name":"redazione","@id":"https:\/\/www.bellunopress.it\/#\/schema\/person\/79bb06722b37ece1c03d3e94beb30d73"},"headline":"Bond promette il nuovo ponte sul Piave. Approvato oggi dalla giunta regionale lo schema di accordo di programma","datePublished":"2011-12-29T15:45:49+00:00","mainEntityOfPage":{"@id":"https:\/\/www.bellunopress.it\/2011\/12\/29\/bond-promette-il-nuovo-ponte-sul-piave-approvato-oggi-dalla-giunta-regionale-lo-schema-di-accordo-di-programma\/"},"wordCount":290,"publisher":{"@id":"https:\/\/www.bellunopress.it\/#organization"},"image":{"@id":"https:\/\/www.bellunopress.it\/2011\/12\/29\/bond-promette-il-nuovo-ponte-sul-piave-approvato-oggi-dalla-giunta-regionale-lo-schema-di-accordo-di-programma\/#primaryimage"},"thumbnailUrl":"http:\/\/www.bellunopress.it\/wp-content\/uploads\/2011\/10\/Prade-Bond-Chisso.jpg","articleSection":["Cronaca\/Politica","Prima Pagina"],"inLanguage":"fr-FR"},{"@type":"WebPage","@id":"https:\/\/www.bellunopress.it\/2011\/12\/29\/bond-promette-il-nuovo-ponte-sul-piave-approvato-oggi-dalla-giunta-regionale-lo-schema-di-accordo-di-programma\/","url":"https:\/\/www.bellunopress.it\/2011\/12\/29\/bond-promette-il-nuovo-ponte-sul-piave-approvato-oggi-dalla-giunta-regionale-lo-schema-di-accordo-di-programma\/","name":"Bond promette il nuovo ponte sul Piave. Approvato oggi dalla giunta regionale lo schema di accordo di programma - Bellunopress - Dolomiti","isPartOf":{"@id":"https:\/\/www.bellunopress.it\/#website"},"primaryImageOfPage":{"@id":"https:\/\/www.bellunopress.it\/2011\/12\/29\/bond-promette-il-nuovo-ponte-sul-piave-approvato-oggi-dalla-giunta-regionale-lo-schema-di-accordo-di-programma\/#primaryimage"},"image":{"@id":"https:\/\/www.bellunopress.it\/2011\/12\/29\/bond-promette-il-nuovo-ponte-sul-piave-approvato-oggi-dalla-giunta-regionale-lo-schema-di-accordo-di-programma\/#primaryimage"},"thumbnailUrl":"http:\/\/www.bellunopress.it\/wp-content\/uploads\/2011\/10\/Prade-Bond-Chisso.jpg","datePublished":"2011-12-29T15:45:49+00:00","breadcrumb":{"@id":"https:\/\/www.bellunopress.it\/2011\/12\/29\/bond-promette-il-nuovo-ponte-sul-piave-approvato-oggi-dalla-giunta-regionale-lo-schema-di-accordo-di-programma\/#breadcrumb"},"inLanguage":"fr-FR","potentialAction":[{"@type":"ReadAction","target":["https:\/\/www.bellunopress.it\/2011\/12\/29\/bond-promette-il-nuovo-ponte-sul-piave-approvato-oggi-dalla-giunta-regionale-lo-schema-di-accordo-di-programma\/"]}]},{"@type":"ImageObject","inLanguage":"fr-FR","@id":"https:\/\/www.bellunopress.it\/2011\/12\/29\/bond-promette-il-nuovo-ponte-sul-piave-approvato-oggi-dalla-giunta-regionale-lo-schema-di-accordo-di-programma\/#primaryimage","url":"http:\/\/www.bellunopress.it\/wp-content\/uploads\/2011\/10\/Prade-Bond-Chisso.jpg","contentUrl":"http:\/\/www.bellunopress.it\/wp-content\/uploads\/2011\/10\/Prade-Bond-Chisso.jpg"},{"@type":"BreadcrumbList","@id":"https:\/\/www.bellunopress.it\/2011\/12\/29\/bond-promette-il-nuovo-ponte-sul-piave-approvato-oggi-dalla-giunta-regionale-lo-schema-di-accordo-di-programma\/#breadcrumb","itemListElement":[{"@type":"ListItem","position":1,"name":"Home","item":"https:\/\/www.bellunopress.it\/"},{"@type":"ListItem","position":2,"name":"Bond promette il nuovo ponte sul Piave. Approvato oggi dalla giunta regionale lo schema di accordo di programma"}]},{"@type":"WebSite","@id":"https:\/\/www.bellunopress.it\/#website","url":"https:\/\/www.bellunopress.it\/","name":"Bellunopress - Dolomiti","description":"e-mail: redazione@bellunopress.it","publisher":{"@id":"https:\/\/www.bellunopress.it\/#organization"},"potentialAction":[{"@type":"SearchAction","target":{"@type":"EntryPoint","urlTemplate":"https:\/\/www.bellunopress.it\/?s={search_term_string}"},"query-input":{"@type":"PropertyValueSpecification","valueRequired":true,"valueName":"search_term_string"}}],"inLanguage":"fr-FR"},{"@type":"Organization","@id":"https:\/\/www.bellunopress.it\/#organization","name":"Bellunopress","url":"https:\/\/www.bellunopress.it\/","logo":{"@type":"ImageObject","inLanguage":"fr-FR","@id":"https:\/\/www.bellunopress.it\/#\/schema\/logo\/image\/","url":"https:\/\/www.bellunopress.it\/wp-content\/uploads\/2011\/05\/cropped-logo-bellunopress-.jpg","contentUrl":"https:\/\/www.bellunopress.it\/wp-content\/uploads\/2011\/05\/cropped-logo-bellunopress-.jpg","width":512,"height":512,"caption":"Bellunopress"},"image":{"@id":"https:\/\/www.bellunopress.it\/#\/schema\/logo\/image\/"},"sameAs":["https:\/\/www.facebook.com\/profile.php?id=100008943462799","https:\/\/x.com\/bellunopress","https:\/\/www.linkedin.com\/hp\/?dnr=JBzUWaJfMUw8vbXJJ2tVW5-I3jZKvC4wsoxE&amp;amp;amp;amp;amp;amp;trk=nav_responsive_tab_home","https:\/\/www.youtube.com\/channel\/UCxL0wu1uN0_3_7hGG0306cw"]},{"@type":"Person","@id":"https:\/\/www.bellunopress.it\/#\/schema\/person\/79bb06722b37ece1c03d3e94beb30d73","name":"r\u00e9daction","image":{"@type":"ImageObject","inLanguage":"fr-FR","@id":"https:\/\/secure.gravatar.com\/avatar\/37d968a2e67a6fd04c169c4bdef102d0bc5d31b2546345219e348575eb80e9a0?s=96&d=mm&r=g","url":"https:\/\/secure.gravatar.com\/avatar\/37d968a2e67a6fd04c169c4bdef102d0bc5d31b2546345219e348575eb80e9a0?s=96&d=mm&r=g","contentUrl":"https:\/\/secure.gravatar.com\/avatar\/37d968a2e67a6fd04c169c4bdef102d0bc5d31b2546345219e348575eb80e9a0?s=96&d=mm&r=g","caption":"redazione"},"sameAs":["http:\/\/www.bellunopress.it","https:\/\/x.com\/bellunopress"],"url":"https:\/\/www.bellunopress.it\/fr\/author\/redazione\/"}]}},"_links":{"self":[{"href":"https:\/\/www.bellunopress.it\/fr\/wp-json\/wp\/v2\/posts\/33758","targetHints":{"allow":["GET"]}}],"collection":[{"href":"https:\/\/www.bellunopress.it\/fr\/wp-json\/wp\/v2\/posts"}],"about":[{"href":"https:\/\/www.bellunopress.it\/fr\/wp-json\/wp\/v2\/types\/post"}],"author":[{"embeddable":true,"href":"https:\/\/www.bellunopress.it\/fr\/wp-json\/wp\/v2\/users\/2"}],"replies":[{"embeddable":true,"href":"https:\/\/www.bellunopress.it\/fr\/wp-json\/wp\/v2\/comments?post=33758"}],"version-history":[{"count":1,"href":"https:\/\/www.bellunopress.it\/fr\/wp-json\/wp\/v2\/posts\/33758\/revisions"}],"predecessor-version":[{"id":33759,"href":"https:\/\/www.bellunopress.it\/fr\/wp-json\/wp\/v2\/posts\/33758\/revisions\/33759"}],"wp:attachment":[{"href":"https:\/\/www.bellunopress.it\/fr\/wp-json\/wp\/v2\/media?parent=33758"}],"wp:term":[{"taxonomy":"category","embeddable":true,"href":"https:\/\/www.bellunopress.it\/fr\/wp-json\/wp\/v2\/categories?post=33758"},{"taxonomy":"post_tag","embeddable":true,"href":"https:\/\/www.bellunopress.it\/fr\/wp-json\/wp\/v2\/tags?post=33758"}],"curies":[{"name":"wp","href":"https:\/\/api.w.org\/{rel}","templated":true}]}}