{"id":33754,"date":"2011-12-29T16:34:37","date_gmt":"2011-12-29T15:34:37","guid":{"rendered":"http:\/\/www.bellunopress.it\/?p=33754"},"modified":"2011-12-30T10:23:18","modified_gmt":"2011-12-30T09:23:18","slug":"auronzo-di-scena-so-apre-con-una-strepitosa-maddalena-crippa","status":"publish","type":"post","link":"https:\/\/www.bellunopress.it\/fr\/2011\/12\/29\/auronzo-di-scena-so-apre-con-una-strepitosa-maddalena-crippa\/","title":{"rendered":"Auronzo di scena apre con una strepitosa Maddalena Crippa"},"content":{"rendered":"<p>Sta per prendere avvio la Stagione di Prosa della settima edizione di &#8220;Auronzo di Scena&#8221;, che prevede anche quest&#8217;anno in cartellone tre proposte artistiche di assoluta qualit\u00e0 e rilevanza nella scena nazionale. \u00c8 dunque nel vivo la campagna abbonamenti, ideata con uno sguardo attento alla politica dei prezzi, sar\u00e0 infatti possibile prenotare la tessera di abbonamento telefonando al numero 0437-950555 (e ritirarla direttamente la sera del primo spettacolo) al costo di 30,00 euro.<\/p>\n<figure id=\"attachment_33755\" aria-describedby=\"caption-attachment-33755\" style=\"width: 319px\" class=\"wp-caption alignleft\"><a href=\"http:\/\/www.bellunopress.it\/wp-content\/uploads\/2011\/12\/maddalena-crippa.jpg\"><img loading=\"lazy\" decoding=\"async\" class=\"size-full wp-image-33755\" title=\"maddalena crippa\" src=\"http:\/\/www.bellunopress.it\/wp-content\/uploads\/2011\/12\/maddalena-crippa.jpg\" alt=\"\" width=\"319\" height=\"179\" \/><\/a><figcaption id=\"caption-attachment-33755\" class=\"wp-caption-text\">Maddalena Crippa<\/figcaption><\/figure>\n<p>La Stagione verr\u00e0 inaugurata da un&#8217;artista amatissima dal pubblico bellunese, Maddalena Crippa, sabato 7 gennaio 2012, con lo spettacolo Canto Popolare parole e suoni per Pier Paolo Pasolini, un intenso incontro tra parole e pensiero accompagnato dalla musica dal vivo del compositore Paolo Schianchi. Le parole pronunciate con rara intensit\u00e0 dalla Crippa, si intrecciano sul palco ai paesaggi musicali composti e interpretati da Paolo Schianchi, giovane e pluripremiato musicista e compositore. Schianchi esegue i suoi brani servendosi di Octopus, sistema elettroacustico di sua creazione che permette a un solo interprete di suonare contemporaneamente pi\u00f9 chitarre. Ne risulta un gioco sonoro di note, ritmi, movimenti che si intrecciano, si inseguono, si moltiplicano, cos\u00ec come fanno eco e risuonano in noi le parole dell&#8217;autore. Canto Popolare propone un percorso poetico all&#8217;interno delle riflessioni pasoliniane, cercando nella sua opera quel sottile fil rouge che ci avvicina cos\u00ec fortemente a lui e ci fa ancora appassionare, che ci dimostra come sia ancora possibile arricchirsi di una voce intensa, forte e necessaria.<br \/>\nIl secondo appuntamento sar\u00e0 sabato 4 febbraio, Ciran\u00f2 e il suo invadente naso da Cyrano de Bergerac di Edmond Rostand, uno spettacolo spumeggiante, dai tratti fortemente popolari, dedicato all&#8217;amore e alla giustizia, ispirato ad uno dei classici pi\u00f9 amati della letteratura di tutti i tempi. Cyrano ha il naso di un clown e l&#8217;animo di un poeta. Imprudente in amore come in guerra, ama la poesia e le parole, e con quelle combatte, fino alla morte. \u00c8 un funambolo del verso, si batte per testimoniare la vera, profonda libert\u00e0 della poesia. Cyrano non ha paura ad affrontare i ricchi, i potenti, gli egoisti, i mentitori e la stupidit\u00e0. \u00c8 puro come lo sono i bambini, o i grandi con il cuore rimasto bambino. Uno spettacolo ricco di energia e di poesia che racconta la storia dell&#8217;abile spadaccino con le parole del bambino pi\u00f9 vecchio del mondo: il clown, il trickster, il lunatico che da centinaia di anni ha il cuore gonfio di incanto e di stupore, ardore-coraggio e amori impossibili.<br \/>\nE poi, in chiusura di Stagione Ricordi con guerra, sabato 3 marzo, una straordinaria prova d&#8217;attore in cui Stefano Cipiciani interpreta Pompilio, un fascio piccolo piccolo, un personaggio costruito nel tempo con grande cura, raccontato nella sua dimensione umana pi\u00f9 che storico-politica. Originario della campagna, di animo semplice e generoso, Pompilio conduce una vita povera, scandita dal lavoro e dalla vita familiare, da un ballo che sfida il coprifuoco, dalla conquista di una donna. Nell&#8217;Italia degli anni Quaranta la sua esistenza per\u00f2 \u00e8 sconvolta da una guerra che non appartiene n\u00e9 a lui n\u00e9 alla sua gente, allorch\u00e9 decide di arruolarsi con le camicie nere, non per convinzione ma quasi per fatalit\u00e0, finendo per assumere un ruolo che intimamente non gli \u00e8 proprio e che finir\u00e0 per riservagli un destino tragico, segnato dalle infamie, dall&#8217;assassinio e dalla condizione di braccato. Nato per un progetto messo in scena da Marco Baliani, il personaggio di Pompilio appartiene ad una galleria di storie sulla Resistenza antifascista che traggono spunto da testi di Italo Calvino e di Beppe Fenoglio. Cipiciani, uno dei protagonisti del progetto iniziale, riprende questo spunto rileggendolo, volutamente, dal punto di vista di uno dei vinti, quale sfida alla memoria, personale e collettiva, di una guerra e di un periodo, nonch\u00e9 di una pacificazione forse mai effettivamente compiuta.<br \/>\nLa Stagione &#8220;Auronzo di Scena&#8221;, per la direzione artistica di Daniela Nicosia, \u00e8 organizzata da Tib Teatro, con il Comune di Auronzo di Cadore e la Fondazione Teatri delle Dolomiti, in collaborazione con Consorzio di Promozione Turistica Auronzo Misurina, la manifestazione \u00e8 realizzata nell&#8217;ambito dell&#8217;accordo di programma Regione del Veneto-Province del Veneto-Reteventi Cultura 2011-Provincia di Belluno, con il Ministero per i Beni e le Attivit\u00e0 Culturali, e con Il patrocinio della Regione del Veneto, MIUR-USR del Veneto- Ufficio Scolastico Provinciale di Belluno e Agiscuola.<br \/>\nINFO 0437-950555 <a href=\"http:\/\/www.tibteatro.it\/\">www.tibteatro.it<\/a> Abbonamento a tre spettacoli euro 30,00. Biglietto singolo spettacolo euro 15,00. Inizio spettacoli ore 20:30<\/p>","protected":false},"excerpt":{"rendered":"<p>Sta per prendere avvio la Stagione di Prosa della settima edizione di &#8220;Auronzo di Scena&#8221;, che prevede anche quest&#8217;anno in cartellone tre proposte artistiche di assoluta qualit\u00e0 e rilevanza nella scena nazionale. \u00c8 dunque nel vivo la campagna abbonamenti, ideata con uno sguardo attento alla politica dei prezzi, sar\u00e0 infatti possibile prenotare la tessera di [&hellip;]<\/p>\n","protected":false},"author":2,"featured_media":0,"comment_status":"closed","ping_status":"open","sticky":false,"template":"","format":"standard","meta":{"footnotes":""},"categories":[3,25],"tags":[],"class_list":["post-33754","post","type-post","status-publish","format-standard","category-arte-cultura-spettacoli-scienza-archivi","category-pausa-caffe"],"yoast_head":"<!-- This site is optimized with the Yoast SEO plugin v28.4 - https:\/\/yoast.com\/product\/yoast-seo-wordpress\/ -->\n<title>Auronzo di scena apre con una strepitosa Maddalena Crippa  - Bellunopress - Dolomiti<\/title>\n<meta name=\"robots\" content=\"index, follow, max-snippet:-1, max-image-preview:large, max-video-preview:-1\" \/>\n<link rel=\"canonical\" href=\"https:\/\/www.bellunopress.it\/fr\/2011\/12\/29\/auronzo-di-scena-so-apre-con-una-strepitosa-maddalena-crippa\/\" \/>\n<meta property=\"og:locale\" content=\"fr_FR\" \/>\n<meta property=\"og:type\" content=\"article\" \/>\n<meta property=\"og:title\" content=\"Auronzo di scena apre con una strepitosa Maddalena Crippa  - Bellunopress - Dolomiti\" \/>\n<meta property=\"og:description\" content=\"Sta per prendere avvio la Stagione di Prosa della settima edizione di &#8220;Auronzo di Scena&#8221;, che prevede anche quest&#8217;anno in cartellone tre proposte artistiche di assoluta qualit\u00e0 e rilevanza nella scena nazionale. \u00c8 dunque nel vivo la campagna abbonamenti, ideata con uno sguardo attento alla politica dei prezzi, sar\u00e0 infatti possibile prenotare la tessera di [&hellip;]\" \/>\n<meta property=\"og:url\" content=\"https:\/\/www.bellunopress.it\/fr\/2011\/12\/29\/auronzo-di-scena-so-apre-con-una-strepitosa-maddalena-crippa\/\" \/>\n<meta property=\"og:site_name\" content=\"Bellunopress - Dolomiti\" \/>\n<meta property=\"article:publisher\" content=\"https:\/\/www.facebook.com\/profile.php?id=100008943462799\" \/>\n<meta property=\"article:published_time\" content=\"2011-12-29T15:34:37+00:00\" \/>\n<meta property=\"article:modified_time\" content=\"2011-12-30T09:23:18+00:00\" \/>\n<meta property=\"og:image\" content=\"http:\/\/www.bellunopress.it\/wp-content\/uploads\/2011\/12\/maddalena-crippa.jpg\" \/>\n<meta name=\"author\" content=\"redazione\" \/>\n<meta name=\"twitter:card\" content=\"summary_large_image\" \/>\n<meta name=\"twitter:creator\" content=\"@bellunopress\" \/>\n<meta name=\"twitter:site\" content=\"@bellunopress\" \/>\n<meta name=\"twitter:label1\" content=\"Written by\" \/>\n\t<meta name=\"twitter:data1\" content=\"redazione\" \/>\n\t<meta name=\"twitter:label2\" content=\"Est. reading time\" \/>\n\t<meta name=\"twitter:data2\" content=\"4 minutes\" \/>\n<script type=\"application\/ld+json\" class=\"yoast-schema-graph\">{\"@context\":\"https:\\\/\\\/schema.org\",\"@graph\":[{\"@type\":\"Article\",\"@id\":\"https:\\\/\\\/www.bellunopress.it\\\/2011\\\/12\\\/29\\\/auronzo-di-scena-so-apre-con-una-strepitosa-maddalena-crippa\\\/#article\",\"isPartOf\":{\"@id\":\"https:\\\/\\\/www.bellunopress.it\\\/2011\\\/12\\\/29\\\/auronzo-di-scena-so-apre-con-una-strepitosa-maddalena-crippa\\\/\"},\"author\":{\"name\":\"redazione\",\"@id\":\"https:\\\/\\\/www.bellunopress.it\\\/#\\\/schema\\\/person\\\/79bb06722b37ece1c03d3e94beb30d73\"},\"headline\":\"Auronzo di scena apre con una strepitosa Maddalena Crippa\",\"datePublished\":\"2011-12-29T15:34:37+00:00\",\"dateModified\":\"2011-12-30T09:23:18+00:00\",\"mainEntityOfPage\":{\"@id\":\"https:\\\/\\\/www.bellunopress.it\\\/2011\\\/12\\\/29\\\/auronzo-di-scena-so-apre-con-una-strepitosa-maddalena-crippa\\\/\"},\"wordCount\":747,\"publisher\":{\"@id\":\"https:\\\/\\\/www.bellunopress.it\\\/#organization\"},\"image\":{\"@id\":\"https:\\\/\\\/www.bellunopress.it\\\/2011\\\/12\\\/29\\\/auronzo-di-scena-so-apre-con-una-strepitosa-maddalena-crippa\\\/#primaryimage\"},\"thumbnailUrl\":\"http:\\\/\\\/www.bellunopress.it\\\/wp-content\\\/uploads\\\/2011\\\/12\\\/maddalena-crippa.jpg\",\"articleSection\":[\"Arte, Cultura, Spettacoli, Scienza\",\"Pausa Caff\u00e8\"],\"inLanguage\":\"fr-FR\"},{\"@type\":\"WebPage\",\"@id\":\"https:\\\/\\\/www.bellunopress.it\\\/2011\\\/12\\\/29\\\/auronzo-di-scena-so-apre-con-una-strepitosa-maddalena-crippa\\\/\",\"url\":\"https:\\\/\\\/www.bellunopress.it\\\/2011\\\/12\\\/29\\\/auronzo-di-scena-so-apre-con-una-strepitosa-maddalena-crippa\\\/\",\"name\":\"Auronzo di scena apre con una strepitosa Maddalena Crippa - Bellunopress - Dolomiti\",\"isPartOf\":{\"@id\":\"https:\\\/\\\/www.bellunopress.it\\\/#website\"},\"primaryImageOfPage\":{\"@id\":\"https:\\\/\\\/www.bellunopress.it\\\/2011\\\/12\\\/29\\\/auronzo-di-scena-so-apre-con-una-strepitosa-maddalena-crippa\\\/#primaryimage\"},\"image\":{\"@id\":\"https:\\\/\\\/www.bellunopress.it\\\/2011\\\/12\\\/29\\\/auronzo-di-scena-so-apre-con-una-strepitosa-maddalena-crippa\\\/#primaryimage\"},\"thumbnailUrl\":\"http:\\\/\\\/www.bellunopress.it\\\/wp-content\\\/uploads\\\/2011\\\/12\\\/maddalena-crippa.jpg\",\"datePublished\":\"2011-12-29T15:34:37+00:00\",\"dateModified\":\"2011-12-30T09:23:18+00:00\",\"breadcrumb\":{\"@id\":\"https:\\\/\\\/www.bellunopress.it\\\/2011\\\/12\\\/29\\\/auronzo-di-scena-so-apre-con-una-strepitosa-maddalena-crippa\\\/#breadcrumb\"},\"inLanguage\":\"fr-FR\",\"potentialAction\":[{\"@type\":\"ReadAction\",\"target\":[\"https:\\\/\\\/www.bellunopress.it\\\/2011\\\/12\\\/29\\\/auronzo-di-scena-so-apre-con-una-strepitosa-maddalena-crippa\\\/\"]}]},{\"@type\":\"ImageObject\",\"inLanguage\":\"fr-FR\",\"@id\":\"https:\\\/\\\/www.bellunopress.it\\\/2011\\\/12\\\/29\\\/auronzo-di-scena-so-apre-con-una-strepitosa-maddalena-crippa\\\/#primaryimage\",\"url\":\"http:\\\/\\\/www.bellunopress.it\\\/wp-content\\\/uploads\\\/2011\\\/12\\\/maddalena-crippa.jpg\",\"contentUrl\":\"http:\\\/\\\/www.bellunopress.it\\\/wp-content\\\/uploads\\\/2011\\\/12\\\/maddalena-crippa.jpg\"},{\"@type\":\"BreadcrumbList\",\"@id\":\"https:\\\/\\\/www.bellunopress.it\\\/2011\\\/12\\\/29\\\/auronzo-di-scena-so-apre-con-una-strepitosa-maddalena-crippa\\\/#breadcrumb\",\"itemListElement\":[{\"@type\":\"ListItem\",\"position\":1,\"name\":\"Home\",\"item\":\"https:\\\/\\\/www.bellunopress.it\\\/\"},{\"@type\":\"ListItem\",\"position\":2,\"name\":\"Auronzo di scena apre con una strepitosa Maddalena Crippa\"}]},{\"@type\":\"WebSite\",\"@id\":\"https:\\\/\\\/www.bellunopress.it\\\/#website\",\"url\":\"https:\\\/\\\/www.bellunopress.it\\\/\",\"name\":\"Bellunopress - Dolomiti\",\"description\":\"e-mail: redazione@bellunopress.it\",\"publisher\":{\"@id\":\"https:\\\/\\\/www.bellunopress.it\\\/#organization\"},\"potentialAction\":[{\"@type\":\"SearchAction\",\"target\":{\"@type\":\"EntryPoint\",\"urlTemplate\":\"https:\\\/\\\/www.bellunopress.it\\\/?s={search_term_string}\"},\"query-input\":{\"@type\":\"PropertyValueSpecification\",\"valueRequired\":true,\"valueName\":\"search_term_string\"}}],\"inLanguage\":\"fr-FR\"},{\"@type\":\"Organization\",\"@id\":\"https:\\\/\\\/www.bellunopress.it\\\/#organization\",\"name\":\"Bellunopress\",\"url\":\"https:\\\/\\\/www.bellunopress.it\\\/\",\"logo\":{\"@type\":\"ImageObject\",\"inLanguage\":\"fr-FR\",\"@id\":\"https:\\\/\\\/www.bellunopress.it\\\/#\\\/schema\\\/logo\\\/image\\\/\",\"url\":\"https:\\\/\\\/www.bellunopress.it\\\/wp-content\\\/uploads\\\/2011\\\/05\\\/cropped-logo-bellunopress-.jpg\",\"contentUrl\":\"https:\\\/\\\/www.bellunopress.it\\\/wp-content\\\/uploads\\\/2011\\\/05\\\/cropped-logo-bellunopress-.jpg\",\"width\":512,\"height\":512,\"caption\":\"Bellunopress\"},\"image\":{\"@id\":\"https:\\\/\\\/www.bellunopress.it\\\/#\\\/schema\\\/logo\\\/image\\\/\"},\"sameAs\":[\"https:\\\/\\\/www.facebook.com\\\/profile.php?id=100008943462799\",\"https:\\\/\\\/x.com\\\/bellunopress\",\"https:\\\/\\\/www.linkedin.com\\\/hp\\\/?dnr=JBzUWaJfMUw8vbXJJ2tVW5-I3jZKvC4wsoxE&amp;amp;amp;amp;amp;amp;trk=nav_responsive_tab_home\",\"https:\\\/\\\/www.youtube.com\\\/channel\\\/UCxL0wu1uN0_3_7hGG0306cw\"]},{\"@type\":\"Person\",\"@id\":\"https:\\\/\\\/www.bellunopress.it\\\/#\\\/schema\\\/person\\\/79bb06722b37ece1c03d3e94beb30d73\",\"name\":\"redazione\",\"image\":{\"@type\":\"ImageObject\",\"inLanguage\":\"fr-FR\",\"@id\":\"https:\\\/\\\/secure.gravatar.com\\\/avatar\\\/37d968a2e67a6fd04c169c4bdef102d0bc5d31b2546345219e348575eb80e9a0?s=96&d=mm&r=g\",\"url\":\"https:\\\/\\\/secure.gravatar.com\\\/avatar\\\/37d968a2e67a6fd04c169c4bdef102d0bc5d31b2546345219e348575eb80e9a0?s=96&d=mm&r=g\",\"contentUrl\":\"https:\\\/\\\/secure.gravatar.com\\\/avatar\\\/37d968a2e67a6fd04c169c4bdef102d0bc5d31b2546345219e348575eb80e9a0?s=96&d=mm&r=g\",\"caption\":\"redazione\"},\"sameAs\":[\"http:\\\/\\\/www.bellunopress.it\",\"https:\\\/\\\/x.com\\\/bellunopress\"],\"url\":\"https:\\\/\\\/www.bellunopress.it\\\/fr\\\/author\\\/redazione\\\/\"}]}<\/script>\n<!-- \/ Yoast SEO plugin. -->","yoast_head_json":{"title":"Auronzo di scena apre con una strepitosa Maddalena Crippa  - Bellunopress - Dolomiti","robots":{"index":"index","follow":"follow","max-snippet":"max-snippet:-1","max-image-preview":"max-image-preview:large","max-video-preview":"max-video-preview:-1"},"canonical":"https:\/\/www.bellunopress.it\/fr\/2011\/12\/29\/auronzo-di-scena-so-apre-con-una-strepitosa-maddalena-crippa\/","og_locale":"fr_FR","og_type":"article","og_title":"Auronzo di scena apre con una strepitosa Maddalena Crippa  - Bellunopress - Dolomiti","og_description":"Sta per prendere avvio la Stagione di Prosa della settima edizione di &#8220;Auronzo di Scena&#8221;, che prevede anche quest&#8217;anno in cartellone tre proposte artistiche di assoluta qualit\u00e0 e rilevanza nella scena nazionale. \u00c8 dunque nel vivo la campagna abbonamenti, ideata con uno sguardo attento alla politica dei prezzi, sar\u00e0 infatti possibile prenotare la tessera di [&hellip;]","og_url":"https:\/\/www.bellunopress.it\/fr\/2011\/12\/29\/auronzo-di-scena-so-apre-con-una-strepitosa-maddalena-crippa\/","og_site_name":"Bellunopress - Dolomiti","article_publisher":"https:\/\/www.facebook.com\/profile.php?id=100008943462799","article_published_time":"2011-12-29T15:34:37+00:00","article_modified_time":"2011-12-30T09:23:18+00:00","og_image":[{"url":"http:\/\/www.bellunopress.it\/wp-content\/uploads\/2011\/12\/maddalena-crippa.jpg","type":"","width":"","height":""}],"author":"redazione","twitter_card":"summary_large_image","twitter_creator":"@bellunopress","twitter_site":"@bellunopress","twitter_misc":{"Written by":"redazione","Est. reading time":"4 minutes"},"schema":{"@context":"https:\/\/schema.org","@graph":[{"@type":"Article","@id":"https:\/\/www.bellunopress.it\/2011\/12\/29\/auronzo-di-scena-so-apre-con-una-strepitosa-maddalena-crippa\/#article","isPartOf":{"@id":"https:\/\/www.bellunopress.it\/2011\/12\/29\/auronzo-di-scena-so-apre-con-una-strepitosa-maddalena-crippa\/"},"author":{"name":"redazione","@id":"https:\/\/www.bellunopress.it\/#\/schema\/person\/79bb06722b37ece1c03d3e94beb30d73"},"headline":"Auronzo di scena apre con una strepitosa Maddalena Crippa","datePublished":"2011-12-29T15:34:37+00:00","dateModified":"2011-12-30T09:23:18+00:00","mainEntityOfPage":{"@id":"https:\/\/www.bellunopress.it\/2011\/12\/29\/auronzo-di-scena-so-apre-con-una-strepitosa-maddalena-crippa\/"},"wordCount":747,"publisher":{"@id":"https:\/\/www.bellunopress.it\/#organization"},"image":{"@id":"https:\/\/www.bellunopress.it\/2011\/12\/29\/auronzo-di-scena-so-apre-con-una-strepitosa-maddalena-crippa\/#primaryimage"},"thumbnailUrl":"http:\/\/www.bellunopress.it\/wp-content\/uploads\/2011\/12\/maddalena-crippa.jpg","articleSection":["Arte, Cultura, Spettacoli, Scienza","Pausa Caff\u00e8"],"inLanguage":"fr-FR"},{"@type":"WebPage","@id":"https:\/\/www.bellunopress.it\/2011\/12\/29\/auronzo-di-scena-so-apre-con-una-strepitosa-maddalena-crippa\/","url":"https:\/\/www.bellunopress.it\/2011\/12\/29\/auronzo-di-scena-so-apre-con-una-strepitosa-maddalena-crippa\/","name":"Auronzo di scena apre con una strepitosa Maddalena Crippa - Bellunopress - Dolomiti","isPartOf":{"@id":"https:\/\/www.bellunopress.it\/#website"},"primaryImageOfPage":{"@id":"https:\/\/www.bellunopress.it\/2011\/12\/29\/auronzo-di-scena-so-apre-con-una-strepitosa-maddalena-crippa\/#primaryimage"},"image":{"@id":"https:\/\/www.bellunopress.it\/2011\/12\/29\/auronzo-di-scena-so-apre-con-una-strepitosa-maddalena-crippa\/#primaryimage"},"thumbnailUrl":"http:\/\/www.bellunopress.it\/wp-content\/uploads\/2011\/12\/maddalena-crippa.jpg","datePublished":"2011-12-29T15:34:37+00:00","dateModified":"2011-12-30T09:23:18+00:00","breadcrumb":{"@id":"https:\/\/www.bellunopress.it\/2011\/12\/29\/auronzo-di-scena-so-apre-con-una-strepitosa-maddalena-crippa\/#breadcrumb"},"inLanguage":"fr-FR","potentialAction":[{"@type":"ReadAction","target":["https:\/\/www.bellunopress.it\/2011\/12\/29\/auronzo-di-scena-so-apre-con-una-strepitosa-maddalena-crippa\/"]}]},{"@type":"ImageObject","inLanguage":"fr-FR","@id":"https:\/\/www.bellunopress.it\/2011\/12\/29\/auronzo-di-scena-so-apre-con-una-strepitosa-maddalena-crippa\/#primaryimage","url":"http:\/\/www.bellunopress.it\/wp-content\/uploads\/2011\/12\/maddalena-crippa.jpg","contentUrl":"http:\/\/www.bellunopress.it\/wp-content\/uploads\/2011\/12\/maddalena-crippa.jpg"},{"@type":"BreadcrumbList","@id":"https:\/\/www.bellunopress.it\/2011\/12\/29\/auronzo-di-scena-so-apre-con-una-strepitosa-maddalena-crippa\/#breadcrumb","itemListElement":[{"@type":"ListItem","position":1,"name":"Home","item":"https:\/\/www.bellunopress.it\/"},{"@type":"ListItem","position":2,"name":"Auronzo di scena apre con una strepitosa Maddalena Crippa"}]},{"@type":"WebSite","@id":"https:\/\/www.bellunopress.it\/#website","url":"https:\/\/www.bellunopress.it\/","name":"Bellunopress - Dolomiti","description":"e-mail: redazione@bellunopress.it","publisher":{"@id":"https:\/\/www.bellunopress.it\/#organization"},"potentialAction":[{"@type":"SearchAction","target":{"@type":"EntryPoint","urlTemplate":"https:\/\/www.bellunopress.it\/?s={search_term_string}"},"query-input":{"@type":"PropertyValueSpecification","valueRequired":true,"valueName":"search_term_string"}}],"inLanguage":"fr-FR"},{"@type":"Organization","@id":"https:\/\/www.bellunopress.it\/#organization","name":"Bellunopress","url":"https:\/\/www.bellunopress.it\/","logo":{"@type":"ImageObject","inLanguage":"fr-FR","@id":"https:\/\/www.bellunopress.it\/#\/schema\/logo\/image\/","url":"https:\/\/www.bellunopress.it\/wp-content\/uploads\/2011\/05\/cropped-logo-bellunopress-.jpg","contentUrl":"https:\/\/www.bellunopress.it\/wp-content\/uploads\/2011\/05\/cropped-logo-bellunopress-.jpg","width":512,"height":512,"caption":"Bellunopress"},"image":{"@id":"https:\/\/www.bellunopress.it\/#\/schema\/logo\/image\/"},"sameAs":["https:\/\/www.facebook.com\/profile.php?id=100008943462799","https:\/\/x.com\/bellunopress","https:\/\/www.linkedin.com\/hp\/?dnr=JBzUWaJfMUw8vbXJJ2tVW5-I3jZKvC4wsoxE&amp;amp;amp;amp;amp;amp;trk=nav_responsive_tab_home","https:\/\/www.youtube.com\/channel\/UCxL0wu1uN0_3_7hGG0306cw"]},{"@type":"Person","@id":"https:\/\/www.bellunopress.it\/#\/schema\/person\/79bb06722b37ece1c03d3e94beb30d73","name":"r\u00e9daction","image":{"@type":"ImageObject","inLanguage":"fr-FR","@id":"https:\/\/secure.gravatar.com\/avatar\/37d968a2e67a6fd04c169c4bdef102d0bc5d31b2546345219e348575eb80e9a0?s=96&d=mm&r=g","url":"https:\/\/secure.gravatar.com\/avatar\/37d968a2e67a6fd04c169c4bdef102d0bc5d31b2546345219e348575eb80e9a0?s=96&d=mm&r=g","contentUrl":"https:\/\/secure.gravatar.com\/avatar\/37d968a2e67a6fd04c169c4bdef102d0bc5d31b2546345219e348575eb80e9a0?s=96&d=mm&r=g","caption":"redazione"},"sameAs":["http:\/\/www.bellunopress.it","https:\/\/x.com\/bellunopress"],"url":"https:\/\/www.bellunopress.it\/fr\/author\/redazione\/"}]}},"_links":{"self":[{"href":"https:\/\/www.bellunopress.it\/fr\/wp-json\/wp\/v2\/posts\/33754","targetHints":{"allow":["GET"]}}],"collection":[{"href":"https:\/\/www.bellunopress.it\/fr\/wp-json\/wp\/v2\/posts"}],"about":[{"href":"https:\/\/www.bellunopress.it\/fr\/wp-json\/wp\/v2\/types\/post"}],"author":[{"embeddable":true,"href":"https:\/\/www.bellunopress.it\/fr\/wp-json\/wp\/v2\/users\/2"}],"replies":[{"embeddable":true,"href":"https:\/\/www.bellunopress.it\/fr\/wp-json\/wp\/v2\/comments?post=33754"}],"version-history":[{"count":3,"href":"https:\/\/www.bellunopress.it\/fr\/wp-json\/wp\/v2\/posts\/33754\/revisions"}],"predecessor-version":[{"id":33764,"href":"https:\/\/www.bellunopress.it\/fr\/wp-json\/wp\/v2\/posts\/33754\/revisions\/33764"}],"wp:attachment":[{"href":"https:\/\/www.bellunopress.it\/fr\/wp-json\/wp\/v2\/media?parent=33754"}],"wp:term":[{"taxonomy":"category","embeddable":true,"href":"https:\/\/www.bellunopress.it\/fr\/wp-json\/wp\/v2\/categories?post=33754"},{"taxonomy":"post_tag","embeddable":true,"href":"https:\/\/www.bellunopress.it\/fr\/wp-json\/wp\/v2\/tags?post=33754"}],"curies":[{"name":"wp","href":"https:\/\/api.w.org\/{rel}","templated":true}]}}