{"id":33752,"date":"2011-12-29T16:19:32","date_gmt":"2011-12-29T15:19:32","guid":{"rendered":"http:\/\/www.bellunopress.it\/?p=33752"},"modified":"2011-12-29T16:19:32","modified_gmt":"2011-12-29T15:19:32","slug":"lattivita-del-teatro-comunale-e-gia-programmata-fino-a-giugno-la-fondazione-teatri-rimane-orfana-della-fondazione-cariverona-ma-lassessore-passuello-vuole-creare-un-nuovo-posto-di-lavoro-il-dir","status":"publish","type":"post","link":"https:\/\/www.bellunopress.it\/fr\/2011\/12\/29\/lattivita-del-teatro-comunale-e-gia-programmata-fino-a-giugno-la-fondazione-teatri-rimane-orfana-della-fondazione-cariverona-ma-lassessore-passuello-vuole-creare-un-nuovo-posto-di-lavoro-il-dir\/","title":{"rendered":"L&#8217;attivit\u00e0 del Teatro Comunale \u00e8 gi\u00e0 programmata fino a giugno, la Fondazione teatri rimane orfana della Fondazione Cariverona. Ma l&#8217;assessore Passuello vuole creare un nuovo posto di lavoro: il direttore della Fondazione   * intervento di Daniela Nicosia"},"content":{"rendered":"<figure id=\"attachment_24068\" aria-describedby=\"caption-attachment-24068\" style=\"width: 280px\" class=\"wp-caption alignleft\"><a href=\"http:\/\/www.bellunopress.it\/wp-content\/uploads\/2011\/02\/daniela-nicosia-280x280.jpg\"><img loading=\"lazy\" decoding=\"async\" class=\"size-full wp-image-24068\" title=\"daniela nicosia 280x280\" src=\"http:\/\/www.bellunopress.it\/wp-content\/uploads\/2011\/02\/daniela-nicosia-280x280.jpg\" alt=\"\" width=\"280\" height=\"279\" srcset=\"https:\/\/www.bellunopress.it\/wp-content\/uploads\/2011\/02\/daniela-nicosia-280x280.jpg 280w, https:\/\/www.bellunopress.it\/wp-content\/uploads\/2011\/02\/daniela-nicosia-280x280-150x150.jpg 150w\" sizes=\"auto, (max-width: 280px) 100vw, 280px\" \/><\/a><figcaption id=\"caption-attachment-24068\" class=\"wp-caption-text\">Daniela Nicosia<\/figcaption><\/figure>\n<p>La memoria \u00e8 necessaria a capire i processi, a progettare il futuro &#8211; da questo era mosso il promemoria di Natale &#8211; ora all&#8217;esordio del nuovo anno penso urga riflettere su un reale progetto di sviluppo per il nostro Teatro.<br \/>\nPer questo invito l&#8217;Assessore Passuello ad informarsi su cosa sono le Residenze Teatrali. Esistono da tempo in Piemonte, Puglia, Toscana, e, addirittura, in Lombardia sono state istituite e finanziate dalla Fondazione Cariplo che \u00e8 una fondazione di origine bancaria come la nostra Cariverona. Inoltre, Assessore, le ricordo che l&#8217;ex Ministro dei Beni Culturali, Giancarlo Galan, nelle Giornate Professionali del Teatro Italiano, svoltesi a Torino il 7 luglio 2011, ha dichiarato che uno dei suoi primi obiettivi sarebbe stata l&#8217;Istituzione delle Residenze Teatrali nei territori, come risposta ottimale per l&#8217;Innovazione del Sistema Teatrale.<br \/>\nLe ricordo anche che l&#8217;attuale Giunta del Comune di Belluno, di cui Lei fa parte, aveva deliberato in aprile il progetto di Residenza e che il Sindaco lo scorso novembre ha rilanciato il progetto stesso in quanto esso potr\u00e0 garantire con un ottimo rapporto costi-benefici, l&#8217;attivit\u00e0 culturale e gestionale del Comunale e dei Teatri della Provincia, cosa che, data la congiuntura economica del momento, non \u00e8 di poco conto. Solo un progetto di Residenza Teatrale, infatti, potr\u00e0 favorire lo sviluppo teatrale della nostra citt\u00e0 e Provincia, lo sviluppo delle professionalit\u00e0, dell&#8217;occupazione, dei talenti e delle Associazioni bellunesi.<br \/>\nA tutto questo Lei risponde pensando di nominare un direttore per la Fondazione, Ente che oggi non ha pi\u00f9 alcuna attivit\u00e0 artistica in proprio, e nemmeno il suo maggior socio Fondatore la Cariverona, e che deve prima pagare tutti i suoi debiti e, mi permetto di ricordarle, prima i corrispettivi per prestazioni gi\u00e0 godute e poi i contributi. A che serve un direttore quando l&#8217;attivit\u00e0 del Teatro Comunale \u00e8 gi\u00e0 stata programmata e calendarizzata fino a giugno da soggetti diversi, tra cui il Tib, che, con la Stagione di Prosa, totalmente a proprie spese, ha garantito ai bellunesi la consueta offerta teatrale? Ma per Lei, questa scelta del Tib per la citt\u00e0, come ha dichiarato sulla stampa, \u00e8 stata una &#8220;furbata&#8221;, ricorda? Sempre in quell&#8217;occasione si disse amareggiata per la Stagione del Tib, \u00e8 questa la &#8220;collaborazione condivisa&#8221; di cui all&#8217;incontro dell&#8217;11 c.m.?<br \/>\nSiamo stanchi di questa politica, che si &#8220;amareggia&#8221; per le cose costruttive, e si affanna, nelle sedi dei partiti, per quelle distruttive.<br \/>\nBen vengano i tavoli, Assessore, ma non per riaprire polemiche, e non con posti fissi gi\u00e0 assegnati per i giocatori amici. Perch\u00e9 qui non si parla di un gioco, ma di gestione di uno spazio pubblico quale il Teatro Comunale, che necessit\u00e0 di essere aperto a tutti, ma abitato da chi ha titoli, competenze e certificazioni, necessarie alla tutela dell&#8217;Ente stesso, dello spazio e ancor prima degli spettatori.<br \/>\nLo sappiamo bene che c&#8217;\u00e8 crisi, ma in tutti i capoluoghi d&#8217;Italia, malgrado la crisi, le strutture teatrali continuano ad avere le convenzioni e a fare il loro lavoro. Solo a Belluno non \u00e8 possibile? E di ci\u00f2 non pensa di esserne responsabile?<br \/>\nVede, Assessore, la collaborazione condivisa \u00e8 possibile solo laddove si lavori tutti insieme nell&#8217;interesse della citt\u00e0, laddove si sia in grado di integrare finanziamenti pubblici e privati, come accadeva per il Filo d&#8217;Arianna, per Comincio dai 3, per Doc, laddove ci sia un progetto e una reale condivisione di un progetto.<br \/>\nForse Lei, nel suo impeto anti Tib, ha dimenticato di dar vita ad un progetto culturale complessivo per la nostra citt\u00e0, ha dimenticato di mettere in relazione positiva e propositiva le realt\u00e0 culturali di questo territorio, ora che il nuovo anno si avvicina, e le elezioni anche, parla di &#8220;collaborazione condivisa&#8221; per il teatro, ma il teatro luogo della finzione scenica, ha bisogno di verit\u00e0 profonde, per rendersi comunicante, le verit\u00e0 che gli uomini di buon cuore conoscono e sanno riconoscere.<br \/>\nDaniela Nicosia *<br \/>\n*direttore artistico di Tib teatro<\/p>","protected":false},"excerpt":{"rendered":"<p>La memoria \u00e8 necessaria a capire i processi, a progettare il futuro &#8211; da questo era mosso il promemoria di Natale &#8211; ora all&#8217;esordio del nuovo anno penso urga riflettere su un reale progetto di sviluppo per il nostro Teatro. Per questo invito l&#8217;Assessore Passuello ad informarsi su cosa sono le Residenze Teatrali. Esistono da [&hellip;]<\/p>\n","protected":false},"author":2,"featured_media":0,"comment_status":"closed","ping_status":"open","sticky":false,"template":"","format":"standard","meta":{"footnotes":""},"categories":[3,5,26],"tags":[],"class_list":["post-33752","post","type-post","status-publish","format-standard","category-arte-cultura-spettacoli-scienza-archivi","category-cronaca","category-prima-pagina"],"yoast_head":"<!-- This site is optimized with the Yoast SEO plugin v28.4 - https:\/\/yoast.com\/product\/yoast-seo-wordpress\/ -->\n<title>L&#039;attivit\u00e0 del Teatro Comunale \u00e8 gi\u00e0 programmata fino a giugno, la Fondazione teatri rimane orfana della Fondazione Cariverona. Ma l&#039;assessore Passuello vuole creare un nuovo posto di lavoro: il direttore della Fondazione  * intervento di Daniela Nicosia - Bellunopress - Dolomiti<\/title>\n<meta name=\"robots\" content=\"index, follow, max-snippet:-1, max-image-preview:large, max-video-preview:-1\" \/>\n<link rel=\"canonical\" href=\"https:\/\/www.bellunopress.it\/fr\/2011\/12\/29\/lattivita-del-teatro-comunale-e-gia-programmata-fino-a-giugno-la-fondazione-teatri-rimane-orfana-della-fondazione-cariverona-ma-lassessore-passuello-vuole-creare-un-nuovo-posto-di-lavoro-il-dir\/\" \/>\n<meta property=\"og:locale\" content=\"fr_FR\" \/>\n<meta property=\"og:type\" content=\"article\" \/>\n<meta property=\"og:title\" content=\"L&#039;attivit\u00e0 del Teatro Comunale \u00e8 gi\u00e0 programmata fino a giugno, la Fondazione teatri rimane orfana della Fondazione Cariverona. Ma l&#039;assessore Passuello vuole creare un nuovo posto di lavoro: il direttore della Fondazione  * intervento di Daniela Nicosia - Bellunopress - Dolomiti\" \/>\n<meta property=\"og:description\" content=\"La memoria \u00e8 necessaria a capire i processi, a progettare il futuro &#8211; da questo era mosso il promemoria di Natale &#8211; ora all&#8217;esordio del nuovo anno penso urga riflettere su un reale progetto di sviluppo per il nostro Teatro. Per questo invito l&#8217;Assessore Passuello ad informarsi su cosa sono le Residenze Teatrali. Esistono da [&hellip;]\" \/>\n<meta property=\"og:url\" content=\"https:\/\/www.bellunopress.it\/fr\/2011\/12\/29\/lattivita-del-teatro-comunale-e-gia-programmata-fino-a-giugno-la-fondazione-teatri-rimane-orfana-della-fondazione-cariverona-ma-lassessore-passuello-vuole-creare-un-nuovo-posto-di-lavoro-il-dir\/\" \/>\n<meta property=\"og:site_name\" content=\"Bellunopress - Dolomiti\" \/>\n<meta property=\"article:publisher\" content=\"https:\/\/www.facebook.com\/profile.php?id=100008943462799\" \/>\n<meta property=\"article:published_time\" content=\"2011-12-29T15:19:32+00:00\" \/>\n<meta property=\"og:image\" content=\"http:\/\/www.bellunopress.it\/wp-content\/uploads\/2011\/02\/daniela-nicosia-280x280.jpg\" \/>\n<meta name=\"author\" content=\"redazione\" \/>\n<meta name=\"twitter:card\" content=\"summary_large_image\" \/>\n<meta name=\"twitter:creator\" content=\"@bellunopress\" \/>\n<meta name=\"twitter:site\" content=\"@bellunopress\" \/>\n<meta name=\"twitter:label1\" content=\"Written by\" \/>\n\t<meta name=\"twitter:data1\" content=\"redazione\" \/>\n\t<meta name=\"twitter:label2\" content=\"Est. reading time\" \/>\n\t<meta name=\"twitter:data2\" content=\"3 minutes\" \/>\n<script type=\"application\/ld+json\" class=\"yoast-schema-graph\">{\"@context\":\"https:\\\/\\\/schema.org\",\"@graph\":[{\"@type\":\"Article\",\"@id\":\"https:\\\/\\\/www.bellunopress.it\\\/2011\\\/12\\\/29\\\/lattivita-del-teatro-comunale-e-gia-programmata-fino-a-giugno-la-fondazione-teatri-rimane-orfana-della-fondazione-cariverona-ma-lassessore-passuello-vuole-creare-un-nuovo-posto-di-lavoro-il-dir\\\/#article\",\"isPartOf\":{\"@id\":\"https:\\\/\\\/www.bellunopress.it\\\/2011\\\/12\\\/29\\\/lattivita-del-teatro-comunale-e-gia-programmata-fino-a-giugno-la-fondazione-teatri-rimane-orfana-della-fondazione-cariverona-ma-lassessore-passuello-vuole-creare-un-nuovo-posto-di-lavoro-il-dir\\\/\"},\"author\":{\"name\":\"redazione\",\"@id\":\"https:\\\/\\\/www.bellunopress.it\\\/#\\\/schema\\\/person\\\/79bb06722b37ece1c03d3e94beb30d73\"},\"headline\":\"L&#8217;attivit\u00e0 del Teatro Comunale \u00e8 gi\u00e0 programmata fino a giugno, la Fondazione teatri rimane orfana della Fondazione Cariverona. Ma l&#8217;assessore Passuello vuole creare un nuovo posto di lavoro: il direttore della Fondazione * intervento di Daniela Nicosia\",\"datePublished\":\"2011-12-29T15:19:32+00:00\",\"mainEntityOfPage\":{\"@id\":\"https:\\\/\\\/www.bellunopress.it\\\/2011\\\/12\\\/29\\\/lattivita-del-teatro-comunale-e-gia-programmata-fino-a-giugno-la-fondazione-teatri-rimane-orfana-della-fondazione-cariverona-ma-lassessore-passuello-vuole-creare-un-nuovo-posto-di-lavoro-il-dir\\\/\"},\"wordCount\":696,\"publisher\":{\"@id\":\"https:\\\/\\\/www.bellunopress.it\\\/#organization\"},\"image\":{\"@id\":\"https:\\\/\\\/www.bellunopress.it\\\/2011\\\/12\\\/29\\\/lattivita-del-teatro-comunale-e-gia-programmata-fino-a-giugno-la-fondazione-teatri-rimane-orfana-della-fondazione-cariverona-ma-lassessore-passuello-vuole-creare-un-nuovo-posto-di-lavoro-il-dir\\\/#primaryimage\"},\"thumbnailUrl\":\"http:\\\/\\\/www.bellunopress.it\\\/wp-content\\\/uploads\\\/2011\\\/02\\\/daniela-nicosia-280x280.jpg\",\"articleSection\":[\"Arte, Cultura, Spettacoli, Scienza\",\"Cronaca\\\/Politica\",\"Prima Pagina\"],\"inLanguage\":\"fr-FR\"},{\"@type\":\"WebPage\",\"@id\":\"https:\\\/\\\/www.bellunopress.it\\\/2011\\\/12\\\/29\\\/lattivita-del-teatro-comunale-e-gia-programmata-fino-a-giugno-la-fondazione-teatri-rimane-orfana-della-fondazione-cariverona-ma-lassessore-passuello-vuole-creare-un-nuovo-posto-di-lavoro-il-dir\\\/\",\"url\":\"https:\\\/\\\/www.bellunopress.it\\\/2011\\\/12\\\/29\\\/lattivita-del-teatro-comunale-e-gia-programmata-fino-a-giugno-la-fondazione-teatri-rimane-orfana-della-fondazione-cariverona-ma-lassessore-passuello-vuole-creare-un-nuovo-posto-di-lavoro-il-dir\\\/\",\"name\":\"L'attivit\u00e0 del Teatro Comunale \u00e8 gi\u00e0 programmata fino a giugno, la Fondazione teatri rimane orfana della Fondazione Cariverona. Ma l'assessore Passuello vuole creare un nuovo posto di lavoro: il direttore della Fondazione * intervento di Daniela Nicosia - Bellunopress - Dolomiti\",\"isPartOf\":{\"@id\":\"https:\\\/\\\/www.bellunopress.it\\\/#website\"},\"primaryImageOfPage\":{\"@id\":\"https:\\\/\\\/www.bellunopress.it\\\/2011\\\/12\\\/29\\\/lattivita-del-teatro-comunale-e-gia-programmata-fino-a-giugno-la-fondazione-teatri-rimane-orfana-della-fondazione-cariverona-ma-lassessore-passuello-vuole-creare-un-nuovo-posto-di-lavoro-il-dir\\\/#primaryimage\"},\"image\":{\"@id\":\"https:\\\/\\\/www.bellunopress.it\\\/2011\\\/12\\\/29\\\/lattivita-del-teatro-comunale-e-gia-programmata-fino-a-giugno-la-fondazione-teatri-rimane-orfana-della-fondazione-cariverona-ma-lassessore-passuello-vuole-creare-un-nuovo-posto-di-lavoro-il-dir\\\/#primaryimage\"},\"thumbnailUrl\":\"http:\\\/\\\/www.bellunopress.it\\\/wp-content\\\/uploads\\\/2011\\\/02\\\/daniela-nicosia-280x280.jpg\",\"datePublished\":\"2011-12-29T15:19:32+00:00\",\"breadcrumb\":{\"@id\":\"https:\\\/\\\/www.bellunopress.it\\\/2011\\\/12\\\/29\\\/lattivita-del-teatro-comunale-e-gia-programmata-fino-a-giugno-la-fondazione-teatri-rimane-orfana-della-fondazione-cariverona-ma-lassessore-passuello-vuole-creare-un-nuovo-posto-di-lavoro-il-dir\\\/#breadcrumb\"},\"inLanguage\":\"fr-FR\",\"potentialAction\":[{\"@type\":\"ReadAction\",\"target\":[\"https:\\\/\\\/www.bellunopress.it\\\/2011\\\/12\\\/29\\\/lattivita-del-teatro-comunale-e-gia-programmata-fino-a-giugno-la-fondazione-teatri-rimane-orfana-della-fondazione-cariverona-ma-lassessore-passuello-vuole-creare-un-nuovo-posto-di-lavoro-il-dir\\\/\"]}]},{\"@type\":\"ImageObject\",\"inLanguage\":\"fr-FR\",\"@id\":\"https:\\\/\\\/www.bellunopress.it\\\/2011\\\/12\\\/29\\\/lattivita-del-teatro-comunale-e-gia-programmata-fino-a-giugno-la-fondazione-teatri-rimane-orfana-della-fondazione-cariverona-ma-lassessore-passuello-vuole-creare-un-nuovo-posto-di-lavoro-il-dir\\\/#primaryimage\",\"url\":\"http:\\\/\\\/www.bellunopress.it\\\/wp-content\\\/uploads\\\/2011\\\/02\\\/daniela-nicosia-280x280.jpg\",\"contentUrl\":\"http:\\\/\\\/www.bellunopress.it\\\/wp-content\\\/uploads\\\/2011\\\/02\\\/daniela-nicosia-280x280.jpg\"},{\"@type\":\"BreadcrumbList\",\"@id\":\"https:\\\/\\\/www.bellunopress.it\\\/2011\\\/12\\\/29\\\/lattivita-del-teatro-comunale-e-gia-programmata-fino-a-giugno-la-fondazione-teatri-rimane-orfana-della-fondazione-cariverona-ma-lassessore-passuello-vuole-creare-un-nuovo-posto-di-lavoro-il-dir\\\/#breadcrumb\",\"itemListElement\":[{\"@type\":\"ListItem\",\"position\":1,\"name\":\"Home\",\"item\":\"https:\\\/\\\/www.bellunopress.it\\\/\"},{\"@type\":\"ListItem\",\"position\":2,\"name\":\"L&#8217;attivit\u00e0 del Teatro Comunale \u00e8 gi\u00e0 programmata fino a giugno, la Fondazione teatri rimane orfana della Fondazione Cariverona. Ma l&#8217;assessore Passuello vuole creare un nuovo posto di lavoro: il direttore della Fondazione * intervento di Daniela Nicosia\"}]},{\"@type\":\"WebSite\",\"@id\":\"https:\\\/\\\/www.bellunopress.it\\\/#website\",\"url\":\"https:\\\/\\\/www.bellunopress.it\\\/\",\"name\":\"Bellunopress - Dolomiti\",\"description\":\"e-mail: redazione@bellunopress.it\",\"publisher\":{\"@id\":\"https:\\\/\\\/www.bellunopress.it\\\/#organization\"},\"potentialAction\":[{\"@type\":\"SearchAction\",\"target\":{\"@type\":\"EntryPoint\",\"urlTemplate\":\"https:\\\/\\\/www.bellunopress.it\\\/?s={search_term_string}\"},\"query-input\":{\"@type\":\"PropertyValueSpecification\",\"valueRequired\":true,\"valueName\":\"search_term_string\"}}],\"inLanguage\":\"fr-FR\"},{\"@type\":\"Organization\",\"@id\":\"https:\\\/\\\/www.bellunopress.it\\\/#organization\",\"name\":\"Bellunopress\",\"url\":\"https:\\\/\\\/www.bellunopress.it\\\/\",\"logo\":{\"@type\":\"ImageObject\",\"inLanguage\":\"fr-FR\",\"@id\":\"https:\\\/\\\/www.bellunopress.it\\\/#\\\/schema\\\/logo\\\/image\\\/\",\"url\":\"https:\\\/\\\/www.bellunopress.it\\\/wp-content\\\/uploads\\\/2011\\\/05\\\/cropped-logo-bellunopress-.jpg\",\"contentUrl\":\"https:\\\/\\\/www.bellunopress.it\\\/wp-content\\\/uploads\\\/2011\\\/05\\\/cropped-logo-bellunopress-.jpg\",\"width\":512,\"height\":512,\"caption\":\"Bellunopress\"},\"image\":{\"@id\":\"https:\\\/\\\/www.bellunopress.it\\\/#\\\/schema\\\/logo\\\/image\\\/\"},\"sameAs\":[\"https:\\\/\\\/www.facebook.com\\\/profile.php?id=100008943462799\",\"https:\\\/\\\/x.com\\\/bellunopress\",\"https:\\\/\\\/www.linkedin.com\\\/hp\\\/?dnr=JBzUWaJfMUw8vbXJJ2tVW5-I3jZKvC4wsoxE&amp;amp;amp;amp;amp;amp;trk=nav_responsive_tab_home\",\"https:\\\/\\\/www.youtube.com\\\/channel\\\/UCxL0wu1uN0_3_7hGG0306cw\"]},{\"@type\":\"Person\",\"@id\":\"https:\\\/\\\/www.bellunopress.it\\\/#\\\/schema\\\/person\\\/79bb06722b37ece1c03d3e94beb30d73\",\"name\":\"redazione\",\"image\":{\"@type\":\"ImageObject\",\"inLanguage\":\"fr-FR\",\"@id\":\"https:\\\/\\\/secure.gravatar.com\\\/avatar\\\/37d968a2e67a6fd04c169c4bdef102d0bc5d31b2546345219e348575eb80e9a0?s=96&d=mm&r=g\",\"url\":\"https:\\\/\\\/secure.gravatar.com\\\/avatar\\\/37d968a2e67a6fd04c169c4bdef102d0bc5d31b2546345219e348575eb80e9a0?s=96&d=mm&r=g\",\"contentUrl\":\"https:\\\/\\\/secure.gravatar.com\\\/avatar\\\/37d968a2e67a6fd04c169c4bdef102d0bc5d31b2546345219e348575eb80e9a0?s=96&d=mm&r=g\",\"caption\":\"redazione\"},\"sameAs\":[\"http:\\\/\\\/www.bellunopress.it\",\"https:\\\/\\\/x.com\\\/bellunopress\"],\"url\":\"https:\\\/\\\/www.bellunopress.it\\\/fr\\\/author\\\/redazione\\\/\"}]}<\/script>\n<!-- \/ Yoast SEO plugin. -->","yoast_head_json":{"title":"L'attivit\u00e0 del Teatro Comunale \u00e8 gi\u00e0 programmata fino a giugno, la Fondazione teatri rimane orfana della Fondazione Cariverona. Ma l'assessore Passuello vuole creare un nuovo posto di lavoro: il direttore della Fondazione  * intervento di Daniela Nicosia - Bellunopress - Dolomiti","robots":{"index":"index","follow":"follow","max-snippet":"max-snippet:-1","max-image-preview":"max-image-preview:large","max-video-preview":"max-video-preview:-1"},"canonical":"https:\/\/www.bellunopress.it\/fr\/2011\/12\/29\/lattivita-del-teatro-comunale-e-gia-programmata-fino-a-giugno-la-fondazione-teatri-rimane-orfana-della-fondazione-cariverona-ma-lassessore-passuello-vuole-creare-un-nuovo-posto-di-lavoro-il-dir\/","og_locale":"fr_FR","og_type":"article","og_title":"L'attivit\u00e0 del Teatro Comunale \u00e8 gi\u00e0 programmata fino a giugno, la Fondazione teatri rimane orfana della Fondazione Cariverona. Ma l'assessore Passuello vuole creare un nuovo posto di lavoro: il direttore della Fondazione  * intervento di Daniela Nicosia - Bellunopress - Dolomiti","og_description":"La memoria \u00e8 necessaria a capire i processi, a progettare il futuro &#8211; da questo era mosso il promemoria di Natale &#8211; ora all&#8217;esordio del nuovo anno penso urga riflettere su un reale progetto di sviluppo per il nostro Teatro. Per questo invito l&#8217;Assessore Passuello ad informarsi su cosa sono le Residenze Teatrali. Esistono da [&hellip;]","og_url":"https:\/\/www.bellunopress.it\/fr\/2011\/12\/29\/lattivita-del-teatro-comunale-e-gia-programmata-fino-a-giugno-la-fondazione-teatri-rimane-orfana-della-fondazione-cariverona-ma-lassessore-passuello-vuole-creare-un-nuovo-posto-di-lavoro-il-dir\/","og_site_name":"Bellunopress - Dolomiti","article_publisher":"https:\/\/www.facebook.com\/profile.php?id=100008943462799","article_published_time":"2011-12-29T15:19:32+00:00","og_image":[{"url":"http:\/\/www.bellunopress.it\/wp-content\/uploads\/2011\/02\/daniela-nicosia-280x280.jpg","type":"","width":"","height":""}],"author":"redazione","twitter_card":"summary_large_image","twitter_creator":"@bellunopress","twitter_site":"@bellunopress","twitter_misc":{"Written by":"redazione","Est. reading time":"3 minutes"},"schema":{"@context":"https:\/\/schema.org","@graph":[{"@type":"Article","@id":"https:\/\/www.bellunopress.it\/2011\/12\/29\/lattivita-del-teatro-comunale-e-gia-programmata-fino-a-giugno-la-fondazione-teatri-rimane-orfana-della-fondazione-cariverona-ma-lassessore-passuello-vuole-creare-un-nuovo-posto-di-lavoro-il-dir\/#article","isPartOf":{"@id":"https:\/\/www.bellunopress.it\/2011\/12\/29\/lattivita-del-teatro-comunale-e-gia-programmata-fino-a-giugno-la-fondazione-teatri-rimane-orfana-della-fondazione-cariverona-ma-lassessore-passuello-vuole-creare-un-nuovo-posto-di-lavoro-il-dir\/"},"author":{"name":"redazione","@id":"https:\/\/www.bellunopress.it\/#\/schema\/person\/79bb06722b37ece1c03d3e94beb30d73"},"headline":"L&#8217;attivit\u00e0 del Teatro Comunale \u00e8 gi\u00e0 programmata fino a giugno, la Fondazione teatri rimane orfana della Fondazione Cariverona. Ma l&#8217;assessore Passuello vuole creare un nuovo posto di lavoro: il direttore della Fondazione * intervento di Daniela Nicosia","datePublished":"2011-12-29T15:19:32+00:00","mainEntityOfPage":{"@id":"https:\/\/www.bellunopress.it\/2011\/12\/29\/lattivita-del-teatro-comunale-e-gia-programmata-fino-a-giugno-la-fondazione-teatri-rimane-orfana-della-fondazione-cariverona-ma-lassessore-passuello-vuole-creare-un-nuovo-posto-di-lavoro-il-dir\/"},"wordCount":696,"publisher":{"@id":"https:\/\/www.bellunopress.it\/#organization"},"image":{"@id":"https:\/\/www.bellunopress.it\/2011\/12\/29\/lattivita-del-teatro-comunale-e-gia-programmata-fino-a-giugno-la-fondazione-teatri-rimane-orfana-della-fondazione-cariverona-ma-lassessore-passuello-vuole-creare-un-nuovo-posto-di-lavoro-il-dir\/#primaryimage"},"thumbnailUrl":"http:\/\/www.bellunopress.it\/wp-content\/uploads\/2011\/02\/daniela-nicosia-280x280.jpg","articleSection":["Arte, Cultura, Spettacoli, Scienza","Cronaca\/Politica","Prima Pagina"],"inLanguage":"fr-FR"},{"@type":"WebPage","@id":"https:\/\/www.bellunopress.it\/2011\/12\/29\/lattivita-del-teatro-comunale-e-gia-programmata-fino-a-giugno-la-fondazione-teatri-rimane-orfana-della-fondazione-cariverona-ma-lassessore-passuello-vuole-creare-un-nuovo-posto-di-lavoro-il-dir\/","url":"https:\/\/www.bellunopress.it\/2011\/12\/29\/lattivita-del-teatro-comunale-e-gia-programmata-fino-a-giugno-la-fondazione-teatri-rimane-orfana-della-fondazione-cariverona-ma-lassessore-passuello-vuole-creare-un-nuovo-posto-di-lavoro-il-dir\/","name":"L'attivit\u00e0 del Teatro Comunale \u00e8 gi\u00e0 programmata fino a giugno, la Fondazione teatri rimane orfana della Fondazione Cariverona. Ma l'assessore Passuello vuole creare un nuovo posto di lavoro: il direttore della Fondazione * intervento di Daniela Nicosia - Bellunopress - Dolomiti","isPartOf":{"@id":"https:\/\/www.bellunopress.it\/#website"},"primaryImageOfPage":{"@id":"https:\/\/www.bellunopress.it\/2011\/12\/29\/lattivita-del-teatro-comunale-e-gia-programmata-fino-a-giugno-la-fondazione-teatri-rimane-orfana-della-fondazione-cariverona-ma-lassessore-passuello-vuole-creare-un-nuovo-posto-di-lavoro-il-dir\/#primaryimage"},"image":{"@id":"https:\/\/www.bellunopress.it\/2011\/12\/29\/lattivita-del-teatro-comunale-e-gia-programmata-fino-a-giugno-la-fondazione-teatri-rimane-orfana-della-fondazione-cariverona-ma-lassessore-passuello-vuole-creare-un-nuovo-posto-di-lavoro-il-dir\/#primaryimage"},"thumbnailUrl":"http:\/\/www.bellunopress.it\/wp-content\/uploads\/2011\/02\/daniela-nicosia-280x280.jpg","datePublished":"2011-12-29T15:19:32+00:00","breadcrumb":{"@id":"https:\/\/www.bellunopress.it\/2011\/12\/29\/lattivita-del-teatro-comunale-e-gia-programmata-fino-a-giugno-la-fondazione-teatri-rimane-orfana-della-fondazione-cariverona-ma-lassessore-passuello-vuole-creare-un-nuovo-posto-di-lavoro-il-dir\/#breadcrumb"},"inLanguage":"fr-FR","potentialAction":[{"@type":"ReadAction","target":["https:\/\/www.bellunopress.it\/2011\/12\/29\/lattivita-del-teatro-comunale-e-gia-programmata-fino-a-giugno-la-fondazione-teatri-rimane-orfana-della-fondazione-cariverona-ma-lassessore-passuello-vuole-creare-un-nuovo-posto-di-lavoro-il-dir\/"]}]},{"@type":"ImageObject","inLanguage":"fr-FR","@id":"https:\/\/www.bellunopress.it\/2011\/12\/29\/lattivita-del-teatro-comunale-e-gia-programmata-fino-a-giugno-la-fondazione-teatri-rimane-orfana-della-fondazione-cariverona-ma-lassessore-passuello-vuole-creare-un-nuovo-posto-di-lavoro-il-dir\/#primaryimage","url":"http:\/\/www.bellunopress.it\/wp-content\/uploads\/2011\/02\/daniela-nicosia-280x280.jpg","contentUrl":"http:\/\/www.bellunopress.it\/wp-content\/uploads\/2011\/02\/daniela-nicosia-280x280.jpg"},{"@type":"BreadcrumbList","@id":"https:\/\/www.bellunopress.it\/2011\/12\/29\/lattivita-del-teatro-comunale-e-gia-programmata-fino-a-giugno-la-fondazione-teatri-rimane-orfana-della-fondazione-cariverona-ma-lassessore-passuello-vuole-creare-un-nuovo-posto-di-lavoro-il-dir\/#breadcrumb","itemListElement":[{"@type":"ListItem","position":1,"name":"Home","item":"https:\/\/www.bellunopress.it\/"},{"@type":"ListItem","position":2,"name":"L&#8217;attivit\u00e0 del Teatro Comunale \u00e8 gi\u00e0 programmata fino a giugno, la Fondazione teatri rimane orfana della Fondazione Cariverona. Ma l&#8217;assessore Passuello vuole creare un nuovo posto di lavoro: il direttore della Fondazione * intervento di Daniela Nicosia"}]},{"@type":"WebSite","@id":"https:\/\/www.bellunopress.it\/#website","url":"https:\/\/www.bellunopress.it\/","name":"Bellunopress - Dolomiti","description":"e-mail: redazione@bellunopress.it","publisher":{"@id":"https:\/\/www.bellunopress.it\/#organization"},"potentialAction":[{"@type":"SearchAction","target":{"@type":"EntryPoint","urlTemplate":"https:\/\/www.bellunopress.it\/?s={search_term_string}"},"query-input":{"@type":"PropertyValueSpecification","valueRequired":true,"valueName":"search_term_string"}}],"inLanguage":"fr-FR"},{"@type":"Organization","@id":"https:\/\/www.bellunopress.it\/#organization","name":"Bellunopress","url":"https:\/\/www.bellunopress.it\/","logo":{"@type":"ImageObject","inLanguage":"fr-FR","@id":"https:\/\/www.bellunopress.it\/#\/schema\/logo\/image\/","url":"https:\/\/www.bellunopress.it\/wp-content\/uploads\/2011\/05\/cropped-logo-bellunopress-.jpg","contentUrl":"https:\/\/www.bellunopress.it\/wp-content\/uploads\/2011\/05\/cropped-logo-bellunopress-.jpg","width":512,"height":512,"caption":"Bellunopress"},"image":{"@id":"https:\/\/www.bellunopress.it\/#\/schema\/logo\/image\/"},"sameAs":["https:\/\/www.facebook.com\/profile.php?id=100008943462799","https:\/\/x.com\/bellunopress","https:\/\/www.linkedin.com\/hp\/?dnr=JBzUWaJfMUw8vbXJJ2tVW5-I3jZKvC4wsoxE&amp;amp;amp;amp;amp;amp;trk=nav_responsive_tab_home","https:\/\/www.youtube.com\/channel\/UCxL0wu1uN0_3_7hGG0306cw"]},{"@type":"Person","@id":"https:\/\/www.bellunopress.it\/#\/schema\/person\/79bb06722b37ece1c03d3e94beb30d73","name":"r\u00e9daction","image":{"@type":"ImageObject","inLanguage":"fr-FR","@id":"https:\/\/secure.gravatar.com\/avatar\/37d968a2e67a6fd04c169c4bdef102d0bc5d31b2546345219e348575eb80e9a0?s=96&d=mm&r=g","url":"https:\/\/secure.gravatar.com\/avatar\/37d968a2e67a6fd04c169c4bdef102d0bc5d31b2546345219e348575eb80e9a0?s=96&d=mm&r=g","contentUrl":"https:\/\/secure.gravatar.com\/avatar\/37d968a2e67a6fd04c169c4bdef102d0bc5d31b2546345219e348575eb80e9a0?s=96&d=mm&r=g","caption":"redazione"},"sameAs":["http:\/\/www.bellunopress.it","https:\/\/x.com\/bellunopress"],"url":"https:\/\/www.bellunopress.it\/fr\/author\/redazione\/"}]}},"_links":{"self":[{"href":"https:\/\/www.bellunopress.it\/fr\/wp-json\/wp\/v2\/posts\/33752","targetHints":{"allow":["GET"]}}],"collection":[{"href":"https:\/\/www.bellunopress.it\/fr\/wp-json\/wp\/v2\/posts"}],"about":[{"href":"https:\/\/www.bellunopress.it\/fr\/wp-json\/wp\/v2\/types\/post"}],"author":[{"embeddable":true,"href":"https:\/\/www.bellunopress.it\/fr\/wp-json\/wp\/v2\/users\/2"}],"replies":[{"embeddable":true,"href":"https:\/\/www.bellunopress.it\/fr\/wp-json\/wp\/v2\/comments?post=33752"}],"version-history":[{"count":1,"href":"https:\/\/www.bellunopress.it\/fr\/wp-json\/wp\/v2\/posts\/33752\/revisions"}],"predecessor-version":[{"id":33753,"href":"https:\/\/www.bellunopress.it\/fr\/wp-json\/wp\/v2\/posts\/33752\/revisions\/33753"}],"wp:attachment":[{"href":"https:\/\/www.bellunopress.it\/fr\/wp-json\/wp\/v2\/media?parent=33752"}],"wp:term":[{"taxonomy":"category","embeddable":true,"href":"https:\/\/www.bellunopress.it\/fr\/wp-json\/wp\/v2\/categories?post=33752"},{"taxonomy":"post_tag","embeddable":true,"href":"https:\/\/www.bellunopress.it\/fr\/wp-json\/wp\/v2\/tags?post=33752"}],"curies":[{"name":"wp","href":"https:\/\/api.w.org\/{rel}","templated":true}]}}