{"id":33738,"date":"2011-12-29T12:28:26","date_gmt":"2011-12-29T11:28:26","guid":{"rendered":"http:\/\/www.bellunopress.it\/?p=33738"},"modified":"2011-12-29T12:28:26","modified_gmt":"2011-12-29T11:28:26","slug":"caccia-in-deroga-le-pesanti-sanzioni-ue-le-paghino-zaia-e-stival-andrea-zanoni-europarlamentare-idv-mi-rivolgero-alla-corte-dei-conti-affinche-il-danno-erariale-non-ricad","status":"publish","type":"post","link":"https:\/\/www.bellunopress.it\/fr\/2011\/12\/29\/caccia-in-deroga-le-pesanti-sanzioni-ue-le-paghino-zaia-e-stival-andrea-zanoni-europarlamentare-idv-mi-rivolgero-alla-corte-dei-conti-affinche-il-danno-erariale-non-ricad\/","title":{"rendered":"Caccia in deroga: \u201cLe pesanti sanzioni UE le paghino Zaia e Stival\u201d. Andrea Zanoni europarlamentare IdV: \u201cMi rivolger\u00f2 alla Corte dei Conti affinch\u00e9 il danno erariale non ricada sui veneti"},"content":{"rendered":"<figure id=\"attachment_32908\" aria-describedby=\"caption-attachment-32908\" style=\"width: 150px\" class=\"wp-caption alignleft\"><a href=\"http:\/\/www.bellunopress.it\/wp-content\/uploads\/2011\/12\/andrea-zanoni.jpg\"><img loading=\"lazy\" decoding=\"async\" class=\"size-full wp-image-32908\" title=\"andrea zanoni\" src=\"http:\/\/www.bellunopress.it\/wp-content\/uploads\/2011\/12\/andrea-zanoni.jpg\" alt=\"\" width=\"150\" height=\"123\" \/><\/a><figcaption id=\"caption-attachment-32908\" class=\"wp-caption-text\">Andrea Zanoni<\/figcaption><\/figure>\n<p>Caccia in deroga: il 24 dicembre \u00e8 scaduto l\u2019ultimatum della Commissione Europea all\u2019Italia\u00a0 per la violazione della \u201cDirettiva Uccelli\u201d.<br \/>\nQuesta ennesima diffida europea \u00e8 il primo passo che sfocer\u00e0 nella seconda condanna con la quale arriveranno matematicamente le pesanti sanzioni essendo le Regioni Veneto, Liguria, Lombardia recidive per la violazione dell\u2019art 9 della \u201cDirettiva uccelli\u201d la numero 2009\/147 \/CE.<br \/>\nAndrea Zanoni, europarlamentare IdV promette nuovamente battaglia e inviata il Governatore Zaia e l\u2019assessore alla Caccia Stival a tenete pronto il portafoglio. \u201cSe dovessero arrivare queste sanzioni \u2013 rassicura Zanoni &#8211; scriver\u00f2 alla Corte dei Conti per chiedere che questo danno erariale ricada su Stilal, Zaia e la sua Giunta e non su tutti i cittadini del Veneto, essendoci anche una legge dello Stato che prevede che in caso di tali violazioni lo Stato si possa rivalere sulle Regioni\u201d.<br \/>\nIl settimanale l\u2019Espresso, in un articolo del 5 dicembre 2011 ha\u00a0 quantificato una sanzione complessiva di UN MILIARDO DI EURO per le violazioni della \u201cDirettiva Uccelli\u201d.<br \/>\nLa Regione Veneto, invece di annullare le sue leggi come ha fatto la Liguria e la Lombardia nei giorni scorsi, da quanto racconta Stival in un\u2019intervista alla stampa locale, ha inviato al Governo un documento a sostegno della caccia in deroga che secondo lui sarebbe stato fatto proprio dallo stresso ministro all\u2019Ambiente Clini e inviato alla Commissione europea.<br \/>\n\u201cRitengo inverosimile un simile atto da parte del ministero anche perch\u00e9 il Governo \u00e8 ben consapevole che il Veneto \u00e8 la causa di queste nuove procedure di infrazione da parte della Commissione Europea e non ha certo intenzione di rischiare di pagare multe miliardarie in periodo di vacche magre\u201d ha detto Zanoni.<br \/>\n\u201cLa Giunta Zaia \u2013 prosegue l\u2019eurodeputato &#8211; persevera nel volere difendere una legge indifendibile considerata illegittima dall\u2019ISPRA &#8211; Istituto superiore per la prevenzione e protezione ambientale e\u00a0 illegale dalla Corte di Giustizia con una sentenza di condanna datata 11 novembre 2010. Zanoni incalza: \u201cCome fa Stival a dire addirittura di aver rispettato la \u201cDirettiva Uccelli\u201d quando proprio il Veneto \u00e8 un pregiudicato in materia essendo gi\u00e0 stato condannato dalla Corte di Giustizia Europea ?<br \/>\nE\u2019 ora che questi signori che ci governano in Regione la finiscano di giocare col portafoglio dei cittadini veneti, solo per accaparrarsi i voti dei cacciatori. E\u2019 vergognoso che giochino con i risparmi dei veneti per consentire una legge illegale. Ritengo che i tempi siano maturi per un intervento della magistratura perch\u00e9 abbattere una Pispola in qualsiasi parte d\u2019Italia \u00e8 considerato reato e chi lo fa \u00e8 considerato un bracconiere, la battaglia pro caccia in deroga che sta portando avanti la Regione Veneto sta legittimando e istigando al bracconaggio ovvero sta consentendo quello che in tutte le altre regioni \u00e8 considerato reato.<br \/>\nStival sulla stampa locale ha inoltre richiamato una sorta di inaccettabile \u201ccontrollo personale\u201d sul cacciatore qualora fosse imposto l\u2019obbligo di annotare subito gli animali abbattuti sul tesserino di caccia, come invece avviene per la caccia alle specie cacciabili in via ordinaria.<br \/>\n\u201cCi rendiamo conto di quello che sta dicendo Stival? \u2013 commenta Zanoni \u2013 Posso solo sperare che si tratti di un errore di trascrizione del giornale, anche se conoscendo Stival ho i miei dubbi\u201c.<br \/>\nProprio sulla caccia in deroga, come documentato dalle associazioni di tutela degli animali con un agghiacciante video girato a Brescia sul Colle San Zeno (vedi video) avvengono le stragi pi\u00f9 efferate di piccoli uccelli migratori. \u201cE Stival cosa fa? \u2013 si chiede Zanoni &#8211; Richiama una sua personale visione della legge sulla privacy per consentire di non annotare subito gli animali abbattuti!\u201d.<br \/>\n<a href=\"http:\/\/www.youtube.com\/watch?feature=player_embedded&amp;v=iVWMixVNf04\">http:\/\/www.youtube.com\/watch?feature=player_embedded&amp;v=iVWMixVNf04<\/a><\/p>","protected":false},"excerpt":{"rendered":"<p>Caccia in deroga: il 24 dicembre \u00e8 scaduto l\u2019ultimatum della Commissione Europea all\u2019Italia\u00a0 per la violazione della \u201cDirettiva Uccelli\u201d. Questa ennesima diffida europea \u00e8 il primo passo che sfocer\u00e0 nella seconda condanna con la quale arriveranno matematicamente le pesanti sanzioni essendo le Regioni Veneto, Liguria, Lombardia recidive per la violazione dell\u2019art 9 della \u201cDirettiva uccelli\u201d [&hellip;]<\/p>\n","protected":false},"author":2,"featured_media":0,"comment_status":"closed","ping_status":"open","sticky":false,"template":"","format":"standard","meta":{"footnotes":""},"categories":[5,26],"tags":[],"class_list":["post-33738","post","type-post","status-publish","format-standard","category-cronaca","category-prima-pagina"],"yoast_head":"<!-- This site is optimized with the Yoast SEO plugin v28.4 - https:\/\/yoast.com\/product\/yoast-seo-wordpress\/ -->\n<title>Caccia in deroga: \u201cLe pesanti sanzioni UE le paghino Zaia e Stival\u201d. Andrea Zanoni europarlamentare IdV: \u201cMi rivolger\u00f2 alla Corte dei Conti affinch\u00e9 il danno erariale non ricada sui veneti - Bellunopress - Dolomiti<\/title>\n<meta name=\"robots\" content=\"index, follow, max-snippet:-1, max-image-preview:large, max-video-preview:-1\" \/>\n<link rel=\"canonical\" href=\"https:\/\/www.bellunopress.it\/fr\/2011\/12\/29\/caccia-in-deroga-le-pesanti-sanzioni-ue-le-paghino-zaia-e-stival-andrea-zanoni-europarlamentare-idv-mi-rivolgero-alla-corte-dei-conti-affinche-il-danno-erariale-non-ricad\/\" \/>\n<meta property=\"og:locale\" content=\"fr_FR\" \/>\n<meta property=\"og:type\" content=\"article\" \/>\n<meta property=\"og:title\" content=\"Caccia in deroga: \u201cLe pesanti sanzioni UE le paghino Zaia e Stival\u201d. Andrea Zanoni europarlamentare IdV: \u201cMi rivolger\u00f2 alla Corte dei Conti affinch\u00e9 il danno erariale non ricada sui veneti - Bellunopress - Dolomiti\" \/>\n<meta property=\"og:description\" content=\"Caccia in deroga: il 24 dicembre \u00e8 scaduto l\u2019ultimatum della Commissione Europea all\u2019Italia\u00a0 per la violazione della \u201cDirettiva Uccelli\u201d. Questa ennesima diffida europea \u00e8 il primo passo che sfocer\u00e0 nella seconda condanna con la quale arriveranno matematicamente le pesanti sanzioni essendo le Regioni Veneto, Liguria, Lombardia recidive per la violazione dell\u2019art 9 della \u201cDirettiva uccelli\u201d [&hellip;]\" \/>\n<meta property=\"og:url\" content=\"https:\/\/www.bellunopress.it\/fr\/2011\/12\/29\/caccia-in-deroga-le-pesanti-sanzioni-ue-le-paghino-zaia-e-stival-andrea-zanoni-europarlamentare-idv-mi-rivolgero-alla-corte-dei-conti-affinche-il-danno-erariale-non-ricad\/\" \/>\n<meta property=\"og:site_name\" content=\"Bellunopress - Dolomiti\" \/>\n<meta property=\"article:publisher\" content=\"https:\/\/www.facebook.com\/profile.php?id=100008943462799\" \/>\n<meta property=\"article:published_time\" content=\"2011-12-29T11:28:26+00:00\" \/>\n<meta property=\"og:image\" content=\"http:\/\/www.bellunopress.it\/wp-content\/uploads\/2011\/12\/andrea-zanoni.jpg\" \/>\n<meta name=\"author\" content=\"redazione\" \/>\n<meta name=\"twitter:card\" content=\"summary_large_image\" \/>\n<meta name=\"twitter:creator\" content=\"@bellunopress\" \/>\n<meta name=\"twitter:site\" content=\"@bellunopress\" \/>\n<meta name=\"twitter:label1\" content=\"Written by\" \/>\n\t<meta name=\"twitter:data1\" content=\"redazione\" \/>\n\t<meta name=\"twitter:label2\" content=\"Est. reading time\" \/>\n\t<meta name=\"twitter:data2\" content=\"3 minutes\" \/>\n<script type=\"application\/ld+json\" class=\"yoast-schema-graph\">{\"@context\":\"https:\\\/\\\/schema.org\",\"@graph\":[{\"@type\":\"Article\",\"@id\":\"https:\\\/\\\/www.bellunopress.it\\\/2011\\\/12\\\/29\\\/caccia-in-deroga-le-pesanti-sanzioni-ue-le-paghino-zaia-e-stival-andrea-zanoni-europarlamentare-idv-mi-rivolgero-alla-corte-dei-conti-affinche-il-danno-erariale-non-ricad\\\/#article\",\"isPartOf\":{\"@id\":\"https:\\\/\\\/www.bellunopress.it\\\/2011\\\/12\\\/29\\\/caccia-in-deroga-le-pesanti-sanzioni-ue-le-paghino-zaia-e-stival-andrea-zanoni-europarlamentare-idv-mi-rivolgero-alla-corte-dei-conti-affinche-il-danno-erariale-non-ricad\\\/\"},\"author\":{\"name\":\"redazione\",\"@id\":\"https:\\\/\\\/www.bellunopress.it\\\/#\\\/schema\\\/person\\\/79bb06722b37ece1c03d3e94beb30d73\"},\"headline\":\"Caccia in deroga: \u201cLe pesanti sanzioni UE le paghino Zaia e Stival\u201d. Andrea Zanoni europarlamentare IdV: \u201cMi rivolger\u00f2 alla Corte dei Conti affinch\u00e9 il danno erariale non ricada sui veneti\",\"datePublished\":\"2011-12-29T11:28:26+00:00\",\"mainEntityOfPage\":{\"@id\":\"https:\\\/\\\/www.bellunopress.it\\\/2011\\\/12\\\/29\\\/caccia-in-deroga-le-pesanti-sanzioni-ue-le-paghino-zaia-e-stival-andrea-zanoni-europarlamentare-idv-mi-rivolgero-alla-corte-dei-conti-affinche-il-danno-erariale-non-ricad\\\/\"},\"wordCount\":628,\"publisher\":{\"@id\":\"https:\\\/\\\/www.bellunopress.it\\\/#organization\"},\"image\":{\"@id\":\"https:\\\/\\\/www.bellunopress.it\\\/2011\\\/12\\\/29\\\/caccia-in-deroga-le-pesanti-sanzioni-ue-le-paghino-zaia-e-stival-andrea-zanoni-europarlamentare-idv-mi-rivolgero-alla-corte-dei-conti-affinche-il-danno-erariale-non-ricad\\\/#primaryimage\"},\"thumbnailUrl\":\"http:\\\/\\\/www.bellunopress.it\\\/wp-content\\\/uploads\\\/2011\\\/12\\\/andrea-zanoni.jpg\",\"articleSection\":[\"Cronaca\\\/Politica\",\"Prima Pagina\"],\"inLanguage\":\"fr-FR\"},{\"@type\":\"WebPage\",\"@id\":\"https:\\\/\\\/www.bellunopress.it\\\/2011\\\/12\\\/29\\\/caccia-in-deroga-le-pesanti-sanzioni-ue-le-paghino-zaia-e-stival-andrea-zanoni-europarlamentare-idv-mi-rivolgero-alla-corte-dei-conti-affinche-il-danno-erariale-non-ricad\\\/\",\"url\":\"https:\\\/\\\/www.bellunopress.it\\\/2011\\\/12\\\/29\\\/caccia-in-deroga-le-pesanti-sanzioni-ue-le-paghino-zaia-e-stival-andrea-zanoni-europarlamentare-idv-mi-rivolgero-alla-corte-dei-conti-affinche-il-danno-erariale-non-ricad\\\/\",\"name\":\"Caccia in deroga: \u201cLe pesanti sanzioni UE le paghino Zaia e Stival\u201d. Andrea Zanoni europarlamentare IdV: \u201cMi rivolger\u00f2 alla Corte dei Conti affinch\u00e9 il danno erariale non ricada sui veneti - Bellunopress - Dolomiti\",\"isPartOf\":{\"@id\":\"https:\\\/\\\/www.bellunopress.it\\\/#website\"},\"primaryImageOfPage\":{\"@id\":\"https:\\\/\\\/www.bellunopress.it\\\/2011\\\/12\\\/29\\\/caccia-in-deroga-le-pesanti-sanzioni-ue-le-paghino-zaia-e-stival-andrea-zanoni-europarlamentare-idv-mi-rivolgero-alla-corte-dei-conti-affinche-il-danno-erariale-non-ricad\\\/#primaryimage\"},\"image\":{\"@id\":\"https:\\\/\\\/www.bellunopress.it\\\/2011\\\/12\\\/29\\\/caccia-in-deroga-le-pesanti-sanzioni-ue-le-paghino-zaia-e-stival-andrea-zanoni-europarlamentare-idv-mi-rivolgero-alla-corte-dei-conti-affinche-il-danno-erariale-non-ricad\\\/#primaryimage\"},\"thumbnailUrl\":\"http:\\\/\\\/www.bellunopress.it\\\/wp-content\\\/uploads\\\/2011\\\/12\\\/andrea-zanoni.jpg\",\"datePublished\":\"2011-12-29T11:28:26+00:00\",\"breadcrumb\":{\"@id\":\"https:\\\/\\\/www.bellunopress.it\\\/2011\\\/12\\\/29\\\/caccia-in-deroga-le-pesanti-sanzioni-ue-le-paghino-zaia-e-stival-andrea-zanoni-europarlamentare-idv-mi-rivolgero-alla-corte-dei-conti-affinche-il-danno-erariale-non-ricad\\\/#breadcrumb\"},\"inLanguage\":\"fr-FR\",\"potentialAction\":[{\"@type\":\"ReadAction\",\"target\":[\"https:\\\/\\\/www.bellunopress.it\\\/2011\\\/12\\\/29\\\/caccia-in-deroga-le-pesanti-sanzioni-ue-le-paghino-zaia-e-stival-andrea-zanoni-europarlamentare-idv-mi-rivolgero-alla-corte-dei-conti-affinche-il-danno-erariale-non-ricad\\\/\"]}]},{\"@type\":\"ImageObject\",\"inLanguage\":\"fr-FR\",\"@id\":\"https:\\\/\\\/www.bellunopress.it\\\/2011\\\/12\\\/29\\\/caccia-in-deroga-le-pesanti-sanzioni-ue-le-paghino-zaia-e-stival-andrea-zanoni-europarlamentare-idv-mi-rivolgero-alla-corte-dei-conti-affinche-il-danno-erariale-non-ricad\\\/#primaryimage\",\"url\":\"http:\\\/\\\/www.bellunopress.it\\\/wp-content\\\/uploads\\\/2011\\\/12\\\/andrea-zanoni.jpg\",\"contentUrl\":\"http:\\\/\\\/www.bellunopress.it\\\/wp-content\\\/uploads\\\/2011\\\/12\\\/andrea-zanoni.jpg\"},{\"@type\":\"BreadcrumbList\",\"@id\":\"https:\\\/\\\/www.bellunopress.it\\\/2011\\\/12\\\/29\\\/caccia-in-deroga-le-pesanti-sanzioni-ue-le-paghino-zaia-e-stival-andrea-zanoni-europarlamentare-idv-mi-rivolgero-alla-corte-dei-conti-affinche-il-danno-erariale-non-ricad\\\/#breadcrumb\",\"itemListElement\":[{\"@type\":\"ListItem\",\"position\":1,\"name\":\"Home\",\"item\":\"https:\\\/\\\/www.bellunopress.it\\\/\"},{\"@type\":\"ListItem\",\"position\":2,\"name\":\"Caccia in deroga: \u201cLe pesanti sanzioni UE le paghino Zaia e Stival\u201d. Andrea Zanoni europarlamentare IdV: \u201cMi rivolger\u00f2 alla Corte dei Conti affinch\u00e9 il danno erariale non ricada sui veneti\"}]},{\"@type\":\"WebSite\",\"@id\":\"https:\\\/\\\/www.bellunopress.it\\\/#website\",\"url\":\"https:\\\/\\\/www.bellunopress.it\\\/\",\"name\":\"Bellunopress - Dolomiti\",\"description\":\"e-mail: redazione@bellunopress.it\",\"publisher\":{\"@id\":\"https:\\\/\\\/www.bellunopress.it\\\/#organization\"},\"potentialAction\":[{\"@type\":\"SearchAction\",\"target\":{\"@type\":\"EntryPoint\",\"urlTemplate\":\"https:\\\/\\\/www.bellunopress.it\\\/?s={search_term_string}\"},\"query-input\":{\"@type\":\"PropertyValueSpecification\",\"valueRequired\":true,\"valueName\":\"search_term_string\"}}],\"inLanguage\":\"fr-FR\"},{\"@type\":\"Organization\",\"@id\":\"https:\\\/\\\/www.bellunopress.it\\\/#organization\",\"name\":\"Bellunopress\",\"url\":\"https:\\\/\\\/www.bellunopress.it\\\/\",\"logo\":{\"@type\":\"ImageObject\",\"inLanguage\":\"fr-FR\",\"@id\":\"https:\\\/\\\/www.bellunopress.it\\\/#\\\/schema\\\/logo\\\/image\\\/\",\"url\":\"https:\\\/\\\/www.bellunopress.it\\\/wp-content\\\/uploads\\\/2011\\\/05\\\/cropped-logo-bellunopress-.jpg\",\"contentUrl\":\"https:\\\/\\\/www.bellunopress.it\\\/wp-content\\\/uploads\\\/2011\\\/05\\\/cropped-logo-bellunopress-.jpg\",\"width\":512,\"height\":512,\"caption\":\"Bellunopress\"},\"image\":{\"@id\":\"https:\\\/\\\/www.bellunopress.it\\\/#\\\/schema\\\/logo\\\/image\\\/\"},\"sameAs\":[\"https:\\\/\\\/www.facebook.com\\\/profile.php?id=100008943462799\",\"https:\\\/\\\/x.com\\\/bellunopress\",\"https:\\\/\\\/www.linkedin.com\\\/hp\\\/?dnr=JBzUWaJfMUw8vbXJJ2tVW5-I3jZKvC4wsoxE&amp;amp;amp;amp;amp;amp;trk=nav_responsive_tab_home\",\"https:\\\/\\\/www.youtube.com\\\/channel\\\/UCxL0wu1uN0_3_7hGG0306cw\"]},{\"@type\":\"Person\",\"@id\":\"https:\\\/\\\/www.bellunopress.it\\\/#\\\/schema\\\/person\\\/79bb06722b37ece1c03d3e94beb30d73\",\"name\":\"redazione\",\"image\":{\"@type\":\"ImageObject\",\"inLanguage\":\"fr-FR\",\"@id\":\"https:\\\/\\\/secure.gravatar.com\\\/avatar\\\/37d968a2e67a6fd04c169c4bdef102d0bc5d31b2546345219e348575eb80e9a0?s=96&d=mm&r=g\",\"url\":\"https:\\\/\\\/secure.gravatar.com\\\/avatar\\\/37d968a2e67a6fd04c169c4bdef102d0bc5d31b2546345219e348575eb80e9a0?s=96&d=mm&r=g\",\"contentUrl\":\"https:\\\/\\\/secure.gravatar.com\\\/avatar\\\/37d968a2e67a6fd04c169c4bdef102d0bc5d31b2546345219e348575eb80e9a0?s=96&d=mm&r=g\",\"caption\":\"redazione\"},\"sameAs\":[\"http:\\\/\\\/www.bellunopress.it\",\"https:\\\/\\\/x.com\\\/bellunopress\"],\"url\":\"https:\\\/\\\/www.bellunopress.it\\\/fr\\\/author\\\/redazione\\\/\"}]}<\/script>\n<!-- \/ Yoast SEO plugin. -->","yoast_head_json":{"title":"Caccia in deroga: \u201cLe pesanti sanzioni UE le paghino Zaia e Stival\u201d. Andrea Zanoni europarlamentare IdV: \u201cMi rivolger\u00f2 alla Corte dei Conti affinch\u00e9 il danno erariale non ricada sui veneti - Bellunopress - Dolomiti","robots":{"index":"index","follow":"follow","max-snippet":"max-snippet:-1","max-image-preview":"max-image-preview:large","max-video-preview":"max-video-preview:-1"},"canonical":"https:\/\/www.bellunopress.it\/fr\/2011\/12\/29\/caccia-in-deroga-le-pesanti-sanzioni-ue-le-paghino-zaia-e-stival-andrea-zanoni-europarlamentare-idv-mi-rivolgero-alla-corte-dei-conti-affinche-il-danno-erariale-non-ricad\/","og_locale":"fr_FR","og_type":"article","og_title":"Caccia in deroga: \u201cLe pesanti sanzioni UE le paghino Zaia e Stival\u201d. Andrea Zanoni europarlamentare IdV: \u201cMi rivolger\u00f2 alla Corte dei Conti affinch\u00e9 il danno erariale non ricada sui veneti - Bellunopress - Dolomiti","og_description":"Caccia in deroga: il 24 dicembre \u00e8 scaduto l\u2019ultimatum della Commissione Europea all\u2019Italia\u00a0 per la violazione della \u201cDirettiva Uccelli\u201d. Questa ennesima diffida europea \u00e8 il primo passo che sfocer\u00e0 nella seconda condanna con la quale arriveranno matematicamente le pesanti sanzioni essendo le Regioni Veneto, Liguria, Lombardia recidive per la violazione dell\u2019art 9 della \u201cDirettiva uccelli\u201d [&hellip;]","og_url":"https:\/\/www.bellunopress.it\/fr\/2011\/12\/29\/caccia-in-deroga-le-pesanti-sanzioni-ue-le-paghino-zaia-e-stival-andrea-zanoni-europarlamentare-idv-mi-rivolgero-alla-corte-dei-conti-affinche-il-danno-erariale-non-ricad\/","og_site_name":"Bellunopress - Dolomiti","article_publisher":"https:\/\/www.facebook.com\/profile.php?id=100008943462799","article_published_time":"2011-12-29T11:28:26+00:00","og_image":[{"url":"http:\/\/www.bellunopress.it\/wp-content\/uploads\/2011\/12\/andrea-zanoni.jpg","type":"","width":"","height":""}],"author":"redazione","twitter_card":"summary_large_image","twitter_creator":"@bellunopress","twitter_site":"@bellunopress","twitter_misc":{"Written by":"redazione","Est. reading time":"3 minutes"},"schema":{"@context":"https:\/\/schema.org","@graph":[{"@type":"Article","@id":"https:\/\/www.bellunopress.it\/2011\/12\/29\/caccia-in-deroga-le-pesanti-sanzioni-ue-le-paghino-zaia-e-stival-andrea-zanoni-europarlamentare-idv-mi-rivolgero-alla-corte-dei-conti-affinche-il-danno-erariale-non-ricad\/#article","isPartOf":{"@id":"https:\/\/www.bellunopress.it\/2011\/12\/29\/caccia-in-deroga-le-pesanti-sanzioni-ue-le-paghino-zaia-e-stival-andrea-zanoni-europarlamentare-idv-mi-rivolgero-alla-corte-dei-conti-affinche-il-danno-erariale-non-ricad\/"},"author":{"name":"redazione","@id":"https:\/\/www.bellunopress.it\/#\/schema\/person\/79bb06722b37ece1c03d3e94beb30d73"},"headline":"Caccia in deroga: \u201cLe pesanti sanzioni UE le paghino Zaia e Stival\u201d. Andrea Zanoni europarlamentare IdV: \u201cMi rivolger\u00f2 alla Corte dei Conti affinch\u00e9 il danno erariale non ricada sui veneti","datePublished":"2011-12-29T11:28:26+00:00","mainEntityOfPage":{"@id":"https:\/\/www.bellunopress.it\/2011\/12\/29\/caccia-in-deroga-le-pesanti-sanzioni-ue-le-paghino-zaia-e-stival-andrea-zanoni-europarlamentare-idv-mi-rivolgero-alla-corte-dei-conti-affinche-il-danno-erariale-non-ricad\/"},"wordCount":628,"publisher":{"@id":"https:\/\/www.bellunopress.it\/#organization"},"image":{"@id":"https:\/\/www.bellunopress.it\/2011\/12\/29\/caccia-in-deroga-le-pesanti-sanzioni-ue-le-paghino-zaia-e-stival-andrea-zanoni-europarlamentare-idv-mi-rivolgero-alla-corte-dei-conti-affinche-il-danno-erariale-non-ricad\/#primaryimage"},"thumbnailUrl":"http:\/\/www.bellunopress.it\/wp-content\/uploads\/2011\/12\/andrea-zanoni.jpg","articleSection":["Cronaca\/Politica","Prima Pagina"],"inLanguage":"fr-FR"},{"@type":"WebPage","@id":"https:\/\/www.bellunopress.it\/2011\/12\/29\/caccia-in-deroga-le-pesanti-sanzioni-ue-le-paghino-zaia-e-stival-andrea-zanoni-europarlamentare-idv-mi-rivolgero-alla-corte-dei-conti-affinche-il-danno-erariale-non-ricad\/","url":"https:\/\/www.bellunopress.it\/2011\/12\/29\/caccia-in-deroga-le-pesanti-sanzioni-ue-le-paghino-zaia-e-stival-andrea-zanoni-europarlamentare-idv-mi-rivolgero-alla-corte-dei-conti-affinche-il-danno-erariale-non-ricad\/","name":"Caccia in deroga: \u201cLe pesanti sanzioni UE le paghino Zaia e Stival\u201d. Andrea Zanoni europarlamentare IdV: \u201cMi rivolger\u00f2 alla Corte dei Conti affinch\u00e9 il danno erariale non ricada sui veneti - Bellunopress - Dolomiti","isPartOf":{"@id":"https:\/\/www.bellunopress.it\/#website"},"primaryImageOfPage":{"@id":"https:\/\/www.bellunopress.it\/2011\/12\/29\/caccia-in-deroga-le-pesanti-sanzioni-ue-le-paghino-zaia-e-stival-andrea-zanoni-europarlamentare-idv-mi-rivolgero-alla-corte-dei-conti-affinche-il-danno-erariale-non-ricad\/#primaryimage"},"image":{"@id":"https:\/\/www.bellunopress.it\/2011\/12\/29\/caccia-in-deroga-le-pesanti-sanzioni-ue-le-paghino-zaia-e-stival-andrea-zanoni-europarlamentare-idv-mi-rivolgero-alla-corte-dei-conti-affinche-il-danno-erariale-non-ricad\/#primaryimage"},"thumbnailUrl":"http:\/\/www.bellunopress.it\/wp-content\/uploads\/2011\/12\/andrea-zanoni.jpg","datePublished":"2011-12-29T11:28:26+00:00","breadcrumb":{"@id":"https:\/\/www.bellunopress.it\/2011\/12\/29\/caccia-in-deroga-le-pesanti-sanzioni-ue-le-paghino-zaia-e-stival-andrea-zanoni-europarlamentare-idv-mi-rivolgero-alla-corte-dei-conti-affinche-il-danno-erariale-non-ricad\/#breadcrumb"},"inLanguage":"fr-FR","potentialAction":[{"@type":"ReadAction","target":["https:\/\/www.bellunopress.it\/2011\/12\/29\/caccia-in-deroga-le-pesanti-sanzioni-ue-le-paghino-zaia-e-stival-andrea-zanoni-europarlamentare-idv-mi-rivolgero-alla-corte-dei-conti-affinche-il-danno-erariale-non-ricad\/"]}]},{"@type":"ImageObject","inLanguage":"fr-FR","@id":"https:\/\/www.bellunopress.it\/2011\/12\/29\/caccia-in-deroga-le-pesanti-sanzioni-ue-le-paghino-zaia-e-stival-andrea-zanoni-europarlamentare-idv-mi-rivolgero-alla-corte-dei-conti-affinche-il-danno-erariale-non-ricad\/#primaryimage","url":"http:\/\/www.bellunopress.it\/wp-content\/uploads\/2011\/12\/andrea-zanoni.jpg","contentUrl":"http:\/\/www.bellunopress.it\/wp-content\/uploads\/2011\/12\/andrea-zanoni.jpg"},{"@type":"BreadcrumbList","@id":"https:\/\/www.bellunopress.it\/2011\/12\/29\/caccia-in-deroga-le-pesanti-sanzioni-ue-le-paghino-zaia-e-stival-andrea-zanoni-europarlamentare-idv-mi-rivolgero-alla-corte-dei-conti-affinche-il-danno-erariale-non-ricad\/#breadcrumb","itemListElement":[{"@type":"ListItem","position":1,"name":"Home","item":"https:\/\/www.bellunopress.it\/"},{"@type":"ListItem","position":2,"name":"Caccia in deroga: \u201cLe pesanti sanzioni UE le paghino Zaia e Stival\u201d. Andrea Zanoni europarlamentare IdV: \u201cMi rivolger\u00f2 alla Corte dei Conti affinch\u00e9 il danno erariale non ricada sui veneti"}]},{"@type":"WebSite","@id":"https:\/\/www.bellunopress.it\/#website","url":"https:\/\/www.bellunopress.it\/","name":"Bellunopress - Dolomiti","description":"e-mail: redazione@bellunopress.it","publisher":{"@id":"https:\/\/www.bellunopress.it\/#organization"},"potentialAction":[{"@type":"SearchAction","target":{"@type":"EntryPoint","urlTemplate":"https:\/\/www.bellunopress.it\/?s={search_term_string}"},"query-input":{"@type":"PropertyValueSpecification","valueRequired":true,"valueName":"search_term_string"}}],"inLanguage":"fr-FR"},{"@type":"Organization","@id":"https:\/\/www.bellunopress.it\/#organization","name":"Bellunopress","url":"https:\/\/www.bellunopress.it\/","logo":{"@type":"ImageObject","inLanguage":"fr-FR","@id":"https:\/\/www.bellunopress.it\/#\/schema\/logo\/image\/","url":"https:\/\/www.bellunopress.it\/wp-content\/uploads\/2011\/05\/cropped-logo-bellunopress-.jpg","contentUrl":"https:\/\/www.bellunopress.it\/wp-content\/uploads\/2011\/05\/cropped-logo-bellunopress-.jpg","width":512,"height":512,"caption":"Bellunopress"},"image":{"@id":"https:\/\/www.bellunopress.it\/#\/schema\/logo\/image\/"},"sameAs":["https:\/\/www.facebook.com\/profile.php?id=100008943462799","https:\/\/x.com\/bellunopress","https:\/\/www.linkedin.com\/hp\/?dnr=JBzUWaJfMUw8vbXJJ2tVW5-I3jZKvC4wsoxE&amp;amp;amp;amp;amp;amp;trk=nav_responsive_tab_home","https:\/\/www.youtube.com\/channel\/UCxL0wu1uN0_3_7hGG0306cw"]},{"@type":"Person","@id":"https:\/\/www.bellunopress.it\/#\/schema\/person\/79bb06722b37ece1c03d3e94beb30d73","name":"r\u00e9daction","image":{"@type":"ImageObject","inLanguage":"fr-FR","@id":"https:\/\/secure.gravatar.com\/avatar\/37d968a2e67a6fd04c169c4bdef102d0bc5d31b2546345219e348575eb80e9a0?s=96&d=mm&r=g","url":"https:\/\/secure.gravatar.com\/avatar\/37d968a2e67a6fd04c169c4bdef102d0bc5d31b2546345219e348575eb80e9a0?s=96&d=mm&r=g","contentUrl":"https:\/\/secure.gravatar.com\/avatar\/37d968a2e67a6fd04c169c4bdef102d0bc5d31b2546345219e348575eb80e9a0?s=96&d=mm&r=g","caption":"redazione"},"sameAs":["http:\/\/www.bellunopress.it","https:\/\/x.com\/bellunopress"],"url":"https:\/\/www.bellunopress.it\/fr\/author\/redazione\/"}]}},"_links":{"self":[{"href":"https:\/\/www.bellunopress.it\/fr\/wp-json\/wp\/v2\/posts\/33738","targetHints":{"allow":["GET"]}}],"collection":[{"href":"https:\/\/www.bellunopress.it\/fr\/wp-json\/wp\/v2\/posts"}],"about":[{"href":"https:\/\/www.bellunopress.it\/fr\/wp-json\/wp\/v2\/types\/post"}],"author":[{"embeddable":true,"href":"https:\/\/www.bellunopress.it\/fr\/wp-json\/wp\/v2\/users\/2"}],"replies":[{"embeddable":true,"href":"https:\/\/www.bellunopress.it\/fr\/wp-json\/wp\/v2\/comments?post=33738"}],"version-history":[{"count":1,"href":"https:\/\/www.bellunopress.it\/fr\/wp-json\/wp\/v2\/posts\/33738\/revisions"}],"predecessor-version":[{"id":33739,"href":"https:\/\/www.bellunopress.it\/fr\/wp-json\/wp\/v2\/posts\/33738\/revisions\/33739"}],"wp:attachment":[{"href":"https:\/\/www.bellunopress.it\/fr\/wp-json\/wp\/v2\/media?parent=33738"}],"wp:term":[{"taxonomy":"category","embeddable":true,"href":"https:\/\/www.bellunopress.it\/fr\/wp-json\/wp\/v2\/categories?post=33738"},{"taxonomy":"post_tag","embeddable":true,"href":"https:\/\/www.bellunopress.it\/fr\/wp-json\/wp\/v2\/tags?post=33738"}],"curies":[{"name":"wp","href":"https:\/\/api.w.org\/{rel}","templated":true}]}}