{"id":33736,"date":"2011-12-29T08:35:46","date_gmt":"2011-12-29T07:35:46","guid":{"rendered":"http:\/\/www.bellunopress.it\/?p=33736"},"modified":"2011-12-29T08:35:46","modified_gmt":"2011-12-29T07:35:46","slug":"comitato-no-altanon-la-vicenda-vede-coinvolta-lintera-comunita-feltrina-e-non-e-possibile-che-la-decisione-venga-presa-da-pochi-eletti","status":"publish","type":"post","link":"https:\/\/www.bellunopress.it\/fr\/2011\/12\/29\/comitato-no-altanon-la-vicenda-vede-coinvolta-lintera-comunita-feltrina-e-non-e-possibile-che-la-decisione-venga-presa-da-pochi-eletti\/","title":{"rendered":"Comitato No Altanon: la vicenda vede coinvolta l&#8217;intera comunit\u00e0 feltrina e non \u00e8 possibile che la decisione venga presa da pochi eletti"},"content":{"rendered":"<p><a href=\"http:\/\/www.bellunopress.it\/wp-content\/uploads\/2011\/07\/altanon-palizzata.jpg\"><img loading=\"lazy\" decoding=\"async\" class=\"alignleft size-full wp-image-29073\" title=\"altanon palizzata\" src=\"http:\/\/www.bellunopress.it\/wp-content\/uploads\/2011\/07\/altanon-palizzata.jpg\" alt=\"\" width=\"280\" height=\"210\" \/><\/a>Sono mesi che come comitato NO ALTANON cerchiamo di raccogliere informazioni sulla vicenda che da tempo affligge la nostra citt\u00e0 e che, purtroppo, temiamo ci sia sfuggita di mano. Ci siamo resi conto che il tutto \u00e8 poco chiaro e non vorremmo che la situazione si chiarisse solo a giochi fatti.<\/p>\n<p>Purtroppo temiamo che tutta questa vicenda si stia svolgendo in modo tale che la citt\u00e0 si trover\u00e0 davanti ad un processo irreversibile di cui dovr\u00e0 semplicemente e solamente prendere atto.<\/p>\n<p>Non stiamo qui ad entrare nel merito del nuovo progetto dell&#8217;Altanon, se \u00e8 bello, se \u00e8 brutto, se \u00e8 compatibile o non lo \u00e8, se serve o non serve. Quello che per\u00f2 con questa nostra ricerca stiamo cercando di fare \u00e8 capire se la citt\u00e0 e i suoi cittadini verranno esautorati dall&#8217;opportunit\u00e0 di decidere se in quel sito si deve fare qualcosa ed eventualmente cosa.<\/p>\n<p>A questo proposito \u00e8 indispensabile ricordare che la vicenda \u00e8 particolarmente dibattuta da molti anni, che numerosi consigli comunali si sono spesi su questo argomento, che il nuovo PAT ha stabilito che l\u00ec si dovesse fare un progetto specifico, che \u00e8 nato un apposito comitato il quale ha svolto attivit\u00e0 di controinformazione e ostruzione al primo progetto arrivando fino ad un ricorso al TAR pagato migliaia di euro grazie a donazioni spontanee ricevute da centinaia di comuni cittadini. Tutto questo a dimostrazione di come il tema sia sentito e vissuto intensamente dagli abitanti della nostra splendida citt\u00e0.<\/p>\n<p>Quella dell&#8217;Altanon \u00e8 una vicenda che vede coinvolta l&#8217;intera comunit\u00e0 feltrina e non \u00e8 possibile che la decisione definitiva venga presa in qualche sede regionale tra pochi eletti. Abbiamo la sensazione che questo possa accadere: se cos\u00ec fosse si compirebbe un atto di prevaricazione che non temiamo definire inaudito.<\/p>\n<p>Sono due i particolari che, a nostro modo di vedere, ci fanno capire come la faccenda non sia gestita nel modo migliore per dare l&#8217;opportunit\u00e0 ai cittadini di prendere parte ad un progetto che, comunque sia, cambier\u00e0 il volto della citt\u00e0 di Feltre.<\/p>\n<p>Il primo \u00e8 dato dall\u2019accordo di programma firmato con la Regione Veneto, accordo che prevede l&#8217;adesione della regione e quindi la corsia preferenziale per la realizzazione di questo progetto dal dubbio &#8220;interesse pubblico&#8221;.<\/p>\n<p>Il secondo \u00e8 dato dal fatto che per l&#8217;intervento di carattere pubblico &#8211; che nessuno ha potuto vedere nel progetto nero su bianco, semplicemente perch\u00e9 nel progetto (sempre che si possa definire \u201cprogetto\u201d un filmato, tra l&#8217;altro vorremmo capire perch\u00e9 e a che titolo \u00e8 trasmesso ininterrottamente nell&#8217;ascensore che porta a piazza Maggiore) &#8211; non esiste nulla di specifico se non qualche cenno privo di riscontri tecnici e progettuali.<\/p>\n<p>Aggiungiamo anche un terzo punto: la vicenda \u00e8 poco chiara a noi, ma non lo \u00e8 per nulla al consiglio comunale e questo la dice lunga. I consiglieri comunali si sono studiati il progetto e l\u2019iter di questa nuova corsia preferenziale finalizzata all\u2019approvazione in tempi brevi, o semplicemente (per non dire \u201cpecorosamente\u201d) stanno avvallando le scelte di pochi fidandosi di un filmato e di qualche carta progettuale? Sappiamo per certo, per diretta ammissione, che per alcuni consiglieri di maggioranza \u00e8 cos\u00ec: bello il filmato = ottimo il progetto!<\/p>\n<p>Chiudiamo il nostro intervento ricordando ai cittadini che avranno la bont\u00e0 di leggere queste nostre righe che l&#8217;informazione non la dovremmo fare noi ma l&#8217;amministrazione. Come comitato abbiamo inviato alla Regione presso gli uffici competenti un dossier in cui dimostriamo, dati alla mano, che non esiste nulla d&#8217; interesse pubblico nel nuovo progetto. Chiediamo all&#8217;amministrazione comunale per l&#8217;ennesima volta di organizzare assemblee pubbliche per coinvolgere a tutti i livelli la citt\u00e0 nella decisione finale, e non limitarsi a cercare semplici scorciatoie.<\/p>\n<p>Comitato No Altanon<\/p>","protected":false},"excerpt":{"rendered":"<p>Sono mesi che come comitato NO ALTANON cerchiamo di raccogliere informazioni sulla vicenda che da tempo affligge la nostra citt\u00e0 e che, purtroppo, temiamo ci sia sfuggita di mano. Ci siamo resi conto che il tutto \u00e8 poco chiaro e non vorremmo che la situazione si chiarisse solo a giochi fatti. Purtroppo temiamo che tutta [&hellip;]<\/p>\n","protected":false},"author":2,"featured_media":0,"comment_status":"closed","ping_status":"open","sticky":false,"template":"","format":"standard","meta":{"footnotes":""},"categories":[5,1,26],"tags":[],"class_list":["post-33736","post","type-post","status-publish","format-standard","category-cronaca","category-leo","category-prima-pagina"],"yoast_head":"<!-- This site is optimized with the Yoast SEO plugin v28.4 - https:\/\/yoast.com\/product\/yoast-seo-wordpress\/ -->\n<title>Comitato No Altanon: la vicenda vede coinvolta l&#039;intera comunit\u00e0 feltrina e non \u00e8 possibile che la decisione venga presa da pochi eletti - Bellunopress - Dolomiti<\/title>\n<meta name=\"robots\" content=\"index, follow, max-snippet:-1, max-image-preview:large, max-video-preview:-1\" \/>\n<link rel=\"canonical\" href=\"https:\/\/www.bellunopress.it\/fr\/2011\/12\/29\/comitato-no-altanon-la-vicenda-vede-coinvolta-lintera-comunita-feltrina-e-non-e-possibile-che-la-decisione-venga-presa-da-pochi-eletti\/\" \/>\n<meta property=\"og:locale\" content=\"fr_FR\" \/>\n<meta property=\"og:type\" content=\"article\" \/>\n<meta property=\"og:title\" content=\"Comitato No Altanon: la vicenda vede coinvolta l&#039;intera comunit\u00e0 feltrina e non \u00e8 possibile che la decisione venga presa da pochi eletti - Bellunopress - Dolomiti\" \/>\n<meta property=\"og:description\" content=\"Sono mesi che come comitato NO ALTANON cerchiamo di raccogliere informazioni sulla vicenda che da tempo affligge la nostra citt\u00e0 e che, purtroppo, temiamo ci sia sfuggita di mano. Ci siamo resi conto che il tutto \u00e8 poco chiaro e non vorremmo che la situazione si chiarisse solo a giochi fatti. Purtroppo temiamo che tutta [&hellip;]\" \/>\n<meta property=\"og:url\" content=\"https:\/\/www.bellunopress.it\/fr\/2011\/12\/29\/comitato-no-altanon-la-vicenda-vede-coinvolta-lintera-comunita-feltrina-e-non-e-possibile-che-la-decisione-venga-presa-da-pochi-eletti\/\" \/>\n<meta property=\"og:site_name\" content=\"Bellunopress - Dolomiti\" \/>\n<meta property=\"article:publisher\" content=\"https:\/\/www.facebook.com\/profile.php?id=100008943462799\" \/>\n<meta property=\"article:published_time\" content=\"2011-12-29T07:35:46+00:00\" \/>\n<meta property=\"og:image\" content=\"http:\/\/www.bellunopress.it\/wp-content\/uploads\/2011\/07\/altanon-palizzata.jpg\" \/>\n<meta name=\"author\" content=\"redazione\" \/>\n<meta name=\"twitter:card\" content=\"summary_large_image\" \/>\n<meta name=\"twitter:creator\" content=\"@bellunopress\" \/>\n<meta name=\"twitter:site\" content=\"@bellunopress\" \/>\n<meta name=\"twitter:label1\" content=\"Written by\" \/>\n\t<meta name=\"twitter:data1\" content=\"redazione\" \/>\n\t<meta name=\"twitter:label2\" content=\"Est. reading time\" \/>\n\t<meta name=\"twitter:data2\" content=\"3 minutes\" \/>\n<script type=\"application\/ld+json\" class=\"yoast-schema-graph\">{\"@context\":\"https:\\\/\\\/schema.org\",\"@graph\":[{\"@type\":\"Article\",\"@id\":\"https:\\\/\\\/www.bellunopress.it\\\/2011\\\/12\\\/29\\\/comitato-no-altanon-la-vicenda-vede-coinvolta-lintera-comunita-feltrina-e-non-e-possibile-che-la-decisione-venga-presa-da-pochi-eletti\\\/#article\",\"isPartOf\":{\"@id\":\"https:\\\/\\\/www.bellunopress.it\\\/2011\\\/12\\\/29\\\/comitato-no-altanon-la-vicenda-vede-coinvolta-lintera-comunita-feltrina-e-non-e-possibile-che-la-decisione-venga-presa-da-pochi-eletti\\\/\"},\"author\":{\"name\":\"redazione\",\"@id\":\"https:\\\/\\\/www.bellunopress.it\\\/#\\\/schema\\\/person\\\/79bb06722b37ece1c03d3e94beb30d73\"},\"headline\":\"Comitato No Altanon: la vicenda vede coinvolta l&#8217;intera comunit\u00e0 feltrina e non \u00e8 possibile che la decisione venga presa da pochi eletti\",\"datePublished\":\"2011-12-29T07:35:46+00:00\",\"mainEntityOfPage\":{\"@id\":\"https:\\\/\\\/www.bellunopress.it\\\/2011\\\/12\\\/29\\\/comitato-no-altanon-la-vicenda-vede-coinvolta-lintera-comunita-feltrina-e-non-e-possibile-che-la-decisione-venga-presa-da-pochi-eletti\\\/\"},\"wordCount\":629,\"publisher\":{\"@id\":\"https:\\\/\\\/www.bellunopress.it\\\/#organization\"},\"image\":{\"@id\":\"https:\\\/\\\/www.bellunopress.it\\\/2011\\\/12\\\/29\\\/comitato-no-altanon-la-vicenda-vede-coinvolta-lintera-comunita-feltrina-e-non-e-possibile-che-la-decisione-venga-presa-da-pochi-eletti\\\/#primaryimage\"},\"thumbnailUrl\":\"http:\\\/\\\/www.bellunopress.it\\\/wp-content\\\/uploads\\\/2011\\\/07\\\/altanon-palizzata.jpg\",\"articleSection\":[\"Cronaca\\\/Politica\",\"Lettere Opinioni\",\"Prima Pagina\"],\"inLanguage\":\"fr-FR\"},{\"@type\":\"WebPage\",\"@id\":\"https:\\\/\\\/www.bellunopress.it\\\/2011\\\/12\\\/29\\\/comitato-no-altanon-la-vicenda-vede-coinvolta-lintera-comunita-feltrina-e-non-e-possibile-che-la-decisione-venga-presa-da-pochi-eletti\\\/\",\"url\":\"https:\\\/\\\/www.bellunopress.it\\\/2011\\\/12\\\/29\\\/comitato-no-altanon-la-vicenda-vede-coinvolta-lintera-comunita-feltrina-e-non-e-possibile-che-la-decisione-venga-presa-da-pochi-eletti\\\/\",\"name\":\"Comitato No Altanon: la vicenda vede coinvolta l'intera comunit\u00e0 feltrina e non \u00e8 possibile che la decisione venga presa da pochi eletti - Bellunopress - Dolomiti\",\"isPartOf\":{\"@id\":\"https:\\\/\\\/www.bellunopress.it\\\/#website\"},\"primaryImageOfPage\":{\"@id\":\"https:\\\/\\\/www.bellunopress.it\\\/2011\\\/12\\\/29\\\/comitato-no-altanon-la-vicenda-vede-coinvolta-lintera-comunita-feltrina-e-non-e-possibile-che-la-decisione-venga-presa-da-pochi-eletti\\\/#primaryimage\"},\"image\":{\"@id\":\"https:\\\/\\\/www.bellunopress.it\\\/2011\\\/12\\\/29\\\/comitato-no-altanon-la-vicenda-vede-coinvolta-lintera-comunita-feltrina-e-non-e-possibile-che-la-decisione-venga-presa-da-pochi-eletti\\\/#primaryimage\"},\"thumbnailUrl\":\"http:\\\/\\\/www.bellunopress.it\\\/wp-content\\\/uploads\\\/2011\\\/07\\\/altanon-palizzata.jpg\",\"datePublished\":\"2011-12-29T07:35:46+00:00\",\"breadcrumb\":{\"@id\":\"https:\\\/\\\/www.bellunopress.it\\\/2011\\\/12\\\/29\\\/comitato-no-altanon-la-vicenda-vede-coinvolta-lintera-comunita-feltrina-e-non-e-possibile-che-la-decisione-venga-presa-da-pochi-eletti\\\/#breadcrumb\"},\"inLanguage\":\"fr-FR\",\"potentialAction\":[{\"@type\":\"ReadAction\",\"target\":[\"https:\\\/\\\/www.bellunopress.it\\\/2011\\\/12\\\/29\\\/comitato-no-altanon-la-vicenda-vede-coinvolta-lintera-comunita-feltrina-e-non-e-possibile-che-la-decisione-venga-presa-da-pochi-eletti\\\/\"]}]},{\"@type\":\"ImageObject\",\"inLanguage\":\"fr-FR\",\"@id\":\"https:\\\/\\\/www.bellunopress.it\\\/2011\\\/12\\\/29\\\/comitato-no-altanon-la-vicenda-vede-coinvolta-lintera-comunita-feltrina-e-non-e-possibile-che-la-decisione-venga-presa-da-pochi-eletti\\\/#primaryimage\",\"url\":\"http:\\\/\\\/www.bellunopress.it\\\/wp-content\\\/uploads\\\/2011\\\/07\\\/altanon-palizzata.jpg\",\"contentUrl\":\"http:\\\/\\\/www.bellunopress.it\\\/wp-content\\\/uploads\\\/2011\\\/07\\\/altanon-palizzata.jpg\"},{\"@type\":\"BreadcrumbList\",\"@id\":\"https:\\\/\\\/www.bellunopress.it\\\/2011\\\/12\\\/29\\\/comitato-no-altanon-la-vicenda-vede-coinvolta-lintera-comunita-feltrina-e-non-e-possibile-che-la-decisione-venga-presa-da-pochi-eletti\\\/#breadcrumb\",\"itemListElement\":[{\"@type\":\"ListItem\",\"position\":1,\"name\":\"Home\",\"item\":\"https:\\\/\\\/www.bellunopress.it\\\/\"},{\"@type\":\"ListItem\",\"position\":2,\"name\":\"Comitato No Altanon: la vicenda vede coinvolta l&#8217;intera comunit\u00e0 feltrina e non \u00e8 possibile che la decisione venga presa da pochi eletti\"}]},{\"@type\":\"WebSite\",\"@id\":\"https:\\\/\\\/www.bellunopress.it\\\/#website\",\"url\":\"https:\\\/\\\/www.bellunopress.it\\\/\",\"name\":\"Bellunopress - Dolomiti\",\"description\":\"e-mail: redazione@bellunopress.it\",\"publisher\":{\"@id\":\"https:\\\/\\\/www.bellunopress.it\\\/#organization\"},\"potentialAction\":[{\"@type\":\"SearchAction\",\"target\":{\"@type\":\"EntryPoint\",\"urlTemplate\":\"https:\\\/\\\/www.bellunopress.it\\\/?s={search_term_string}\"},\"query-input\":{\"@type\":\"PropertyValueSpecification\",\"valueRequired\":true,\"valueName\":\"search_term_string\"}}],\"inLanguage\":\"fr-FR\"},{\"@type\":\"Organization\",\"@id\":\"https:\\\/\\\/www.bellunopress.it\\\/#organization\",\"name\":\"Bellunopress\",\"url\":\"https:\\\/\\\/www.bellunopress.it\\\/\",\"logo\":{\"@type\":\"ImageObject\",\"inLanguage\":\"fr-FR\",\"@id\":\"https:\\\/\\\/www.bellunopress.it\\\/#\\\/schema\\\/logo\\\/image\\\/\",\"url\":\"https:\\\/\\\/www.bellunopress.it\\\/wp-content\\\/uploads\\\/2011\\\/05\\\/cropped-logo-bellunopress-.jpg\",\"contentUrl\":\"https:\\\/\\\/www.bellunopress.it\\\/wp-content\\\/uploads\\\/2011\\\/05\\\/cropped-logo-bellunopress-.jpg\",\"width\":512,\"height\":512,\"caption\":\"Bellunopress\"},\"image\":{\"@id\":\"https:\\\/\\\/www.bellunopress.it\\\/#\\\/schema\\\/logo\\\/image\\\/\"},\"sameAs\":[\"https:\\\/\\\/www.facebook.com\\\/profile.php?id=100008943462799\",\"https:\\\/\\\/x.com\\\/bellunopress\",\"https:\\\/\\\/www.linkedin.com\\\/hp\\\/?dnr=JBzUWaJfMUw8vbXJJ2tVW5-I3jZKvC4wsoxE&amp;amp;amp;amp;amp;amp;trk=nav_responsive_tab_home\",\"https:\\\/\\\/www.youtube.com\\\/channel\\\/UCxL0wu1uN0_3_7hGG0306cw\"]},{\"@type\":\"Person\",\"@id\":\"https:\\\/\\\/www.bellunopress.it\\\/#\\\/schema\\\/person\\\/79bb06722b37ece1c03d3e94beb30d73\",\"name\":\"redazione\",\"image\":{\"@type\":\"ImageObject\",\"inLanguage\":\"fr-FR\",\"@id\":\"https:\\\/\\\/secure.gravatar.com\\\/avatar\\\/37d968a2e67a6fd04c169c4bdef102d0bc5d31b2546345219e348575eb80e9a0?s=96&d=mm&r=g\",\"url\":\"https:\\\/\\\/secure.gravatar.com\\\/avatar\\\/37d968a2e67a6fd04c169c4bdef102d0bc5d31b2546345219e348575eb80e9a0?s=96&d=mm&r=g\",\"contentUrl\":\"https:\\\/\\\/secure.gravatar.com\\\/avatar\\\/37d968a2e67a6fd04c169c4bdef102d0bc5d31b2546345219e348575eb80e9a0?s=96&d=mm&r=g\",\"caption\":\"redazione\"},\"sameAs\":[\"http:\\\/\\\/www.bellunopress.it\",\"https:\\\/\\\/x.com\\\/bellunopress\"],\"url\":\"https:\\\/\\\/www.bellunopress.it\\\/fr\\\/author\\\/redazione\\\/\"}]}<\/script>\n<!-- \/ Yoast SEO plugin. -->","yoast_head_json":{"title":"Comitato No Altanon: la vicenda vede coinvolta l'intera comunit\u00e0 feltrina e non \u00e8 possibile che la decisione venga presa da pochi eletti - Bellunopress - Dolomiti","robots":{"index":"index","follow":"follow","max-snippet":"max-snippet:-1","max-image-preview":"max-image-preview:large","max-video-preview":"max-video-preview:-1"},"canonical":"https:\/\/www.bellunopress.it\/fr\/2011\/12\/29\/comitato-no-altanon-la-vicenda-vede-coinvolta-lintera-comunita-feltrina-e-non-e-possibile-che-la-decisione-venga-presa-da-pochi-eletti\/","og_locale":"fr_FR","og_type":"article","og_title":"Comitato No Altanon: la vicenda vede coinvolta l'intera comunit\u00e0 feltrina e non \u00e8 possibile che la decisione venga presa da pochi eletti - Bellunopress - Dolomiti","og_description":"Sono mesi che come comitato NO ALTANON cerchiamo di raccogliere informazioni sulla vicenda che da tempo affligge la nostra citt\u00e0 e che, purtroppo, temiamo ci sia sfuggita di mano. Ci siamo resi conto che il tutto \u00e8 poco chiaro e non vorremmo che la situazione si chiarisse solo a giochi fatti. Purtroppo temiamo che tutta [&hellip;]","og_url":"https:\/\/www.bellunopress.it\/fr\/2011\/12\/29\/comitato-no-altanon-la-vicenda-vede-coinvolta-lintera-comunita-feltrina-e-non-e-possibile-che-la-decisione-venga-presa-da-pochi-eletti\/","og_site_name":"Bellunopress - Dolomiti","article_publisher":"https:\/\/www.facebook.com\/profile.php?id=100008943462799","article_published_time":"2011-12-29T07:35:46+00:00","og_image":[{"url":"http:\/\/www.bellunopress.it\/wp-content\/uploads\/2011\/07\/altanon-palizzata.jpg","type":"","width":"","height":""}],"author":"redazione","twitter_card":"summary_large_image","twitter_creator":"@bellunopress","twitter_site":"@bellunopress","twitter_misc":{"Written by":"redazione","Est. reading time":"3 minutes"},"schema":{"@context":"https:\/\/schema.org","@graph":[{"@type":"Article","@id":"https:\/\/www.bellunopress.it\/2011\/12\/29\/comitato-no-altanon-la-vicenda-vede-coinvolta-lintera-comunita-feltrina-e-non-e-possibile-che-la-decisione-venga-presa-da-pochi-eletti\/#article","isPartOf":{"@id":"https:\/\/www.bellunopress.it\/2011\/12\/29\/comitato-no-altanon-la-vicenda-vede-coinvolta-lintera-comunita-feltrina-e-non-e-possibile-che-la-decisione-venga-presa-da-pochi-eletti\/"},"author":{"name":"redazione","@id":"https:\/\/www.bellunopress.it\/#\/schema\/person\/79bb06722b37ece1c03d3e94beb30d73"},"headline":"Comitato No Altanon: la vicenda vede coinvolta l&#8217;intera comunit\u00e0 feltrina e non \u00e8 possibile che la decisione venga presa da pochi eletti","datePublished":"2011-12-29T07:35:46+00:00","mainEntityOfPage":{"@id":"https:\/\/www.bellunopress.it\/2011\/12\/29\/comitato-no-altanon-la-vicenda-vede-coinvolta-lintera-comunita-feltrina-e-non-e-possibile-che-la-decisione-venga-presa-da-pochi-eletti\/"},"wordCount":629,"publisher":{"@id":"https:\/\/www.bellunopress.it\/#organization"},"image":{"@id":"https:\/\/www.bellunopress.it\/2011\/12\/29\/comitato-no-altanon-la-vicenda-vede-coinvolta-lintera-comunita-feltrina-e-non-e-possibile-che-la-decisione-venga-presa-da-pochi-eletti\/#primaryimage"},"thumbnailUrl":"http:\/\/www.bellunopress.it\/wp-content\/uploads\/2011\/07\/altanon-palizzata.jpg","articleSection":["Cronaca\/Politica","Lettere Opinioni","Prima Pagina"],"inLanguage":"fr-FR"},{"@type":"WebPage","@id":"https:\/\/www.bellunopress.it\/2011\/12\/29\/comitato-no-altanon-la-vicenda-vede-coinvolta-lintera-comunita-feltrina-e-non-e-possibile-che-la-decisione-venga-presa-da-pochi-eletti\/","url":"https:\/\/www.bellunopress.it\/2011\/12\/29\/comitato-no-altanon-la-vicenda-vede-coinvolta-lintera-comunita-feltrina-e-non-e-possibile-che-la-decisione-venga-presa-da-pochi-eletti\/","name":"Comitato No Altanon: la vicenda vede coinvolta l'intera comunit\u00e0 feltrina e non \u00e8 possibile che la decisione venga presa da pochi eletti - Bellunopress - Dolomiti","isPartOf":{"@id":"https:\/\/www.bellunopress.it\/#website"},"primaryImageOfPage":{"@id":"https:\/\/www.bellunopress.it\/2011\/12\/29\/comitato-no-altanon-la-vicenda-vede-coinvolta-lintera-comunita-feltrina-e-non-e-possibile-che-la-decisione-venga-presa-da-pochi-eletti\/#primaryimage"},"image":{"@id":"https:\/\/www.bellunopress.it\/2011\/12\/29\/comitato-no-altanon-la-vicenda-vede-coinvolta-lintera-comunita-feltrina-e-non-e-possibile-che-la-decisione-venga-presa-da-pochi-eletti\/#primaryimage"},"thumbnailUrl":"http:\/\/www.bellunopress.it\/wp-content\/uploads\/2011\/07\/altanon-palizzata.jpg","datePublished":"2011-12-29T07:35:46+00:00","breadcrumb":{"@id":"https:\/\/www.bellunopress.it\/2011\/12\/29\/comitato-no-altanon-la-vicenda-vede-coinvolta-lintera-comunita-feltrina-e-non-e-possibile-che-la-decisione-venga-presa-da-pochi-eletti\/#breadcrumb"},"inLanguage":"fr-FR","potentialAction":[{"@type":"ReadAction","target":["https:\/\/www.bellunopress.it\/2011\/12\/29\/comitato-no-altanon-la-vicenda-vede-coinvolta-lintera-comunita-feltrina-e-non-e-possibile-che-la-decisione-venga-presa-da-pochi-eletti\/"]}]},{"@type":"ImageObject","inLanguage":"fr-FR","@id":"https:\/\/www.bellunopress.it\/2011\/12\/29\/comitato-no-altanon-la-vicenda-vede-coinvolta-lintera-comunita-feltrina-e-non-e-possibile-che-la-decisione-venga-presa-da-pochi-eletti\/#primaryimage","url":"http:\/\/www.bellunopress.it\/wp-content\/uploads\/2011\/07\/altanon-palizzata.jpg","contentUrl":"http:\/\/www.bellunopress.it\/wp-content\/uploads\/2011\/07\/altanon-palizzata.jpg"},{"@type":"BreadcrumbList","@id":"https:\/\/www.bellunopress.it\/2011\/12\/29\/comitato-no-altanon-la-vicenda-vede-coinvolta-lintera-comunita-feltrina-e-non-e-possibile-che-la-decisione-venga-presa-da-pochi-eletti\/#breadcrumb","itemListElement":[{"@type":"ListItem","position":1,"name":"Home","item":"https:\/\/www.bellunopress.it\/"},{"@type":"ListItem","position":2,"name":"Comitato No Altanon: la vicenda vede coinvolta l&#8217;intera comunit\u00e0 feltrina e non \u00e8 possibile che la decisione venga presa da pochi eletti"}]},{"@type":"WebSite","@id":"https:\/\/www.bellunopress.it\/#website","url":"https:\/\/www.bellunopress.it\/","name":"Bellunopress - Dolomiti","description":"e-mail: redazione@bellunopress.it","publisher":{"@id":"https:\/\/www.bellunopress.it\/#organization"},"potentialAction":[{"@type":"SearchAction","target":{"@type":"EntryPoint","urlTemplate":"https:\/\/www.bellunopress.it\/?s={search_term_string}"},"query-input":{"@type":"PropertyValueSpecification","valueRequired":true,"valueName":"search_term_string"}}],"inLanguage":"fr-FR"},{"@type":"Organization","@id":"https:\/\/www.bellunopress.it\/#organization","name":"Bellunopress","url":"https:\/\/www.bellunopress.it\/","logo":{"@type":"ImageObject","inLanguage":"fr-FR","@id":"https:\/\/www.bellunopress.it\/#\/schema\/logo\/image\/","url":"https:\/\/www.bellunopress.it\/wp-content\/uploads\/2011\/05\/cropped-logo-bellunopress-.jpg","contentUrl":"https:\/\/www.bellunopress.it\/wp-content\/uploads\/2011\/05\/cropped-logo-bellunopress-.jpg","width":512,"height":512,"caption":"Bellunopress"},"image":{"@id":"https:\/\/www.bellunopress.it\/#\/schema\/logo\/image\/"},"sameAs":["https:\/\/www.facebook.com\/profile.php?id=100008943462799","https:\/\/x.com\/bellunopress","https:\/\/www.linkedin.com\/hp\/?dnr=JBzUWaJfMUw8vbXJJ2tVW5-I3jZKvC4wsoxE&amp;amp;amp;amp;amp;amp;trk=nav_responsive_tab_home","https:\/\/www.youtube.com\/channel\/UCxL0wu1uN0_3_7hGG0306cw"]},{"@type":"Person","@id":"https:\/\/www.bellunopress.it\/#\/schema\/person\/79bb06722b37ece1c03d3e94beb30d73","name":"r\u00e9daction","image":{"@type":"ImageObject","inLanguage":"fr-FR","@id":"https:\/\/secure.gravatar.com\/avatar\/37d968a2e67a6fd04c169c4bdef102d0bc5d31b2546345219e348575eb80e9a0?s=96&d=mm&r=g","url":"https:\/\/secure.gravatar.com\/avatar\/37d968a2e67a6fd04c169c4bdef102d0bc5d31b2546345219e348575eb80e9a0?s=96&d=mm&r=g","contentUrl":"https:\/\/secure.gravatar.com\/avatar\/37d968a2e67a6fd04c169c4bdef102d0bc5d31b2546345219e348575eb80e9a0?s=96&d=mm&r=g","caption":"redazione"},"sameAs":["http:\/\/www.bellunopress.it","https:\/\/x.com\/bellunopress"],"url":"https:\/\/www.bellunopress.it\/fr\/author\/redazione\/"}]}},"_links":{"self":[{"href":"https:\/\/www.bellunopress.it\/fr\/wp-json\/wp\/v2\/posts\/33736","targetHints":{"allow":["GET"]}}],"collection":[{"href":"https:\/\/www.bellunopress.it\/fr\/wp-json\/wp\/v2\/posts"}],"about":[{"href":"https:\/\/www.bellunopress.it\/fr\/wp-json\/wp\/v2\/types\/post"}],"author":[{"embeddable":true,"href":"https:\/\/www.bellunopress.it\/fr\/wp-json\/wp\/v2\/users\/2"}],"replies":[{"embeddable":true,"href":"https:\/\/www.bellunopress.it\/fr\/wp-json\/wp\/v2\/comments?post=33736"}],"version-history":[{"count":1,"href":"https:\/\/www.bellunopress.it\/fr\/wp-json\/wp\/v2\/posts\/33736\/revisions"}],"predecessor-version":[{"id":33737,"href":"https:\/\/www.bellunopress.it\/fr\/wp-json\/wp\/v2\/posts\/33736\/revisions\/33737"}],"wp:attachment":[{"href":"https:\/\/www.bellunopress.it\/fr\/wp-json\/wp\/v2\/media?parent=33736"}],"wp:term":[{"taxonomy":"category","embeddable":true,"href":"https:\/\/www.bellunopress.it\/fr\/wp-json\/wp\/v2\/categories?post=33736"},{"taxonomy":"post_tag","embeddable":true,"href":"https:\/\/www.bellunopress.it\/fr\/wp-json\/wp\/v2\/tags?post=33736"}],"curies":[{"name":"wp","href":"https:\/\/api.w.org\/{rel}","templated":true}]}}