{"id":33734,"date":"2011-12-29T08:30:34","date_gmt":"2011-12-29T07:30:34","guid":{"rendered":"http:\/\/www.bellunopress.it\/?p=33734"},"modified":"2011-12-29T08:30:34","modified_gmt":"2011-12-29T07:30:34","slug":"sport-e-turismo-in-comelico-venerdi-sera-a-dosoledo-il-primo-incontro","status":"publish","type":"post","link":"https:\/\/www.bellunopress.it\/fr\/2011\/12\/29\/sport-e-turismo-in-comelico-venerdi-sera-a-dosoledo-il-primo-incontro\/","title":{"rendered":"Sport e turismo in Comelico: venerd\u00ec sera a Dosoledo il primo incontro"},"content":{"rendered":"<p>Venerd\u00ec 30 dicembre 2011 alle ore 20.30 al Museo Algudnei di Dosoledo (Comelico Superiore) si inaugura la stagione invernale con il primo incontro dal titolo Sport &amp; Turismo in Comelico. La serata, che intende coinvolgere in particolare i turisti, proporr\u00e0 una panoramica sull&#8217;offerta turistica e culturale della nostra valle, con la presentazione delle manifestazioni sportive: Comelgo Loppet, CiaspDolomitica e Pitturina Ski Race, e con la partecipazione di Roberto De Zolt, Gian Luigi Topran e Michele Festini. La seconda parte dell&#8217;incontro sar\u00e0 dedicata alla presentazione del libro \u201cStorie di uomini e imprese che fanno vivere la montagna\u201d di Stefano Vietina (giornalista che scrive per il Corriere delle Alpi e per MF-Milano Finanza, insegna Sociologia dei Media all&#8217;Universit\u00e0 di Padova ed ha dato vita ad un canale di video su YouTube, una pagina su Facebook ed un sito web dedicati alle Dolomiti: www.dolomitichannelsuyoutube.it.). Interverr\u00e0 anche uno dei personaggi intervistati dal giornalista e presente nel libro, Walter De Martin, boscaiolo d&#8217;estate e maestro di sci d&#8217;inverno. Seguir\u00e0 un dibattito sulla situazione attuale del turismo in Val Comelico e sulle prospettive. Largo spazio verr\u00e0 lasciato alle domande dei presenti soprattutto per le manifestazioni sportive e sar\u00e0 allestito uno spazio dove poter attingere a tutto il materiale cartaceo oltre alla possibilit\u00e0 acquistare il libro presentato. Presenta la serata Marta De Zolt curatrice della pagina Facebook del Museo.<\/p>","protected":false},"excerpt":{"rendered":"<p>Venerd\u00ec 30 dicembre 2011 alle ore 20.30 al Museo Algudnei di Dosoledo (Comelico Superiore) si inaugura la stagione invernale con il primo incontro dal titolo Sport &amp; Turismo in Comelico. La serata, che intende coinvolgere in particolare i turisti, proporr\u00e0 una panoramica sull&#8217;offerta turistica e culturale della nostra valle, con la presentazione delle manifestazioni sportive: [&hellip;]<\/p>\n","protected":false},"author":2,"featured_media":0,"comment_status":"closed","ping_status":"open","sticky":false,"template":"","format":"standard","meta":{"footnotes":""},"categories":[27,25],"tags":[],"class_list":["post-33734","post","type-post","status-publish","format-standard","category-appuntamenti","category-pausa-caffe"],"yoast_head":"<!-- This site is optimized with the Yoast SEO plugin v28.4 - https:\/\/yoast.com\/product\/yoast-seo-wordpress\/ -->\n<title>Sport e turismo in Comelico: venerd\u00ec sera a Dosoledo il primo incontro  - Bellunopress - Dolomiti<\/title>\n<meta name=\"robots\" content=\"index, follow, max-snippet:-1, max-image-preview:large, max-video-preview:-1\" \/>\n<link rel=\"canonical\" href=\"https:\/\/www.bellunopress.it\/fr\/2011\/12\/29\/sport-e-turismo-in-comelico-venerdi-sera-a-dosoledo-il-primo-incontro\/\" \/>\n<meta property=\"og:locale\" content=\"fr_FR\" \/>\n<meta property=\"og:type\" content=\"article\" \/>\n<meta property=\"og:title\" content=\"Sport e turismo in Comelico: venerd\u00ec sera a Dosoledo il primo incontro  - Bellunopress - Dolomiti\" \/>\n<meta property=\"og:description\" content=\"Venerd\u00ec 30 dicembre 2011 alle ore 20.30 al Museo Algudnei di Dosoledo (Comelico Superiore) si inaugura la stagione invernale con il primo incontro dal titolo Sport &amp; Turismo in Comelico. La serata, che intende coinvolgere in particolare i turisti, proporr\u00e0 una panoramica sull&#8217;offerta turistica e culturale della nostra valle, con la presentazione delle manifestazioni sportive: [&hellip;]\" \/>\n<meta property=\"og:url\" content=\"https:\/\/www.bellunopress.it\/fr\/2011\/12\/29\/sport-e-turismo-in-comelico-venerdi-sera-a-dosoledo-il-primo-incontro\/\" \/>\n<meta property=\"og:site_name\" content=\"Bellunopress - Dolomiti\" \/>\n<meta property=\"article:publisher\" content=\"https:\/\/www.facebook.com\/profile.php?id=100008943462799\" \/>\n<meta property=\"article:published_time\" content=\"2011-12-29T07:30:34+00:00\" \/>\n<meta property=\"og:image\" content=\"http:\/\/www.bellunopress.it\/wp-content\/uploads\/2012\/07\/logo-bellunopress-250x250-2012.jpg\" \/>\n<meta name=\"author\" content=\"redazione\" \/>\n<meta name=\"twitter:card\" content=\"summary_large_image\" \/>\n<meta name=\"twitter:creator\" content=\"@bellunopress\" \/>\n<meta name=\"twitter:site\" content=\"@bellunopress\" \/>\n<meta name=\"twitter:label1\" content=\"Written by\" \/>\n\t<meta name=\"twitter:data1\" content=\"redazione\" \/>\n\t<meta name=\"twitter:label2\" content=\"Est. reading time\" \/>\n\t<meta name=\"twitter:data2\" content=\"1 minute\" \/>\n<script type=\"application\/ld+json\" class=\"yoast-schema-graph\">{\"@context\":\"https:\\\/\\\/schema.org\",\"@graph\":[{\"@type\":\"Article\",\"@id\":\"https:\\\/\\\/www.bellunopress.it\\\/2011\\\/12\\\/29\\\/sport-e-turismo-in-comelico-venerdi-sera-a-dosoledo-il-primo-incontro\\\/#article\",\"isPartOf\":{\"@id\":\"https:\\\/\\\/www.bellunopress.it\\\/2011\\\/12\\\/29\\\/sport-e-turismo-in-comelico-venerdi-sera-a-dosoledo-il-primo-incontro\\\/\"},\"author\":{\"name\":\"redazione\",\"@id\":\"https:\\\/\\\/www.bellunopress.it\\\/#\\\/schema\\\/person\\\/79bb06722b37ece1c03d3e94beb30d73\"},\"headline\":\"Sport e turismo in Comelico: venerd\u00ec sera a Dosoledo il primo incontro\",\"datePublished\":\"2011-12-29T07:30:34+00:00\",\"mainEntityOfPage\":{\"@id\":\"https:\\\/\\\/www.bellunopress.it\\\/2011\\\/12\\\/29\\\/sport-e-turismo-in-comelico-venerdi-sera-a-dosoledo-il-primo-incontro\\\/\"},\"wordCount\":238,\"publisher\":{\"@id\":\"https:\\\/\\\/www.bellunopress.it\\\/#organization\"},\"articleSection\":[\"Appuntamenti, Eventi\",\"Pausa Caff\u00e8\"],\"inLanguage\":\"fr-FR\"},{\"@type\":\"WebPage\",\"@id\":\"https:\\\/\\\/www.bellunopress.it\\\/2011\\\/12\\\/29\\\/sport-e-turismo-in-comelico-venerdi-sera-a-dosoledo-il-primo-incontro\\\/\",\"url\":\"https:\\\/\\\/www.bellunopress.it\\\/2011\\\/12\\\/29\\\/sport-e-turismo-in-comelico-venerdi-sera-a-dosoledo-il-primo-incontro\\\/\",\"name\":\"Sport e turismo in Comelico: venerd\u00ec sera a Dosoledo il primo incontro - Bellunopress - Dolomiti\",\"isPartOf\":{\"@id\":\"https:\\\/\\\/www.bellunopress.it\\\/#website\"},\"datePublished\":\"2011-12-29T07:30:34+00:00\",\"breadcrumb\":{\"@id\":\"https:\\\/\\\/www.bellunopress.it\\\/2011\\\/12\\\/29\\\/sport-e-turismo-in-comelico-venerdi-sera-a-dosoledo-il-primo-incontro\\\/#breadcrumb\"},\"inLanguage\":\"fr-FR\",\"potentialAction\":[{\"@type\":\"ReadAction\",\"target\":[\"https:\\\/\\\/www.bellunopress.it\\\/2011\\\/12\\\/29\\\/sport-e-turismo-in-comelico-venerdi-sera-a-dosoledo-il-primo-incontro\\\/\"]}]},{\"@type\":\"BreadcrumbList\",\"@id\":\"https:\\\/\\\/www.bellunopress.it\\\/2011\\\/12\\\/29\\\/sport-e-turismo-in-comelico-venerdi-sera-a-dosoledo-il-primo-incontro\\\/#breadcrumb\",\"itemListElement\":[{\"@type\":\"ListItem\",\"position\":1,\"name\":\"Home\",\"item\":\"https:\\\/\\\/www.bellunopress.it\\\/\"},{\"@type\":\"ListItem\",\"position\":2,\"name\":\"Sport e turismo in Comelico: venerd\u00ec sera a Dosoledo il primo incontro\"}]},{\"@type\":\"WebSite\",\"@id\":\"https:\\\/\\\/www.bellunopress.it\\\/#website\",\"url\":\"https:\\\/\\\/www.bellunopress.it\\\/\",\"name\":\"Bellunopress - Dolomiti\",\"description\":\"e-mail: redazione@bellunopress.it\",\"publisher\":{\"@id\":\"https:\\\/\\\/www.bellunopress.it\\\/#organization\"},\"potentialAction\":[{\"@type\":\"SearchAction\",\"target\":{\"@type\":\"EntryPoint\",\"urlTemplate\":\"https:\\\/\\\/www.bellunopress.it\\\/?s={search_term_string}\"},\"query-input\":{\"@type\":\"PropertyValueSpecification\",\"valueRequired\":true,\"valueName\":\"search_term_string\"}}],\"inLanguage\":\"fr-FR\"},{\"@type\":\"Organization\",\"@id\":\"https:\\\/\\\/www.bellunopress.it\\\/#organization\",\"name\":\"Bellunopress\",\"url\":\"https:\\\/\\\/www.bellunopress.it\\\/\",\"logo\":{\"@type\":\"ImageObject\",\"inLanguage\":\"fr-FR\",\"@id\":\"https:\\\/\\\/www.bellunopress.it\\\/#\\\/schema\\\/logo\\\/image\\\/\",\"url\":\"https:\\\/\\\/www.bellunopress.it\\\/wp-content\\\/uploads\\\/2011\\\/05\\\/cropped-logo-bellunopress-.jpg\",\"contentUrl\":\"https:\\\/\\\/www.bellunopress.it\\\/wp-content\\\/uploads\\\/2011\\\/05\\\/cropped-logo-bellunopress-.jpg\",\"width\":512,\"height\":512,\"caption\":\"Bellunopress\"},\"image\":{\"@id\":\"https:\\\/\\\/www.bellunopress.it\\\/#\\\/schema\\\/logo\\\/image\\\/\"},\"sameAs\":[\"https:\\\/\\\/www.facebook.com\\\/profile.php?id=100008943462799\",\"https:\\\/\\\/x.com\\\/bellunopress\",\"https:\\\/\\\/www.linkedin.com\\\/hp\\\/?dnr=JBzUWaJfMUw8vbXJJ2tVW5-I3jZKvC4wsoxE&amp;amp;amp;amp;amp;amp;trk=nav_responsive_tab_home\",\"https:\\\/\\\/www.youtube.com\\\/channel\\\/UCxL0wu1uN0_3_7hGG0306cw\"]},{\"@type\":\"Person\",\"@id\":\"https:\\\/\\\/www.bellunopress.it\\\/#\\\/schema\\\/person\\\/79bb06722b37ece1c03d3e94beb30d73\",\"name\":\"redazione\",\"image\":{\"@type\":\"ImageObject\",\"inLanguage\":\"fr-FR\",\"@id\":\"https:\\\/\\\/secure.gravatar.com\\\/avatar\\\/37d968a2e67a6fd04c169c4bdef102d0bc5d31b2546345219e348575eb80e9a0?s=96&d=mm&r=g\",\"url\":\"https:\\\/\\\/secure.gravatar.com\\\/avatar\\\/37d968a2e67a6fd04c169c4bdef102d0bc5d31b2546345219e348575eb80e9a0?s=96&d=mm&r=g\",\"contentUrl\":\"https:\\\/\\\/secure.gravatar.com\\\/avatar\\\/37d968a2e67a6fd04c169c4bdef102d0bc5d31b2546345219e348575eb80e9a0?s=96&d=mm&r=g\",\"caption\":\"redazione\"},\"sameAs\":[\"http:\\\/\\\/www.bellunopress.it\",\"https:\\\/\\\/x.com\\\/bellunopress\"],\"url\":\"https:\\\/\\\/www.bellunopress.it\\\/fr\\\/author\\\/redazione\\\/\"}]}<\/script>\n<!-- \/ Yoast SEO plugin. -->","yoast_head_json":{"title":"Sport e turismo in Comelico: venerd\u00ec sera a Dosoledo il primo incontro  - Bellunopress - Dolomiti","robots":{"index":"index","follow":"follow","max-snippet":"max-snippet:-1","max-image-preview":"max-image-preview:large","max-video-preview":"max-video-preview:-1"},"canonical":"https:\/\/www.bellunopress.it\/fr\/2011\/12\/29\/sport-e-turismo-in-comelico-venerdi-sera-a-dosoledo-il-primo-incontro\/","og_locale":"fr_FR","og_type":"article","og_title":"Sport e turismo in Comelico: venerd\u00ec sera a Dosoledo il primo incontro  - Bellunopress - Dolomiti","og_description":"Venerd\u00ec 30 dicembre 2011 alle ore 20.30 al Museo Algudnei di Dosoledo (Comelico Superiore) si inaugura la stagione invernale con il primo incontro dal titolo Sport &amp; Turismo in Comelico. La serata, che intende coinvolgere in particolare i turisti, proporr\u00e0 una panoramica sull&#8217;offerta turistica e culturale della nostra valle, con la presentazione delle manifestazioni sportive: [&hellip;]","og_url":"https:\/\/www.bellunopress.it\/fr\/2011\/12\/29\/sport-e-turismo-in-comelico-venerdi-sera-a-dosoledo-il-primo-incontro\/","og_site_name":"Bellunopress - Dolomiti","article_publisher":"https:\/\/www.facebook.com\/profile.php?id=100008943462799","article_published_time":"2011-12-29T07:30:34+00:00","og_image":[{"url":"http:\/\/www.bellunopress.it\/wp-content\/uploads\/2012\/07\/logo-bellunopress-250x250-2012.jpg","type":"","width":"","height":""}],"author":"redazione","twitter_card":"summary_large_image","twitter_creator":"@bellunopress","twitter_site":"@bellunopress","twitter_misc":{"Written by":"redazione","Est. reading time":"1 minute"},"schema":{"@context":"https:\/\/schema.org","@graph":[{"@type":"Article","@id":"https:\/\/www.bellunopress.it\/2011\/12\/29\/sport-e-turismo-in-comelico-venerdi-sera-a-dosoledo-il-primo-incontro\/#article","isPartOf":{"@id":"https:\/\/www.bellunopress.it\/2011\/12\/29\/sport-e-turismo-in-comelico-venerdi-sera-a-dosoledo-il-primo-incontro\/"},"author":{"name":"redazione","@id":"https:\/\/www.bellunopress.it\/#\/schema\/person\/79bb06722b37ece1c03d3e94beb30d73"},"headline":"Sport e turismo in Comelico: venerd\u00ec sera a Dosoledo il primo incontro","datePublished":"2011-12-29T07:30:34+00:00","mainEntityOfPage":{"@id":"https:\/\/www.bellunopress.it\/2011\/12\/29\/sport-e-turismo-in-comelico-venerdi-sera-a-dosoledo-il-primo-incontro\/"},"wordCount":238,"publisher":{"@id":"https:\/\/www.bellunopress.it\/#organization"},"articleSection":["Appuntamenti, Eventi","Pausa Caff\u00e8"],"inLanguage":"fr-FR"},{"@type":"WebPage","@id":"https:\/\/www.bellunopress.it\/2011\/12\/29\/sport-e-turismo-in-comelico-venerdi-sera-a-dosoledo-il-primo-incontro\/","url":"https:\/\/www.bellunopress.it\/2011\/12\/29\/sport-e-turismo-in-comelico-venerdi-sera-a-dosoledo-il-primo-incontro\/","name":"Sport e turismo in Comelico: venerd\u00ec sera a Dosoledo il primo incontro - Bellunopress - Dolomiti","isPartOf":{"@id":"https:\/\/www.bellunopress.it\/#website"},"datePublished":"2011-12-29T07:30:34+00:00","breadcrumb":{"@id":"https:\/\/www.bellunopress.it\/2011\/12\/29\/sport-e-turismo-in-comelico-venerdi-sera-a-dosoledo-il-primo-incontro\/#breadcrumb"},"inLanguage":"fr-FR","potentialAction":[{"@type":"ReadAction","target":["https:\/\/www.bellunopress.it\/2011\/12\/29\/sport-e-turismo-in-comelico-venerdi-sera-a-dosoledo-il-primo-incontro\/"]}]},{"@type":"BreadcrumbList","@id":"https:\/\/www.bellunopress.it\/2011\/12\/29\/sport-e-turismo-in-comelico-venerdi-sera-a-dosoledo-il-primo-incontro\/#breadcrumb","itemListElement":[{"@type":"ListItem","position":1,"name":"Home","item":"https:\/\/www.bellunopress.it\/"},{"@type":"ListItem","position":2,"name":"Sport e turismo in Comelico: venerd\u00ec sera a Dosoledo il primo incontro"}]},{"@type":"WebSite","@id":"https:\/\/www.bellunopress.it\/#website","url":"https:\/\/www.bellunopress.it\/","name":"Bellunopress - Dolomiti","description":"e-mail: redazione@bellunopress.it","publisher":{"@id":"https:\/\/www.bellunopress.it\/#organization"},"potentialAction":[{"@type":"SearchAction","target":{"@type":"EntryPoint","urlTemplate":"https:\/\/www.bellunopress.it\/?s={search_term_string}"},"query-input":{"@type":"PropertyValueSpecification","valueRequired":true,"valueName":"search_term_string"}}],"inLanguage":"fr-FR"},{"@type":"Organization","@id":"https:\/\/www.bellunopress.it\/#organization","name":"Bellunopress","url":"https:\/\/www.bellunopress.it\/","logo":{"@type":"ImageObject","inLanguage":"fr-FR","@id":"https:\/\/www.bellunopress.it\/#\/schema\/logo\/image\/","url":"https:\/\/www.bellunopress.it\/wp-content\/uploads\/2011\/05\/cropped-logo-bellunopress-.jpg","contentUrl":"https:\/\/www.bellunopress.it\/wp-content\/uploads\/2011\/05\/cropped-logo-bellunopress-.jpg","width":512,"height":512,"caption":"Bellunopress"},"image":{"@id":"https:\/\/www.bellunopress.it\/#\/schema\/logo\/image\/"},"sameAs":["https:\/\/www.facebook.com\/profile.php?id=100008943462799","https:\/\/x.com\/bellunopress","https:\/\/www.linkedin.com\/hp\/?dnr=JBzUWaJfMUw8vbXJJ2tVW5-I3jZKvC4wsoxE&amp;amp;amp;amp;amp;amp;trk=nav_responsive_tab_home","https:\/\/www.youtube.com\/channel\/UCxL0wu1uN0_3_7hGG0306cw"]},{"@type":"Person","@id":"https:\/\/www.bellunopress.it\/#\/schema\/person\/79bb06722b37ece1c03d3e94beb30d73","name":"r\u00e9daction","image":{"@type":"ImageObject","inLanguage":"fr-FR","@id":"https:\/\/secure.gravatar.com\/avatar\/37d968a2e67a6fd04c169c4bdef102d0bc5d31b2546345219e348575eb80e9a0?s=96&d=mm&r=g","url":"https:\/\/secure.gravatar.com\/avatar\/37d968a2e67a6fd04c169c4bdef102d0bc5d31b2546345219e348575eb80e9a0?s=96&d=mm&r=g","contentUrl":"https:\/\/secure.gravatar.com\/avatar\/37d968a2e67a6fd04c169c4bdef102d0bc5d31b2546345219e348575eb80e9a0?s=96&d=mm&r=g","caption":"redazione"},"sameAs":["http:\/\/www.bellunopress.it","https:\/\/x.com\/bellunopress"],"url":"https:\/\/www.bellunopress.it\/fr\/author\/redazione\/"}]}},"_links":{"self":[{"href":"https:\/\/www.bellunopress.it\/fr\/wp-json\/wp\/v2\/posts\/33734","targetHints":{"allow":["GET"]}}],"collection":[{"href":"https:\/\/www.bellunopress.it\/fr\/wp-json\/wp\/v2\/posts"}],"about":[{"href":"https:\/\/www.bellunopress.it\/fr\/wp-json\/wp\/v2\/types\/post"}],"author":[{"embeddable":true,"href":"https:\/\/www.bellunopress.it\/fr\/wp-json\/wp\/v2\/users\/2"}],"replies":[{"embeddable":true,"href":"https:\/\/www.bellunopress.it\/fr\/wp-json\/wp\/v2\/comments?post=33734"}],"version-history":[{"count":1,"href":"https:\/\/www.bellunopress.it\/fr\/wp-json\/wp\/v2\/posts\/33734\/revisions"}],"predecessor-version":[{"id":33735,"href":"https:\/\/www.bellunopress.it\/fr\/wp-json\/wp\/v2\/posts\/33734\/revisions\/33735"}],"wp:attachment":[{"href":"https:\/\/www.bellunopress.it\/fr\/wp-json\/wp\/v2\/media?parent=33734"}],"wp:term":[{"taxonomy":"category","embeddable":true,"href":"https:\/\/www.bellunopress.it\/fr\/wp-json\/wp\/v2\/categories?post=33734"},{"taxonomy":"post_tag","embeddable":true,"href":"https:\/\/www.bellunopress.it\/fr\/wp-json\/wp\/v2\/tags?post=33734"}],"curies":[{"name":"wp","href":"https:\/\/api.w.org\/{rel}","templated":true}]}}