{"id":33725,"date":"2011-12-28T18:17:43","date_gmt":"2011-12-28T17:17:43","guid":{"rendered":"http:\/\/www.bellunopress.it\/?p=33725"},"modified":"2011-12-28T18:18:59","modified_gmt":"2011-12-28T17:18:59","slug":"fondazione-teatri-delle-dolomiti-cariverona-se-ne-va","status":"publish","type":"post","link":"https:\/\/www.bellunopress.it\/fr\/2011\/12\/28\/fondazione-teatri-delle-dolomiti-cariverona-se-ne-va\/","title":{"rendered":"Fondazione teatri delle Dolomiti: Cariverona se ne va"},"content":{"rendered":"<p><a href=\"http:\/\/www.bellunopress.it\/wp-content\/uploads\/2011\/12\/teatro-comunale-notte1.jpg\"><img loading=\"lazy\" decoding=\"async\" class=\"alignleft size-full wp-image-33600\" title=\"teatro comunale notte\" src=\"http:\/\/www.bellunopress.it\/wp-content\/uploads\/2011\/12\/teatro-comunale-notte1.jpg\" alt=\"\" width=\"290\" height=\"193\" \/><\/a>&#8220;Fondazione Teatri: basta polemiche, prendiamo una decisione condivisa e voltiamo pagina&#8221; scriveva lo scorso 17 novembre il sindaco di Belluno Antonio Prade nel suo blog. E cos\u00ec, mentre la politica pensa, il socio di maggior peso, la Fondazione Cariverona agisce, ed esce dalla Fondazione. Il messaggio \u00e8 chiaro e forte: Cariverona non ha pi\u00f9 fiducia della Fondazione ora presieduta da Mario Neri. A questo punto resta da vedere cosa faranno gli altri componenti della Fondazione ossia Comune di Belluno, Comune di Feltre, Provincia di Belluno (che tra l&#8217;altro \u00e8 commissariata e comunque oramai cancellata dalla manovra Monti) e Regione Veneto. Cos\u00ec depotenziata dall&#8217;uscita di Cariverona, \u00e8 ragionevole ritenere che la Fondazione teatri delle Dolomiti vada a morire per recesso degli altri soci. Cos\u00ec si ripartirebbe da zero, e si dovrebbe discutere seriamente della proposta di una residenza teatrale attualmente sul piatto.<\/p>\n<p>&nbsp;<\/p>","protected":false},"excerpt":{"rendered":"<p>&#8220;Fondazione Teatri: basta polemiche, prendiamo una decisione condivisa e voltiamo pagina&#8221; scriveva lo scorso 17 novembre il sindaco di Belluno Antonio Prade nel suo blog. E cos\u00ec, mentre la politica pensa, il socio di maggior peso, la Fondazione Cariverona agisce, ed esce dalla Fondazione. Il messaggio \u00e8 chiaro e forte: Cariverona non ha pi\u00f9 fiducia [&hellip;]<\/p>\n","protected":false},"author":2,"featured_media":0,"comment_status":"closed","ping_status":"open","sticky":false,"template":"","format":"standard","meta":{"footnotes":""},"categories":[3,5,26],"tags":[],"class_list":["post-33725","post","type-post","status-publish","format-standard","category-arte-cultura-spettacoli-scienza-archivi","category-cronaca","category-prima-pagina"],"yoast_head":"<!-- This site is optimized with the Yoast SEO plugin v28.4 - https:\/\/yoast.com\/product\/yoast-seo-wordpress\/ -->\n<title>Fondazione teatri delle Dolomiti: Cariverona se ne va - Bellunopress - Dolomiti<\/title>\n<meta name=\"robots\" content=\"index, follow, max-snippet:-1, max-image-preview:large, max-video-preview:-1\" \/>\n<link rel=\"canonical\" href=\"https:\/\/www.bellunopress.it\/fr\/2011\/12\/28\/fondazione-teatri-delle-dolomiti-cariverona-se-ne-va\/\" \/>\n<meta property=\"og:locale\" content=\"fr_FR\" \/>\n<meta property=\"og:type\" content=\"article\" \/>\n<meta property=\"og:title\" content=\"Fondazione teatri delle Dolomiti: Cariverona se ne va - Bellunopress - Dolomiti\" \/>\n<meta property=\"og:description\" content=\"&#8220;Fondazione Teatri: basta polemiche, prendiamo una decisione condivisa e voltiamo pagina&#8221; scriveva lo scorso 17 novembre il sindaco di Belluno Antonio Prade nel suo blog. E cos\u00ec, mentre la politica pensa, il socio di maggior peso, la Fondazione Cariverona agisce, ed esce dalla Fondazione. Il messaggio \u00e8 chiaro e forte: Cariverona non ha pi\u00f9 fiducia [&hellip;]\" \/>\n<meta property=\"og:url\" content=\"https:\/\/www.bellunopress.it\/fr\/2011\/12\/28\/fondazione-teatri-delle-dolomiti-cariverona-se-ne-va\/\" \/>\n<meta property=\"og:site_name\" content=\"Bellunopress - Dolomiti\" \/>\n<meta property=\"article:publisher\" content=\"https:\/\/www.facebook.com\/profile.php?id=100008943462799\" \/>\n<meta property=\"article:published_time\" content=\"2011-12-28T17:17:43+00:00\" \/>\n<meta property=\"article:modified_time\" content=\"2011-12-28T17:18:59+00:00\" \/>\n<meta property=\"og:image\" content=\"http:\/\/www.bellunopress.it\/wp-content\/uploads\/2011\/12\/teatro-comunale-notte1.jpg\" \/>\n<meta name=\"author\" content=\"redazione\" \/>\n<meta name=\"twitter:card\" content=\"summary_large_image\" \/>\n<meta name=\"twitter:creator\" content=\"@bellunopress\" \/>\n<meta name=\"twitter:site\" content=\"@bellunopress\" \/>\n<meta name=\"twitter:label1\" content=\"Written by\" \/>\n\t<meta name=\"twitter:data1\" content=\"redazione\" \/>\n\t<meta name=\"twitter:label2\" content=\"Est. reading time\" \/>\n\t<meta name=\"twitter:data2\" content=\"1 minute\" \/>\n<script type=\"application\/ld+json\" class=\"yoast-schema-graph\">{\"@context\":\"https:\\\/\\\/schema.org\",\"@graph\":[{\"@type\":\"Article\",\"@id\":\"https:\\\/\\\/www.bellunopress.it\\\/2011\\\/12\\\/28\\\/fondazione-teatri-delle-dolomiti-cariverona-se-ne-va\\\/#article\",\"isPartOf\":{\"@id\":\"https:\\\/\\\/www.bellunopress.it\\\/2011\\\/12\\\/28\\\/fondazione-teatri-delle-dolomiti-cariverona-se-ne-va\\\/\"},\"author\":{\"name\":\"redazione\",\"@id\":\"https:\\\/\\\/www.bellunopress.it\\\/#\\\/schema\\\/person\\\/79bb06722b37ece1c03d3e94beb30d73\"},\"headline\":\"Fondazione teatri delle Dolomiti: Cariverona se ne va\",\"datePublished\":\"2011-12-28T17:17:43+00:00\",\"dateModified\":\"2011-12-28T17:18:59+00:00\",\"mainEntityOfPage\":{\"@id\":\"https:\\\/\\\/www.bellunopress.it\\\/2011\\\/12\\\/28\\\/fondazione-teatri-delle-dolomiti-cariverona-se-ne-va\\\/\"},\"wordCount\":148,\"publisher\":{\"@id\":\"https:\\\/\\\/www.bellunopress.it\\\/#organization\"},\"image\":{\"@id\":\"https:\\\/\\\/www.bellunopress.it\\\/2011\\\/12\\\/28\\\/fondazione-teatri-delle-dolomiti-cariverona-se-ne-va\\\/#primaryimage\"},\"thumbnailUrl\":\"http:\\\/\\\/www.bellunopress.it\\\/wp-content\\\/uploads\\\/2011\\\/12\\\/teatro-comunale-notte1.jpg\",\"articleSection\":[\"Arte, Cultura, Spettacoli, Scienza\",\"Cronaca\\\/Politica\",\"Prima Pagina\"],\"inLanguage\":\"fr-FR\"},{\"@type\":\"WebPage\",\"@id\":\"https:\\\/\\\/www.bellunopress.it\\\/2011\\\/12\\\/28\\\/fondazione-teatri-delle-dolomiti-cariverona-se-ne-va\\\/\",\"url\":\"https:\\\/\\\/www.bellunopress.it\\\/2011\\\/12\\\/28\\\/fondazione-teatri-delle-dolomiti-cariverona-se-ne-va\\\/\",\"name\":\"Fondazione teatri delle Dolomiti: Cariverona se ne va - Bellunopress - Dolomiti\",\"isPartOf\":{\"@id\":\"https:\\\/\\\/www.bellunopress.it\\\/#website\"},\"primaryImageOfPage\":{\"@id\":\"https:\\\/\\\/www.bellunopress.it\\\/2011\\\/12\\\/28\\\/fondazione-teatri-delle-dolomiti-cariverona-se-ne-va\\\/#primaryimage\"},\"image\":{\"@id\":\"https:\\\/\\\/www.bellunopress.it\\\/2011\\\/12\\\/28\\\/fondazione-teatri-delle-dolomiti-cariverona-se-ne-va\\\/#primaryimage\"},\"thumbnailUrl\":\"http:\\\/\\\/www.bellunopress.it\\\/wp-content\\\/uploads\\\/2011\\\/12\\\/teatro-comunale-notte1.jpg\",\"datePublished\":\"2011-12-28T17:17:43+00:00\",\"dateModified\":\"2011-12-28T17:18:59+00:00\",\"breadcrumb\":{\"@id\":\"https:\\\/\\\/www.bellunopress.it\\\/2011\\\/12\\\/28\\\/fondazione-teatri-delle-dolomiti-cariverona-se-ne-va\\\/#breadcrumb\"},\"inLanguage\":\"fr-FR\",\"potentialAction\":[{\"@type\":\"ReadAction\",\"target\":[\"https:\\\/\\\/www.bellunopress.it\\\/2011\\\/12\\\/28\\\/fondazione-teatri-delle-dolomiti-cariverona-se-ne-va\\\/\"]}]},{\"@type\":\"ImageObject\",\"inLanguage\":\"fr-FR\",\"@id\":\"https:\\\/\\\/www.bellunopress.it\\\/2011\\\/12\\\/28\\\/fondazione-teatri-delle-dolomiti-cariverona-se-ne-va\\\/#primaryimage\",\"url\":\"http:\\\/\\\/www.bellunopress.it\\\/wp-content\\\/uploads\\\/2011\\\/12\\\/teatro-comunale-notte1.jpg\",\"contentUrl\":\"http:\\\/\\\/www.bellunopress.it\\\/wp-content\\\/uploads\\\/2011\\\/12\\\/teatro-comunale-notte1.jpg\"},{\"@type\":\"BreadcrumbList\",\"@id\":\"https:\\\/\\\/www.bellunopress.it\\\/2011\\\/12\\\/28\\\/fondazione-teatri-delle-dolomiti-cariverona-se-ne-va\\\/#breadcrumb\",\"itemListElement\":[{\"@type\":\"ListItem\",\"position\":1,\"name\":\"Home\",\"item\":\"https:\\\/\\\/www.bellunopress.it\\\/\"},{\"@type\":\"ListItem\",\"position\":2,\"name\":\"Fondazione teatri delle Dolomiti: Cariverona se ne va\"}]},{\"@type\":\"WebSite\",\"@id\":\"https:\\\/\\\/www.bellunopress.it\\\/#website\",\"url\":\"https:\\\/\\\/www.bellunopress.it\\\/\",\"name\":\"Bellunopress - Dolomiti\",\"description\":\"e-mail: redazione@bellunopress.it\",\"publisher\":{\"@id\":\"https:\\\/\\\/www.bellunopress.it\\\/#organization\"},\"potentialAction\":[{\"@type\":\"SearchAction\",\"target\":{\"@type\":\"EntryPoint\",\"urlTemplate\":\"https:\\\/\\\/www.bellunopress.it\\\/?s={search_term_string}\"},\"query-input\":{\"@type\":\"PropertyValueSpecification\",\"valueRequired\":true,\"valueName\":\"search_term_string\"}}],\"inLanguage\":\"fr-FR\"},{\"@type\":\"Organization\",\"@id\":\"https:\\\/\\\/www.bellunopress.it\\\/#organization\",\"name\":\"Bellunopress\",\"url\":\"https:\\\/\\\/www.bellunopress.it\\\/\",\"logo\":{\"@type\":\"ImageObject\",\"inLanguage\":\"fr-FR\",\"@id\":\"https:\\\/\\\/www.bellunopress.it\\\/#\\\/schema\\\/logo\\\/image\\\/\",\"url\":\"https:\\\/\\\/www.bellunopress.it\\\/wp-content\\\/uploads\\\/2011\\\/05\\\/cropped-logo-bellunopress-.jpg\",\"contentUrl\":\"https:\\\/\\\/www.bellunopress.it\\\/wp-content\\\/uploads\\\/2011\\\/05\\\/cropped-logo-bellunopress-.jpg\",\"width\":512,\"height\":512,\"caption\":\"Bellunopress\"},\"image\":{\"@id\":\"https:\\\/\\\/www.bellunopress.it\\\/#\\\/schema\\\/logo\\\/image\\\/\"},\"sameAs\":[\"https:\\\/\\\/www.facebook.com\\\/profile.php?id=100008943462799\",\"https:\\\/\\\/x.com\\\/bellunopress\",\"https:\\\/\\\/www.linkedin.com\\\/hp\\\/?dnr=JBzUWaJfMUw8vbXJJ2tVW5-I3jZKvC4wsoxE&amp;amp;amp;amp;amp;amp;trk=nav_responsive_tab_home\",\"https:\\\/\\\/www.youtube.com\\\/channel\\\/UCxL0wu1uN0_3_7hGG0306cw\"]},{\"@type\":\"Person\",\"@id\":\"https:\\\/\\\/www.bellunopress.it\\\/#\\\/schema\\\/person\\\/79bb06722b37ece1c03d3e94beb30d73\",\"name\":\"redazione\",\"image\":{\"@type\":\"ImageObject\",\"inLanguage\":\"fr-FR\",\"@id\":\"https:\\\/\\\/secure.gravatar.com\\\/avatar\\\/37d968a2e67a6fd04c169c4bdef102d0bc5d31b2546345219e348575eb80e9a0?s=96&d=mm&r=g\",\"url\":\"https:\\\/\\\/secure.gravatar.com\\\/avatar\\\/37d968a2e67a6fd04c169c4bdef102d0bc5d31b2546345219e348575eb80e9a0?s=96&d=mm&r=g\",\"contentUrl\":\"https:\\\/\\\/secure.gravatar.com\\\/avatar\\\/37d968a2e67a6fd04c169c4bdef102d0bc5d31b2546345219e348575eb80e9a0?s=96&d=mm&r=g\",\"caption\":\"redazione\"},\"sameAs\":[\"http:\\\/\\\/www.bellunopress.it\",\"https:\\\/\\\/x.com\\\/bellunopress\"],\"url\":\"https:\\\/\\\/www.bellunopress.it\\\/fr\\\/author\\\/redazione\\\/\"}]}<\/script>\n<!-- \/ Yoast SEO plugin. -->","yoast_head_json":{"title":"Fondazione teatri delle Dolomiti: Cariverona se ne va - Bellunopress - Dolomiti","robots":{"index":"index","follow":"follow","max-snippet":"max-snippet:-1","max-image-preview":"max-image-preview:large","max-video-preview":"max-video-preview:-1"},"canonical":"https:\/\/www.bellunopress.it\/fr\/2011\/12\/28\/fondazione-teatri-delle-dolomiti-cariverona-se-ne-va\/","og_locale":"fr_FR","og_type":"article","og_title":"Fondazione teatri delle Dolomiti: Cariverona se ne va - Bellunopress - Dolomiti","og_description":"&#8220;Fondazione Teatri: basta polemiche, prendiamo una decisione condivisa e voltiamo pagina&#8221; scriveva lo scorso 17 novembre il sindaco di Belluno Antonio Prade nel suo blog. E cos\u00ec, mentre la politica pensa, il socio di maggior peso, la Fondazione Cariverona agisce, ed esce dalla Fondazione. Il messaggio \u00e8 chiaro e forte: Cariverona non ha pi\u00f9 fiducia [&hellip;]","og_url":"https:\/\/www.bellunopress.it\/fr\/2011\/12\/28\/fondazione-teatri-delle-dolomiti-cariverona-se-ne-va\/","og_site_name":"Bellunopress - Dolomiti","article_publisher":"https:\/\/www.facebook.com\/profile.php?id=100008943462799","article_published_time":"2011-12-28T17:17:43+00:00","article_modified_time":"2011-12-28T17:18:59+00:00","og_image":[{"url":"http:\/\/www.bellunopress.it\/wp-content\/uploads\/2011\/12\/teatro-comunale-notte1.jpg","type":"","width":"","height":""}],"author":"redazione","twitter_card":"summary_large_image","twitter_creator":"@bellunopress","twitter_site":"@bellunopress","twitter_misc":{"Written by":"redazione","Est. reading time":"1 minute"},"schema":{"@context":"https:\/\/schema.org","@graph":[{"@type":"Article","@id":"https:\/\/www.bellunopress.it\/2011\/12\/28\/fondazione-teatri-delle-dolomiti-cariverona-se-ne-va\/#article","isPartOf":{"@id":"https:\/\/www.bellunopress.it\/2011\/12\/28\/fondazione-teatri-delle-dolomiti-cariverona-se-ne-va\/"},"author":{"name":"redazione","@id":"https:\/\/www.bellunopress.it\/#\/schema\/person\/79bb06722b37ece1c03d3e94beb30d73"},"headline":"Fondazione teatri delle Dolomiti: Cariverona se ne va","datePublished":"2011-12-28T17:17:43+00:00","dateModified":"2011-12-28T17:18:59+00:00","mainEntityOfPage":{"@id":"https:\/\/www.bellunopress.it\/2011\/12\/28\/fondazione-teatri-delle-dolomiti-cariverona-se-ne-va\/"},"wordCount":148,"publisher":{"@id":"https:\/\/www.bellunopress.it\/#organization"},"image":{"@id":"https:\/\/www.bellunopress.it\/2011\/12\/28\/fondazione-teatri-delle-dolomiti-cariverona-se-ne-va\/#primaryimage"},"thumbnailUrl":"http:\/\/www.bellunopress.it\/wp-content\/uploads\/2011\/12\/teatro-comunale-notte1.jpg","articleSection":["Arte, Cultura, Spettacoli, Scienza","Cronaca\/Politica","Prima Pagina"],"inLanguage":"fr-FR"},{"@type":"WebPage","@id":"https:\/\/www.bellunopress.it\/2011\/12\/28\/fondazione-teatri-delle-dolomiti-cariverona-se-ne-va\/","url":"https:\/\/www.bellunopress.it\/2011\/12\/28\/fondazione-teatri-delle-dolomiti-cariverona-se-ne-va\/","name":"Fondazione teatri delle Dolomiti: Cariverona se ne va - Bellunopress - Dolomiti","isPartOf":{"@id":"https:\/\/www.bellunopress.it\/#website"},"primaryImageOfPage":{"@id":"https:\/\/www.bellunopress.it\/2011\/12\/28\/fondazione-teatri-delle-dolomiti-cariverona-se-ne-va\/#primaryimage"},"image":{"@id":"https:\/\/www.bellunopress.it\/2011\/12\/28\/fondazione-teatri-delle-dolomiti-cariverona-se-ne-va\/#primaryimage"},"thumbnailUrl":"http:\/\/www.bellunopress.it\/wp-content\/uploads\/2011\/12\/teatro-comunale-notte1.jpg","datePublished":"2011-12-28T17:17:43+00:00","dateModified":"2011-12-28T17:18:59+00:00","breadcrumb":{"@id":"https:\/\/www.bellunopress.it\/2011\/12\/28\/fondazione-teatri-delle-dolomiti-cariverona-se-ne-va\/#breadcrumb"},"inLanguage":"fr-FR","potentialAction":[{"@type":"ReadAction","target":["https:\/\/www.bellunopress.it\/2011\/12\/28\/fondazione-teatri-delle-dolomiti-cariverona-se-ne-va\/"]}]},{"@type":"ImageObject","inLanguage":"fr-FR","@id":"https:\/\/www.bellunopress.it\/2011\/12\/28\/fondazione-teatri-delle-dolomiti-cariverona-se-ne-va\/#primaryimage","url":"http:\/\/www.bellunopress.it\/wp-content\/uploads\/2011\/12\/teatro-comunale-notte1.jpg","contentUrl":"http:\/\/www.bellunopress.it\/wp-content\/uploads\/2011\/12\/teatro-comunale-notte1.jpg"},{"@type":"BreadcrumbList","@id":"https:\/\/www.bellunopress.it\/2011\/12\/28\/fondazione-teatri-delle-dolomiti-cariverona-se-ne-va\/#breadcrumb","itemListElement":[{"@type":"ListItem","position":1,"name":"Home","item":"https:\/\/www.bellunopress.it\/"},{"@type":"ListItem","position":2,"name":"Fondazione teatri delle Dolomiti: Cariverona se ne va"}]},{"@type":"WebSite","@id":"https:\/\/www.bellunopress.it\/#website","url":"https:\/\/www.bellunopress.it\/","name":"Bellunopress - Dolomiti","description":"e-mail: redazione@bellunopress.it","publisher":{"@id":"https:\/\/www.bellunopress.it\/#organization"},"potentialAction":[{"@type":"SearchAction","target":{"@type":"EntryPoint","urlTemplate":"https:\/\/www.bellunopress.it\/?s={search_term_string}"},"query-input":{"@type":"PropertyValueSpecification","valueRequired":true,"valueName":"search_term_string"}}],"inLanguage":"fr-FR"},{"@type":"Organization","@id":"https:\/\/www.bellunopress.it\/#organization","name":"Bellunopress","url":"https:\/\/www.bellunopress.it\/","logo":{"@type":"ImageObject","inLanguage":"fr-FR","@id":"https:\/\/www.bellunopress.it\/#\/schema\/logo\/image\/","url":"https:\/\/www.bellunopress.it\/wp-content\/uploads\/2011\/05\/cropped-logo-bellunopress-.jpg","contentUrl":"https:\/\/www.bellunopress.it\/wp-content\/uploads\/2011\/05\/cropped-logo-bellunopress-.jpg","width":512,"height":512,"caption":"Bellunopress"},"image":{"@id":"https:\/\/www.bellunopress.it\/#\/schema\/logo\/image\/"},"sameAs":["https:\/\/www.facebook.com\/profile.php?id=100008943462799","https:\/\/x.com\/bellunopress","https:\/\/www.linkedin.com\/hp\/?dnr=JBzUWaJfMUw8vbXJJ2tVW5-I3jZKvC4wsoxE&amp;amp;amp;amp;amp;amp;trk=nav_responsive_tab_home","https:\/\/www.youtube.com\/channel\/UCxL0wu1uN0_3_7hGG0306cw"]},{"@type":"Person","@id":"https:\/\/www.bellunopress.it\/#\/schema\/person\/79bb06722b37ece1c03d3e94beb30d73","name":"r\u00e9daction","image":{"@type":"ImageObject","inLanguage":"fr-FR","@id":"https:\/\/secure.gravatar.com\/avatar\/37d968a2e67a6fd04c169c4bdef102d0bc5d31b2546345219e348575eb80e9a0?s=96&d=mm&r=g","url":"https:\/\/secure.gravatar.com\/avatar\/37d968a2e67a6fd04c169c4bdef102d0bc5d31b2546345219e348575eb80e9a0?s=96&d=mm&r=g","contentUrl":"https:\/\/secure.gravatar.com\/avatar\/37d968a2e67a6fd04c169c4bdef102d0bc5d31b2546345219e348575eb80e9a0?s=96&d=mm&r=g","caption":"redazione"},"sameAs":["http:\/\/www.bellunopress.it","https:\/\/x.com\/bellunopress"],"url":"https:\/\/www.bellunopress.it\/fr\/author\/redazione\/"}]}},"_links":{"self":[{"href":"https:\/\/www.bellunopress.it\/fr\/wp-json\/wp\/v2\/posts\/33725","targetHints":{"allow":["GET"]}}],"collection":[{"href":"https:\/\/www.bellunopress.it\/fr\/wp-json\/wp\/v2\/posts"}],"about":[{"href":"https:\/\/www.bellunopress.it\/fr\/wp-json\/wp\/v2\/types\/post"}],"author":[{"embeddable":true,"href":"https:\/\/www.bellunopress.it\/fr\/wp-json\/wp\/v2\/users\/2"}],"replies":[{"embeddable":true,"href":"https:\/\/www.bellunopress.it\/fr\/wp-json\/wp\/v2\/comments?post=33725"}],"version-history":[{"count":2,"href":"https:\/\/www.bellunopress.it\/fr\/wp-json\/wp\/v2\/posts\/33725\/revisions"}],"predecessor-version":[{"id":33727,"href":"https:\/\/www.bellunopress.it\/fr\/wp-json\/wp\/v2\/posts\/33725\/revisions\/33727"}],"wp:attachment":[{"href":"https:\/\/www.bellunopress.it\/fr\/wp-json\/wp\/v2\/media?parent=33725"}],"wp:term":[{"taxonomy":"category","embeddable":true,"href":"https:\/\/www.bellunopress.it\/fr\/wp-json\/wp\/v2\/categories?post=33725"},{"taxonomy":"post_tag","embeddable":true,"href":"https:\/\/www.bellunopress.it\/fr\/wp-json\/wp\/v2\/tags?post=33725"}],"curies":[{"name":"wp","href":"https:\/\/api.w.org\/{rel}","templated":true}]}}