{"id":33723,"date":"2011-12-28T17:49:45","date_gmt":"2011-12-28T16:49:45","guid":{"rendered":"http:\/\/www.bellunopress.it\/?p=33723"},"modified":"2011-12-28T17:49:45","modified_gmt":"2011-12-28T16:49:45","slug":"il-pd-vuole-incontrare-i-commercianti-e-le-associazioni-economiche-visalli-la-situazione-denunciata-dai-commercianti-del-centro-storico-preoccupa-e-fa-riflettere","status":"publish","type":"post","link":"https:\/\/www.bellunopress.it\/fr\/2011\/12\/28\/il-pd-vuole-incontrare-i-commercianti-e-le-associazioni-economiche-visalli-la-situazione-denunciata-dai-commercianti-del-centro-storico-preoccupa-e-fa-riflettere\/","title":{"rendered":"Il Pd vuole incontrare i commercianti e le associazioni economiche. Visalli: &#8220;La situazione denunciata dai commercianti del Centro Storico preoccupa e fa riflettere&#8221;"},"content":{"rendered":"<figure id=\"attachment_8677\" aria-describedby=\"caption-attachment-8677\" style=\"width: 226px\" class=\"wp-caption alignleft\"><a href=\"http:\/\/www.bellunopress.it\/wp-content\/uploads\/2009\/10\/irma-visalli-pd.jpg\"><img loading=\"lazy\" decoding=\"async\" class=\"size-full wp-image-8677\" title=\"irma-visalli-pd\" src=\"http:\/\/www.bellunopress.it\/wp-content\/uploads\/2009\/10\/irma-visalli-pd.jpg\" alt=\"\" width=\"226\" height=\"290\" \/><\/a><figcaption id=\"caption-attachment-8677\" class=\"wp-caption-text\">Irma Visalli<\/figcaption><\/figure>\n<p>&#8220;La crisi tocca anche i Bellunesi. Siamo anche qui alle prese con il lavoro che manca, con le persone che si trovano quotidianamente a dover fare scelte per andare avanti. E si evita il superfluo, si riducono le spese, si evita ogni spreco&#8221;. Lo afferma in una nota Irma Visalli, segretario dell&#8217;Unione comunale del Partito democratico di Belluno.\u00a0\u00a0 &#8220;Il problema per\u00f2 \u00e8 anche un altro &#8211; prosegue Irma Visalli &#8211; abbiamo vissuto il Natale in una citt\u00e0 silente e depressa in cui \u00e8 stata assente quell\u2019atmosfera grazie alla quale sentire\u00a0 l\u2019input per vivere e \u201cconsumare\u201d la citt\u00e0, per aver voglia di fare un giro tra le luci o invitare un amico in citt\u00e0 per respirare un\u2019atmosfera diversa da quella dei grandi e anonimi\u00a0 centri commerciali. Il Natale ci ha messo di fronte non solo alla crisi dei consumi ma anche ad una assenza di pensiero su come fronteggiare sia questo grave momento sia il futuro del Centro .\u00a0 Non occorrono dei geni per capire che l\u2019economia \u00e8 \u201cindotta\u201d anche da nuove idee, dall\u2019attivazione di eventi per i quali , pi\u00f9 che soldi, serve\u00a0 il coinvolgimento di tutti ,soprattutto commercianti e associazioni . Ma anzich\u00e9 pensare a \u201ccome\u201d attivare quell\u2019atmosfera rivitalizzante , che certo non avrebbe gonfiato\u00a0 i portafogli dei cittadini ma avrebbe frenato lo stato depressivo di questo difficile momento,\u00a0\u00a0 l\u2019amministrazione Prade che fa? elimina luminarie e mercatino, oltre che la musica naturalmente.\u00a0 Anzich\u00e9 unire fa litigare per il Capodanno. S. Nicol\u00f2\/Clapis c\u2019\u00e8 stato per la generosit\u00e0 di commercianti e privati. Per\u00f2 spende pi\u00f9 di 20.000 euro per il concorso di idee per Piazza dei Martiri. Fa Griglie Roventi e da centinaia di migliaia di euro al consulente della scuola svizzera in Nevegal e \u2026.cos\u00ec via. L\u2019assenza di un pensiero che vada al di l\u00e0 delle populistiche azioni\u00a0 di un momento \u00e8 ormai palese. E questa crisi \u201cdi pensiero\u201d\u00a0 non ha prodotto solo flessione dei consumi ma anche di\u00a0 abitanti, di\u00a0 visitatori. Stanno chiudendo\u00a0 negozi storici del centro ,crescono gli spazi non frequentati e le vie che muoiono come via Mezzaterra. Come fatto alcuni mesi fa &#8211; conclude Visalli &#8211; l\u2019Unione comunale del\u00a0 Partito Democratico\u00a0 chieder\u00e0 di\u00a0 incontrare\u00a0 commercianti e associazioni economiche per condividere azioni e iniziative, per ascoltare le loro proposte ed esigenze . Per\u00a0 fronteggiare questo vuoto con proposte concrete e costruire insieme un futuro diverso&#8221;.<\/p>","protected":false},"excerpt":{"rendered":"<p>&#8220;La crisi tocca anche i Bellunesi. Siamo anche qui alle prese con il lavoro che manca, con le persone che si trovano quotidianamente a dover fare scelte per andare avanti. E si evita il superfluo, si riducono le spese, si evita ogni spreco&#8221;. Lo afferma in una nota Irma Visalli, segretario dell&#8217;Unione comunale del Partito [&hellip;]<\/p>\n","protected":false},"author":2,"featured_media":0,"comment_status":"closed","ping_status":"open","sticky":false,"template":"","format":"standard","meta":{"footnotes":""},"categories":[5,26],"tags":[],"class_list":["post-33723","post","type-post","status-publish","format-standard","category-cronaca","category-prima-pagina"],"yoast_head":"<!-- This site is optimized with the Yoast SEO plugin v28.4 - https:\/\/yoast.com\/product\/yoast-seo-wordpress\/ -->\n<title>Il Pd vuole incontrare i commercianti e le associazioni economiche. Visalli: &quot;La situazione denunciata dai commercianti del Centro Storico preoccupa e fa riflettere&quot; - Bellunopress - Dolomiti<\/title>\n<meta name=\"robots\" content=\"index, follow, max-snippet:-1, max-image-preview:large, max-video-preview:-1\" \/>\n<link rel=\"canonical\" href=\"https:\/\/www.bellunopress.it\/fr\/2011\/12\/28\/il-pd-vuole-incontrare-i-commercianti-e-le-associazioni-economiche-visalli-la-situazione-denunciata-dai-commercianti-del-centro-storico-preoccupa-e-fa-riflettere\/\" \/>\n<meta property=\"og:locale\" content=\"fr_FR\" \/>\n<meta property=\"og:type\" content=\"article\" \/>\n<meta property=\"og:title\" content=\"Il Pd vuole incontrare i commercianti e le associazioni economiche. Visalli: &quot;La situazione denunciata dai commercianti del Centro Storico preoccupa e fa riflettere&quot; - Bellunopress - Dolomiti\" \/>\n<meta property=\"og:description\" content=\"&#8220;La crisi tocca anche i Bellunesi. Siamo anche qui alle prese con il lavoro che manca, con le persone che si trovano quotidianamente a dover fare scelte per andare avanti. E si evita il superfluo, si riducono le spese, si evita ogni spreco&#8221;. Lo afferma in una nota Irma Visalli, segretario dell&#8217;Unione comunale del Partito [&hellip;]\" \/>\n<meta property=\"og:url\" content=\"https:\/\/www.bellunopress.it\/fr\/2011\/12\/28\/il-pd-vuole-incontrare-i-commercianti-e-le-associazioni-economiche-visalli-la-situazione-denunciata-dai-commercianti-del-centro-storico-preoccupa-e-fa-riflettere\/\" \/>\n<meta property=\"og:site_name\" content=\"Bellunopress - Dolomiti\" \/>\n<meta property=\"article:publisher\" content=\"https:\/\/www.facebook.com\/profile.php?id=100008943462799\" \/>\n<meta property=\"article:published_time\" content=\"2011-12-28T16:49:45+00:00\" \/>\n<meta property=\"og:image\" content=\"http:\/\/www.bellunopress.it\/wp-content\/uploads\/2009\/10\/irma-visalli-pd.jpg\" \/>\n<meta name=\"author\" content=\"redazione\" \/>\n<meta name=\"twitter:card\" content=\"summary_large_image\" \/>\n<meta name=\"twitter:creator\" content=\"@bellunopress\" \/>\n<meta name=\"twitter:site\" content=\"@bellunopress\" \/>\n<meta name=\"twitter:label1\" content=\"Written by\" \/>\n\t<meta name=\"twitter:data1\" content=\"redazione\" \/>\n\t<meta name=\"twitter:label2\" content=\"Est. reading time\" \/>\n\t<meta name=\"twitter:data2\" content=\"2 minutes\" \/>\n<script type=\"application\/ld+json\" class=\"yoast-schema-graph\">{\"@context\":\"https:\\\/\\\/schema.org\",\"@graph\":[{\"@type\":\"Article\",\"@id\":\"https:\\\/\\\/www.bellunopress.it\\\/2011\\\/12\\\/28\\\/il-pd-vuole-incontrare-i-commercianti-e-le-associazioni-economiche-visalli-la-situazione-denunciata-dai-commercianti-del-centro-storico-preoccupa-e-fa-riflettere\\\/#article\",\"isPartOf\":{\"@id\":\"https:\\\/\\\/www.bellunopress.it\\\/2011\\\/12\\\/28\\\/il-pd-vuole-incontrare-i-commercianti-e-le-associazioni-economiche-visalli-la-situazione-denunciata-dai-commercianti-del-centro-storico-preoccupa-e-fa-riflettere\\\/\"},\"author\":{\"name\":\"redazione\",\"@id\":\"https:\\\/\\\/www.bellunopress.it\\\/#\\\/schema\\\/person\\\/79bb06722b37ece1c03d3e94beb30d73\"},\"headline\":\"Il Pd vuole incontrare i commercianti e le associazioni economiche. Visalli: &#8220;La situazione denunciata dai commercianti del Centro Storico preoccupa e fa riflettere&#8221;\",\"datePublished\":\"2011-12-28T16:49:45+00:00\",\"mainEntityOfPage\":{\"@id\":\"https:\\\/\\\/www.bellunopress.it\\\/2011\\\/12\\\/28\\\/il-pd-vuole-incontrare-i-commercianti-e-le-associazioni-economiche-visalli-la-situazione-denunciata-dai-commercianti-del-centro-storico-preoccupa-e-fa-riflettere\\\/\"},\"wordCount\":422,\"publisher\":{\"@id\":\"https:\\\/\\\/www.bellunopress.it\\\/#organization\"},\"image\":{\"@id\":\"https:\\\/\\\/www.bellunopress.it\\\/2011\\\/12\\\/28\\\/il-pd-vuole-incontrare-i-commercianti-e-le-associazioni-economiche-visalli-la-situazione-denunciata-dai-commercianti-del-centro-storico-preoccupa-e-fa-riflettere\\\/#primaryimage\"},\"thumbnailUrl\":\"http:\\\/\\\/www.bellunopress.it\\\/wp-content\\\/uploads\\\/2009\\\/10\\\/irma-visalli-pd.jpg\",\"articleSection\":[\"Cronaca\\\/Politica\",\"Prima Pagina\"],\"inLanguage\":\"fr-FR\"},{\"@type\":\"WebPage\",\"@id\":\"https:\\\/\\\/www.bellunopress.it\\\/2011\\\/12\\\/28\\\/il-pd-vuole-incontrare-i-commercianti-e-le-associazioni-economiche-visalli-la-situazione-denunciata-dai-commercianti-del-centro-storico-preoccupa-e-fa-riflettere\\\/\",\"url\":\"https:\\\/\\\/www.bellunopress.it\\\/2011\\\/12\\\/28\\\/il-pd-vuole-incontrare-i-commercianti-e-le-associazioni-economiche-visalli-la-situazione-denunciata-dai-commercianti-del-centro-storico-preoccupa-e-fa-riflettere\\\/\",\"name\":\"Il Pd vuole incontrare i commercianti e le associazioni economiche. Visalli: \\\"La situazione denunciata dai commercianti del Centro Storico preoccupa e fa riflettere\\\" - Bellunopress - Dolomiti\",\"isPartOf\":{\"@id\":\"https:\\\/\\\/www.bellunopress.it\\\/#website\"},\"primaryImageOfPage\":{\"@id\":\"https:\\\/\\\/www.bellunopress.it\\\/2011\\\/12\\\/28\\\/il-pd-vuole-incontrare-i-commercianti-e-le-associazioni-economiche-visalli-la-situazione-denunciata-dai-commercianti-del-centro-storico-preoccupa-e-fa-riflettere\\\/#primaryimage\"},\"image\":{\"@id\":\"https:\\\/\\\/www.bellunopress.it\\\/2011\\\/12\\\/28\\\/il-pd-vuole-incontrare-i-commercianti-e-le-associazioni-economiche-visalli-la-situazione-denunciata-dai-commercianti-del-centro-storico-preoccupa-e-fa-riflettere\\\/#primaryimage\"},\"thumbnailUrl\":\"http:\\\/\\\/www.bellunopress.it\\\/wp-content\\\/uploads\\\/2009\\\/10\\\/irma-visalli-pd.jpg\",\"datePublished\":\"2011-12-28T16:49:45+00:00\",\"breadcrumb\":{\"@id\":\"https:\\\/\\\/www.bellunopress.it\\\/2011\\\/12\\\/28\\\/il-pd-vuole-incontrare-i-commercianti-e-le-associazioni-economiche-visalli-la-situazione-denunciata-dai-commercianti-del-centro-storico-preoccupa-e-fa-riflettere\\\/#breadcrumb\"},\"inLanguage\":\"fr-FR\",\"potentialAction\":[{\"@type\":\"ReadAction\",\"target\":[\"https:\\\/\\\/www.bellunopress.it\\\/2011\\\/12\\\/28\\\/il-pd-vuole-incontrare-i-commercianti-e-le-associazioni-economiche-visalli-la-situazione-denunciata-dai-commercianti-del-centro-storico-preoccupa-e-fa-riflettere\\\/\"]}]},{\"@type\":\"ImageObject\",\"inLanguage\":\"fr-FR\",\"@id\":\"https:\\\/\\\/www.bellunopress.it\\\/2011\\\/12\\\/28\\\/il-pd-vuole-incontrare-i-commercianti-e-le-associazioni-economiche-visalli-la-situazione-denunciata-dai-commercianti-del-centro-storico-preoccupa-e-fa-riflettere\\\/#primaryimage\",\"url\":\"http:\\\/\\\/www.bellunopress.it\\\/wp-content\\\/uploads\\\/2009\\\/10\\\/irma-visalli-pd.jpg\",\"contentUrl\":\"http:\\\/\\\/www.bellunopress.it\\\/wp-content\\\/uploads\\\/2009\\\/10\\\/irma-visalli-pd.jpg\"},{\"@type\":\"BreadcrumbList\",\"@id\":\"https:\\\/\\\/www.bellunopress.it\\\/2011\\\/12\\\/28\\\/il-pd-vuole-incontrare-i-commercianti-e-le-associazioni-economiche-visalli-la-situazione-denunciata-dai-commercianti-del-centro-storico-preoccupa-e-fa-riflettere\\\/#breadcrumb\",\"itemListElement\":[{\"@type\":\"ListItem\",\"position\":1,\"name\":\"Home\",\"item\":\"https:\\\/\\\/www.bellunopress.it\\\/\"},{\"@type\":\"ListItem\",\"position\":2,\"name\":\"Il Pd vuole incontrare i commercianti e le associazioni economiche. Visalli: &#8220;La situazione denunciata dai commercianti del Centro Storico preoccupa e fa riflettere&#8221;\"}]},{\"@type\":\"WebSite\",\"@id\":\"https:\\\/\\\/www.bellunopress.it\\\/#website\",\"url\":\"https:\\\/\\\/www.bellunopress.it\\\/\",\"name\":\"Bellunopress - Dolomiti\",\"description\":\"e-mail: redazione@bellunopress.it\",\"publisher\":{\"@id\":\"https:\\\/\\\/www.bellunopress.it\\\/#organization\"},\"potentialAction\":[{\"@type\":\"SearchAction\",\"target\":{\"@type\":\"EntryPoint\",\"urlTemplate\":\"https:\\\/\\\/www.bellunopress.it\\\/?s={search_term_string}\"},\"query-input\":{\"@type\":\"PropertyValueSpecification\",\"valueRequired\":true,\"valueName\":\"search_term_string\"}}],\"inLanguage\":\"fr-FR\"},{\"@type\":\"Organization\",\"@id\":\"https:\\\/\\\/www.bellunopress.it\\\/#organization\",\"name\":\"Bellunopress\",\"url\":\"https:\\\/\\\/www.bellunopress.it\\\/\",\"logo\":{\"@type\":\"ImageObject\",\"inLanguage\":\"fr-FR\",\"@id\":\"https:\\\/\\\/www.bellunopress.it\\\/#\\\/schema\\\/logo\\\/image\\\/\",\"url\":\"https:\\\/\\\/www.bellunopress.it\\\/wp-content\\\/uploads\\\/2011\\\/05\\\/cropped-logo-bellunopress-.jpg\",\"contentUrl\":\"https:\\\/\\\/www.bellunopress.it\\\/wp-content\\\/uploads\\\/2011\\\/05\\\/cropped-logo-bellunopress-.jpg\",\"width\":512,\"height\":512,\"caption\":\"Bellunopress\"},\"image\":{\"@id\":\"https:\\\/\\\/www.bellunopress.it\\\/#\\\/schema\\\/logo\\\/image\\\/\"},\"sameAs\":[\"https:\\\/\\\/www.facebook.com\\\/profile.php?id=100008943462799\",\"https:\\\/\\\/x.com\\\/bellunopress\",\"https:\\\/\\\/www.linkedin.com\\\/hp\\\/?dnr=JBzUWaJfMUw8vbXJJ2tVW5-I3jZKvC4wsoxE&amp;amp;amp;amp;amp;amp;trk=nav_responsive_tab_home\",\"https:\\\/\\\/www.youtube.com\\\/channel\\\/UCxL0wu1uN0_3_7hGG0306cw\"]},{\"@type\":\"Person\",\"@id\":\"https:\\\/\\\/www.bellunopress.it\\\/#\\\/schema\\\/person\\\/79bb06722b37ece1c03d3e94beb30d73\",\"name\":\"redazione\",\"image\":{\"@type\":\"ImageObject\",\"inLanguage\":\"fr-FR\",\"@id\":\"https:\\\/\\\/secure.gravatar.com\\\/avatar\\\/37d968a2e67a6fd04c169c4bdef102d0bc5d31b2546345219e348575eb80e9a0?s=96&d=mm&r=g\",\"url\":\"https:\\\/\\\/secure.gravatar.com\\\/avatar\\\/37d968a2e67a6fd04c169c4bdef102d0bc5d31b2546345219e348575eb80e9a0?s=96&d=mm&r=g\",\"contentUrl\":\"https:\\\/\\\/secure.gravatar.com\\\/avatar\\\/37d968a2e67a6fd04c169c4bdef102d0bc5d31b2546345219e348575eb80e9a0?s=96&d=mm&r=g\",\"caption\":\"redazione\"},\"sameAs\":[\"http:\\\/\\\/www.bellunopress.it\",\"https:\\\/\\\/x.com\\\/bellunopress\"],\"url\":\"https:\\\/\\\/www.bellunopress.it\\\/fr\\\/author\\\/redazione\\\/\"}]}<\/script>\n<!-- \/ Yoast SEO plugin. -->","yoast_head_json":{"title":"Il Pd vuole incontrare i commercianti e le associazioni economiche. Visalli: \"La situazione denunciata dai commercianti del Centro Storico preoccupa e fa riflettere\" - Bellunopress - Dolomiti","robots":{"index":"index","follow":"follow","max-snippet":"max-snippet:-1","max-image-preview":"max-image-preview:large","max-video-preview":"max-video-preview:-1"},"canonical":"https:\/\/www.bellunopress.it\/fr\/2011\/12\/28\/il-pd-vuole-incontrare-i-commercianti-e-le-associazioni-economiche-visalli-la-situazione-denunciata-dai-commercianti-del-centro-storico-preoccupa-e-fa-riflettere\/","og_locale":"fr_FR","og_type":"article","og_title":"Il Pd vuole incontrare i commercianti e le associazioni economiche. Visalli: \"La situazione denunciata dai commercianti del Centro Storico preoccupa e fa riflettere\" - Bellunopress - Dolomiti","og_description":"&#8220;La crisi tocca anche i Bellunesi. Siamo anche qui alle prese con il lavoro che manca, con le persone che si trovano quotidianamente a dover fare scelte per andare avanti. E si evita il superfluo, si riducono le spese, si evita ogni spreco&#8221;. Lo afferma in una nota Irma Visalli, segretario dell&#8217;Unione comunale del Partito [&hellip;]","og_url":"https:\/\/www.bellunopress.it\/fr\/2011\/12\/28\/il-pd-vuole-incontrare-i-commercianti-e-le-associazioni-economiche-visalli-la-situazione-denunciata-dai-commercianti-del-centro-storico-preoccupa-e-fa-riflettere\/","og_site_name":"Bellunopress - Dolomiti","article_publisher":"https:\/\/www.facebook.com\/profile.php?id=100008943462799","article_published_time":"2011-12-28T16:49:45+00:00","og_image":[{"url":"http:\/\/www.bellunopress.it\/wp-content\/uploads\/2009\/10\/irma-visalli-pd.jpg","type":"","width":"","height":""}],"author":"redazione","twitter_card":"summary_large_image","twitter_creator":"@bellunopress","twitter_site":"@bellunopress","twitter_misc":{"Written by":"redazione","Est. reading time":"2 minutes"},"schema":{"@context":"https:\/\/schema.org","@graph":[{"@type":"Article","@id":"https:\/\/www.bellunopress.it\/2011\/12\/28\/il-pd-vuole-incontrare-i-commercianti-e-le-associazioni-economiche-visalli-la-situazione-denunciata-dai-commercianti-del-centro-storico-preoccupa-e-fa-riflettere\/#article","isPartOf":{"@id":"https:\/\/www.bellunopress.it\/2011\/12\/28\/il-pd-vuole-incontrare-i-commercianti-e-le-associazioni-economiche-visalli-la-situazione-denunciata-dai-commercianti-del-centro-storico-preoccupa-e-fa-riflettere\/"},"author":{"name":"redazione","@id":"https:\/\/www.bellunopress.it\/#\/schema\/person\/79bb06722b37ece1c03d3e94beb30d73"},"headline":"Il Pd vuole incontrare i commercianti e le associazioni economiche. Visalli: &#8220;La situazione denunciata dai commercianti del Centro Storico preoccupa e fa riflettere&#8221;","datePublished":"2011-12-28T16:49:45+00:00","mainEntityOfPage":{"@id":"https:\/\/www.bellunopress.it\/2011\/12\/28\/il-pd-vuole-incontrare-i-commercianti-e-le-associazioni-economiche-visalli-la-situazione-denunciata-dai-commercianti-del-centro-storico-preoccupa-e-fa-riflettere\/"},"wordCount":422,"publisher":{"@id":"https:\/\/www.bellunopress.it\/#organization"},"image":{"@id":"https:\/\/www.bellunopress.it\/2011\/12\/28\/il-pd-vuole-incontrare-i-commercianti-e-le-associazioni-economiche-visalli-la-situazione-denunciata-dai-commercianti-del-centro-storico-preoccupa-e-fa-riflettere\/#primaryimage"},"thumbnailUrl":"http:\/\/www.bellunopress.it\/wp-content\/uploads\/2009\/10\/irma-visalli-pd.jpg","articleSection":["Cronaca\/Politica","Prima Pagina"],"inLanguage":"fr-FR"},{"@type":"WebPage","@id":"https:\/\/www.bellunopress.it\/2011\/12\/28\/il-pd-vuole-incontrare-i-commercianti-e-le-associazioni-economiche-visalli-la-situazione-denunciata-dai-commercianti-del-centro-storico-preoccupa-e-fa-riflettere\/","url":"https:\/\/www.bellunopress.it\/2011\/12\/28\/il-pd-vuole-incontrare-i-commercianti-e-le-associazioni-economiche-visalli-la-situazione-denunciata-dai-commercianti-del-centro-storico-preoccupa-e-fa-riflettere\/","name":"Il Pd vuole incontrare i commercianti e le associazioni economiche. Visalli: \"La situazione denunciata dai commercianti del Centro Storico preoccupa e fa riflettere\" - Bellunopress - Dolomiti","isPartOf":{"@id":"https:\/\/www.bellunopress.it\/#website"},"primaryImageOfPage":{"@id":"https:\/\/www.bellunopress.it\/2011\/12\/28\/il-pd-vuole-incontrare-i-commercianti-e-le-associazioni-economiche-visalli-la-situazione-denunciata-dai-commercianti-del-centro-storico-preoccupa-e-fa-riflettere\/#primaryimage"},"image":{"@id":"https:\/\/www.bellunopress.it\/2011\/12\/28\/il-pd-vuole-incontrare-i-commercianti-e-le-associazioni-economiche-visalli-la-situazione-denunciata-dai-commercianti-del-centro-storico-preoccupa-e-fa-riflettere\/#primaryimage"},"thumbnailUrl":"http:\/\/www.bellunopress.it\/wp-content\/uploads\/2009\/10\/irma-visalli-pd.jpg","datePublished":"2011-12-28T16:49:45+00:00","breadcrumb":{"@id":"https:\/\/www.bellunopress.it\/2011\/12\/28\/il-pd-vuole-incontrare-i-commercianti-e-le-associazioni-economiche-visalli-la-situazione-denunciata-dai-commercianti-del-centro-storico-preoccupa-e-fa-riflettere\/#breadcrumb"},"inLanguage":"fr-FR","potentialAction":[{"@type":"ReadAction","target":["https:\/\/www.bellunopress.it\/2011\/12\/28\/il-pd-vuole-incontrare-i-commercianti-e-le-associazioni-economiche-visalli-la-situazione-denunciata-dai-commercianti-del-centro-storico-preoccupa-e-fa-riflettere\/"]}]},{"@type":"ImageObject","inLanguage":"fr-FR","@id":"https:\/\/www.bellunopress.it\/2011\/12\/28\/il-pd-vuole-incontrare-i-commercianti-e-le-associazioni-economiche-visalli-la-situazione-denunciata-dai-commercianti-del-centro-storico-preoccupa-e-fa-riflettere\/#primaryimage","url":"http:\/\/www.bellunopress.it\/wp-content\/uploads\/2009\/10\/irma-visalli-pd.jpg","contentUrl":"http:\/\/www.bellunopress.it\/wp-content\/uploads\/2009\/10\/irma-visalli-pd.jpg"},{"@type":"BreadcrumbList","@id":"https:\/\/www.bellunopress.it\/2011\/12\/28\/il-pd-vuole-incontrare-i-commercianti-e-le-associazioni-economiche-visalli-la-situazione-denunciata-dai-commercianti-del-centro-storico-preoccupa-e-fa-riflettere\/#breadcrumb","itemListElement":[{"@type":"ListItem","position":1,"name":"Home","item":"https:\/\/www.bellunopress.it\/"},{"@type":"ListItem","position":2,"name":"Il Pd vuole incontrare i commercianti e le associazioni economiche. Visalli: &#8220;La situazione denunciata dai commercianti del Centro Storico preoccupa e fa riflettere&#8221;"}]},{"@type":"WebSite","@id":"https:\/\/www.bellunopress.it\/#website","url":"https:\/\/www.bellunopress.it\/","name":"Bellunopress - Dolomiti","description":"e-mail: redazione@bellunopress.it","publisher":{"@id":"https:\/\/www.bellunopress.it\/#organization"},"potentialAction":[{"@type":"SearchAction","target":{"@type":"EntryPoint","urlTemplate":"https:\/\/www.bellunopress.it\/?s={search_term_string}"},"query-input":{"@type":"PropertyValueSpecification","valueRequired":true,"valueName":"search_term_string"}}],"inLanguage":"fr-FR"},{"@type":"Organization","@id":"https:\/\/www.bellunopress.it\/#organization","name":"Bellunopress","url":"https:\/\/www.bellunopress.it\/","logo":{"@type":"ImageObject","inLanguage":"fr-FR","@id":"https:\/\/www.bellunopress.it\/#\/schema\/logo\/image\/","url":"https:\/\/www.bellunopress.it\/wp-content\/uploads\/2011\/05\/cropped-logo-bellunopress-.jpg","contentUrl":"https:\/\/www.bellunopress.it\/wp-content\/uploads\/2011\/05\/cropped-logo-bellunopress-.jpg","width":512,"height":512,"caption":"Bellunopress"},"image":{"@id":"https:\/\/www.bellunopress.it\/#\/schema\/logo\/image\/"},"sameAs":["https:\/\/www.facebook.com\/profile.php?id=100008943462799","https:\/\/x.com\/bellunopress","https:\/\/www.linkedin.com\/hp\/?dnr=JBzUWaJfMUw8vbXJJ2tVW5-I3jZKvC4wsoxE&amp;amp;amp;amp;amp;amp;trk=nav_responsive_tab_home","https:\/\/www.youtube.com\/channel\/UCxL0wu1uN0_3_7hGG0306cw"]},{"@type":"Person","@id":"https:\/\/www.bellunopress.it\/#\/schema\/person\/79bb06722b37ece1c03d3e94beb30d73","name":"r\u00e9daction","image":{"@type":"ImageObject","inLanguage":"fr-FR","@id":"https:\/\/secure.gravatar.com\/avatar\/37d968a2e67a6fd04c169c4bdef102d0bc5d31b2546345219e348575eb80e9a0?s=96&d=mm&r=g","url":"https:\/\/secure.gravatar.com\/avatar\/37d968a2e67a6fd04c169c4bdef102d0bc5d31b2546345219e348575eb80e9a0?s=96&d=mm&r=g","contentUrl":"https:\/\/secure.gravatar.com\/avatar\/37d968a2e67a6fd04c169c4bdef102d0bc5d31b2546345219e348575eb80e9a0?s=96&d=mm&r=g","caption":"redazione"},"sameAs":["http:\/\/www.bellunopress.it","https:\/\/x.com\/bellunopress"],"url":"https:\/\/www.bellunopress.it\/fr\/author\/redazione\/"}]}},"_links":{"self":[{"href":"https:\/\/www.bellunopress.it\/fr\/wp-json\/wp\/v2\/posts\/33723","targetHints":{"allow":["GET"]}}],"collection":[{"href":"https:\/\/www.bellunopress.it\/fr\/wp-json\/wp\/v2\/posts"}],"about":[{"href":"https:\/\/www.bellunopress.it\/fr\/wp-json\/wp\/v2\/types\/post"}],"author":[{"embeddable":true,"href":"https:\/\/www.bellunopress.it\/fr\/wp-json\/wp\/v2\/users\/2"}],"replies":[{"embeddable":true,"href":"https:\/\/www.bellunopress.it\/fr\/wp-json\/wp\/v2\/comments?post=33723"}],"version-history":[{"count":1,"href":"https:\/\/www.bellunopress.it\/fr\/wp-json\/wp\/v2\/posts\/33723\/revisions"}],"predecessor-version":[{"id":33724,"href":"https:\/\/www.bellunopress.it\/fr\/wp-json\/wp\/v2\/posts\/33723\/revisions\/33724"}],"wp:attachment":[{"href":"https:\/\/www.bellunopress.it\/fr\/wp-json\/wp\/v2\/media?parent=33723"}],"wp:term":[{"taxonomy":"category","embeddable":true,"href":"https:\/\/www.bellunopress.it\/fr\/wp-json\/wp\/v2\/categories?post=33723"},{"taxonomy":"post_tag","embeddable":true,"href":"https:\/\/www.bellunopress.it\/fr\/wp-json\/wp\/v2\/tags?post=33723"}],"curies":[{"name":"wp","href":"https:\/\/api.w.org\/{rel}","templated":true}]}}