{"id":33716,"date":"2011-12-28T17:31:39","date_gmt":"2011-12-28T16:31:39","guid":{"rendered":"http:\/\/www.bellunopress.it\/?p=33716"},"modified":"2011-12-28T17:31:39","modified_gmt":"2011-12-28T16:31:39","slug":"capodanno-in-piazza-dei-martiri-aperitivo-dalle-1830-palco-con-dj-e-brindisi-di-mezzanotte-con-panettone-grazie-alliniziativa-di-alcuni-commercianti-del-centro","status":"publish","type":"post","link":"https:\/\/www.bellunopress.it\/fr\/2011\/12\/28\/capodanno-in-piazza-dei-martiri-aperitivo-dalle-1830-palco-con-dj-e-brindisi-di-mezzanotte-con-panettone-grazie-alliniziativa-di-alcuni-commercianti-del-centro\/","title":{"rendered":"Capodanno in piazza dei Martiri: aperitivo dalle 18,30 palco con dj e brindisi di mezzanotte con panettone grazie all&#8217;iniziativa di alcuni commercianti del centro"},"content":{"rendered":"<figure id=\"attachment_33717\" aria-describedby=\"caption-attachment-33717\" style=\"width: 270px\" class=\"wp-caption alignleft\"><a href=\"http:\/\/www.bellunopress.it\/wp-content\/uploads\/2011\/12\/stefano-casagrande-pres-bellunolanotte-e-Mirta-Zanolla.jpg\"><img loading=\"lazy\" decoding=\"async\" class=\"size-full wp-image-33717\" title=\"stefano casagrande pres bellunolanotte e Mirta Zanolla\" src=\"http:\/\/www.bellunopress.it\/wp-content\/uploads\/2011\/12\/stefano-casagrande-pres-bellunolanotte-e-Mirta-Zanolla.jpg\" alt=\"\" width=\"270\" height=\"165\" \/><\/a><figcaption id=\"caption-attachment-33717\" class=\"wp-caption-text\">Stefano Casagrande e Mirta Zanolla<\/figcaption><\/figure>\n<p>La festa di Capodanno a Belluno inizier\u00e0 con l&#8217;aperitivo alle 18.30 di sabato 31 dicembre. E proseguir\u00e0 con la musica a 360 gradi dal palco in piazza dei Martiri con dj set Giamp + OmarB e la partecipazione di JJ Morrison Aka Eclair. Alla mezzanotte brindisi con spumante e panettone offerto dai commercianti del centro. A seguire navetta a 2 euro con destinazione Mister Club (centro commerciale Veneggia). L&#8217;evento \u00e8 stato presentato questa mattina a Palazzo Rosso da Mirta Zanolla titolare del Caff\u00e8 Manin, Giampaolo Candeago titolare del Goppion caff\u00e8 e del caff\u00e8 Deon e Stefano Casagrande presidente dell&#8217;Associazione Bellunolanotte. Aderiscono all&#8217;iniziativa, e saranno aperti per la festa di fine anno il Caff\u00e8 Manin, Caff\u00e8 Deon, bar Astor, pizzeria F40, Antica scuderia, le casette di Natale. Con sponsor De Mas, De Bona motor, Super W supermercati, Banca Popolare Volksbank, Banca Popolare di Vicenza e il patrocinio del Comune di Belluno (per l&#8217;area e gli allacciamenti).<\/p>\n<figure id=\"attachment_33718\" aria-describedby=\"caption-attachment-33718\" style=\"width: 133px\" class=\"wp-caption alignleft\"><a href=\"http:\/\/www.bellunopress.it\/wp-content\/uploads\/2011\/12\/gianpaolo-candeago.jpg\"><img loading=\"lazy\" decoding=\"async\" class=\"size-full wp-image-33718\" title=\"gianpaolo candeago\" src=\"http:\/\/www.bellunopress.it\/wp-content\/uploads\/2011\/12\/gianpaolo-candeago.jpg\" alt=\"\" width=\"133\" height=\"150\" \/><\/a><figcaption id=\"caption-attachment-33718\" class=\"wp-caption-text\">Giampaolo Casagrande<\/figcaption><\/figure>\n<p>\u00abMi piacerebbe che questo fosse l&#8217;inizio per una precisa programmazione degli eventi del 2012 a Belluno. Un calendario di eventi con musica, cultura e spettacoli, che faccia superare eventuali contrasti tra Consorzio e Comune di Belluno\u00bb ha detto Giampaolo Candeago consigliere del Consorzio Belluno centro storico. Che insieme a Mirta Zanolla ha avviato l&#8217;iniziativa, alla quale hanno poi aderito anche gli altri locali del centro. \u00abIn 15 giorni siamo riusciti ad organizzare l&#8217;evento\u00bb ha precisato Mirta Zanolla. Il Comune di Belluno, dunque, come ha riferito il portavoce del sindaco, anche per il futuro dar\u00e0 solo il proprio supporto organizzativo, come stabilito da precedenti accordi con il Consorzio dei\u00a0 commercianti del centro. A tutto il resto dovranno provvedere i commercianti e gli sponsor.<\/p>","protected":false},"excerpt":{"rendered":"<p>La festa di Capodanno a Belluno inizier\u00e0 con l&#8217;aperitivo alle 18.30 di sabato 31 dicembre. E proseguir\u00e0 con la musica a 360 gradi dal palco in piazza dei Martiri con dj set Giamp + OmarB e la partecipazione di JJ Morrison Aka Eclair. Alla mezzanotte brindisi con spumante e panettone offerto dai commercianti del centro. [&hellip;]<\/p>\n","protected":false},"author":2,"featured_media":0,"comment_status":"closed","ping_status":"open","sticky":false,"template":"","format":"standard","meta":{"footnotes":""},"categories":[1],"tags":[],"class_list":["post-33716","post","type-post","status-publish","format-standard","category-leo"],"yoast_head":"<!-- This site is optimized with the Yoast SEO plugin v28.4 - https:\/\/yoast.com\/product\/yoast-seo-wordpress\/ -->\n<title>Capodanno in piazza dei Martiri: aperitivo dalle 18,30 palco con dj e brindisi di mezzanotte con panettone grazie all&#039;iniziativa di alcuni commercianti del centro  - Bellunopress - Dolomiti<\/title>\n<meta name=\"robots\" content=\"index, follow, max-snippet:-1, max-image-preview:large, max-video-preview:-1\" \/>\n<link rel=\"canonical\" href=\"https:\/\/www.bellunopress.it\/fr\/2011\/12\/28\/capodanno-in-piazza-dei-martiri-aperitivo-dalle-1830-palco-con-dj-e-brindisi-di-mezzanotte-con-panettone-grazie-alliniziativa-di-alcuni-commercianti-del-centro\/\" \/>\n<meta property=\"og:locale\" content=\"fr_FR\" \/>\n<meta property=\"og:type\" content=\"article\" \/>\n<meta property=\"og:title\" content=\"Capodanno in piazza dei Martiri: aperitivo dalle 18,30 palco con dj e brindisi di mezzanotte con panettone grazie all&#039;iniziativa di alcuni commercianti del centro  - Bellunopress - Dolomiti\" \/>\n<meta property=\"og:description\" content=\"La festa di Capodanno a Belluno inizier\u00e0 con l&#8217;aperitivo alle 18.30 di sabato 31 dicembre. E proseguir\u00e0 con la musica a 360 gradi dal palco in piazza dei Martiri con dj set Giamp + OmarB e la partecipazione di JJ Morrison Aka Eclair. Alla mezzanotte brindisi con spumante e panettone offerto dai commercianti del centro. [&hellip;]\" \/>\n<meta property=\"og:url\" content=\"https:\/\/www.bellunopress.it\/fr\/2011\/12\/28\/capodanno-in-piazza-dei-martiri-aperitivo-dalle-1830-palco-con-dj-e-brindisi-di-mezzanotte-con-panettone-grazie-alliniziativa-di-alcuni-commercianti-del-centro\/\" \/>\n<meta property=\"og:site_name\" content=\"Bellunopress - Dolomiti\" \/>\n<meta property=\"article:publisher\" content=\"https:\/\/www.facebook.com\/profile.php?id=100008943462799\" \/>\n<meta property=\"article:published_time\" content=\"2011-12-28T16:31:39+00:00\" \/>\n<meta property=\"og:image\" content=\"http:\/\/www.bellunopress.it\/wp-content\/uploads\/2011\/12\/stefano-casagrande-pres-bellunolanotte-e-Mirta-Zanolla.jpg\" \/>\n<meta name=\"author\" content=\"redazione\" \/>\n<meta name=\"twitter:card\" content=\"summary_large_image\" \/>\n<meta name=\"twitter:creator\" content=\"@bellunopress\" \/>\n<meta name=\"twitter:site\" content=\"@bellunopress\" \/>\n<meta name=\"twitter:label1\" content=\"Written by\" \/>\n\t<meta name=\"twitter:data1\" content=\"redazione\" \/>\n\t<meta name=\"twitter:label2\" content=\"Est. reading time\" \/>\n\t<meta name=\"twitter:data2\" content=\"1 minute\" \/>\n<script type=\"application\/ld+json\" class=\"yoast-schema-graph\">{\"@context\":\"https:\\\/\\\/schema.org\",\"@graph\":[{\"@type\":\"Article\",\"@id\":\"https:\\\/\\\/www.bellunopress.it\\\/2011\\\/12\\\/28\\\/capodanno-in-piazza-dei-martiri-aperitivo-dalle-1830-palco-con-dj-e-brindisi-di-mezzanotte-con-panettone-grazie-alliniziativa-di-alcuni-commercianti-del-centro\\\/#article\",\"isPartOf\":{\"@id\":\"https:\\\/\\\/www.bellunopress.it\\\/2011\\\/12\\\/28\\\/capodanno-in-piazza-dei-martiri-aperitivo-dalle-1830-palco-con-dj-e-brindisi-di-mezzanotte-con-panettone-grazie-alliniziativa-di-alcuni-commercianti-del-centro\\\/\"},\"author\":{\"name\":\"redazione\",\"@id\":\"https:\\\/\\\/www.bellunopress.it\\\/#\\\/schema\\\/person\\\/79bb06722b37ece1c03d3e94beb30d73\"},\"headline\":\"Capodanno in piazza dei Martiri: aperitivo dalle 18,30 palco con dj e brindisi di mezzanotte con panettone grazie all&#8217;iniziativa di alcuni commercianti del centro\",\"datePublished\":\"2011-12-28T16:31:39+00:00\",\"mainEntityOfPage\":{\"@id\":\"https:\\\/\\\/www.bellunopress.it\\\/2011\\\/12\\\/28\\\/capodanno-in-piazza-dei-martiri-aperitivo-dalle-1830-palco-con-dj-e-brindisi-di-mezzanotte-con-panettone-grazie-alliniziativa-di-alcuni-commercianti-del-centro\\\/\"},\"wordCount\":324,\"publisher\":{\"@id\":\"https:\\\/\\\/www.bellunopress.it\\\/#organization\"},\"image\":{\"@id\":\"https:\\\/\\\/www.bellunopress.it\\\/2011\\\/12\\\/28\\\/capodanno-in-piazza-dei-martiri-aperitivo-dalle-1830-palco-con-dj-e-brindisi-di-mezzanotte-con-panettone-grazie-alliniziativa-di-alcuni-commercianti-del-centro\\\/#primaryimage\"},\"thumbnailUrl\":\"http:\\\/\\\/www.bellunopress.it\\\/wp-content\\\/uploads\\\/2011\\\/12\\\/stefano-casagrande-pres-bellunolanotte-e-Mirta-Zanolla.jpg\",\"articleSection\":[\"Lettere Opinioni\"],\"inLanguage\":\"fr-FR\"},{\"@type\":\"WebPage\",\"@id\":\"https:\\\/\\\/www.bellunopress.it\\\/2011\\\/12\\\/28\\\/capodanno-in-piazza-dei-martiri-aperitivo-dalle-1830-palco-con-dj-e-brindisi-di-mezzanotte-con-panettone-grazie-alliniziativa-di-alcuni-commercianti-del-centro\\\/\",\"url\":\"https:\\\/\\\/www.bellunopress.it\\\/2011\\\/12\\\/28\\\/capodanno-in-piazza-dei-martiri-aperitivo-dalle-1830-palco-con-dj-e-brindisi-di-mezzanotte-con-panettone-grazie-alliniziativa-di-alcuni-commercianti-del-centro\\\/\",\"name\":\"Capodanno in piazza dei Martiri: aperitivo dalle 18,30 palco con dj e brindisi di mezzanotte con panettone grazie all'iniziativa di alcuni commercianti del centro - Bellunopress - Dolomiti\",\"isPartOf\":{\"@id\":\"https:\\\/\\\/www.bellunopress.it\\\/#website\"},\"primaryImageOfPage\":{\"@id\":\"https:\\\/\\\/www.bellunopress.it\\\/2011\\\/12\\\/28\\\/capodanno-in-piazza-dei-martiri-aperitivo-dalle-1830-palco-con-dj-e-brindisi-di-mezzanotte-con-panettone-grazie-alliniziativa-di-alcuni-commercianti-del-centro\\\/#primaryimage\"},\"image\":{\"@id\":\"https:\\\/\\\/www.bellunopress.it\\\/2011\\\/12\\\/28\\\/capodanno-in-piazza-dei-martiri-aperitivo-dalle-1830-palco-con-dj-e-brindisi-di-mezzanotte-con-panettone-grazie-alliniziativa-di-alcuni-commercianti-del-centro\\\/#primaryimage\"},\"thumbnailUrl\":\"http:\\\/\\\/www.bellunopress.it\\\/wp-content\\\/uploads\\\/2011\\\/12\\\/stefano-casagrande-pres-bellunolanotte-e-Mirta-Zanolla.jpg\",\"datePublished\":\"2011-12-28T16:31:39+00:00\",\"breadcrumb\":{\"@id\":\"https:\\\/\\\/www.bellunopress.it\\\/2011\\\/12\\\/28\\\/capodanno-in-piazza-dei-martiri-aperitivo-dalle-1830-palco-con-dj-e-brindisi-di-mezzanotte-con-panettone-grazie-alliniziativa-di-alcuni-commercianti-del-centro\\\/#breadcrumb\"},\"inLanguage\":\"fr-FR\",\"potentialAction\":[{\"@type\":\"ReadAction\",\"target\":[\"https:\\\/\\\/www.bellunopress.it\\\/2011\\\/12\\\/28\\\/capodanno-in-piazza-dei-martiri-aperitivo-dalle-1830-palco-con-dj-e-brindisi-di-mezzanotte-con-panettone-grazie-alliniziativa-di-alcuni-commercianti-del-centro\\\/\"]}]},{\"@type\":\"ImageObject\",\"inLanguage\":\"fr-FR\",\"@id\":\"https:\\\/\\\/www.bellunopress.it\\\/2011\\\/12\\\/28\\\/capodanno-in-piazza-dei-martiri-aperitivo-dalle-1830-palco-con-dj-e-brindisi-di-mezzanotte-con-panettone-grazie-alliniziativa-di-alcuni-commercianti-del-centro\\\/#primaryimage\",\"url\":\"http:\\\/\\\/www.bellunopress.it\\\/wp-content\\\/uploads\\\/2011\\\/12\\\/stefano-casagrande-pres-bellunolanotte-e-Mirta-Zanolla.jpg\",\"contentUrl\":\"http:\\\/\\\/www.bellunopress.it\\\/wp-content\\\/uploads\\\/2011\\\/12\\\/stefano-casagrande-pres-bellunolanotte-e-Mirta-Zanolla.jpg\"},{\"@type\":\"BreadcrumbList\",\"@id\":\"https:\\\/\\\/www.bellunopress.it\\\/2011\\\/12\\\/28\\\/capodanno-in-piazza-dei-martiri-aperitivo-dalle-1830-palco-con-dj-e-brindisi-di-mezzanotte-con-panettone-grazie-alliniziativa-di-alcuni-commercianti-del-centro\\\/#breadcrumb\",\"itemListElement\":[{\"@type\":\"ListItem\",\"position\":1,\"name\":\"Home\",\"item\":\"https:\\\/\\\/www.bellunopress.it\\\/\"},{\"@type\":\"ListItem\",\"position\":2,\"name\":\"Capodanno in piazza dei Martiri: aperitivo dalle 18,30 palco con dj e brindisi di mezzanotte con panettone grazie all&#8217;iniziativa di alcuni commercianti del centro\"}]},{\"@type\":\"WebSite\",\"@id\":\"https:\\\/\\\/www.bellunopress.it\\\/#website\",\"url\":\"https:\\\/\\\/www.bellunopress.it\\\/\",\"name\":\"Bellunopress - Dolomiti\",\"description\":\"e-mail: redazione@bellunopress.it\",\"publisher\":{\"@id\":\"https:\\\/\\\/www.bellunopress.it\\\/#organization\"},\"potentialAction\":[{\"@type\":\"SearchAction\",\"target\":{\"@type\":\"EntryPoint\",\"urlTemplate\":\"https:\\\/\\\/www.bellunopress.it\\\/?s={search_term_string}\"},\"query-input\":{\"@type\":\"PropertyValueSpecification\",\"valueRequired\":true,\"valueName\":\"search_term_string\"}}],\"inLanguage\":\"fr-FR\"},{\"@type\":\"Organization\",\"@id\":\"https:\\\/\\\/www.bellunopress.it\\\/#organization\",\"name\":\"Bellunopress\",\"url\":\"https:\\\/\\\/www.bellunopress.it\\\/\",\"logo\":{\"@type\":\"ImageObject\",\"inLanguage\":\"fr-FR\",\"@id\":\"https:\\\/\\\/www.bellunopress.it\\\/#\\\/schema\\\/logo\\\/image\\\/\",\"url\":\"https:\\\/\\\/www.bellunopress.it\\\/wp-content\\\/uploads\\\/2011\\\/05\\\/cropped-logo-bellunopress-.jpg\",\"contentUrl\":\"https:\\\/\\\/www.bellunopress.it\\\/wp-content\\\/uploads\\\/2011\\\/05\\\/cropped-logo-bellunopress-.jpg\",\"width\":512,\"height\":512,\"caption\":\"Bellunopress\"},\"image\":{\"@id\":\"https:\\\/\\\/www.bellunopress.it\\\/#\\\/schema\\\/logo\\\/image\\\/\"},\"sameAs\":[\"https:\\\/\\\/www.facebook.com\\\/profile.php?id=100008943462799\",\"https:\\\/\\\/x.com\\\/bellunopress\",\"https:\\\/\\\/www.linkedin.com\\\/hp\\\/?dnr=JBzUWaJfMUw8vbXJJ2tVW5-I3jZKvC4wsoxE&amp;amp;amp;amp;amp;amp;trk=nav_responsive_tab_home\",\"https:\\\/\\\/www.youtube.com\\\/channel\\\/UCxL0wu1uN0_3_7hGG0306cw\"]},{\"@type\":\"Person\",\"@id\":\"https:\\\/\\\/www.bellunopress.it\\\/#\\\/schema\\\/person\\\/79bb06722b37ece1c03d3e94beb30d73\",\"name\":\"redazione\",\"image\":{\"@type\":\"ImageObject\",\"inLanguage\":\"fr-FR\",\"@id\":\"https:\\\/\\\/secure.gravatar.com\\\/avatar\\\/37d968a2e67a6fd04c169c4bdef102d0bc5d31b2546345219e348575eb80e9a0?s=96&d=mm&r=g\",\"url\":\"https:\\\/\\\/secure.gravatar.com\\\/avatar\\\/37d968a2e67a6fd04c169c4bdef102d0bc5d31b2546345219e348575eb80e9a0?s=96&d=mm&r=g\",\"contentUrl\":\"https:\\\/\\\/secure.gravatar.com\\\/avatar\\\/37d968a2e67a6fd04c169c4bdef102d0bc5d31b2546345219e348575eb80e9a0?s=96&d=mm&r=g\",\"caption\":\"redazione\"},\"sameAs\":[\"http:\\\/\\\/www.bellunopress.it\",\"https:\\\/\\\/x.com\\\/bellunopress\"],\"url\":\"https:\\\/\\\/www.bellunopress.it\\\/fr\\\/author\\\/redazione\\\/\"}]}<\/script>\n<!-- \/ Yoast SEO plugin. -->","yoast_head_json":{"title":"Capodanno in piazza dei Martiri: aperitivo dalle 18,30 palco con dj e brindisi di mezzanotte con panettone grazie all'iniziativa di alcuni commercianti del centro  - Bellunopress - Dolomiti","robots":{"index":"index","follow":"follow","max-snippet":"max-snippet:-1","max-image-preview":"max-image-preview:large","max-video-preview":"max-video-preview:-1"},"canonical":"https:\/\/www.bellunopress.it\/fr\/2011\/12\/28\/capodanno-in-piazza-dei-martiri-aperitivo-dalle-1830-palco-con-dj-e-brindisi-di-mezzanotte-con-panettone-grazie-alliniziativa-di-alcuni-commercianti-del-centro\/","og_locale":"fr_FR","og_type":"article","og_title":"Capodanno in piazza dei Martiri: aperitivo dalle 18,30 palco con dj e brindisi di mezzanotte con panettone grazie all'iniziativa di alcuni commercianti del centro  - Bellunopress - Dolomiti","og_description":"La festa di Capodanno a Belluno inizier\u00e0 con l&#8217;aperitivo alle 18.30 di sabato 31 dicembre. E proseguir\u00e0 con la musica a 360 gradi dal palco in piazza dei Martiri con dj set Giamp + OmarB e la partecipazione di JJ Morrison Aka Eclair. Alla mezzanotte brindisi con spumante e panettone offerto dai commercianti del centro. [&hellip;]","og_url":"https:\/\/www.bellunopress.it\/fr\/2011\/12\/28\/capodanno-in-piazza-dei-martiri-aperitivo-dalle-1830-palco-con-dj-e-brindisi-di-mezzanotte-con-panettone-grazie-alliniziativa-di-alcuni-commercianti-del-centro\/","og_site_name":"Bellunopress - Dolomiti","article_publisher":"https:\/\/www.facebook.com\/profile.php?id=100008943462799","article_published_time":"2011-12-28T16:31:39+00:00","og_image":[{"url":"http:\/\/www.bellunopress.it\/wp-content\/uploads\/2011\/12\/stefano-casagrande-pres-bellunolanotte-e-Mirta-Zanolla.jpg","type":"","width":"","height":""}],"author":"redazione","twitter_card":"summary_large_image","twitter_creator":"@bellunopress","twitter_site":"@bellunopress","twitter_misc":{"Written by":"redazione","Est. reading time":"1 minute"},"schema":{"@context":"https:\/\/schema.org","@graph":[{"@type":"Article","@id":"https:\/\/www.bellunopress.it\/2011\/12\/28\/capodanno-in-piazza-dei-martiri-aperitivo-dalle-1830-palco-con-dj-e-brindisi-di-mezzanotte-con-panettone-grazie-alliniziativa-di-alcuni-commercianti-del-centro\/#article","isPartOf":{"@id":"https:\/\/www.bellunopress.it\/2011\/12\/28\/capodanno-in-piazza-dei-martiri-aperitivo-dalle-1830-palco-con-dj-e-brindisi-di-mezzanotte-con-panettone-grazie-alliniziativa-di-alcuni-commercianti-del-centro\/"},"author":{"name":"redazione","@id":"https:\/\/www.bellunopress.it\/#\/schema\/person\/79bb06722b37ece1c03d3e94beb30d73"},"headline":"Capodanno in piazza dei Martiri: aperitivo dalle 18,30 palco con dj e brindisi di mezzanotte con panettone grazie all&#8217;iniziativa di alcuni commercianti del centro","datePublished":"2011-12-28T16:31:39+00:00","mainEntityOfPage":{"@id":"https:\/\/www.bellunopress.it\/2011\/12\/28\/capodanno-in-piazza-dei-martiri-aperitivo-dalle-1830-palco-con-dj-e-brindisi-di-mezzanotte-con-panettone-grazie-alliniziativa-di-alcuni-commercianti-del-centro\/"},"wordCount":324,"publisher":{"@id":"https:\/\/www.bellunopress.it\/#organization"},"image":{"@id":"https:\/\/www.bellunopress.it\/2011\/12\/28\/capodanno-in-piazza-dei-martiri-aperitivo-dalle-1830-palco-con-dj-e-brindisi-di-mezzanotte-con-panettone-grazie-alliniziativa-di-alcuni-commercianti-del-centro\/#primaryimage"},"thumbnailUrl":"http:\/\/www.bellunopress.it\/wp-content\/uploads\/2011\/12\/stefano-casagrande-pres-bellunolanotte-e-Mirta-Zanolla.jpg","articleSection":["Lettere Opinioni"],"inLanguage":"fr-FR"},{"@type":"WebPage","@id":"https:\/\/www.bellunopress.it\/2011\/12\/28\/capodanno-in-piazza-dei-martiri-aperitivo-dalle-1830-palco-con-dj-e-brindisi-di-mezzanotte-con-panettone-grazie-alliniziativa-di-alcuni-commercianti-del-centro\/","url":"https:\/\/www.bellunopress.it\/2011\/12\/28\/capodanno-in-piazza-dei-martiri-aperitivo-dalle-1830-palco-con-dj-e-brindisi-di-mezzanotte-con-panettone-grazie-alliniziativa-di-alcuni-commercianti-del-centro\/","name":"Capodanno in piazza dei Martiri: aperitivo dalle 18,30 palco con dj e brindisi di mezzanotte con panettone grazie all'iniziativa di alcuni commercianti del centro - Bellunopress - Dolomiti","isPartOf":{"@id":"https:\/\/www.bellunopress.it\/#website"},"primaryImageOfPage":{"@id":"https:\/\/www.bellunopress.it\/2011\/12\/28\/capodanno-in-piazza-dei-martiri-aperitivo-dalle-1830-palco-con-dj-e-brindisi-di-mezzanotte-con-panettone-grazie-alliniziativa-di-alcuni-commercianti-del-centro\/#primaryimage"},"image":{"@id":"https:\/\/www.bellunopress.it\/2011\/12\/28\/capodanno-in-piazza-dei-martiri-aperitivo-dalle-1830-palco-con-dj-e-brindisi-di-mezzanotte-con-panettone-grazie-alliniziativa-di-alcuni-commercianti-del-centro\/#primaryimage"},"thumbnailUrl":"http:\/\/www.bellunopress.it\/wp-content\/uploads\/2011\/12\/stefano-casagrande-pres-bellunolanotte-e-Mirta-Zanolla.jpg","datePublished":"2011-12-28T16:31:39+00:00","breadcrumb":{"@id":"https:\/\/www.bellunopress.it\/2011\/12\/28\/capodanno-in-piazza-dei-martiri-aperitivo-dalle-1830-palco-con-dj-e-brindisi-di-mezzanotte-con-panettone-grazie-alliniziativa-di-alcuni-commercianti-del-centro\/#breadcrumb"},"inLanguage":"fr-FR","potentialAction":[{"@type":"ReadAction","target":["https:\/\/www.bellunopress.it\/2011\/12\/28\/capodanno-in-piazza-dei-martiri-aperitivo-dalle-1830-palco-con-dj-e-brindisi-di-mezzanotte-con-panettone-grazie-alliniziativa-di-alcuni-commercianti-del-centro\/"]}]},{"@type":"ImageObject","inLanguage":"fr-FR","@id":"https:\/\/www.bellunopress.it\/2011\/12\/28\/capodanno-in-piazza-dei-martiri-aperitivo-dalle-1830-palco-con-dj-e-brindisi-di-mezzanotte-con-panettone-grazie-alliniziativa-di-alcuni-commercianti-del-centro\/#primaryimage","url":"http:\/\/www.bellunopress.it\/wp-content\/uploads\/2011\/12\/stefano-casagrande-pres-bellunolanotte-e-Mirta-Zanolla.jpg","contentUrl":"http:\/\/www.bellunopress.it\/wp-content\/uploads\/2011\/12\/stefano-casagrande-pres-bellunolanotte-e-Mirta-Zanolla.jpg"},{"@type":"BreadcrumbList","@id":"https:\/\/www.bellunopress.it\/2011\/12\/28\/capodanno-in-piazza-dei-martiri-aperitivo-dalle-1830-palco-con-dj-e-brindisi-di-mezzanotte-con-panettone-grazie-alliniziativa-di-alcuni-commercianti-del-centro\/#breadcrumb","itemListElement":[{"@type":"ListItem","position":1,"name":"Home","item":"https:\/\/www.bellunopress.it\/"},{"@type":"ListItem","position":2,"name":"Capodanno in piazza dei Martiri: aperitivo dalle 18,30 palco con dj e brindisi di mezzanotte con panettone grazie all&#8217;iniziativa di alcuni commercianti del centro"}]},{"@type":"WebSite","@id":"https:\/\/www.bellunopress.it\/#website","url":"https:\/\/www.bellunopress.it\/","name":"Bellunopress - Dolomiti","description":"e-mail: redazione@bellunopress.it","publisher":{"@id":"https:\/\/www.bellunopress.it\/#organization"},"potentialAction":[{"@type":"SearchAction","target":{"@type":"EntryPoint","urlTemplate":"https:\/\/www.bellunopress.it\/?s={search_term_string}"},"query-input":{"@type":"PropertyValueSpecification","valueRequired":true,"valueName":"search_term_string"}}],"inLanguage":"fr-FR"},{"@type":"Organization","@id":"https:\/\/www.bellunopress.it\/#organization","name":"Bellunopress","url":"https:\/\/www.bellunopress.it\/","logo":{"@type":"ImageObject","inLanguage":"fr-FR","@id":"https:\/\/www.bellunopress.it\/#\/schema\/logo\/image\/","url":"https:\/\/www.bellunopress.it\/wp-content\/uploads\/2011\/05\/cropped-logo-bellunopress-.jpg","contentUrl":"https:\/\/www.bellunopress.it\/wp-content\/uploads\/2011\/05\/cropped-logo-bellunopress-.jpg","width":512,"height":512,"caption":"Bellunopress"},"image":{"@id":"https:\/\/www.bellunopress.it\/#\/schema\/logo\/image\/"},"sameAs":["https:\/\/www.facebook.com\/profile.php?id=100008943462799","https:\/\/x.com\/bellunopress","https:\/\/www.linkedin.com\/hp\/?dnr=JBzUWaJfMUw8vbXJJ2tVW5-I3jZKvC4wsoxE&amp;amp;amp;amp;amp;amp;trk=nav_responsive_tab_home","https:\/\/www.youtube.com\/channel\/UCxL0wu1uN0_3_7hGG0306cw"]},{"@type":"Person","@id":"https:\/\/www.bellunopress.it\/#\/schema\/person\/79bb06722b37ece1c03d3e94beb30d73","name":"r\u00e9daction","image":{"@type":"ImageObject","inLanguage":"fr-FR","@id":"https:\/\/secure.gravatar.com\/avatar\/37d968a2e67a6fd04c169c4bdef102d0bc5d31b2546345219e348575eb80e9a0?s=96&d=mm&r=g","url":"https:\/\/secure.gravatar.com\/avatar\/37d968a2e67a6fd04c169c4bdef102d0bc5d31b2546345219e348575eb80e9a0?s=96&d=mm&r=g","contentUrl":"https:\/\/secure.gravatar.com\/avatar\/37d968a2e67a6fd04c169c4bdef102d0bc5d31b2546345219e348575eb80e9a0?s=96&d=mm&r=g","caption":"redazione"},"sameAs":["http:\/\/www.bellunopress.it","https:\/\/x.com\/bellunopress"],"url":"https:\/\/www.bellunopress.it\/fr\/author\/redazione\/"}]}},"_links":{"self":[{"href":"https:\/\/www.bellunopress.it\/fr\/wp-json\/wp\/v2\/posts\/33716","targetHints":{"allow":["GET"]}}],"collection":[{"href":"https:\/\/www.bellunopress.it\/fr\/wp-json\/wp\/v2\/posts"}],"about":[{"href":"https:\/\/www.bellunopress.it\/fr\/wp-json\/wp\/v2\/types\/post"}],"author":[{"embeddable":true,"href":"https:\/\/www.bellunopress.it\/fr\/wp-json\/wp\/v2\/users\/2"}],"replies":[{"embeddable":true,"href":"https:\/\/www.bellunopress.it\/fr\/wp-json\/wp\/v2\/comments?post=33716"}],"version-history":[{"count":2,"href":"https:\/\/www.bellunopress.it\/fr\/wp-json\/wp\/v2\/posts\/33716\/revisions"}],"predecessor-version":[{"id":33720,"href":"https:\/\/www.bellunopress.it\/fr\/wp-json\/wp\/v2\/posts\/33716\/revisions\/33720"}],"wp:attachment":[{"href":"https:\/\/www.bellunopress.it\/fr\/wp-json\/wp\/v2\/media?parent=33716"}],"wp:term":[{"taxonomy":"category","embeddable":true,"href":"https:\/\/www.bellunopress.it\/fr\/wp-json\/wp\/v2\/categories?post=33716"},{"taxonomy":"post_tag","embeddable":true,"href":"https:\/\/www.bellunopress.it\/fr\/wp-json\/wp\/v2\/tags?post=33716"}],"curies":[{"name":"wp","href":"https:\/\/api.w.org\/{rel}","templated":true}]}}