{"id":33702,"date":"2011-12-27T18:45:06","date_gmt":"2011-12-27T17:45:06","guid":{"rendered":"http:\/\/www.bellunopress.it\/?p=33702"},"modified":"2011-12-27T18:45:06","modified_gmt":"2011-12-27T17:45:06","slug":"prove-di-volo-lappartamento-gestito-dallanffas-sara-operativo-anche-nel-2012","status":"publish","type":"post","link":"https:\/\/www.bellunopress.it\/fr\/2011\/12\/27\/prove-di-volo-lappartamento-gestito-dallanffas-sara-operativo-anche-nel-2012\/","title":{"rendered":"\u201cProve di volo&#8221;, l&#8217;appartamento gestito dall&#8217;Anffas sar\u00e0 operativo anche nel 2012"},"content":{"rendered":"<p><a href=\"http:\/\/www.bellunopress.it\/wp-content\/uploads\/2011\/12\/case-sperti.jpg\"><img loading=\"lazy\" decoding=\"async\" class=\"alignleft size-full wp-image-33703\" title=\"case sperti\" src=\"http:\/\/www.bellunopress.it\/wp-content\/uploads\/2011\/12\/case-sperti.jpg\" alt=\"\" width=\"140\" height=\"140\" \/><\/a>L&#8217;appartamento \u201cProve di volo\u201d gestito dall&#8217;Anffas, Associazione famiglie di persone con disabilit\u00e0 intellettiva e\/o relazionale, sar\u00e0 operativo anche nel 2012. Lo ha assicurato il presidente dell&#8217;Anffas di Belluno Salvatore Bavasso nel corso della festa di conclusione dell&#8217;anno, svoltasi domenica 18 dicembre, alla presenza degli utenti, genitori e volontari. La struttura consente ai ragazzi con disabilit\u00e0 intellettiva di svolgere durante l&#8217;anno dei percorsi di autonomia alla presenza di operatori e volontari dell&#8217;Anffas. Bavasso ha tracciato un bilancio positivo dell&#8217;anno che si sta per concludere. \u201cL&#8217;appartamento, presso le case Sperti a Cavarzano di Belluno, sar\u00e0 operativo anche il prossimo anno &#8211; ha rassicurato \u2013 grazie ai contributi del Csv di Belluno, della Fondazione Cariverona, alle offerte di privati e gruppi associativi. Attendiamo fiduciosi anche una risposta alla richiesta di contributo della Conferenza dei Sindaci dell&#8217;Ulss 1\u201d. \u201cProve di volo\u201d nel corso dell&#8217;anno 2011 ha ospitato nei fine settimana, dal venerd\u00ec alla domenica, una ventina di ragazzi con disabilit\u00e0 intellettiva, molti dei quali hanno usufruito della struttura per pi\u00f9 cicli concentrati nei fine settimana. Complessivamente le giornate di apertura, sommando tutti gli utenti presenti durante l&#8217;anno, sono state 550. Dai familiari \u00e8 stato confermato il grande interesse per il progetto \u201cProve di volo\u201d, finalizzato a migliorare l&#8217;autonomia dei propri figli. Una relazione puntuale dell&#8217;attivit\u00e0 svolta nel 2011 \u00e8 stata fatta dalla dottoressa Loretta Mezzavilla. Il presidente dell&#8217;Anffas Salvatore Bavasso ha voluto nel corso della festa di domenica 18 dicembre ringraziare tutti coloro che in vari modi hanno permesso al progetto di concretizzarsi:: educatrici, volontari, familiari, e i tanti che hanno contribuito finanziariamente con stanziamenti economici e donazioni. Al termine del pomeriggio il tradizionale scambio di auguri e regali di Natale.<\/p>","protected":false},"excerpt":{"rendered":"<p>L&#8217;appartamento \u201cProve di volo\u201d gestito dall&#8217;Anffas, Associazione famiglie di persone con disabilit\u00e0 intellettiva e\/o relazionale, sar\u00e0 operativo anche nel 2012. Lo ha assicurato il presidente dell&#8217;Anffas di Belluno Salvatore Bavasso nel corso della festa di conclusione dell&#8217;anno, svoltasi domenica 18 dicembre, alla presenza degli utenti, genitori e volontari. La struttura consente ai ragazzi con disabilit\u00e0 [&hellip;]<\/p>\n","protected":false},"author":2,"featured_media":0,"comment_status":"closed","ping_status":"open","sticky":false,"template":"","format":"standard","meta":{"footnotes":""},"categories":[5,26],"tags":[],"class_list":["post-33702","post","type-post","status-publish","format-standard","category-cronaca","category-prima-pagina"],"yoast_head":"<!-- This site is optimized with the Yoast SEO plugin v28.4 - https:\/\/yoast.com\/product\/yoast-seo-wordpress\/ -->\n<title>\u201cProve di volo&quot;, l&#039;appartamento gestito dall&#039;Anffas sar\u00e0 operativo anche nel 2012 - Bellunopress - Dolomiti<\/title>\n<meta name=\"robots\" content=\"index, follow, max-snippet:-1, max-image-preview:large, max-video-preview:-1\" \/>\n<link rel=\"canonical\" href=\"https:\/\/www.bellunopress.it\/fr\/2011\/12\/27\/prove-di-volo-lappartamento-gestito-dallanffas-sara-operativo-anche-nel-2012\/\" \/>\n<meta property=\"og:locale\" content=\"fr_FR\" \/>\n<meta property=\"og:type\" content=\"article\" \/>\n<meta property=\"og:title\" content=\"\u201cProve di volo&quot;, l&#039;appartamento gestito dall&#039;Anffas sar\u00e0 operativo anche nel 2012 - Bellunopress - Dolomiti\" \/>\n<meta property=\"og:description\" content=\"L&#8217;appartamento \u201cProve di volo\u201d gestito dall&#8217;Anffas, Associazione famiglie di persone con disabilit\u00e0 intellettiva e\/o relazionale, sar\u00e0 operativo anche nel 2012. Lo ha assicurato il presidente dell&#8217;Anffas di Belluno Salvatore Bavasso nel corso della festa di conclusione dell&#8217;anno, svoltasi domenica 18 dicembre, alla presenza degli utenti, genitori e volontari. La struttura consente ai ragazzi con disabilit\u00e0 [&hellip;]\" \/>\n<meta property=\"og:url\" content=\"https:\/\/www.bellunopress.it\/fr\/2011\/12\/27\/prove-di-volo-lappartamento-gestito-dallanffas-sara-operativo-anche-nel-2012\/\" \/>\n<meta property=\"og:site_name\" content=\"Bellunopress - Dolomiti\" \/>\n<meta property=\"article:publisher\" content=\"https:\/\/www.facebook.com\/profile.php?id=100008943462799\" \/>\n<meta property=\"article:published_time\" content=\"2011-12-27T17:45:06+00:00\" \/>\n<meta property=\"og:image\" content=\"http:\/\/www.bellunopress.it\/wp-content\/uploads\/2011\/12\/case-sperti.jpg\" \/>\n<meta name=\"author\" content=\"redazione\" \/>\n<meta name=\"twitter:card\" content=\"summary_large_image\" \/>\n<meta name=\"twitter:creator\" content=\"@bellunopress\" \/>\n<meta name=\"twitter:site\" content=\"@bellunopress\" \/>\n<meta name=\"twitter:label1\" content=\"Written by\" \/>\n\t<meta name=\"twitter:data1\" content=\"redazione\" \/>\n\t<meta name=\"twitter:label2\" content=\"Est. reading time\" \/>\n\t<meta name=\"twitter:data2\" content=\"1 minute\" \/>\n<script type=\"application\/ld+json\" class=\"yoast-schema-graph\">{\"@context\":\"https:\\\/\\\/schema.org\",\"@graph\":[{\"@type\":\"Article\",\"@id\":\"https:\\\/\\\/www.bellunopress.it\\\/2011\\\/12\\\/27\\\/prove-di-volo-lappartamento-gestito-dallanffas-sara-operativo-anche-nel-2012\\\/#article\",\"isPartOf\":{\"@id\":\"https:\\\/\\\/www.bellunopress.it\\\/2011\\\/12\\\/27\\\/prove-di-volo-lappartamento-gestito-dallanffas-sara-operativo-anche-nel-2012\\\/\"},\"author\":{\"name\":\"redazione\",\"@id\":\"https:\\\/\\\/www.bellunopress.it\\\/#\\\/schema\\\/person\\\/79bb06722b37ece1c03d3e94beb30d73\"},\"headline\":\"\u201cProve di volo&#8221;, l&#8217;appartamento gestito dall&#8217;Anffas sar\u00e0 operativo anche nel 2012\",\"datePublished\":\"2011-12-27T17:45:06+00:00\",\"mainEntityOfPage\":{\"@id\":\"https:\\\/\\\/www.bellunopress.it\\\/2011\\\/12\\\/27\\\/prove-di-volo-lappartamento-gestito-dallanffas-sara-operativo-anche-nel-2012\\\/\"},\"wordCount\":294,\"publisher\":{\"@id\":\"https:\\\/\\\/www.bellunopress.it\\\/#organization\"},\"image\":{\"@id\":\"https:\\\/\\\/www.bellunopress.it\\\/2011\\\/12\\\/27\\\/prove-di-volo-lappartamento-gestito-dallanffas-sara-operativo-anche-nel-2012\\\/#primaryimage\"},\"thumbnailUrl\":\"http:\\\/\\\/www.bellunopress.it\\\/wp-content\\\/uploads\\\/2011\\\/12\\\/case-sperti.jpg\",\"articleSection\":[\"Cronaca\\\/Politica\",\"Prima Pagina\"],\"inLanguage\":\"fr-FR\"},{\"@type\":\"WebPage\",\"@id\":\"https:\\\/\\\/www.bellunopress.it\\\/2011\\\/12\\\/27\\\/prove-di-volo-lappartamento-gestito-dallanffas-sara-operativo-anche-nel-2012\\\/\",\"url\":\"https:\\\/\\\/www.bellunopress.it\\\/2011\\\/12\\\/27\\\/prove-di-volo-lappartamento-gestito-dallanffas-sara-operativo-anche-nel-2012\\\/\",\"name\":\"\u201cProve di volo\\\", l'appartamento gestito dall'Anffas sar\u00e0 operativo anche nel 2012 - Bellunopress - Dolomiti\",\"isPartOf\":{\"@id\":\"https:\\\/\\\/www.bellunopress.it\\\/#website\"},\"primaryImageOfPage\":{\"@id\":\"https:\\\/\\\/www.bellunopress.it\\\/2011\\\/12\\\/27\\\/prove-di-volo-lappartamento-gestito-dallanffas-sara-operativo-anche-nel-2012\\\/#primaryimage\"},\"image\":{\"@id\":\"https:\\\/\\\/www.bellunopress.it\\\/2011\\\/12\\\/27\\\/prove-di-volo-lappartamento-gestito-dallanffas-sara-operativo-anche-nel-2012\\\/#primaryimage\"},\"thumbnailUrl\":\"http:\\\/\\\/www.bellunopress.it\\\/wp-content\\\/uploads\\\/2011\\\/12\\\/case-sperti.jpg\",\"datePublished\":\"2011-12-27T17:45:06+00:00\",\"breadcrumb\":{\"@id\":\"https:\\\/\\\/www.bellunopress.it\\\/2011\\\/12\\\/27\\\/prove-di-volo-lappartamento-gestito-dallanffas-sara-operativo-anche-nel-2012\\\/#breadcrumb\"},\"inLanguage\":\"fr-FR\",\"potentialAction\":[{\"@type\":\"ReadAction\",\"target\":[\"https:\\\/\\\/www.bellunopress.it\\\/2011\\\/12\\\/27\\\/prove-di-volo-lappartamento-gestito-dallanffas-sara-operativo-anche-nel-2012\\\/\"]}]},{\"@type\":\"ImageObject\",\"inLanguage\":\"fr-FR\",\"@id\":\"https:\\\/\\\/www.bellunopress.it\\\/2011\\\/12\\\/27\\\/prove-di-volo-lappartamento-gestito-dallanffas-sara-operativo-anche-nel-2012\\\/#primaryimage\",\"url\":\"http:\\\/\\\/www.bellunopress.it\\\/wp-content\\\/uploads\\\/2011\\\/12\\\/case-sperti.jpg\",\"contentUrl\":\"http:\\\/\\\/www.bellunopress.it\\\/wp-content\\\/uploads\\\/2011\\\/12\\\/case-sperti.jpg\"},{\"@type\":\"BreadcrumbList\",\"@id\":\"https:\\\/\\\/www.bellunopress.it\\\/2011\\\/12\\\/27\\\/prove-di-volo-lappartamento-gestito-dallanffas-sara-operativo-anche-nel-2012\\\/#breadcrumb\",\"itemListElement\":[{\"@type\":\"ListItem\",\"position\":1,\"name\":\"Home\",\"item\":\"https:\\\/\\\/www.bellunopress.it\\\/\"},{\"@type\":\"ListItem\",\"position\":2,\"name\":\"\u201cProve di volo&#8221;, l&#8217;appartamento gestito dall&#8217;Anffas sar\u00e0 operativo anche nel 2012\"}]},{\"@type\":\"WebSite\",\"@id\":\"https:\\\/\\\/www.bellunopress.it\\\/#website\",\"url\":\"https:\\\/\\\/www.bellunopress.it\\\/\",\"name\":\"Bellunopress - Dolomiti\",\"description\":\"e-mail: redazione@bellunopress.it\",\"publisher\":{\"@id\":\"https:\\\/\\\/www.bellunopress.it\\\/#organization\"},\"potentialAction\":[{\"@type\":\"SearchAction\",\"target\":{\"@type\":\"EntryPoint\",\"urlTemplate\":\"https:\\\/\\\/www.bellunopress.it\\\/?s={search_term_string}\"},\"query-input\":{\"@type\":\"PropertyValueSpecification\",\"valueRequired\":true,\"valueName\":\"search_term_string\"}}],\"inLanguage\":\"fr-FR\"},{\"@type\":\"Organization\",\"@id\":\"https:\\\/\\\/www.bellunopress.it\\\/#organization\",\"name\":\"Bellunopress\",\"url\":\"https:\\\/\\\/www.bellunopress.it\\\/\",\"logo\":{\"@type\":\"ImageObject\",\"inLanguage\":\"fr-FR\",\"@id\":\"https:\\\/\\\/www.bellunopress.it\\\/#\\\/schema\\\/logo\\\/image\\\/\",\"url\":\"https:\\\/\\\/www.bellunopress.it\\\/wp-content\\\/uploads\\\/2011\\\/05\\\/cropped-logo-bellunopress-.jpg\",\"contentUrl\":\"https:\\\/\\\/www.bellunopress.it\\\/wp-content\\\/uploads\\\/2011\\\/05\\\/cropped-logo-bellunopress-.jpg\",\"width\":512,\"height\":512,\"caption\":\"Bellunopress\"},\"image\":{\"@id\":\"https:\\\/\\\/www.bellunopress.it\\\/#\\\/schema\\\/logo\\\/image\\\/\"},\"sameAs\":[\"https:\\\/\\\/www.facebook.com\\\/profile.php?id=100008943462799\",\"https:\\\/\\\/x.com\\\/bellunopress\",\"https:\\\/\\\/www.linkedin.com\\\/hp\\\/?dnr=JBzUWaJfMUw8vbXJJ2tVW5-I3jZKvC4wsoxE&amp;amp;amp;amp;amp;amp;trk=nav_responsive_tab_home\",\"https:\\\/\\\/www.youtube.com\\\/channel\\\/UCxL0wu1uN0_3_7hGG0306cw\"]},{\"@type\":\"Person\",\"@id\":\"https:\\\/\\\/www.bellunopress.it\\\/#\\\/schema\\\/person\\\/79bb06722b37ece1c03d3e94beb30d73\",\"name\":\"redazione\",\"image\":{\"@type\":\"ImageObject\",\"inLanguage\":\"fr-FR\",\"@id\":\"https:\\\/\\\/secure.gravatar.com\\\/avatar\\\/37d968a2e67a6fd04c169c4bdef102d0bc5d31b2546345219e348575eb80e9a0?s=96&d=mm&r=g\",\"url\":\"https:\\\/\\\/secure.gravatar.com\\\/avatar\\\/37d968a2e67a6fd04c169c4bdef102d0bc5d31b2546345219e348575eb80e9a0?s=96&d=mm&r=g\",\"contentUrl\":\"https:\\\/\\\/secure.gravatar.com\\\/avatar\\\/37d968a2e67a6fd04c169c4bdef102d0bc5d31b2546345219e348575eb80e9a0?s=96&d=mm&r=g\",\"caption\":\"redazione\"},\"sameAs\":[\"http:\\\/\\\/www.bellunopress.it\",\"https:\\\/\\\/x.com\\\/bellunopress\"],\"url\":\"https:\\\/\\\/www.bellunopress.it\\\/fr\\\/author\\\/redazione\\\/\"}]}<\/script>\n<!-- \/ Yoast SEO plugin. -->","yoast_head_json":{"title":"\u201cProve di volo\", l'appartamento gestito dall'Anffas sar\u00e0 operativo anche nel 2012 - Bellunopress - Dolomiti","robots":{"index":"index","follow":"follow","max-snippet":"max-snippet:-1","max-image-preview":"max-image-preview:large","max-video-preview":"max-video-preview:-1"},"canonical":"https:\/\/www.bellunopress.it\/fr\/2011\/12\/27\/prove-di-volo-lappartamento-gestito-dallanffas-sara-operativo-anche-nel-2012\/","og_locale":"fr_FR","og_type":"article","og_title":"\u201cProve di volo\", l'appartamento gestito dall'Anffas sar\u00e0 operativo anche nel 2012 - Bellunopress - Dolomiti","og_description":"L&#8217;appartamento \u201cProve di volo\u201d gestito dall&#8217;Anffas, Associazione famiglie di persone con disabilit\u00e0 intellettiva e\/o relazionale, sar\u00e0 operativo anche nel 2012. Lo ha assicurato il presidente dell&#8217;Anffas di Belluno Salvatore Bavasso nel corso della festa di conclusione dell&#8217;anno, svoltasi domenica 18 dicembre, alla presenza degli utenti, genitori e volontari. La struttura consente ai ragazzi con disabilit\u00e0 [&hellip;]","og_url":"https:\/\/www.bellunopress.it\/fr\/2011\/12\/27\/prove-di-volo-lappartamento-gestito-dallanffas-sara-operativo-anche-nel-2012\/","og_site_name":"Bellunopress - Dolomiti","article_publisher":"https:\/\/www.facebook.com\/profile.php?id=100008943462799","article_published_time":"2011-12-27T17:45:06+00:00","og_image":[{"url":"http:\/\/www.bellunopress.it\/wp-content\/uploads\/2011\/12\/case-sperti.jpg","type":"","width":"","height":""}],"author":"redazione","twitter_card":"summary_large_image","twitter_creator":"@bellunopress","twitter_site":"@bellunopress","twitter_misc":{"Written by":"redazione","Est. reading time":"1 minute"},"schema":{"@context":"https:\/\/schema.org","@graph":[{"@type":"Article","@id":"https:\/\/www.bellunopress.it\/2011\/12\/27\/prove-di-volo-lappartamento-gestito-dallanffas-sara-operativo-anche-nel-2012\/#article","isPartOf":{"@id":"https:\/\/www.bellunopress.it\/2011\/12\/27\/prove-di-volo-lappartamento-gestito-dallanffas-sara-operativo-anche-nel-2012\/"},"author":{"name":"redazione","@id":"https:\/\/www.bellunopress.it\/#\/schema\/person\/79bb06722b37ece1c03d3e94beb30d73"},"headline":"\u201cProve di volo&#8221;, l&#8217;appartamento gestito dall&#8217;Anffas sar\u00e0 operativo anche nel 2012","datePublished":"2011-12-27T17:45:06+00:00","mainEntityOfPage":{"@id":"https:\/\/www.bellunopress.it\/2011\/12\/27\/prove-di-volo-lappartamento-gestito-dallanffas-sara-operativo-anche-nel-2012\/"},"wordCount":294,"publisher":{"@id":"https:\/\/www.bellunopress.it\/#organization"},"image":{"@id":"https:\/\/www.bellunopress.it\/2011\/12\/27\/prove-di-volo-lappartamento-gestito-dallanffas-sara-operativo-anche-nel-2012\/#primaryimage"},"thumbnailUrl":"http:\/\/www.bellunopress.it\/wp-content\/uploads\/2011\/12\/case-sperti.jpg","articleSection":["Cronaca\/Politica","Prima Pagina"],"inLanguage":"fr-FR"},{"@type":"WebPage","@id":"https:\/\/www.bellunopress.it\/2011\/12\/27\/prove-di-volo-lappartamento-gestito-dallanffas-sara-operativo-anche-nel-2012\/","url":"https:\/\/www.bellunopress.it\/2011\/12\/27\/prove-di-volo-lappartamento-gestito-dallanffas-sara-operativo-anche-nel-2012\/","name":"\u201cProve di volo\", l'appartamento gestito dall'Anffas sar\u00e0 operativo anche nel 2012 - Bellunopress - Dolomiti","isPartOf":{"@id":"https:\/\/www.bellunopress.it\/#website"},"primaryImageOfPage":{"@id":"https:\/\/www.bellunopress.it\/2011\/12\/27\/prove-di-volo-lappartamento-gestito-dallanffas-sara-operativo-anche-nel-2012\/#primaryimage"},"image":{"@id":"https:\/\/www.bellunopress.it\/2011\/12\/27\/prove-di-volo-lappartamento-gestito-dallanffas-sara-operativo-anche-nel-2012\/#primaryimage"},"thumbnailUrl":"http:\/\/www.bellunopress.it\/wp-content\/uploads\/2011\/12\/case-sperti.jpg","datePublished":"2011-12-27T17:45:06+00:00","breadcrumb":{"@id":"https:\/\/www.bellunopress.it\/2011\/12\/27\/prove-di-volo-lappartamento-gestito-dallanffas-sara-operativo-anche-nel-2012\/#breadcrumb"},"inLanguage":"fr-FR","potentialAction":[{"@type":"ReadAction","target":["https:\/\/www.bellunopress.it\/2011\/12\/27\/prove-di-volo-lappartamento-gestito-dallanffas-sara-operativo-anche-nel-2012\/"]}]},{"@type":"ImageObject","inLanguage":"fr-FR","@id":"https:\/\/www.bellunopress.it\/2011\/12\/27\/prove-di-volo-lappartamento-gestito-dallanffas-sara-operativo-anche-nel-2012\/#primaryimage","url":"http:\/\/www.bellunopress.it\/wp-content\/uploads\/2011\/12\/case-sperti.jpg","contentUrl":"http:\/\/www.bellunopress.it\/wp-content\/uploads\/2011\/12\/case-sperti.jpg"},{"@type":"BreadcrumbList","@id":"https:\/\/www.bellunopress.it\/2011\/12\/27\/prove-di-volo-lappartamento-gestito-dallanffas-sara-operativo-anche-nel-2012\/#breadcrumb","itemListElement":[{"@type":"ListItem","position":1,"name":"Home","item":"https:\/\/www.bellunopress.it\/"},{"@type":"ListItem","position":2,"name":"\u201cProve di volo&#8221;, l&#8217;appartamento gestito dall&#8217;Anffas sar\u00e0 operativo anche nel 2012"}]},{"@type":"WebSite","@id":"https:\/\/www.bellunopress.it\/#website","url":"https:\/\/www.bellunopress.it\/","name":"Bellunopress - Dolomiti","description":"e-mail: redazione@bellunopress.it","publisher":{"@id":"https:\/\/www.bellunopress.it\/#organization"},"potentialAction":[{"@type":"SearchAction","target":{"@type":"EntryPoint","urlTemplate":"https:\/\/www.bellunopress.it\/?s={search_term_string}"},"query-input":{"@type":"PropertyValueSpecification","valueRequired":true,"valueName":"search_term_string"}}],"inLanguage":"fr-FR"},{"@type":"Organization","@id":"https:\/\/www.bellunopress.it\/#organization","name":"Bellunopress","url":"https:\/\/www.bellunopress.it\/","logo":{"@type":"ImageObject","inLanguage":"fr-FR","@id":"https:\/\/www.bellunopress.it\/#\/schema\/logo\/image\/","url":"https:\/\/www.bellunopress.it\/wp-content\/uploads\/2011\/05\/cropped-logo-bellunopress-.jpg","contentUrl":"https:\/\/www.bellunopress.it\/wp-content\/uploads\/2011\/05\/cropped-logo-bellunopress-.jpg","width":512,"height":512,"caption":"Bellunopress"},"image":{"@id":"https:\/\/www.bellunopress.it\/#\/schema\/logo\/image\/"},"sameAs":["https:\/\/www.facebook.com\/profile.php?id=100008943462799","https:\/\/x.com\/bellunopress","https:\/\/www.linkedin.com\/hp\/?dnr=JBzUWaJfMUw8vbXJJ2tVW5-I3jZKvC4wsoxE&amp;amp;amp;amp;amp;amp;trk=nav_responsive_tab_home","https:\/\/www.youtube.com\/channel\/UCxL0wu1uN0_3_7hGG0306cw"]},{"@type":"Person","@id":"https:\/\/www.bellunopress.it\/#\/schema\/person\/79bb06722b37ece1c03d3e94beb30d73","name":"r\u00e9daction","image":{"@type":"ImageObject","inLanguage":"fr-FR","@id":"https:\/\/secure.gravatar.com\/avatar\/37d968a2e67a6fd04c169c4bdef102d0bc5d31b2546345219e348575eb80e9a0?s=96&d=mm&r=g","url":"https:\/\/secure.gravatar.com\/avatar\/37d968a2e67a6fd04c169c4bdef102d0bc5d31b2546345219e348575eb80e9a0?s=96&d=mm&r=g","contentUrl":"https:\/\/secure.gravatar.com\/avatar\/37d968a2e67a6fd04c169c4bdef102d0bc5d31b2546345219e348575eb80e9a0?s=96&d=mm&r=g","caption":"redazione"},"sameAs":["http:\/\/www.bellunopress.it","https:\/\/x.com\/bellunopress"],"url":"https:\/\/www.bellunopress.it\/fr\/author\/redazione\/"}]}},"_links":{"self":[{"href":"https:\/\/www.bellunopress.it\/fr\/wp-json\/wp\/v2\/posts\/33702","targetHints":{"allow":["GET"]}}],"collection":[{"href":"https:\/\/www.bellunopress.it\/fr\/wp-json\/wp\/v2\/posts"}],"about":[{"href":"https:\/\/www.bellunopress.it\/fr\/wp-json\/wp\/v2\/types\/post"}],"author":[{"embeddable":true,"href":"https:\/\/www.bellunopress.it\/fr\/wp-json\/wp\/v2\/users\/2"}],"replies":[{"embeddable":true,"href":"https:\/\/www.bellunopress.it\/fr\/wp-json\/wp\/v2\/comments?post=33702"}],"version-history":[{"count":1,"href":"https:\/\/www.bellunopress.it\/fr\/wp-json\/wp\/v2\/posts\/33702\/revisions"}],"predecessor-version":[{"id":33704,"href":"https:\/\/www.bellunopress.it\/fr\/wp-json\/wp\/v2\/posts\/33702\/revisions\/33704"}],"wp:attachment":[{"href":"https:\/\/www.bellunopress.it\/fr\/wp-json\/wp\/v2\/media?parent=33702"}],"wp:term":[{"taxonomy":"category","embeddable":true,"href":"https:\/\/www.bellunopress.it\/fr\/wp-json\/wp\/v2\/categories?post=33702"},{"taxonomy":"post_tag","embeddable":true,"href":"https:\/\/www.bellunopress.it\/fr\/wp-json\/wp\/v2\/tags?post=33702"}],"curies":[{"name":"wp","href":"https:\/\/api.w.org\/{rel}","templated":true}]}}