{"id":33698,"date":"2011-12-27T18:28:39","date_gmt":"2011-12-27T17:28:39","guid":{"rendered":"http:\/\/www.bellunopress.it\/?p=33698"},"modified":"2011-12-27T18:28:39","modified_gmt":"2011-12-27T17:28:39","slug":"botti-di-san-silvestro-dalle-23-45-alle-00-45-a-calalzo-di-cadore-il-sindaco-de-carlo-stabilisce-orari-e-regole-per-i-festeggiamenti-di-fine-anno","status":"publish","type":"post","link":"https:\/\/www.bellunopress.it\/fr\/2011\/12\/27\/botti-di-san-silvestro-dalle-23-45-alle-00-45-a-calalzo-di-cadore-il-sindaco-de-carlo-stabilisce-orari-e-regole-per-i-festeggiamenti-di-fine-anno\/","title":{"rendered":"Botti di San Silvestro dalle 23.45 alle 00.45. A Calalzo di Cadore il sindaco De Carlo stabilisce orari e regole per i festeggiamenti di fine anno"},"content":{"rendered":"<p><a href=\"http:\/\/www.bellunopress.it\/wp-content\/uploads\/2011\/12\/De-Carlo.jpg\"><img loading=\"lazy\" decoding=\"async\" class=\"alignleft size-full wp-image-33486\" title=\"De Carlo\" src=\"http:\/\/www.bellunopress.it\/wp-content\/uploads\/2011\/12\/De-Carlo.jpg\" alt=\"\" width=\"218\" height=\"240\" \/><\/a>Parola d&#8217;ordine &#8220;rispetto&#8221;, pur nella tradizione di accogliere l&#8217;arrivo dell&#8217;anno nuovo salutando &#8220;rumorosamente&#8221; quello appena trascorso. Va in questa direzione l&#8217;ordinanza firmata oggi dal sindaco di Calalzo Luca De Carlo relativamente all&#8217;utilizzo dei botti e artifici pirotecnici su tutto il territorio comunale. &#8220;Fuochi e petardi &#8211; spiega De Carlo &#8211; saranno consentiti unicamente dalle 23.45 alle 00.45, lasso di tempo del tutto sufficiente a festeggiare, e nel contempo utile a rispettare sia i residenti che non vogliono rumori assordanti per tutta la notte, sia gli animali che potrebbero essere impauriti dai petardi. Credo che questa fascia oraria contemperi nella maniera migliore entrambe le esigenze, in un equilibrio tollerante e allo stesso tempo rispettoso&#8221;. \u00a0 &#8220;Nell&#8217;ordinanza &#8211; prosegue De Carlo &#8211; si menziona anche il pericolo che da questo materiale esplodente pu\u00f2 scaturire per bambini e adulti, visti anche gli incidenti di cui la cronaca ci riferisce: raccomando quindi la massima attenzione per chi li acquista e li maneggia facendoli esplodere in zone affollate. Non \u00e8 irrilevante, purtroppo, nemmeno il rischio per gli animali sia domestici che selvatici, in quanto il fragore dei botti li terrorizza letteralmente. Va considerata inoltre la delicata situazione ambientale di quest&#8217;anno, dato che l&#8217;assenza di neve potrebbe tradursi in un aumento degli incendi provocati proprio dai fuochi. Infine, i resti dei petardi rimangono sulla pubblica via, con l&#8217;aggravio per il Comune di doverne disporre la rimozione. Per tutto questo credo sia da porre un limite, che per\u00f2 non elimini del tutto quella che \u00e8 una tradizione (anche se non locale, bens\u00ec importata), ma la regolamenti in modo da essere vantaggiosa per tutti senza disagio per la quiete pubblica&#8221;. \u00a0 Assieme a sanzioni dai 25 ai 500 euro per i trasgressori, l?ordinanza impone per chi esplode i botti la rimozione del proprio materiale di scarto, evitando per\u00f2 di raccogliere da terra petardi abbandonati da altri. &#8220;Non intendiamo assolutamente &#8211; specifica ancora De Carlo &#8211; proibire i festeggiamenti, ma serve appunto rispetto per tutti, sia per i cittadini che non vogliono rumori continuativi notturni, sia per gli animali che potrebbero riportarne traumi, sia per il decoro e la pulizia del paese. Sono certo che questo non sar\u00e0 recepito come un divieto ma come una regolamentazione necessaria alle esigenze di tutti, sia di chi vuol festeggiare con i fuochi d&#8217;artificio, sia di chi vuol riposare anche nella notte di Capodanno. Un conto \u00e8 festeggiare il Capodanno, ben altro \u00e8 trasformare il paese in un campo di battaglia durante tutte le Feste&#8221;.<\/p>","protected":false},"excerpt":{"rendered":"<p>Parola d&#8217;ordine &#8220;rispetto&#8221;, pur nella tradizione di accogliere l&#8217;arrivo dell&#8217;anno nuovo salutando &#8220;rumorosamente&#8221; quello appena trascorso. Va in questa direzione l&#8217;ordinanza firmata oggi dal sindaco di Calalzo Luca De Carlo relativamente all&#8217;utilizzo dei botti e artifici pirotecnici su tutto il territorio comunale. &#8220;Fuochi e petardi &#8211; spiega De Carlo &#8211; saranno consentiti unicamente dalle 23.45 [&hellip;]<\/p>\n","protected":false},"author":2,"featured_media":0,"comment_status":"closed","ping_status":"open","sticky":false,"template":"","format":"standard","meta":{"footnotes":""},"categories":[1],"tags":[],"class_list":["post-33698","post","type-post","status-publish","format-standard","category-leo"],"yoast_head":"<!-- This site is optimized with the Yoast SEO plugin v28.4 - https:\/\/yoast.com\/product\/yoast-seo-wordpress\/ -->\n<title>Botti di San Silvestro dalle 23.45 alle 00.45. A Calalzo di Cadore il sindaco De Carlo stabilisce orari e regole per i festeggiamenti di fine anno - Bellunopress - Dolomiti<\/title>\n<meta name=\"robots\" content=\"index, follow, max-snippet:-1, max-image-preview:large, max-video-preview:-1\" \/>\n<link rel=\"canonical\" href=\"https:\/\/www.bellunopress.it\/fr\/2011\/12\/27\/botti-di-san-silvestro-dalle-23-45-alle-00-45-a-calalzo-di-cadore-il-sindaco-de-carlo-stabilisce-orari-e-regole-per-i-festeggiamenti-di-fine-anno\/\" \/>\n<meta property=\"og:locale\" content=\"fr_FR\" \/>\n<meta property=\"og:type\" content=\"article\" \/>\n<meta property=\"og:title\" content=\"Botti di San Silvestro dalle 23.45 alle 00.45. A Calalzo di Cadore il sindaco De Carlo stabilisce orari e regole per i festeggiamenti di fine anno - Bellunopress - Dolomiti\" \/>\n<meta property=\"og:description\" content=\"Parola d&#8217;ordine &#8220;rispetto&#8221;, pur nella tradizione di accogliere l&#8217;arrivo dell&#8217;anno nuovo salutando &#8220;rumorosamente&#8221; quello appena trascorso. Va in questa direzione l&#8217;ordinanza firmata oggi dal sindaco di Calalzo Luca De Carlo relativamente all&#8217;utilizzo dei botti e artifici pirotecnici su tutto il territorio comunale. &#8220;Fuochi e petardi &#8211; spiega De Carlo &#8211; saranno consentiti unicamente dalle 23.45 [&hellip;]\" \/>\n<meta property=\"og:url\" content=\"https:\/\/www.bellunopress.it\/fr\/2011\/12\/27\/botti-di-san-silvestro-dalle-23-45-alle-00-45-a-calalzo-di-cadore-il-sindaco-de-carlo-stabilisce-orari-e-regole-per-i-festeggiamenti-di-fine-anno\/\" \/>\n<meta property=\"og:site_name\" content=\"Bellunopress - Dolomiti\" \/>\n<meta property=\"article:publisher\" content=\"https:\/\/www.facebook.com\/profile.php?id=100008943462799\" \/>\n<meta property=\"article:published_time\" content=\"2011-12-27T17:28:39+00:00\" \/>\n<meta property=\"og:image\" content=\"http:\/\/www.bellunopress.it\/wp-content\/uploads\/2011\/12\/De-Carlo.jpg\" \/>\n<meta name=\"author\" content=\"redazione\" \/>\n<meta name=\"twitter:card\" content=\"summary_large_image\" \/>\n<meta name=\"twitter:creator\" content=\"@bellunopress\" \/>\n<meta name=\"twitter:site\" content=\"@bellunopress\" \/>\n<meta name=\"twitter:label1\" content=\"\u00c9crit par\" \/>\n\t<meta name=\"twitter:data1\" content=\"redazione\" \/>\n\t<meta name=\"twitter:label2\" content=\"Dur\u00e9e de lecture estim\u00e9e\" \/>\n\t<meta name=\"twitter:data2\" content=\"2 minutes\" \/>\n<script type=\"application\/ld+json\" class=\"yoast-schema-graph\">{\"@context\":\"https:\\\/\\\/schema.org\",\"@graph\":[{\"@type\":\"Article\",\"@id\":\"https:\\\/\\\/www.bellunopress.it\\\/2011\\\/12\\\/27\\\/botti-di-san-silvestro-dalle-23-45-alle-00-45-a-calalzo-di-cadore-il-sindaco-de-carlo-stabilisce-orari-e-regole-per-i-festeggiamenti-di-fine-anno\\\/#article\",\"isPartOf\":{\"@id\":\"https:\\\/\\\/www.bellunopress.it\\\/2011\\\/12\\\/27\\\/botti-di-san-silvestro-dalle-23-45-alle-00-45-a-calalzo-di-cadore-il-sindaco-de-carlo-stabilisce-orari-e-regole-per-i-festeggiamenti-di-fine-anno\\\/\"},\"author\":{\"name\":\"redazione\",\"@id\":\"https:\\\/\\\/www.bellunopress.it\\\/#\\\/schema\\\/person\\\/79bb06722b37ece1c03d3e94beb30d73\"},\"headline\":\"Botti di San Silvestro dalle 23.45 alle 00.45. A Calalzo di Cadore il sindaco De Carlo stabilisce orari e regole per i festeggiamenti di fine anno\",\"datePublished\":\"2011-12-27T17:28:39+00:00\",\"mainEntityOfPage\":{\"@id\":\"https:\\\/\\\/www.bellunopress.it\\\/2011\\\/12\\\/27\\\/botti-di-san-silvestro-dalle-23-45-alle-00-45-a-calalzo-di-cadore-il-sindaco-de-carlo-stabilisce-orari-e-regole-per-i-festeggiamenti-di-fine-anno\\\/\"},\"wordCount\":437,\"publisher\":{\"@id\":\"https:\\\/\\\/www.bellunopress.it\\\/#organization\"},\"image\":{\"@id\":\"https:\\\/\\\/www.bellunopress.it\\\/2011\\\/12\\\/27\\\/botti-di-san-silvestro-dalle-23-45-alle-00-45-a-calalzo-di-cadore-il-sindaco-de-carlo-stabilisce-orari-e-regole-per-i-festeggiamenti-di-fine-anno\\\/#primaryimage\"},\"thumbnailUrl\":\"http:\\\/\\\/www.bellunopress.it\\\/wp-content\\\/uploads\\\/2011\\\/12\\\/De-Carlo.jpg\",\"articleSection\":[\"Lettere Opinioni\"],\"inLanguage\":\"fr-FR\"},{\"@type\":\"WebPage\",\"@id\":\"https:\\\/\\\/www.bellunopress.it\\\/2011\\\/12\\\/27\\\/botti-di-san-silvestro-dalle-23-45-alle-00-45-a-calalzo-di-cadore-il-sindaco-de-carlo-stabilisce-orari-e-regole-per-i-festeggiamenti-di-fine-anno\\\/\",\"url\":\"https:\\\/\\\/www.bellunopress.it\\\/2011\\\/12\\\/27\\\/botti-di-san-silvestro-dalle-23-45-alle-00-45-a-calalzo-di-cadore-il-sindaco-de-carlo-stabilisce-orari-e-regole-per-i-festeggiamenti-di-fine-anno\\\/\",\"name\":\"Botti di San Silvestro dalle 23.45 alle 00.45. A Calalzo di Cadore il sindaco De Carlo stabilisce orari e regole per i festeggiamenti di fine anno - Bellunopress - Dolomiti\",\"isPartOf\":{\"@id\":\"https:\\\/\\\/www.bellunopress.it\\\/#website\"},\"primaryImageOfPage\":{\"@id\":\"https:\\\/\\\/www.bellunopress.it\\\/2011\\\/12\\\/27\\\/botti-di-san-silvestro-dalle-23-45-alle-00-45-a-calalzo-di-cadore-il-sindaco-de-carlo-stabilisce-orari-e-regole-per-i-festeggiamenti-di-fine-anno\\\/#primaryimage\"},\"image\":{\"@id\":\"https:\\\/\\\/www.bellunopress.it\\\/2011\\\/12\\\/27\\\/botti-di-san-silvestro-dalle-23-45-alle-00-45-a-calalzo-di-cadore-il-sindaco-de-carlo-stabilisce-orari-e-regole-per-i-festeggiamenti-di-fine-anno\\\/#primaryimage\"},\"thumbnailUrl\":\"http:\\\/\\\/www.bellunopress.it\\\/wp-content\\\/uploads\\\/2011\\\/12\\\/De-Carlo.jpg\",\"datePublished\":\"2011-12-27T17:28:39+00:00\",\"breadcrumb\":{\"@id\":\"https:\\\/\\\/www.bellunopress.it\\\/2011\\\/12\\\/27\\\/botti-di-san-silvestro-dalle-23-45-alle-00-45-a-calalzo-di-cadore-il-sindaco-de-carlo-stabilisce-orari-e-regole-per-i-festeggiamenti-di-fine-anno\\\/#breadcrumb\"},\"inLanguage\":\"fr-FR\",\"potentialAction\":[{\"@type\":\"ReadAction\",\"target\":[\"https:\\\/\\\/www.bellunopress.it\\\/2011\\\/12\\\/27\\\/botti-di-san-silvestro-dalle-23-45-alle-00-45-a-calalzo-di-cadore-il-sindaco-de-carlo-stabilisce-orari-e-regole-per-i-festeggiamenti-di-fine-anno\\\/\"]}]},{\"@type\":\"ImageObject\",\"inLanguage\":\"fr-FR\",\"@id\":\"https:\\\/\\\/www.bellunopress.it\\\/2011\\\/12\\\/27\\\/botti-di-san-silvestro-dalle-23-45-alle-00-45-a-calalzo-di-cadore-il-sindaco-de-carlo-stabilisce-orari-e-regole-per-i-festeggiamenti-di-fine-anno\\\/#primaryimage\",\"url\":\"http:\\\/\\\/www.bellunopress.it\\\/wp-content\\\/uploads\\\/2011\\\/12\\\/De-Carlo.jpg\",\"contentUrl\":\"http:\\\/\\\/www.bellunopress.it\\\/wp-content\\\/uploads\\\/2011\\\/12\\\/De-Carlo.jpg\"},{\"@type\":\"BreadcrumbList\",\"@id\":\"https:\\\/\\\/www.bellunopress.it\\\/2011\\\/12\\\/27\\\/botti-di-san-silvestro-dalle-23-45-alle-00-45-a-calalzo-di-cadore-il-sindaco-de-carlo-stabilisce-orari-e-regole-per-i-festeggiamenti-di-fine-anno\\\/#breadcrumb\",\"itemListElement\":[{\"@type\":\"ListItem\",\"position\":1,\"name\":\"Home\",\"item\":\"https:\\\/\\\/www.bellunopress.it\\\/\"},{\"@type\":\"ListItem\",\"position\":2,\"name\":\"Botti di San Silvestro dalle 23.45 alle 00.45. A Calalzo di Cadore il sindaco De Carlo stabilisce orari e regole per i festeggiamenti di fine anno\"}]},{\"@type\":\"WebSite\",\"@id\":\"https:\\\/\\\/www.bellunopress.it\\\/#website\",\"url\":\"https:\\\/\\\/www.bellunopress.it\\\/\",\"name\":\"Bellunopress - Dolomiti\",\"description\":\"e-mail: redazione@bellunopress.it\",\"publisher\":{\"@id\":\"https:\\\/\\\/www.bellunopress.it\\\/#organization\"},\"potentialAction\":[{\"@type\":\"SearchAction\",\"target\":{\"@type\":\"EntryPoint\",\"urlTemplate\":\"https:\\\/\\\/www.bellunopress.it\\\/?s={search_term_string}\"},\"query-input\":{\"@type\":\"PropertyValueSpecification\",\"valueRequired\":true,\"valueName\":\"search_term_string\"}}],\"inLanguage\":\"fr-FR\"},{\"@type\":\"Organization\",\"@id\":\"https:\\\/\\\/www.bellunopress.it\\\/#organization\",\"name\":\"Bellunopress\",\"url\":\"https:\\\/\\\/www.bellunopress.it\\\/\",\"logo\":{\"@type\":\"ImageObject\",\"inLanguage\":\"fr-FR\",\"@id\":\"https:\\\/\\\/www.bellunopress.it\\\/#\\\/schema\\\/logo\\\/image\\\/\",\"url\":\"https:\\\/\\\/www.bellunopress.it\\\/wp-content\\\/uploads\\\/2011\\\/05\\\/cropped-logo-bellunopress-.jpg\",\"contentUrl\":\"https:\\\/\\\/www.bellunopress.it\\\/wp-content\\\/uploads\\\/2011\\\/05\\\/cropped-logo-bellunopress-.jpg\",\"width\":512,\"height\":512,\"caption\":\"Bellunopress\"},\"image\":{\"@id\":\"https:\\\/\\\/www.bellunopress.it\\\/#\\\/schema\\\/logo\\\/image\\\/\"},\"sameAs\":[\"https:\\\/\\\/www.facebook.com\\\/profile.php?id=100008943462799\",\"https:\\\/\\\/x.com\\\/bellunopress\",\"https:\\\/\\\/www.linkedin.com\\\/hp\\\/?dnr=JBzUWaJfMUw8vbXJJ2tVW5-I3jZKvC4wsoxE&amp;amp;amp;amp;amp;amp;trk=nav_responsive_tab_home\",\"https:\\\/\\\/www.youtube.com\\\/channel\\\/UCxL0wu1uN0_3_7hGG0306cw\"]},{\"@type\":\"Person\",\"@id\":\"https:\\\/\\\/www.bellunopress.it\\\/#\\\/schema\\\/person\\\/79bb06722b37ece1c03d3e94beb30d73\",\"name\":\"redazione\",\"image\":{\"@type\":\"ImageObject\",\"inLanguage\":\"fr-FR\",\"@id\":\"https:\\\/\\\/secure.gravatar.com\\\/avatar\\\/37d968a2e67a6fd04c169c4bdef102d0bc5d31b2546345219e348575eb80e9a0?s=96&d=mm&r=g\",\"url\":\"https:\\\/\\\/secure.gravatar.com\\\/avatar\\\/37d968a2e67a6fd04c169c4bdef102d0bc5d31b2546345219e348575eb80e9a0?s=96&d=mm&r=g\",\"contentUrl\":\"https:\\\/\\\/secure.gravatar.com\\\/avatar\\\/37d968a2e67a6fd04c169c4bdef102d0bc5d31b2546345219e348575eb80e9a0?s=96&d=mm&r=g\",\"caption\":\"redazione\"},\"sameAs\":[\"http:\\\/\\\/www.bellunopress.it\",\"https:\\\/\\\/x.com\\\/bellunopress\"],\"url\":\"https:\\\/\\\/www.bellunopress.it\\\/fr\\\/author\\\/redazione\\\/\"}]}<\/script>\n<!-- \/ Yoast SEO plugin. -->","yoast_head_json":{"title":"Botti di San Silvestro dalle 23.45 alle 00.45. A Calalzo di Cadore il sindaco De Carlo stabilisce orari e regole per i festeggiamenti di fine anno - Bellunopress - Dolomiti","robots":{"index":"index","follow":"follow","max-snippet":"max-snippet:-1","max-image-preview":"max-image-preview:large","max-video-preview":"max-video-preview:-1"},"canonical":"https:\/\/www.bellunopress.it\/fr\/2011\/12\/27\/botti-di-san-silvestro-dalle-23-45-alle-00-45-a-calalzo-di-cadore-il-sindaco-de-carlo-stabilisce-orari-e-regole-per-i-festeggiamenti-di-fine-anno\/","og_locale":"fr_FR","og_type":"article","og_title":"Botti di San Silvestro dalle 23.45 alle 00.45. A Calalzo di Cadore il sindaco De Carlo stabilisce orari e regole per i festeggiamenti di fine anno - Bellunopress - Dolomiti","og_description":"Parola d&#8217;ordine &#8220;rispetto&#8221;, pur nella tradizione di accogliere l&#8217;arrivo dell&#8217;anno nuovo salutando &#8220;rumorosamente&#8221; quello appena trascorso. Va in questa direzione l&#8217;ordinanza firmata oggi dal sindaco di Calalzo Luca De Carlo relativamente all&#8217;utilizzo dei botti e artifici pirotecnici su tutto il territorio comunale. &#8220;Fuochi e petardi &#8211; spiega De Carlo &#8211; saranno consentiti unicamente dalle 23.45 [&hellip;]","og_url":"https:\/\/www.bellunopress.it\/fr\/2011\/12\/27\/botti-di-san-silvestro-dalle-23-45-alle-00-45-a-calalzo-di-cadore-il-sindaco-de-carlo-stabilisce-orari-e-regole-per-i-festeggiamenti-di-fine-anno\/","og_site_name":"Bellunopress - Dolomiti","article_publisher":"https:\/\/www.facebook.com\/profile.php?id=100008943462799","article_published_time":"2011-12-27T17:28:39+00:00","og_image":[{"url":"http:\/\/www.bellunopress.it\/wp-content\/uploads\/2011\/12\/De-Carlo.jpg","type":"","width":"","height":""}],"author":"redazione","twitter_card":"summary_large_image","twitter_creator":"@bellunopress","twitter_site":"@bellunopress","twitter_misc":{"\u00c9crit par":"redazione","Dur\u00e9e de lecture estim\u00e9e":"2 minutes"},"schema":{"@context":"https:\/\/schema.org","@graph":[{"@type":"Article","@id":"https:\/\/www.bellunopress.it\/2011\/12\/27\/botti-di-san-silvestro-dalle-23-45-alle-00-45-a-calalzo-di-cadore-il-sindaco-de-carlo-stabilisce-orari-e-regole-per-i-festeggiamenti-di-fine-anno\/#article","isPartOf":{"@id":"https:\/\/www.bellunopress.it\/2011\/12\/27\/botti-di-san-silvestro-dalle-23-45-alle-00-45-a-calalzo-di-cadore-il-sindaco-de-carlo-stabilisce-orari-e-regole-per-i-festeggiamenti-di-fine-anno\/"},"author":{"name":"redazione","@id":"https:\/\/www.bellunopress.it\/#\/schema\/person\/79bb06722b37ece1c03d3e94beb30d73"},"headline":"Botti di San Silvestro dalle 23.45 alle 00.45. A Calalzo di Cadore il sindaco De Carlo stabilisce orari e regole per i festeggiamenti di fine anno","datePublished":"2011-12-27T17:28:39+00:00","mainEntityOfPage":{"@id":"https:\/\/www.bellunopress.it\/2011\/12\/27\/botti-di-san-silvestro-dalle-23-45-alle-00-45-a-calalzo-di-cadore-il-sindaco-de-carlo-stabilisce-orari-e-regole-per-i-festeggiamenti-di-fine-anno\/"},"wordCount":437,"publisher":{"@id":"https:\/\/www.bellunopress.it\/#organization"},"image":{"@id":"https:\/\/www.bellunopress.it\/2011\/12\/27\/botti-di-san-silvestro-dalle-23-45-alle-00-45-a-calalzo-di-cadore-il-sindaco-de-carlo-stabilisce-orari-e-regole-per-i-festeggiamenti-di-fine-anno\/#primaryimage"},"thumbnailUrl":"http:\/\/www.bellunopress.it\/wp-content\/uploads\/2011\/12\/De-Carlo.jpg","articleSection":["Lettere Opinioni"],"inLanguage":"fr-FR"},{"@type":"WebPage","@id":"https:\/\/www.bellunopress.it\/2011\/12\/27\/botti-di-san-silvestro-dalle-23-45-alle-00-45-a-calalzo-di-cadore-il-sindaco-de-carlo-stabilisce-orari-e-regole-per-i-festeggiamenti-di-fine-anno\/","url":"https:\/\/www.bellunopress.it\/2011\/12\/27\/botti-di-san-silvestro-dalle-23-45-alle-00-45-a-calalzo-di-cadore-il-sindaco-de-carlo-stabilisce-orari-e-regole-per-i-festeggiamenti-di-fine-anno\/","name":"Botti di San Silvestro dalle 23.45 alle 00.45. A Calalzo di Cadore il sindaco De Carlo stabilisce orari e regole per i festeggiamenti di fine anno - Bellunopress - Dolomiti","isPartOf":{"@id":"https:\/\/www.bellunopress.it\/#website"},"primaryImageOfPage":{"@id":"https:\/\/www.bellunopress.it\/2011\/12\/27\/botti-di-san-silvestro-dalle-23-45-alle-00-45-a-calalzo-di-cadore-il-sindaco-de-carlo-stabilisce-orari-e-regole-per-i-festeggiamenti-di-fine-anno\/#primaryimage"},"image":{"@id":"https:\/\/www.bellunopress.it\/2011\/12\/27\/botti-di-san-silvestro-dalle-23-45-alle-00-45-a-calalzo-di-cadore-il-sindaco-de-carlo-stabilisce-orari-e-regole-per-i-festeggiamenti-di-fine-anno\/#primaryimage"},"thumbnailUrl":"http:\/\/www.bellunopress.it\/wp-content\/uploads\/2011\/12\/De-Carlo.jpg","datePublished":"2011-12-27T17:28:39+00:00","breadcrumb":{"@id":"https:\/\/www.bellunopress.it\/2011\/12\/27\/botti-di-san-silvestro-dalle-23-45-alle-00-45-a-calalzo-di-cadore-il-sindaco-de-carlo-stabilisce-orari-e-regole-per-i-festeggiamenti-di-fine-anno\/#breadcrumb"},"inLanguage":"fr-FR","potentialAction":[{"@type":"ReadAction","target":["https:\/\/www.bellunopress.it\/2011\/12\/27\/botti-di-san-silvestro-dalle-23-45-alle-00-45-a-calalzo-di-cadore-il-sindaco-de-carlo-stabilisce-orari-e-regole-per-i-festeggiamenti-di-fine-anno\/"]}]},{"@type":"ImageObject","inLanguage":"fr-FR","@id":"https:\/\/www.bellunopress.it\/2011\/12\/27\/botti-di-san-silvestro-dalle-23-45-alle-00-45-a-calalzo-di-cadore-il-sindaco-de-carlo-stabilisce-orari-e-regole-per-i-festeggiamenti-di-fine-anno\/#primaryimage","url":"http:\/\/www.bellunopress.it\/wp-content\/uploads\/2011\/12\/De-Carlo.jpg","contentUrl":"http:\/\/www.bellunopress.it\/wp-content\/uploads\/2011\/12\/De-Carlo.jpg"},{"@type":"BreadcrumbList","@id":"https:\/\/www.bellunopress.it\/2011\/12\/27\/botti-di-san-silvestro-dalle-23-45-alle-00-45-a-calalzo-di-cadore-il-sindaco-de-carlo-stabilisce-orari-e-regole-per-i-festeggiamenti-di-fine-anno\/#breadcrumb","itemListElement":[{"@type":"ListItem","position":1,"name":"Home","item":"https:\/\/www.bellunopress.it\/"},{"@type":"ListItem","position":2,"name":"Botti di San Silvestro dalle 23.45 alle 00.45. A Calalzo di Cadore il sindaco De Carlo stabilisce orari e regole per i festeggiamenti di fine anno"}]},{"@type":"WebSite","@id":"https:\/\/www.bellunopress.it\/#website","url":"https:\/\/www.bellunopress.it\/","name":"Bellunopress - Dolomiti","description":"e-mail: redazione@bellunopress.it","publisher":{"@id":"https:\/\/www.bellunopress.it\/#organization"},"potentialAction":[{"@type":"SearchAction","target":{"@type":"EntryPoint","urlTemplate":"https:\/\/www.bellunopress.it\/?s={search_term_string}"},"query-input":{"@type":"PropertyValueSpecification","valueRequired":true,"valueName":"search_term_string"}}],"inLanguage":"fr-FR"},{"@type":"Organization","@id":"https:\/\/www.bellunopress.it\/#organization","name":"Bellunopress","url":"https:\/\/www.bellunopress.it\/","logo":{"@type":"ImageObject","inLanguage":"fr-FR","@id":"https:\/\/www.bellunopress.it\/#\/schema\/logo\/image\/","url":"https:\/\/www.bellunopress.it\/wp-content\/uploads\/2011\/05\/cropped-logo-bellunopress-.jpg","contentUrl":"https:\/\/www.bellunopress.it\/wp-content\/uploads\/2011\/05\/cropped-logo-bellunopress-.jpg","width":512,"height":512,"caption":"Bellunopress"},"image":{"@id":"https:\/\/www.bellunopress.it\/#\/schema\/logo\/image\/"},"sameAs":["https:\/\/www.facebook.com\/profile.php?id=100008943462799","https:\/\/x.com\/bellunopress","https:\/\/www.linkedin.com\/hp\/?dnr=JBzUWaJfMUw8vbXJJ2tVW5-I3jZKvC4wsoxE&amp;amp;amp;amp;amp;amp;trk=nav_responsive_tab_home","https:\/\/www.youtube.com\/channel\/UCxL0wu1uN0_3_7hGG0306cw"]},{"@type":"Person","@id":"https:\/\/www.bellunopress.it\/#\/schema\/person\/79bb06722b37ece1c03d3e94beb30d73","name":"r\u00e9daction","image":{"@type":"ImageObject","inLanguage":"fr-FR","@id":"https:\/\/secure.gravatar.com\/avatar\/37d968a2e67a6fd04c169c4bdef102d0bc5d31b2546345219e348575eb80e9a0?s=96&d=mm&r=g","url":"https:\/\/secure.gravatar.com\/avatar\/37d968a2e67a6fd04c169c4bdef102d0bc5d31b2546345219e348575eb80e9a0?s=96&d=mm&r=g","contentUrl":"https:\/\/secure.gravatar.com\/avatar\/37d968a2e67a6fd04c169c4bdef102d0bc5d31b2546345219e348575eb80e9a0?s=96&d=mm&r=g","caption":"redazione"},"sameAs":["http:\/\/www.bellunopress.it","https:\/\/x.com\/bellunopress"],"url":"https:\/\/www.bellunopress.it\/fr\/author\/redazione\/"}]}},"_links":{"self":[{"href":"https:\/\/www.bellunopress.it\/fr\/wp-json\/wp\/v2\/posts\/33698","targetHints":{"allow":["GET"]}}],"collection":[{"href":"https:\/\/www.bellunopress.it\/fr\/wp-json\/wp\/v2\/posts"}],"about":[{"href":"https:\/\/www.bellunopress.it\/fr\/wp-json\/wp\/v2\/types\/post"}],"author":[{"embeddable":true,"href":"https:\/\/www.bellunopress.it\/fr\/wp-json\/wp\/v2\/users\/2"}],"replies":[{"embeddable":true,"href":"https:\/\/www.bellunopress.it\/fr\/wp-json\/wp\/v2\/comments?post=33698"}],"version-history":[{"count":1,"href":"https:\/\/www.bellunopress.it\/fr\/wp-json\/wp\/v2\/posts\/33698\/revisions"}],"predecessor-version":[{"id":33699,"href":"https:\/\/www.bellunopress.it\/fr\/wp-json\/wp\/v2\/posts\/33698\/revisions\/33699"}],"wp:attachment":[{"href":"https:\/\/www.bellunopress.it\/fr\/wp-json\/wp\/v2\/media?parent=33698"}],"wp:term":[{"taxonomy":"category","embeddable":true,"href":"https:\/\/www.bellunopress.it\/fr\/wp-json\/wp\/v2\/categories?post=33698"},{"taxonomy":"post_tag","embeddable":true,"href":"https:\/\/www.bellunopress.it\/fr\/wp-json\/wp\/v2\/tags?post=33698"}],"curies":[{"name":"wp","href":"https:\/\/api.w.org\/{rel}","templated":true}]}}