{"id":33693,"date":"2011-12-27T12:17:19","date_gmt":"2011-12-27T11:17:19","guid":{"rendered":"http:\/\/www.bellunopress.it\/?p=33693"},"modified":"2011-12-27T12:17:19","modified_gmt":"2011-12-27T11:17:19","slug":"operazione-restyling-le-comunita-montane-diventano-unioni-montane-di-comuni","status":"publish","type":"post","link":"https:\/\/www.bellunopress.it\/fr\/2011\/12\/27\/operazione-restyling-le-comunita-montane-diventano-unioni-montane-di-comuni\/","title":{"rendered":"Operazione restyling: le comunit\u00e0 montane diventano unioni montane di Comuni"},"content":{"rendered":"<figure id=\"attachment_14949\" aria-describedby=\"caption-attachment-14949\" style=\"width: 130px\" class=\"wp-caption alignleft\"><a href=\"http:\/\/www.bellunopress.it\/wp-content\/uploads\/2010\/05\/marino-finozzi-leggeriss.jpg\"><img loading=\"lazy\" decoding=\"async\" class=\"size-full wp-image-14949\" title=\"marino-finozzi-leggeriss\" src=\"http:\/\/www.bellunopress.it\/wp-content\/uploads\/2010\/05\/marino-finozzi-leggeriss.jpg\" alt=\"\" width=\"130\" height=\"130\" \/><\/a><figcaption id=\"caption-attachment-14949\" class=\"wp-caption-text\">Marino Finozzi<\/figcaption><\/figure>\n<p>Le Comunit\u00e0 Montane restano una realt\u00e0 fondamentale per il territorio, ma vanno rilanciate e sostenute nella loro azione, ridefinendone ruolo e funzioni. alla luce dell\u2019evoluzione della normativa statale, a partire dalla modifica del profilo giuridico e del nome. Si trasformeranno infatti in Unioni montane di Comuni. E quanto prevede il disegno di legge che gli uffici della giunta regionale hanno messo a punto e su cui la Conferenza permanente per la montagna, convocata a Palazzo Balbi a Venezia dall\u2019assessore all\u2019economia e allo sviluppo montano Marino Finozzi, ha espresso piena condivisione.<\/p>\n<p>L\u2019obiettivo del testo di legge \u2013 ha sottolineato Finozzi \u2013 \u00e8 stabilizzare le funzioni gi\u00e0 attribuite fino ad oggi alle Comunit\u00e0 Montane e individuarne di nuove, mettendo un punto fermo alle alterne vicende che hanno coinvolto questi enti che ad un certo punto sembravano destinati alla soppressione. Per uscire definitivamente da questa situazione, ripristinata con un pronunciamento della Corte Costituzionale, assumeranno un nome diverso ma, almeno nella fase iniziale di applicazione della legge, non sono previste modifiche agli attuali assetti territoriali.<\/p>\n<p>Le Unioni montane saranno enti locali, formati da comuni montani o parzialmente montani, anche appartenenti a province diverse, finalizzati alla conservazione e alla valorizzazione delle risorse montane, all\u2019organizzazione e alla gestione dell\u2019esercizio associato delle funzioni e dei servizi comunali. La normativa si affianca quindi all\u2019altro disegno di legge della giunta regionale che riguarda il riordino degli enti locali, nella previsione che possano procedere di pari passo in quanto strettamente collegati. L\u2019organizzazione indicata per le nuove Unioni montane prevede un\u2019assemblea di sindaci, una giunta e un presidente nominato dall\u2019assemblea.<\/p>\n<p>I rappresentanti degli enti montani veneti hanno espresso apprezzamento per i contenuti e la snellezza del testo di legge, a cui \u2013 attraverso l\u2019UNCEM \u2013 saranno apportati solo i necessari aggiustamenti tecnici per poter essere licenziato in tempi brevissimi dalla giunta regionale e avviare l\u2019iter in consiglio per l\u2019approvazione. L\u2019assessore Finozzi si \u00e8 incontrato anche con i rappresentanti dei comuni parzialmente montani per un approfondimento sui servizi erogabili in forma associata solo per la parte montana del loro territorio.<\/p>\n<p>&nbsp;<\/p>","protected":false},"excerpt":{"rendered":"<p>Le Comunit\u00e0 Montane restano una realt\u00e0 fondamentale per il territorio, ma vanno rilanciate e sostenute nella loro azione, ridefinendone ruolo e funzioni. alla luce dell\u2019evoluzione della normativa statale, a partire dalla modifica del profilo giuridico e del nome. Si trasformeranno infatti in Unioni montane di Comuni. E quanto prevede il disegno di legge che gli [&hellip;]<\/p>\n","protected":false},"author":2,"featured_media":0,"comment_status":"closed","ping_status":"open","sticky":false,"template":"","format":"standard","meta":{"footnotes":""},"categories":[5,26],"tags":[],"class_list":["post-33693","post","type-post","status-publish","format-standard","category-cronaca","category-prima-pagina"],"yoast_head":"<!-- This site is optimized with the Yoast SEO plugin v28.4 - https:\/\/yoast.com\/product\/yoast-seo-wordpress\/ -->\n<title>Operazione restyling: le comunit\u00e0 montane diventano unioni montane di Comuni - Bellunopress - Dolomiti<\/title>\n<meta name=\"robots\" content=\"index, follow, max-snippet:-1, max-image-preview:large, max-video-preview:-1\" \/>\n<link rel=\"canonical\" href=\"https:\/\/www.bellunopress.it\/fr\/2011\/12\/27\/operazione-restyling-le-comunita-montane-diventano-unioni-montane-di-comuni\/\" \/>\n<meta property=\"og:locale\" content=\"fr_FR\" \/>\n<meta property=\"og:type\" content=\"article\" \/>\n<meta property=\"og:title\" content=\"Operazione restyling: le comunit\u00e0 montane diventano unioni montane di Comuni - Bellunopress - Dolomiti\" \/>\n<meta property=\"og:description\" content=\"Le Comunit\u00e0 Montane restano una realt\u00e0 fondamentale per il territorio, ma vanno rilanciate e sostenute nella loro azione, ridefinendone ruolo e funzioni. alla luce dell\u2019evoluzione della normativa statale, a partire dalla modifica del profilo giuridico e del nome. Si trasformeranno infatti in Unioni montane di Comuni. E quanto prevede il disegno di legge che gli [&hellip;]\" \/>\n<meta property=\"og:url\" content=\"https:\/\/www.bellunopress.it\/fr\/2011\/12\/27\/operazione-restyling-le-comunita-montane-diventano-unioni-montane-di-comuni\/\" \/>\n<meta property=\"og:site_name\" content=\"Bellunopress - Dolomiti\" \/>\n<meta property=\"article:publisher\" content=\"https:\/\/www.facebook.com\/profile.php?id=100008943462799\" \/>\n<meta property=\"article:published_time\" content=\"2011-12-27T11:17:19+00:00\" \/>\n<meta property=\"og:image\" content=\"http:\/\/www.bellunopress.it\/wp-content\/uploads\/2010\/05\/marino-finozzi-leggeriss.jpg\" \/>\n<meta name=\"author\" content=\"redazione\" \/>\n<meta name=\"twitter:card\" content=\"summary_large_image\" \/>\n<meta name=\"twitter:creator\" content=\"@bellunopress\" \/>\n<meta name=\"twitter:site\" content=\"@bellunopress\" \/>\n<meta name=\"twitter:label1\" content=\"\u00c9crit par\" \/>\n\t<meta name=\"twitter:data1\" content=\"redazione\" \/>\n\t<meta name=\"twitter:label2\" content=\"Dur\u00e9e de lecture estim\u00e9e\" \/>\n\t<meta name=\"twitter:data2\" content=\"2 minutes\" \/>\n<script type=\"application\/ld+json\" class=\"yoast-schema-graph\">{\"@context\":\"https:\\\/\\\/schema.org\",\"@graph\":[{\"@type\":\"Article\",\"@id\":\"https:\\\/\\\/www.bellunopress.it\\\/2011\\\/12\\\/27\\\/operazione-restyling-le-comunita-montane-diventano-unioni-montane-di-comuni\\\/#article\",\"isPartOf\":{\"@id\":\"https:\\\/\\\/www.bellunopress.it\\\/2011\\\/12\\\/27\\\/operazione-restyling-le-comunita-montane-diventano-unioni-montane-di-comuni\\\/\"},\"author\":{\"name\":\"redazione\",\"@id\":\"https:\\\/\\\/www.bellunopress.it\\\/#\\\/schema\\\/person\\\/79bb06722b37ece1c03d3e94beb30d73\"},\"headline\":\"Operazione restyling: le comunit\u00e0 montane diventano unioni montane di Comuni\",\"datePublished\":\"2011-12-27T11:17:19+00:00\",\"mainEntityOfPage\":{\"@id\":\"https:\\\/\\\/www.bellunopress.it\\\/2011\\\/12\\\/27\\\/operazione-restyling-le-comunita-montane-diventano-unioni-montane-di-comuni\\\/\"},\"wordCount\":367,\"publisher\":{\"@id\":\"https:\\\/\\\/www.bellunopress.it\\\/#organization\"},\"image\":{\"@id\":\"https:\\\/\\\/www.bellunopress.it\\\/2011\\\/12\\\/27\\\/operazione-restyling-le-comunita-montane-diventano-unioni-montane-di-comuni\\\/#primaryimage\"},\"thumbnailUrl\":\"http:\\\/\\\/www.bellunopress.it\\\/wp-content\\\/uploads\\\/2010\\\/05\\\/marino-finozzi-leggeriss.jpg\",\"articleSection\":[\"Cronaca\\\/Politica\",\"Prima Pagina\"],\"inLanguage\":\"fr-FR\"},{\"@type\":\"WebPage\",\"@id\":\"https:\\\/\\\/www.bellunopress.it\\\/2011\\\/12\\\/27\\\/operazione-restyling-le-comunita-montane-diventano-unioni-montane-di-comuni\\\/\",\"url\":\"https:\\\/\\\/www.bellunopress.it\\\/2011\\\/12\\\/27\\\/operazione-restyling-le-comunita-montane-diventano-unioni-montane-di-comuni\\\/\",\"name\":\"Operazione restyling: le comunit\u00e0 montane diventano unioni montane di Comuni - Bellunopress - Dolomiti\",\"isPartOf\":{\"@id\":\"https:\\\/\\\/www.bellunopress.it\\\/#website\"},\"primaryImageOfPage\":{\"@id\":\"https:\\\/\\\/www.bellunopress.it\\\/2011\\\/12\\\/27\\\/operazione-restyling-le-comunita-montane-diventano-unioni-montane-di-comuni\\\/#primaryimage\"},\"image\":{\"@id\":\"https:\\\/\\\/www.bellunopress.it\\\/2011\\\/12\\\/27\\\/operazione-restyling-le-comunita-montane-diventano-unioni-montane-di-comuni\\\/#primaryimage\"},\"thumbnailUrl\":\"http:\\\/\\\/www.bellunopress.it\\\/wp-content\\\/uploads\\\/2010\\\/05\\\/marino-finozzi-leggeriss.jpg\",\"datePublished\":\"2011-12-27T11:17:19+00:00\",\"breadcrumb\":{\"@id\":\"https:\\\/\\\/www.bellunopress.it\\\/2011\\\/12\\\/27\\\/operazione-restyling-le-comunita-montane-diventano-unioni-montane-di-comuni\\\/#breadcrumb\"},\"inLanguage\":\"fr-FR\",\"potentialAction\":[{\"@type\":\"ReadAction\",\"target\":[\"https:\\\/\\\/www.bellunopress.it\\\/2011\\\/12\\\/27\\\/operazione-restyling-le-comunita-montane-diventano-unioni-montane-di-comuni\\\/\"]}]},{\"@type\":\"ImageObject\",\"inLanguage\":\"fr-FR\",\"@id\":\"https:\\\/\\\/www.bellunopress.it\\\/2011\\\/12\\\/27\\\/operazione-restyling-le-comunita-montane-diventano-unioni-montane-di-comuni\\\/#primaryimage\",\"url\":\"http:\\\/\\\/www.bellunopress.it\\\/wp-content\\\/uploads\\\/2010\\\/05\\\/marino-finozzi-leggeriss.jpg\",\"contentUrl\":\"http:\\\/\\\/www.bellunopress.it\\\/wp-content\\\/uploads\\\/2010\\\/05\\\/marino-finozzi-leggeriss.jpg\"},{\"@type\":\"BreadcrumbList\",\"@id\":\"https:\\\/\\\/www.bellunopress.it\\\/2011\\\/12\\\/27\\\/operazione-restyling-le-comunita-montane-diventano-unioni-montane-di-comuni\\\/#breadcrumb\",\"itemListElement\":[{\"@type\":\"ListItem\",\"position\":1,\"name\":\"Home\",\"item\":\"https:\\\/\\\/www.bellunopress.it\\\/\"},{\"@type\":\"ListItem\",\"position\":2,\"name\":\"Operazione restyling: le comunit\u00e0 montane diventano unioni montane di Comuni\"}]},{\"@type\":\"WebSite\",\"@id\":\"https:\\\/\\\/www.bellunopress.it\\\/#website\",\"url\":\"https:\\\/\\\/www.bellunopress.it\\\/\",\"name\":\"Bellunopress - Dolomiti\",\"description\":\"e-mail: redazione@bellunopress.it\",\"publisher\":{\"@id\":\"https:\\\/\\\/www.bellunopress.it\\\/#organization\"},\"potentialAction\":[{\"@type\":\"SearchAction\",\"target\":{\"@type\":\"EntryPoint\",\"urlTemplate\":\"https:\\\/\\\/www.bellunopress.it\\\/?s={search_term_string}\"},\"query-input\":{\"@type\":\"PropertyValueSpecification\",\"valueRequired\":true,\"valueName\":\"search_term_string\"}}],\"inLanguage\":\"fr-FR\"},{\"@type\":\"Organization\",\"@id\":\"https:\\\/\\\/www.bellunopress.it\\\/#organization\",\"name\":\"Bellunopress\",\"url\":\"https:\\\/\\\/www.bellunopress.it\\\/\",\"logo\":{\"@type\":\"ImageObject\",\"inLanguage\":\"fr-FR\",\"@id\":\"https:\\\/\\\/www.bellunopress.it\\\/#\\\/schema\\\/logo\\\/image\\\/\",\"url\":\"https:\\\/\\\/www.bellunopress.it\\\/wp-content\\\/uploads\\\/2011\\\/05\\\/cropped-logo-bellunopress-.jpg\",\"contentUrl\":\"https:\\\/\\\/www.bellunopress.it\\\/wp-content\\\/uploads\\\/2011\\\/05\\\/cropped-logo-bellunopress-.jpg\",\"width\":512,\"height\":512,\"caption\":\"Bellunopress\"},\"image\":{\"@id\":\"https:\\\/\\\/www.bellunopress.it\\\/#\\\/schema\\\/logo\\\/image\\\/\"},\"sameAs\":[\"https:\\\/\\\/www.facebook.com\\\/profile.php?id=100008943462799\",\"https:\\\/\\\/x.com\\\/bellunopress\",\"https:\\\/\\\/www.linkedin.com\\\/hp\\\/?dnr=JBzUWaJfMUw8vbXJJ2tVW5-I3jZKvC4wsoxE&amp;amp;amp;amp;amp;amp;trk=nav_responsive_tab_home\",\"https:\\\/\\\/www.youtube.com\\\/channel\\\/UCxL0wu1uN0_3_7hGG0306cw\"]},{\"@type\":\"Person\",\"@id\":\"https:\\\/\\\/www.bellunopress.it\\\/#\\\/schema\\\/person\\\/79bb06722b37ece1c03d3e94beb30d73\",\"name\":\"redazione\",\"image\":{\"@type\":\"ImageObject\",\"inLanguage\":\"fr-FR\",\"@id\":\"https:\\\/\\\/secure.gravatar.com\\\/avatar\\\/37d968a2e67a6fd04c169c4bdef102d0bc5d31b2546345219e348575eb80e9a0?s=96&d=mm&r=g\",\"url\":\"https:\\\/\\\/secure.gravatar.com\\\/avatar\\\/37d968a2e67a6fd04c169c4bdef102d0bc5d31b2546345219e348575eb80e9a0?s=96&d=mm&r=g\",\"contentUrl\":\"https:\\\/\\\/secure.gravatar.com\\\/avatar\\\/37d968a2e67a6fd04c169c4bdef102d0bc5d31b2546345219e348575eb80e9a0?s=96&d=mm&r=g\",\"caption\":\"redazione\"},\"sameAs\":[\"http:\\\/\\\/www.bellunopress.it\",\"https:\\\/\\\/x.com\\\/bellunopress\"],\"url\":\"https:\\\/\\\/www.bellunopress.it\\\/fr\\\/author\\\/redazione\\\/\"}]}<\/script>\n<!-- \/ Yoast SEO plugin. -->","yoast_head_json":{"title":"Operazione restyling: le comunit\u00e0 montane diventano unioni montane di Comuni - Bellunopress - Dolomiti","robots":{"index":"index","follow":"follow","max-snippet":"max-snippet:-1","max-image-preview":"max-image-preview:large","max-video-preview":"max-video-preview:-1"},"canonical":"https:\/\/www.bellunopress.it\/fr\/2011\/12\/27\/operazione-restyling-le-comunita-montane-diventano-unioni-montane-di-comuni\/","og_locale":"fr_FR","og_type":"article","og_title":"Operazione restyling: le comunit\u00e0 montane diventano unioni montane di Comuni - Bellunopress - Dolomiti","og_description":"Le Comunit\u00e0 Montane restano una realt\u00e0 fondamentale per il territorio, ma vanno rilanciate e sostenute nella loro azione, ridefinendone ruolo e funzioni. alla luce dell\u2019evoluzione della normativa statale, a partire dalla modifica del profilo giuridico e del nome. Si trasformeranno infatti in Unioni montane di Comuni. E quanto prevede il disegno di legge che gli [&hellip;]","og_url":"https:\/\/www.bellunopress.it\/fr\/2011\/12\/27\/operazione-restyling-le-comunita-montane-diventano-unioni-montane-di-comuni\/","og_site_name":"Bellunopress - Dolomiti","article_publisher":"https:\/\/www.facebook.com\/profile.php?id=100008943462799","article_published_time":"2011-12-27T11:17:19+00:00","og_image":[{"url":"http:\/\/www.bellunopress.it\/wp-content\/uploads\/2010\/05\/marino-finozzi-leggeriss.jpg","type":"","width":"","height":""}],"author":"redazione","twitter_card":"summary_large_image","twitter_creator":"@bellunopress","twitter_site":"@bellunopress","twitter_misc":{"\u00c9crit par":"redazione","Dur\u00e9e de lecture estim\u00e9e":"2 minutes"},"schema":{"@context":"https:\/\/schema.org","@graph":[{"@type":"Article","@id":"https:\/\/www.bellunopress.it\/2011\/12\/27\/operazione-restyling-le-comunita-montane-diventano-unioni-montane-di-comuni\/#article","isPartOf":{"@id":"https:\/\/www.bellunopress.it\/2011\/12\/27\/operazione-restyling-le-comunita-montane-diventano-unioni-montane-di-comuni\/"},"author":{"name":"redazione","@id":"https:\/\/www.bellunopress.it\/#\/schema\/person\/79bb06722b37ece1c03d3e94beb30d73"},"headline":"Operazione restyling: le comunit\u00e0 montane diventano unioni montane di Comuni","datePublished":"2011-12-27T11:17:19+00:00","mainEntityOfPage":{"@id":"https:\/\/www.bellunopress.it\/2011\/12\/27\/operazione-restyling-le-comunita-montane-diventano-unioni-montane-di-comuni\/"},"wordCount":367,"publisher":{"@id":"https:\/\/www.bellunopress.it\/#organization"},"image":{"@id":"https:\/\/www.bellunopress.it\/2011\/12\/27\/operazione-restyling-le-comunita-montane-diventano-unioni-montane-di-comuni\/#primaryimage"},"thumbnailUrl":"http:\/\/www.bellunopress.it\/wp-content\/uploads\/2010\/05\/marino-finozzi-leggeriss.jpg","articleSection":["Cronaca\/Politica","Prima Pagina"],"inLanguage":"fr-FR"},{"@type":"WebPage","@id":"https:\/\/www.bellunopress.it\/2011\/12\/27\/operazione-restyling-le-comunita-montane-diventano-unioni-montane-di-comuni\/","url":"https:\/\/www.bellunopress.it\/2011\/12\/27\/operazione-restyling-le-comunita-montane-diventano-unioni-montane-di-comuni\/","name":"Operazione restyling: le comunit\u00e0 montane diventano unioni montane di Comuni - Bellunopress - Dolomiti","isPartOf":{"@id":"https:\/\/www.bellunopress.it\/#website"},"primaryImageOfPage":{"@id":"https:\/\/www.bellunopress.it\/2011\/12\/27\/operazione-restyling-le-comunita-montane-diventano-unioni-montane-di-comuni\/#primaryimage"},"image":{"@id":"https:\/\/www.bellunopress.it\/2011\/12\/27\/operazione-restyling-le-comunita-montane-diventano-unioni-montane-di-comuni\/#primaryimage"},"thumbnailUrl":"http:\/\/www.bellunopress.it\/wp-content\/uploads\/2010\/05\/marino-finozzi-leggeriss.jpg","datePublished":"2011-12-27T11:17:19+00:00","breadcrumb":{"@id":"https:\/\/www.bellunopress.it\/2011\/12\/27\/operazione-restyling-le-comunita-montane-diventano-unioni-montane-di-comuni\/#breadcrumb"},"inLanguage":"fr-FR","potentialAction":[{"@type":"ReadAction","target":["https:\/\/www.bellunopress.it\/2011\/12\/27\/operazione-restyling-le-comunita-montane-diventano-unioni-montane-di-comuni\/"]}]},{"@type":"ImageObject","inLanguage":"fr-FR","@id":"https:\/\/www.bellunopress.it\/2011\/12\/27\/operazione-restyling-le-comunita-montane-diventano-unioni-montane-di-comuni\/#primaryimage","url":"http:\/\/www.bellunopress.it\/wp-content\/uploads\/2010\/05\/marino-finozzi-leggeriss.jpg","contentUrl":"http:\/\/www.bellunopress.it\/wp-content\/uploads\/2010\/05\/marino-finozzi-leggeriss.jpg"},{"@type":"BreadcrumbList","@id":"https:\/\/www.bellunopress.it\/2011\/12\/27\/operazione-restyling-le-comunita-montane-diventano-unioni-montane-di-comuni\/#breadcrumb","itemListElement":[{"@type":"ListItem","position":1,"name":"Home","item":"https:\/\/www.bellunopress.it\/"},{"@type":"ListItem","position":2,"name":"Operazione restyling: le comunit\u00e0 montane diventano unioni montane di Comuni"}]},{"@type":"WebSite","@id":"https:\/\/www.bellunopress.it\/#website","url":"https:\/\/www.bellunopress.it\/","name":"Bellunopress - Dolomiti","description":"e-mail: redazione@bellunopress.it","publisher":{"@id":"https:\/\/www.bellunopress.it\/#organization"},"potentialAction":[{"@type":"SearchAction","target":{"@type":"EntryPoint","urlTemplate":"https:\/\/www.bellunopress.it\/?s={search_term_string}"},"query-input":{"@type":"PropertyValueSpecification","valueRequired":true,"valueName":"search_term_string"}}],"inLanguage":"fr-FR"},{"@type":"Organization","@id":"https:\/\/www.bellunopress.it\/#organization","name":"Bellunopress","url":"https:\/\/www.bellunopress.it\/","logo":{"@type":"ImageObject","inLanguage":"fr-FR","@id":"https:\/\/www.bellunopress.it\/#\/schema\/logo\/image\/","url":"https:\/\/www.bellunopress.it\/wp-content\/uploads\/2011\/05\/cropped-logo-bellunopress-.jpg","contentUrl":"https:\/\/www.bellunopress.it\/wp-content\/uploads\/2011\/05\/cropped-logo-bellunopress-.jpg","width":512,"height":512,"caption":"Bellunopress"},"image":{"@id":"https:\/\/www.bellunopress.it\/#\/schema\/logo\/image\/"},"sameAs":["https:\/\/www.facebook.com\/profile.php?id=100008943462799","https:\/\/x.com\/bellunopress","https:\/\/www.linkedin.com\/hp\/?dnr=JBzUWaJfMUw8vbXJJ2tVW5-I3jZKvC4wsoxE&amp;amp;amp;amp;amp;amp;trk=nav_responsive_tab_home","https:\/\/www.youtube.com\/channel\/UCxL0wu1uN0_3_7hGG0306cw"]},{"@type":"Person","@id":"https:\/\/www.bellunopress.it\/#\/schema\/person\/79bb06722b37ece1c03d3e94beb30d73","name":"r\u00e9daction","image":{"@type":"ImageObject","inLanguage":"fr-FR","@id":"https:\/\/secure.gravatar.com\/avatar\/37d968a2e67a6fd04c169c4bdef102d0bc5d31b2546345219e348575eb80e9a0?s=96&d=mm&r=g","url":"https:\/\/secure.gravatar.com\/avatar\/37d968a2e67a6fd04c169c4bdef102d0bc5d31b2546345219e348575eb80e9a0?s=96&d=mm&r=g","contentUrl":"https:\/\/secure.gravatar.com\/avatar\/37d968a2e67a6fd04c169c4bdef102d0bc5d31b2546345219e348575eb80e9a0?s=96&d=mm&r=g","caption":"redazione"},"sameAs":["http:\/\/www.bellunopress.it","https:\/\/x.com\/bellunopress"],"url":"https:\/\/www.bellunopress.it\/fr\/author\/redazione\/"}]}},"_links":{"self":[{"href":"https:\/\/www.bellunopress.it\/fr\/wp-json\/wp\/v2\/posts\/33693","targetHints":{"allow":["GET"]}}],"collection":[{"href":"https:\/\/www.bellunopress.it\/fr\/wp-json\/wp\/v2\/posts"}],"about":[{"href":"https:\/\/www.bellunopress.it\/fr\/wp-json\/wp\/v2\/types\/post"}],"author":[{"embeddable":true,"href":"https:\/\/www.bellunopress.it\/fr\/wp-json\/wp\/v2\/users\/2"}],"replies":[{"embeddable":true,"href":"https:\/\/www.bellunopress.it\/fr\/wp-json\/wp\/v2\/comments?post=33693"}],"version-history":[{"count":1,"href":"https:\/\/www.bellunopress.it\/fr\/wp-json\/wp\/v2\/posts\/33693\/revisions"}],"predecessor-version":[{"id":33694,"href":"https:\/\/www.bellunopress.it\/fr\/wp-json\/wp\/v2\/posts\/33693\/revisions\/33694"}],"wp:attachment":[{"href":"https:\/\/www.bellunopress.it\/fr\/wp-json\/wp\/v2\/media?parent=33693"}],"wp:term":[{"taxonomy":"category","embeddable":true,"href":"https:\/\/www.bellunopress.it\/fr\/wp-json\/wp\/v2\/categories?post=33693"},{"taxonomy":"post_tag","embeddable":true,"href":"https:\/\/www.bellunopress.it\/fr\/wp-json\/wp\/v2\/tags?post=33693"}],"curies":[{"name":"wp","href":"https:\/\/api.w.org\/{rel}","templated":true}]}}