{"id":33688,"date":"2011-12-27T10:33:55","date_gmt":"2011-12-27T09:33:55","guid":{"rendered":"http:\/\/www.bellunopress.it\/?p=33688"},"modified":"2011-12-27T10:33:55","modified_gmt":"2011-12-27T09:33:55","slug":"una-montagna-di-libri-il-programma-degli-incontri-a-cortina-da-natale-allepifania","status":"publish","type":"post","link":"https:\/\/www.bellunopress.it\/fr\/2011\/12\/27\/una-montagna-di-libri-il-programma-degli-incontri-a-cortina-da-natale-allepifania\/","title":{"rendered":"Una montagna di libri. Il programma degli incontri a Cortina da Natale all&#8217;Epifania"},"content":{"rendered":"<p>\u00a0Cos\u2019hanno in comune Mariapia Veladiano ed Enrico Semprini, Federico Vecchio e Stefano Zurlo, Leonardo Boriani e Khaled Fouad Allam?<\/p>\n<p>Sono alcuni degli ospiti della V edizione di Una Montagna di Libri, la rassegna di incontri con l\u2019Autore di Cortina d\u2019Ampezzo, che torna al Palazzo delle Poste per tutta la durata delle vacanze natalizie, con quello che ormai \u00e8 diventato un appuntamento fisso dell\u2019inverno cortinese. Per regalare al pubblico di ospiti della Regina delle Dolomiti, ai residenti e agli affezionati della magica Cortina un programma ricchissimo di presentazioni e dibattiti. Fino al 7 gennaio.<\/p>\n<p>Si comincia marted\u00ec 27 dicembre, ore 18, con Mariapia Veladiano, autrice di \u201cLa vita accanto\u201d (Einaudi), Premio Cortina d\u2019Ampezzo 2011, in una conversazione con\u00a0 Vera Slepoj, psicoterapeuta e scrittrice, Presidente onorario della rassegna; mentre mercoled\u00ec 28 dicembre sar\u00e0 la volta del grande ginecologo Enrico Semprini, che presenter\u00e0 \u201cLa nuova gravidanza\u201d (Mondadori Electa), un vero e proprio manuale alla buona gestazione, firmato da uno dei maggiori esperti italiani delle tecniche riproduttive.<\/p>\n<p>Passato Capodanno, la rassegna prosegue luned\u00ec 2 gennaio con l\u2019esordiente Federico Vecchio, avvocato romano da sempre habitu\u00e9 di Cortina, autore del romanzo \u201cUn altare di sabbia in riva al mare\u201d (Mondadori). La mattina di marted\u00ec 3 gennaio, poi, \u201cUna Montagna di Libri\u201d si sposta nelle calde sale dell\u2019Hotel de la Poste, alle 11.30, per un commosso ricordo in musica del grande poeta veneto e italiano Andrea Zanzotto. Alla chitarra il Maestro Massimo Scattolin, tra i pi\u00f9 importanti musicisti\u00a0 e compositori per la chitarra contemporanei. Interviene Marisa Michieli, vedova di Zanzotto.<\/p>\n<p>Per tutti coloro che si sentono presi in giro dalla malagiustizia italiana, gioved\u00ec 5 gennaio la rassegna porta a Cortina \u201cPrepotenti e impuniti\u201d (Piemme), il nuovo best-seller di Stefano Zurlo: storie di ordinarie ingiustizie nell\u2019Italia dei processi infiniti durante i quali le lire fanno a tempo a diventare euro. Con l\u2019Autore il responsabile di Una Montagna di Libri, Francesco Chiamulera.<\/p>\n<p>La rassegna chiude in bellezza le feste natalizie sabato 7 gennaio, con un appuntamento d\u2019eccezione: \u201cL\u2019Islam spiegato ai leghisti\u201d (Piemme), l\u2019urticante lettera aperta al popolo in camicia verde firmata dall\u2019esperto del mondo islamico, gi\u00e0 deputato, Khaled Fouad Allam. A dibattere con Allam, per la prima volta in assoluto, sar\u00e0 proprio un leghista: stiamo parlando del direttore de \u201cLa Padania\u201d, Leonardo Boriani. Modera il dibattito Walter Mariotti, direttore di IL \u2013 Intelligence in Lifestyle. E saranno scintille.<\/p>\n<p>\u201cUna Montagna di Libri in ogni nuova edizione rafforza la sua posizione all\u2019interno dell\u2019offerta culturale ampezzana. Contribuendo a conferire al paese un nuovo respiro intellettuale e culturale\u201d, ha detto Andrea Franceschi, Sindaco di Cortina d\u2019Ampezzo.<\/p>\n<p>La manifestazione, ideata da Francesco Chiamulera e Vera Slepoj, che la organizzano con Alberto Sinigaglia, prosegue poi a febbraio, marzo e aprile, fino a Pasqua, con molti altri appuntamenti. Per accompagnare cortinesi e ospiti dal freddo dell\u2019inverno ampezzano alla primavera. Informazioni e programma completo: <a href=\"http:\/\/www.unamontagnadilibri.it\/\">www.unamontagnadilibri.it<\/a><\/p>\n<p>23 dicembre 2011<br \/>\nUna Montagna di Libri \u2013 Quinta Edizione ha luogo a Cortina d\u2019Ampezzo dal 10 dicembre 2011 al 9 aprile 2012. La maggior parte degli incontri si tiene presso lo storico Palazzo delle Poste, a un passo da Corso Italia, l\u2019arteria principale del paese. Alcuni appuntamenti sono inoltre organizzati presso il Cristallo Hotel Spa &amp; Golf e l\u2019Hotel de la Poste.\u00a0<\/p>\n<p>Ospiti della rassegna sono, tra gli altri, Andrea Molesini, Mariapia Veladiano, Khaled Fouad Allam, Aldo Cazzullo, Arrigo Petacco, Vera Slepoj, Giuseppe Zaccaria, Omar Monestier, Walter Mariotti, Stefano Zurlo, Leonardo Boriani, Fausto Arrighi, Enrico Semprini, Marisa Fumagalli, Vera Schiavazzi, Massimo Scattolin, Alberto Sinigaglia, Andrea Franceschi, Andrea Biavardi, Federico Vecchio, Francesco Chiamulera, Marisa Zanzotto.<\/p>\n<p>Ospiti delle precedenti edizioni della rassegna sono stati, tra gli altri, Kenneth Minogue, Andrea Vitali, Michela Murgia, Marcello Veneziani, Pietrangelo Buttafuoco, Marco Travaglio, Alberto Asor Rosa, Cesare De Michelis, Giovanni Sabbatucci, Francesco Pinto, Nino Aragno, Jas Gawronski, Marina Ripa di Meana, Carlo Ripa di Meana, Maurizio Molinari, Massimo Gramellini, Silvia Ronchey, Giuseppe Scaraffia, Antonello Caporale, Mario Cervi, Angelo Del Boca, Paolo Mereghetti, Rosa Matteucci, Antonia Arslan, Isabella Bossi Fedrigotti, Ferdinando Camon, Giacomo Marramao, Marina Valensise, Gian Arturo Ferrari, Sabino Acquaviva, Angiola Tremonti, Pino Aprile, Carlo Montanaro, Luca Barbareschi, Claudio Brachino, Mario Mele, Giuliano Pisani, Alberto Mingardi, Luigi Mascheroni, Barbara Benedettelli, Gianni Favero, Giampiero Beltotto, Giuliana Lucca, Maria Irma Mariotti, Clelia Tabacchi Sabella, Dino Tabacchi, Marco Dibona, Giovanna Martinolli, la Compagnia Ricerca Relativa, Gian Paolo Prandstraller, Ennio Rossignoli, Alberto Moscatelli, Daniele Gobbo, Filippo Rosace, Francesco Vidotto, Giulia Zatti, Giovanni Tirindelli, Alberto Candi, Loris Lancedelli, Carlo Paolazzi, Leone Rosato, Antonio Chiades, Ivo Rossi, Siobhan Nash-Marshall, Marino Zorzato, Carmine Donzelli, Giuseppe Ferrauto, Romolo Bugaro, Gennaro Sangiuliano, Vincenzo Galluzzo, Camillo Langone, Gianluca Amadori, Cinzia Ghedina, Michele Da Pozzo, Riccardo Franco Levi,\u00a0Federico Eichberg, Fabio C. Fioravanzi, Sandro Cappelletto, Ario Gervasutti, Luigi Bacialli, Emilio Randon, Gianluca Salvagno, Alessandro Zuin, Dario Fertilio, Francesco Durante, Sara D\u2019Ascenzo, Carlo Simoni, Elena Randi, Gina Zanon, Roberto Pappacena, Tommaso Grandi, Ricrdo Favero, Paolo Giacomel, Alessandra Cusinato, Olga Riva Piller, Ernesto Majoni.<br \/>\nLa manifestazione \u00e8 realizzata in convenzione con il Comune di Cortina d\u2019Ampezzo, gode del sostegno di Regione Veneto e Comune di Cortina e del patrocinio della Provincia di Belluno. Presidenti Onorari della rassegna sono Vera Slepoj e Alberto Sinigaglia. Responsabile \u00e8 Francesco Chiamulera.<br \/>\nMail\u00a0\u00a0\u00a0\u00a0 <a href=\"mailto:info@unamontagnadilibri.it\">info@unamontagnadilibri.it<\/a><br \/>\nWeb\u00a0\u00a0\u00a0\u00a0 <a href=\"http:\/\/www.unamontagnadilibri.it\/\">www.unamontagnadilibri.it<\/a><br \/>\nInfo\u00a0\u00a0\u00a0 Tel. 333.7170499<\/p>","protected":false},"excerpt":{"rendered":"<p>\u00a0Cos\u2019hanno in comune Mariapia Veladiano ed Enrico Semprini, Federico Vecchio e Stefano Zurlo, Leonardo Boriani e Khaled Fouad Allam? Sono alcuni degli ospiti della V edizione di Una Montagna di Libri, la rassegna di incontri con l\u2019Autore di Cortina d\u2019Ampezzo, che torna al Palazzo delle Poste per tutta la durata delle vacanze natalizie, con quello [&hellip;]<\/p>\n","protected":false},"author":2,"featured_media":0,"comment_status":"closed","ping_status":"open","sticky":false,"template":"","format":"standard","meta":{"footnotes":""},"categories":[27,25],"tags":[],"class_list":["post-33688","post","type-post","status-publish","format-standard","category-appuntamenti","category-pausa-caffe"],"yoast_head":"<!-- This site is optimized with the Yoast SEO plugin v28.4 - https:\/\/yoast.com\/product\/yoast-seo-wordpress\/ -->\n<title>Una montagna di libri. Il programma degli incontri a Cortina da Natale all&#039;Epifania - Bellunopress - Dolomiti<\/title>\n<meta name=\"robots\" content=\"index, follow, max-snippet:-1, max-image-preview:large, max-video-preview:-1\" \/>\n<link rel=\"canonical\" href=\"https:\/\/www.bellunopress.it\/fr\/2011\/12\/27\/una-montagna-di-libri-il-programma-degli-incontri-a-cortina-da-natale-allepifania\/\" \/>\n<meta property=\"og:locale\" content=\"fr_FR\" \/>\n<meta property=\"og:type\" content=\"article\" \/>\n<meta property=\"og:title\" content=\"Una montagna di libri. Il programma degli incontri a Cortina da Natale all&#039;Epifania - Bellunopress - Dolomiti\" \/>\n<meta property=\"og:description\" content=\"\u00a0Cos\u2019hanno in comune Mariapia Veladiano ed Enrico Semprini, Federico Vecchio e Stefano Zurlo, Leonardo Boriani e Khaled Fouad Allam? Sono alcuni degli ospiti della V edizione di Una Montagna di Libri, la rassegna di incontri con l\u2019Autore di Cortina d\u2019Ampezzo, che torna al Palazzo delle Poste per tutta la durata delle vacanze natalizie, con quello [&hellip;]\" \/>\n<meta property=\"og:url\" content=\"https:\/\/www.bellunopress.it\/fr\/2011\/12\/27\/una-montagna-di-libri-il-programma-degli-incontri-a-cortina-da-natale-allepifania\/\" \/>\n<meta property=\"og:site_name\" content=\"Bellunopress - Dolomiti\" \/>\n<meta property=\"article:publisher\" content=\"https:\/\/www.facebook.com\/profile.php?id=100008943462799\" \/>\n<meta property=\"article:published_time\" content=\"2011-12-27T09:33:55+00:00\" \/>\n<meta property=\"og:image\" content=\"http:\/\/www.bellunopress.it\/wp-content\/uploads\/2012\/07\/logo-bellunopress-250x250-2012.jpg\" \/>\n<meta name=\"author\" content=\"redazione\" \/>\n<meta name=\"twitter:card\" content=\"summary_large_image\" \/>\n<meta name=\"twitter:creator\" content=\"@bellunopress\" \/>\n<meta name=\"twitter:site\" content=\"@bellunopress\" \/>\n<meta name=\"twitter:label1\" content=\"Written by\" \/>\n\t<meta name=\"twitter:data1\" content=\"redazione\" \/>\n\t<meta name=\"twitter:label2\" content=\"Est. reading time\" \/>\n\t<meta name=\"twitter:data2\" content=\"4 minutes\" \/>\n<script type=\"application\/ld+json\" class=\"yoast-schema-graph\">{\"@context\":\"https:\\\/\\\/schema.org\",\"@graph\":[{\"@type\":\"Article\",\"@id\":\"https:\\\/\\\/www.bellunopress.it\\\/2011\\\/12\\\/27\\\/una-montagna-di-libri-il-programma-degli-incontri-a-cortina-da-natale-allepifania\\\/#article\",\"isPartOf\":{\"@id\":\"https:\\\/\\\/www.bellunopress.it\\\/2011\\\/12\\\/27\\\/una-montagna-di-libri-il-programma-degli-incontri-a-cortina-da-natale-allepifania\\\/\"},\"author\":{\"name\":\"redazione\",\"@id\":\"https:\\\/\\\/www.bellunopress.it\\\/#\\\/schema\\\/person\\\/79bb06722b37ece1c03d3e94beb30d73\"},\"headline\":\"Una montagna di libri. Il programma degli incontri a Cortina da Natale all&#8217;Epifania\",\"datePublished\":\"2011-12-27T09:33:55+00:00\",\"mainEntityOfPage\":{\"@id\":\"https:\\\/\\\/www.bellunopress.it\\\/2011\\\/12\\\/27\\\/una-montagna-di-libri-il-programma-degli-incontri-a-cortina-da-natale-allepifania\\\/\"},\"wordCount\":875,\"publisher\":{\"@id\":\"https:\\\/\\\/www.bellunopress.it\\\/#organization\"},\"articleSection\":[\"Appuntamenti, Eventi\",\"Pausa Caff\u00e8\"],\"inLanguage\":\"fr-FR\"},{\"@type\":\"WebPage\",\"@id\":\"https:\\\/\\\/www.bellunopress.it\\\/2011\\\/12\\\/27\\\/una-montagna-di-libri-il-programma-degli-incontri-a-cortina-da-natale-allepifania\\\/\",\"url\":\"https:\\\/\\\/www.bellunopress.it\\\/2011\\\/12\\\/27\\\/una-montagna-di-libri-il-programma-degli-incontri-a-cortina-da-natale-allepifania\\\/\",\"name\":\"Una montagna di libri. Il programma degli incontri a Cortina da Natale all'Epifania - Bellunopress - Dolomiti\",\"isPartOf\":{\"@id\":\"https:\\\/\\\/www.bellunopress.it\\\/#website\"},\"datePublished\":\"2011-12-27T09:33:55+00:00\",\"breadcrumb\":{\"@id\":\"https:\\\/\\\/www.bellunopress.it\\\/2011\\\/12\\\/27\\\/una-montagna-di-libri-il-programma-degli-incontri-a-cortina-da-natale-allepifania\\\/#breadcrumb\"},\"inLanguage\":\"fr-FR\",\"potentialAction\":[{\"@type\":\"ReadAction\",\"target\":[\"https:\\\/\\\/www.bellunopress.it\\\/2011\\\/12\\\/27\\\/una-montagna-di-libri-il-programma-degli-incontri-a-cortina-da-natale-allepifania\\\/\"]}]},{\"@type\":\"BreadcrumbList\",\"@id\":\"https:\\\/\\\/www.bellunopress.it\\\/2011\\\/12\\\/27\\\/una-montagna-di-libri-il-programma-degli-incontri-a-cortina-da-natale-allepifania\\\/#breadcrumb\",\"itemListElement\":[{\"@type\":\"ListItem\",\"position\":1,\"name\":\"Home\",\"item\":\"https:\\\/\\\/www.bellunopress.it\\\/\"},{\"@type\":\"ListItem\",\"position\":2,\"name\":\"Una montagna di libri. Il programma degli incontri a Cortina da Natale all&#8217;Epifania\"}]},{\"@type\":\"WebSite\",\"@id\":\"https:\\\/\\\/www.bellunopress.it\\\/#website\",\"url\":\"https:\\\/\\\/www.bellunopress.it\\\/\",\"name\":\"Bellunopress - Dolomiti\",\"description\":\"e-mail: redazione@bellunopress.it\",\"publisher\":{\"@id\":\"https:\\\/\\\/www.bellunopress.it\\\/#organization\"},\"potentialAction\":[{\"@type\":\"SearchAction\",\"target\":{\"@type\":\"EntryPoint\",\"urlTemplate\":\"https:\\\/\\\/www.bellunopress.it\\\/?s={search_term_string}\"},\"query-input\":{\"@type\":\"PropertyValueSpecification\",\"valueRequired\":true,\"valueName\":\"search_term_string\"}}],\"inLanguage\":\"fr-FR\"},{\"@type\":\"Organization\",\"@id\":\"https:\\\/\\\/www.bellunopress.it\\\/#organization\",\"name\":\"Bellunopress\",\"url\":\"https:\\\/\\\/www.bellunopress.it\\\/\",\"logo\":{\"@type\":\"ImageObject\",\"inLanguage\":\"fr-FR\",\"@id\":\"https:\\\/\\\/www.bellunopress.it\\\/#\\\/schema\\\/logo\\\/image\\\/\",\"url\":\"https:\\\/\\\/www.bellunopress.it\\\/wp-content\\\/uploads\\\/2011\\\/05\\\/cropped-logo-bellunopress-.jpg\",\"contentUrl\":\"https:\\\/\\\/www.bellunopress.it\\\/wp-content\\\/uploads\\\/2011\\\/05\\\/cropped-logo-bellunopress-.jpg\",\"width\":512,\"height\":512,\"caption\":\"Bellunopress\"},\"image\":{\"@id\":\"https:\\\/\\\/www.bellunopress.it\\\/#\\\/schema\\\/logo\\\/image\\\/\"},\"sameAs\":[\"https:\\\/\\\/www.facebook.com\\\/profile.php?id=100008943462799\",\"https:\\\/\\\/x.com\\\/bellunopress\",\"https:\\\/\\\/www.linkedin.com\\\/hp\\\/?dnr=JBzUWaJfMUw8vbXJJ2tVW5-I3jZKvC4wsoxE&amp;amp;amp;amp;amp;amp;trk=nav_responsive_tab_home\",\"https:\\\/\\\/www.youtube.com\\\/channel\\\/UCxL0wu1uN0_3_7hGG0306cw\"]},{\"@type\":\"Person\",\"@id\":\"https:\\\/\\\/www.bellunopress.it\\\/#\\\/schema\\\/person\\\/79bb06722b37ece1c03d3e94beb30d73\",\"name\":\"redazione\",\"image\":{\"@type\":\"ImageObject\",\"inLanguage\":\"fr-FR\",\"@id\":\"https:\\\/\\\/secure.gravatar.com\\\/avatar\\\/37d968a2e67a6fd04c169c4bdef102d0bc5d31b2546345219e348575eb80e9a0?s=96&d=mm&r=g\",\"url\":\"https:\\\/\\\/secure.gravatar.com\\\/avatar\\\/37d968a2e67a6fd04c169c4bdef102d0bc5d31b2546345219e348575eb80e9a0?s=96&d=mm&r=g\",\"contentUrl\":\"https:\\\/\\\/secure.gravatar.com\\\/avatar\\\/37d968a2e67a6fd04c169c4bdef102d0bc5d31b2546345219e348575eb80e9a0?s=96&d=mm&r=g\",\"caption\":\"redazione\"},\"sameAs\":[\"http:\\\/\\\/www.bellunopress.it\",\"https:\\\/\\\/x.com\\\/bellunopress\"],\"url\":\"https:\\\/\\\/www.bellunopress.it\\\/fr\\\/author\\\/redazione\\\/\"}]}<\/script>\n<!-- \/ Yoast SEO plugin. -->","yoast_head_json":{"title":"Una montagna di libri. Il programma degli incontri a Cortina da Natale all'Epifania - Bellunopress - Dolomiti","robots":{"index":"index","follow":"follow","max-snippet":"max-snippet:-1","max-image-preview":"max-image-preview:large","max-video-preview":"max-video-preview:-1"},"canonical":"https:\/\/www.bellunopress.it\/fr\/2011\/12\/27\/una-montagna-di-libri-il-programma-degli-incontri-a-cortina-da-natale-allepifania\/","og_locale":"fr_FR","og_type":"article","og_title":"Una montagna di libri. Il programma degli incontri a Cortina da Natale all'Epifania - Bellunopress - Dolomiti","og_description":"\u00a0Cos\u2019hanno in comune Mariapia Veladiano ed Enrico Semprini, Federico Vecchio e Stefano Zurlo, Leonardo Boriani e Khaled Fouad Allam? Sono alcuni degli ospiti della V edizione di Una Montagna di Libri, la rassegna di incontri con l\u2019Autore di Cortina d\u2019Ampezzo, che torna al Palazzo delle Poste per tutta la durata delle vacanze natalizie, con quello [&hellip;]","og_url":"https:\/\/www.bellunopress.it\/fr\/2011\/12\/27\/una-montagna-di-libri-il-programma-degli-incontri-a-cortina-da-natale-allepifania\/","og_site_name":"Bellunopress - Dolomiti","article_publisher":"https:\/\/www.facebook.com\/profile.php?id=100008943462799","article_published_time":"2011-12-27T09:33:55+00:00","og_image":[{"url":"http:\/\/www.bellunopress.it\/wp-content\/uploads\/2012\/07\/logo-bellunopress-250x250-2012.jpg","type":"","width":"","height":""}],"author":"redazione","twitter_card":"summary_large_image","twitter_creator":"@bellunopress","twitter_site":"@bellunopress","twitter_misc":{"Written by":"redazione","Est. reading time":"4 minutes"},"schema":{"@context":"https:\/\/schema.org","@graph":[{"@type":"Article","@id":"https:\/\/www.bellunopress.it\/2011\/12\/27\/una-montagna-di-libri-il-programma-degli-incontri-a-cortina-da-natale-allepifania\/#article","isPartOf":{"@id":"https:\/\/www.bellunopress.it\/2011\/12\/27\/una-montagna-di-libri-il-programma-degli-incontri-a-cortina-da-natale-allepifania\/"},"author":{"name":"redazione","@id":"https:\/\/www.bellunopress.it\/#\/schema\/person\/79bb06722b37ece1c03d3e94beb30d73"},"headline":"Una montagna di libri. Il programma degli incontri a Cortina da Natale all&#8217;Epifania","datePublished":"2011-12-27T09:33:55+00:00","mainEntityOfPage":{"@id":"https:\/\/www.bellunopress.it\/2011\/12\/27\/una-montagna-di-libri-il-programma-degli-incontri-a-cortina-da-natale-allepifania\/"},"wordCount":875,"publisher":{"@id":"https:\/\/www.bellunopress.it\/#organization"},"articleSection":["Appuntamenti, Eventi","Pausa Caff\u00e8"],"inLanguage":"fr-FR"},{"@type":"WebPage","@id":"https:\/\/www.bellunopress.it\/2011\/12\/27\/una-montagna-di-libri-il-programma-degli-incontri-a-cortina-da-natale-allepifania\/","url":"https:\/\/www.bellunopress.it\/2011\/12\/27\/una-montagna-di-libri-il-programma-degli-incontri-a-cortina-da-natale-allepifania\/","name":"Una montagna di libri. Il programma degli incontri a Cortina da Natale all'Epifania - Bellunopress - Dolomiti","isPartOf":{"@id":"https:\/\/www.bellunopress.it\/#website"},"datePublished":"2011-12-27T09:33:55+00:00","breadcrumb":{"@id":"https:\/\/www.bellunopress.it\/2011\/12\/27\/una-montagna-di-libri-il-programma-degli-incontri-a-cortina-da-natale-allepifania\/#breadcrumb"},"inLanguage":"fr-FR","potentialAction":[{"@type":"ReadAction","target":["https:\/\/www.bellunopress.it\/2011\/12\/27\/una-montagna-di-libri-il-programma-degli-incontri-a-cortina-da-natale-allepifania\/"]}]},{"@type":"BreadcrumbList","@id":"https:\/\/www.bellunopress.it\/2011\/12\/27\/una-montagna-di-libri-il-programma-degli-incontri-a-cortina-da-natale-allepifania\/#breadcrumb","itemListElement":[{"@type":"ListItem","position":1,"name":"Home","item":"https:\/\/www.bellunopress.it\/"},{"@type":"ListItem","position":2,"name":"Una montagna di libri. Il programma degli incontri a Cortina da Natale all&#8217;Epifania"}]},{"@type":"WebSite","@id":"https:\/\/www.bellunopress.it\/#website","url":"https:\/\/www.bellunopress.it\/","name":"Bellunopress - Dolomiti","description":"e-mail: redazione@bellunopress.it","publisher":{"@id":"https:\/\/www.bellunopress.it\/#organization"},"potentialAction":[{"@type":"SearchAction","target":{"@type":"EntryPoint","urlTemplate":"https:\/\/www.bellunopress.it\/?s={search_term_string}"},"query-input":{"@type":"PropertyValueSpecification","valueRequired":true,"valueName":"search_term_string"}}],"inLanguage":"fr-FR"},{"@type":"Organization","@id":"https:\/\/www.bellunopress.it\/#organization","name":"Bellunopress","url":"https:\/\/www.bellunopress.it\/","logo":{"@type":"ImageObject","inLanguage":"fr-FR","@id":"https:\/\/www.bellunopress.it\/#\/schema\/logo\/image\/","url":"https:\/\/www.bellunopress.it\/wp-content\/uploads\/2011\/05\/cropped-logo-bellunopress-.jpg","contentUrl":"https:\/\/www.bellunopress.it\/wp-content\/uploads\/2011\/05\/cropped-logo-bellunopress-.jpg","width":512,"height":512,"caption":"Bellunopress"},"image":{"@id":"https:\/\/www.bellunopress.it\/#\/schema\/logo\/image\/"},"sameAs":["https:\/\/www.facebook.com\/profile.php?id=100008943462799","https:\/\/x.com\/bellunopress","https:\/\/www.linkedin.com\/hp\/?dnr=JBzUWaJfMUw8vbXJJ2tVW5-I3jZKvC4wsoxE&amp;amp;amp;amp;amp;amp;trk=nav_responsive_tab_home","https:\/\/www.youtube.com\/channel\/UCxL0wu1uN0_3_7hGG0306cw"]},{"@type":"Person","@id":"https:\/\/www.bellunopress.it\/#\/schema\/person\/79bb06722b37ece1c03d3e94beb30d73","name":"r\u00e9daction","image":{"@type":"ImageObject","inLanguage":"fr-FR","@id":"https:\/\/secure.gravatar.com\/avatar\/37d968a2e67a6fd04c169c4bdef102d0bc5d31b2546345219e348575eb80e9a0?s=96&d=mm&r=g","url":"https:\/\/secure.gravatar.com\/avatar\/37d968a2e67a6fd04c169c4bdef102d0bc5d31b2546345219e348575eb80e9a0?s=96&d=mm&r=g","contentUrl":"https:\/\/secure.gravatar.com\/avatar\/37d968a2e67a6fd04c169c4bdef102d0bc5d31b2546345219e348575eb80e9a0?s=96&d=mm&r=g","caption":"redazione"},"sameAs":["http:\/\/www.bellunopress.it","https:\/\/x.com\/bellunopress"],"url":"https:\/\/www.bellunopress.it\/fr\/author\/redazione\/"}]}},"_links":{"self":[{"href":"https:\/\/www.bellunopress.it\/fr\/wp-json\/wp\/v2\/posts\/33688","targetHints":{"allow":["GET"]}}],"collection":[{"href":"https:\/\/www.bellunopress.it\/fr\/wp-json\/wp\/v2\/posts"}],"about":[{"href":"https:\/\/www.bellunopress.it\/fr\/wp-json\/wp\/v2\/types\/post"}],"author":[{"embeddable":true,"href":"https:\/\/www.bellunopress.it\/fr\/wp-json\/wp\/v2\/users\/2"}],"replies":[{"embeddable":true,"href":"https:\/\/www.bellunopress.it\/fr\/wp-json\/wp\/v2\/comments?post=33688"}],"version-history":[{"count":1,"href":"https:\/\/www.bellunopress.it\/fr\/wp-json\/wp\/v2\/posts\/33688\/revisions"}],"predecessor-version":[{"id":33689,"href":"https:\/\/www.bellunopress.it\/fr\/wp-json\/wp\/v2\/posts\/33688\/revisions\/33689"}],"wp:attachment":[{"href":"https:\/\/www.bellunopress.it\/fr\/wp-json\/wp\/v2\/media?parent=33688"}],"wp:term":[{"taxonomy":"category","embeddable":true,"href":"https:\/\/www.bellunopress.it\/fr\/wp-json\/wp\/v2\/categories?post=33688"},{"taxonomy":"post_tag","embeddable":true,"href":"https:\/\/www.bellunopress.it\/fr\/wp-json\/wp\/v2\/tags?post=33688"}],"curies":[{"name":"wp","href":"https:\/\/api.w.org\/{rel}","templated":true}]}}