{"id":33686,"date":"2011-12-27T10:29:47","date_gmt":"2011-12-27T09:29:47","guid":{"rendered":"http:\/\/www.bellunopress.it\/?p=33686"},"modified":"2011-12-27T10:29:47","modified_gmt":"2011-12-27T09:29:47","slug":"mercoledi-ore-18-al-palazzo-delle-poste-di-cortina-il-ginecologo-enrico-semprini-presenta-la-nuova-gravidanza","status":"publish","type":"post","link":"https:\/\/www.bellunopress.it\/fr\/2011\/12\/27\/mercoledi-ore-18-al-palazzo-delle-poste-di-cortina-il-ginecologo-enrico-semprini-presenta-la-nuova-gravidanza\/","title":{"rendered":"Mercoled\u00ec ore 18 al Palazzo delle Poste di Cortina: il ginecologo Enrico Semprini presenta &#8220;la nuova gravidanza&#8221;"},"content":{"rendered":"<p>Che cosa vuol dire avere un figlio oggi? Quando concepire? Quali esami fare? A chi affidarsi? Mercoled\u00ec 28 dicembre 2011 Una Montagna di Libri, la rassegna di incontri con l\u2019Autore di Cortina d\u2019Ampezzo, dedica l\u2019ultimo incontro dell\u2019anno a tutte le madri e le future madri. Sar\u00e0 infatti Enrico Semprini, uno dei maggiori ginecologi e pioniere delle tecniche riproduttive, autore di \u201cLa nuova gravidanza\u201d (Mondadori Electa), l\u2019ospite della rassegna. Appuntamento alle ore 18, come sempre alla Sala Cultura del Palazzo delle Poste di Cortina. Enrico Semprini, uno fra i pi\u00f9 autorevoli specialisti italiani in Ginecologia, Ostetricia e Immunologia riproduttiva, \u00e8 ricercatore all\u2019Universit\u00e0 di Milano e all\u2019University College di Londra. L\u2019Autore presenter\u00e0 il libro con Vera Schiavazzi, giornalista di La Repubblica. Il libro. Oggi in Italia sei donne su dieci partoriscono il primo figlio dopo i trent\u2019anni. La gravidanza biologica non \u00e8 cambiata di una virgola negli ultimi due milioni di anni, ma sono cambiate le donne, che oggi sono sempre pi\u00f9 libere di scegliere la maternit\u00e0 con serenit\u00e0 e consapevolezza, anche in et\u00e0 avanzata. Un ampio bagaglio di informazioni e consigli accompagna la mamma nel viaggio dell\u2019attesa, offrendo preziosi strumenti critici per una nuova visione della gravidanza. Un manuale su come avere un figlio oggi, quando concepire, quali esami fare, come e quando partorire. Un viaggio alla scoperta di un nuovo modo di affrontare la gravidanza, al passo con i cambiamenti sociali e culturali della donna. Appuntamento quindi mercoled\u00ec alle ore 18.00, come sempre nel calore della Sala Cultura del Palazzo delle Poste di Cortina d\u2019Ampezzo. A un passo da Corso Italia. Al termine dell\u2019incontro, brindisi con Battistella, il Prosecco\u00ae, e i Bibanesi\u00ae. Ingresso libero. \u00b7 Save the date. E\u2019 tutto pronto, intanto, per i prossimi appuntamenti di Una Montagna di Libri. Luned\u00ec 2 gennaio 2012, sempre al Palazzo delle Poste, Federico Vecchio presenta il suo nuovo romanzo, \u201cUn altare di sabbia in riva al mare\u201d (Mondadori).<\/p>","protected":false},"excerpt":{"rendered":"<p>Che cosa vuol dire avere un figlio oggi? Quando concepire? Quali esami fare? A chi affidarsi? Mercoled\u00ec 28 dicembre 2011 Una Montagna di Libri, la rassegna di incontri con l\u2019Autore di Cortina d\u2019Ampezzo, dedica l\u2019ultimo incontro dell\u2019anno a tutte le madri e le future madri. Sar\u00e0 infatti Enrico Semprini, uno dei maggiori ginecologi e pioniere [&hellip;]<\/p>\n","protected":false},"author":2,"featured_media":0,"comment_status":"closed","ping_status":"open","sticky":false,"template":"","format":"standard","meta":{"footnotes":""},"categories":[27,25],"tags":[],"class_list":["post-33686","post","type-post","status-publish","format-standard","category-appuntamenti","category-pausa-caffe"],"yoast_head":"<!-- This site is optimized with the Yoast SEO plugin v28.4 - https:\/\/yoast.com\/product\/yoast-seo-wordpress\/ -->\n<title>Mercoled\u00ec ore 18 al Palazzo delle Poste di Cortina: il ginecologo Enrico Semprini presenta &quot;la nuova gravidanza&quot;  - Bellunopress - Dolomiti<\/title>\n<meta name=\"robots\" content=\"index, follow, max-snippet:-1, max-image-preview:large, max-video-preview:-1\" \/>\n<link rel=\"canonical\" href=\"https:\/\/www.bellunopress.it\/fr\/2011\/12\/27\/mercoledi-ore-18-al-palazzo-delle-poste-di-cortina-il-ginecologo-enrico-semprini-presenta-la-nuova-gravidanza\/\" \/>\n<meta property=\"og:locale\" content=\"fr_FR\" \/>\n<meta property=\"og:type\" content=\"article\" \/>\n<meta property=\"og:title\" content=\"Mercoled\u00ec ore 18 al Palazzo delle Poste di Cortina: il ginecologo Enrico Semprini presenta &quot;la nuova gravidanza&quot;  - Bellunopress - Dolomiti\" \/>\n<meta property=\"og:description\" content=\"Che cosa vuol dire avere un figlio oggi? Quando concepire? Quali esami fare? A chi affidarsi? Mercoled\u00ec 28 dicembre 2011 Una Montagna di Libri, la rassegna di incontri con l\u2019Autore di Cortina d\u2019Ampezzo, dedica l\u2019ultimo incontro dell\u2019anno a tutte le madri e le future madri. Sar\u00e0 infatti Enrico Semprini, uno dei maggiori ginecologi e pioniere [&hellip;]\" \/>\n<meta property=\"og:url\" content=\"https:\/\/www.bellunopress.it\/fr\/2011\/12\/27\/mercoledi-ore-18-al-palazzo-delle-poste-di-cortina-il-ginecologo-enrico-semprini-presenta-la-nuova-gravidanza\/\" \/>\n<meta property=\"og:site_name\" content=\"Bellunopress - Dolomiti\" \/>\n<meta property=\"article:publisher\" content=\"https:\/\/www.facebook.com\/profile.php?id=100008943462799\" \/>\n<meta property=\"article:published_time\" content=\"2011-12-27T09:29:47+00:00\" \/>\n<meta property=\"og:image\" content=\"http:\/\/www.bellunopress.it\/wp-content\/uploads\/2012\/07\/logo-bellunopress-250x250-2012.jpg\" \/>\n<meta name=\"author\" content=\"redazione\" \/>\n<meta name=\"twitter:card\" content=\"summary_large_image\" \/>\n<meta name=\"twitter:creator\" content=\"@bellunopress\" \/>\n<meta name=\"twitter:site\" content=\"@bellunopress\" \/>\n<meta name=\"twitter:label1\" content=\"Written by\" \/>\n\t<meta name=\"twitter:data1\" content=\"redazione\" \/>\n\t<meta name=\"twitter:label2\" content=\"Est. reading time\" \/>\n\t<meta name=\"twitter:data2\" content=\"2 minutes\" \/>\n<script type=\"application\/ld+json\" class=\"yoast-schema-graph\">{\"@context\":\"https:\\\/\\\/schema.org\",\"@graph\":[{\"@type\":\"Article\",\"@id\":\"https:\\\/\\\/www.bellunopress.it\\\/2011\\\/12\\\/27\\\/mercoledi-ore-18-al-palazzo-delle-poste-di-cortina-il-ginecologo-enrico-semprini-presenta-la-nuova-gravidanza\\\/#article\",\"isPartOf\":{\"@id\":\"https:\\\/\\\/www.bellunopress.it\\\/2011\\\/12\\\/27\\\/mercoledi-ore-18-al-palazzo-delle-poste-di-cortina-il-ginecologo-enrico-semprini-presenta-la-nuova-gravidanza\\\/\"},\"author\":{\"name\":\"redazione\",\"@id\":\"https:\\\/\\\/www.bellunopress.it\\\/#\\\/schema\\\/person\\\/79bb06722b37ece1c03d3e94beb30d73\"},\"headline\":\"Mercoled\u00ec ore 18 al Palazzo delle Poste di Cortina: il ginecologo Enrico Semprini presenta &#8220;la nuova gravidanza&#8221;\",\"datePublished\":\"2011-12-27T09:29:47+00:00\",\"mainEntityOfPage\":{\"@id\":\"https:\\\/\\\/www.bellunopress.it\\\/2011\\\/12\\\/27\\\/mercoledi-ore-18-al-palazzo-delle-poste-di-cortina-il-ginecologo-enrico-semprini-presenta-la-nuova-gravidanza\\\/\"},\"wordCount\":335,\"publisher\":{\"@id\":\"https:\\\/\\\/www.bellunopress.it\\\/#organization\"},\"articleSection\":[\"Appuntamenti, Eventi\",\"Pausa Caff\u00e8\"],\"inLanguage\":\"fr-FR\"},{\"@type\":\"WebPage\",\"@id\":\"https:\\\/\\\/www.bellunopress.it\\\/2011\\\/12\\\/27\\\/mercoledi-ore-18-al-palazzo-delle-poste-di-cortina-il-ginecologo-enrico-semprini-presenta-la-nuova-gravidanza\\\/\",\"url\":\"https:\\\/\\\/www.bellunopress.it\\\/2011\\\/12\\\/27\\\/mercoledi-ore-18-al-palazzo-delle-poste-di-cortina-il-ginecologo-enrico-semprini-presenta-la-nuova-gravidanza\\\/\",\"name\":\"Mercoled\u00ec ore 18 al Palazzo delle Poste di Cortina: il ginecologo Enrico Semprini presenta \\\"la nuova gravidanza\\\" - Bellunopress - Dolomiti\",\"isPartOf\":{\"@id\":\"https:\\\/\\\/www.bellunopress.it\\\/#website\"},\"datePublished\":\"2011-12-27T09:29:47+00:00\",\"breadcrumb\":{\"@id\":\"https:\\\/\\\/www.bellunopress.it\\\/2011\\\/12\\\/27\\\/mercoledi-ore-18-al-palazzo-delle-poste-di-cortina-il-ginecologo-enrico-semprini-presenta-la-nuova-gravidanza\\\/#breadcrumb\"},\"inLanguage\":\"fr-FR\",\"potentialAction\":[{\"@type\":\"ReadAction\",\"target\":[\"https:\\\/\\\/www.bellunopress.it\\\/2011\\\/12\\\/27\\\/mercoledi-ore-18-al-palazzo-delle-poste-di-cortina-il-ginecologo-enrico-semprini-presenta-la-nuova-gravidanza\\\/\"]}]},{\"@type\":\"BreadcrumbList\",\"@id\":\"https:\\\/\\\/www.bellunopress.it\\\/2011\\\/12\\\/27\\\/mercoledi-ore-18-al-palazzo-delle-poste-di-cortina-il-ginecologo-enrico-semprini-presenta-la-nuova-gravidanza\\\/#breadcrumb\",\"itemListElement\":[{\"@type\":\"ListItem\",\"position\":1,\"name\":\"Home\",\"item\":\"https:\\\/\\\/www.bellunopress.it\\\/\"},{\"@type\":\"ListItem\",\"position\":2,\"name\":\"Mercoled\u00ec ore 18 al Palazzo delle Poste di Cortina: il ginecologo Enrico Semprini presenta &#8220;la nuova gravidanza&#8221;\"}]},{\"@type\":\"WebSite\",\"@id\":\"https:\\\/\\\/www.bellunopress.it\\\/#website\",\"url\":\"https:\\\/\\\/www.bellunopress.it\\\/\",\"name\":\"Bellunopress - Dolomiti\",\"description\":\"e-mail: redazione@bellunopress.it\",\"publisher\":{\"@id\":\"https:\\\/\\\/www.bellunopress.it\\\/#organization\"},\"potentialAction\":[{\"@type\":\"SearchAction\",\"target\":{\"@type\":\"EntryPoint\",\"urlTemplate\":\"https:\\\/\\\/www.bellunopress.it\\\/?s={search_term_string}\"},\"query-input\":{\"@type\":\"PropertyValueSpecification\",\"valueRequired\":true,\"valueName\":\"search_term_string\"}}],\"inLanguage\":\"fr-FR\"},{\"@type\":\"Organization\",\"@id\":\"https:\\\/\\\/www.bellunopress.it\\\/#organization\",\"name\":\"Bellunopress\",\"url\":\"https:\\\/\\\/www.bellunopress.it\\\/\",\"logo\":{\"@type\":\"ImageObject\",\"inLanguage\":\"fr-FR\",\"@id\":\"https:\\\/\\\/www.bellunopress.it\\\/#\\\/schema\\\/logo\\\/image\\\/\",\"url\":\"https:\\\/\\\/www.bellunopress.it\\\/wp-content\\\/uploads\\\/2011\\\/05\\\/cropped-logo-bellunopress-.jpg\",\"contentUrl\":\"https:\\\/\\\/www.bellunopress.it\\\/wp-content\\\/uploads\\\/2011\\\/05\\\/cropped-logo-bellunopress-.jpg\",\"width\":512,\"height\":512,\"caption\":\"Bellunopress\"},\"image\":{\"@id\":\"https:\\\/\\\/www.bellunopress.it\\\/#\\\/schema\\\/logo\\\/image\\\/\"},\"sameAs\":[\"https:\\\/\\\/www.facebook.com\\\/profile.php?id=100008943462799\",\"https:\\\/\\\/x.com\\\/bellunopress\",\"https:\\\/\\\/www.linkedin.com\\\/hp\\\/?dnr=JBzUWaJfMUw8vbXJJ2tVW5-I3jZKvC4wsoxE&amp;amp;amp;amp;amp;amp;trk=nav_responsive_tab_home\",\"https:\\\/\\\/www.youtube.com\\\/channel\\\/UCxL0wu1uN0_3_7hGG0306cw\"]},{\"@type\":\"Person\",\"@id\":\"https:\\\/\\\/www.bellunopress.it\\\/#\\\/schema\\\/person\\\/79bb06722b37ece1c03d3e94beb30d73\",\"name\":\"redazione\",\"image\":{\"@type\":\"ImageObject\",\"inLanguage\":\"fr-FR\",\"@id\":\"https:\\\/\\\/secure.gravatar.com\\\/avatar\\\/37d968a2e67a6fd04c169c4bdef102d0bc5d31b2546345219e348575eb80e9a0?s=96&d=mm&r=g\",\"url\":\"https:\\\/\\\/secure.gravatar.com\\\/avatar\\\/37d968a2e67a6fd04c169c4bdef102d0bc5d31b2546345219e348575eb80e9a0?s=96&d=mm&r=g\",\"contentUrl\":\"https:\\\/\\\/secure.gravatar.com\\\/avatar\\\/37d968a2e67a6fd04c169c4bdef102d0bc5d31b2546345219e348575eb80e9a0?s=96&d=mm&r=g\",\"caption\":\"redazione\"},\"sameAs\":[\"http:\\\/\\\/www.bellunopress.it\",\"https:\\\/\\\/x.com\\\/bellunopress\"],\"url\":\"https:\\\/\\\/www.bellunopress.it\\\/fr\\\/author\\\/redazione\\\/\"}]}<\/script>\n<!-- \/ Yoast SEO plugin. -->","yoast_head_json":{"title":"Mercoled\u00ec ore 18 al Palazzo delle Poste di Cortina: il ginecologo Enrico Semprini presenta \"la nuova gravidanza\"  - Bellunopress - Dolomiti","robots":{"index":"index","follow":"follow","max-snippet":"max-snippet:-1","max-image-preview":"max-image-preview:large","max-video-preview":"max-video-preview:-1"},"canonical":"https:\/\/www.bellunopress.it\/fr\/2011\/12\/27\/mercoledi-ore-18-al-palazzo-delle-poste-di-cortina-il-ginecologo-enrico-semprini-presenta-la-nuova-gravidanza\/","og_locale":"fr_FR","og_type":"article","og_title":"Mercoled\u00ec ore 18 al Palazzo delle Poste di Cortina: il ginecologo Enrico Semprini presenta \"la nuova gravidanza\"  - Bellunopress - Dolomiti","og_description":"Che cosa vuol dire avere un figlio oggi? Quando concepire? Quali esami fare? A chi affidarsi? Mercoled\u00ec 28 dicembre 2011 Una Montagna di Libri, la rassegna di incontri con l\u2019Autore di Cortina d\u2019Ampezzo, dedica l\u2019ultimo incontro dell\u2019anno a tutte le madri e le future madri. Sar\u00e0 infatti Enrico Semprini, uno dei maggiori ginecologi e pioniere [&hellip;]","og_url":"https:\/\/www.bellunopress.it\/fr\/2011\/12\/27\/mercoledi-ore-18-al-palazzo-delle-poste-di-cortina-il-ginecologo-enrico-semprini-presenta-la-nuova-gravidanza\/","og_site_name":"Bellunopress - Dolomiti","article_publisher":"https:\/\/www.facebook.com\/profile.php?id=100008943462799","article_published_time":"2011-12-27T09:29:47+00:00","og_image":[{"url":"http:\/\/www.bellunopress.it\/wp-content\/uploads\/2012\/07\/logo-bellunopress-250x250-2012.jpg","type":"","width":"","height":""}],"author":"redazione","twitter_card":"summary_large_image","twitter_creator":"@bellunopress","twitter_site":"@bellunopress","twitter_misc":{"Written by":"redazione","Est. reading time":"2 minutes"},"schema":{"@context":"https:\/\/schema.org","@graph":[{"@type":"Article","@id":"https:\/\/www.bellunopress.it\/2011\/12\/27\/mercoledi-ore-18-al-palazzo-delle-poste-di-cortina-il-ginecologo-enrico-semprini-presenta-la-nuova-gravidanza\/#article","isPartOf":{"@id":"https:\/\/www.bellunopress.it\/2011\/12\/27\/mercoledi-ore-18-al-palazzo-delle-poste-di-cortina-il-ginecologo-enrico-semprini-presenta-la-nuova-gravidanza\/"},"author":{"name":"redazione","@id":"https:\/\/www.bellunopress.it\/#\/schema\/person\/79bb06722b37ece1c03d3e94beb30d73"},"headline":"Mercoled\u00ec ore 18 al Palazzo delle Poste di Cortina: il ginecologo Enrico Semprini presenta &#8220;la nuova gravidanza&#8221;","datePublished":"2011-12-27T09:29:47+00:00","mainEntityOfPage":{"@id":"https:\/\/www.bellunopress.it\/2011\/12\/27\/mercoledi-ore-18-al-palazzo-delle-poste-di-cortina-il-ginecologo-enrico-semprini-presenta-la-nuova-gravidanza\/"},"wordCount":335,"publisher":{"@id":"https:\/\/www.bellunopress.it\/#organization"},"articleSection":["Appuntamenti, Eventi","Pausa Caff\u00e8"],"inLanguage":"fr-FR"},{"@type":"WebPage","@id":"https:\/\/www.bellunopress.it\/2011\/12\/27\/mercoledi-ore-18-al-palazzo-delle-poste-di-cortina-il-ginecologo-enrico-semprini-presenta-la-nuova-gravidanza\/","url":"https:\/\/www.bellunopress.it\/2011\/12\/27\/mercoledi-ore-18-al-palazzo-delle-poste-di-cortina-il-ginecologo-enrico-semprini-presenta-la-nuova-gravidanza\/","name":"Mercoled\u00ec ore 18 al Palazzo delle Poste di Cortina: il ginecologo Enrico Semprini presenta \"la nuova gravidanza\" - Bellunopress - Dolomiti","isPartOf":{"@id":"https:\/\/www.bellunopress.it\/#website"},"datePublished":"2011-12-27T09:29:47+00:00","breadcrumb":{"@id":"https:\/\/www.bellunopress.it\/2011\/12\/27\/mercoledi-ore-18-al-palazzo-delle-poste-di-cortina-il-ginecologo-enrico-semprini-presenta-la-nuova-gravidanza\/#breadcrumb"},"inLanguage":"fr-FR","potentialAction":[{"@type":"ReadAction","target":["https:\/\/www.bellunopress.it\/2011\/12\/27\/mercoledi-ore-18-al-palazzo-delle-poste-di-cortina-il-ginecologo-enrico-semprini-presenta-la-nuova-gravidanza\/"]}]},{"@type":"BreadcrumbList","@id":"https:\/\/www.bellunopress.it\/2011\/12\/27\/mercoledi-ore-18-al-palazzo-delle-poste-di-cortina-il-ginecologo-enrico-semprini-presenta-la-nuova-gravidanza\/#breadcrumb","itemListElement":[{"@type":"ListItem","position":1,"name":"Home","item":"https:\/\/www.bellunopress.it\/"},{"@type":"ListItem","position":2,"name":"Mercoled\u00ec ore 18 al Palazzo delle Poste di Cortina: il ginecologo Enrico Semprini presenta &#8220;la nuova gravidanza&#8221;"}]},{"@type":"WebSite","@id":"https:\/\/www.bellunopress.it\/#website","url":"https:\/\/www.bellunopress.it\/","name":"Bellunopress - Dolomiti","description":"e-mail: redazione@bellunopress.it","publisher":{"@id":"https:\/\/www.bellunopress.it\/#organization"},"potentialAction":[{"@type":"SearchAction","target":{"@type":"EntryPoint","urlTemplate":"https:\/\/www.bellunopress.it\/?s={search_term_string}"},"query-input":{"@type":"PropertyValueSpecification","valueRequired":true,"valueName":"search_term_string"}}],"inLanguage":"fr-FR"},{"@type":"Organization","@id":"https:\/\/www.bellunopress.it\/#organization","name":"Bellunopress","url":"https:\/\/www.bellunopress.it\/","logo":{"@type":"ImageObject","inLanguage":"fr-FR","@id":"https:\/\/www.bellunopress.it\/#\/schema\/logo\/image\/","url":"https:\/\/www.bellunopress.it\/wp-content\/uploads\/2011\/05\/cropped-logo-bellunopress-.jpg","contentUrl":"https:\/\/www.bellunopress.it\/wp-content\/uploads\/2011\/05\/cropped-logo-bellunopress-.jpg","width":512,"height":512,"caption":"Bellunopress"},"image":{"@id":"https:\/\/www.bellunopress.it\/#\/schema\/logo\/image\/"},"sameAs":["https:\/\/www.facebook.com\/profile.php?id=100008943462799","https:\/\/x.com\/bellunopress","https:\/\/www.linkedin.com\/hp\/?dnr=JBzUWaJfMUw8vbXJJ2tVW5-I3jZKvC4wsoxE&amp;amp;amp;amp;amp;amp;trk=nav_responsive_tab_home","https:\/\/www.youtube.com\/channel\/UCxL0wu1uN0_3_7hGG0306cw"]},{"@type":"Person","@id":"https:\/\/www.bellunopress.it\/#\/schema\/person\/79bb06722b37ece1c03d3e94beb30d73","name":"r\u00e9daction","image":{"@type":"ImageObject","inLanguage":"fr-FR","@id":"https:\/\/secure.gravatar.com\/avatar\/37d968a2e67a6fd04c169c4bdef102d0bc5d31b2546345219e348575eb80e9a0?s=96&d=mm&r=g","url":"https:\/\/secure.gravatar.com\/avatar\/37d968a2e67a6fd04c169c4bdef102d0bc5d31b2546345219e348575eb80e9a0?s=96&d=mm&r=g","contentUrl":"https:\/\/secure.gravatar.com\/avatar\/37d968a2e67a6fd04c169c4bdef102d0bc5d31b2546345219e348575eb80e9a0?s=96&d=mm&r=g","caption":"redazione"},"sameAs":["http:\/\/www.bellunopress.it","https:\/\/x.com\/bellunopress"],"url":"https:\/\/www.bellunopress.it\/fr\/author\/redazione\/"}]}},"_links":{"self":[{"href":"https:\/\/www.bellunopress.it\/fr\/wp-json\/wp\/v2\/posts\/33686","targetHints":{"allow":["GET"]}}],"collection":[{"href":"https:\/\/www.bellunopress.it\/fr\/wp-json\/wp\/v2\/posts"}],"about":[{"href":"https:\/\/www.bellunopress.it\/fr\/wp-json\/wp\/v2\/types\/post"}],"author":[{"embeddable":true,"href":"https:\/\/www.bellunopress.it\/fr\/wp-json\/wp\/v2\/users\/2"}],"replies":[{"embeddable":true,"href":"https:\/\/www.bellunopress.it\/fr\/wp-json\/wp\/v2\/comments?post=33686"}],"version-history":[{"count":1,"href":"https:\/\/www.bellunopress.it\/fr\/wp-json\/wp\/v2\/posts\/33686\/revisions"}],"predecessor-version":[{"id":33687,"href":"https:\/\/www.bellunopress.it\/fr\/wp-json\/wp\/v2\/posts\/33686\/revisions\/33687"}],"wp:attachment":[{"href":"https:\/\/www.bellunopress.it\/fr\/wp-json\/wp\/v2\/media?parent=33686"}],"wp:term":[{"taxonomy":"category","embeddable":true,"href":"https:\/\/www.bellunopress.it\/fr\/wp-json\/wp\/v2\/categories?post=33686"},{"taxonomy":"post_tag","embeddable":true,"href":"https:\/\/www.bellunopress.it\/fr\/wp-json\/wp\/v2\/tags?post=33686"}],"curies":[{"name":"wp","href":"https:\/\/api.w.org\/{rel}","templated":true}]}}