{"id":33659,"date":"2011-12-26T09:09:54","date_gmt":"2011-12-26T08:09:54","guid":{"rendered":"http:\/\/www.bellunopress.it\/?p=33659"},"modified":"2011-12-26T09:09:54","modified_gmt":"2011-12-26T08:09:54","slug":"storie-di-uomini-e-imprese-che-fanno-vivere-la-montagna-martedi-a-domegge-si-parla-del-libro-di-stefano-vietina","status":"publish","type":"post","link":"https:\/\/www.bellunopress.it\/fr\/2011\/12\/26\/storie-di-uomini-e-imprese-che-fanno-vivere-la-montagna-martedi-a-domegge-si-parla-del-libro-di-stefano-vietina\/","title":{"rendered":"\u201cStorie di uomini e imprese che fanno vivere la montagna\u201d. marted\u00ec a Domegge si parla del libro di Stefano Vietina"},"content":{"rendered":"<p>Cosa significa fare oggi, negli anni Duemila, lo spazzacamino? E com&#8217;\u00e8 la vita del gestore di un rifugio di montagna, in estate ed in inverno? Di questo e di altre attivit\u00e0 lavorative della montagna di parler\u00e0 domani, marted\u00ec 27 dicembre 2011, alle ore 18,00, nella Sala Consiliare del Municipio di Domegge di Cadore. L&#8217;occasione dell&#8217;incontro, che sar\u00e0 introdotto dal Sindaco Lino Paolo Fedon, \u00e8 data dalla presentazione del libro di Stefano Vietina \u201cStorie di uomini e imprese che fanno vivere la montagna\u201d (edizioni Arco, pagg. 238, euro 10,00) in cui sono raccolte 45 storie scritte per il Corriere delle Alpi nel corso di un anno, dai grandi imprenditori affermati nel mondo alle piccole o piccolissime imprese di nicchia. Fra queste interviste, che vogliono porre all&#8217;attenzione di residenti e turisti un tessuto economico variegato ed assai vivace, compaiono anche le storie di Daniele David, che a Domegge fa lo spazzacamino, di Livio De Bernardo, gestore dell&#8217;Eremo dei Romiti, e di Paolo De Lorenzo, gestore del Rifugio Padova, che saranno presenti all&#8217;incontro. Stefano Vietina (che scrive per il Corriere delle Alpi e per MF-Milano Finanza ed insegna Sociologia dei Media all&#8217;Universit\u00e0 di Padova) con il suo libro si propone di alimentare un dibattito su montagna, turismo e sviluppo economico. \u201cHo scoperto una vitalit\u00e0 per molti versi inaspettata e tanti personaggi interessanti e per molti versi unici, come Daniele, Livio e Paolo, ed ho deciso di presentarli ai miei lettori \u2013 spiega Stefano Vietina &#8211; nella convinzione che anche raccontarsi aiuti a fare e che gli esempi siano sempre importanti, soprattutto per i giovani\u201d.<\/p>\n<p>Il libro di Stefano Vietina \u201cStorie di uomini e imprese che fanno vivere la montagna\u201d (Edizioni Arco, pagg. 238, euro 10,00) raccoglie 45 interviste pubblicate, nel corso di un anno, sul quotidiano Corriere delle Alpi. Una panoramica su altrettante sfide imprenditoriali nate e cresciute all\u2019ombra delle Dolomiti bellunesi, che rappresentano la variegata capacit\u00e0 di reagire alla fine del boom dell\u2019occhialeria che pareva aver monopolizzato gran parte delle risorse e delle energie\u00a0 vitali di queste vallate: dal legno alla birra, dall&#8217;edilizia alla robotica, dall&#8217;arte all&#8217;idraulica, dalle stufe agli interruttori, dalle chiavi ai biscotti&#8230; Il volume \u00e8 in vendita presso alcune edicole e librerie del Cadore e del Comelico, oltre ad alcune librerie di Belluno e Padova. Info sui siti\u00a0 <a href=\"http:\/\/www.stefanovietina.it\">www.stefanovietina.it<\/a> e <a href=\"http:\/\/www.arcosrl.info\">www.arcosrl.info<\/a>, dove pu\u00f2 anche essere acquistato online.<\/p>","protected":false},"excerpt":{"rendered":"<p>Cosa significa fare oggi, negli anni Duemila, lo spazzacamino? E com&#8217;\u00e8 la vita del gestore di un rifugio di montagna, in estate ed in inverno? Di questo e di altre attivit\u00e0 lavorative della montagna di parler\u00e0 domani, marted\u00ec 27 dicembre 2011, alle ore 18,00, nella Sala Consiliare del Municipio di Domegge di Cadore. L&#8217;occasione dell&#8217;incontro, [&hellip;]<\/p>\n","protected":false},"author":2,"featured_media":0,"comment_status":"closed","ping_status":"open","sticky":false,"template":"","format":"standard","meta":{"footnotes":""},"categories":[27,25],"tags":[],"class_list":["post-33659","post","type-post","status-publish","format-standard","category-appuntamenti","category-pausa-caffe"],"yoast_head":"<!-- This site is optimized with the Yoast SEO plugin v28.4 - https:\/\/yoast.com\/product\/yoast-seo-wordpress\/ -->\n<title>\u201cStorie di uomini e imprese che fanno vivere la montagna\u201d. marted\u00ec a Domegge si parla del libro di Stefano Vietina - Bellunopress - Dolomiti<\/title>\n<meta name=\"robots\" content=\"index, follow, max-snippet:-1, max-image-preview:large, max-video-preview:-1\" \/>\n<link rel=\"canonical\" href=\"https:\/\/www.bellunopress.it\/fr\/2011\/12\/26\/storie-di-uomini-e-imprese-che-fanno-vivere-la-montagna-martedi-a-domegge-si-parla-del-libro-di-stefano-vietina\/\" \/>\n<meta property=\"og:locale\" content=\"fr_FR\" \/>\n<meta property=\"og:type\" content=\"article\" \/>\n<meta property=\"og:title\" content=\"\u201cStorie di uomini e imprese che fanno vivere la montagna\u201d. marted\u00ec a Domegge si parla del libro di Stefano Vietina - Bellunopress - Dolomiti\" \/>\n<meta property=\"og:description\" content=\"Cosa significa fare oggi, negli anni Duemila, lo spazzacamino? E com&#8217;\u00e8 la vita del gestore di un rifugio di montagna, in estate ed in inverno? Di questo e di altre attivit\u00e0 lavorative della montagna di parler\u00e0 domani, marted\u00ec 27 dicembre 2011, alle ore 18,00, nella Sala Consiliare del Municipio di Domegge di Cadore. L&#8217;occasione dell&#8217;incontro, [&hellip;]\" \/>\n<meta property=\"og:url\" content=\"https:\/\/www.bellunopress.it\/fr\/2011\/12\/26\/storie-di-uomini-e-imprese-che-fanno-vivere-la-montagna-martedi-a-domegge-si-parla-del-libro-di-stefano-vietina\/\" \/>\n<meta property=\"og:site_name\" content=\"Bellunopress - Dolomiti\" \/>\n<meta property=\"article:publisher\" content=\"https:\/\/www.facebook.com\/profile.php?id=100008943462799\" \/>\n<meta property=\"article:published_time\" content=\"2011-12-26T08:09:54+00:00\" \/>\n<meta property=\"og:image\" content=\"http:\/\/www.bellunopress.it\/wp-content\/uploads\/2012\/07\/logo-bellunopress-250x250-2012.jpg\" \/>\n<meta name=\"author\" content=\"redazione\" \/>\n<meta name=\"twitter:card\" content=\"summary_large_image\" \/>\n<meta name=\"twitter:creator\" content=\"@bellunopress\" \/>\n<meta name=\"twitter:site\" content=\"@bellunopress\" \/>\n<meta name=\"twitter:label1\" content=\"Written by\" \/>\n\t<meta name=\"twitter:data1\" content=\"redazione\" \/>\n\t<meta name=\"twitter:label2\" content=\"Est. reading time\" \/>\n\t<meta name=\"twitter:data2\" content=\"2 minutes\" \/>\n<script type=\"application\/ld+json\" class=\"yoast-schema-graph\">{\"@context\":\"https:\\\/\\\/schema.org\",\"@graph\":[{\"@type\":\"Article\",\"@id\":\"https:\\\/\\\/www.bellunopress.it\\\/2011\\\/12\\\/26\\\/storie-di-uomini-e-imprese-che-fanno-vivere-la-montagna-martedi-a-domegge-si-parla-del-libro-di-stefano-vietina\\\/#article\",\"isPartOf\":{\"@id\":\"https:\\\/\\\/www.bellunopress.it\\\/2011\\\/12\\\/26\\\/storie-di-uomini-e-imprese-che-fanno-vivere-la-montagna-martedi-a-domegge-si-parla-del-libro-di-stefano-vietina\\\/\"},\"author\":{\"name\":\"redazione\",\"@id\":\"https:\\\/\\\/www.bellunopress.it\\\/#\\\/schema\\\/person\\\/79bb06722b37ece1c03d3e94beb30d73\"},\"headline\":\"\u201cStorie di uomini e imprese che fanno vivere la montagna\u201d. marted\u00ec a Domegge si parla del libro di Stefano Vietina\",\"datePublished\":\"2011-12-26T08:09:54+00:00\",\"mainEntityOfPage\":{\"@id\":\"https:\\\/\\\/www.bellunopress.it\\\/2011\\\/12\\\/26\\\/storie-di-uomini-e-imprese-che-fanno-vivere-la-montagna-martedi-a-domegge-si-parla-del-libro-di-stefano-vietina\\\/\"},\"wordCount\":411,\"publisher\":{\"@id\":\"https:\\\/\\\/www.bellunopress.it\\\/#organization\"},\"articleSection\":[\"Appuntamenti, Eventi\",\"Pausa Caff\u00e8\"],\"inLanguage\":\"fr-FR\"},{\"@type\":\"WebPage\",\"@id\":\"https:\\\/\\\/www.bellunopress.it\\\/2011\\\/12\\\/26\\\/storie-di-uomini-e-imprese-che-fanno-vivere-la-montagna-martedi-a-domegge-si-parla-del-libro-di-stefano-vietina\\\/\",\"url\":\"https:\\\/\\\/www.bellunopress.it\\\/2011\\\/12\\\/26\\\/storie-di-uomini-e-imprese-che-fanno-vivere-la-montagna-martedi-a-domegge-si-parla-del-libro-di-stefano-vietina\\\/\",\"name\":\"\u201cStorie di uomini e imprese che fanno vivere la montagna\u201d. marted\u00ec a Domegge si parla del libro di Stefano Vietina - Bellunopress - Dolomiti\",\"isPartOf\":{\"@id\":\"https:\\\/\\\/www.bellunopress.it\\\/#website\"},\"datePublished\":\"2011-12-26T08:09:54+00:00\",\"breadcrumb\":{\"@id\":\"https:\\\/\\\/www.bellunopress.it\\\/2011\\\/12\\\/26\\\/storie-di-uomini-e-imprese-che-fanno-vivere-la-montagna-martedi-a-domegge-si-parla-del-libro-di-stefano-vietina\\\/#breadcrumb\"},\"inLanguage\":\"fr-FR\",\"potentialAction\":[{\"@type\":\"ReadAction\",\"target\":[\"https:\\\/\\\/www.bellunopress.it\\\/2011\\\/12\\\/26\\\/storie-di-uomini-e-imprese-che-fanno-vivere-la-montagna-martedi-a-domegge-si-parla-del-libro-di-stefano-vietina\\\/\"]}]},{\"@type\":\"BreadcrumbList\",\"@id\":\"https:\\\/\\\/www.bellunopress.it\\\/2011\\\/12\\\/26\\\/storie-di-uomini-e-imprese-che-fanno-vivere-la-montagna-martedi-a-domegge-si-parla-del-libro-di-stefano-vietina\\\/#breadcrumb\",\"itemListElement\":[{\"@type\":\"ListItem\",\"position\":1,\"name\":\"Home\",\"item\":\"https:\\\/\\\/www.bellunopress.it\\\/\"},{\"@type\":\"ListItem\",\"position\":2,\"name\":\"\u201cStorie di uomini e imprese che fanno vivere la montagna\u201d. marted\u00ec a Domegge si parla del libro di Stefano Vietina\"}]},{\"@type\":\"WebSite\",\"@id\":\"https:\\\/\\\/www.bellunopress.it\\\/#website\",\"url\":\"https:\\\/\\\/www.bellunopress.it\\\/\",\"name\":\"Bellunopress - Dolomiti\",\"description\":\"e-mail: redazione@bellunopress.it\",\"publisher\":{\"@id\":\"https:\\\/\\\/www.bellunopress.it\\\/#organization\"},\"potentialAction\":[{\"@type\":\"SearchAction\",\"target\":{\"@type\":\"EntryPoint\",\"urlTemplate\":\"https:\\\/\\\/www.bellunopress.it\\\/?s={search_term_string}\"},\"query-input\":{\"@type\":\"PropertyValueSpecification\",\"valueRequired\":true,\"valueName\":\"search_term_string\"}}],\"inLanguage\":\"fr-FR\"},{\"@type\":\"Organization\",\"@id\":\"https:\\\/\\\/www.bellunopress.it\\\/#organization\",\"name\":\"Bellunopress\",\"url\":\"https:\\\/\\\/www.bellunopress.it\\\/\",\"logo\":{\"@type\":\"ImageObject\",\"inLanguage\":\"fr-FR\",\"@id\":\"https:\\\/\\\/www.bellunopress.it\\\/#\\\/schema\\\/logo\\\/image\\\/\",\"url\":\"https:\\\/\\\/www.bellunopress.it\\\/wp-content\\\/uploads\\\/2011\\\/05\\\/cropped-logo-bellunopress-.jpg\",\"contentUrl\":\"https:\\\/\\\/www.bellunopress.it\\\/wp-content\\\/uploads\\\/2011\\\/05\\\/cropped-logo-bellunopress-.jpg\",\"width\":512,\"height\":512,\"caption\":\"Bellunopress\"},\"image\":{\"@id\":\"https:\\\/\\\/www.bellunopress.it\\\/#\\\/schema\\\/logo\\\/image\\\/\"},\"sameAs\":[\"https:\\\/\\\/www.facebook.com\\\/profile.php?id=100008943462799\",\"https:\\\/\\\/x.com\\\/bellunopress\",\"https:\\\/\\\/www.linkedin.com\\\/hp\\\/?dnr=JBzUWaJfMUw8vbXJJ2tVW5-I3jZKvC4wsoxE&amp;amp;amp;amp;amp;amp;trk=nav_responsive_tab_home\",\"https:\\\/\\\/www.youtube.com\\\/channel\\\/UCxL0wu1uN0_3_7hGG0306cw\"]},{\"@type\":\"Person\",\"@id\":\"https:\\\/\\\/www.bellunopress.it\\\/#\\\/schema\\\/person\\\/79bb06722b37ece1c03d3e94beb30d73\",\"name\":\"redazione\",\"image\":{\"@type\":\"ImageObject\",\"inLanguage\":\"fr-FR\",\"@id\":\"https:\\\/\\\/secure.gravatar.com\\\/avatar\\\/37d968a2e67a6fd04c169c4bdef102d0bc5d31b2546345219e348575eb80e9a0?s=96&d=mm&r=g\",\"url\":\"https:\\\/\\\/secure.gravatar.com\\\/avatar\\\/37d968a2e67a6fd04c169c4bdef102d0bc5d31b2546345219e348575eb80e9a0?s=96&d=mm&r=g\",\"contentUrl\":\"https:\\\/\\\/secure.gravatar.com\\\/avatar\\\/37d968a2e67a6fd04c169c4bdef102d0bc5d31b2546345219e348575eb80e9a0?s=96&d=mm&r=g\",\"caption\":\"redazione\"},\"sameAs\":[\"http:\\\/\\\/www.bellunopress.it\",\"https:\\\/\\\/x.com\\\/bellunopress\"],\"url\":\"https:\\\/\\\/www.bellunopress.it\\\/fr\\\/author\\\/redazione\\\/\"}]}<\/script>\n<!-- \/ Yoast SEO plugin. -->","yoast_head_json":{"title":"\u201cStorie di uomini e imprese che fanno vivere la montagna\u201d. marted\u00ec a Domegge si parla del libro di Stefano Vietina - Bellunopress - Dolomiti","robots":{"index":"index","follow":"follow","max-snippet":"max-snippet:-1","max-image-preview":"max-image-preview:large","max-video-preview":"max-video-preview:-1"},"canonical":"https:\/\/www.bellunopress.it\/fr\/2011\/12\/26\/storie-di-uomini-e-imprese-che-fanno-vivere-la-montagna-martedi-a-domegge-si-parla-del-libro-di-stefano-vietina\/","og_locale":"fr_FR","og_type":"article","og_title":"\u201cStorie di uomini e imprese che fanno vivere la montagna\u201d. marted\u00ec a Domegge si parla del libro di Stefano Vietina - Bellunopress - Dolomiti","og_description":"Cosa significa fare oggi, negli anni Duemila, lo spazzacamino? E com&#8217;\u00e8 la vita del gestore di un rifugio di montagna, in estate ed in inverno? Di questo e di altre attivit\u00e0 lavorative della montagna di parler\u00e0 domani, marted\u00ec 27 dicembre 2011, alle ore 18,00, nella Sala Consiliare del Municipio di Domegge di Cadore. L&#8217;occasione dell&#8217;incontro, [&hellip;]","og_url":"https:\/\/www.bellunopress.it\/fr\/2011\/12\/26\/storie-di-uomini-e-imprese-che-fanno-vivere-la-montagna-martedi-a-domegge-si-parla-del-libro-di-stefano-vietina\/","og_site_name":"Bellunopress - Dolomiti","article_publisher":"https:\/\/www.facebook.com\/profile.php?id=100008943462799","article_published_time":"2011-12-26T08:09:54+00:00","og_image":[{"url":"http:\/\/www.bellunopress.it\/wp-content\/uploads\/2012\/07\/logo-bellunopress-250x250-2012.jpg","type":"","width":"","height":""}],"author":"redazione","twitter_card":"summary_large_image","twitter_creator":"@bellunopress","twitter_site":"@bellunopress","twitter_misc":{"Written by":"redazione","Est. reading time":"2 minutes"},"schema":{"@context":"https:\/\/schema.org","@graph":[{"@type":"Article","@id":"https:\/\/www.bellunopress.it\/2011\/12\/26\/storie-di-uomini-e-imprese-che-fanno-vivere-la-montagna-martedi-a-domegge-si-parla-del-libro-di-stefano-vietina\/#article","isPartOf":{"@id":"https:\/\/www.bellunopress.it\/2011\/12\/26\/storie-di-uomini-e-imprese-che-fanno-vivere-la-montagna-martedi-a-domegge-si-parla-del-libro-di-stefano-vietina\/"},"author":{"name":"redazione","@id":"https:\/\/www.bellunopress.it\/#\/schema\/person\/79bb06722b37ece1c03d3e94beb30d73"},"headline":"\u201cStorie di uomini e imprese che fanno vivere la montagna\u201d. marted\u00ec a Domegge si parla del libro di Stefano Vietina","datePublished":"2011-12-26T08:09:54+00:00","mainEntityOfPage":{"@id":"https:\/\/www.bellunopress.it\/2011\/12\/26\/storie-di-uomini-e-imprese-che-fanno-vivere-la-montagna-martedi-a-domegge-si-parla-del-libro-di-stefano-vietina\/"},"wordCount":411,"publisher":{"@id":"https:\/\/www.bellunopress.it\/#organization"},"articleSection":["Appuntamenti, Eventi","Pausa Caff\u00e8"],"inLanguage":"fr-FR"},{"@type":"WebPage","@id":"https:\/\/www.bellunopress.it\/2011\/12\/26\/storie-di-uomini-e-imprese-che-fanno-vivere-la-montagna-martedi-a-domegge-si-parla-del-libro-di-stefano-vietina\/","url":"https:\/\/www.bellunopress.it\/2011\/12\/26\/storie-di-uomini-e-imprese-che-fanno-vivere-la-montagna-martedi-a-domegge-si-parla-del-libro-di-stefano-vietina\/","name":"\u201cStorie di uomini e imprese che fanno vivere la montagna\u201d. marted\u00ec a Domegge si parla del libro di Stefano Vietina - Bellunopress - Dolomiti","isPartOf":{"@id":"https:\/\/www.bellunopress.it\/#website"},"datePublished":"2011-12-26T08:09:54+00:00","breadcrumb":{"@id":"https:\/\/www.bellunopress.it\/2011\/12\/26\/storie-di-uomini-e-imprese-che-fanno-vivere-la-montagna-martedi-a-domegge-si-parla-del-libro-di-stefano-vietina\/#breadcrumb"},"inLanguage":"fr-FR","potentialAction":[{"@type":"ReadAction","target":["https:\/\/www.bellunopress.it\/2011\/12\/26\/storie-di-uomini-e-imprese-che-fanno-vivere-la-montagna-martedi-a-domegge-si-parla-del-libro-di-stefano-vietina\/"]}]},{"@type":"BreadcrumbList","@id":"https:\/\/www.bellunopress.it\/2011\/12\/26\/storie-di-uomini-e-imprese-che-fanno-vivere-la-montagna-martedi-a-domegge-si-parla-del-libro-di-stefano-vietina\/#breadcrumb","itemListElement":[{"@type":"ListItem","position":1,"name":"Home","item":"https:\/\/www.bellunopress.it\/"},{"@type":"ListItem","position":2,"name":"\u201cStorie di uomini e imprese che fanno vivere la montagna\u201d. marted\u00ec a Domegge si parla del libro di Stefano Vietina"}]},{"@type":"WebSite","@id":"https:\/\/www.bellunopress.it\/#website","url":"https:\/\/www.bellunopress.it\/","name":"Bellunopress - Dolomiti","description":"e-mail: redazione@bellunopress.it","publisher":{"@id":"https:\/\/www.bellunopress.it\/#organization"},"potentialAction":[{"@type":"SearchAction","target":{"@type":"EntryPoint","urlTemplate":"https:\/\/www.bellunopress.it\/?s={search_term_string}"},"query-input":{"@type":"PropertyValueSpecification","valueRequired":true,"valueName":"search_term_string"}}],"inLanguage":"fr-FR"},{"@type":"Organization","@id":"https:\/\/www.bellunopress.it\/#organization","name":"Bellunopress","url":"https:\/\/www.bellunopress.it\/","logo":{"@type":"ImageObject","inLanguage":"fr-FR","@id":"https:\/\/www.bellunopress.it\/#\/schema\/logo\/image\/","url":"https:\/\/www.bellunopress.it\/wp-content\/uploads\/2011\/05\/cropped-logo-bellunopress-.jpg","contentUrl":"https:\/\/www.bellunopress.it\/wp-content\/uploads\/2011\/05\/cropped-logo-bellunopress-.jpg","width":512,"height":512,"caption":"Bellunopress"},"image":{"@id":"https:\/\/www.bellunopress.it\/#\/schema\/logo\/image\/"},"sameAs":["https:\/\/www.facebook.com\/profile.php?id=100008943462799","https:\/\/x.com\/bellunopress","https:\/\/www.linkedin.com\/hp\/?dnr=JBzUWaJfMUw8vbXJJ2tVW5-I3jZKvC4wsoxE&amp;amp;amp;amp;amp;amp;trk=nav_responsive_tab_home","https:\/\/www.youtube.com\/channel\/UCxL0wu1uN0_3_7hGG0306cw"]},{"@type":"Person","@id":"https:\/\/www.bellunopress.it\/#\/schema\/person\/79bb06722b37ece1c03d3e94beb30d73","name":"r\u00e9daction","image":{"@type":"ImageObject","inLanguage":"fr-FR","@id":"https:\/\/secure.gravatar.com\/avatar\/37d968a2e67a6fd04c169c4bdef102d0bc5d31b2546345219e348575eb80e9a0?s=96&d=mm&r=g","url":"https:\/\/secure.gravatar.com\/avatar\/37d968a2e67a6fd04c169c4bdef102d0bc5d31b2546345219e348575eb80e9a0?s=96&d=mm&r=g","contentUrl":"https:\/\/secure.gravatar.com\/avatar\/37d968a2e67a6fd04c169c4bdef102d0bc5d31b2546345219e348575eb80e9a0?s=96&d=mm&r=g","caption":"redazione"},"sameAs":["http:\/\/www.bellunopress.it","https:\/\/x.com\/bellunopress"],"url":"https:\/\/www.bellunopress.it\/fr\/author\/redazione\/"}]}},"_links":{"self":[{"href":"https:\/\/www.bellunopress.it\/fr\/wp-json\/wp\/v2\/posts\/33659","targetHints":{"allow":["GET"]}}],"collection":[{"href":"https:\/\/www.bellunopress.it\/fr\/wp-json\/wp\/v2\/posts"}],"about":[{"href":"https:\/\/www.bellunopress.it\/fr\/wp-json\/wp\/v2\/types\/post"}],"author":[{"embeddable":true,"href":"https:\/\/www.bellunopress.it\/fr\/wp-json\/wp\/v2\/users\/2"}],"replies":[{"embeddable":true,"href":"https:\/\/www.bellunopress.it\/fr\/wp-json\/wp\/v2\/comments?post=33659"}],"version-history":[{"count":1,"href":"https:\/\/www.bellunopress.it\/fr\/wp-json\/wp\/v2\/posts\/33659\/revisions"}],"predecessor-version":[{"id":33660,"href":"https:\/\/www.bellunopress.it\/fr\/wp-json\/wp\/v2\/posts\/33659\/revisions\/33660"}],"wp:attachment":[{"href":"https:\/\/www.bellunopress.it\/fr\/wp-json\/wp\/v2\/media?parent=33659"}],"wp:term":[{"taxonomy":"category","embeddable":true,"href":"https:\/\/www.bellunopress.it\/fr\/wp-json\/wp\/v2\/categories?post=33659"},{"taxonomy":"post_tag","embeddable":true,"href":"https:\/\/www.bellunopress.it\/fr\/wp-json\/wp\/v2\/tags?post=33659"}],"curies":[{"name":"wp","href":"https:\/\/api.w.org\/{rel}","templated":true}]}}