{"id":33621,"date":"2011-12-23T21:47:01","date_gmt":"2011-12-23T20:47:01","guid":{"rendered":"http:\/\/www.bellunopress.it\/?p=33621"},"modified":"2011-12-23T22:51:24","modified_gmt":"2011-12-23T21:51:24","slug":"una-iniziativa-per-cambiare-la-vita-cavallet-unopportunita-per-coloro-che-hanno-perso-il-lavoro","status":"publish","type":"post","link":"https:\/\/www.bellunopress.it\/fr\/2011\/12\/23\/una-iniziativa-per-cambiare-la-vita-cavallet-unopportunita-per-coloro-che-hanno-perso-il-lavoro\/","title":{"rendered":"Una \u201cIniziativa per cambiare la vita\u201d. Cavallet: &#8220;un&#8217;opportunit\u00e0 per coloro che hanno perso il lavoro&#8221;"},"content":{"rendered":"<figure id=\"attachment_33623\" aria-describedby=\"caption-attachment-33623\" style=\"width: 280px\" class=\"wp-caption alignleft\"><a href=\"http:\/\/www.bellunopress.it\/wp-content\/uploads\/2011\/12\/ivan-cavallet.jpg\"><img loading=\"lazy\" decoding=\"async\" class=\"size-full wp-image-33623\" title=\"ivan cavallet\" src=\"http:\/\/www.bellunopress.it\/wp-content\/uploads\/2011\/12\/ivan-cavallet.jpg\" alt=\"\" width=\"280\" height=\"280\" srcset=\"https:\/\/www.bellunopress.it\/wp-content\/uploads\/2011\/12\/ivan-cavallet.jpg 280w, https:\/\/www.bellunopress.it\/wp-content\/uploads\/2011\/12\/ivan-cavallet-150x150.jpg 150w\" sizes=\"auto, (max-width: 280px) 100vw, 280px\" \/><\/a><figcaption id=\"caption-attachment-33623\" class=\"wp-caption-text\">Ivan Cavallet<\/figcaption><\/figure>\n<p>Ritrovare la forza per andare avanti dopo aver perduto il lavoro, e riuscire a traformare una congiuntura negativa in un&#8217;opportunit\u00e0 per far emergere le proprie capacit\u00e0.\u00a0 E&#8217; questo il motore che ha spinto una cinquantina di giovani, provenienti un po&#8217; da tutta la provincia, ad aderire all&#8217;iniziativa di Elisa Da Rold e Luca De Bona, titolari della \u201cPer lei Mls\u201d. La societ\u00e0 fondata su un&#8217;idea di lavoro e solidariet\u00e0, ovvero una \u201ciniziativa per cambiare la vita\u201d come recita lo slogan che si sono dati. La presentazione del progetto si \u00e8 tenuta sabato scorso\u00a0 al ristorante Nova Busa del Tor di Trichiana,\u00a0 a cura del consulente commerciale Ivan Cavallet. \u00abLo scopo \u00e8 quello di dare un&#8217;opportunit\u00e0 a coloro che hanno perso il lavoro a seguito di questa crisi economico-finanziaria\u00bb spiega Cavallet. \u00abDopo un colloquio, la selezione e un corso di formazione, avviene il reinserimento nella rete di vendita.\u00a0 Ci occupiamo di prodotti di igiene e benessere per la casa e la famiglia, macchine per lavaggio dell&#8217;aria nelle abitazioni, materassi e poltrone per anziani. E anche macchine per caff\u00e8, confezioni di cibo per cani e gatti, appositamente confezionate da aziende certificate, ma commercializzate senza marca, in modo tale da poter abbattere il prezzo alla vendita fino al 50% . C&#8217;\u00e8 inoltre l&#8217;aspetto benefico dell&#8217;iniziativa\u00bb precisa Cavallet \u00abche prevede l&#8217;accantonamento del 5% degli utili aziendali, che vanno ad alimentare un fondo da devolvere interamente in beneficenza ai pi\u00f9 bisognosi. Le situazioni di sofferenza dove intervenire saranno individuate mese per mese attraverso i sindaci e le associazioni di volontariato, per consentire l&#8217;erogazione del\u00a0 fondo stesso.\u00a0 Per quanto mi riguarda\u00bb conclude Ivan Cavallet \u00abposso dire che nonostante questa situazione di difficolt\u00e0 e di depressione economica, ho riscontrato la voglia di rimettersi in gioco, con un colpo di reni che possa cambiare la vita\u00bb.<\/p>","protected":false},"excerpt":{"rendered":"<p>Ritrovare la forza per andare avanti dopo aver perduto il lavoro, e riuscire a traformare una congiuntura negativa in un&#8217;opportunit\u00e0 per far emergere le proprie capacit\u00e0.\u00a0 E&#8217; questo il motore che ha spinto una cinquantina di giovani, provenienti un po&#8217; da tutta la provincia, ad aderire all&#8217;iniziativa di Elisa Da Rold e Luca De Bona, [&hellip;]<\/p>\n","protected":false},"author":2,"featured_media":0,"comment_status":"closed","ping_status":"open","sticky":false,"template":"","format":"standard","meta":{"footnotes":""},"categories":[5,26],"tags":[],"class_list":["post-33621","post","type-post","status-publish","format-standard","category-cronaca","category-prima-pagina"],"yoast_head":"<!-- This site is optimized with the Yoast SEO plugin v28.4 - https:\/\/yoast.com\/product\/yoast-seo-wordpress\/ -->\n<title>Una \u201cIniziativa per cambiare la vita\u201d. Cavallet: &quot;un&#039;opportunit\u00e0 per coloro che hanno perso il lavoro&quot; - Bellunopress - Dolomiti<\/title>\n<meta name=\"robots\" content=\"index, follow, max-snippet:-1, max-image-preview:large, max-video-preview:-1\" \/>\n<link rel=\"canonical\" href=\"https:\/\/www.bellunopress.it\/fr\/2011\/12\/23\/una-iniziativa-per-cambiare-la-vita-cavallet-unopportunita-per-coloro-che-hanno-perso-il-lavoro\/\" \/>\n<meta property=\"og:locale\" content=\"fr_FR\" \/>\n<meta property=\"og:type\" content=\"article\" \/>\n<meta property=\"og:title\" content=\"Una \u201cIniziativa per cambiare la vita\u201d. Cavallet: &quot;un&#039;opportunit\u00e0 per coloro che hanno perso il lavoro&quot; - Bellunopress - Dolomiti\" \/>\n<meta property=\"og:description\" content=\"Ritrovare la forza per andare avanti dopo aver perduto il lavoro, e riuscire a traformare una congiuntura negativa in un&#8217;opportunit\u00e0 per far emergere le proprie capacit\u00e0.\u00a0 E&#8217; questo il motore che ha spinto una cinquantina di giovani, provenienti un po&#8217; da tutta la provincia, ad aderire all&#8217;iniziativa di Elisa Da Rold e Luca De Bona, [&hellip;]\" \/>\n<meta property=\"og:url\" content=\"https:\/\/www.bellunopress.it\/fr\/2011\/12\/23\/una-iniziativa-per-cambiare-la-vita-cavallet-unopportunita-per-coloro-che-hanno-perso-il-lavoro\/\" \/>\n<meta property=\"og:site_name\" content=\"Bellunopress - Dolomiti\" \/>\n<meta property=\"article:publisher\" content=\"https:\/\/www.facebook.com\/profile.php?id=100008943462799\" \/>\n<meta property=\"article:published_time\" content=\"2011-12-23T20:47:01+00:00\" \/>\n<meta property=\"article:modified_time\" content=\"2011-12-23T21:51:24+00:00\" \/>\n<meta property=\"og:image\" content=\"http:\/\/www.bellunopress.it\/wp-content\/uploads\/2011\/12\/ivan-cavallet.jpg\" \/>\n<meta name=\"author\" content=\"redazione\" \/>\n<meta name=\"twitter:card\" content=\"summary_large_image\" \/>\n<meta name=\"twitter:creator\" content=\"@bellunopress\" \/>\n<meta name=\"twitter:site\" content=\"@bellunopress\" \/>\n<meta name=\"twitter:label1\" content=\"\u00c9crit par\" \/>\n\t<meta name=\"twitter:data1\" content=\"redazione\" \/>\n\t<meta name=\"twitter:label2\" content=\"Dur\u00e9e de lecture estim\u00e9e\" \/>\n\t<meta name=\"twitter:data2\" content=\"2 minutes\" \/>\n<script type=\"application\/ld+json\" class=\"yoast-schema-graph\">{\"@context\":\"https:\\\/\\\/schema.org\",\"@graph\":[{\"@type\":\"Article\",\"@id\":\"https:\\\/\\\/www.bellunopress.it\\\/2011\\\/12\\\/23\\\/una-iniziativa-per-cambiare-la-vita-cavallet-unopportunita-per-coloro-che-hanno-perso-il-lavoro\\\/#article\",\"isPartOf\":{\"@id\":\"https:\\\/\\\/www.bellunopress.it\\\/2011\\\/12\\\/23\\\/una-iniziativa-per-cambiare-la-vita-cavallet-unopportunita-per-coloro-che-hanno-perso-il-lavoro\\\/\"},\"author\":{\"name\":\"redazione\",\"@id\":\"https:\\\/\\\/www.bellunopress.it\\\/#\\\/schema\\\/person\\\/79bb06722b37ece1c03d3e94beb30d73\"},\"headline\":\"Una \u201cIniziativa per cambiare la vita\u201d. Cavallet: &#8220;un&#8217;opportunit\u00e0 per coloro che hanno perso il lavoro&#8221;\",\"datePublished\":\"2011-12-23T20:47:01+00:00\",\"dateModified\":\"2011-12-23T21:51:24+00:00\",\"mainEntityOfPage\":{\"@id\":\"https:\\\/\\\/www.bellunopress.it\\\/2011\\\/12\\\/23\\\/una-iniziativa-per-cambiare-la-vita-cavallet-unopportunita-per-coloro-che-hanno-perso-il-lavoro\\\/\"},\"wordCount\":328,\"publisher\":{\"@id\":\"https:\\\/\\\/www.bellunopress.it\\\/#organization\"},\"image\":{\"@id\":\"https:\\\/\\\/www.bellunopress.it\\\/2011\\\/12\\\/23\\\/una-iniziativa-per-cambiare-la-vita-cavallet-unopportunita-per-coloro-che-hanno-perso-il-lavoro\\\/#primaryimage\"},\"thumbnailUrl\":\"http:\\\/\\\/www.bellunopress.it\\\/wp-content\\\/uploads\\\/2011\\\/12\\\/ivan-cavallet.jpg\",\"articleSection\":[\"Cronaca\\\/Politica\",\"Prima Pagina\"],\"inLanguage\":\"fr-FR\"},{\"@type\":\"WebPage\",\"@id\":\"https:\\\/\\\/www.bellunopress.it\\\/2011\\\/12\\\/23\\\/una-iniziativa-per-cambiare-la-vita-cavallet-unopportunita-per-coloro-che-hanno-perso-il-lavoro\\\/\",\"url\":\"https:\\\/\\\/www.bellunopress.it\\\/2011\\\/12\\\/23\\\/una-iniziativa-per-cambiare-la-vita-cavallet-unopportunita-per-coloro-che-hanno-perso-il-lavoro\\\/\",\"name\":\"Una \u201cIniziativa per cambiare la vita\u201d. Cavallet: \\\"un'opportunit\u00e0 per coloro che hanno perso il lavoro\\\" - Bellunopress - Dolomiti\",\"isPartOf\":{\"@id\":\"https:\\\/\\\/www.bellunopress.it\\\/#website\"},\"primaryImageOfPage\":{\"@id\":\"https:\\\/\\\/www.bellunopress.it\\\/2011\\\/12\\\/23\\\/una-iniziativa-per-cambiare-la-vita-cavallet-unopportunita-per-coloro-che-hanno-perso-il-lavoro\\\/#primaryimage\"},\"image\":{\"@id\":\"https:\\\/\\\/www.bellunopress.it\\\/2011\\\/12\\\/23\\\/una-iniziativa-per-cambiare-la-vita-cavallet-unopportunita-per-coloro-che-hanno-perso-il-lavoro\\\/#primaryimage\"},\"thumbnailUrl\":\"http:\\\/\\\/www.bellunopress.it\\\/wp-content\\\/uploads\\\/2011\\\/12\\\/ivan-cavallet.jpg\",\"datePublished\":\"2011-12-23T20:47:01+00:00\",\"dateModified\":\"2011-12-23T21:51:24+00:00\",\"breadcrumb\":{\"@id\":\"https:\\\/\\\/www.bellunopress.it\\\/2011\\\/12\\\/23\\\/una-iniziativa-per-cambiare-la-vita-cavallet-unopportunita-per-coloro-che-hanno-perso-il-lavoro\\\/#breadcrumb\"},\"inLanguage\":\"fr-FR\",\"potentialAction\":[{\"@type\":\"ReadAction\",\"target\":[\"https:\\\/\\\/www.bellunopress.it\\\/2011\\\/12\\\/23\\\/una-iniziativa-per-cambiare-la-vita-cavallet-unopportunita-per-coloro-che-hanno-perso-il-lavoro\\\/\"]}]},{\"@type\":\"ImageObject\",\"inLanguage\":\"fr-FR\",\"@id\":\"https:\\\/\\\/www.bellunopress.it\\\/2011\\\/12\\\/23\\\/una-iniziativa-per-cambiare-la-vita-cavallet-unopportunita-per-coloro-che-hanno-perso-il-lavoro\\\/#primaryimage\",\"url\":\"http:\\\/\\\/www.bellunopress.it\\\/wp-content\\\/uploads\\\/2011\\\/12\\\/ivan-cavallet.jpg\",\"contentUrl\":\"http:\\\/\\\/www.bellunopress.it\\\/wp-content\\\/uploads\\\/2011\\\/12\\\/ivan-cavallet.jpg\"},{\"@type\":\"BreadcrumbList\",\"@id\":\"https:\\\/\\\/www.bellunopress.it\\\/2011\\\/12\\\/23\\\/una-iniziativa-per-cambiare-la-vita-cavallet-unopportunita-per-coloro-che-hanno-perso-il-lavoro\\\/#breadcrumb\",\"itemListElement\":[{\"@type\":\"ListItem\",\"position\":1,\"name\":\"Home\",\"item\":\"https:\\\/\\\/www.bellunopress.it\\\/\"},{\"@type\":\"ListItem\",\"position\":2,\"name\":\"Una \u201cIniziativa per cambiare la vita\u201d. Cavallet: &#8220;un&#8217;opportunit\u00e0 per coloro che hanno perso il lavoro&#8221;\"}]},{\"@type\":\"WebSite\",\"@id\":\"https:\\\/\\\/www.bellunopress.it\\\/#website\",\"url\":\"https:\\\/\\\/www.bellunopress.it\\\/\",\"name\":\"Bellunopress - Dolomiti\",\"description\":\"e-mail: redazione@bellunopress.it\",\"publisher\":{\"@id\":\"https:\\\/\\\/www.bellunopress.it\\\/#organization\"},\"potentialAction\":[{\"@type\":\"SearchAction\",\"target\":{\"@type\":\"EntryPoint\",\"urlTemplate\":\"https:\\\/\\\/www.bellunopress.it\\\/?s={search_term_string}\"},\"query-input\":{\"@type\":\"PropertyValueSpecification\",\"valueRequired\":true,\"valueName\":\"search_term_string\"}}],\"inLanguage\":\"fr-FR\"},{\"@type\":\"Organization\",\"@id\":\"https:\\\/\\\/www.bellunopress.it\\\/#organization\",\"name\":\"Bellunopress\",\"url\":\"https:\\\/\\\/www.bellunopress.it\\\/\",\"logo\":{\"@type\":\"ImageObject\",\"inLanguage\":\"fr-FR\",\"@id\":\"https:\\\/\\\/www.bellunopress.it\\\/#\\\/schema\\\/logo\\\/image\\\/\",\"url\":\"https:\\\/\\\/www.bellunopress.it\\\/wp-content\\\/uploads\\\/2011\\\/05\\\/cropped-logo-bellunopress-.jpg\",\"contentUrl\":\"https:\\\/\\\/www.bellunopress.it\\\/wp-content\\\/uploads\\\/2011\\\/05\\\/cropped-logo-bellunopress-.jpg\",\"width\":512,\"height\":512,\"caption\":\"Bellunopress\"},\"image\":{\"@id\":\"https:\\\/\\\/www.bellunopress.it\\\/#\\\/schema\\\/logo\\\/image\\\/\"},\"sameAs\":[\"https:\\\/\\\/www.facebook.com\\\/profile.php?id=100008943462799\",\"https:\\\/\\\/x.com\\\/bellunopress\",\"https:\\\/\\\/www.linkedin.com\\\/hp\\\/?dnr=JBzUWaJfMUw8vbXJJ2tVW5-I3jZKvC4wsoxE&amp;amp;amp;amp;amp;amp;trk=nav_responsive_tab_home\",\"https:\\\/\\\/www.youtube.com\\\/channel\\\/UCxL0wu1uN0_3_7hGG0306cw\"]},{\"@type\":\"Person\",\"@id\":\"https:\\\/\\\/www.bellunopress.it\\\/#\\\/schema\\\/person\\\/79bb06722b37ece1c03d3e94beb30d73\",\"name\":\"redazione\",\"image\":{\"@type\":\"ImageObject\",\"inLanguage\":\"fr-FR\",\"@id\":\"https:\\\/\\\/secure.gravatar.com\\\/avatar\\\/37d968a2e67a6fd04c169c4bdef102d0bc5d31b2546345219e348575eb80e9a0?s=96&d=mm&r=g\",\"url\":\"https:\\\/\\\/secure.gravatar.com\\\/avatar\\\/37d968a2e67a6fd04c169c4bdef102d0bc5d31b2546345219e348575eb80e9a0?s=96&d=mm&r=g\",\"contentUrl\":\"https:\\\/\\\/secure.gravatar.com\\\/avatar\\\/37d968a2e67a6fd04c169c4bdef102d0bc5d31b2546345219e348575eb80e9a0?s=96&d=mm&r=g\",\"caption\":\"redazione\"},\"sameAs\":[\"http:\\\/\\\/www.bellunopress.it\",\"https:\\\/\\\/x.com\\\/bellunopress\"],\"url\":\"https:\\\/\\\/www.bellunopress.it\\\/fr\\\/author\\\/redazione\\\/\"}]}<\/script>\n<!-- \/ Yoast SEO plugin. -->","yoast_head_json":{"title":"Una \u201cIniziativa per cambiare la vita\u201d. Cavallet: \"un'opportunit\u00e0 per coloro che hanno perso il lavoro\" - Bellunopress - Dolomiti","robots":{"index":"index","follow":"follow","max-snippet":"max-snippet:-1","max-image-preview":"max-image-preview:large","max-video-preview":"max-video-preview:-1"},"canonical":"https:\/\/www.bellunopress.it\/fr\/2011\/12\/23\/una-iniziativa-per-cambiare-la-vita-cavallet-unopportunita-per-coloro-che-hanno-perso-il-lavoro\/","og_locale":"fr_FR","og_type":"article","og_title":"Una \u201cIniziativa per cambiare la vita\u201d. Cavallet: \"un'opportunit\u00e0 per coloro che hanno perso il lavoro\" - Bellunopress - Dolomiti","og_description":"Ritrovare la forza per andare avanti dopo aver perduto il lavoro, e riuscire a traformare una congiuntura negativa in un&#8217;opportunit\u00e0 per far emergere le proprie capacit\u00e0.\u00a0 E&#8217; questo il motore che ha spinto una cinquantina di giovani, provenienti un po&#8217; da tutta la provincia, ad aderire all&#8217;iniziativa di Elisa Da Rold e Luca De Bona, [&hellip;]","og_url":"https:\/\/www.bellunopress.it\/fr\/2011\/12\/23\/una-iniziativa-per-cambiare-la-vita-cavallet-unopportunita-per-coloro-che-hanno-perso-il-lavoro\/","og_site_name":"Bellunopress - Dolomiti","article_publisher":"https:\/\/www.facebook.com\/profile.php?id=100008943462799","article_published_time":"2011-12-23T20:47:01+00:00","article_modified_time":"2011-12-23T21:51:24+00:00","og_image":[{"url":"http:\/\/www.bellunopress.it\/wp-content\/uploads\/2011\/12\/ivan-cavallet.jpg","type":"","width":"","height":""}],"author":"redazione","twitter_card":"summary_large_image","twitter_creator":"@bellunopress","twitter_site":"@bellunopress","twitter_misc":{"\u00c9crit par":"redazione","Dur\u00e9e de lecture estim\u00e9e":"2 minutes"},"schema":{"@context":"https:\/\/schema.org","@graph":[{"@type":"Article","@id":"https:\/\/www.bellunopress.it\/2011\/12\/23\/una-iniziativa-per-cambiare-la-vita-cavallet-unopportunita-per-coloro-che-hanno-perso-il-lavoro\/#article","isPartOf":{"@id":"https:\/\/www.bellunopress.it\/2011\/12\/23\/una-iniziativa-per-cambiare-la-vita-cavallet-unopportunita-per-coloro-che-hanno-perso-il-lavoro\/"},"author":{"name":"redazione","@id":"https:\/\/www.bellunopress.it\/#\/schema\/person\/79bb06722b37ece1c03d3e94beb30d73"},"headline":"Una \u201cIniziativa per cambiare la vita\u201d. Cavallet: &#8220;un&#8217;opportunit\u00e0 per coloro che hanno perso il lavoro&#8221;","datePublished":"2011-12-23T20:47:01+00:00","dateModified":"2011-12-23T21:51:24+00:00","mainEntityOfPage":{"@id":"https:\/\/www.bellunopress.it\/2011\/12\/23\/una-iniziativa-per-cambiare-la-vita-cavallet-unopportunita-per-coloro-che-hanno-perso-il-lavoro\/"},"wordCount":328,"publisher":{"@id":"https:\/\/www.bellunopress.it\/#organization"},"image":{"@id":"https:\/\/www.bellunopress.it\/2011\/12\/23\/una-iniziativa-per-cambiare-la-vita-cavallet-unopportunita-per-coloro-che-hanno-perso-il-lavoro\/#primaryimage"},"thumbnailUrl":"http:\/\/www.bellunopress.it\/wp-content\/uploads\/2011\/12\/ivan-cavallet.jpg","articleSection":["Cronaca\/Politica","Prima Pagina"],"inLanguage":"fr-FR"},{"@type":"WebPage","@id":"https:\/\/www.bellunopress.it\/2011\/12\/23\/una-iniziativa-per-cambiare-la-vita-cavallet-unopportunita-per-coloro-che-hanno-perso-il-lavoro\/","url":"https:\/\/www.bellunopress.it\/2011\/12\/23\/una-iniziativa-per-cambiare-la-vita-cavallet-unopportunita-per-coloro-che-hanno-perso-il-lavoro\/","name":"Una \u201cIniziativa per cambiare la vita\u201d. Cavallet: \"un'opportunit\u00e0 per coloro che hanno perso il lavoro\" - Bellunopress - Dolomiti","isPartOf":{"@id":"https:\/\/www.bellunopress.it\/#website"},"primaryImageOfPage":{"@id":"https:\/\/www.bellunopress.it\/2011\/12\/23\/una-iniziativa-per-cambiare-la-vita-cavallet-unopportunita-per-coloro-che-hanno-perso-il-lavoro\/#primaryimage"},"image":{"@id":"https:\/\/www.bellunopress.it\/2011\/12\/23\/una-iniziativa-per-cambiare-la-vita-cavallet-unopportunita-per-coloro-che-hanno-perso-il-lavoro\/#primaryimage"},"thumbnailUrl":"http:\/\/www.bellunopress.it\/wp-content\/uploads\/2011\/12\/ivan-cavallet.jpg","datePublished":"2011-12-23T20:47:01+00:00","dateModified":"2011-12-23T21:51:24+00:00","breadcrumb":{"@id":"https:\/\/www.bellunopress.it\/2011\/12\/23\/una-iniziativa-per-cambiare-la-vita-cavallet-unopportunita-per-coloro-che-hanno-perso-il-lavoro\/#breadcrumb"},"inLanguage":"fr-FR","potentialAction":[{"@type":"ReadAction","target":["https:\/\/www.bellunopress.it\/2011\/12\/23\/una-iniziativa-per-cambiare-la-vita-cavallet-unopportunita-per-coloro-che-hanno-perso-il-lavoro\/"]}]},{"@type":"ImageObject","inLanguage":"fr-FR","@id":"https:\/\/www.bellunopress.it\/2011\/12\/23\/una-iniziativa-per-cambiare-la-vita-cavallet-unopportunita-per-coloro-che-hanno-perso-il-lavoro\/#primaryimage","url":"http:\/\/www.bellunopress.it\/wp-content\/uploads\/2011\/12\/ivan-cavallet.jpg","contentUrl":"http:\/\/www.bellunopress.it\/wp-content\/uploads\/2011\/12\/ivan-cavallet.jpg"},{"@type":"BreadcrumbList","@id":"https:\/\/www.bellunopress.it\/2011\/12\/23\/una-iniziativa-per-cambiare-la-vita-cavallet-unopportunita-per-coloro-che-hanno-perso-il-lavoro\/#breadcrumb","itemListElement":[{"@type":"ListItem","position":1,"name":"Home","item":"https:\/\/www.bellunopress.it\/"},{"@type":"ListItem","position":2,"name":"Una \u201cIniziativa per cambiare la vita\u201d. Cavallet: &#8220;un&#8217;opportunit\u00e0 per coloro che hanno perso il lavoro&#8221;"}]},{"@type":"WebSite","@id":"https:\/\/www.bellunopress.it\/#website","url":"https:\/\/www.bellunopress.it\/","name":"Bellunopress - Dolomiti","description":"e-mail: redazione@bellunopress.it","publisher":{"@id":"https:\/\/www.bellunopress.it\/#organization"},"potentialAction":[{"@type":"SearchAction","target":{"@type":"EntryPoint","urlTemplate":"https:\/\/www.bellunopress.it\/?s={search_term_string}"},"query-input":{"@type":"PropertyValueSpecification","valueRequired":true,"valueName":"search_term_string"}}],"inLanguage":"fr-FR"},{"@type":"Organization","@id":"https:\/\/www.bellunopress.it\/#organization","name":"Bellunopress","url":"https:\/\/www.bellunopress.it\/","logo":{"@type":"ImageObject","inLanguage":"fr-FR","@id":"https:\/\/www.bellunopress.it\/#\/schema\/logo\/image\/","url":"https:\/\/www.bellunopress.it\/wp-content\/uploads\/2011\/05\/cropped-logo-bellunopress-.jpg","contentUrl":"https:\/\/www.bellunopress.it\/wp-content\/uploads\/2011\/05\/cropped-logo-bellunopress-.jpg","width":512,"height":512,"caption":"Bellunopress"},"image":{"@id":"https:\/\/www.bellunopress.it\/#\/schema\/logo\/image\/"},"sameAs":["https:\/\/www.facebook.com\/profile.php?id=100008943462799","https:\/\/x.com\/bellunopress","https:\/\/www.linkedin.com\/hp\/?dnr=JBzUWaJfMUw8vbXJJ2tVW5-I3jZKvC4wsoxE&amp;amp;amp;amp;amp;amp;trk=nav_responsive_tab_home","https:\/\/www.youtube.com\/channel\/UCxL0wu1uN0_3_7hGG0306cw"]},{"@type":"Person","@id":"https:\/\/www.bellunopress.it\/#\/schema\/person\/79bb06722b37ece1c03d3e94beb30d73","name":"r\u00e9daction","image":{"@type":"ImageObject","inLanguage":"fr-FR","@id":"https:\/\/secure.gravatar.com\/avatar\/37d968a2e67a6fd04c169c4bdef102d0bc5d31b2546345219e348575eb80e9a0?s=96&d=mm&r=g","url":"https:\/\/secure.gravatar.com\/avatar\/37d968a2e67a6fd04c169c4bdef102d0bc5d31b2546345219e348575eb80e9a0?s=96&d=mm&r=g","contentUrl":"https:\/\/secure.gravatar.com\/avatar\/37d968a2e67a6fd04c169c4bdef102d0bc5d31b2546345219e348575eb80e9a0?s=96&d=mm&r=g","caption":"redazione"},"sameAs":["http:\/\/www.bellunopress.it","https:\/\/x.com\/bellunopress"],"url":"https:\/\/www.bellunopress.it\/fr\/author\/redazione\/"}]}},"_links":{"self":[{"href":"https:\/\/www.bellunopress.it\/fr\/wp-json\/wp\/v2\/posts\/33621","targetHints":{"allow":["GET"]}}],"collection":[{"href":"https:\/\/www.bellunopress.it\/fr\/wp-json\/wp\/v2\/posts"}],"about":[{"href":"https:\/\/www.bellunopress.it\/fr\/wp-json\/wp\/v2\/types\/post"}],"author":[{"embeddable":true,"href":"https:\/\/www.bellunopress.it\/fr\/wp-json\/wp\/v2\/users\/2"}],"replies":[{"embeddable":true,"href":"https:\/\/www.bellunopress.it\/fr\/wp-json\/wp\/v2\/comments?post=33621"}],"version-history":[{"count":1,"href":"https:\/\/www.bellunopress.it\/fr\/wp-json\/wp\/v2\/posts\/33621\/revisions"}],"predecessor-version":[{"id":33624,"href":"https:\/\/www.bellunopress.it\/fr\/wp-json\/wp\/v2\/posts\/33621\/revisions\/33624"}],"wp:attachment":[{"href":"https:\/\/www.bellunopress.it\/fr\/wp-json\/wp\/v2\/media?parent=33621"}],"wp:term":[{"taxonomy":"category","embeddable":true,"href":"https:\/\/www.bellunopress.it\/fr\/wp-json\/wp\/v2\/categories?post=33621"},{"taxonomy":"post_tag","embeddable":true,"href":"https:\/\/www.bellunopress.it\/fr\/wp-json\/wp\/v2\/tags?post=33621"}],"curies":[{"name":"wp","href":"https:\/\/api.w.org\/{rel}","templated":true}]}}