{"id":33613,"date":"2011-12-23T19:17:28","date_gmt":"2011-12-23T18:17:28","guid":{"rendered":"http:\/\/www.bellunopress.it\/?p=33613"},"modified":"2011-12-23T19:18:21","modified_gmt":"2011-12-23T18:18:21","slug":"aperto-al-traffico-il-sottopasso-di-anzu-bond-i-lavori-sono-stati-terminati-con-6-mesi-di-anticipo","status":"publish","type":"post","link":"https:\/\/www.bellunopress.it\/fr\/2011\/12\/23\/aperto-al-traffico-il-sottopasso-di-anzu-bond-i-lavori-sono-stati-terminati-con-6-mesi-di-anticipo\/","title":{"rendered":"Aperto al traffico il sottopasso di Anz\u00f9. Bond: &#8220;I lavori sono stati terminati con 6 mesi di anticipo&#8221;"},"content":{"rendered":"<p><a href=\"http:\/\/www.bellunopress.it\/wp-content\/uploads\/2011\/12\/sottopasso-anz\u00f9-bond.jpg\"><img loading=\"lazy\" decoding=\"async\" class=\"alignleft size-full wp-image-33614\" title=\"sottopasso anz\u00f9 bond\" src=\"http:\/\/www.bellunopress.it\/wp-content\/uploads\/2011\/12\/sottopasso-anz\u00f9-bond.jpg\" alt=\"\" width=\"270\" height=\"270\" srcset=\"https:\/\/www.bellunopress.it\/wp-content\/uploads\/2011\/12\/sottopasso-anz\u00f9-bond.jpg 270w, https:\/\/www.bellunopress.it\/wp-content\/uploads\/2011\/12\/sottopasso-anz\u00f9-bond-150x150.jpg 150w\" sizes=\"auto, (max-width: 270px) 100vw, 270px\" \/><\/a>&#8220;I lavori sono terminati con sei mesi di anticipo sulla tabella di marcia, segno che Veneto Strade ha lavorato bene. Su Anz\u00f9 si sta giocando una partita delicata e importante&#8221;. Questo il commento del capogruppo del Pdl in Consiglio regionale Dario Bond a margine dell&#8217;apertura del tanto atteso sottopasso di Anz\u00f9, avvenuta questa mattina alle 9. &#8220;Questa opera ha &#8220;liberato&#8221; lo sbocco sulla strada regionale 348 di Feltre dopo mesi di disagi. E&#8217; un altro tassello importante per la nostra viabilit\u00e0&#8221;, rimarca Bond. La storia della rettifica delle curve di Anz\u00f9 e del sottopasso risale a qualche anno fa: &#8220;Nel 2005, appena eletto consigliere regionale, avevo chiesto all&#8217;assessore Renato Chisso di trattare il nodo di Anz\u00f9 con assoluta priorit\u00e0. Richiesta che dopo una serie di confronti e sopralluoghi \u00e8 stata accolta nel piano triennale delle opere di Veneto Strade&#8221;, ricorda il capogruppo del Pdl, che questa mattina ha incontrato le maestranze impiegate nel cantiere accanto ai membri del Cda di Veneto Strade Oscar De Bona e Quinto Piol. &#8220;Adesso ci concentreremo sui lavori della ferrovia e anche qui cercheremo &#8211; nonostante l&#8217;operazione non dipenda soltanto da noi &#8211; di accelerare i tempi&#8221;, prosegue Bond, convinto che si sia data una &#8220;buona risposta&#8221; ai feltrini: &#8220;Anz\u00f9 \u00e8 sempre stato uno dei tratti pi\u00f9 neri della viabilit\u00e0 regionale e i tanti lutti e incidenti avvenuti in questa zona ce lo ricordano. Adesso dobbiamo solo andare avanti con la stessa determinazione avuta in questi anni. Feltre merita una viabilit\u00e0 efficiente e sicura&#8221;.<\/p>","protected":false},"excerpt":{"rendered":"<p>&#8220;I lavori sono terminati con sei mesi di anticipo sulla tabella di marcia, segno che Veneto Strade ha lavorato bene. Su Anz\u00f9 si sta giocando una partita delicata e importante&#8221;. Questo il commento del capogruppo del Pdl in Consiglio regionale Dario Bond a margine dell&#8217;apertura del tanto atteso sottopasso di Anz\u00f9, avvenuta questa mattina alle [&hellip;]<\/p>\n","protected":false},"author":2,"featured_media":0,"comment_status":"closed","ping_status":"open","sticky":false,"template":"","format":"standard","meta":{"footnotes":""},"categories":[1],"tags":[],"class_list":["post-33613","post","type-post","status-publish","format-standard","category-leo"],"yoast_head":"<!-- This site is optimized with the Yoast SEO plugin v28.4 - https:\/\/yoast.com\/product\/yoast-seo-wordpress\/ -->\n<title>Aperto al traffico il sottopasso di Anz\u00f9. Bond: &quot;I lavori sono stati terminati con 6 mesi di anticipo&quot; - Bellunopress - Dolomiti<\/title>\n<meta name=\"robots\" content=\"index, follow, max-snippet:-1, max-image-preview:large, max-video-preview:-1\" \/>\n<link rel=\"canonical\" href=\"https:\/\/www.bellunopress.it\/fr\/2011\/12\/23\/aperto-al-traffico-il-sottopasso-di-anzu-bond-i-lavori-sono-stati-terminati-con-6-mesi-di-anticipo\/\" \/>\n<meta property=\"og:locale\" content=\"fr_FR\" \/>\n<meta property=\"og:type\" content=\"article\" \/>\n<meta property=\"og:title\" content=\"Aperto al traffico il sottopasso di Anz\u00f9. Bond: &quot;I lavori sono stati terminati con 6 mesi di anticipo&quot; - Bellunopress - Dolomiti\" \/>\n<meta property=\"og:description\" content=\"&#8220;I lavori sono terminati con sei mesi di anticipo sulla tabella di marcia, segno che Veneto Strade ha lavorato bene. Su Anz\u00f9 si sta giocando una partita delicata e importante&#8221;. Questo il commento del capogruppo del Pdl in Consiglio regionale Dario Bond a margine dell&#8217;apertura del tanto atteso sottopasso di Anz\u00f9, avvenuta questa mattina alle [&hellip;]\" \/>\n<meta property=\"og:url\" content=\"https:\/\/www.bellunopress.it\/fr\/2011\/12\/23\/aperto-al-traffico-il-sottopasso-di-anzu-bond-i-lavori-sono-stati-terminati-con-6-mesi-di-anticipo\/\" \/>\n<meta property=\"og:site_name\" content=\"Bellunopress - Dolomiti\" \/>\n<meta property=\"article:publisher\" content=\"https:\/\/www.facebook.com\/profile.php?id=100008943462799\" \/>\n<meta property=\"article:published_time\" content=\"2011-12-23T18:17:28+00:00\" \/>\n<meta property=\"article:modified_time\" content=\"2011-12-23T18:18:21+00:00\" \/>\n<meta property=\"og:image\" content=\"http:\/\/www.bellunopress.it\/wp-content\/uploads\/2011\/12\/sottopasso-anz\u00f9-bond.jpg\" \/>\n<meta name=\"author\" content=\"redazione\" \/>\n<meta name=\"twitter:card\" content=\"summary_large_image\" \/>\n<meta name=\"twitter:creator\" content=\"@bellunopress\" \/>\n<meta name=\"twitter:site\" content=\"@bellunopress\" \/>\n<meta name=\"twitter:label1\" content=\"\u00c9crit par\" \/>\n\t<meta name=\"twitter:data1\" content=\"redazione\" \/>\n\t<meta name=\"twitter:label2\" content=\"Dur\u00e9e de lecture estim\u00e9e\" \/>\n\t<meta name=\"twitter:data2\" content=\"1 minute\" \/>\n<script type=\"application\/ld+json\" class=\"yoast-schema-graph\">{\"@context\":\"https:\\\/\\\/schema.org\",\"@graph\":[{\"@type\":\"Article\",\"@id\":\"https:\\\/\\\/www.bellunopress.it\\\/2011\\\/12\\\/23\\\/aperto-al-traffico-il-sottopasso-di-anzu-bond-i-lavori-sono-stati-terminati-con-6-mesi-di-anticipo\\\/#article\",\"isPartOf\":{\"@id\":\"https:\\\/\\\/www.bellunopress.it\\\/2011\\\/12\\\/23\\\/aperto-al-traffico-il-sottopasso-di-anzu-bond-i-lavori-sono-stati-terminati-con-6-mesi-di-anticipo\\\/\"},\"author\":{\"name\":\"redazione\",\"@id\":\"https:\\\/\\\/www.bellunopress.it\\\/#\\\/schema\\\/person\\\/79bb06722b37ece1c03d3e94beb30d73\"},\"headline\":\"Aperto al traffico il sottopasso di Anz\u00f9. Bond: &#8220;I lavori sono stati terminati con 6 mesi di anticipo&#8221;\",\"datePublished\":\"2011-12-23T18:17:28+00:00\",\"dateModified\":\"2011-12-23T18:18:21+00:00\",\"mainEntityOfPage\":{\"@id\":\"https:\\\/\\\/www.bellunopress.it\\\/2011\\\/12\\\/23\\\/aperto-al-traffico-il-sottopasso-di-anzu-bond-i-lavori-sono-stati-terminati-con-6-mesi-di-anticipo\\\/\"},\"wordCount\":264,\"publisher\":{\"@id\":\"https:\\\/\\\/www.bellunopress.it\\\/#organization\"},\"articleSection\":[\"Lettere Opinioni\"],\"inLanguage\":\"fr-FR\"},{\"@type\":\"WebPage\",\"@id\":\"https:\\\/\\\/www.bellunopress.it\\\/2011\\\/12\\\/23\\\/aperto-al-traffico-il-sottopasso-di-anzu-bond-i-lavori-sono-stati-terminati-con-6-mesi-di-anticipo\\\/\",\"url\":\"https:\\\/\\\/www.bellunopress.it\\\/2011\\\/12\\\/23\\\/aperto-al-traffico-il-sottopasso-di-anzu-bond-i-lavori-sono-stati-terminati-con-6-mesi-di-anticipo\\\/\",\"name\":\"Aperto al traffico il sottopasso di Anz\u00f9. Bond: \\\"I lavori sono stati terminati con 6 mesi di anticipo\\\" - Bellunopress - Dolomiti\",\"isPartOf\":{\"@id\":\"https:\\\/\\\/www.bellunopress.it\\\/#website\"},\"datePublished\":\"2011-12-23T18:17:28+00:00\",\"dateModified\":\"2011-12-23T18:18:21+00:00\",\"breadcrumb\":{\"@id\":\"https:\\\/\\\/www.bellunopress.it\\\/2011\\\/12\\\/23\\\/aperto-al-traffico-il-sottopasso-di-anzu-bond-i-lavori-sono-stati-terminati-con-6-mesi-di-anticipo\\\/#breadcrumb\"},\"inLanguage\":\"fr-FR\",\"potentialAction\":[{\"@type\":\"ReadAction\",\"target\":[\"https:\\\/\\\/www.bellunopress.it\\\/2011\\\/12\\\/23\\\/aperto-al-traffico-il-sottopasso-di-anzu-bond-i-lavori-sono-stati-terminati-con-6-mesi-di-anticipo\\\/\"]}]},{\"@type\":\"BreadcrumbList\",\"@id\":\"https:\\\/\\\/www.bellunopress.it\\\/2011\\\/12\\\/23\\\/aperto-al-traffico-il-sottopasso-di-anzu-bond-i-lavori-sono-stati-terminati-con-6-mesi-di-anticipo\\\/#breadcrumb\",\"itemListElement\":[{\"@type\":\"ListItem\",\"position\":1,\"name\":\"Home\",\"item\":\"https:\\\/\\\/www.bellunopress.it\\\/\"},{\"@type\":\"ListItem\",\"position\":2,\"name\":\"Aperto al traffico il sottopasso di Anz\u00f9. Bond: &#8220;I lavori sono stati terminati con 6 mesi di anticipo&#8221;\"}]},{\"@type\":\"WebSite\",\"@id\":\"https:\\\/\\\/www.bellunopress.it\\\/#website\",\"url\":\"https:\\\/\\\/www.bellunopress.it\\\/\",\"name\":\"Bellunopress - Dolomiti\",\"description\":\"e-mail: redazione@bellunopress.it\",\"publisher\":{\"@id\":\"https:\\\/\\\/www.bellunopress.it\\\/#organization\"},\"potentialAction\":[{\"@type\":\"SearchAction\",\"target\":{\"@type\":\"EntryPoint\",\"urlTemplate\":\"https:\\\/\\\/www.bellunopress.it\\\/?s={search_term_string}\"},\"query-input\":{\"@type\":\"PropertyValueSpecification\",\"valueRequired\":true,\"valueName\":\"search_term_string\"}}],\"inLanguage\":\"fr-FR\"},{\"@type\":\"Organization\",\"@id\":\"https:\\\/\\\/www.bellunopress.it\\\/#organization\",\"name\":\"Bellunopress\",\"url\":\"https:\\\/\\\/www.bellunopress.it\\\/\",\"logo\":{\"@type\":\"ImageObject\",\"inLanguage\":\"fr-FR\",\"@id\":\"https:\\\/\\\/www.bellunopress.it\\\/#\\\/schema\\\/logo\\\/image\\\/\",\"url\":\"https:\\\/\\\/www.bellunopress.it\\\/wp-content\\\/uploads\\\/2011\\\/05\\\/cropped-logo-bellunopress-.jpg\",\"contentUrl\":\"https:\\\/\\\/www.bellunopress.it\\\/wp-content\\\/uploads\\\/2011\\\/05\\\/cropped-logo-bellunopress-.jpg\",\"width\":512,\"height\":512,\"caption\":\"Bellunopress\"},\"image\":{\"@id\":\"https:\\\/\\\/www.bellunopress.it\\\/#\\\/schema\\\/logo\\\/image\\\/\"},\"sameAs\":[\"https:\\\/\\\/www.facebook.com\\\/profile.php?id=100008943462799\",\"https:\\\/\\\/x.com\\\/bellunopress\",\"https:\\\/\\\/www.linkedin.com\\\/hp\\\/?dnr=JBzUWaJfMUw8vbXJJ2tVW5-I3jZKvC4wsoxE&amp;amp;amp;amp;amp;amp;trk=nav_responsive_tab_home\",\"https:\\\/\\\/www.youtube.com\\\/channel\\\/UCxL0wu1uN0_3_7hGG0306cw\"]},{\"@type\":\"Person\",\"@id\":\"https:\\\/\\\/www.bellunopress.it\\\/#\\\/schema\\\/person\\\/79bb06722b37ece1c03d3e94beb30d73\",\"name\":\"redazione\",\"image\":{\"@type\":\"ImageObject\",\"inLanguage\":\"fr-FR\",\"@id\":\"https:\\\/\\\/secure.gravatar.com\\\/avatar\\\/37d968a2e67a6fd04c169c4bdef102d0bc5d31b2546345219e348575eb80e9a0?s=96&d=mm&r=g\",\"url\":\"https:\\\/\\\/secure.gravatar.com\\\/avatar\\\/37d968a2e67a6fd04c169c4bdef102d0bc5d31b2546345219e348575eb80e9a0?s=96&d=mm&r=g\",\"contentUrl\":\"https:\\\/\\\/secure.gravatar.com\\\/avatar\\\/37d968a2e67a6fd04c169c4bdef102d0bc5d31b2546345219e348575eb80e9a0?s=96&d=mm&r=g\",\"caption\":\"redazione\"},\"sameAs\":[\"http:\\\/\\\/www.bellunopress.it\",\"https:\\\/\\\/x.com\\\/bellunopress\"],\"url\":\"https:\\\/\\\/www.bellunopress.it\\\/fr\\\/author\\\/redazione\\\/\"}]}<\/script>\n<!-- \/ Yoast SEO plugin. -->","yoast_head_json":{"title":"Aperto al traffico il sottopasso di Anz\u00f9. Bond: \"I lavori sono stati terminati con 6 mesi di anticipo\" - Bellunopress - Dolomiti","robots":{"index":"index","follow":"follow","max-snippet":"max-snippet:-1","max-image-preview":"max-image-preview:large","max-video-preview":"max-video-preview:-1"},"canonical":"https:\/\/www.bellunopress.it\/fr\/2011\/12\/23\/aperto-al-traffico-il-sottopasso-di-anzu-bond-i-lavori-sono-stati-terminati-con-6-mesi-di-anticipo\/","og_locale":"fr_FR","og_type":"article","og_title":"Aperto al traffico il sottopasso di Anz\u00f9. Bond: \"I lavori sono stati terminati con 6 mesi di anticipo\" - Bellunopress - Dolomiti","og_description":"&#8220;I lavori sono terminati con sei mesi di anticipo sulla tabella di marcia, segno che Veneto Strade ha lavorato bene. Su Anz\u00f9 si sta giocando una partita delicata e importante&#8221;. Questo il commento del capogruppo del Pdl in Consiglio regionale Dario Bond a margine dell&#8217;apertura del tanto atteso sottopasso di Anz\u00f9, avvenuta questa mattina alle [&hellip;]","og_url":"https:\/\/www.bellunopress.it\/fr\/2011\/12\/23\/aperto-al-traffico-il-sottopasso-di-anzu-bond-i-lavori-sono-stati-terminati-con-6-mesi-di-anticipo\/","og_site_name":"Bellunopress - Dolomiti","article_publisher":"https:\/\/www.facebook.com\/profile.php?id=100008943462799","article_published_time":"2011-12-23T18:17:28+00:00","article_modified_time":"2011-12-23T18:18:21+00:00","og_image":[{"url":"http:\/\/www.bellunopress.it\/wp-content\/uploads\/2011\/12\/sottopasso-anz\u00f9-bond.jpg","type":"","width":"","height":""}],"author":"redazione","twitter_card":"summary_large_image","twitter_creator":"@bellunopress","twitter_site":"@bellunopress","twitter_misc":{"\u00c9crit par":"redazione","Dur\u00e9e de lecture estim\u00e9e":"1 minute"},"schema":{"@context":"https:\/\/schema.org","@graph":[{"@type":"Article","@id":"https:\/\/www.bellunopress.it\/2011\/12\/23\/aperto-al-traffico-il-sottopasso-di-anzu-bond-i-lavori-sono-stati-terminati-con-6-mesi-di-anticipo\/#article","isPartOf":{"@id":"https:\/\/www.bellunopress.it\/2011\/12\/23\/aperto-al-traffico-il-sottopasso-di-anzu-bond-i-lavori-sono-stati-terminati-con-6-mesi-di-anticipo\/"},"author":{"name":"redazione","@id":"https:\/\/www.bellunopress.it\/#\/schema\/person\/79bb06722b37ece1c03d3e94beb30d73"},"headline":"Aperto al traffico il sottopasso di Anz\u00f9. Bond: &#8220;I lavori sono stati terminati con 6 mesi di anticipo&#8221;","datePublished":"2011-12-23T18:17:28+00:00","dateModified":"2011-12-23T18:18:21+00:00","mainEntityOfPage":{"@id":"https:\/\/www.bellunopress.it\/2011\/12\/23\/aperto-al-traffico-il-sottopasso-di-anzu-bond-i-lavori-sono-stati-terminati-con-6-mesi-di-anticipo\/"},"wordCount":264,"publisher":{"@id":"https:\/\/www.bellunopress.it\/#organization"},"articleSection":["Lettere Opinioni"],"inLanguage":"fr-FR"},{"@type":"WebPage","@id":"https:\/\/www.bellunopress.it\/2011\/12\/23\/aperto-al-traffico-il-sottopasso-di-anzu-bond-i-lavori-sono-stati-terminati-con-6-mesi-di-anticipo\/","url":"https:\/\/www.bellunopress.it\/2011\/12\/23\/aperto-al-traffico-il-sottopasso-di-anzu-bond-i-lavori-sono-stati-terminati-con-6-mesi-di-anticipo\/","name":"Aperto al traffico il sottopasso di Anz\u00f9. Bond: \"I lavori sono stati terminati con 6 mesi di anticipo\" - Bellunopress - Dolomiti","isPartOf":{"@id":"https:\/\/www.bellunopress.it\/#website"},"datePublished":"2011-12-23T18:17:28+00:00","dateModified":"2011-12-23T18:18:21+00:00","breadcrumb":{"@id":"https:\/\/www.bellunopress.it\/2011\/12\/23\/aperto-al-traffico-il-sottopasso-di-anzu-bond-i-lavori-sono-stati-terminati-con-6-mesi-di-anticipo\/#breadcrumb"},"inLanguage":"fr-FR","potentialAction":[{"@type":"ReadAction","target":["https:\/\/www.bellunopress.it\/2011\/12\/23\/aperto-al-traffico-il-sottopasso-di-anzu-bond-i-lavori-sono-stati-terminati-con-6-mesi-di-anticipo\/"]}]},{"@type":"BreadcrumbList","@id":"https:\/\/www.bellunopress.it\/2011\/12\/23\/aperto-al-traffico-il-sottopasso-di-anzu-bond-i-lavori-sono-stati-terminati-con-6-mesi-di-anticipo\/#breadcrumb","itemListElement":[{"@type":"ListItem","position":1,"name":"Home","item":"https:\/\/www.bellunopress.it\/"},{"@type":"ListItem","position":2,"name":"Aperto al traffico il sottopasso di Anz\u00f9. Bond: &#8220;I lavori sono stati terminati con 6 mesi di anticipo&#8221;"}]},{"@type":"WebSite","@id":"https:\/\/www.bellunopress.it\/#website","url":"https:\/\/www.bellunopress.it\/","name":"Bellunopress - Dolomiti","description":"e-mail: redazione@bellunopress.it","publisher":{"@id":"https:\/\/www.bellunopress.it\/#organization"},"potentialAction":[{"@type":"SearchAction","target":{"@type":"EntryPoint","urlTemplate":"https:\/\/www.bellunopress.it\/?s={search_term_string}"},"query-input":{"@type":"PropertyValueSpecification","valueRequired":true,"valueName":"search_term_string"}}],"inLanguage":"fr-FR"},{"@type":"Organization","@id":"https:\/\/www.bellunopress.it\/#organization","name":"Bellunopress","url":"https:\/\/www.bellunopress.it\/","logo":{"@type":"ImageObject","inLanguage":"fr-FR","@id":"https:\/\/www.bellunopress.it\/#\/schema\/logo\/image\/","url":"https:\/\/www.bellunopress.it\/wp-content\/uploads\/2011\/05\/cropped-logo-bellunopress-.jpg","contentUrl":"https:\/\/www.bellunopress.it\/wp-content\/uploads\/2011\/05\/cropped-logo-bellunopress-.jpg","width":512,"height":512,"caption":"Bellunopress"},"image":{"@id":"https:\/\/www.bellunopress.it\/#\/schema\/logo\/image\/"},"sameAs":["https:\/\/www.facebook.com\/profile.php?id=100008943462799","https:\/\/x.com\/bellunopress","https:\/\/www.linkedin.com\/hp\/?dnr=JBzUWaJfMUw8vbXJJ2tVW5-I3jZKvC4wsoxE&amp;amp;amp;amp;amp;amp;trk=nav_responsive_tab_home","https:\/\/www.youtube.com\/channel\/UCxL0wu1uN0_3_7hGG0306cw"]},{"@type":"Person","@id":"https:\/\/www.bellunopress.it\/#\/schema\/person\/79bb06722b37ece1c03d3e94beb30d73","name":"r\u00e9daction","image":{"@type":"ImageObject","inLanguage":"fr-FR","@id":"https:\/\/secure.gravatar.com\/avatar\/37d968a2e67a6fd04c169c4bdef102d0bc5d31b2546345219e348575eb80e9a0?s=96&d=mm&r=g","url":"https:\/\/secure.gravatar.com\/avatar\/37d968a2e67a6fd04c169c4bdef102d0bc5d31b2546345219e348575eb80e9a0?s=96&d=mm&r=g","contentUrl":"https:\/\/secure.gravatar.com\/avatar\/37d968a2e67a6fd04c169c4bdef102d0bc5d31b2546345219e348575eb80e9a0?s=96&d=mm&r=g","caption":"redazione"},"sameAs":["http:\/\/www.bellunopress.it","https:\/\/x.com\/bellunopress"],"url":"https:\/\/www.bellunopress.it\/fr\/author\/redazione\/"}]}},"_links":{"self":[{"href":"https:\/\/www.bellunopress.it\/fr\/wp-json\/wp\/v2\/posts\/33613","targetHints":{"allow":["GET"]}}],"collection":[{"href":"https:\/\/www.bellunopress.it\/fr\/wp-json\/wp\/v2\/posts"}],"about":[{"href":"https:\/\/www.bellunopress.it\/fr\/wp-json\/wp\/v2\/types\/post"}],"author":[{"embeddable":true,"href":"https:\/\/www.bellunopress.it\/fr\/wp-json\/wp\/v2\/users\/2"}],"replies":[{"embeddable":true,"href":"https:\/\/www.bellunopress.it\/fr\/wp-json\/wp\/v2\/comments?post=33613"}],"version-history":[{"count":2,"href":"https:\/\/www.bellunopress.it\/fr\/wp-json\/wp\/v2\/posts\/33613\/revisions"}],"predecessor-version":[{"id":33616,"href":"https:\/\/www.bellunopress.it\/fr\/wp-json\/wp\/v2\/posts\/33613\/revisions\/33616"}],"wp:attachment":[{"href":"https:\/\/www.bellunopress.it\/fr\/wp-json\/wp\/v2\/media?parent=33613"}],"wp:term":[{"taxonomy":"category","embeddable":true,"href":"https:\/\/www.bellunopress.it\/fr\/wp-json\/wp\/v2\/categories?post=33613"},{"taxonomy":"post_tag","embeddable":true,"href":"https:\/\/www.bellunopress.it\/fr\/wp-json\/wp\/v2\/tags?post=33613"}],"curies":[{"name":"wp","href":"https:\/\/api.w.org\/{rel}","templated":true}]}}