{"id":33605,"date":"2011-12-23T10:32:17","date_gmt":"2011-12-23T09:32:17","guid":{"rendered":"http:\/\/www.bellunopress.it\/?p=33605"},"modified":"2011-12-23T10:32:17","modified_gmt":"2011-12-23T09:32:17","slug":"turismo-il-veneto-vola-nonostante-la-crisi-4-pernottamenti-63-milioni-di-presenze","status":"publish","type":"post","link":"https:\/\/www.bellunopress.it\/fr\/2011\/12\/23\/turismo-il-veneto-vola-nonostante-la-crisi-4-pernottamenti-63-milioni-di-presenze\/","title":{"rendered":"Turismo. Il Veneto vola nonostante la crisi: +4% pernottamenti, 63 milioni di presenze"},"content":{"rendered":"<figure id=\"attachment_28274\" aria-describedby=\"caption-attachment-28274\" style=\"width: 247px\" class=\"wp-caption alignleft\"><a href=\"http:\/\/www.bellunopress.it\/wp-content\/uploads\/2011\/06\/Finozzi-247x280.jpg\"><img loading=\"lazy\" decoding=\"async\" class=\"size-full wp-image-28274\" title=\"Finozzi 247x280\" src=\"http:\/\/www.bellunopress.it\/wp-content\/uploads\/2011\/06\/Finozzi-247x280.jpg\" alt=\"\" width=\"247\" height=\"280\" \/><\/a><figcaption id=\"caption-attachment-28274\" class=\"wp-caption-text\">Marino Finozzi<\/figcaption><\/figure>\n<p>Il 2011 si sta rivelando un anno di vero boom per il turismo del Veneto e l\u2019economia dell\u2019ospitalit\u00e0 della Regione, con una crescita dei pernottamenti complessivi che dovrebbe aggirarsi attorno al pi\u00f9 4 per cento. \u201cQuesto significa che dovremmo alla fine toccare, e forse superare, i 63 milioni di presenze turistiche \u2013 commenta l\u2019assessore regionale Marino Finozzi \u2013 ovvero raggiungere il record assoluto di una Regione che \u00e8, e rimane, la prima in Italia in questo settore, ospitando grosso modo un turista ogni 6 che scelgono il nostro Paese per le loro vacanze e i loro soggiorni. I dati definitivi e certificati \u2013 aggiunge Finozzi \u2013 saranno disponibili solo a febbraio, ma sin d\u2019ora i numeri prospettano una crescita decisa, con un aumento degli stranieri, che rappresentano ormai il 62 \u2013 63 per cento del totale. In sostanziale stasi invece gli ospiti italiani: la crisi sta mordendo\u201d.<br \/>\n\u201cPenso che le cifre testimonino che abbiamo lavorato bene, come Regione ma soprattutto come sistema imprenditoriale turistico, e che la proposta di accoglienza del Veneto mantenga tutto il suo appeal, al cui interno si sta qualificando la vivacit\u00e0 culturale delle citt\u00e0 d\u2019arte (dove la crescita percentuale delle presenze \u00e8 a due cifre), mentre si confermano le spiagge e il Garda. Dobbiamo per\u00f2 prepararci al futuro, e lo stiamo facendo, consapevoli che i tempi sono e saranno difficili, ma che dobbiamo stringere i denti ora per cogliere le opportunit\u00e0 del dopo crisi. In uno scenario di difficolt\u00e0 economica, il turismo si \u00e8 rivelato ancora una volta l\u2019industria pi\u00f9 importante del Veneto, sostenendo con il suo andamento positivo il tessuto economico e produttivo regionale in un settore che dipende solo da noi e non \u00e8 delocalizzabile\u201d.<br \/>\n\u201cSiamo impegnati in questa fase a rinnovare la cornice legislativa regionale al cui interno operano gli imprenditori veneti, per renderne pi\u00f9 efficace l\u2019impegno. Nel maggio scorso \u2013 ricorda l\u2019assessore \u2013 la Giunta ha approvato il Disegno di legge \u201cSviluppo e sostenibilit\u00e0 del turismo veneto\u201d, che getta le basi per un cambiamento radicale e innovativo del turismo proiettato ai nuovi turismi e ai nuovi turisti italiani e stranieri. Prima di Natale abbiamo proposto, primi in Italia e in un contesto ancora incerto a livello nazionale, il disegno di legge in materia di concessioni demaniali marittime. E\u2019 uno strumento legislativo adeguato e in grado di tutelare i nostri concessionari, dando loro la possibilit\u00e0 di lavorare con serenit\u00e0 e continuare a investire nel settore balneare, che \u00e8 il nostro punto di forza, ottemperando nel contempo alle disposizioni europee sulla libera concorrenza\u201d.<br \/>\n\u201cLe difficolt\u00e0 economiche non ci hanno scoraggiato e abbiamo portato a casa cinque progetti di eccellenza cofinanziati dallo Stato, per circa 10 milioni di euro. Questi ci consentiranno \u2013 spiega Finozzi \u2013 di programmare azioni, interventi e iniziative per altrettanti settori importanti dell\u2019economia turistica veneta: l\u2019accessibilit\u00e0 e il turismo sociale, il nuovo tematismo Pedemontana Veneta, i nuovi mercati dei Paesi BRIC e, insieme alle altre regioni confinanti, le Dolomiti UNESCO e il Sistema Turistico Interregionale Lago di Garda, per entrambi i quali il Veneto \u00e8 capofila. Nel 2011 abbiamo lavorato anche per i club di prodotto e presentato quattro progetti a livello comunitario per finanziamenti a carico della Commissione Europea\u201d.<br \/>\n\u201cNel luglio scorso abbiamo istituito il \u2018Tavolo delle sinergie\u2019 \u2013 dice ancora l\u2019assessore \u2013 per dare una prospettiva unitaria al variegato sistema del turismo veneto, che \u00e8 leader proprio per la sua trasversalit\u00e0 rispetto agli altri segmenti dell\u2019economia e dell\u2019attivit\u00e0 regionale. Nell\u2019economia dell\u2019ospitalit\u00e0 sono infatti coinvolti il paesaggio e il territorio, e quindi l\u2019urbanistica e la pianificazione; la mobilit\u00e0 dei turisti e quindi la viabilit\u00e0 e i trasporti; l\u2019accoglienza del turista e quindi la formazione e l\u2019informazione; la qualit\u00e0 degli alberghi e quindi le norme e le regole di lavoro e di vivibilit\u00e0 dei servizi turistici; i beni culturali e l\u2019intero sistema che sottende a questo settore fondamentale in una Regione che ha quasi 3.000 anni di civilt\u00e0 alle spalle; le produzioni artigianali e agroalimentari e quindi i rapporti con il con l\u2019economia del territorio, la tradizione, la qualit\u00e0 delle produzioni agricole e la cultura della cucina\u201d.<br \/>\n\u201cSotto il profilo finanziario, infine \u2013 sottolinea Finozzi \u2013 abbiamo operato per sostenere l\u2019innovazione e la qualit\u00e0. Per mantenere alto il livello di accoglienza degli alberghi e delle strutture extralberghiere, nel giugno scorso siamo intervenuti rinnovando e semplificando le regole di accesso al credito, sia mediante la riscrittura del Fondo di rotazione per le imprese turistiche che intendono avere credito agevolato, sia intervenendo direttamente con Veneto Sviluppo a garanzia delle imprese verso le banche\u201d.<br \/>\n\u201cIl nostro obiettivo di medio \u2013 lungo\u00a0 periodo \u2013 conclude l\u2019assessore \u2013 \u00e8 sintetizzato dalla sigla 20 \u2013 20 \u2013 20, ovvero arrivare entro il 2020 ad un turismo il cui valore valga 20 miliardi di fatturato, creati dall\u2019arrivo di 20 milioni di turisti l\u2019anno da tutto il mondo, rispetto ai 15 milioni di arrivi attuali\u201d.<\/p>\n<p>&nbsp;<\/p>\n<p>&nbsp;<\/p>","protected":false},"excerpt":{"rendered":"<p>Il 2011 si sta rivelando un anno di vero boom per il turismo del Veneto e l\u2019economia dell\u2019ospitalit\u00e0 della Regione, con una crescita dei pernottamenti complessivi che dovrebbe aggirarsi attorno al pi\u00f9 4 per cento. \u201cQuesto significa che dovremmo alla fine toccare, e forse superare, i 63 milioni di presenze turistiche \u2013 commenta l\u2019assessore regionale [&hellip;]<\/p>\n","protected":false},"author":2,"featured_media":0,"comment_status":"closed","ping_status":"open","sticky":false,"template":"","format":"standard","meta":{"footnotes":""},"categories":[5,26],"tags":[],"class_list":["post-33605","post","type-post","status-publish","format-standard","category-cronaca","category-prima-pagina"],"yoast_head":"<!-- This site is optimized with the Yoast SEO plugin v28.4 - https:\/\/yoast.com\/product\/yoast-seo-wordpress\/ -->\n<title>Turismo. Il Veneto vola nonostante la crisi: +4% pernottamenti, 63 milioni di presenze - Bellunopress - Dolomiti<\/title>\n<meta name=\"robots\" content=\"index, follow, max-snippet:-1, max-image-preview:large, max-video-preview:-1\" \/>\n<link rel=\"canonical\" href=\"https:\/\/www.bellunopress.it\/fr\/2011\/12\/23\/turismo-il-veneto-vola-nonostante-la-crisi-4-pernottamenti-63-milioni-di-presenze\/\" \/>\n<meta property=\"og:locale\" content=\"fr_FR\" \/>\n<meta property=\"og:type\" content=\"article\" \/>\n<meta property=\"og:title\" content=\"Turismo. Il Veneto vola nonostante la crisi: +4% pernottamenti, 63 milioni di presenze - Bellunopress - Dolomiti\" \/>\n<meta property=\"og:description\" content=\"Il 2011 si sta rivelando un anno di vero boom per il turismo del Veneto e l\u2019economia dell\u2019ospitalit\u00e0 della Regione, con una crescita dei pernottamenti complessivi che dovrebbe aggirarsi attorno al pi\u00f9 4 per cento. \u201cQuesto significa che dovremmo alla fine toccare, e forse superare, i 63 milioni di presenze turistiche \u2013 commenta l\u2019assessore regionale [&hellip;]\" \/>\n<meta property=\"og:url\" content=\"https:\/\/www.bellunopress.it\/fr\/2011\/12\/23\/turismo-il-veneto-vola-nonostante-la-crisi-4-pernottamenti-63-milioni-di-presenze\/\" \/>\n<meta property=\"og:site_name\" content=\"Bellunopress - Dolomiti\" \/>\n<meta property=\"article:publisher\" content=\"https:\/\/www.facebook.com\/profile.php?id=100008943462799\" \/>\n<meta property=\"article:published_time\" content=\"2011-12-23T09:32:17+00:00\" \/>\n<meta property=\"og:image\" content=\"http:\/\/www.bellunopress.it\/wp-content\/uploads\/2011\/06\/Finozzi-247x280.jpg\" \/>\n<meta name=\"author\" content=\"redazione\" \/>\n<meta name=\"twitter:card\" content=\"summary_large_image\" \/>\n<meta name=\"twitter:creator\" content=\"@bellunopress\" \/>\n<meta name=\"twitter:site\" content=\"@bellunopress\" \/>\n<meta name=\"twitter:label1\" content=\"\u00c9crit par\" \/>\n\t<meta name=\"twitter:data1\" content=\"redazione\" \/>\n\t<meta name=\"twitter:label2\" content=\"Dur\u00e9e de lecture estim\u00e9e\" \/>\n\t<meta name=\"twitter:data2\" content=\"4 minutes\" \/>\n<script type=\"application\/ld+json\" class=\"yoast-schema-graph\">{\"@context\":\"https:\\\/\\\/schema.org\",\"@graph\":[{\"@type\":\"Article\",\"@id\":\"https:\\\/\\\/www.bellunopress.it\\\/2011\\\/12\\\/23\\\/turismo-il-veneto-vola-nonostante-la-crisi-4-pernottamenti-63-milioni-di-presenze\\\/#article\",\"isPartOf\":{\"@id\":\"https:\\\/\\\/www.bellunopress.it\\\/2011\\\/12\\\/23\\\/turismo-il-veneto-vola-nonostante-la-crisi-4-pernottamenti-63-milioni-di-presenze\\\/\"},\"author\":{\"name\":\"redazione\",\"@id\":\"https:\\\/\\\/www.bellunopress.it\\\/#\\\/schema\\\/person\\\/79bb06722b37ece1c03d3e94beb30d73\"},\"headline\":\"Turismo. Il Veneto vola nonostante la crisi: +4% pernottamenti, 63 milioni di presenze\",\"datePublished\":\"2011-12-23T09:32:17+00:00\",\"mainEntityOfPage\":{\"@id\":\"https:\\\/\\\/www.bellunopress.it\\\/2011\\\/12\\\/23\\\/turismo-il-veneto-vola-nonostante-la-crisi-4-pernottamenti-63-milioni-di-presenze\\\/\"},\"wordCount\":811,\"publisher\":{\"@id\":\"https:\\\/\\\/www.bellunopress.it\\\/#organization\"},\"image\":{\"@id\":\"https:\\\/\\\/www.bellunopress.it\\\/2011\\\/12\\\/23\\\/turismo-il-veneto-vola-nonostante-la-crisi-4-pernottamenti-63-milioni-di-presenze\\\/#primaryimage\"},\"thumbnailUrl\":\"http:\\\/\\\/www.bellunopress.it\\\/wp-content\\\/uploads\\\/2011\\\/06\\\/Finozzi-247x280.jpg\",\"articleSection\":[\"Cronaca\\\/Politica\",\"Prima Pagina\"],\"inLanguage\":\"fr-FR\"},{\"@type\":\"WebPage\",\"@id\":\"https:\\\/\\\/www.bellunopress.it\\\/2011\\\/12\\\/23\\\/turismo-il-veneto-vola-nonostante-la-crisi-4-pernottamenti-63-milioni-di-presenze\\\/\",\"url\":\"https:\\\/\\\/www.bellunopress.it\\\/2011\\\/12\\\/23\\\/turismo-il-veneto-vola-nonostante-la-crisi-4-pernottamenti-63-milioni-di-presenze\\\/\",\"name\":\"Turismo. Il Veneto vola nonostante la crisi: +4% pernottamenti, 63 milioni di presenze - Bellunopress - Dolomiti\",\"isPartOf\":{\"@id\":\"https:\\\/\\\/www.bellunopress.it\\\/#website\"},\"primaryImageOfPage\":{\"@id\":\"https:\\\/\\\/www.bellunopress.it\\\/2011\\\/12\\\/23\\\/turismo-il-veneto-vola-nonostante-la-crisi-4-pernottamenti-63-milioni-di-presenze\\\/#primaryimage\"},\"image\":{\"@id\":\"https:\\\/\\\/www.bellunopress.it\\\/2011\\\/12\\\/23\\\/turismo-il-veneto-vola-nonostante-la-crisi-4-pernottamenti-63-milioni-di-presenze\\\/#primaryimage\"},\"thumbnailUrl\":\"http:\\\/\\\/www.bellunopress.it\\\/wp-content\\\/uploads\\\/2011\\\/06\\\/Finozzi-247x280.jpg\",\"datePublished\":\"2011-12-23T09:32:17+00:00\",\"breadcrumb\":{\"@id\":\"https:\\\/\\\/www.bellunopress.it\\\/2011\\\/12\\\/23\\\/turismo-il-veneto-vola-nonostante-la-crisi-4-pernottamenti-63-milioni-di-presenze\\\/#breadcrumb\"},\"inLanguage\":\"fr-FR\",\"potentialAction\":[{\"@type\":\"ReadAction\",\"target\":[\"https:\\\/\\\/www.bellunopress.it\\\/2011\\\/12\\\/23\\\/turismo-il-veneto-vola-nonostante-la-crisi-4-pernottamenti-63-milioni-di-presenze\\\/\"]}]},{\"@type\":\"ImageObject\",\"inLanguage\":\"fr-FR\",\"@id\":\"https:\\\/\\\/www.bellunopress.it\\\/2011\\\/12\\\/23\\\/turismo-il-veneto-vola-nonostante-la-crisi-4-pernottamenti-63-milioni-di-presenze\\\/#primaryimage\",\"url\":\"http:\\\/\\\/www.bellunopress.it\\\/wp-content\\\/uploads\\\/2011\\\/06\\\/Finozzi-247x280.jpg\",\"contentUrl\":\"http:\\\/\\\/www.bellunopress.it\\\/wp-content\\\/uploads\\\/2011\\\/06\\\/Finozzi-247x280.jpg\"},{\"@type\":\"BreadcrumbList\",\"@id\":\"https:\\\/\\\/www.bellunopress.it\\\/2011\\\/12\\\/23\\\/turismo-il-veneto-vola-nonostante-la-crisi-4-pernottamenti-63-milioni-di-presenze\\\/#breadcrumb\",\"itemListElement\":[{\"@type\":\"ListItem\",\"position\":1,\"name\":\"Home\",\"item\":\"https:\\\/\\\/www.bellunopress.it\\\/\"},{\"@type\":\"ListItem\",\"position\":2,\"name\":\"Turismo. Il Veneto vola nonostante la crisi: +4% pernottamenti, 63 milioni di presenze\"}]},{\"@type\":\"WebSite\",\"@id\":\"https:\\\/\\\/www.bellunopress.it\\\/#website\",\"url\":\"https:\\\/\\\/www.bellunopress.it\\\/\",\"name\":\"Bellunopress - Dolomiti\",\"description\":\"e-mail: redazione@bellunopress.it\",\"publisher\":{\"@id\":\"https:\\\/\\\/www.bellunopress.it\\\/#organization\"},\"potentialAction\":[{\"@type\":\"SearchAction\",\"target\":{\"@type\":\"EntryPoint\",\"urlTemplate\":\"https:\\\/\\\/www.bellunopress.it\\\/?s={search_term_string}\"},\"query-input\":{\"@type\":\"PropertyValueSpecification\",\"valueRequired\":true,\"valueName\":\"search_term_string\"}}],\"inLanguage\":\"fr-FR\"},{\"@type\":\"Organization\",\"@id\":\"https:\\\/\\\/www.bellunopress.it\\\/#organization\",\"name\":\"Bellunopress\",\"url\":\"https:\\\/\\\/www.bellunopress.it\\\/\",\"logo\":{\"@type\":\"ImageObject\",\"inLanguage\":\"fr-FR\",\"@id\":\"https:\\\/\\\/www.bellunopress.it\\\/#\\\/schema\\\/logo\\\/image\\\/\",\"url\":\"https:\\\/\\\/www.bellunopress.it\\\/wp-content\\\/uploads\\\/2011\\\/05\\\/cropped-logo-bellunopress-.jpg\",\"contentUrl\":\"https:\\\/\\\/www.bellunopress.it\\\/wp-content\\\/uploads\\\/2011\\\/05\\\/cropped-logo-bellunopress-.jpg\",\"width\":512,\"height\":512,\"caption\":\"Bellunopress\"},\"image\":{\"@id\":\"https:\\\/\\\/www.bellunopress.it\\\/#\\\/schema\\\/logo\\\/image\\\/\"},\"sameAs\":[\"https:\\\/\\\/www.facebook.com\\\/profile.php?id=100008943462799\",\"https:\\\/\\\/x.com\\\/bellunopress\",\"https:\\\/\\\/www.linkedin.com\\\/hp\\\/?dnr=JBzUWaJfMUw8vbXJJ2tVW5-I3jZKvC4wsoxE&amp;amp;amp;amp;amp;amp;trk=nav_responsive_tab_home\",\"https:\\\/\\\/www.youtube.com\\\/channel\\\/UCxL0wu1uN0_3_7hGG0306cw\"]},{\"@type\":\"Person\",\"@id\":\"https:\\\/\\\/www.bellunopress.it\\\/#\\\/schema\\\/person\\\/79bb06722b37ece1c03d3e94beb30d73\",\"name\":\"redazione\",\"image\":{\"@type\":\"ImageObject\",\"inLanguage\":\"fr-FR\",\"@id\":\"https:\\\/\\\/secure.gravatar.com\\\/avatar\\\/37d968a2e67a6fd04c169c4bdef102d0bc5d31b2546345219e348575eb80e9a0?s=96&d=mm&r=g\",\"url\":\"https:\\\/\\\/secure.gravatar.com\\\/avatar\\\/37d968a2e67a6fd04c169c4bdef102d0bc5d31b2546345219e348575eb80e9a0?s=96&d=mm&r=g\",\"contentUrl\":\"https:\\\/\\\/secure.gravatar.com\\\/avatar\\\/37d968a2e67a6fd04c169c4bdef102d0bc5d31b2546345219e348575eb80e9a0?s=96&d=mm&r=g\",\"caption\":\"redazione\"},\"sameAs\":[\"http:\\\/\\\/www.bellunopress.it\",\"https:\\\/\\\/x.com\\\/bellunopress\"],\"url\":\"https:\\\/\\\/www.bellunopress.it\\\/fr\\\/author\\\/redazione\\\/\"}]}<\/script>\n<!-- \/ Yoast SEO plugin. -->","yoast_head_json":{"title":"Turismo. Il Veneto vola nonostante la crisi: +4% pernottamenti, 63 milioni di presenze - Bellunopress - Dolomiti","robots":{"index":"index","follow":"follow","max-snippet":"max-snippet:-1","max-image-preview":"max-image-preview:large","max-video-preview":"max-video-preview:-1"},"canonical":"https:\/\/www.bellunopress.it\/fr\/2011\/12\/23\/turismo-il-veneto-vola-nonostante-la-crisi-4-pernottamenti-63-milioni-di-presenze\/","og_locale":"fr_FR","og_type":"article","og_title":"Turismo. Il Veneto vola nonostante la crisi: +4% pernottamenti, 63 milioni di presenze - Bellunopress - Dolomiti","og_description":"Il 2011 si sta rivelando un anno di vero boom per il turismo del Veneto e l\u2019economia dell\u2019ospitalit\u00e0 della Regione, con una crescita dei pernottamenti complessivi che dovrebbe aggirarsi attorno al pi\u00f9 4 per cento. \u201cQuesto significa che dovremmo alla fine toccare, e forse superare, i 63 milioni di presenze turistiche \u2013 commenta l\u2019assessore regionale [&hellip;]","og_url":"https:\/\/www.bellunopress.it\/fr\/2011\/12\/23\/turismo-il-veneto-vola-nonostante-la-crisi-4-pernottamenti-63-milioni-di-presenze\/","og_site_name":"Bellunopress - Dolomiti","article_publisher":"https:\/\/www.facebook.com\/profile.php?id=100008943462799","article_published_time":"2011-12-23T09:32:17+00:00","og_image":[{"url":"http:\/\/www.bellunopress.it\/wp-content\/uploads\/2011\/06\/Finozzi-247x280.jpg","type":"","width":"","height":""}],"author":"redazione","twitter_card":"summary_large_image","twitter_creator":"@bellunopress","twitter_site":"@bellunopress","twitter_misc":{"\u00c9crit par":"redazione","Dur\u00e9e de lecture estim\u00e9e":"4 minutes"},"schema":{"@context":"https:\/\/schema.org","@graph":[{"@type":"Article","@id":"https:\/\/www.bellunopress.it\/2011\/12\/23\/turismo-il-veneto-vola-nonostante-la-crisi-4-pernottamenti-63-milioni-di-presenze\/#article","isPartOf":{"@id":"https:\/\/www.bellunopress.it\/2011\/12\/23\/turismo-il-veneto-vola-nonostante-la-crisi-4-pernottamenti-63-milioni-di-presenze\/"},"author":{"name":"redazione","@id":"https:\/\/www.bellunopress.it\/#\/schema\/person\/79bb06722b37ece1c03d3e94beb30d73"},"headline":"Turismo. Il Veneto vola nonostante la crisi: +4% pernottamenti, 63 milioni di presenze","datePublished":"2011-12-23T09:32:17+00:00","mainEntityOfPage":{"@id":"https:\/\/www.bellunopress.it\/2011\/12\/23\/turismo-il-veneto-vola-nonostante-la-crisi-4-pernottamenti-63-milioni-di-presenze\/"},"wordCount":811,"publisher":{"@id":"https:\/\/www.bellunopress.it\/#organization"},"image":{"@id":"https:\/\/www.bellunopress.it\/2011\/12\/23\/turismo-il-veneto-vola-nonostante-la-crisi-4-pernottamenti-63-milioni-di-presenze\/#primaryimage"},"thumbnailUrl":"http:\/\/www.bellunopress.it\/wp-content\/uploads\/2011\/06\/Finozzi-247x280.jpg","articleSection":["Cronaca\/Politica","Prima Pagina"],"inLanguage":"fr-FR"},{"@type":"WebPage","@id":"https:\/\/www.bellunopress.it\/2011\/12\/23\/turismo-il-veneto-vola-nonostante-la-crisi-4-pernottamenti-63-milioni-di-presenze\/","url":"https:\/\/www.bellunopress.it\/2011\/12\/23\/turismo-il-veneto-vola-nonostante-la-crisi-4-pernottamenti-63-milioni-di-presenze\/","name":"Turismo. Il Veneto vola nonostante la crisi: +4% pernottamenti, 63 milioni di presenze - Bellunopress - Dolomiti","isPartOf":{"@id":"https:\/\/www.bellunopress.it\/#website"},"primaryImageOfPage":{"@id":"https:\/\/www.bellunopress.it\/2011\/12\/23\/turismo-il-veneto-vola-nonostante-la-crisi-4-pernottamenti-63-milioni-di-presenze\/#primaryimage"},"image":{"@id":"https:\/\/www.bellunopress.it\/2011\/12\/23\/turismo-il-veneto-vola-nonostante-la-crisi-4-pernottamenti-63-milioni-di-presenze\/#primaryimage"},"thumbnailUrl":"http:\/\/www.bellunopress.it\/wp-content\/uploads\/2011\/06\/Finozzi-247x280.jpg","datePublished":"2011-12-23T09:32:17+00:00","breadcrumb":{"@id":"https:\/\/www.bellunopress.it\/2011\/12\/23\/turismo-il-veneto-vola-nonostante-la-crisi-4-pernottamenti-63-milioni-di-presenze\/#breadcrumb"},"inLanguage":"fr-FR","potentialAction":[{"@type":"ReadAction","target":["https:\/\/www.bellunopress.it\/2011\/12\/23\/turismo-il-veneto-vola-nonostante-la-crisi-4-pernottamenti-63-milioni-di-presenze\/"]}]},{"@type":"ImageObject","inLanguage":"fr-FR","@id":"https:\/\/www.bellunopress.it\/2011\/12\/23\/turismo-il-veneto-vola-nonostante-la-crisi-4-pernottamenti-63-milioni-di-presenze\/#primaryimage","url":"http:\/\/www.bellunopress.it\/wp-content\/uploads\/2011\/06\/Finozzi-247x280.jpg","contentUrl":"http:\/\/www.bellunopress.it\/wp-content\/uploads\/2011\/06\/Finozzi-247x280.jpg"},{"@type":"BreadcrumbList","@id":"https:\/\/www.bellunopress.it\/2011\/12\/23\/turismo-il-veneto-vola-nonostante-la-crisi-4-pernottamenti-63-milioni-di-presenze\/#breadcrumb","itemListElement":[{"@type":"ListItem","position":1,"name":"Home","item":"https:\/\/www.bellunopress.it\/"},{"@type":"ListItem","position":2,"name":"Turismo. Il Veneto vola nonostante la crisi: +4% pernottamenti, 63 milioni di presenze"}]},{"@type":"WebSite","@id":"https:\/\/www.bellunopress.it\/#website","url":"https:\/\/www.bellunopress.it\/","name":"Bellunopress - Dolomiti","description":"e-mail: redazione@bellunopress.it","publisher":{"@id":"https:\/\/www.bellunopress.it\/#organization"},"potentialAction":[{"@type":"SearchAction","target":{"@type":"EntryPoint","urlTemplate":"https:\/\/www.bellunopress.it\/?s={search_term_string}"},"query-input":{"@type":"PropertyValueSpecification","valueRequired":true,"valueName":"search_term_string"}}],"inLanguage":"fr-FR"},{"@type":"Organization","@id":"https:\/\/www.bellunopress.it\/#organization","name":"Bellunopress","url":"https:\/\/www.bellunopress.it\/","logo":{"@type":"ImageObject","inLanguage":"fr-FR","@id":"https:\/\/www.bellunopress.it\/#\/schema\/logo\/image\/","url":"https:\/\/www.bellunopress.it\/wp-content\/uploads\/2011\/05\/cropped-logo-bellunopress-.jpg","contentUrl":"https:\/\/www.bellunopress.it\/wp-content\/uploads\/2011\/05\/cropped-logo-bellunopress-.jpg","width":512,"height":512,"caption":"Bellunopress"},"image":{"@id":"https:\/\/www.bellunopress.it\/#\/schema\/logo\/image\/"},"sameAs":["https:\/\/www.facebook.com\/profile.php?id=100008943462799","https:\/\/x.com\/bellunopress","https:\/\/www.linkedin.com\/hp\/?dnr=JBzUWaJfMUw8vbXJJ2tVW5-I3jZKvC4wsoxE&amp;amp;amp;amp;amp;amp;trk=nav_responsive_tab_home","https:\/\/www.youtube.com\/channel\/UCxL0wu1uN0_3_7hGG0306cw"]},{"@type":"Person","@id":"https:\/\/www.bellunopress.it\/#\/schema\/person\/79bb06722b37ece1c03d3e94beb30d73","name":"r\u00e9daction","image":{"@type":"ImageObject","inLanguage":"fr-FR","@id":"https:\/\/secure.gravatar.com\/avatar\/37d968a2e67a6fd04c169c4bdef102d0bc5d31b2546345219e348575eb80e9a0?s=96&d=mm&r=g","url":"https:\/\/secure.gravatar.com\/avatar\/37d968a2e67a6fd04c169c4bdef102d0bc5d31b2546345219e348575eb80e9a0?s=96&d=mm&r=g","contentUrl":"https:\/\/secure.gravatar.com\/avatar\/37d968a2e67a6fd04c169c4bdef102d0bc5d31b2546345219e348575eb80e9a0?s=96&d=mm&r=g","caption":"redazione"},"sameAs":["http:\/\/www.bellunopress.it","https:\/\/x.com\/bellunopress"],"url":"https:\/\/www.bellunopress.it\/fr\/author\/redazione\/"}]}},"_links":{"self":[{"href":"https:\/\/www.bellunopress.it\/fr\/wp-json\/wp\/v2\/posts\/33605","targetHints":{"allow":["GET"]}}],"collection":[{"href":"https:\/\/www.bellunopress.it\/fr\/wp-json\/wp\/v2\/posts"}],"about":[{"href":"https:\/\/www.bellunopress.it\/fr\/wp-json\/wp\/v2\/types\/post"}],"author":[{"embeddable":true,"href":"https:\/\/www.bellunopress.it\/fr\/wp-json\/wp\/v2\/users\/2"}],"replies":[{"embeddable":true,"href":"https:\/\/www.bellunopress.it\/fr\/wp-json\/wp\/v2\/comments?post=33605"}],"version-history":[{"count":1,"href":"https:\/\/www.bellunopress.it\/fr\/wp-json\/wp\/v2\/posts\/33605\/revisions"}],"predecessor-version":[{"id":33606,"href":"https:\/\/www.bellunopress.it\/fr\/wp-json\/wp\/v2\/posts\/33605\/revisions\/33606"}],"wp:attachment":[{"href":"https:\/\/www.bellunopress.it\/fr\/wp-json\/wp\/v2\/media?parent=33605"}],"wp:term":[{"taxonomy":"category","embeddable":true,"href":"https:\/\/www.bellunopress.it\/fr\/wp-json\/wp\/v2\/categories?post=33605"},{"taxonomy":"post_tag","embeddable":true,"href":"https:\/\/www.bellunopress.it\/fr\/wp-json\/wp\/v2\/tags?post=33605"}],"curies":[{"name":"wp","href":"https:\/\/api.w.org\/{rel}","templated":true}]}}