{"id":33603,"date":"2011-12-23T08:53:25","date_gmt":"2011-12-23T07:53:25","guid":{"rendered":"http:\/\/www.bellunopress.it\/?p=33603"},"modified":"2011-12-23T08:53:25","modified_gmt":"2011-12-23T07:53:25","slug":"la-nis-paralizza-un-consiglio-comunale-surreale-dove-lesecutivo-nasconde-cio-che-sta-facendo","status":"publish","type":"post","link":"https:\/\/www.bellunopress.it\/fr\/2011\/12\/23\/la-nis-paralizza-un-consiglio-comunale-surreale-dove-lesecutivo-nasconde-cio-che-sta-facendo\/","title":{"rendered":"La Nis paralizza un consiglio comunale surreale, dove l&#8217;esecutivo nasconde ci\u00f2 che sta facendo"},"content":{"rendered":"<p><a href=\"http:\/\/www.bellunopress.it\/wp-content\/uploads\/2011\/08\/consiglio-comunale-24-08-2011.jpg\"><img loading=\"lazy\" decoding=\"async\" class=\"alignleft size-full wp-image-29909\" title=\"consiglio comunale 24 08 2011\" src=\"http:\/\/www.bellunopress.it\/wp-content\/uploads\/2011\/08\/consiglio-comunale-24-08-2011.jpg\" alt=\"\" width=\"280\" height=\"210\" \/><\/a>Come previsto, la mancanza del numero legale al consiglio comunale di ieri ha impedito l&#8217;approvazione del bilancio della Nis &#8211; Nuovi impianti soportivi, societ\u00e0 interamente di propriet\u00e0 del Comune di Belluno, che \u00e8 dunque obbligato in solido nei confronti di eventuali debiti verso terzi. Il condizionale \u00e8 d&#8217;obbligo dal momento che non \u00e8 chiara la situazione economica della Nis, societ\u00e0 che, tra l&#8217;altro, la giunta ha deciso di vendere, insieme alle quote di DolomitiBus per far fronte ai problemi di bilancio del Comune. Nulla di fatto quindi in un consiglio comunale diventato surreale, dove i consiglieri non vengono informati di nulla dall&#8217;esecutivo. Non si sa nulla sul progetto &#8220;Abitare il Nevegal&#8221;, quello caratterizzato dal generosissimo contratto che prevede 300mila euro + benefit di villetta con giardino + auto, un\u2019Audi in leasing da 1.100 euro mensili sempre a carico della Nis al manager svizzero Gerard Luyet. Che dovrebbe realizzare una struttura di formazione permanente per gli operatori locali del turismo e anche l\u2019accademia vera e propria con gli investimenti di privati. Ad oggi nessuno sa chi siano gli investitori privati che si sono fatti avanti. Nessuno sa quale sia lo stato patrimoniale della Nis. Non rimane che attendere la primavera e le elezioni che mettano fine a questa penosa rappresentazione.<\/p>","protected":false},"excerpt":{"rendered":"<p>Come previsto, la mancanza del numero legale al consiglio comunale di ieri ha impedito l&#8217;approvazione del bilancio della Nis &#8211; Nuovi impianti soportivi, societ\u00e0 interamente di propriet\u00e0 del Comune di Belluno, che \u00e8 dunque obbligato in solido nei confronti di eventuali debiti verso terzi. Il condizionale \u00e8 d&#8217;obbligo dal momento che non \u00e8 chiara la [&hellip;]<\/p>\n","protected":false},"author":2,"featured_media":0,"comment_status":"closed","ping_status":"open","sticky":false,"template":"","format":"standard","meta":{"footnotes":""},"categories":[5,26],"tags":[],"class_list":["post-33603","post","type-post","status-publish","format-standard","category-cronaca","category-prima-pagina"],"yoast_head":"<!-- This site is optimized with the Yoast SEO plugin v28.4 - https:\/\/yoast.com\/product\/yoast-seo-wordpress\/ -->\n<title>La Nis paralizza un consiglio comunale surreale, dove l&#039;esecutivo nasconde ci\u00f2 che sta facendo  - Bellunopress - Dolomiti<\/title>\n<meta name=\"robots\" content=\"index, follow, max-snippet:-1, max-image-preview:large, max-video-preview:-1\" \/>\n<link rel=\"canonical\" href=\"https:\/\/www.bellunopress.it\/fr\/2011\/12\/23\/la-nis-paralizza-un-consiglio-comunale-surreale-dove-lesecutivo-nasconde-cio-che-sta-facendo\/\" \/>\n<meta property=\"og:locale\" content=\"fr_FR\" \/>\n<meta property=\"og:type\" content=\"article\" \/>\n<meta property=\"og:title\" content=\"La Nis paralizza un consiglio comunale surreale, dove l&#039;esecutivo nasconde ci\u00f2 che sta facendo  - Bellunopress - Dolomiti\" \/>\n<meta property=\"og:description\" content=\"Come previsto, la mancanza del numero legale al consiglio comunale di ieri ha impedito l&#8217;approvazione del bilancio della Nis &#8211; Nuovi impianti soportivi, societ\u00e0 interamente di propriet\u00e0 del Comune di Belluno, che \u00e8 dunque obbligato in solido nei confronti di eventuali debiti verso terzi. Il condizionale \u00e8 d&#8217;obbligo dal momento che non \u00e8 chiara la [&hellip;]\" \/>\n<meta property=\"og:url\" content=\"https:\/\/www.bellunopress.it\/fr\/2011\/12\/23\/la-nis-paralizza-un-consiglio-comunale-surreale-dove-lesecutivo-nasconde-cio-che-sta-facendo\/\" \/>\n<meta property=\"og:site_name\" content=\"Bellunopress - Dolomiti\" \/>\n<meta property=\"article:publisher\" content=\"https:\/\/www.facebook.com\/profile.php?id=100008943462799\" \/>\n<meta property=\"article:published_time\" content=\"2011-12-23T07:53:25+00:00\" \/>\n<meta property=\"og:image\" content=\"http:\/\/www.bellunopress.it\/wp-content\/uploads\/2011\/08\/consiglio-comunale-24-08-2011.jpg\" \/>\n<meta name=\"author\" content=\"redazione\" \/>\n<meta name=\"twitter:card\" content=\"summary_large_image\" \/>\n<meta name=\"twitter:creator\" content=\"@bellunopress\" \/>\n<meta name=\"twitter:site\" content=\"@bellunopress\" \/>\n<meta name=\"twitter:label1\" content=\"\u00c9crit par\" \/>\n\t<meta name=\"twitter:data1\" content=\"redazione\" \/>\n\t<meta name=\"twitter:label2\" content=\"Dur\u00e9e de lecture estim\u00e9e\" \/>\n\t<meta name=\"twitter:data2\" content=\"1 minute\" \/>\n<script type=\"application\/ld+json\" class=\"yoast-schema-graph\">{\"@context\":\"https:\\\/\\\/schema.org\",\"@graph\":[{\"@type\":\"Article\",\"@id\":\"https:\\\/\\\/www.bellunopress.it\\\/2011\\\/12\\\/23\\\/la-nis-paralizza-un-consiglio-comunale-surreale-dove-lesecutivo-nasconde-cio-che-sta-facendo\\\/#article\",\"isPartOf\":{\"@id\":\"https:\\\/\\\/www.bellunopress.it\\\/2011\\\/12\\\/23\\\/la-nis-paralizza-un-consiglio-comunale-surreale-dove-lesecutivo-nasconde-cio-che-sta-facendo\\\/\"},\"author\":{\"name\":\"redazione\",\"@id\":\"https:\\\/\\\/www.bellunopress.it\\\/#\\\/schema\\\/person\\\/79bb06722b37ece1c03d3e94beb30d73\"},\"headline\":\"La Nis paralizza un consiglio comunale surreale, dove l&#8217;esecutivo nasconde ci\u00f2 che sta facendo\",\"datePublished\":\"2011-12-23T07:53:25+00:00\",\"mainEntityOfPage\":{\"@id\":\"https:\\\/\\\/www.bellunopress.it\\\/2011\\\/12\\\/23\\\/la-nis-paralizza-un-consiglio-comunale-surreale-dove-lesecutivo-nasconde-cio-che-sta-facendo\\\/\"},\"wordCount\":224,\"publisher\":{\"@id\":\"https:\\\/\\\/www.bellunopress.it\\\/#organization\"},\"image\":{\"@id\":\"https:\\\/\\\/www.bellunopress.it\\\/2011\\\/12\\\/23\\\/la-nis-paralizza-un-consiglio-comunale-surreale-dove-lesecutivo-nasconde-cio-che-sta-facendo\\\/#primaryimage\"},\"thumbnailUrl\":\"http:\\\/\\\/www.bellunopress.it\\\/wp-content\\\/uploads\\\/2011\\\/08\\\/consiglio-comunale-24-08-2011.jpg\",\"articleSection\":[\"Cronaca\\\/Politica\",\"Prima Pagina\"],\"inLanguage\":\"fr-FR\"},{\"@type\":\"WebPage\",\"@id\":\"https:\\\/\\\/www.bellunopress.it\\\/2011\\\/12\\\/23\\\/la-nis-paralizza-un-consiglio-comunale-surreale-dove-lesecutivo-nasconde-cio-che-sta-facendo\\\/\",\"url\":\"https:\\\/\\\/www.bellunopress.it\\\/2011\\\/12\\\/23\\\/la-nis-paralizza-un-consiglio-comunale-surreale-dove-lesecutivo-nasconde-cio-che-sta-facendo\\\/\",\"name\":\"La Nis paralizza un consiglio comunale surreale, dove l'esecutivo nasconde ci\u00f2 che sta facendo - Bellunopress - Dolomiti\",\"isPartOf\":{\"@id\":\"https:\\\/\\\/www.bellunopress.it\\\/#website\"},\"primaryImageOfPage\":{\"@id\":\"https:\\\/\\\/www.bellunopress.it\\\/2011\\\/12\\\/23\\\/la-nis-paralizza-un-consiglio-comunale-surreale-dove-lesecutivo-nasconde-cio-che-sta-facendo\\\/#primaryimage\"},\"image\":{\"@id\":\"https:\\\/\\\/www.bellunopress.it\\\/2011\\\/12\\\/23\\\/la-nis-paralizza-un-consiglio-comunale-surreale-dove-lesecutivo-nasconde-cio-che-sta-facendo\\\/#primaryimage\"},\"thumbnailUrl\":\"http:\\\/\\\/www.bellunopress.it\\\/wp-content\\\/uploads\\\/2011\\\/08\\\/consiglio-comunale-24-08-2011.jpg\",\"datePublished\":\"2011-12-23T07:53:25+00:00\",\"breadcrumb\":{\"@id\":\"https:\\\/\\\/www.bellunopress.it\\\/2011\\\/12\\\/23\\\/la-nis-paralizza-un-consiglio-comunale-surreale-dove-lesecutivo-nasconde-cio-che-sta-facendo\\\/#breadcrumb\"},\"inLanguage\":\"fr-FR\",\"potentialAction\":[{\"@type\":\"ReadAction\",\"target\":[\"https:\\\/\\\/www.bellunopress.it\\\/2011\\\/12\\\/23\\\/la-nis-paralizza-un-consiglio-comunale-surreale-dove-lesecutivo-nasconde-cio-che-sta-facendo\\\/\"]}]},{\"@type\":\"ImageObject\",\"inLanguage\":\"fr-FR\",\"@id\":\"https:\\\/\\\/www.bellunopress.it\\\/2011\\\/12\\\/23\\\/la-nis-paralizza-un-consiglio-comunale-surreale-dove-lesecutivo-nasconde-cio-che-sta-facendo\\\/#primaryimage\",\"url\":\"http:\\\/\\\/www.bellunopress.it\\\/wp-content\\\/uploads\\\/2011\\\/08\\\/consiglio-comunale-24-08-2011.jpg\",\"contentUrl\":\"http:\\\/\\\/www.bellunopress.it\\\/wp-content\\\/uploads\\\/2011\\\/08\\\/consiglio-comunale-24-08-2011.jpg\"},{\"@type\":\"BreadcrumbList\",\"@id\":\"https:\\\/\\\/www.bellunopress.it\\\/2011\\\/12\\\/23\\\/la-nis-paralizza-un-consiglio-comunale-surreale-dove-lesecutivo-nasconde-cio-che-sta-facendo\\\/#breadcrumb\",\"itemListElement\":[{\"@type\":\"ListItem\",\"position\":1,\"name\":\"Home\",\"item\":\"https:\\\/\\\/www.bellunopress.it\\\/\"},{\"@type\":\"ListItem\",\"position\":2,\"name\":\"La Nis paralizza un consiglio comunale surreale, dove l&#8217;esecutivo nasconde ci\u00f2 che sta facendo\"}]},{\"@type\":\"WebSite\",\"@id\":\"https:\\\/\\\/www.bellunopress.it\\\/#website\",\"url\":\"https:\\\/\\\/www.bellunopress.it\\\/\",\"name\":\"Bellunopress - Dolomiti\",\"description\":\"e-mail: redazione@bellunopress.it\",\"publisher\":{\"@id\":\"https:\\\/\\\/www.bellunopress.it\\\/#organization\"},\"potentialAction\":[{\"@type\":\"SearchAction\",\"target\":{\"@type\":\"EntryPoint\",\"urlTemplate\":\"https:\\\/\\\/www.bellunopress.it\\\/?s={search_term_string}\"},\"query-input\":{\"@type\":\"PropertyValueSpecification\",\"valueRequired\":true,\"valueName\":\"search_term_string\"}}],\"inLanguage\":\"fr-FR\"},{\"@type\":\"Organization\",\"@id\":\"https:\\\/\\\/www.bellunopress.it\\\/#organization\",\"name\":\"Bellunopress\",\"url\":\"https:\\\/\\\/www.bellunopress.it\\\/\",\"logo\":{\"@type\":\"ImageObject\",\"inLanguage\":\"fr-FR\",\"@id\":\"https:\\\/\\\/www.bellunopress.it\\\/#\\\/schema\\\/logo\\\/image\\\/\",\"url\":\"https:\\\/\\\/www.bellunopress.it\\\/wp-content\\\/uploads\\\/2011\\\/05\\\/cropped-logo-bellunopress-.jpg\",\"contentUrl\":\"https:\\\/\\\/www.bellunopress.it\\\/wp-content\\\/uploads\\\/2011\\\/05\\\/cropped-logo-bellunopress-.jpg\",\"width\":512,\"height\":512,\"caption\":\"Bellunopress\"},\"image\":{\"@id\":\"https:\\\/\\\/www.bellunopress.it\\\/#\\\/schema\\\/logo\\\/image\\\/\"},\"sameAs\":[\"https:\\\/\\\/www.facebook.com\\\/profile.php?id=100008943462799\",\"https:\\\/\\\/x.com\\\/bellunopress\",\"https:\\\/\\\/www.linkedin.com\\\/hp\\\/?dnr=JBzUWaJfMUw8vbXJJ2tVW5-I3jZKvC4wsoxE&amp;amp;amp;amp;amp;amp;trk=nav_responsive_tab_home\",\"https:\\\/\\\/www.youtube.com\\\/channel\\\/UCxL0wu1uN0_3_7hGG0306cw\"]},{\"@type\":\"Person\",\"@id\":\"https:\\\/\\\/www.bellunopress.it\\\/#\\\/schema\\\/person\\\/79bb06722b37ece1c03d3e94beb30d73\",\"name\":\"redazione\",\"image\":{\"@type\":\"ImageObject\",\"inLanguage\":\"fr-FR\",\"@id\":\"https:\\\/\\\/secure.gravatar.com\\\/avatar\\\/37d968a2e67a6fd04c169c4bdef102d0bc5d31b2546345219e348575eb80e9a0?s=96&d=mm&r=g\",\"url\":\"https:\\\/\\\/secure.gravatar.com\\\/avatar\\\/37d968a2e67a6fd04c169c4bdef102d0bc5d31b2546345219e348575eb80e9a0?s=96&d=mm&r=g\",\"contentUrl\":\"https:\\\/\\\/secure.gravatar.com\\\/avatar\\\/37d968a2e67a6fd04c169c4bdef102d0bc5d31b2546345219e348575eb80e9a0?s=96&d=mm&r=g\",\"caption\":\"redazione\"},\"sameAs\":[\"http:\\\/\\\/www.bellunopress.it\",\"https:\\\/\\\/x.com\\\/bellunopress\"],\"url\":\"https:\\\/\\\/www.bellunopress.it\\\/fr\\\/author\\\/redazione\\\/\"}]}<\/script>\n<!-- \/ Yoast SEO plugin. -->","yoast_head_json":{"title":"La Nis paralizza un consiglio comunale surreale, dove l'esecutivo nasconde ci\u00f2 che sta facendo  - Bellunopress - Dolomiti","robots":{"index":"index","follow":"follow","max-snippet":"max-snippet:-1","max-image-preview":"max-image-preview:large","max-video-preview":"max-video-preview:-1"},"canonical":"https:\/\/www.bellunopress.it\/fr\/2011\/12\/23\/la-nis-paralizza-un-consiglio-comunale-surreale-dove-lesecutivo-nasconde-cio-che-sta-facendo\/","og_locale":"fr_FR","og_type":"article","og_title":"La Nis paralizza un consiglio comunale surreale, dove l'esecutivo nasconde ci\u00f2 che sta facendo  - Bellunopress - Dolomiti","og_description":"Come previsto, la mancanza del numero legale al consiglio comunale di ieri ha impedito l&#8217;approvazione del bilancio della Nis &#8211; Nuovi impianti soportivi, societ\u00e0 interamente di propriet\u00e0 del Comune di Belluno, che \u00e8 dunque obbligato in solido nei confronti di eventuali debiti verso terzi. Il condizionale \u00e8 d&#8217;obbligo dal momento che non \u00e8 chiara la [&hellip;]","og_url":"https:\/\/www.bellunopress.it\/fr\/2011\/12\/23\/la-nis-paralizza-un-consiglio-comunale-surreale-dove-lesecutivo-nasconde-cio-che-sta-facendo\/","og_site_name":"Bellunopress - Dolomiti","article_publisher":"https:\/\/www.facebook.com\/profile.php?id=100008943462799","article_published_time":"2011-12-23T07:53:25+00:00","og_image":[{"url":"http:\/\/www.bellunopress.it\/wp-content\/uploads\/2011\/08\/consiglio-comunale-24-08-2011.jpg","type":"","width":"","height":""}],"author":"redazione","twitter_card":"summary_large_image","twitter_creator":"@bellunopress","twitter_site":"@bellunopress","twitter_misc":{"\u00c9crit par":"redazione","Dur\u00e9e de lecture estim\u00e9e":"1 minute"},"schema":{"@context":"https:\/\/schema.org","@graph":[{"@type":"Article","@id":"https:\/\/www.bellunopress.it\/2011\/12\/23\/la-nis-paralizza-un-consiglio-comunale-surreale-dove-lesecutivo-nasconde-cio-che-sta-facendo\/#article","isPartOf":{"@id":"https:\/\/www.bellunopress.it\/2011\/12\/23\/la-nis-paralizza-un-consiglio-comunale-surreale-dove-lesecutivo-nasconde-cio-che-sta-facendo\/"},"author":{"name":"redazione","@id":"https:\/\/www.bellunopress.it\/#\/schema\/person\/79bb06722b37ece1c03d3e94beb30d73"},"headline":"La Nis paralizza un consiglio comunale surreale, dove l&#8217;esecutivo nasconde ci\u00f2 che sta facendo","datePublished":"2011-12-23T07:53:25+00:00","mainEntityOfPage":{"@id":"https:\/\/www.bellunopress.it\/2011\/12\/23\/la-nis-paralizza-un-consiglio-comunale-surreale-dove-lesecutivo-nasconde-cio-che-sta-facendo\/"},"wordCount":224,"publisher":{"@id":"https:\/\/www.bellunopress.it\/#organization"},"image":{"@id":"https:\/\/www.bellunopress.it\/2011\/12\/23\/la-nis-paralizza-un-consiglio-comunale-surreale-dove-lesecutivo-nasconde-cio-che-sta-facendo\/#primaryimage"},"thumbnailUrl":"http:\/\/www.bellunopress.it\/wp-content\/uploads\/2011\/08\/consiglio-comunale-24-08-2011.jpg","articleSection":["Cronaca\/Politica","Prima Pagina"],"inLanguage":"fr-FR"},{"@type":"WebPage","@id":"https:\/\/www.bellunopress.it\/2011\/12\/23\/la-nis-paralizza-un-consiglio-comunale-surreale-dove-lesecutivo-nasconde-cio-che-sta-facendo\/","url":"https:\/\/www.bellunopress.it\/2011\/12\/23\/la-nis-paralizza-un-consiglio-comunale-surreale-dove-lesecutivo-nasconde-cio-che-sta-facendo\/","name":"La Nis paralizza un consiglio comunale surreale, dove l'esecutivo nasconde ci\u00f2 che sta facendo - Bellunopress - Dolomiti","isPartOf":{"@id":"https:\/\/www.bellunopress.it\/#website"},"primaryImageOfPage":{"@id":"https:\/\/www.bellunopress.it\/2011\/12\/23\/la-nis-paralizza-un-consiglio-comunale-surreale-dove-lesecutivo-nasconde-cio-che-sta-facendo\/#primaryimage"},"image":{"@id":"https:\/\/www.bellunopress.it\/2011\/12\/23\/la-nis-paralizza-un-consiglio-comunale-surreale-dove-lesecutivo-nasconde-cio-che-sta-facendo\/#primaryimage"},"thumbnailUrl":"http:\/\/www.bellunopress.it\/wp-content\/uploads\/2011\/08\/consiglio-comunale-24-08-2011.jpg","datePublished":"2011-12-23T07:53:25+00:00","breadcrumb":{"@id":"https:\/\/www.bellunopress.it\/2011\/12\/23\/la-nis-paralizza-un-consiglio-comunale-surreale-dove-lesecutivo-nasconde-cio-che-sta-facendo\/#breadcrumb"},"inLanguage":"fr-FR","potentialAction":[{"@type":"ReadAction","target":["https:\/\/www.bellunopress.it\/2011\/12\/23\/la-nis-paralizza-un-consiglio-comunale-surreale-dove-lesecutivo-nasconde-cio-che-sta-facendo\/"]}]},{"@type":"ImageObject","inLanguage":"fr-FR","@id":"https:\/\/www.bellunopress.it\/2011\/12\/23\/la-nis-paralizza-un-consiglio-comunale-surreale-dove-lesecutivo-nasconde-cio-che-sta-facendo\/#primaryimage","url":"http:\/\/www.bellunopress.it\/wp-content\/uploads\/2011\/08\/consiglio-comunale-24-08-2011.jpg","contentUrl":"http:\/\/www.bellunopress.it\/wp-content\/uploads\/2011\/08\/consiglio-comunale-24-08-2011.jpg"},{"@type":"BreadcrumbList","@id":"https:\/\/www.bellunopress.it\/2011\/12\/23\/la-nis-paralizza-un-consiglio-comunale-surreale-dove-lesecutivo-nasconde-cio-che-sta-facendo\/#breadcrumb","itemListElement":[{"@type":"ListItem","position":1,"name":"Home","item":"https:\/\/www.bellunopress.it\/"},{"@type":"ListItem","position":2,"name":"La Nis paralizza un consiglio comunale surreale, dove l&#8217;esecutivo nasconde ci\u00f2 che sta facendo"}]},{"@type":"WebSite","@id":"https:\/\/www.bellunopress.it\/#website","url":"https:\/\/www.bellunopress.it\/","name":"Bellunopress - Dolomiti","description":"e-mail: redazione@bellunopress.it","publisher":{"@id":"https:\/\/www.bellunopress.it\/#organization"},"potentialAction":[{"@type":"SearchAction","target":{"@type":"EntryPoint","urlTemplate":"https:\/\/www.bellunopress.it\/?s={search_term_string}"},"query-input":{"@type":"PropertyValueSpecification","valueRequired":true,"valueName":"search_term_string"}}],"inLanguage":"fr-FR"},{"@type":"Organization","@id":"https:\/\/www.bellunopress.it\/#organization","name":"Bellunopress","url":"https:\/\/www.bellunopress.it\/","logo":{"@type":"ImageObject","inLanguage":"fr-FR","@id":"https:\/\/www.bellunopress.it\/#\/schema\/logo\/image\/","url":"https:\/\/www.bellunopress.it\/wp-content\/uploads\/2011\/05\/cropped-logo-bellunopress-.jpg","contentUrl":"https:\/\/www.bellunopress.it\/wp-content\/uploads\/2011\/05\/cropped-logo-bellunopress-.jpg","width":512,"height":512,"caption":"Bellunopress"},"image":{"@id":"https:\/\/www.bellunopress.it\/#\/schema\/logo\/image\/"},"sameAs":["https:\/\/www.facebook.com\/profile.php?id=100008943462799","https:\/\/x.com\/bellunopress","https:\/\/www.linkedin.com\/hp\/?dnr=JBzUWaJfMUw8vbXJJ2tVW5-I3jZKvC4wsoxE&amp;amp;amp;amp;amp;amp;trk=nav_responsive_tab_home","https:\/\/www.youtube.com\/channel\/UCxL0wu1uN0_3_7hGG0306cw"]},{"@type":"Person","@id":"https:\/\/www.bellunopress.it\/#\/schema\/person\/79bb06722b37ece1c03d3e94beb30d73","name":"r\u00e9daction","image":{"@type":"ImageObject","inLanguage":"fr-FR","@id":"https:\/\/secure.gravatar.com\/avatar\/37d968a2e67a6fd04c169c4bdef102d0bc5d31b2546345219e348575eb80e9a0?s=96&d=mm&r=g","url":"https:\/\/secure.gravatar.com\/avatar\/37d968a2e67a6fd04c169c4bdef102d0bc5d31b2546345219e348575eb80e9a0?s=96&d=mm&r=g","contentUrl":"https:\/\/secure.gravatar.com\/avatar\/37d968a2e67a6fd04c169c4bdef102d0bc5d31b2546345219e348575eb80e9a0?s=96&d=mm&r=g","caption":"redazione"},"sameAs":["http:\/\/www.bellunopress.it","https:\/\/x.com\/bellunopress"],"url":"https:\/\/www.bellunopress.it\/fr\/author\/redazione\/"}]}},"_links":{"self":[{"href":"https:\/\/www.bellunopress.it\/fr\/wp-json\/wp\/v2\/posts\/33603","targetHints":{"allow":["GET"]}}],"collection":[{"href":"https:\/\/www.bellunopress.it\/fr\/wp-json\/wp\/v2\/posts"}],"about":[{"href":"https:\/\/www.bellunopress.it\/fr\/wp-json\/wp\/v2\/types\/post"}],"author":[{"embeddable":true,"href":"https:\/\/www.bellunopress.it\/fr\/wp-json\/wp\/v2\/users\/2"}],"replies":[{"embeddable":true,"href":"https:\/\/www.bellunopress.it\/fr\/wp-json\/wp\/v2\/comments?post=33603"}],"version-history":[{"count":1,"href":"https:\/\/www.bellunopress.it\/fr\/wp-json\/wp\/v2\/posts\/33603\/revisions"}],"predecessor-version":[{"id":33604,"href":"https:\/\/www.bellunopress.it\/fr\/wp-json\/wp\/v2\/posts\/33603\/revisions\/33604"}],"wp:attachment":[{"href":"https:\/\/www.bellunopress.it\/fr\/wp-json\/wp\/v2\/media?parent=33603"}],"wp:term":[{"taxonomy":"category","embeddable":true,"href":"https:\/\/www.bellunopress.it\/fr\/wp-json\/wp\/v2\/categories?post=33603"},{"taxonomy":"post_tag","embeddable":true,"href":"https:\/\/www.bellunopress.it\/fr\/wp-json\/wp\/v2\/tags?post=33603"}],"curies":[{"name":"wp","href":"https:\/\/api.w.org\/{rel}","templated":true}]}}