{"id":33599,"date":"2011-12-22T15:34:23","date_gmt":"2011-12-22T14:34:23","guid":{"rendered":"http:\/\/www.bellunopress.it\/?p=33599"},"modified":"2011-12-22T21:44:32","modified_gmt":"2011-12-22T20:44:32","slug":"quale-futuro-per-il-teatro-gli-amici-di-tib-teatro","status":"publish","type":"post","link":"https:\/\/www.bellunopress.it\/fr\/2011\/12\/22\/quale-futuro-per-il-teatro-gli-amici-di-tib-teatro\/","title":{"rendered":"Quale futuro per il teatro?   *  Gli Amici di Tib teatro"},"content":{"rendered":"<p><a href=\"http:\/\/www.bellunopress.it\/wp-content\/uploads\/2011\/12\/teatro-comunale-notte1.jpg\"><img loading=\"lazy\" decoding=\"async\" class=\"alignleft size-full wp-image-33600\" title=\"teatro comunale notte\" src=\"http:\/\/www.bellunopress.it\/wp-content\/uploads\/2011\/12\/teatro-comunale-notte1.jpg\" alt=\"\" width=\"290\" height=\"193\" \/><\/a>Negli ultimi giorni, e precisamente l&#8217;8, il 12 e il 17 dicembre, questo Coordinamento \u00e8 stato direttamente chiamato in causa dalle dichiarazioni di alcuni esponenti politici (della stessa maggioranza) apparse nei quotidiani locali, talvolta opportunamente, talaltra decisamente meno.<\/p>\n<p>Riluttanti, quindi, rispondiamo. Riluttanti non certo in riferimento al merito della causa &#8211; che \u00e8 il nostro sostegno al Tib in difesa del quale continueremo a batterci con le armi pacifiche della partecipazione &#8211; ma perch\u00e9 siamo costretti dal teatrino (\u00e8 il caso di dirlo&#8230;) della politica dell&#8217;interesse a ripetere le stesse cose, ancora. \u00a0 Ci scuserete, allora, se ci distacchiamo per un attimo dal nostro stile solitamente pacato e alziamo un po&#8217; la voce: si tratta solo di farci sentire dallo scarso udito dei nostri interlocutori. Siamo 500 cittadini, amanti del Teatro, del Tib, dei suoi progetti culturali e, soprattutto, della sua produzione teatrale. Non ci interessano &#8211; ne siamo disgustati &#8211; i giochini politici e partitici! Dovete rispondere a noi, non tra di voi: \u00e8 vostro dovere. Ma non vi accorgete che Belluno \u00e8 una Citt\u00e0 profondamente delusa da questo modo di fare politica? \u00a0 In questo senso per davvero non abbiamo capito l&#8217;invito rivolto al Tib dall&#8217;Assessore Passuello di &#8220;farsi coraggio, che ha tanti amici e gli amici si vedono nel momento del bisogno&#8221; (il riferimento \u00e8 a questo Coordinamento). Cosa vuol dire? Ci chiede di fare una colletta per la Cooperativa sostituendoci al Comune? Speriamo si tratti solo di una brutta e irrispettosa battuta, ma volesse riceverci andremo volentieri tutti nel suo ufficio con un euro in mano&#8230; \u00a0 Ma siccome ci pare che non ci sia proprio niente da ridere ci facciamo, ancora, noi, carico di ripetere ai concittadini bellunesi che se quest&#8217;anno abbiamo la nostra stagione di prosa, \u00e8 perch\u00e9 il Tib l&#8217;ha offerta alla Citt\u00e0 e alla Fondazione, accollandosi tutti i costi e i rischi d&#8217;impresa, togliendo da un imbarazzo e da un fallimento colossali la stessa Fondazione e gli enti che la compongono; che il Tib \u00e8 l&#8217;unica &#8211; lo ripetiamo, unica &#8211; struttura professionale teatrale nella nostra Provincia che in questi anni ha proposto, e soprattutto prodotto con grande successo di pubblico, di critica e anche economico, un Teatro di gran levatura e all&#8217;avanguardia (Teatro d&#8217;autore DOC e Filo d&#8217;Arianna); ha fatto conoscere il Teatro a 12.000 studenti ogni anno; ha offerto lavoro a oltre 50 persone; ha dato lustro alla citt\u00e0 di Belluno a livello nazionale con le sue premiate e riconosciute produzioni (&#8220;Polvere&#8221; su tutte, e ora &#8220;Galileo&#8221;); ha garantito l&#8217;apertura del Teatro comunale per pi\u00f9 di 200 giornate all&#8217;anno con efficienza e professionalit\u00e0 da tutti riconosciute. \u00a0 Signor Sindaco, sono mesi che continua a guardare il suo assessore e il suo vicesindaco menarsi botte da orbi senza muovere un dito (almeno pubblicamente); se non quando costretto dagli eventi, all&#8217;ultimo momento, per evitare la catastrofe (leggi rischio di mancata apertura del teatro per il Premio San Martino). Alla fine, in quell&#8217;occasione, ha usato parole chiare e forti, seguite finalmente dai fatti: la proroga (inevitabile) della gestione dei servizi tecnici al Tib. \u00a0 Le chiediamo, allora e ancora: cosa pensa di fare il Comune di Belluno per risolvere lo stallo economico e gestionale della Fondazione Teatri delle Dolomiti? Tenere fuori il Tib, la sua professionalit\u00e0 e i suoi lavoratori, sostanzialmente dichiarandone la morte e con evidente grave danno per Belluno? O per davvero crede di risolvere i problemi della Fondazione gi\u00e0 ridotta ai minimi termini (nessun budget per il 2011, Fondazione Cariverona, Comune di Feltre e Provincia di Belluno di fatto gi\u00e0 fuori) con la nomina di un nuovo direttore? In quest&#8217;ultimo caso ci deve spiegare tutti i motivi per i quali, in tempo di grave crisi come quello che stiamo vivendo, si debba abbandonare il mare sicuro per navigarne uno nuovo pieno di scogli che ci faranno affondare. \u00a0 Durante il nostro ultimo incontro le abbiamo sottoposto alcune domande e, come gi\u00e0 sa, siamo rimasti molto delusi dalle sue (non) risposte. Abbiamo di contro apprezzato la sua apertura a favore del progetto sulla residenza teatrale per il quale le chiediamo, ora, di riceverci nuovamente. Belluno ha il diritto di conoscere la sorte del suo Teatro e di ricevere delle risposte una volta per tutte certe e seguite dai fatti. \u00a0 \u00a0 CAT Coordinamento Cittadini Amici del TIB Email: <a href=\"mailto:cittadiniamicitib@gmail.com\">cittadiniamicitib@gmail.com<\/a><\/p>","protected":false},"excerpt":{"rendered":"<p>Negli ultimi giorni, e precisamente l&#8217;8, il 12 e il 17 dicembre, questo Coordinamento \u00e8 stato direttamente chiamato in causa dalle dichiarazioni di alcuni esponenti politici (della stessa maggioranza) apparse nei quotidiani locali, talvolta opportunamente, talaltra decisamente meno. Riluttanti, quindi, rispondiamo. Riluttanti non certo in riferimento al merito della causa &#8211; che \u00e8 il nostro [&hellip;]<\/p>\n","protected":false},"author":2,"featured_media":0,"comment_status":"closed","ping_status":"open","sticky":false,"template":"","format":"standard","meta":{"footnotes":""},"categories":[1,26],"tags":[],"class_list":["post-33599","post","type-post","status-publish","format-standard","category-leo","category-prima-pagina"],"yoast_head":"<!-- This site is optimized with the Yoast SEO plugin v28.4 - https:\/\/yoast.com\/product\/yoast-seo-wordpress\/ -->\n<title>Quale futuro per il teatro?  * Gli Amici di Tib teatro - Bellunopress - Dolomiti<\/title>\n<meta name=\"robots\" content=\"index, follow, max-snippet:-1, max-image-preview:large, max-video-preview:-1\" \/>\n<link rel=\"canonical\" href=\"https:\/\/www.bellunopress.it\/fr\/2011\/12\/22\/quale-futuro-per-il-teatro-gli-amici-di-tib-teatro\/\" \/>\n<meta property=\"og:locale\" content=\"fr_FR\" \/>\n<meta property=\"og:type\" content=\"article\" \/>\n<meta property=\"og:title\" content=\"Quale futuro per il teatro?  * Gli Amici di Tib teatro - Bellunopress - Dolomiti\" \/>\n<meta property=\"og:description\" content=\"Negli ultimi giorni, e precisamente l&#8217;8, il 12 e il 17 dicembre, questo Coordinamento \u00e8 stato direttamente chiamato in causa dalle dichiarazioni di alcuni esponenti politici (della stessa maggioranza) apparse nei quotidiani locali, talvolta opportunamente, talaltra decisamente meno. Riluttanti, quindi, rispondiamo. Riluttanti non certo in riferimento al merito della causa &#8211; che \u00e8 il nostro [&hellip;]\" \/>\n<meta property=\"og:url\" content=\"https:\/\/www.bellunopress.it\/fr\/2011\/12\/22\/quale-futuro-per-il-teatro-gli-amici-di-tib-teatro\/\" \/>\n<meta property=\"og:site_name\" content=\"Bellunopress - Dolomiti\" \/>\n<meta property=\"article:publisher\" content=\"https:\/\/www.facebook.com\/profile.php?id=100008943462799\" \/>\n<meta property=\"article:published_time\" content=\"2011-12-22T14:34:23+00:00\" \/>\n<meta property=\"article:modified_time\" content=\"2011-12-22T20:44:32+00:00\" \/>\n<meta property=\"og:image\" content=\"http:\/\/www.bellunopress.it\/wp-content\/uploads\/2011\/12\/teatro-comunale-notte1.jpg\" \/>\n<meta name=\"author\" content=\"redazione\" \/>\n<meta name=\"twitter:card\" content=\"summary_large_image\" \/>\n<meta name=\"twitter:creator\" content=\"@bellunopress\" \/>\n<meta name=\"twitter:site\" content=\"@bellunopress\" \/>\n<meta name=\"twitter:label1\" content=\"Written by\" \/>\n\t<meta name=\"twitter:data1\" content=\"redazione\" \/>\n\t<meta name=\"twitter:label2\" content=\"Est. reading time\" \/>\n\t<meta name=\"twitter:data2\" content=\"3 minutes\" \/>\n<script type=\"application\/ld+json\" class=\"yoast-schema-graph\">{\"@context\":\"https:\\\/\\\/schema.org\",\"@graph\":[{\"@type\":\"Article\",\"@id\":\"https:\\\/\\\/www.bellunopress.it\\\/2011\\\/12\\\/22\\\/quale-futuro-per-il-teatro-gli-amici-di-tib-teatro\\\/#article\",\"isPartOf\":{\"@id\":\"https:\\\/\\\/www.bellunopress.it\\\/2011\\\/12\\\/22\\\/quale-futuro-per-il-teatro-gli-amici-di-tib-teatro\\\/\"},\"author\":{\"name\":\"redazione\",\"@id\":\"https:\\\/\\\/www.bellunopress.it\\\/#\\\/schema\\\/person\\\/79bb06722b37ece1c03d3e94beb30d73\"},\"headline\":\"Quale futuro per il teatro? * Gli Amici di Tib teatro\",\"datePublished\":\"2011-12-22T14:34:23+00:00\",\"dateModified\":\"2011-12-22T20:44:32+00:00\",\"mainEntityOfPage\":{\"@id\":\"https:\\\/\\\/www.bellunopress.it\\\/2011\\\/12\\\/22\\\/quale-futuro-per-il-teatro-gli-amici-di-tib-teatro\\\/\"},\"wordCount\":722,\"publisher\":{\"@id\":\"https:\\\/\\\/www.bellunopress.it\\\/#organization\"},\"image\":{\"@id\":\"https:\\\/\\\/www.bellunopress.it\\\/2011\\\/12\\\/22\\\/quale-futuro-per-il-teatro-gli-amici-di-tib-teatro\\\/#primaryimage\"},\"thumbnailUrl\":\"http:\\\/\\\/www.bellunopress.it\\\/wp-content\\\/uploads\\\/2011\\\/12\\\/teatro-comunale-notte1.jpg\",\"articleSection\":[\"Lettere Opinioni\",\"Prima Pagina\"],\"inLanguage\":\"fr-FR\"},{\"@type\":\"WebPage\",\"@id\":\"https:\\\/\\\/www.bellunopress.it\\\/2011\\\/12\\\/22\\\/quale-futuro-per-il-teatro-gli-amici-di-tib-teatro\\\/\",\"url\":\"https:\\\/\\\/www.bellunopress.it\\\/2011\\\/12\\\/22\\\/quale-futuro-per-il-teatro-gli-amici-di-tib-teatro\\\/\",\"name\":\"Quale futuro per il teatro? * Gli Amici di Tib teatro - Bellunopress - Dolomiti\",\"isPartOf\":{\"@id\":\"https:\\\/\\\/www.bellunopress.it\\\/#website\"},\"primaryImageOfPage\":{\"@id\":\"https:\\\/\\\/www.bellunopress.it\\\/2011\\\/12\\\/22\\\/quale-futuro-per-il-teatro-gli-amici-di-tib-teatro\\\/#primaryimage\"},\"image\":{\"@id\":\"https:\\\/\\\/www.bellunopress.it\\\/2011\\\/12\\\/22\\\/quale-futuro-per-il-teatro-gli-amici-di-tib-teatro\\\/#primaryimage\"},\"thumbnailUrl\":\"http:\\\/\\\/www.bellunopress.it\\\/wp-content\\\/uploads\\\/2011\\\/12\\\/teatro-comunale-notte1.jpg\",\"datePublished\":\"2011-12-22T14:34:23+00:00\",\"dateModified\":\"2011-12-22T20:44:32+00:00\",\"breadcrumb\":{\"@id\":\"https:\\\/\\\/www.bellunopress.it\\\/2011\\\/12\\\/22\\\/quale-futuro-per-il-teatro-gli-amici-di-tib-teatro\\\/#breadcrumb\"},\"inLanguage\":\"fr-FR\",\"potentialAction\":[{\"@type\":\"ReadAction\",\"target\":[\"https:\\\/\\\/www.bellunopress.it\\\/2011\\\/12\\\/22\\\/quale-futuro-per-il-teatro-gli-amici-di-tib-teatro\\\/\"]}]},{\"@type\":\"ImageObject\",\"inLanguage\":\"fr-FR\",\"@id\":\"https:\\\/\\\/www.bellunopress.it\\\/2011\\\/12\\\/22\\\/quale-futuro-per-il-teatro-gli-amici-di-tib-teatro\\\/#primaryimage\",\"url\":\"http:\\\/\\\/www.bellunopress.it\\\/wp-content\\\/uploads\\\/2011\\\/12\\\/teatro-comunale-notte1.jpg\",\"contentUrl\":\"http:\\\/\\\/www.bellunopress.it\\\/wp-content\\\/uploads\\\/2011\\\/12\\\/teatro-comunale-notte1.jpg\"},{\"@type\":\"BreadcrumbList\",\"@id\":\"https:\\\/\\\/www.bellunopress.it\\\/2011\\\/12\\\/22\\\/quale-futuro-per-il-teatro-gli-amici-di-tib-teatro\\\/#breadcrumb\",\"itemListElement\":[{\"@type\":\"ListItem\",\"position\":1,\"name\":\"Home\",\"item\":\"https:\\\/\\\/www.bellunopress.it\\\/\"},{\"@type\":\"ListItem\",\"position\":2,\"name\":\"Quale futuro per il teatro? * Gli Amici di Tib teatro\"}]},{\"@type\":\"WebSite\",\"@id\":\"https:\\\/\\\/www.bellunopress.it\\\/#website\",\"url\":\"https:\\\/\\\/www.bellunopress.it\\\/\",\"name\":\"Bellunopress - Dolomiti\",\"description\":\"e-mail: redazione@bellunopress.it\",\"publisher\":{\"@id\":\"https:\\\/\\\/www.bellunopress.it\\\/#organization\"},\"potentialAction\":[{\"@type\":\"SearchAction\",\"target\":{\"@type\":\"EntryPoint\",\"urlTemplate\":\"https:\\\/\\\/www.bellunopress.it\\\/?s={search_term_string}\"},\"query-input\":{\"@type\":\"PropertyValueSpecification\",\"valueRequired\":true,\"valueName\":\"search_term_string\"}}],\"inLanguage\":\"fr-FR\"},{\"@type\":\"Organization\",\"@id\":\"https:\\\/\\\/www.bellunopress.it\\\/#organization\",\"name\":\"Bellunopress\",\"url\":\"https:\\\/\\\/www.bellunopress.it\\\/\",\"logo\":{\"@type\":\"ImageObject\",\"inLanguage\":\"fr-FR\",\"@id\":\"https:\\\/\\\/www.bellunopress.it\\\/#\\\/schema\\\/logo\\\/image\\\/\",\"url\":\"https:\\\/\\\/www.bellunopress.it\\\/wp-content\\\/uploads\\\/2011\\\/05\\\/cropped-logo-bellunopress-.jpg\",\"contentUrl\":\"https:\\\/\\\/www.bellunopress.it\\\/wp-content\\\/uploads\\\/2011\\\/05\\\/cropped-logo-bellunopress-.jpg\",\"width\":512,\"height\":512,\"caption\":\"Bellunopress\"},\"image\":{\"@id\":\"https:\\\/\\\/www.bellunopress.it\\\/#\\\/schema\\\/logo\\\/image\\\/\"},\"sameAs\":[\"https:\\\/\\\/www.facebook.com\\\/profile.php?id=100008943462799\",\"https:\\\/\\\/x.com\\\/bellunopress\",\"https:\\\/\\\/www.linkedin.com\\\/hp\\\/?dnr=JBzUWaJfMUw8vbXJJ2tVW5-I3jZKvC4wsoxE&amp;amp;amp;amp;amp;amp;trk=nav_responsive_tab_home\",\"https:\\\/\\\/www.youtube.com\\\/channel\\\/UCxL0wu1uN0_3_7hGG0306cw\"]},{\"@type\":\"Person\",\"@id\":\"https:\\\/\\\/www.bellunopress.it\\\/#\\\/schema\\\/person\\\/79bb06722b37ece1c03d3e94beb30d73\",\"name\":\"redazione\",\"image\":{\"@type\":\"ImageObject\",\"inLanguage\":\"fr-FR\",\"@id\":\"https:\\\/\\\/secure.gravatar.com\\\/avatar\\\/37d968a2e67a6fd04c169c4bdef102d0bc5d31b2546345219e348575eb80e9a0?s=96&d=mm&r=g\",\"url\":\"https:\\\/\\\/secure.gravatar.com\\\/avatar\\\/37d968a2e67a6fd04c169c4bdef102d0bc5d31b2546345219e348575eb80e9a0?s=96&d=mm&r=g\",\"contentUrl\":\"https:\\\/\\\/secure.gravatar.com\\\/avatar\\\/37d968a2e67a6fd04c169c4bdef102d0bc5d31b2546345219e348575eb80e9a0?s=96&d=mm&r=g\",\"caption\":\"redazione\"},\"sameAs\":[\"http:\\\/\\\/www.bellunopress.it\",\"https:\\\/\\\/x.com\\\/bellunopress\"],\"url\":\"https:\\\/\\\/www.bellunopress.it\\\/fr\\\/author\\\/redazione\\\/\"}]}<\/script>\n<!-- \/ Yoast SEO plugin. -->","yoast_head_json":{"title":"Quale futuro per il teatro?  * Gli Amici di Tib teatro - Bellunopress - Dolomiti","robots":{"index":"index","follow":"follow","max-snippet":"max-snippet:-1","max-image-preview":"max-image-preview:large","max-video-preview":"max-video-preview:-1"},"canonical":"https:\/\/www.bellunopress.it\/fr\/2011\/12\/22\/quale-futuro-per-il-teatro-gli-amici-di-tib-teatro\/","og_locale":"fr_FR","og_type":"article","og_title":"Quale futuro per il teatro?  * Gli Amici di Tib teatro - Bellunopress - Dolomiti","og_description":"Negli ultimi giorni, e precisamente l&#8217;8, il 12 e il 17 dicembre, questo Coordinamento \u00e8 stato direttamente chiamato in causa dalle dichiarazioni di alcuni esponenti politici (della stessa maggioranza) apparse nei quotidiani locali, talvolta opportunamente, talaltra decisamente meno. Riluttanti, quindi, rispondiamo. Riluttanti non certo in riferimento al merito della causa &#8211; che \u00e8 il nostro [&hellip;]","og_url":"https:\/\/www.bellunopress.it\/fr\/2011\/12\/22\/quale-futuro-per-il-teatro-gli-amici-di-tib-teatro\/","og_site_name":"Bellunopress - Dolomiti","article_publisher":"https:\/\/www.facebook.com\/profile.php?id=100008943462799","article_published_time":"2011-12-22T14:34:23+00:00","article_modified_time":"2011-12-22T20:44:32+00:00","og_image":[{"url":"http:\/\/www.bellunopress.it\/wp-content\/uploads\/2011\/12\/teatro-comunale-notte1.jpg","type":"","width":"","height":""}],"author":"redazione","twitter_card":"summary_large_image","twitter_creator":"@bellunopress","twitter_site":"@bellunopress","twitter_misc":{"Written by":"redazione","Est. reading time":"3 minutes"},"schema":{"@context":"https:\/\/schema.org","@graph":[{"@type":"Article","@id":"https:\/\/www.bellunopress.it\/2011\/12\/22\/quale-futuro-per-il-teatro-gli-amici-di-tib-teatro\/#article","isPartOf":{"@id":"https:\/\/www.bellunopress.it\/2011\/12\/22\/quale-futuro-per-il-teatro-gli-amici-di-tib-teatro\/"},"author":{"name":"redazione","@id":"https:\/\/www.bellunopress.it\/#\/schema\/person\/79bb06722b37ece1c03d3e94beb30d73"},"headline":"Quale futuro per il teatro? * Gli Amici di Tib teatro","datePublished":"2011-12-22T14:34:23+00:00","dateModified":"2011-12-22T20:44:32+00:00","mainEntityOfPage":{"@id":"https:\/\/www.bellunopress.it\/2011\/12\/22\/quale-futuro-per-il-teatro-gli-amici-di-tib-teatro\/"},"wordCount":722,"publisher":{"@id":"https:\/\/www.bellunopress.it\/#organization"},"image":{"@id":"https:\/\/www.bellunopress.it\/2011\/12\/22\/quale-futuro-per-il-teatro-gli-amici-di-tib-teatro\/#primaryimage"},"thumbnailUrl":"http:\/\/www.bellunopress.it\/wp-content\/uploads\/2011\/12\/teatro-comunale-notte1.jpg","articleSection":["Lettere Opinioni","Prima Pagina"],"inLanguage":"fr-FR"},{"@type":"WebPage","@id":"https:\/\/www.bellunopress.it\/2011\/12\/22\/quale-futuro-per-il-teatro-gli-amici-di-tib-teatro\/","url":"https:\/\/www.bellunopress.it\/2011\/12\/22\/quale-futuro-per-il-teatro-gli-amici-di-tib-teatro\/","name":"Quale futuro per il teatro? * Gli Amici di Tib teatro - Bellunopress - Dolomiti","isPartOf":{"@id":"https:\/\/www.bellunopress.it\/#website"},"primaryImageOfPage":{"@id":"https:\/\/www.bellunopress.it\/2011\/12\/22\/quale-futuro-per-il-teatro-gli-amici-di-tib-teatro\/#primaryimage"},"image":{"@id":"https:\/\/www.bellunopress.it\/2011\/12\/22\/quale-futuro-per-il-teatro-gli-amici-di-tib-teatro\/#primaryimage"},"thumbnailUrl":"http:\/\/www.bellunopress.it\/wp-content\/uploads\/2011\/12\/teatro-comunale-notte1.jpg","datePublished":"2011-12-22T14:34:23+00:00","dateModified":"2011-12-22T20:44:32+00:00","breadcrumb":{"@id":"https:\/\/www.bellunopress.it\/2011\/12\/22\/quale-futuro-per-il-teatro-gli-amici-di-tib-teatro\/#breadcrumb"},"inLanguage":"fr-FR","potentialAction":[{"@type":"ReadAction","target":["https:\/\/www.bellunopress.it\/2011\/12\/22\/quale-futuro-per-il-teatro-gli-amici-di-tib-teatro\/"]}]},{"@type":"ImageObject","inLanguage":"fr-FR","@id":"https:\/\/www.bellunopress.it\/2011\/12\/22\/quale-futuro-per-il-teatro-gli-amici-di-tib-teatro\/#primaryimage","url":"http:\/\/www.bellunopress.it\/wp-content\/uploads\/2011\/12\/teatro-comunale-notte1.jpg","contentUrl":"http:\/\/www.bellunopress.it\/wp-content\/uploads\/2011\/12\/teatro-comunale-notte1.jpg"},{"@type":"BreadcrumbList","@id":"https:\/\/www.bellunopress.it\/2011\/12\/22\/quale-futuro-per-il-teatro-gli-amici-di-tib-teatro\/#breadcrumb","itemListElement":[{"@type":"ListItem","position":1,"name":"Home","item":"https:\/\/www.bellunopress.it\/"},{"@type":"ListItem","position":2,"name":"Quale futuro per il teatro? * Gli Amici di Tib teatro"}]},{"@type":"WebSite","@id":"https:\/\/www.bellunopress.it\/#website","url":"https:\/\/www.bellunopress.it\/","name":"Bellunopress - Dolomiti","description":"e-mail: redazione@bellunopress.it","publisher":{"@id":"https:\/\/www.bellunopress.it\/#organization"},"potentialAction":[{"@type":"SearchAction","target":{"@type":"EntryPoint","urlTemplate":"https:\/\/www.bellunopress.it\/?s={search_term_string}"},"query-input":{"@type":"PropertyValueSpecification","valueRequired":true,"valueName":"search_term_string"}}],"inLanguage":"fr-FR"},{"@type":"Organization","@id":"https:\/\/www.bellunopress.it\/#organization","name":"Bellunopress","url":"https:\/\/www.bellunopress.it\/","logo":{"@type":"ImageObject","inLanguage":"fr-FR","@id":"https:\/\/www.bellunopress.it\/#\/schema\/logo\/image\/","url":"https:\/\/www.bellunopress.it\/wp-content\/uploads\/2011\/05\/cropped-logo-bellunopress-.jpg","contentUrl":"https:\/\/www.bellunopress.it\/wp-content\/uploads\/2011\/05\/cropped-logo-bellunopress-.jpg","width":512,"height":512,"caption":"Bellunopress"},"image":{"@id":"https:\/\/www.bellunopress.it\/#\/schema\/logo\/image\/"},"sameAs":["https:\/\/www.facebook.com\/profile.php?id=100008943462799","https:\/\/x.com\/bellunopress","https:\/\/www.linkedin.com\/hp\/?dnr=JBzUWaJfMUw8vbXJJ2tVW5-I3jZKvC4wsoxE&amp;amp;amp;amp;amp;amp;trk=nav_responsive_tab_home","https:\/\/www.youtube.com\/channel\/UCxL0wu1uN0_3_7hGG0306cw"]},{"@type":"Person","@id":"https:\/\/www.bellunopress.it\/#\/schema\/person\/79bb06722b37ece1c03d3e94beb30d73","name":"r\u00e9daction","image":{"@type":"ImageObject","inLanguage":"fr-FR","@id":"https:\/\/secure.gravatar.com\/avatar\/37d968a2e67a6fd04c169c4bdef102d0bc5d31b2546345219e348575eb80e9a0?s=96&d=mm&r=g","url":"https:\/\/secure.gravatar.com\/avatar\/37d968a2e67a6fd04c169c4bdef102d0bc5d31b2546345219e348575eb80e9a0?s=96&d=mm&r=g","contentUrl":"https:\/\/secure.gravatar.com\/avatar\/37d968a2e67a6fd04c169c4bdef102d0bc5d31b2546345219e348575eb80e9a0?s=96&d=mm&r=g","caption":"redazione"},"sameAs":["http:\/\/www.bellunopress.it","https:\/\/x.com\/bellunopress"],"url":"https:\/\/www.bellunopress.it\/fr\/author\/redazione\/"}]}},"_links":{"self":[{"href":"https:\/\/www.bellunopress.it\/fr\/wp-json\/wp\/v2\/posts\/33599","targetHints":{"allow":["GET"]}}],"collection":[{"href":"https:\/\/www.bellunopress.it\/fr\/wp-json\/wp\/v2\/posts"}],"about":[{"href":"https:\/\/www.bellunopress.it\/fr\/wp-json\/wp\/v2\/types\/post"}],"author":[{"embeddable":true,"href":"https:\/\/www.bellunopress.it\/fr\/wp-json\/wp\/v2\/users\/2"}],"replies":[{"embeddable":true,"href":"https:\/\/www.bellunopress.it\/fr\/wp-json\/wp\/v2\/comments?post=33599"}],"version-history":[{"count":2,"href":"https:\/\/www.bellunopress.it\/fr\/wp-json\/wp\/v2\/posts\/33599\/revisions"}],"predecessor-version":[{"id":33602,"href":"https:\/\/www.bellunopress.it\/fr\/wp-json\/wp\/v2\/posts\/33599\/revisions\/33602"}],"wp:attachment":[{"href":"https:\/\/www.bellunopress.it\/fr\/wp-json\/wp\/v2\/media?parent=33599"}],"wp:term":[{"taxonomy":"category","embeddable":true,"href":"https:\/\/www.bellunopress.it\/fr\/wp-json\/wp\/v2\/categories?post=33599"},{"taxonomy":"post_tag","embeddable":true,"href":"https:\/\/www.bellunopress.it\/fr\/wp-json\/wp\/v2\/tags?post=33599"}],"curies":[{"name":"wp","href":"https:\/\/api.w.org\/{rel}","templated":true}]}}