{"id":33577,"date":"2011-12-22T12:10:33","date_gmt":"2011-12-22T11:10:33","guid":{"rendered":"http:\/\/www.bellunopress.it\/?p=33577"},"modified":"2011-12-22T12:10:33","modified_gmt":"2011-12-22T11:10:33","slug":"giovedi-29-dicembre-a-rivamonte-la-presentazione-della-raccolta-di-poesie-di-lorella-de-bon","status":"publish","type":"post","link":"https:\/\/www.bellunopress.it\/fr\/2011\/12\/22\/giovedi-29-dicembre-a-rivamonte-la-presentazione-della-raccolta-di-poesie-di-lorella-de-bon\/","title":{"rendered":"Gioved\u00ec 29 dicembre a Rivamonte la presentazione della raccolta di poesie di Lorella De Bon"},"content":{"rendered":"<p>Lorella De Bon presenta la propria raccolta di poesie intitolata \u201cIl sospetto di vivere\u201d (Albalibri Editore, Rosignano Marittimo-LI) presso la sala \u201cB. Gnech\u201d nella Casa della Giovent\u00f9 di Rivamonte Agordino il prossimo 29 dicembre alle ore 17.30.<\/p>\n<figure id=\"attachment_30964\" aria-describedby=\"caption-attachment-30964\" style=\"width: 111px\" class=\"wp-caption alignleft\"><a href=\"http:\/\/www.bellunopress.it\/wp-content\/uploads\/2011\/09\/Lorella-De-Bon.jpg\"><img loading=\"lazy\" decoding=\"async\" class=\"size-full wp-image-30964\" title=\"Lorella De Bon\" src=\"http:\/\/www.bellunopress.it\/wp-content\/uploads\/2011\/09\/Lorella-De-Bon.jpg\" alt=\"\" width=\"111\" height=\"170\" \/><\/a><figcaption id=\"caption-attachment-30964\" class=\"wp-caption-text\">Lorella De Bon<\/figcaption><\/figure>\n<p>L\u2019evento, gi\u00e0 presentato a Belluno e a Ponte nelle Alpi, si avvale dell\u2019accompagnamento musicale al clarinetto di Laura Argenta (attualmente impegnata nella direzione della \u201cBanda da Fodom\u201d di Livinallongo e con provata esperienza dirigenziale di altre bande della provincia di Belluno).<br \/>\nA fianco dell\u2019autrice \u00e8 il poeta Guido Comin, con un\u2019interessante intervento sul meraviglioso mondo della Poesia.<\/p>\n<p>Lorella De Bon, nata a Belluno nel Natale 1968, sposata, mamma, lavora come impiegata presso un ente pubblico ed \u00e8 laureata in Storia alla C\u00e0 Foscari di Venezia. La sua grande passione \u00e8 la scrittura, assieme alla lettura. Da anni si dedica con assiduit\u00e0 alla stesura di versi e, recentemente, anche alla prosa. Ha partecipato a parecchi concorsi letterari, conseguendo inaspettati e incoraggianti risultati. Alcune sue poesie compaiono in raccolte antologiche di svariate case editrici. Ha curato due antologie poetiche dedicate ad Alda Merini. Scrive recensioni per il sito L\u2019abile Traccia. Ha partecipato a lavori collettivi in prosa, spaziando dalle fiabe ai racconti ucronici, dal genere giallopoliziesco al genere intimista. Con un gruppo di amiche ha dato vita a due romanzi (EStemporanea e Malta Femmina). Con Patrizio Pacioni ha appena pubblicato \u201cDelitti &amp; Diletti\u201d (Melino Nerella Editore).<\/p>\n<p><a href=\"http:\/\/www.bellunopress.it\/wp-content\/uploads\/2011\/12\/il-sospetto-di-vivere-di-lorella-de-bon.png\"><img loading=\"lazy\" decoding=\"async\" class=\"alignleft size-full wp-image-33028\" title=\"il sospetto di vivere di lorella de bon\" src=\"http:\/\/www.bellunopress.it\/wp-content\/uploads\/2011\/12\/il-sospetto-di-vivere-di-lorella-de-bon.png\" alt=\"\" width=\"192\" height=\"280\" \/><\/a>\u201cIl sospetto di vivere ci coglie talora impreparati. E\u2019 allora una fitta tremenda, insostenibile.<br \/>\nUn graffio, nell\u2019anima. Terso cristallo, urlante. Un dolore, non rassegnato. Il gioco mai smesso della speranza. L\u2019arduo presente dell\u2019esistere.<br \/>\nNella linearit\u00e0 lirica del lavoro di Lorella De Bon dimora un\u2019originale complessit\u00e0. Anni di scrittura come scavo profondo: tentativi, partenze e ritorni per instaurare nuovi cicli.<br \/>\nLa lingua di Lorella si nutre delle pi\u00f9 piene suggestioni naturali: dubbio fecondo come le onde del mare che consolano e sconvolgono, le et\u00e0 del mondo che precipitano imprevedibili e impietose, foglie d\u2019autunno trascinate dal vento, nubi-carosello, carovane di luce.<br \/>\nE\u2019, la presente, una silloge di grandissima maturit\u00e0, una splendida dimostrazione artistica. La scossa di un boato, il silenzio elettrico del fulmine che illumina e squarcia: come la vita.\u201d<br \/>\nAlberto Figliolia (giornalista e scrittore)<\/p>","protected":false},"excerpt":{"rendered":"<p>Lorella De Bon presenta la propria raccolta di poesie intitolata \u201cIl sospetto di vivere\u201d (Albalibri Editore, Rosignano Marittimo-LI) presso la sala \u201cB. Gnech\u201d nella Casa della Giovent\u00f9 di Rivamonte Agordino il prossimo 29 dicembre alle ore 17.30. L\u2019evento, gi\u00e0 presentato a Belluno e a Ponte nelle Alpi, si avvale dell\u2019accompagnamento musicale al clarinetto di Laura [&hellip;]<\/p>\n","protected":false},"author":2,"featured_media":0,"comment_status":"closed","ping_status":"open","sticky":false,"template":"","format":"standard","meta":{"footnotes":""},"categories":[27,25],"tags":[],"class_list":["post-33577","post","type-post","status-publish","format-standard","category-appuntamenti","category-pausa-caffe"],"yoast_head":"<!-- This site is optimized with the Yoast SEO plugin v28.4 - https:\/\/yoast.com\/product\/yoast-seo-wordpress\/ -->\n<title>Gioved\u00ec 29 dicembre a Rivamonte la presentazione della raccolta di poesie di Lorella De Bon - Bellunopress - Dolomiti<\/title>\n<meta name=\"robots\" content=\"index, follow, max-snippet:-1, max-image-preview:large, max-video-preview:-1\" \/>\n<link rel=\"canonical\" href=\"https:\/\/www.bellunopress.it\/fr\/2011\/12\/22\/giovedi-29-dicembre-a-rivamonte-la-presentazione-della-raccolta-di-poesie-di-lorella-de-bon\/\" \/>\n<meta property=\"og:locale\" content=\"fr_FR\" \/>\n<meta property=\"og:type\" content=\"article\" \/>\n<meta property=\"og:title\" content=\"Gioved\u00ec 29 dicembre a Rivamonte la presentazione della raccolta di poesie di Lorella De Bon - Bellunopress - Dolomiti\" \/>\n<meta property=\"og:description\" content=\"Lorella De Bon presenta la propria raccolta di poesie intitolata \u201cIl sospetto di vivere\u201d (Albalibri Editore, Rosignano Marittimo-LI) presso la sala \u201cB. Gnech\u201d nella Casa della Giovent\u00f9 di Rivamonte Agordino il prossimo 29 dicembre alle ore 17.30. L\u2019evento, gi\u00e0 presentato a Belluno e a Ponte nelle Alpi, si avvale dell\u2019accompagnamento musicale al clarinetto di Laura [&hellip;]\" \/>\n<meta property=\"og:url\" content=\"https:\/\/www.bellunopress.it\/fr\/2011\/12\/22\/giovedi-29-dicembre-a-rivamonte-la-presentazione-della-raccolta-di-poesie-di-lorella-de-bon\/\" \/>\n<meta property=\"og:site_name\" content=\"Bellunopress - Dolomiti\" \/>\n<meta property=\"article:publisher\" content=\"https:\/\/www.facebook.com\/profile.php?id=100008943462799\" \/>\n<meta property=\"article:published_time\" content=\"2011-12-22T11:10:33+00:00\" \/>\n<meta property=\"og:image\" content=\"http:\/\/www.bellunopress.it\/wp-content\/uploads\/2011\/09\/Lorella-De-Bon.jpg\" \/>\n<meta name=\"author\" content=\"redazione\" \/>\n<meta name=\"twitter:card\" content=\"summary_large_image\" \/>\n<meta name=\"twitter:creator\" content=\"@bellunopress\" \/>\n<meta name=\"twitter:site\" content=\"@bellunopress\" \/>\n<meta name=\"twitter:label1\" content=\"Written by\" \/>\n\t<meta name=\"twitter:data1\" content=\"redazione\" \/>\n\t<meta name=\"twitter:label2\" content=\"Est. reading time\" \/>\n\t<meta name=\"twitter:data2\" content=\"2 minutes\" \/>\n<script type=\"application\/ld+json\" class=\"yoast-schema-graph\">{\"@context\":\"https:\\\/\\\/schema.org\",\"@graph\":[{\"@type\":\"Article\",\"@id\":\"https:\\\/\\\/www.bellunopress.it\\\/2011\\\/12\\\/22\\\/giovedi-29-dicembre-a-rivamonte-la-presentazione-della-raccolta-di-poesie-di-lorella-de-bon\\\/#article\",\"isPartOf\":{\"@id\":\"https:\\\/\\\/www.bellunopress.it\\\/2011\\\/12\\\/22\\\/giovedi-29-dicembre-a-rivamonte-la-presentazione-della-raccolta-di-poesie-di-lorella-de-bon\\\/\"},\"author\":{\"name\":\"redazione\",\"@id\":\"https:\\\/\\\/www.bellunopress.it\\\/#\\\/schema\\\/person\\\/79bb06722b37ece1c03d3e94beb30d73\"},\"headline\":\"Gioved\u00ec 29 dicembre a Rivamonte la presentazione della raccolta di poesie di Lorella De Bon\",\"datePublished\":\"2011-12-22T11:10:33+00:00\",\"mainEntityOfPage\":{\"@id\":\"https:\\\/\\\/www.bellunopress.it\\\/2011\\\/12\\\/22\\\/giovedi-29-dicembre-a-rivamonte-la-presentazione-della-raccolta-di-poesie-di-lorella-de-bon\\\/\"},\"wordCount\":393,\"publisher\":{\"@id\":\"https:\\\/\\\/www.bellunopress.it\\\/#organization\"},\"image\":{\"@id\":\"https:\\\/\\\/www.bellunopress.it\\\/2011\\\/12\\\/22\\\/giovedi-29-dicembre-a-rivamonte-la-presentazione-della-raccolta-di-poesie-di-lorella-de-bon\\\/#primaryimage\"},\"thumbnailUrl\":\"http:\\\/\\\/www.bellunopress.it\\\/wp-content\\\/uploads\\\/2011\\\/09\\\/Lorella-De-Bon.jpg\",\"articleSection\":[\"Appuntamenti, Eventi\",\"Pausa Caff\u00e8\"],\"inLanguage\":\"fr-FR\"},{\"@type\":\"WebPage\",\"@id\":\"https:\\\/\\\/www.bellunopress.it\\\/2011\\\/12\\\/22\\\/giovedi-29-dicembre-a-rivamonte-la-presentazione-della-raccolta-di-poesie-di-lorella-de-bon\\\/\",\"url\":\"https:\\\/\\\/www.bellunopress.it\\\/2011\\\/12\\\/22\\\/giovedi-29-dicembre-a-rivamonte-la-presentazione-della-raccolta-di-poesie-di-lorella-de-bon\\\/\",\"name\":\"Gioved\u00ec 29 dicembre a Rivamonte la presentazione della raccolta di poesie di Lorella De Bon - Bellunopress - Dolomiti\",\"isPartOf\":{\"@id\":\"https:\\\/\\\/www.bellunopress.it\\\/#website\"},\"primaryImageOfPage\":{\"@id\":\"https:\\\/\\\/www.bellunopress.it\\\/2011\\\/12\\\/22\\\/giovedi-29-dicembre-a-rivamonte-la-presentazione-della-raccolta-di-poesie-di-lorella-de-bon\\\/#primaryimage\"},\"image\":{\"@id\":\"https:\\\/\\\/www.bellunopress.it\\\/2011\\\/12\\\/22\\\/giovedi-29-dicembre-a-rivamonte-la-presentazione-della-raccolta-di-poesie-di-lorella-de-bon\\\/#primaryimage\"},\"thumbnailUrl\":\"http:\\\/\\\/www.bellunopress.it\\\/wp-content\\\/uploads\\\/2011\\\/09\\\/Lorella-De-Bon.jpg\",\"datePublished\":\"2011-12-22T11:10:33+00:00\",\"breadcrumb\":{\"@id\":\"https:\\\/\\\/www.bellunopress.it\\\/2011\\\/12\\\/22\\\/giovedi-29-dicembre-a-rivamonte-la-presentazione-della-raccolta-di-poesie-di-lorella-de-bon\\\/#breadcrumb\"},\"inLanguage\":\"fr-FR\",\"potentialAction\":[{\"@type\":\"ReadAction\",\"target\":[\"https:\\\/\\\/www.bellunopress.it\\\/2011\\\/12\\\/22\\\/giovedi-29-dicembre-a-rivamonte-la-presentazione-della-raccolta-di-poesie-di-lorella-de-bon\\\/\"]}]},{\"@type\":\"ImageObject\",\"inLanguage\":\"fr-FR\",\"@id\":\"https:\\\/\\\/www.bellunopress.it\\\/2011\\\/12\\\/22\\\/giovedi-29-dicembre-a-rivamonte-la-presentazione-della-raccolta-di-poesie-di-lorella-de-bon\\\/#primaryimage\",\"url\":\"http:\\\/\\\/www.bellunopress.it\\\/wp-content\\\/uploads\\\/2011\\\/09\\\/Lorella-De-Bon.jpg\",\"contentUrl\":\"http:\\\/\\\/www.bellunopress.it\\\/wp-content\\\/uploads\\\/2011\\\/09\\\/Lorella-De-Bon.jpg\"},{\"@type\":\"BreadcrumbList\",\"@id\":\"https:\\\/\\\/www.bellunopress.it\\\/2011\\\/12\\\/22\\\/giovedi-29-dicembre-a-rivamonte-la-presentazione-della-raccolta-di-poesie-di-lorella-de-bon\\\/#breadcrumb\",\"itemListElement\":[{\"@type\":\"ListItem\",\"position\":1,\"name\":\"Home\",\"item\":\"https:\\\/\\\/www.bellunopress.it\\\/\"},{\"@type\":\"ListItem\",\"position\":2,\"name\":\"Gioved\u00ec 29 dicembre a Rivamonte la presentazione della raccolta di poesie di Lorella De Bon\"}]},{\"@type\":\"WebSite\",\"@id\":\"https:\\\/\\\/www.bellunopress.it\\\/#website\",\"url\":\"https:\\\/\\\/www.bellunopress.it\\\/\",\"name\":\"Bellunopress - Dolomiti\",\"description\":\"e-mail: redazione@bellunopress.it\",\"publisher\":{\"@id\":\"https:\\\/\\\/www.bellunopress.it\\\/#organization\"},\"potentialAction\":[{\"@type\":\"SearchAction\",\"target\":{\"@type\":\"EntryPoint\",\"urlTemplate\":\"https:\\\/\\\/www.bellunopress.it\\\/?s={search_term_string}\"},\"query-input\":{\"@type\":\"PropertyValueSpecification\",\"valueRequired\":true,\"valueName\":\"search_term_string\"}}],\"inLanguage\":\"fr-FR\"},{\"@type\":\"Organization\",\"@id\":\"https:\\\/\\\/www.bellunopress.it\\\/#organization\",\"name\":\"Bellunopress\",\"url\":\"https:\\\/\\\/www.bellunopress.it\\\/\",\"logo\":{\"@type\":\"ImageObject\",\"inLanguage\":\"fr-FR\",\"@id\":\"https:\\\/\\\/www.bellunopress.it\\\/#\\\/schema\\\/logo\\\/image\\\/\",\"url\":\"https:\\\/\\\/www.bellunopress.it\\\/wp-content\\\/uploads\\\/2011\\\/05\\\/cropped-logo-bellunopress-.jpg\",\"contentUrl\":\"https:\\\/\\\/www.bellunopress.it\\\/wp-content\\\/uploads\\\/2011\\\/05\\\/cropped-logo-bellunopress-.jpg\",\"width\":512,\"height\":512,\"caption\":\"Bellunopress\"},\"image\":{\"@id\":\"https:\\\/\\\/www.bellunopress.it\\\/#\\\/schema\\\/logo\\\/image\\\/\"},\"sameAs\":[\"https:\\\/\\\/www.facebook.com\\\/profile.php?id=100008943462799\",\"https:\\\/\\\/x.com\\\/bellunopress\",\"https:\\\/\\\/www.linkedin.com\\\/hp\\\/?dnr=JBzUWaJfMUw8vbXJJ2tVW5-I3jZKvC4wsoxE&amp;amp;amp;amp;amp;amp;trk=nav_responsive_tab_home\",\"https:\\\/\\\/www.youtube.com\\\/channel\\\/UCxL0wu1uN0_3_7hGG0306cw\"]},{\"@type\":\"Person\",\"@id\":\"https:\\\/\\\/www.bellunopress.it\\\/#\\\/schema\\\/person\\\/79bb06722b37ece1c03d3e94beb30d73\",\"name\":\"redazione\",\"image\":{\"@type\":\"ImageObject\",\"inLanguage\":\"fr-FR\",\"@id\":\"https:\\\/\\\/secure.gravatar.com\\\/avatar\\\/37d968a2e67a6fd04c169c4bdef102d0bc5d31b2546345219e348575eb80e9a0?s=96&d=mm&r=g\",\"url\":\"https:\\\/\\\/secure.gravatar.com\\\/avatar\\\/37d968a2e67a6fd04c169c4bdef102d0bc5d31b2546345219e348575eb80e9a0?s=96&d=mm&r=g\",\"contentUrl\":\"https:\\\/\\\/secure.gravatar.com\\\/avatar\\\/37d968a2e67a6fd04c169c4bdef102d0bc5d31b2546345219e348575eb80e9a0?s=96&d=mm&r=g\",\"caption\":\"redazione\"},\"sameAs\":[\"http:\\\/\\\/www.bellunopress.it\",\"https:\\\/\\\/x.com\\\/bellunopress\"],\"url\":\"https:\\\/\\\/www.bellunopress.it\\\/fr\\\/author\\\/redazione\\\/\"}]}<\/script>\n<!-- \/ Yoast SEO plugin. -->","yoast_head_json":{"title":"Gioved\u00ec 29 dicembre a Rivamonte la presentazione della raccolta di poesie di Lorella De Bon - Bellunopress - Dolomiti","robots":{"index":"index","follow":"follow","max-snippet":"max-snippet:-1","max-image-preview":"max-image-preview:large","max-video-preview":"max-video-preview:-1"},"canonical":"https:\/\/www.bellunopress.it\/fr\/2011\/12\/22\/giovedi-29-dicembre-a-rivamonte-la-presentazione-della-raccolta-di-poesie-di-lorella-de-bon\/","og_locale":"fr_FR","og_type":"article","og_title":"Gioved\u00ec 29 dicembre a Rivamonte la presentazione della raccolta di poesie di Lorella De Bon - Bellunopress - Dolomiti","og_description":"Lorella De Bon presenta la propria raccolta di poesie intitolata \u201cIl sospetto di vivere\u201d (Albalibri Editore, Rosignano Marittimo-LI) presso la sala \u201cB. Gnech\u201d nella Casa della Giovent\u00f9 di Rivamonte Agordino il prossimo 29 dicembre alle ore 17.30. L\u2019evento, gi\u00e0 presentato a Belluno e a Ponte nelle Alpi, si avvale dell\u2019accompagnamento musicale al clarinetto di Laura [&hellip;]","og_url":"https:\/\/www.bellunopress.it\/fr\/2011\/12\/22\/giovedi-29-dicembre-a-rivamonte-la-presentazione-della-raccolta-di-poesie-di-lorella-de-bon\/","og_site_name":"Bellunopress - Dolomiti","article_publisher":"https:\/\/www.facebook.com\/profile.php?id=100008943462799","article_published_time":"2011-12-22T11:10:33+00:00","og_image":[{"url":"http:\/\/www.bellunopress.it\/wp-content\/uploads\/2011\/09\/Lorella-De-Bon.jpg","type":"","width":"","height":""}],"author":"redazione","twitter_card":"summary_large_image","twitter_creator":"@bellunopress","twitter_site":"@bellunopress","twitter_misc":{"Written by":"redazione","Est. reading time":"2 minutes"},"schema":{"@context":"https:\/\/schema.org","@graph":[{"@type":"Article","@id":"https:\/\/www.bellunopress.it\/2011\/12\/22\/giovedi-29-dicembre-a-rivamonte-la-presentazione-della-raccolta-di-poesie-di-lorella-de-bon\/#article","isPartOf":{"@id":"https:\/\/www.bellunopress.it\/2011\/12\/22\/giovedi-29-dicembre-a-rivamonte-la-presentazione-della-raccolta-di-poesie-di-lorella-de-bon\/"},"author":{"name":"redazione","@id":"https:\/\/www.bellunopress.it\/#\/schema\/person\/79bb06722b37ece1c03d3e94beb30d73"},"headline":"Gioved\u00ec 29 dicembre a Rivamonte la presentazione della raccolta di poesie di Lorella De Bon","datePublished":"2011-12-22T11:10:33+00:00","mainEntityOfPage":{"@id":"https:\/\/www.bellunopress.it\/2011\/12\/22\/giovedi-29-dicembre-a-rivamonte-la-presentazione-della-raccolta-di-poesie-di-lorella-de-bon\/"},"wordCount":393,"publisher":{"@id":"https:\/\/www.bellunopress.it\/#organization"},"image":{"@id":"https:\/\/www.bellunopress.it\/2011\/12\/22\/giovedi-29-dicembre-a-rivamonte-la-presentazione-della-raccolta-di-poesie-di-lorella-de-bon\/#primaryimage"},"thumbnailUrl":"http:\/\/www.bellunopress.it\/wp-content\/uploads\/2011\/09\/Lorella-De-Bon.jpg","articleSection":["Appuntamenti, Eventi","Pausa Caff\u00e8"],"inLanguage":"fr-FR"},{"@type":"WebPage","@id":"https:\/\/www.bellunopress.it\/2011\/12\/22\/giovedi-29-dicembre-a-rivamonte-la-presentazione-della-raccolta-di-poesie-di-lorella-de-bon\/","url":"https:\/\/www.bellunopress.it\/2011\/12\/22\/giovedi-29-dicembre-a-rivamonte-la-presentazione-della-raccolta-di-poesie-di-lorella-de-bon\/","name":"Gioved\u00ec 29 dicembre a Rivamonte la presentazione della raccolta di poesie di Lorella De Bon - Bellunopress - Dolomiti","isPartOf":{"@id":"https:\/\/www.bellunopress.it\/#website"},"primaryImageOfPage":{"@id":"https:\/\/www.bellunopress.it\/2011\/12\/22\/giovedi-29-dicembre-a-rivamonte-la-presentazione-della-raccolta-di-poesie-di-lorella-de-bon\/#primaryimage"},"image":{"@id":"https:\/\/www.bellunopress.it\/2011\/12\/22\/giovedi-29-dicembre-a-rivamonte-la-presentazione-della-raccolta-di-poesie-di-lorella-de-bon\/#primaryimage"},"thumbnailUrl":"http:\/\/www.bellunopress.it\/wp-content\/uploads\/2011\/09\/Lorella-De-Bon.jpg","datePublished":"2011-12-22T11:10:33+00:00","breadcrumb":{"@id":"https:\/\/www.bellunopress.it\/2011\/12\/22\/giovedi-29-dicembre-a-rivamonte-la-presentazione-della-raccolta-di-poesie-di-lorella-de-bon\/#breadcrumb"},"inLanguage":"fr-FR","potentialAction":[{"@type":"ReadAction","target":["https:\/\/www.bellunopress.it\/2011\/12\/22\/giovedi-29-dicembre-a-rivamonte-la-presentazione-della-raccolta-di-poesie-di-lorella-de-bon\/"]}]},{"@type":"ImageObject","inLanguage":"fr-FR","@id":"https:\/\/www.bellunopress.it\/2011\/12\/22\/giovedi-29-dicembre-a-rivamonte-la-presentazione-della-raccolta-di-poesie-di-lorella-de-bon\/#primaryimage","url":"http:\/\/www.bellunopress.it\/wp-content\/uploads\/2011\/09\/Lorella-De-Bon.jpg","contentUrl":"http:\/\/www.bellunopress.it\/wp-content\/uploads\/2011\/09\/Lorella-De-Bon.jpg"},{"@type":"BreadcrumbList","@id":"https:\/\/www.bellunopress.it\/2011\/12\/22\/giovedi-29-dicembre-a-rivamonte-la-presentazione-della-raccolta-di-poesie-di-lorella-de-bon\/#breadcrumb","itemListElement":[{"@type":"ListItem","position":1,"name":"Home","item":"https:\/\/www.bellunopress.it\/"},{"@type":"ListItem","position":2,"name":"Gioved\u00ec 29 dicembre a Rivamonte la presentazione della raccolta di poesie di Lorella De Bon"}]},{"@type":"WebSite","@id":"https:\/\/www.bellunopress.it\/#website","url":"https:\/\/www.bellunopress.it\/","name":"Bellunopress - Dolomiti","description":"e-mail: redazione@bellunopress.it","publisher":{"@id":"https:\/\/www.bellunopress.it\/#organization"},"potentialAction":[{"@type":"SearchAction","target":{"@type":"EntryPoint","urlTemplate":"https:\/\/www.bellunopress.it\/?s={search_term_string}"},"query-input":{"@type":"PropertyValueSpecification","valueRequired":true,"valueName":"search_term_string"}}],"inLanguage":"fr-FR"},{"@type":"Organization","@id":"https:\/\/www.bellunopress.it\/#organization","name":"Bellunopress","url":"https:\/\/www.bellunopress.it\/","logo":{"@type":"ImageObject","inLanguage":"fr-FR","@id":"https:\/\/www.bellunopress.it\/#\/schema\/logo\/image\/","url":"https:\/\/www.bellunopress.it\/wp-content\/uploads\/2011\/05\/cropped-logo-bellunopress-.jpg","contentUrl":"https:\/\/www.bellunopress.it\/wp-content\/uploads\/2011\/05\/cropped-logo-bellunopress-.jpg","width":512,"height":512,"caption":"Bellunopress"},"image":{"@id":"https:\/\/www.bellunopress.it\/#\/schema\/logo\/image\/"},"sameAs":["https:\/\/www.facebook.com\/profile.php?id=100008943462799","https:\/\/x.com\/bellunopress","https:\/\/www.linkedin.com\/hp\/?dnr=JBzUWaJfMUw8vbXJJ2tVW5-I3jZKvC4wsoxE&amp;amp;amp;amp;amp;amp;trk=nav_responsive_tab_home","https:\/\/www.youtube.com\/channel\/UCxL0wu1uN0_3_7hGG0306cw"]},{"@type":"Person","@id":"https:\/\/www.bellunopress.it\/#\/schema\/person\/79bb06722b37ece1c03d3e94beb30d73","name":"r\u00e9daction","image":{"@type":"ImageObject","inLanguage":"fr-FR","@id":"https:\/\/secure.gravatar.com\/avatar\/37d968a2e67a6fd04c169c4bdef102d0bc5d31b2546345219e348575eb80e9a0?s=96&d=mm&r=g","url":"https:\/\/secure.gravatar.com\/avatar\/37d968a2e67a6fd04c169c4bdef102d0bc5d31b2546345219e348575eb80e9a0?s=96&d=mm&r=g","contentUrl":"https:\/\/secure.gravatar.com\/avatar\/37d968a2e67a6fd04c169c4bdef102d0bc5d31b2546345219e348575eb80e9a0?s=96&d=mm&r=g","caption":"redazione"},"sameAs":["http:\/\/www.bellunopress.it","https:\/\/x.com\/bellunopress"],"url":"https:\/\/www.bellunopress.it\/fr\/author\/redazione\/"}]}},"_links":{"self":[{"href":"https:\/\/www.bellunopress.it\/fr\/wp-json\/wp\/v2\/posts\/33577","targetHints":{"allow":["GET"]}}],"collection":[{"href":"https:\/\/www.bellunopress.it\/fr\/wp-json\/wp\/v2\/posts"}],"about":[{"href":"https:\/\/www.bellunopress.it\/fr\/wp-json\/wp\/v2\/types\/post"}],"author":[{"embeddable":true,"href":"https:\/\/www.bellunopress.it\/fr\/wp-json\/wp\/v2\/users\/2"}],"replies":[{"embeddable":true,"href":"https:\/\/www.bellunopress.it\/fr\/wp-json\/wp\/v2\/comments?post=33577"}],"version-history":[{"count":2,"href":"https:\/\/www.bellunopress.it\/fr\/wp-json\/wp\/v2\/posts\/33577\/revisions"}],"predecessor-version":[{"id":33579,"href":"https:\/\/www.bellunopress.it\/fr\/wp-json\/wp\/v2\/posts\/33577\/revisions\/33579"}],"wp:attachment":[{"href":"https:\/\/www.bellunopress.it\/fr\/wp-json\/wp\/v2\/media?parent=33577"}],"wp:term":[{"taxonomy":"category","embeddable":true,"href":"https:\/\/www.bellunopress.it\/fr\/wp-json\/wp\/v2\/categories?post=33577"},{"taxonomy":"post_tag","embeddable":true,"href":"https:\/\/www.bellunopress.it\/fr\/wp-json\/wp\/v2\/tags?post=33577"}],"curies":[{"name":"wp","href":"https:\/\/api.w.org\/{rel}","templated":true}]}}