{"id":33564,"date":"2011-12-21T22:16:32","date_gmt":"2011-12-21T21:16:32","guid":{"rendered":"http:\/\/www.bellunopress.it\/?p=33564"},"modified":"2011-12-21T22:16:32","modified_gmt":"2011-12-21T21:16:32","slug":"inaugurata-ad-alleghe-la-nuova-cabinovia-piani-di-pezze-col-dei-baldi","status":"publish","type":"post","link":"https:\/\/www.bellunopress.it\/fr\/2011\/12\/21\/inaugurata-ad-alleghe-la-nuova-cabinovia-piani-di-pezze-col-dei-baldi\/","title":{"rendered":"Inaugurata ad Alleghe la nuova cabinovia &#8220;Piani di Pezz\u00e8 &#8211; Col dei Baldi&#8221;"},"content":{"rendered":"<p><a href=\"http:\/\/www.bellunopress.it\/wp-content\/uploads\/2011\/12\/cabinovia-Piani-di-Pezze-Col-dei-Baldi-FotoRiva.jpg\"><img loading=\"lazy\" decoding=\"async\" class=\"alignleft size-full wp-image-33566\" title=\"cabinovia Piani di Pezze  - Col dei Baldi  FotoRiva\" src=\"http:\/\/www.bellunopress.it\/wp-content\/uploads\/2011\/12\/cabinovia-Piani-di-Pezze-Col-dei-Baldi-FotoRiva.jpg\" alt=\"\" width=\"290\" height=\"193\" \/><\/a>Alleghe (BL-Veneto), 21 dicembre 2011 \u2013 \u00c8 stata inaugurata questa mattina ad Alleghe la nuova cabinovia 8 posti \u201cPiani di Pezz\u00e8 &#8211; Col dei Baldi\u201d, snodo cruciale del grande comprensorio sciistico Ski Civetta situato all\u2019interno del Dolomiti Stars tra le Dolomiti Venete all\u2019ombra del Pelmo e del Civetta. Un vero paradiso per gli appassionati dello sci alpino con oltre 80 km di piste, moderni impianti di risalita, suggestivi paesaggi e caldi rifugi dove riprendere fiato e gustare ottimi piatti tipici.<\/p>\n<p>\u201cSi tratta del pi\u00f9 importante investimento impiantistico realizzato nella Regione Veneto in vista della stagione invernale 2011\/2012\u201d\u00a0 ha commentato Sergio Pra, presidente di Alleghe Funivie. \u201cL\u2019impianto avr\u00e0 una portata di 2800 persone all\u2019ora consentendo di coprire i 500 metri di dislivello che separano i 1445 m dei Piani di Pezz\u00e9 dai 1915 m del Col dei Baldi in poco pi\u00f9 di 5 minuti con una velocit\u00e0 oraria di circa 6 m\/s. Sciatori e non, potranno quindi raggiungere comodamente seduti e riparati il punto pi\u00f9 alto e soleggiato ammirando, attraverso ampie vetrate, l\u2019imponente sviluppo verticale della parete Nord-Ovest del Civetta che sovrasta il paese e il lago di Alleghe\u201d. \u201cNon posso che portare le mie pi\u00f9 vive congratulazioni per questo grande investimento di cui beneficer\u00e0 realmente tutto il territorio\u201d ha detto nel suo saluto il sindaco di Alleghe dott.ssa Gloria Pianezze. Complimenti anche da parte del presidente di Dolomiti Superski dott. Sandro Lazzari:\u201c\u00c8 fondamentale che in un momento di crisi come questo, le societ\u00e0 impiantistiche continuino ad investire sullo sviluppo delle aree sciistiche, pezzo importante della nostra economia. Per essere competitivi bisogna fornire sempre pi\u00f9 servizi adeguati e di alto livello al turista. Questa \u00e8 l\u2019unica via per restare sul mercato\u201d. Al fine di minimizzare l&#8217;impatto paesaggistico e ambientale del progetto, inoltre, la stazione di valle Piani di Pezz\u00e9 \u00e8 stata leggermente arretrata, interrata e posta ai margini della piana mentre lo skilift Lander, adiacente alla stazione, \u00e8 stato sostituito dalla nuova sciovia Piani di Pezz\u00e8 \u2013 Mariaz, lunga 300 m e con una capacit\u00e0 di 720 persone all\u2019ora, per consentire l&#8217;immediato collegamento alla pista di rientro in paese. Aumentato sensibilmente anche lo \u201cspazio didattico\u201d a beneficio di tutti coloro che desiderano avvicinarsi al mondo dello sci in tutta sicurezza. Per la gioia delle famiglie e dei bambini, infatti, \u00e8 stato creato un secondo campo scuola che, insieme a quello Baby e al parco giochi, d\u00e0 vita ad un vero e proprio circuito di apprendimento sulla neve di circa 1, 5 km. In concomitanza con l\u2019inaugurazione della cabinovia Piani di Pezz\u00e8 &#8211; Col dei Baldi, oggi nello Ski Civetta sono stati aperti anche numerosi altri impianti. Nella zona di Alleghe si pu\u00f2 quindi sciare sulle piste Coldai, Baldi, Lavadoi, Baby e Lander, mentre a Zoldo sulle piste Foppe, Cristelin 1 e 2 e Campo Scuola Crep. Presto sar\u00e0 in funzione anche il collegamento Alleghe-Zoldo.<\/p>\n<p>Cabinovia \u201cPiani di Pezz\u00e8 &#8211; Col dei Baldi\u201d Quota partenza: 1445 s.l.m. Quota arrivo: 1915 s.l.m. Distanza: 2 km Dislivello: 500 m Velocit\u00e0: 6 m\/s Tempo di risalita: 5,5 minuti<\/p>","protected":false},"excerpt":{"rendered":"<p>Alleghe (BL-Veneto), 21 dicembre 2011 \u2013 \u00c8 stata inaugurata questa mattina ad Alleghe la nuova cabinovia 8 posti \u201cPiani di Pezz\u00e8 &#8211; Col dei Baldi\u201d, snodo cruciale del grande comprensorio sciistico Ski Civetta situato all\u2019interno del Dolomiti Stars tra le Dolomiti Venete all\u2019ombra del Pelmo e del Civetta. Un vero paradiso per gli appassionati dello [&hellip;]<\/p>\n","protected":false},"author":2,"featured_media":0,"comment_status":"closed","ping_status":"open","sticky":false,"template":"","format":"standard","meta":{"footnotes":""},"categories":[5,26],"tags":[],"class_list":["post-33564","post","type-post","status-publish","format-standard","category-cronaca","category-prima-pagina"],"yoast_head":"<!-- This site is optimized with the Yoast SEO plugin v28.4 - https:\/\/yoast.com\/product\/yoast-seo-wordpress\/ -->\n<title>Inaugurata ad Alleghe la nuova cabinovia &quot;Piani di Pezz\u00e8 - Col dei Baldi&quot; - Bellunopress - Dolomiti<\/title>\n<meta name=\"robots\" content=\"index, follow, max-snippet:-1, max-image-preview:large, max-video-preview:-1\" \/>\n<link rel=\"canonical\" href=\"https:\/\/www.bellunopress.it\/fr\/2011\/12\/21\/inaugurata-ad-alleghe-la-nuova-cabinovia-piani-di-pezze-col-dei-baldi\/\" \/>\n<meta property=\"og:locale\" content=\"fr_FR\" \/>\n<meta property=\"og:type\" content=\"article\" \/>\n<meta property=\"og:title\" content=\"Inaugurata ad Alleghe la nuova cabinovia &quot;Piani di Pezz\u00e8 - Col dei Baldi&quot; - Bellunopress - Dolomiti\" \/>\n<meta property=\"og:description\" content=\"Alleghe (BL-Veneto), 21 dicembre 2011 \u2013 \u00c8 stata inaugurata questa mattina ad Alleghe la nuova cabinovia 8 posti \u201cPiani di Pezz\u00e8 &#8211; Col dei Baldi\u201d, snodo cruciale del grande comprensorio sciistico Ski Civetta situato all\u2019interno del Dolomiti Stars tra le Dolomiti Venete all\u2019ombra del Pelmo e del Civetta. Un vero paradiso per gli appassionati dello [&hellip;]\" \/>\n<meta property=\"og:url\" content=\"https:\/\/www.bellunopress.it\/fr\/2011\/12\/21\/inaugurata-ad-alleghe-la-nuova-cabinovia-piani-di-pezze-col-dei-baldi\/\" \/>\n<meta property=\"og:site_name\" content=\"Bellunopress - Dolomiti\" \/>\n<meta property=\"article:publisher\" content=\"https:\/\/www.facebook.com\/profile.php?id=100008943462799\" \/>\n<meta property=\"article:published_time\" content=\"2011-12-21T21:16:32+00:00\" \/>\n<meta property=\"og:image\" content=\"http:\/\/www.bellunopress.it\/wp-content\/uploads\/2011\/12\/cabinovia-Piani-di-Pezze-Col-dei-Baldi-FotoRiva.jpg\" \/>\n<meta name=\"author\" content=\"redazione\" \/>\n<meta name=\"twitter:card\" content=\"summary_large_image\" \/>\n<meta name=\"twitter:creator\" content=\"@bellunopress\" \/>\n<meta name=\"twitter:site\" content=\"@bellunopress\" \/>\n<meta name=\"twitter:label1\" content=\"Written by\" \/>\n\t<meta name=\"twitter:data1\" content=\"redazione\" \/>\n\t<meta name=\"twitter:label2\" content=\"Est. reading time\" \/>\n\t<meta name=\"twitter:data2\" content=\"2 minutes\" \/>\n<script type=\"application\/ld+json\" class=\"yoast-schema-graph\">{\"@context\":\"https:\\\/\\\/schema.org\",\"@graph\":[{\"@type\":\"Article\",\"@id\":\"https:\\\/\\\/www.bellunopress.it\\\/2011\\\/12\\\/21\\\/inaugurata-ad-alleghe-la-nuova-cabinovia-piani-di-pezze-col-dei-baldi\\\/#article\",\"isPartOf\":{\"@id\":\"https:\\\/\\\/www.bellunopress.it\\\/2011\\\/12\\\/21\\\/inaugurata-ad-alleghe-la-nuova-cabinovia-piani-di-pezze-col-dei-baldi\\\/\"},\"author\":{\"name\":\"redazione\",\"@id\":\"https:\\\/\\\/www.bellunopress.it\\\/#\\\/schema\\\/person\\\/79bb06722b37ece1c03d3e94beb30d73\"},\"headline\":\"Inaugurata ad Alleghe la nuova cabinovia &#8220;Piani di Pezz\u00e8 &#8211; Col dei Baldi&#8221;\",\"datePublished\":\"2011-12-21T21:16:32+00:00\",\"mainEntityOfPage\":{\"@id\":\"https:\\\/\\\/www.bellunopress.it\\\/2011\\\/12\\\/21\\\/inaugurata-ad-alleghe-la-nuova-cabinovia-piani-di-pezze-col-dei-baldi\\\/\"},\"wordCount\":503,\"publisher\":{\"@id\":\"https:\\\/\\\/www.bellunopress.it\\\/#organization\"},\"image\":{\"@id\":\"https:\\\/\\\/www.bellunopress.it\\\/2011\\\/12\\\/21\\\/inaugurata-ad-alleghe-la-nuova-cabinovia-piani-di-pezze-col-dei-baldi\\\/#primaryimage\"},\"thumbnailUrl\":\"http:\\\/\\\/www.bellunopress.it\\\/wp-content\\\/uploads\\\/2011\\\/12\\\/cabinovia-Piani-di-Pezze-Col-dei-Baldi-FotoRiva.jpg\",\"articleSection\":[\"Cronaca\\\/Politica\",\"Prima Pagina\"],\"inLanguage\":\"fr-FR\"},{\"@type\":\"WebPage\",\"@id\":\"https:\\\/\\\/www.bellunopress.it\\\/2011\\\/12\\\/21\\\/inaugurata-ad-alleghe-la-nuova-cabinovia-piani-di-pezze-col-dei-baldi\\\/\",\"url\":\"https:\\\/\\\/www.bellunopress.it\\\/2011\\\/12\\\/21\\\/inaugurata-ad-alleghe-la-nuova-cabinovia-piani-di-pezze-col-dei-baldi\\\/\",\"name\":\"Inaugurata ad Alleghe la nuova cabinovia \\\"Piani di Pezz\u00e8 - Col dei Baldi\\\" - Bellunopress - Dolomiti\",\"isPartOf\":{\"@id\":\"https:\\\/\\\/www.bellunopress.it\\\/#website\"},\"primaryImageOfPage\":{\"@id\":\"https:\\\/\\\/www.bellunopress.it\\\/2011\\\/12\\\/21\\\/inaugurata-ad-alleghe-la-nuova-cabinovia-piani-di-pezze-col-dei-baldi\\\/#primaryimage\"},\"image\":{\"@id\":\"https:\\\/\\\/www.bellunopress.it\\\/2011\\\/12\\\/21\\\/inaugurata-ad-alleghe-la-nuova-cabinovia-piani-di-pezze-col-dei-baldi\\\/#primaryimage\"},\"thumbnailUrl\":\"http:\\\/\\\/www.bellunopress.it\\\/wp-content\\\/uploads\\\/2011\\\/12\\\/cabinovia-Piani-di-Pezze-Col-dei-Baldi-FotoRiva.jpg\",\"datePublished\":\"2011-12-21T21:16:32+00:00\",\"breadcrumb\":{\"@id\":\"https:\\\/\\\/www.bellunopress.it\\\/2011\\\/12\\\/21\\\/inaugurata-ad-alleghe-la-nuova-cabinovia-piani-di-pezze-col-dei-baldi\\\/#breadcrumb\"},\"inLanguage\":\"fr-FR\",\"potentialAction\":[{\"@type\":\"ReadAction\",\"target\":[\"https:\\\/\\\/www.bellunopress.it\\\/2011\\\/12\\\/21\\\/inaugurata-ad-alleghe-la-nuova-cabinovia-piani-di-pezze-col-dei-baldi\\\/\"]}]},{\"@type\":\"ImageObject\",\"inLanguage\":\"fr-FR\",\"@id\":\"https:\\\/\\\/www.bellunopress.it\\\/2011\\\/12\\\/21\\\/inaugurata-ad-alleghe-la-nuova-cabinovia-piani-di-pezze-col-dei-baldi\\\/#primaryimage\",\"url\":\"http:\\\/\\\/www.bellunopress.it\\\/wp-content\\\/uploads\\\/2011\\\/12\\\/cabinovia-Piani-di-Pezze-Col-dei-Baldi-FotoRiva.jpg\",\"contentUrl\":\"http:\\\/\\\/www.bellunopress.it\\\/wp-content\\\/uploads\\\/2011\\\/12\\\/cabinovia-Piani-di-Pezze-Col-dei-Baldi-FotoRiva.jpg\"},{\"@type\":\"BreadcrumbList\",\"@id\":\"https:\\\/\\\/www.bellunopress.it\\\/2011\\\/12\\\/21\\\/inaugurata-ad-alleghe-la-nuova-cabinovia-piani-di-pezze-col-dei-baldi\\\/#breadcrumb\",\"itemListElement\":[{\"@type\":\"ListItem\",\"position\":1,\"name\":\"Home\",\"item\":\"https:\\\/\\\/www.bellunopress.it\\\/\"},{\"@type\":\"ListItem\",\"position\":2,\"name\":\"Inaugurata ad Alleghe la nuova cabinovia &#8220;Piani di Pezz\u00e8 &#8211; Col dei Baldi&#8221;\"}]},{\"@type\":\"WebSite\",\"@id\":\"https:\\\/\\\/www.bellunopress.it\\\/#website\",\"url\":\"https:\\\/\\\/www.bellunopress.it\\\/\",\"name\":\"Bellunopress - Dolomiti\",\"description\":\"e-mail: redazione@bellunopress.it\",\"publisher\":{\"@id\":\"https:\\\/\\\/www.bellunopress.it\\\/#organization\"},\"potentialAction\":[{\"@type\":\"SearchAction\",\"target\":{\"@type\":\"EntryPoint\",\"urlTemplate\":\"https:\\\/\\\/www.bellunopress.it\\\/?s={search_term_string}\"},\"query-input\":{\"@type\":\"PropertyValueSpecification\",\"valueRequired\":true,\"valueName\":\"search_term_string\"}}],\"inLanguage\":\"fr-FR\"},{\"@type\":\"Organization\",\"@id\":\"https:\\\/\\\/www.bellunopress.it\\\/#organization\",\"name\":\"Bellunopress\",\"url\":\"https:\\\/\\\/www.bellunopress.it\\\/\",\"logo\":{\"@type\":\"ImageObject\",\"inLanguage\":\"fr-FR\",\"@id\":\"https:\\\/\\\/www.bellunopress.it\\\/#\\\/schema\\\/logo\\\/image\\\/\",\"url\":\"https:\\\/\\\/www.bellunopress.it\\\/wp-content\\\/uploads\\\/2011\\\/05\\\/cropped-logo-bellunopress-.jpg\",\"contentUrl\":\"https:\\\/\\\/www.bellunopress.it\\\/wp-content\\\/uploads\\\/2011\\\/05\\\/cropped-logo-bellunopress-.jpg\",\"width\":512,\"height\":512,\"caption\":\"Bellunopress\"},\"image\":{\"@id\":\"https:\\\/\\\/www.bellunopress.it\\\/#\\\/schema\\\/logo\\\/image\\\/\"},\"sameAs\":[\"https:\\\/\\\/www.facebook.com\\\/profile.php?id=100008943462799\",\"https:\\\/\\\/x.com\\\/bellunopress\",\"https:\\\/\\\/www.linkedin.com\\\/hp\\\/?dnr=JBzUWaJfMUw8vbXJJ2tVW5-I3jZKvC4wsoxE&amp;amp;amp;amp;amp;amp;trk=nav_responsive_tab_home\",\"https:\\\/\\\/www.youtube.com\\\/channel\\\/UCxL0wu1uN0_3_7hGG0306cw\"]},{\"@type\":\"Person\",\"@id\":\"https:\\\/\\\/www.bellunopress.it\\\/#\\\/schema\\\/person\\\/79bb06722b37ece1c03d3e94beb30d73\",\"name\":\"redazione\",\"image\":{\"@type\":\"ImageObject\",\"inLanguage\":\"fr-FR\",\"@id\":\"https:\\\/\\\/secure.gravatar.com\\\/avatar\\\/37d968a2e67a6fd04c169c4bdef102d0bc5d31b2546345219e348575eb80e9a0?s=96&d=mm&r=g\",\"url\":\"https:\\\/\\\/secure.gravatar.com\\\/avatar\\\/37d968a2e67a6fd04c169c4bdef102d0bc5d31b2546345219e348575eb80e9a0?s=96&d=mm&r=g\",\"contentUrl\":\"https:\\\/\\\/secure.gravatar.com\\\/avatar\\\/37d968a2e67a6fd04c169c4bdef102d0bc5d31b2546345219e348575eb80e9a0?s=96&d=mm&r=g\",\"caption\":\"redazione\"},\"sameAs\":[\"http:\\\/\\\/www.bellunopress.it\",\"https:\\\/\\\/x.com\\\/bellunopress\"],\"url\":\"https:\\\/\\\/www.bellunopress.it\\\/fr\\\/author\\\/redazione\\\/\"}]}<\/script>\n<!-- \/ Yoast SEO plugin. -->","yoast_head_json":{"title":"Inaugurata ad Alleghe la nuova cabinovia \"Piani di Pezz\u00e8 - Col dei Baldi\" - Bellunopress - Dolomiti","robots":{"index":"index","follow":"follow","max-snippet":"max-snippet:-1","max-image-preview":"max-image-preview:large","max-video-preview":"max-video-preview:-1"},"canonical":"https:\/\/www.bellunopress.it\/fr\/2011\/12\/21\/inaugurata-ad-alleghe-la-nuova-cabinovia-piani-di-pezze-col-dei-baldi\/","og_locale":"fr_FR","og_type":"article","og_title":"Inaugurata ad Alleghe la nuova cabinovia \"Piani di Pezz\u00e8 - Col dei Baldi\" - Bellunopress - Dolomiti","og_description":"Alleghe (BL-Veneto), 21 dicembre 2011 \u2013 \u00c8 stata inaugurata questa mattina ad Alleghe la nuova cabinovia 8 posti \u201cPiani di Pezz\u00e8 &#8211; Col dei Baldi\u201d, snodo cruciale del grande comprensorio sciistico Ski Civetta situato all\u2019interno del Dolomiti Stars tra le Dolomiti Venete all\u2019ombra del Pelmo e del Civetta. Un vero paradiso per gli appassionati dello [&hellip;]","og_url":"https:\/\/www.bellunopress.it\/fr\/2011\/12\/21\/inaugurata-ad-alleghe-la-nuova-cabinovia-piani-di-pezze-col-dei-baldi\/","og_site_name":"Bellunopress - Dolomiti","article_publisher":"https:\/\/www.facebook.com\/profile.php?id=100008943462799","article_published_time":"2011-12-21T21:16:32+00:00","og_image":[{"url":"http:\/\/www.bellunopress.it\/wp-content\/uploads\/2011\/12\/cabinovia-Piani-di-Pezze-Col-dei-Baldi-FotoRiva.jpg","type":"","width":"","height":""}],"author":"redazione","twitter_card":"summary_large_image","twitter_creator":"@bellunopress","twitter_site":"@bellunopress","twitter_misc":{"Written by":"redazione","Est. reading time":"2 minutes"},"schema":{"@context":"https:\/\/schema.org","@graph":[{"@type":"Article","@id":"https:\/\/www.bellunopress.it\/2011\/12\/21\/inaugurata-ad-alleghe-la-nuova-cabinovia-piani-di-pezze-col-dei-baldi\/#article","isPartOf":{"@id":"https:\/\/www.bellunopress.it\/2011\/12\/21\/inaugurata-ad-alleghe-la-nuova-cabinovia-piani-di-pezze-col-dei-baldi\/"},"author":{"name":"redazione","@id":"https:\/\/www.bellunopress.it\/#\/schema\/person\/79bb06722b37ece1c03d3e94beb30d73"},"headline":"Inaugurata ad Alleghe la nuova cabinovia &#8220;Piani di Pezz\u00e8 &#8211; Col dei Baldi&#8221;","datePublished":"2011-12-21T21:16:32+00:00","mainEntityOfPage":{"@id":"https:\/\/www.bellunopress.it\/2011\/12\/21\/inaugurata-ad-alleghe-la-nuova-cabinovia-piani-di-pezze-col-dei-baldi\/"},"wordCount":503,"publisher":{"@id":"https:\/\/www.bellunopress.it\/#organization"},"image":{"@id":"https:\/\/www.bellunopress.it\/2011\/12\/21\/inaugurata-ad-alleghe-la-nuova-cabinovia-piani-di-pezze-col-dei-baldi\/#primaryimage"},"thumbnailUrl":"http:\/\/www.bellunopress.it\/wp-content\/uploads\/2011\/12\/cabinovia-Piani-di-Pezze-Col-dei-Baldi-FotoRiva.jpg","articleSection":["Cronaca\/Politica","Prima Pagina"],"inLanguage":"fr-FR"},{"@type":"WebPage","@id":"https:\/\/www.bellunopress.it\/2011\/12\/21\/inaugurata-ad-alleghe-la-nuova-cabinovia-piani-di-pezze-col-dei-baldi\/","url":"https:\/\/www.bellunopress.it\/2011\/12\/21\/inaugurata-ad-alleghe-la-nuova-cabinovia-piani-di-pezze-col-dei-baldi\/","name":"Inaugurata ad Alleghe la nuova cabinovia \"Piani di Pezz\u00e8 - Col dei Baldi\" - Bellunopress - Dolomiti","isPartOf":{"@id":"https:\/\/www.bellunopress.it\/#website"},"primaryImageOfPage":{"@id":"https:\/\/www.bellunopress.it\/2011\/12\/21\/inaugurata-ad-alleghe-la-nuova-cabinovia-piani-di-pezze-col-dei-baldi\/#primaryimage"},"image":{"@id":"https:\/\/www.bellunopress.it\/2011\/12\/21\/inaugurata-ad-alleghe-la-nuova-cabinovia-piani-di-pezze-col-dei-baldi\/#primaryimage"},"thumbnailUrl":"http:\/\/www.bellunopress.it\/wp-content\/uploads\/2011\/12\/cabinovia-Piani-di-Pezze-Col-dei-Baldi-FotoRiva.jpg","datePublished":"2011-12-21T21:16:32+00:00","breadcrumb":{"@id":"https:\/\/www.bellunopress.it\/2011\/12\/21\/inaugurata-ad-alleghe-la-nuova-cabinovia-piani-di-pezze-col-dei-baldi\/#breadcrumb"},"inLanguage":"fr-FR","potentialAction":[{"@type":"ReadAction","target":["https:\/\/www.bellunopress.it\/2011\/12\/21\/inaugurata-ad-alleghe-la-nuova-cabinovia-piani-di-pezze-col-dei-baldi\/"]}]},{"@type":"ImageObject","inLanguage":"fr-FR","@id":"https:\/\/www.bellunopress.it\/2011\/12\/21\/inaugurata-ad-alleghe-la-nuova-cabinovia-piani-di-pezze-col-dei-baldi\/#primaryimage","url":"http:\/\/www.bellunopress.it\/wp-content\/uploads\/2011\/12\/cabinovia-Piani-di-Pezze-Col-dei-Baldi-FotoRiva.jpg","contentUrl":"http:\/\/www.bellunopress.it\/wp-content\/uploads\/2011\/12\/cabinovia-Piani-di-Pezze-Col-dei-Baldi-FotoRiva.jpg"},{"@type":"BreadcrumbList","@id":"https:\/\/www.bellunopress.it\/2011\/12\/21\/inaugurata-ad-alleghe-la-nuova-cabinovia-piani-di-pezze-col-dei-baldi\/#breadcrumb","itemListElement":[{"@type":"ListItem","position":1,"name":"Home","item":"https:\/\/www.bellunopress.it\/"},{"@type":"ListItem","position":2,"name":"Inaugurata ad Alleghe la nuova cabinovia &#8220;Piani di Pezz\u00e8 &#8211; Col dei Baldi&#8221;"}]},{"@type":"WebSite","@id":"https:\/\/www.bellunopress.it\/#website","url":"https:\/\/www.bellunopress.it\/","name":"Bellunopress - Dolomiti","description":"e-mail: redazione@bellunopress.it","publisher":{"@id":"https:\/\/www.bellunopress.it\/#organization"},"potentialAction":[{"@type":"SearchAction","target":{"@type":"EntryPoint","urlTemplate":"https:\/\/www.bellunopress.it\/?s={search_term_string}"},"query-input":{"@type":"PropertyValueSpecification","valueRequired":true,"valueName":"search_term_string"}}],"inLanguage":"fr-FR"},{"@type":"Organization","@id":"https:\/\/www.bellunopress.it\/#organization","name":"Bellunopress","url":"https:\/\/www.bellunopress.it\/","logo":{"@type":"ImageObject","inLanguage":"fr-FR","@id":"https:\/\/www.bellunopress.it\/#\/schema\/logo\/image\/","url":"https:\/\/www.bellunopress.it\/wp-content\/uploads\/2011\/05\/cropped-logo-bellunopress-.jpg","contentUrl":"https:\/\/www.bellunopress.it\/wp-content\/uploads\/2011\/05\/cropped-logo-bellunopress-.jpg","width":512,"height":512,"caption":"Bellunopress"},"image":{"@id":"https:\/\/www.bellunopress.it\/#\/schema\/logo\/image\/"},"sameAs":["https:\/\/www.facebook.com\/profile.php?id=100008943462799","https:\/\/x.com\/bellunopress","https:\/\/www.linkedin.com\/hp\/?dnr=JBzUWaJfMUw8vbXJJ2tVW5-I3jZKvC4wsoxE&amp;amp;amp;amp;amp;amp;trk=nav_responsive_tab_home","https:\/\/www.youtube.com\/channel\/UCxL0wu1uN0_3_7hGG0306cw"]},{"@type":"Person","@id":"https:\/\/www.bellunopress.it\/#\/schema\/person\/79bb06722b37ece1c03d3e94beb30d73","name":"r\u00e9daction","image":{"@type":"ImageObject","inLanguage":"fr-FR","@id":"https:\/\/secure.gravatar.com\/avatar\/37d968a2e67a6fd04c169c4bdef102d0bc5d31b2546345219e348575eb80e9a0?s=96&d=mm&r=g","url":"https:\/\/secure.gravatar.com\/avatar\/37d968a2e67a6fd04c169c4bdef102d0bc5d31b2546345219e348575eb80e9a0?s=96&d=mm&r=g","contentUrl":"https:\/\/secure.gravatar.com\/avatar\/37d968a2e67a6fd04c169c4bdef102d0bc5d31b2546345219e348575eb80e9a0?s=96&d=mm&r=g","caption":"redazione"},"sameAs":["http:\/\/www.bellunopress.it","https:\/\/x.com\/bellunopress"],"url":"https:\/\/www.bellunopress.it\/fr\/author\/redazione\/"}]}},"_links":{"self":[{"href":"https:\/\/www.bellunopress.it\/fr\/wp-json\/wp\/v2\/posts\/33564","targetHints":{"allow":["GET"]}}],"collection":[{"href":"https:\/\/www.bellunopress.it\/fr\/wp-json\/wp\/v2\/posts"}],"about":[{"href":"https:\/\/www.bellunopress.it\/fr\/wp-json\/wp\/v2\/types\/post"}],"author":[{"embeddable":true,"href":"https:\/\/www.bellunopress.it\/fr\/wp-json\/wp\/v2\/users\/2"}],"replies":[{"embeddable":true,"href":"https:\/\/www.bellunopress.it\/fr\/wp-json\/wp\/v2\/comments?post=33564"}],"version-history":[{"count":2,"href":"https:\/\/www.bellunopress.it\/fr\/wp-json\/wp\/v2\/posts\/33564\/revisions"}],"predecessor-version":[{"id":33568,"href":"https:\/\/www.bellunopress.it\/fr\/wp-json\/wp\/v2\/posts\/33564\/revisions\/33568"}],"wp:attachment":[{"href":"https:\/\/www.bellunopress.it\/fr\/wp-json\/wp\/v2\/media?parent=33564"}],"wp:term":[{"taxonomy":"category","embeddable":true,"href":"https:\/\/www.bellunopress.it\/fr\/wp-json\/wp\/v2\/categories?post=33564"},{"taxonomy":"post_tag","embeddable":true,"href":"https:\/\/www.bellunopress.it\/fr\/wp-json\/wp\/v2\/tags?post=33564"}],"curies":[{"name":"wp","href":"https:\/\/api.w.org\/{rel}","templated":true}]}}