{"id":33562,"date":"2011-12-21T20:19:39","date_gmt":"2011-12-21T19:19:39","guid":{"rendered":"http:\/\/www.bellunopress.it\/?p=33562"},"modified":"2011-12-21T20:19:39","modified_gmt":"2011-12-21T19:19:39","slug":"cesiomaggiore-il-sindaco-de-bastiani-presenta-il-bilancio-di-previsione","status":"publish","type":"post","link":"https:\/\/www.bellunopress.it\/fr\/2011\/12\/21\/cesiomaggiore-il-sindaco-de-bastiani-presenta-il-bilancio-di-previsione\/","title":{"rendered":"Cesiomaggiore: il sindaco De Bastiani presenta il bilancio di previsione"},"content":{"rendered":"<figure id=\"attachment_31530\" aria-describedby=\"caption-attachment-31530\" style=\"width: 150px\" class=\"wp-caption alignleft\"><a href=\"http:\/\/www.bellunopress.it\/wp-content\/uploads\/2011\/10\/gianni-de-bastiani.jpg\"><img loading=\"lazy\" decoding=\"async\" class=\"size-full wp-image-31530\" title=\"gianni de bastiani\" src=\"http:\/\/www.bellunopress.it\/wp-content\/uploads\/2011\/10\/gianni-de-bastiani.jpg\" alt=\"\" width=\"150\" height=\"200\" \/><\/a><figcaption id=\"caption-attachment-31530\" class=\"wp-caption-text\">Gianni De Bastiani<\/figcaption><\/figure>\n<p>&#8220;Il bilancio di previsione del 2012 verr\u00e0 sottoposto all&#8217;esame del Consiglio venerd\u00ec sera&#8221;. Lo dichiara in una nota il sindaco di Cesiomaggiore Gianni De Bastiani. &#8220;Si tratta di un bilancio che risente dei tagli dei trasferimenti dallo Stato che lascia comunque dei margini di crescita e sviluppo. \u00a0 Partiamo dallo sviluppo: \u00a0 &#8211; viene confermato l&#8217;importante sostegno di 18 mila euro alla scuola paritaria dell&#8217;infanzia di Cesiomaggiore; si tratta di un intervento indispensabile per la prosecuzione dell&#8217;attivit\u00e0 della stessa struttura e che si traduce in un contributo di ca 450 euro per ogni bambino \u00a0 &#8211; viene confermato il contributo di 15 mila euro per la gestione associata del museo etnografico di Seravella; si tratta di una risorsa importante per la Provincia ma soprattutto per Cesiomaggiore, centro e laboratorio importante per le ricerche e studi in materia di tradizioni e cultura popolare. \u00a0 &#8211; vengono incrementate le risorse per le scuole che passano da 282 mila a 294 mila euro \u00a0 &#8211; vengono attivati i servizi della nuova biblioteca civica che verr\u00e0 inaugurata il prossimo mese di gennaio con spazi pi\u00f9 capienti per la lettura e consultazione dei libri, connessioni internet veloci e sezione interamente dedicata ai bambini \u00a0 &#8211; viene confermato il sostegno di 5.500 euro alle iniziative che promuovono i prodotti tipici locali, non \u00e8 tanto ma \u00e8 un segno di attenzione verso una realt\u00e0 di estremo interesse per lo sviluppo sostenibile del territorio \u00a0 &#8211; prima della fine di legislatura verr\u00e0 adottato il PAT comunale e se non ci saranno intoppi, verr\u00e0 impostato il piano degli interventi, ovvero il piano del sindaco che attua i contenuti ed i principi del PAT \u00a0 &#8211; vengono stanziate ben 238 mila euro per i servizi sociali, di cui 135 mila per i servizi in convenzione con l&#8217;ULSS, 11.000 per interventi assistenziali, 4000 per il trasporto solidale, 3000 euro per le attivit\u00e0 estive dei ragazzi. \u00a0 Per finanziare lo sviluppo in carenza di risorse si \u00e8 pensato a razionalizzare la macchini burocratica e i costi di funzionamento, infatti sono state tagliate di ben 68 mila euro le spese generali dell&#8217;ente, in particolare la spesa di personale passa da 774 mila nel 2011 a 751 mila euro nel 2012 a seguito di alcuni pensionamenti che ci saranno nel 2012 senza successiva copertura dei posti. \u00a0 L&#8217;indebitamento dell&#8217;ente per molta parte \u00e8 costituito da mutui assunti per acquedotti e fognature che sono stati trasferiti a Bim GSP dopo l&#8217;esternalizzazione del servizio idrico. \u00a0 Facendo un confronto con altri Comuni limitrofi, il livello di indebitamento \u00e8 in linea o addirittura inferiore agli altri, l&#8217;indicatore legale che misura la virtuosit\u00e0 degli enti \u00e8 il rapporto tra spesa per interessi ed entrate correnti, nel nostro caso esso \u00e8 del 6,4%, inferiore al tasso dell&#8217;8% fissato dalla legge per il 2012. \u00a0 Nonostante la situazione critica complessiva per tutti gli enti, il piano delle opere pubbliche permette di realizzare interessanti interventi: \u00a0 &#8211; con i canoni idrici (114.000 euro) verranno finanziati i lavori di ampliamento di via S.Vidal a Toschian, l&#8217;ampliamento dell&#8217;incrocio di via Rai a Cesiominore e altri lavori sulle frazioni \u00a0 &#8211; con risorse di bilancio (28 mila euro) verr\u00e0 risistemata la piazza di Calliol \u00a0 &#8211; con risorse di bilancio (40 mila euro) verrano eseguiti lavori di manutenzione e adeguamento della casa di riposo \u00a0 &#8211; con contributi esterni (255.000 euro) verr\u00e0 realizzato il centro diurno \u00a0 &#8211; con contributo (48.000 euro) verr\u00e0 rifatto l&#8217;impianto termico della sede comunale \u00a0 &#8211; con contributo e risorse di bilancio (130.000 euro) verr\u00e0 rifatto il tetto della scuola elemenntare di Cesiomaggiore \u00a0 &#8211; con risorse di bilancio (45.000 euro) verranno sostituite le barriere stradali lungo la strada per Morzanch. \u00a0 Inoltre verranno completati i lavori di recinzione del parco di Busche, realizzati con contributo del GAL percorsi nel bosco ripariale del lago di Busche, interventi sul campo sportivo di Pullir e sulla scuola dell&#8217;infanzia di Pez, la pensilina a Marsiai e Soranzen. \u00a0 Se avremo risorse aggiuntive con i fondi di confine &#8211; prosegue De Bastiani &#8211;\u00a0 le priorit\u00e0 saranno la strada di Sotto Anaven, l&#8217;asfaltatura di via Col di Braghe, l&#8217;illuminazione pubblica di Cesiominore, Can e Soranzen, e tanti altri interventi che sono in programmazione. \u00a0 Ma il 2012 potr\u00e0 riservarci sorprese sul fronte del Fondo Brancher, speriamo positive, abbiamo messo infatti tanta carne al fuoco &#8230; \u00a0 Il passaggio del Giro d&#8217;Italia sar\u00e0 anche l&#8217;occasione per rifare (Veneto Strade permettendo) le pavimentazioni delle strade provinciali che attraversano il nostro Comune, in particolare quella che porta a Busche. \u00a0 Un altro fronte di importanza vitale per la nostra comunit\u00e0 \u00e8 la difesa del nostro istituto comprensivo scolastico, finora in 10 anni ce l&#8217;abbiamo sempre fatta ma ora lo scenario cambia in peggio a seguito della riduzione degli organici dei docenti che impone drastici ridimensionamenti alle classi. Per difenderci e prepararci meglio puntiamo ad allearci con realt\u00e0 contermini, abbiamo gi\u00e0 iniziato infatti un ragionamento con il Comune di Sospirolo per costituire una struttura scolastica ancora pi\u00f9 forte. \u00a0 In conclusione penso di presentare al consiglio per il 2012 un bilancio che grazie ad attente politiche di spesa degli anni precedenti consente ancora di avere spazio per investimenti senza ricorrere ad ulteriore indebitamento. \u00a0 Tutto sommato &#8211; conclude il sindaco di Cesiomaggiore Gianni De Bastiani &#8211;\u00a0 si consegna alla prossima amministrazione che subentrer\u00e0 nella primavera 2012 un ente sano, che ha investito molto sul territorio e sui servizi&#8221;.<\/p>","protected":false},"excerpt":{"rendered":"<p>&#8220;Il bilancio di previsione del 2012 verr\u00e0 sottoposto all&#8217;esame del Consiglio venerd\u00ec sera&#8221;. Lo dichiara in una nota il sindaco di Cesiomaggiore Gianni De Bastiani. &#8220;Si tratta di un bilancio che risente dei tagli dei trasferimenti dallo Stato che lascia comunque dei margini di crescita e sviluppo. \u00a0 Partiamo dallo sviluppo: \u00a0 &#8211; viene confermato [&hellip;]<\/p>\n","protected":false},"author":2,"featured_media":31530,"comment_status":"closed","ping_status":"open","sticky":false,"template":"","format":"standard","meta":{"footnotes":""},"categories":[5,26],"tags":[],"class_list":["post-33562","post","type-post","status-publish","format-standard","has-post-thumbnail","category-cronaca","category-prima-pagina"],"yoast_head":"<!-- This site is optimized with the Yoast SEO plugin v28.4 - https:\/\/yoast.com\/product\/yoast-seo-wordpress\/ -->\n<title>Cesiomaggiore: il sindaco De Bastiani presenta il bilancio di previsione - Bellunopress - Dolomiti<\/title>\n<meta name=\"robots\" content=\"index, follow, max-snippet:-1, max-image-preview:large, max-video-preview:-1\" \/>\n<link rel=\"canonical\" href=\"https:\/\/www.bellunopress.it\/fr\/2011\/12\/21\/cesiomaggiore-il-sindaco-de-bastiani-presenta-il-bilancio-di-previsione\/\" \/>\n<meta property=\"og:locale\" content=\"fr_FR\" \/>\n<meta property=\"og:type\" content=\"article\" \/>\n<meta property=\"og:title\" content=\"Cesiomaggiore: il sindaco De Bastiani presenta il bilancio di previsione - Bellunopress - Dolomiti\" \/>\n<meta property=\"og:description\" content=\"&#8220;Il bilancio di previsione del 2012 verr\u00e0 sottoposto all&#8217;esame del Consiglio venerd\u00ec sera&#8221;. Lo dichiara in una nota il sindaco di Cesiomaggiore Gianni De Bastiani. &#8220;Si tratta di un bilancio che risente dei tagli dei trasferimenti dallo Stato che lascia comunque dei margini di crescita e sviluppo. \u00a0 Partiamo dallo sviluppo: \u00a0 &#8211; viene confermato [&hellip;]\" \/>\n<meta property=\"og:url\" content=\"https:\/\/www.bellunopress.it\/fr\/2011\/12\/21\/cesiomaggiore-il-sindaco-de-bastiani-presenta-il-bilancio-di-previsione\/\" \/>\n<meta property=\"og:site_name\" content=\"Bellunopress - Dolomiti\" \/>\n<meta property=\"article:publisher\" content=\"https:\/\/www.facebook.com\/profile.php?id=100008943462799\" \/>\n<meta property=\"article:published_time\" content=\"2011-12-21T19:19:39+00:00\" \/>\n<meta property=\"og:image\" content=\"https:\/\/www.bellunopress.it\/wp-content\/uploads\/2011\/10\/gianni-de-bastiani.jpg\" \/>\n\t<meta property=\"og:image:width\" content=\"150\" \/>\n\t<meta property=\"og:image:height\" content=\"200\" \/>\n\t<meta property=\"og:image:type\" content=\"image\/jpeg\" \/>\n<meta name=\"author\" content=\"redazione\" \/>\n<meta name=\"twitter:card\" content=\"summary_large_image\" \/>\n<meta name=\"twitter:creator\" content=\"@bellunopress\" \/>\n<meta name=\"twitter:site\" content=\"@bellunopress\" \/>\n<meta name=\"twitter:label1\" content=\"Written by\" \/>\n\t<meta name=\"twitter:data1\" content=\"redazione\" \/>\n\t<meta name=\"twitter:label2\" content=\"Est. reading time\" \/>\n\t<meta name=\"twitter:data2\" content=\"4 minutes\" \/>\n<script type=\"application\/ld+json\" class=\"yoast-schema-graph\">{\"@context\":\"https:\\\/\\\/schema.org\",\"@graph\":[{\"@type\":\"Article\",\"@id\":\"https:\\\/\\\/www.bellunopress.it\\\/2011\\\/12\\\/21\\\/cesiomaggiore-il-sindaco-de-bastiani-presenta-il-bilancio-di-previsione\\\/#article\",\"isPartOf\":{\"@id\":\"https:\\\/\\\/www.bellunopress.it\\\/2011\\\/12\\\/21\\\/cesiomaggiore-il-sindaco-de-bastiani-presenta-il-bilancio-di-previsione\\\/\"},\"author\":{\"name\":\"redazione\",\"@id\":\"https:\\\/\\\/www.bellunopress.it\\\/#\\\/schema\\\/person\\\/79bb06722b37ece1c03d3e94beb30d73\"},\"headline\":\"Cesiomaggiore: il sindaco De Bastiani presenta il bilancio di previsione\",\"datePublished\":\"2011-12-21T19:19:39+00:00\",\"mainEntityOfPage\":{\"@id\":\"https:\\\/\\\/www.bellunopress.it\\\/2011\\\/12\\\/21\\\/cesiomaggiore-il-sindaco-de-bastiani-presenta-il-bilancio-di-previsione\\\/\"},\"wordCount\":875,\"publisher\":{\"@id\":\"https:\\\/\\\/www.bellunopress.it\\\/#organization\"},\"image\":{\"@id\":\"https:\\\/\\\/www.bellunopress.it\\\/2011\\\/12\\\/21\\\/cesiomaggiore-il-sindaco-de-bastiani-presenta-il-bilancio-di-previsione\\\/#primaryimage\"},\"thumbnailUrl\":\"https:\\\/\\\/www.bellunopress.it\\\/wp-content\\\/uploads\\\/2011\\\/10\\\/gianni-de-bastiani.jpg\",\"articleSection\":[\"Cronaca\\\/Politica\",\"Prima Pagina\"],\"inLanguage\":\"fr-FR\"},{\"@type\":\"WebPage\",\"@id\":\"https:\\\/\\\/www.bellunopress.it\\\/2011\\\/12\\\/21\\\/cesiomaggiore-il-sindaco-de-bastiani-presenta-il-bilancio-di-previsione\\\/\",\"url\":\"https:\\\/\\\/www.bellunopress.it\\\/2011\\\/12\\\/21\\\/cesiomaggiore-il-sindaco-de-bastiani-presenta-il-bilancio-di-previsione\\\/\",\"name\":\"Cesiomaggiore: il sindaco De Bastiani presenta il bilancio di previsione - Bellunopress - Dolomiti\",\"isPartOf\":{\"@id\":\"https:\\\/\\\/www.bellunopress.it\\\/#website\"},\"primaryImageOfPage\":{\"@id\":\"https:\\\/\\\/www.bellunopress.it\\\/2011\\\/12\\\/21\\\/cesiomaggiore-il-sindaco-de-bastiani-presenta-il-bilancio-di-previsione\\\/#primaryimage\"},\"image\":{\"@id\":\"https:\\\/\\\/www.bellunopress.it\\\/2011\\\/12\\\/21\\\/cesiomaggiore-il-sindaco-de-bastiani-presenta-il-bilancio-di-previsione\\\/#primaryimage\"},\"thumbnailUrl\":\"https:\\\/\\\/www.bellunopress.it\\\/wp-content\\\/uploads\\\/2011\\\/10\\\/gianni-de-bastiani.jpg\",\"datePublished\":\"2011-12-21T19:19:39+00:00\",\"breadcrumb\":{\"@id\":\"https:\\\/\\\/www.bellunopress.it\\\/2011\\\/12\\\/21\\\/cesiomaggiore-il-sindaco-de-bastiani-presenta-il-bilancio-di-previsione\\\/#breadcrumb\"},\"inLanguage\":\"fr-FR\",\"potentialAction\":[{\"@type\":\"ReadAction\",\"target\":[\"https:\\\/\\\/www.bellunopress.it\\\/2011\\\/12\\\/21\\\/cesiomaggiore-il-sindaco-de-bastiani-presenta-il-bilancio-di-previsione\\\/\"]}]},{\"@type\":\"ImageObject\",\"inLanguage\":\"fr-FR\",\"@id\":\"https:\\\/\\\/www.bellunopress.it\\\/2011\\\/12\\\/21\\\/cesiomaggiore-il-sindaco-de-bastiani-presenta-il-bilancio-di-previsione\\\/#primaryimage\",\"url\":\"https:\\\/\\\/www.bellunopress.it\\\/wp-content\\\/uploads\\\/2011\\\/10\\\/gianni-de-bastiani.jpg\",\"contentUrl\":\"https:\\\/\\\/www.bellunopress.it\\\/wp-content\\\/uploads\\\/2011\\\/10\\\/gianni-de-bastiani.jpg\",\"width\":\"150\",\"height\":\"200\",\"caption\":\"Gianni De Bastiani\"},{\"@type\":\"BreadcrumbList\",\"@id\":\"https:\\\/\\\/www.bellunopress.it\\\/2011\\\/12\\\/21\\\/cesiomaggiore-il-sindaco-de-bastiani-presenta-il-bilancio-di-previsione\\\/#breadcrumb\",\"itemListElement\":[{\"@type\":\"ListItem\",\"position\":1,\"name\":\"Home\",\"item\":\"https:\\\/\\\/www.bellunopress.it\\\/\"},{\"@type\":\"ListItem\",\"position\":2,\"name\":\"Cesiomaggiore: il sindaco De Bastiani presenta il bilancio di previsione\"}]},{\"@type\":\"WebSite\",\"@id\":\"https:\\\/\\\/www.bellunopress.it\\\/#website\",\"url\":\"https:\\\/\\\/www.bellunopress.it\\\/\",\"name\":\"Bellunopress - Dolomiti\",\"description\":\"e-mail: redazione@bellunopress.it\",\"publisher\":{\"@id\":\"https:\\\/\\\/www.bellunopress.it\\\/#organization\"},\"potentialAction\":[{\"@type\":\"SearchAction\",\"target\":{\"@type\":\"EntryPoint\",\"urlTemplate\":\"https:\\\/\\\/www.bellunopress.it\\\/?s={search_term_string}\"},\"query-input\":{\"@type\":\"PropertyValueSpecification\",\"valueRequired\":true,\"valueName\":\"search_term_string\"}}],\"inLanguage\":\"fr-FR\"},{\"@type\":\"Organization\",\"@id\":\"https:\\\/\\\/www.bellunopress.it\\\/#organization\",\"name\":\"Bellunopress\",\"url\":\"https:\\\/\\\/www.bellunopress.it\\\/\",\"logo\":{\"@type\":\"ImageObject\",\"inLanguage\":\"fr-FR\",\"@id\":\"https:\\\/\\\/www.bellunopress.it\\\/#\\\/schema\\\/logo\\\/image\\\/\",\"url\":\"https:\\\/\\\/www.bellunopress.it\\\/wp-content\\\/uploads\\\/2011\\\/05\\\/cropped-logo-bellunopress-.jpg\",\"contentUrl\":\"https:\\\/\\\/www.bellunopress.it\\\/wp-content\\\/uploads\\\/2011\\\/05\\\/cropped-logo-bellunopress-.jpg\",\"width\":512,\"height\":512,\"caption\":\"Bellunopress\"},\"image\":{\"@id\":\"https:\\\/\\\/www.bellunopress.it\\\/#\\\/schema\\\/logo\\\/image\\\/\"},\"sameAs\":[\"https:\\\/\\\/www.facebook.com\\\/profile.php?id=100008943462799\",\"https:\\\/\\\/x.com\\\/bellunopress\",\"https:\\\/\\\/www.linkedin.com\\\/hp\\\/?dnr=JBzUWaJfMUw8vbXJJ2tVW5-I3jZKvC4wsoxE&amp;amp;amp;amp;amp;amp;trk=nav_responsive_tab_home\",\"https:\\\/\\\/www.youtube.com\\\/channel\\\/UCxL0wu1uN0_3_7hGG0306cw\"]},{\"@type\":\"Person\",\"@id\":\"https:\\\/\\\/www.bellunopress.it\\\/#\\\/schema\\\/person\\\/79bb06722b37ece1c03d3e94beb30d73\",\"name\":\"redazione\",\"image\":{\"@type\":\"ImageObject\",\"inLanguage\":\"fr-FR\",\"@id\":\"https:\\\/\\\/secure.gravatar.com\\\/avatar\\\/37d968a2e67a6fd04c169c4bdef102d0bc5d31b2546345219e348575eb80e9a0?s=96&d=mm&r=g\",\"url\":\"https:\\\/\\\/secure.gravatar.com\\\/avatar\\\/37d968a2e67a6fd04c169c4bdef102d0bc5d31b2546345219e348575eb80e9a0?s=96&d=mm&r=g\",\"contentUrl\":\"https:\\\/\\\/secure.gravatar.com\\\/avatar\\\/37d968a2e67a6fd04c169c4bdef102d0bc5d31b2546345219e348575eb80e9a0?s=96&d=mm&r=g\",\"caption\":\"redazione\"},\"sameAs\":[\"http:\\\/\\\/www.bellunopress.it\",\"https:\\\/\\\/x.com\\\/bellunopress\"],\"url\":\"https:\\\/\\\/www.bellunopress.it\\\/fr\\\/author\\\/redazione\\\/\"}]}<\/script>\n<!-- \/ Yoast SEO plugin. -->","yoast_head_json":{"title":"Cesiomaggiore: il sindaco De Bastiani presenta il bilancio di previsione - Bellunopress - Dolomiti","robots":{"index":"index","follow":"follow","max-snippet":"max-snippet:-1","max-image-preview":"max-image-preview:large","max-video-preview":"max-video-preview:-1"},"canonical":"https:\/\/www.bellunopress.it\/fr\/2011\/12\/21\/cesiomaggiore-il-sindaco-de-bastiani-presenta-il-bilancio-di-previsione\/","og_locale":"fr_FR","og_type":"article","og_title":"Cesiomaggiore: il sindaco De Bastiani presenta il bilancio di previsione - Bellunopress - Dolomiti","og_description":"&#8220;Il bilancio di previsione del 2012 verr\u00e0 sottoposto all&#8217;esame del Consiglio venerd\u00ec sera&#8221;. Lo dichiara in una nota il sindaco di Cesiomaggiore Gianni De Bastiani. &#8220;Si tratta di un bilancio che risente dei tagli dei trasferimenti dallo Stato che lascia comunque dei margini di crescita e sviluppo. \u00a0 Partiamo dallo sviluppo: \u00a0 &#8211; viene confermato [&hellip;]","og_url":"https:\/\/www.bellunopress.it\/fr\/2011\/12\/21\/cesiomaggiore-il-sindaco-de-bastiani-presenta-il-bilancio-di-previsione\/","og_site_name":"Bellunopress - Dolomiti","article_publisher":"https:\/\/www.facebook.com\/profile.php?id=100008943462799","article_published_time":"2011-12-21T19:19:39+00:00","og_image":[{"width":150,"height":200,"url":"https:\/\/www.bellunopress.it\/wp-content\/uploads\/2011\/10\/gianni-de-bastiani.jpg","type":"image\/jpeg"}],"author":"redazione","twitter_card":"summary_large_image","twitter_creator":"@bellunopress","twitter_site":"@bellunopress","twitter_misc":{"Written by":"redazione","Est. reading time":"4 minutes"},"schema":{"@context":"https:\/\/schema.org","@graph":[{"@type":"Article","@id":"https:\/\/www.bellunopress.it\/2011\/12\/21\/cesiomaggiore-il-sindaco-de-bastiani-presenta-il-bilancio-di-previsione\/#article","isPartOf":{"@id":"https:\/\/www.bellunopress.it\/2011\/12\/21\/cesiomaggiore-il-sindaco-de-bastiani-presenta-il-bilancio-di-previsione\/"},"author":{"name":"redazione","@id":"https:\/\/www.bellunopress.it\/#\/schema\/person\/79bb06722b37ece1c03d3e94beb30d73"},"headline":"Cesiomaggiore: il sindaco De Bastiani presenta il bilancio di previsione","datePublished":"2011-12-21T19:19:39+00:00","mainEntityOfPage":{"@id":"https:\/\/www.bellunopress.it\/2011\/12\/21\/cesiomaggiore-il-sindaco-de-bastiani-presenta-il-bilancio-di-previsione\/"},"wordCount":875,"publisher":{"@id":"https:\/\/www.bellunopress.it\/#organization"},"image":{"@id":"https:\/\/www.bellunopress.it\/2011\/12\/21\/cesiomaggiore-il-sindaco-de-bastiani-presenta-il-bilancio-di-previsione\/#primaryimage"},"thumbnailUrl":"https:\/\/www.bellunopress.it\/wp-content\/uploads\/2011\/10\/gianni-de-bastiani.jpg","articleSection":["Cronaca\/Politica","Prima Pagina"],"inLanguage":"fr-FR"},{"@type":"WebPage","@id":"https:\/\/www.bellunopress.it\/2011\/12\/21\/cesiomaggiore-il-sindaco-de-bastiani-presenta-il-bilancio-di-previsione\/","url":"https:\/\/www.bellunopress.it\/2011\/12\/21\/cesiomaggiore-il-sindaco-de-bastiani-presenta-il-bilancio-di-previsione\/","name":"Cesiomaggiore: il sindaco De Bastiani presenta il bilancio di previsione - Bellunopress - Dolomiti","isPartOf":{"@id":"https:\/\/www.bellunopress.it\/#website"},"primaryImageOfPage":{"@id":"https:\/\/www.bellunopress.it\/2011\/12\/21\/cesiomaggiore-il-sindaco-de-bastiani-presenta-il-bilancio-di-previsione\/#primaryimage"},"image":{"@id":"https:\/\/www.bellunopress.it\/2011\/12\/21\/cesiomaggiore-il-sindaco-de-bastiani-presenta-il-bilancio-di-previsione\/#primaryimage"},"thumbnailUrl":"https:\/\/www.bellunopress.it\/wp-content\/uploads\/2011\/10\/gianni-de-bastiani.jpg","datePublished":"2011-12-21T19:19:39+00:00","breadcrumb":{"@id":"https:\/\/www.bellunopress.it\/2011\/12\/21\/cesiomaggiore-il-sindaco-de-bastiani-presenta-il-bilancio-di-previsione\/#breadcrumb"},"inLanguage":"fr-FR","potentialAction":[{"@type":"ReadAction","target":["https:\/\/www.bellunopress.it\/2011\/12\/21\/cesiomaggiore-il-sindaco-de-bastiani-presenta-il-bilancio-di-previsione\/"]}]},{"@type":"ImageObject","inLanguage":"fr-FR","@id":"https:\/\/www.bellunopress.it\/2011\/12\/21\/cesiomaggiore-il-sindaco-de-bastiani-presenta-il-bilancio-di-previsione\/#primaryimage","url":"https:\/\/www.bellunopress.it\/wp-content\/uploads\/2011\/10\/gianni-de-bastiani.jpg","contentUrl":"https:\/\/www.bellunopress.it\/wp-content\/uploads\/2011\/10\/gianni-de-bastiani.jpg","width":"150","height":"200","caption":"Gianni De Bastiani"},{"@type":"BreadcrumbList","@id":"https:\/\/www.bellunopress.it\/2011\/12\/21\/cesiomaggiore-il-sindaco-de-bastiani-presenta-il-bilancio-di-previsione\/#breadcrumb","itemListElement":[{"@type":"ListItem","position":1,"name":"Home","item":"https:\/\/www.bellunopress.it\/"},{"@type":"ListItem","position":2,"name":"Cesiomaggiore: il sindaco De Bastiani presenta il bilancio di previsione"}]},{"@type":"WebSite","@id":"https:\/\/www.bellunopress.it\/#website","url":"https:\/\/www.bellunopress.it\/","name":"Bellunopress - Dolomiti","description":"e-mail: redazione@bellunopress.it","publisher":{"@id":"https:\/\/www.bellunopress.it\/#organization"},"potentialAction":[{"@type":"SearchAction","target":{"@type":"EntryPoint","urlTemplate":"https:\/\/www.bellunopress.it\/?s={search_term_string}"},"query-input":{"@type":"PropertyValueSpecification","valueRequired":true,"valueName":"search_term_string"}}],"inLanguage":"fr-FR"},{"@type":"Organization","@id":"https:\/\/www.bellunopress.it\/#organization","name":"Bellunopress","url":"https:\/\/www.bellunopress.it\/","logo":{"@type":"ImageObject","inLanguage":"fr-FR","@id":"https:\/\/www.bellunopress.it\/#\/schema\/logo\/image\/","url":"https:\/\/www.bellunopress.it\/wp-content\/uploads\/2011\/05\/cropped-logo-bellunopress-.jpg","contentUrl":"https:\/\/www.bellunopress.it\/wp-content\/uploads\/2011\/05\/cropped-logo-bellunopress-.jpg","width":512,"height":512,"caption":"Bellunopress"},"image":{"@id":"https:\/\/www.bellunopress.it\/#\/schema\/logo\/image\/"},"sameAs":["https:\/\/www.facebook.com\/profile.php?id=100008943462799","https:\/\/x.com\/bellunopress","https:\/\/www.linkedin.com\/hp\/?dnr=JBzUWaJfMUw8vbXJJ2tVW5-I3jZKvC4wsoxE&amp;amp;amp;amp;amp;amp;trk=nav_responsive_tab_home","https:\/\/www.youtube.com\/channel\/UCxL0wu1uN0_3_7hGG0306cw"]},{"@type":"Person","@id":"https:\/\/www.bellunopress.it\/#\/schema\/person\/79bb06722b37ece1c03d3e94beb30d73","name":"r\u00e9daction","image":{"@type":"ImageObject","inLanguage":"fr-FR","@id":"https:\/\/secure.gravatar.com\/avatar\/37d968a2e67a6fd04c169c4bdef102d0bc5d31b2546345219e348575eb80e9a0?s=96&d=mm&r=g","url":"https:\/\/secure.gravatar.com\/avatar\/37d968a2e67a6fd04c169c4bdef102d0bc5d31b2546345219e348575eb80e9a0?s=96&d=mm&r=g","contentUrl":"https:\/\/secure.gravatar.com\/avatar\/37d968a2e67a6fd04c169c4bdef102d0bc5d31b2546345219e348575eb80e9a0?s=96&d=mm&r=g","caption":"redazione"},"sameAs":["http:\/\/www.bellunopress.it","https:\/\/x.com\/bellunopress"],"url":"https:\/\/www.bellunopress.it\/fr\/author\/redazione\/"}]}},"_links":{"self":[{"href":"https:\/\/www.bellunopress.it\/fr\/wp-json\/wp\/v2\/posts\/33562","targetHints":{"allow":["GET"]}}],"collection":[{"href":"https:\/\/www.bellunopress.it\/fr\/wp-json\/wp\/v2\/posts"}],"about":[{"href":"https:\/\/www.bellunopress.it\/fr\/wp-json\/wp\/v2\/types\/post"}],"author":[{"embeddable":true,"href":"https:\/\/www.bellunopress.it\/fr\/wp-json\/wp\/v2\/users\/2"}],"replies":[{"embeddable":true,"href":"https:\/\/www.bellunopress.it\/fr\/wp-json\/wp\/v2\/comments?post=33562"}],"version-history":[{"count":1,"href":"https:\/\/www.bellunopress.it\/fr\/wp-json\/wp\/v2\/posts\/33562\/revisions"}],"predecessor-version":[{"id":33563,"href":"https:\/\/www.bellunopress.it\/fr\/wp-json\/wp\/v2\/posts\/33562\/revisions\/33563"}],"wp:featuredmedia":[{"embeddable":true,"href":"https:\/\/www.bellunopress.it\/fr\/wp-json\/wp\/v2\/media\/31530"}],"wp:attachment":[{"href":"https:\/\/www.bellunopress.it\/fr\/wp-json\/wp\/v2\/media?parent=33562"}],"wp:term":[{"taxonomy":"category","embeddable":true,"href":"https:\/\/www.bellunopress.it\/fr\/wp-json\/wp\/v2\/categories?post=33562"},{"taxonomy":"post_tag","embeddable":true,"href":"https:\/\/www.bellunopress.it\/fr\/wp-json\/wp\/v2\/tags?post=33562"}],"curies":[{"name":"wp","href":"https:\/\/api.w.org\/{rel}","templated":true}]}}