{"id":33558,"date":"2011-12-21T20:02:32","date_gmt":"2011-12-21T19:02:32","guid":{"rendered":"http:\/\/www.bellunopress.it\/?p=33558"},"modified":"2011-12-22T09:53:15","modified_gmt":"2011-12-22T08:53:15","slug":"buon-natale-assessore-passuello-di-daniela-nicosia-regista-drammaturga-e-direttore-artistico-di-tib-teatro","status":"publish","type":"post","link":"https:\/\/www.bellunopress.it\/fr\/2011\/12\/21\/buon-natale-assessore-passuello-di-daniela-nicosia-regista-drammaturga-e-direttore-artistico-di-tib-teatro\/","title":{"rendered":"Buon Natale assessore Passuello   * di Daniela Nicosia, regista, drammaturga, e direttore artistico di Tib teatro"},"content":{"rendered":"<figure id=\"attachment_24068\" aria-describedby=\"caption-attachment-24068\" style=\"width: 280px\" class=\"wp-caption alignleft\"><a href=\"http:\/\/www.bellunopress.it\/wp-content\/uploads\/2011\/02\/daniela-nicosia-280x280.jpg\"><img loading=\"lazy\" decoding=\"async\" class=\"size-full wp-image-24068\" title=\"daniela nicosia 280x280\" src=\"http:\/\/www.bellunopress.it\/wp-content\/uploads\/2011\/02\/daniela-nicosia-280x280.jpg\" alt=\"\" width=\"280\" height=\"279\" srcset=\"https:\/\/www.bellunopress.it\/wp-content\/uploads\/2011\/02\/daniela-nicosia-280x280.jpg 280w, https:\/\/www.bellunopress.it\/wp-content\/uploads\/2011\/02\/daniela-nicosia-280x280-150x150.jpg 150w\" sizes=\"auto, (max-width: 280px) 100vw, 280px\" \/><\/a><figcaption id=\"caption-attachment-24068\" class=\"wp-caption-text\">Daniela Nicosia<\/figcaption><\/figure>\n<p>Buon Natale Assessore Passuello,<\/p>\n<p>Nella sua letterina da mettere sotto l&#8217;albero, oltre all&#8217;antica malcelata acrimonia nei confronti del Tib\u00a0 che, malgrado ci\u00f2, resiste grazie alla tanta solidariet\u00e0 espressa dai cittadini bellunesi e da alcuni esponenti politici bipartisan che, trasversalmente, riconoscono il merito e sanno dare dignit\u00e0 al lavoro e a chi da&#8217; lavoro &#8211; apprendiamo, da Lei stessa, esserci ora, il desiderio di nominare un direttore per la Fondazione Teatri delle Dolomiti, perch\u00e9 la Fondazione ha bisogno di una struttura. Che novit\u00e0! Ma non aveva assicurato che si sarebbe occupata Lei personalmente di ogni cosa? (Infatti siamo arrivati al rischio di chiusura del Teatro per San Martino, in quanto non era stato rinnovato il contratto per i servizi tecnici del Teatro, contratto rinnovato dopo ulteriori polemiche, in quanto Neri, come ha dichiarato alla stampa, non aveva trovato nessuno sul territorio in grado di sostituire il Tib. Precedentemente, Assessore,\u00a0 Lei che avrebbe fatto tutto, si era dimenticata di chiamare il cabinista per l&#8217;apertura dell&#8217;anno scolastico con 500 studenti in Teatro; di attivare la caldaia per l&#8217;apertura di Stagione e tutt&#8217;ora il riscaldamento funziona a met\u00e0 e il pubblico se ne lamenta). Adesso, Assessore, afferma che serve una minima struttura. Ma guarda caso! E allora mi consenta questo breve promemoria.<\/p>\n<p>Mascherata dalla parola pluralismo, svuotata, purtroppo, di senso, per permettere alla cattiva politica di imporre le sue leggi, \u00e8 stata messa in atto la scalata alla Fondazione Teatri delle Dolomiti, a prescindere dal merito, dai risultati raggiunti, dal rispetto per il lavoro.<\/p>\n<p>La stessa politica che in questi anni ha lavorato per distruggere anzich\u00e9 costruire, con conseguente riduzione dei finanziamenti per la Fondazione da parte dei Soci Fondatori e allontanamento di alcuni di essi. In tal modo si pu\u00f2 affermare che la Fondazione \u00e8 in rosso a causa della cattiva gestione operata dall&#8217;ex presidente Michele Romanelli. Ma questo ex presidente, gi\u00e0 ex membro del Consiglio di Amministrazione del Circolo Cultura e Stampa, non era stato scelto proprio da questa Amministrazione, dopo aver revocato il presidente Antonio Strag\u00e0, sospettato, come in seguito Romanelli, di partigianeria pro Tib? Possibile che appena una persona si ponga con onest\u00e0 a condurre la Fondazione Teatri, senza obbedire a dictat decisi nelle sedi dei partiti, venga attaccata, revocata, messa in condizioni di dimettersi? Possibile che nella nostra citt\u00e0 non debba esistere una conduzione professionale del Teatro come in ogni parte d&#8217;Italia? Chi di noi vorrebbe farsi curare da uno che medico non \u00e8, ma si interessa di medicina? Il paradosso sta proprio qua? La Fondazione si \u00e8 affidata per la gestione della sua complessa attivit\u00e0 organizzativa amministrativa tecnica e artistica, all&#8217;unica struttura teatrale professionale, riconosciuta dal Ministero, presente sul territorio provinciale, il Tib, continuando ad operare all&#8217;insegna del pi\u00f9 ampio pluralismo e cio\u00e8 stipulando convenzioni annuali su progetto con diverse associazioni culturali e accogliendo persino una stagione di prosa concorrente alla propria al Comunale di Belluno. \u00c8 questa la paventata mancanza di pluralismo? \u00c8 questo il monopolio?<\/p>\n<p>Se gli altri soggetti fossero professionisti del settore avrebbero partecipato al Bando per la gestione anzich\u00e9 ricorrere ai tribunali. O, volendo partecipare e interpretando alcune clausole come escludenti, avrebbero potuto chiedere delucidazioni alla Fondazione stessa, come usualmente si fa in presenza di un Bando di gara. Ma il punto non era questo, era &#8220;SOSTITUIRE il TIB&#8221;, come\u00a0 Lei stessa ha affermato nell&#8217;incontro con le Associazioni, intitolato &#8220;collaborazione condivisa&#8221; da Lei convocato luned\u00ec 11 c.m, ma il Bando, sempre a sua detta, &#8220;ERA INCOMPLETO&#8221;.<\/p>\n<p>Se la politica si fosse impegnata a cercare nuovi finanziamenti per la Fondazione Teatri, o almeno a mantenere gli originari (es. il Comune di Belluno versava 150.000 euro, oggi 45.000, e dove era\u00a0 Lei Assessore mentre la Regione dirottava 50.000 euro dei 100.000 originari della Fondazione Teatri delle Dolomiti, alla Fondazione per l&#8217;Alta Cultura nel Bellunese ) senza perdersi in sterili polemiche, oppure per aggregare nuovi Soci, e cio\u00e8 per costruire anzich\u00e9 distruggere, oggi forse le Associazioni, anche quelle degli amici di partito, ne avrebbero di certo beneficiato.<\/p>\n<p>Le ricordo inoltre che in un precedente incontro, alcuni anni fa, Assessore, aveva promesso Convenzioni a tutte le Associazioni, eravamo in Sala Giunta, allora, e allora, come anche luned\u00ec 11 c.m., aveva affermato che le Convenzioni del Tib col Comune erano troppo onerose, cosa ne \u00e8 seguito? Le Convenzioni col Tib per Filo d&#8217;Arianna-Doc-Comincio dai 3, non ci sono pi\u00f9, sono state annullate e cosa ne hanno guadagnato le altre Associazioni? Convenzioni? Non mi pare.<\/p>\n<p>\u00c8 mai possibile che la valorizzazione delle Associazioni secondo Lei si realizzi solo distruggendo il Tib e, conseguentemente, depauperando la citt\u00e0 di importanti progetti culturali?<\/p>\n<p>Vede Assessore, spesso\u00a0 Lei confonde le cose: risponde al Vice Sindaco Colle, sulla stampa, e si mette ad attaccare il Tib (e la collaborazione condivisa?), ricorre a puerili menzogne che mi impongono di chiarirle che NON SONO MAI STATI CONTEGGIATI EXTRA DAL TIB ALLA FONDAZIONE 30.000 euro (stia attenta quando legge i bilanci), rilancia vecchi slogan come quello del &#8220;conflitto di interesse&#8221;, ma non era il Circolo Cultura e Stampa ad usare queste parole un tempo? E poi Assessore non si rende conto che cos\u00ec facendo offende l&#8217;Organo dei Revisori dei Conti della Fondazione?<\/p>\n<p>Mi stupisco, inoltre, che\u00a0 Lei non sappia intendere che solo chi fa questo lavoro, pu\u00f2 tutelare al meglio gli interessi della Fondazione. Chi fa questo lavoro possiede infatti quel knowhow che certo non \u00e8 tenuto ad avere un dipendente comunale partime, n\u00e9 un Consiglio di Amministrazione. Le ricordo che \u00e8 stato il lavoro del Tib nella stesura di progetti specifici, ad esempio, a far affluire nuove risorse alla Fondazione, come il finanziamento ottenuto dalla Fondazione per il progetto regionale Arti nel Territorio. E che \u00e8 stato sempre il Tib ad ottenere nel 1996 il riconoscimento e il Finanziamento del Ministero per il Teatro Comunale, quale Teatro Municipale. Finanziamento riscosso per pi\u00f9 anni dal Comune di Belluno e non dal Tib, cos\u00ec come era la Fondazione e non il Tib a riscuotere gli incassi per le Stagioni della Fondazione a Belluno e a Feltre, durante gli anni del ontratto con il Tib. Ma questo fatto\u00a0 Lei lo omette, creando Lei per prima Lei, la &#8220;confusione&#8221; di cui parla. Ma essere confusi non \u00e8 una colpa, e infatti, negli anni del Suo Assessorato, ho visto affissi negli uffici cultura e informazioni del Comune di Belluno, i cartelloni della Stagione del Circolo Cultura e Stampa e non quelli della Stagione della Fondazione di cui il Comune \u00e8 Socio.<\/p>\n<p>\u00c8 davvero ora di smetterla, caro Assessore, cogliamo l&#8217;occasione del Natale per rilanciare un reale progetto di sviluppo per il nostro Teatro.<\/p>\n<p>Si informi Assessore di cosa sono le Residenze Teatrali in Piemonte, Lombardia, Puglia, Toscana solo per citare alcune Regioni. In Lombardia le Residenze Teatrali sono state istituite e finanziate dalla Fondazione Cariplo che \u00e8 una fondazione di origine bancaria come la nostra Cariverona. Inoltre, Assessore, le ricordo che l&#8217;ex Ministro dei Beni Culturali, Giancarlo Galan nelle Giornate Professionali del Teatro Italiano, svoltesi a Torino nel settembre scorso, ha dichiarato che uno dei suoi primi obiettivi sarebbe stata l&#8217;Istituzione delle Residenze Teatrali nei territori, come risposta ottimale per l&#8217;Innovazione del Sistema Teatrale Italiano.<\/p>\n<p>Le ricordo anche che l&#8217;attuale Giunta del Comune di Belluno, di cui Lei fa parte, aveva deliberato in aprile il progetto di Residenza e che il Sindaco lo scorso novembre ha rilanciato il progetto stesso in quanto esso potr\u00e0 garantire con un ottimo rapporto costi-benefici, l&#8217;attivit\u00e0 culturale e gestionale del Comunale e dei Teatri della Provincia, cosa che, data la congiuntura economica del momento, non \u00e8 di poco conto. Solo un progetto di Residenza Teatrale, infatti, in questo contesto, potr\u00e0 favorire lo sviluppo culturale e teatrale della nostra citt\u00e0 e Provincia, lo sviluppo delle professionalit\u00e0, dell&#8217;occupazione, dei talenti e delle Associazioni bellunesi.<\/p>\n<p>A tutto questo\u00a0 Lei risponde pensando di nominare un direttore per la Fondazione, che oggi non ha pi\u00f9 alcuna attivit\u00e0 artistica in proprio, e che deve prima pagare, come Lei stessa afferma, tutti i suoi debiti e, mi permetto di ricordarle, prima i corrispettivi per prestazioni gi\u00e0 godute e poi i contributi. A che serve un direttore quando l&#8217;attivit\u00e0 del Teatro Comunale \u00e8 gi\u00e0 stata programmata e calendarizzata fino a giugno, da soggetti diversi, tra cui il Tib, che con la Stagione di Prosa, totalmente a sue spese, ha garantito ai bellunesi la consueta offerta teatrale? Ma per Lei, questa scelta del Tib per la citt\u00e0, come ha dichiarato sulla stampa, \u00e8 stata una furbata, ricorda? Sempre in quell&#8217;occasione si dichiar\u00f2 amareggiata per la Stagione di Prosa del Tib, \u00e8 questa la &#8220;collaborazione condivisa&#8221;?<\/p>\n<p>Siamo stanchi di questa politica, che si &#8220;amareggia&#8221; per le cose costruttive, e si affanna, nelle sedi dei partiti, per quelle distruttive.<\/p>\n<p>Ben vengano i tavoli, Assessore, ma non per riaprire polemiche, e non con posti fissi gi\u00e0 assegnati per i giocatori amici. Perch\u00e9 qui non si parla di un gioco, ma di gestione di un Ente Teatrale, di uno spazio pubblico quale il Teatro Comunale, che necessit\u00e0 di essere, aperto a tutti, ma abitato da chi ha titoli, competenze e certificazioni, necessarie alla tutela dell&#8217;Ente stesso, dello spazio e ancor prima degli spettatori.<\/p>\n<p>Lo sappiamo bene che c&#8217;\u00e8 crisi, ma in tutti i capoluoghi d&#8217;Italia, malgrado la crisi, le strutture teatrali continuano ad avere le convenzioni e a fare il loro lavoro. Solo a Belluno non \u00e8 possibile? E di ci\u00f2 non pensa di esserne responsabile?<\/p>\n<p>Vede, Assessore, la collaborazione condivisa \u00e8 possibile solo laddove si lavori tutti insieme nell&#8217;interesse della citt\u00e0, laddove si sia in grado di integrare finanziamenti pubblici e privati, come accadeva per il Filo d&#8217;Arianna, per Comincio dai 3, per Doc, laddove ci sia un progetto e una reale condivisione di un progetto.<\/p>\n<p>Forse Lei, nel suo impeto anti Tib, ha dimenticato di dar vita ad un progetto culturale complessivo per la nostra citt\u00e0, ha dimenticato di mettere in relazione positiva e propositiva le realt\u00e0 culturali di questo territorio, ora che il Natale si avvicina, e le elezioni anche, parla di &#8220;collaborazione condivisa&#8221; per il teatro, ma il teatro luogo della finzione scenica, ha invece bisogno di verit\u00e0 profonde, per rendersi comunicante, le verit\u00e0 che gli uomini di buon cuore conoscono e sanno riconoscere.<\/p>\n<p>Daniela Nicosia<\/p>","protected":false},"excerpt":{"rendered":"<p>Buon Natale Assessore Passuello, Nella sua letterina da mettere sotto l&#8217;albero, oltre all&#8217;antica malcelata acrimonia nei confronti del Tib\u00a0 che, malgrado ci\u00f2, resiste grazie alla tanta solidariet\u00e0 espressa dai cittadini bellunesi e da alcuni esponenti politici bipartisan che, trasversalmente, riconoscono il merito e sanno dare dignit\u00e0 al lavoro e a chi da&#8217; lavoro &#8211; apprendiamo, [&hellip;]<\/p>\n","protected":false},"author":2,"featured_media":0,"comment_status":"closed","ping_status":"open","sticky":false,"template":"","format":"standard","meta":{"footnotes":""},"categories":[3,5],"tags":[],"class_list":["post-33558","post","type-post","status-publish","format-standard","category-arte-cultura-spettacoli-scienza-archivi","category-cronaca"],"yoast_head":"<!-- This site is optimized with the Yoast SEO plugin v28.4 - https:\/\/yoast.com\/product\/yoast-seo-wordpress\/ -->\n<title>Buon Natale assessore Passuello  * di Daniela Nicosia, regista, drammaturga, e direttore artistico di Tib teatro - Bellunopress - Dolomiti<\/title>\n<meta name=\"robots\" content=\"index, follow, max-snippet:-1, max-image-preview:large, max-video-preview:-1\" \/>\n<link rel=\"canonical\" href=\"https:\/\/www.bellunopress.it\/fr\/2011\/12\/21\/buon-natale-assessore-passuello-di-daniela-nicosia-regista-drammaturga-e-direttore-artistico-di-tib-teatro\/\" \/>\n<meta property=\"og:locale\" content=\"fr_FR\" \/>\n<meta property=\"og:type\" content=\"article\" \/>\n<meta property=\"og:title\" content=\"Buon Natale assessore Passuello  * di Daniela Nicosia, regista, drammaturga, e direttore artistico di Tib teatro - Bellunopress - Dolomiti\" \/>\n<meta property=\"og:description\" content=\"Buon Natale Assessore Passuello, Nella sua letterina da mettere sotto l&#8217;albero, oltre all&#8217;antica malcelata acrimonia nei confronti del Tib\u00a0 che, malgrado ci\u00f2, resiste grazie alla tanta solidariet\u00e0 espressa dai cittadini bellunesi e da alcuni esponenti politici bipartisan che, trasversalmente, riconoscono il merito e sanno dare dignit\u00e0 al lavoro e a chi da&#8217; lavoro &#8211; apprendiamo, [&hellip;]\" \/>\n<meta property=\"og:url\" content=\"https:\/\/www.bellunopress.it\/fr\/2011\/12\/21\/buon-natale-assessore-passuello-di-daniela-nicosia-regista-drammaturga-e-direttore-artistico-di-tib-teatro\/\" \/>\n<meta property=\"og:site_name\" content=\"Bellunopress - Dolomiti\" \/>\n<meta property=\"article:publisher\" content=\"https:\/\/www.facebook.com\/profile.php?id=100008943462799\" \/>\n<meta property=\"article:published_time\" content=\"2011-12-21T19:02:32+00:00\" \/>\n<meta property=\"article:modified_time\" content=\"2011-12-22T08:53:15+00:00\" \/>\n<meta property=\"og:image\" content=\"http:\/\/www.bellunopress.it\/wp-content\/uploads\/2011\/02\/daniela-nicosia-280x280.jpg\" \/>\n<meta name=\"author\" content=\"redazione\" \/>\n<meta name=\"twitter:card\" content=\"summary_large_image\" \/>\n<meta name=\"twitter:creator\" content=\"@bellunopress\" \/>\n<meta name=\"twitter:site\" content=\"@bellunopress\" \/>\n<meta name=\"twitter:label1\" content=\"Written by\" \/>\n\t<meta name=\"twitter:data1\" content=\"redazione\" \/>\n\t<meta name=\"twitter:label2\" content=\"Est. reading time\" \/>\n\t<meta name=\"twitter:data2\" content=\"8 minutes\" \/>\n<script type=\"application\/ld+json\" class=\"yoast-schema-graph\">{\"@context\":\"https:\\\/\\\/schema.org\",\"@graph\":[{\"@type\":\"Article\",\"@id\":\"https:\\\/\\\/www.bellunopress.it\\\/2011\\\/12\\\/21\\\/buon-natale-assessore-passuello-di-daniela-nicosia-regista-drammaturga-e-direttore-artistico-di-tib-teatro\\\/#article\",\"isPartOf\":{\"@id\":\"https:\\\/\\\/www.bellunopress.it\\\/2011\\\/12\\\/21\\\/buon-natale-assessore-passuello-di-daniela-nicosia-regista-drammaturga-e-direttore-artistico-di-tib-teatro\\\/\"},\"author\":{\"name\":\"redazione\",\"@id\":\"https:\\\/\\\/www.bellunopress.it\\\/#\\\/schema\\\/person\\\/79bb06722b37ece1c03d3e94beb30d73\"},\"headline\":\"Buon Natale assessore Passuello * di Daniela Nicosia, regista, drammaturga, e direttore artistico di Tib teatro\",\"datePublished\":\"2011-12-21T19:02:32+00:00\",\"dateModified\":\"2011-12-22T08:53:15+00:00\",\"mainEntityOfPage\":{\"@id\":\"https:\\\/\\\/www.bellunopress.it\\\/2011\\\/12\\\/21\\\/buon-natale-assessore-passuello-di-daniela-nicosia-regista-drammaturga-e-direttore-artistico-di-tib-teatro\\\/\"},\"wordCount\":1711,\"publisher\":{\"@id\":\"https:\\\/\\\/www.bellunopress.it\\\/#organization\"},\"image\":{\"@id\":\"https:\\\/\\\/www.bellunopress.it\\\/2011\\\/12\\\/21\\\/buon-natale-assessore-passuello-di-daniela-nicosia-regista-drammaturga-e-direttore-artistico-di-tib-teatro\\\/#primaryimage\"},\"thumbnailUrl\":\"http:\\\/\\\/www.bellunopress.it\\\/wp-content\\\/uploads\\\/2011\\\/02\\\/daniela-nicosia-280x280.jpg\",\"articleSection\":[\"Arte, Cultura, Spettacoli, Scienza\",\"Cronaca\\\/Politica\"],\"inLanguage\":\"fr-FR\"},{\"@type\":\"WebPage\",\"@id\":\"https:\\\/\\\/www.bellunopress.it\\\/2011\\\/12\\\/21\\\/buon-natale-assessore-passuello-di-daniela-nicosia-regista-drammaturga-e-direttore-artistico-di-tib-teatro\\\/\",\"url\":\"https:\\\/\\\/www.bellunopress.it\\\/2011\\\/12\\\/21\\\/buon-natale-assessore-passuello-di-daniela-nicosia-regista-drammaturga-e-direttore-artistico-di-tib-teatro\\\/\",\"name\":\"Buon Natale assessore Passuello * di Daniela Nicosia, regista, drammaturga, e direttore artistico di Tib teatro - Bellunopress - Dolomiti\",\"isPartOf\":{\"@id\":\"https:\\\/\\\/www.bellunopress.it\\\/#website\"},\"primaryImageOfPage\":{\"@id\":\"https:\\\/\\\/www.bellunopress.it\\\/2011\\\/12\\\/21\\\/buon-natale-assessore-passuello-di-daniela-nicosia-regista-drammaturga-e-direttore-artistico-di-tib-teatro\\\/#primaryimage\"},\"image\":{\"@id\":\"https:\\\/\\\/www.bellunopress.it\\\/2011\\\/12\\\/21\\\/buon-natale-assessore-passuello-di-daniela-nicosia-regista-drammaturga-e-direttore-artistico-di-tib-teatro\\\/#primaryimage\"},\"thumbnailUrl\":\"http:\\\/\\\/www.bellunopress.it\\\/wp-content\\\/uploads\\\/2011\\\/02\\\/daniela-nicosia-280x280.jpg\",\"datePublished\":\"2011-12-21T19:02:32+00:00\",\"dateModified\":\"2011-12-22T08:53:15+00:00\",\"breadcrumb\":{\"@id\":\"https:\\\/\\\/www.bellunopress.it\\\/2011\\\/12\\\/21\\\/buon-natale-assessore-passuello-di-daniela-nicosia-regista-drammaturga-e-direttore-artistico-di-tib-teatro\\\/#breadcrumb\"},\"inLanguage\":\"fr-FR\",\"potentialAction\":[{\"@type\":\"ReadAction\",\"target\":[\"https:\\\/\\\/www.bellunopress.it\\\/2011\\\/12\\\/21\\\/buon-natale-assessore-passuello-di-daniela-nicosia-regista-drammaturga-e-direttore-artistico-di-tib-teatro\\\/\"]}]},{\"@type\":\"ImageObject\",\"inLanguage\":\"fr-FR\",\"@id\":\"https:\\\/\\\/www.bellunopress.it\\\/2011\\\/12\\\/21\\\/buon-natale-assessore-passuello-di-daniela-nicosia-regista-drammaturga-e-direttore-artistico-di-tib-teatro\\\/#primaryimage\",\"url\":\"http:\\\/\\\/www.bellunopress.it\\\/wp-content\\\/uploads\\\/2011\\\/02\\\/daniela-nicosia-280x280.jpg\",\"contentUrl\":\"http:\\\/\\\/www.bellunopress.it\\\/wp-content\\\/uploads\\\/2011\\\/02\\\/daniela-nicosia-280x280.jpg\"},{\"@type\":\"BreadcrumbList\",\"@id\":\"https:\\\/\\\/www.bellunopress.it\\\/2011\\\/12\\\/21\\\/buon-natale-assessore-passuello-di-daniela-nicosia-regista-drammaturga-e-direttore-artistico-di-tib-teatro\\\/#breadcrumb\",\"itemListElement\":[{\"@type\":\"ListItem\",\"position\":1,\"name\":\"Home\",\"item\":\"https:\\\/\\\/www.bellunopress.it\\\/\"},{\"@type\":\"ListItem\",\"position\":2,\"name\":\"Buon Natale assessore Passuello * di Daniela Nicosia, regista, drammaturga, e direttore artistico di Tib teatro\"}]},{\"@type\":\"WebSite\",\"@id\":\"https:\\\/\\\/www.bellunopress.it\\\/#website\",\"url\":\"https:\\\/\\\/www.bellunopress.it\\\/\",\"name\":\"Bellunopress - Dolomiti\",\"description\":\"e-mail: redazione@bellunopress.it\",\"publisher\":{\"@id\":\"https:\\\/\\\/www.bellunopress.it\\\/#organization\"},\"potentialAction\":[{\"@type\":\"SearchAction\",\"target\":{\"@type\":\"EntryPoint\",\"urlTemplate\":\"https:\\\/\\\/www.bellunopress.it\\\/?s={search_term_string}\"},\"query-input\":{\"@type\":\"PropertyValueSpecification\",\"valueRequired\":true,\"valueName\":\"search_term_string\"}}],\"inLanguage\":\"fr-FR\"},{\"@type\":\"Organization\",\"@id\":\"https:\\\/\\\/www.bellunopress.it\\\/#organization\",\"name\":\"Bellunopress\",\"url\":\"https:\\\/\\\/www.bellunopress.it\\\/\",\"logo\":{\"@type\":\"ImageObject\",\"inLanguage\":\"fr-FR\",\"@id\":\"https:\\\/\\\/www.bellunopress.it\\\/#\\\/schema\\\/logo\\\/image\\\/\",\"url\":\"https:\\\/\\\/www.bellunopress.it\\\/wp-content\\\/uploads\\\/2011\\\/05\\\/cropped-logo-bellunopress-.jpg\",\"contentUrl\":\"https:\\\/\\\/www.bellunopress.it\\\/wp-content\\\/uploads\\\/2011\\\/05\\\/cropped-logo-bellunopress-.jpg\",\"width\":512,\"height\":512,\"caption\":\"Bellunopress\"},\"image\":{\"@id\":\"https:\\\/\\\/www.bellunopress.it\\\/#\\\/schema\\\/logo\\\/image\\\/\"},\"sameAs\":[\"https:\\\/\\\/www.facebook.com\\\/profile.php?id=100008943462799\",\"https:\\\/\\\/x.com\\\/bellunopress\",\"https:\\\/\\\/www.linkedin.com\\\/hp\\\/?dnr=JBzUWaJfMUw8vbXJJ2tVW5-I3jZKvC4wsoxE&amp;amp;amp;amp;amp;amp;trk=nav_responsive_tab_home\",\"https:\\\/\\\/www.youtube.com\\\/channel\\\/UCxL0wu1uN0_3_7hGG0306cw\"]},{\"@type\":\"Person\",\"@id\":\"https:\\\/\\\/www.bellunopress.it\\\/#\\\/schema\\\/person\\\/79bb06722b37ece1c03d3e94beb30d73\",\"name\":\"redazione\",\"image\":{\"@type\":\"ImageObject\",\"inLanguage\":\"fr-FR\",\"@id\":\"https:\\\/\\\/secure.gravatar.com\\\/avatar\\\/37d968a2e67a6fd04c169c4bdef102d0bc5d31b2546345219e348575eb80e9a0?s=96&d=mm&r=g\",\"url\":\"https:\\\/\\\/secure.gravatar.com\\\/avatar\\\/37d968a2e67a6fd04c169c4bdef102d0bc5d31b2546345219e348575eb80e9a0?s=96&d=mm&r=g\",\"contentUrl\":\"https:\\\/\\\/secure.gravatar.com\\\/avatar\\\/37d968a2e67a6fd04c169c4bdef102d0bc5d31b2546345219e348575eb80e9a0?s=96&d=mm&r=g\",\"caption\":\"redazione\"},\"sameAs\":[\"http:\\\/\\\/www.bellunopress.it\",\"https:\\\/\\\/x.com\\\/bellunopress\"],\"url\":\"https:\\\/\\\/www.bellunopress.it\\\/fr\\\/author\\\/redazione\\\/\"}]}<\/script>\n<!-- \/ Yoast SEO plugin. -->","yoast_head_json":{"title":"Buon Natale assessore Passuello  * di Daniela Nicosia, regista, drammaturga, e direttore artistico di Tib teatro - Bellunopress - Dolomiti","robots":{"index":"index","follow":"follow","max-snippet":"max-snippet:-1","max-image-preview":"max-image-preview:large","max-video-preview":"max-video-preview:-1"},"canonical":"https:\/\/www.bellunopress.it\/fr\/2011\/12\/21\/buon-natale-assessore-passuello-di-daniela-nicosia-regista-drammaturga-e-direttore-artistico-di-tib-teatro\/","og_locale":"fr_FR","og_type":"article","og_title":"Buon Natale assessore Passuello  * di Daniela Nicosia, regista, drammaturga, e direttore artistico di Tib teatro - Bellunopress - Dolomiti","og_description":"Buon Natale Assessore Passuello, Nella sua letterina da mettere sotto l&#8217;albero, oltre all&#8217;antica malcelata acrimonia nei confronti del Tib\u00a0 che, malgrado ci\u00f2, resiste grazie alla tanta solidariet\u00e0 espressa dai cittadini bellunesi e da alcuni esponenti politici bipartisan che, trasversalmente, riconoscono il merito e sanno dare dignit\u00e0 al lavoro e a chi da&#8217; lavoro &#8211; apprendiamo, [&hellip;]","og_url":"https:\/\/www.bellunopress.it\/fr\/2011\/12\/21\/buon-natale-assessore-passuello-di-daniela-nicosia-regista-drammaturga-e-direttore-artistico-di-tib-teatro\/","og_site_name":"Bellunopress - Dolomiti","article_publisher":"https:\/\/www.facebook.com\/profile.php?id=100008943462799","article_published_time":"2011-12-21T19:02:32+00:00","article_modified_time":"2011-12-22T08:53:15+00:00","og_image":[{"url":"http:\/\/www.bellunopress.it\/wp-content\/uploads\/2011\/02\/daniela-nicosia-280x280.jpg","type":"","width":"","height":""}],"author":"redazione","twitter_card":"summary_large_image","twitter_creator":"@bellunopress","twitter_site":"@bellunopress","twitter_misc":{"Written by":"redazione","Est. reading time":"8 minutes"},"schema":{"@context":"https:\/\/schema.org","@graph":[{"@type":"Article","@id":"https:\/\/www.bellunopress.it\/2011\/12\/21\/buon-natale-assessore-passuello-di-daniela-nicosia-regista-drammaturga-e-direttore-artistico-di-tib-teatro\/#article","isPartOf":{"@id":"https:\/\/www.bellunopress.it\/2011\/12\/21\/buon-natale-assessore-passuello-di-daniela-nicosia-regista-drammaturga-e-direttore-artistico-di-tib-teatro\/"},"author":{"name":"redazione","@id":"https:\/\/www.bellunopress.it\/#\/schema\/person\/79bb06722b37ece1c03d3e94beb30d73"},"headline":"Buon Natale assessore Passuello * di Daniela Nicosia, regista, drammaturga, e direttore artistico di Tib teatro","datePublished":"2011-12-21T19:02:32+00:00","dateModified":"2011-12-22T08:53:15+00:00","mainEntityOfPage":{"@id":"https:\/\/www.bellunopress.it\/2011\/12\/21\/buon-natale-assessore-passuello-di-daniela-nicosia-regista-drammaturga-e-direttore-artistico-di-tib-teatro\/"},"wordCount":1711,"publisher":{"@id":"https:\/\/www.bellunopress.it\/#organization"},"image":{"@id":"https:\/\/www.bellunopress.it\/2011\/12\/21\/buon-natale-assessore-passuello-di-daniela-nicosia-regista-drammaturga-e-direttore-artistico-di-tib-teatro\/#primaryimage"},"thumbnailUrl":"http:\/\/www.bellunopress.it\/wp-content\/uploads\/2011\/02\/daniela-nicosia-280x280.jpg","articleSection":["Arte, Cultura, Spettacoli, Scienza","Cronaca\/Politica"],"inLanguage":"fr-FR"},{"@type":"WebPage","@id":"https:\/\/www.bellunopress.it\/2011\/12\/21\/buon-natale-assessore-passuello-di-daniela-nicosia-regista-drammaturga-e-direttore-artistico-di-tib-teatro\/","url":"https:\/\/www.bellunopress.it\/2011\/12\/21\/buon-natale-assessore-passuello-di-daniela-nicosia-regista-drammaturga-e-direttore-artistico-di-tib-teatro\/","name":"Buon Natale assessore Passuello * di Daniela Nicosia, regista, drammaturga, e direttore artistico di Tib teatro - Bellunopress - Dolomiti","isPartOf":{"@id":"https:\/\/www.bellunopress.it\/#website"},"primaryImageOfPage":{"@id":"https:\/\/www.bellunopress.it\/2011\/12\/21\/buon-natale-assessore-passuello-di-daniela-nicosia-regista-drammaturga-e-direttore-artistico-di-tib-teatro\/#primaryimage"},"image":{"@id":"https:\/\/www.bellunopress.it\/2011\/12\/21\/buon-natale-assessore-passuello-di-daniela-nicosia-regista-drammaturga-e-direttore-artistico-di-tib-teatro\/#primaryimage"},"thumbnailUrl":"http:\/\/www.bellunopress.it\/wp-content\/uploads\/2011\/02\/daniela-nicosia-280x280.jpg","datePublished":"2011-12-21T19:02:32+00:00","dateModified":"2011-12-22T08:53:15+00:00","breadcrumb":{"@id":"https:\/\/www.bellunopress.it\/2011\/12\/21\/buon-natale-assessore-passuello-di-daniela-nicosia-regista-drammaturga-e-direttore-artistico-di-tib-teatro\/#breadcrumb"},"inLanguage":"fr-FR","potentialAction":[{"@type":"ReadAction","target":["https:\/\/www.bellunopress.it\/2011\/12\/21\/buon-natale-assessore-passuello-di-daniela-nicosia-regista-drammaturga-e-direttore-artistico-di-tib-teatro\/"]}]},{"@type":"ImageObject","inLanguage":"fr-FR","@id":"https:\/\/www.bellunopress.it\/2011\/12\/21\/buon-natale-assessore-passuello-di-daniela-nicosia-regista-drammaturga-e-direttore-artistico-di-tib-teatro\/#primaryimage","url":"http:\/\/www.bellunopress.it\/wp-content\/uploads\/2011\/02\/daniela-nicosia-280x280.jpg","contentUrl":"http:\/\/www.bellunopress.it\/wp-content\/uploads\/2011\/02\/daniela-nicosia-280x280.jpg"},{"@type":"BreadcrumbList","@id":"https:\/\/www.bellunopress.it\/2011\/12\/21\/buon-natale-assessore-passuello-di-daniela-nicosia-regista-drammaturga-e-direttore-artistico-di-tib-teatro\/#breadcrumb","itemListElement":[{"@type":"ListItem","position":1,"name":"Home","item":"https:\/\/www.bellunopress.it\/"},{"@type":"ListItem","position":2,"name":"Buon Natale assessore Passuello * di Daniela Nicosia, regista, drammaturga, e direttore artistico di Tib teatro"}]},{"@type":"WebSite","@id":"https:\/\/www.bellunopress.it\/#website","url":"https:\/\/www.bellunopress.it\/","name":"Bellunopress - Dolomiti","description":"e-mail: redazione@bellunopress.it","publisher":{"@id":"https:\/\/www.bellunopress.it\/#organization"},"potentialAction":[{"@type":"SearchAction","target":{"@type":"EntryPoint","urlTemplate":"https:\/\/www.bellunopress.it\/?s={search_term_string}"},"query-input":{"@type":"PropertyValueSpecification","valueRequired":true,"valueName":"search_term_string"}}],"inLanguage":"fr-FR"},{"@type":"Organization","@id":"https:\/\/www.bellunopress.it\/#organization","name":"Bellunopress","url":"https:\/\/www.bellunopress.it\/","logo":{"@type":"ImageObject","inLanguage":"fr-FR","@id":"https:\/\/www.bellunopress.it\/#\/schema\/logo\/image\/","url":"https:\/\/www.bellunopress.it\/wp-content\/uploads\/2011\/05\/cropped-logo-bellunopress-.jpg","contentUrl":"https:\/\/www.bellunopress.it\/wp-content\/uploads\/2011\/05\/cropped-logo-bellunopress-.jpg","width":512,"height":512,"caption":"Bellunopress"},"image":{"@id":"https:\/\/www.bellunopress.it\/#\/schema\/logo\/image\/"},"sameAs":["https:\/\/www.facebook.com\/profile.php?id=100008943462799","https:\/\/x.com\/bellunopress","https:\/\/www.linkedin.com\/hp\/?dnr=JBzUWaJfMUw8vbXJJ2tVW5-I3jZKvC4wsoxE&amp;amp;amp;amp;amp;amp;trk=nav_responsive_tab_home","https:\/\/www.youtube.com\/channel\/UCxL0wu1uN0_3_7hGG0306cw"]},{"@type":"Person","@id":"https:\/\/www.bellunopress.it\/#\/schema\/person\/79bb06722b37ece1c03d3e94beb30d73","name":"r\u00e9daction","image":{"@type":"ImageObject","inLanguage":"fr-FR","@id":"https:\/\/secure.gravatar.com\/avatar\/37d968a2e67a6fd04c169c4bdef102d0bc5d31b2546345219e348575eb80e9a0?s=96&d=mm&r=g","url":"https:\/\/secure.gravatar.com\/avatar\/37d968a2e67a6fd04c169c4bdef102d0bc5d31b2546345219e348575eb80e9a0?s=96&d=mm&r=g","contentUrl":"https:\/\/secure.gravatar.com\/avatar\/37d968a2e67a6fd04c169c4bdef102d0bc5d31b2546345219e348575eb80e9a0?s=96&d=mm&r=g","caption":"redazione"},"sameAs":["http:\/\/www.bellunopress.it","https:\/\/x.com\/bellunopress"],"url":"https:\/\/www.bellunopress.it\/fr\/author\/redazione\/"}]}},"_links":{"self":[{"href":"https:\/\/www.bellunopress.it\/fr\/wp-json\/wp\/v2\/posts\/33558","targetHints":{"allow":["GET"]}}],"collection":[{"href":"https:\/\/www.bellunopress.it\/fr\/wp-json\/wp\/v2\/posts"}],"about":[{"href":"https:\/\/www.bellunopress.it\/fr\/wp-json\/wp\/v2\/types\/post"}],"author":[{"embeddable":true,"href":"https:\/\/www.bellunopress.it\/fr\/wp-json\/wp\/v2\/users\/2"}],"replies":[{"embeddable":true,"href":"https:\/\/www.bellunopress.it\/fr\/wp-json\/wp\/v2\/comments?post=33558"}],"version-history":[{"count":4,"href":"https:\/\/www.bellunopress.it\/fr\/wp-json\/wp\/v2\/posts\/33558\/revisions"}],"predecessor-version":[{"id":33571,"href":"https:\/\/www.bellunopress.it\/fr\/wp-json\/wp\/v2\/posts\/33558\/revisions\/33571"}],"wp:attachment":[{"href":"https:\/\/www.bellunopress.it\/fr\/wp-json\/wp\/v2\/media?parent=33558"}],"wp:term":[{"taxonomy":"category","embeddable":true,"href":"https:\/\/www.bellunopress.it\/fr\/wp-json\/wp\/v2\/categories?post=33558"},{"taxonomy":"post_tag","embeddable":true,"href":"https:\/\/www.bellunopress.it\/fr\/wp-json\/wp\/v2\/tags?post=33558"}],"curies":[{"name":"wp","href":"https:\/\/api.w.org\/{rel}","templated":true}]}}