{"id":33552,"date":"2011-12-21T18:08:32","date_gmt":"2011-12-21T17:08:32","guid":{"rendered":"http:\/\/www.bellunopress.it\/?p=33552"},"modified":"2011-12-21T20:04:11","modified_gmt":"2011-12-21T19:04:11","slug":"primario-arrestato-la-regione-istituisce-una-commissione-dinchiesta-coletto-immagini-dolorose-saremo-inflessibili","status":"publish","type":"post","link":"https:\/\/www.bellunopress.it\/fr\/2011\/12\/21\/primario-arrestato-la-regione-istituisce-una-commissione-dinchiesta-coletto-immagini-dolorose-saremo-inflessibili\/","title":{"rendered":"Primario arrestato. La Regione istituisce una commissione d&#8217;inchiesta. Coletto: &#8220;immagini dolorose, saremo inflessibili&#8221;"},"content":{"rendered":"<figure id=\"attachment_19489\" aria-describedby=\"caption-attachment-19489\" style=\"width: 103px\" class=\"wp-caption alignleft\"><a href=\"http:\/\/www.bellunopress.it\/wp-content\/uploads\/2010\/09\/luca-coletto.jpg\"><img loading=\"lazy\" decoding=\"async\" class=\"size-full wp-image-19489\" title=\"luca-coletto\" src=\"http:\/\/www.bellunopress.it\/wp-content\/uploads\/2010\/09\/luca-coletto.jpg\" alt=\"\" width=\"103\" height=\"140\" \/><\/a><figcaption id=\"caption-attachment-19489\" class=\"wp-caption-text\">Luca Coletto<\/figcaption><\/figure>\n<p>\u201cQuelle girate dalla Guardia di Finanza sono immagini dolorose, che meglio di ogni parola descrivono una vicenda gravissima, che avr\u00e0 dalla Regione risposte immediate ed inflessibili\u201d. Lo sottolinea l\u2019assessore regionale alla sanit\u00e0 Luca Coletto che, sentito il presidente Luca Zaia ed il segretario regionale alla sanit\u00e0 Domenico Mantoan, ha disposto l\u2019immediata costituzione di una commissione d\u2019indagine per fare \u201ctotale e veloce chiarezza\u201d sulla vicenda del primario di ostetricia e ginecologia dell\u2019ospedale di Pieve di Cadore, arrestato con l\u2019accusa di aver chiesto denaro alle pazienti al fine di aggirare le liste d\u2019attesa per la fecondazione assistita erogata dallo specifico centro operante a Pieve. \u201cPurtroppo \u2013 prosegue Coletto \u2013 sul comportamento del medico c\u2019\u00e8 poco da chiarire, tanto eloquenti sono le immagini della Gdf &#8211; ma vogliamo verificare a fondo tutto il modus operandi del centro diretto dal professor Cetera. Per questo abbiamo costituito la commissione, affidandone la guida direttamente al segretario Mantoan, che a brevissimo si recher\u00e0 a Pieve di Cadore per iniziare il lavoro\u201d. Nel frattempo &#8211; aggiunge Coletto \u2013 il direttore generale Antonio Compostella ha opportunamente provveduto alla sospensione del primario. Seguiremo con la massima attenzione gli sviluppi del lavoro degli inquirenti e della magistratura \u2013 conclude Coletto \u2013 pronti a mettere in atto anche eventuali azioni sul piano legale che si rendessero praticabili a tutela del buon nome della sanit\u00e0 veneta e delle migliaia di medici onesti che giorno dopo giorno contribuiscono a renderla eccellente\u201d.<\/p>","protected":false},"excerpt":{"rendered":"<p>\u201cQuelle girate dalla Guardia di Finanza sono immagini dolorose, che meglio di ogni parola descrivono una vicenda gravissima, che avr\u00e0 dalla Regione risposte immediate ed inflessibili\u201d. Lo sottolinea l\u2019assessore regionale alla sanit\u00e0 Luca Coletto che, sentito il presidente Luca Zaia ed il segretario regionale alla sanit\u00e0 Domenico Mantoan, ha disposto l\u2019immediata costituzione di una commissione [&hellip;]<\/p>\n","protected":false},"author":2,"featured_media":0,"comment_status":"closed","ping_status":"open","sticky":false,"template":"","format":"standard","meta":{"footnotes":""},"categories":[5,26,17],"tags":[],"class_list":["post-33552","post","type-post","status-publish","format-standard","category-cronaca","category-prima-pagina","category-sanita"],"yoast_head":"<!-- This site is optimized with the Yoast SEO plugin v28.4 - https:\/\/yoast.com\/product\/yoast-seo-wordpress\/ -->\n<title>Primario arrestato. La Regione istituisce una commissione d&#039;inchiesta. Coletto: &quot;immagini dolorose, saremo inflessibili&quot; - Bellunopress - Dolomiti<\/title>\n<meta name=\"robots\" content=\"index, follow, max-snippet:-1, max-image-preview:large, max-video-preview:-1\" \/>\n<link rel=\"canonical\" href=\"https:\/\/www.bellunopress.it\/fr\/2011\/12\/21\/primario-arrestato-la-regione-istituisce-una-commissione-dinchiesta-coletto-immagini-dolorose-saremo-inflessibili\/\" \/>\n<meta property=\"og:locale\" content=\"fr_FR\" \/>\n<meta property=\"og:type\" content=\"article\" \/>\n<meta property=\"og:title\" content=\"Primario arrestato. La Regione istituisce una commissione d&#039;inchiesta. Coletto: &quot;immagini dolorose, saremo inflessibili&quot; - Bellunopress - Dolomiti\" \/>\n<meta property=\"og:description\" content=\"\u201cQuelle girate dalla Guardia di Finanza sono immagini dolorose, che meglio di ogni parola descrivono una vicenda gravissima, che avr\u00e0 dalla Regione risposte immediate ed inflessibili\u201d. Lo sottolinea l\u2019assessore regionale alla sanit\u00e0 Luca Coletto che, sentito il presidente Luca Zaia ed il segretario regionale alla sanit\u00e0 Domenico Mantoan, ha disposto l\u2019immediata costituzione di una commissione [&hellip;]\" \/>\n<meta property=\"og:url\" content=\"https:\/\/www.bellunopress.it\/fr\/2011\/12\/21\/primario-arrestato-la-regione-istituisce-una-commissione-dinchiesta-coletto-immagini-dolorose-saremo-inflessibili\/\" \/>\n<meta property=\"og:site_name\" content=\"Bellunopress - Dolomiti\" \/>\n<meta property=\"article:publisher\" content=\"https:\/\/www.facebook.com\/profile.php?id=100008943462799\" \/>\n<meta property=\"article:published_time\" content=\"2011-12-21T17:08:32+00:00\" \/>\n<meta property=\"article:modified_time\" content=\"2011-12-21T19:04:11+00:00\" \/>\n<meta property=\"og:image\" content=\"http:\/\/www.bellunopress.it\/wp-content\/uploads\/2010\/09\/luca-coletto.jpg\" \/>\n<meta name=\"author\" content=\"redazione\" \/>\n<meta name=\"twitter:card\" content=\"summary_large_image\" \/>\n<meta name=\"twitter:creator\" content=\"@bellunopress\" \/>\n<meta name=\"twitter:site\" content=\"@bellunopress\" \/>\n<meta name=\"twitter:label1\" content=\"\u00c9crit par\" \/>\n\t<meta name=\"twitter:data1\" content=\"redazione\" \/>\n\t<meta name=\"twitter:label2\" content=\"Dur\u00e9e de lecture estim\u00e9e\" \/>\n\t<meta name=\"twitter:data2\" content=\"1 minute\" \/>\n<script type=\"application\/ld+json\" class=\"yoast-schema-graph\">{\"@context\":\"https:\\\/\\\/schema.org\",\"@graph\":[{\"@type\":\"Article\",\"@id\":\"https:\\\/\\\/www.bellunopress.it\\\/2011\\\/12\\\/21\\\/primario-arrestato-la-regione-istituisce-una-commissione-dinchiesta-coletto-immagini-dolorose-saremo-inflessibili\\\/#article\",\"isPartOf\":{\"@id\":\"https:\\\/\\\/www.bellunopress.it\\\/2011\\\/12\\\/21\\\/primario-arrestato-la-regione-istituisce-una-commissione-dinchiesta-coletto-immagini-dolorose-saremo-inflessibili\\\/\"},\"author\":{\"name\":\"redazione\",\"@id\":\"https:\\\/\\\/www.bellunopress.it\\\/#\\\/schema\\\/person\\\/79bb06722b37ece1c03d3e94beb30d73\"},\"headline\":\"Primario arrestato. La Regione istituisce una commissione d&#8217;inchiesta. Coletto: &#8220;immagini dolorose, saremo inflessibili&#8221;\",\"datePublished\":\"2011-12-21T17:08:32+00:00\",\"dateModified\":\"2011-12-21T19:04:11+00:00\",\"mainEntityOfPage\":{\"@id\":\"https:\\\/\\\/www.bellunopress.it\\\/2011\\\/12\\\/21\\\/primario-arrestato-la-regione-istituisce-una-commissione-dinchiesta-coletto-immagini-dolorose-saremo-inflessibili\\\/\"},\"wordCount\":262,\"publisher\":{\"@id\":\"https:\\\/\\\/www.bellunopress.it\\\/#organization\"},\"image\":{\"@id\":\"https:\\\/\\\/www.bellunopress.it\\\/2011\\\/12\\\/21\\\/primario-arrestato-la-regione-istituisce-una-commissione-dinchiesta-coletto-immagini-dolorose-saremo-inflessibili\\\/#primaryimage\"},\"thumbnailUrl\":\"http:\\\/\\\/www.bellunopress.it\\\/wp-content\\\/uploads\\\/2010\\\/09\\\/luca-coletto.jpg\",\"articleSection\":[\"Cronaca\\\/Politica\",\"Prima Pagina\",\"Sanit\u00e0 Medicina\"],\"inLanguage\":\"fr-FR\"},{\"@type\":\"WebPage\",\"@id\":\"https:\\\/\\\/www.bellunopress.it\\\/2011\\\/12\\\/21\\\/primario-arrestato-la-regione-istituisce-una-commissione-dinchiesta-coletto-immagini-dolorose-saremo-inflessibili\\\/\",\"url\":\"https:\\\/\\\/www.bellunopress.it\\\/2011\\\/12\\\/21\\\/primario-arrestato-la-regione-istituisce-una-commissione-dinchiesta-coletto-immagini-dolorose-saremo-inflessibili\\\/\",\"name\":\"Primario arrestato. La Regione istituisce una commissione d'inchiesta. Coletto: \\\"immagini dolorose, saremo inflessibili\\\" - Bellunopress - Dolomiti\",\"isPartOf\":{\"@id\":\"https:\\\/\\\/www.bellunopress.it\\\/#website\"},\"primaryImageOfPage\":{\"@id\":\"https:\\\/\\\/www.bellunopress.it\\\/2011\\\/12\\\/21\\\/primario-arrestato-la-regione-istituisce-una-commissione-dinchiesta-coletto-immagini-dolorose-saremo-inflessibili\\\/#primaryimage\"},\"image\":{\"@id\":\"https:\\\/\\\/www.bellunopress.it\\\/2011\\\/12\\\/21\\\/primario-arrestato-la-regione-istituisce-una-commissione-dinchiesta-coletto-immagini-dolorose-saremo-inflessibili\\\/#primaryimage\"},\"thumbnailUrl\":\"http:\\\/\\\/www.bellunopress.it\\\/wp-content\\\/uploads\\\/2010\\\/09\\\/luca-coletto.jpg\",\"datePublished\":\"2011-12-21T17:08:32+00:00\",\"dateModified\":\"2011-12-21T19:04:11+00:00\",\"breadcrumb\":{\"@id\":\"https:\\\/\\\/www.bellunopress.it\\\/2011\\\/12\\\/21\\\/primario-arrestato-la-regione-istituisce-una-commissione-dinchiesta-coletto-immagini-dolorose-saremo-inflessibili\\\/#breadcrumb\"},\"inLanguage\":\"fr-FR\",\"potentialAction\":[{\"@type\":\"ReadAction\",\"target\":[\"https:\\\/\\\/www.bellunopress.it\\\/2011\\\/12\\\/21\\\/primario-arrestato-la-regione-istituisce-una-commissione-dinchiesta-coletto-immagini-dolorose-saremo-inflessibili\\\/\"]}]},{\"@type\":\"ImageObject\",\"inLanguage\":\"fr-FR\",\"@id\":\"https:\\\/\\\/www.bellunopress.it\\\/2011\\\/12\\\/21\\\/primario-arrestato-la-regione-istituisce-una-commissione-dinchiesta-coletto-immagini-dolorose-saremo-inflessibili\\\/#primaryimage\",\"url\":\"http:\\\/\\\/www.bellunopress.it\\\/wp-content\\\/uploads\\\/2010\\\/09\\\/luca-coletto.jpg\",\"contentUrl\":\"http:\\\/\\\/www.bellunopress.it\\\/wp-content\\\/uploads\\\/2010\\\/09\\\/luca-coletto.jpg\"},{\"@type\":\"BreadcrumbList\",\"@id\":\"https:\\\/\\\/www.bellunopress.it\\\/2011\\\/12\\\/21\\\/primario-arrestato-la-regione-istituisce-una-commissione-dinchiesta-coletto-immagini-dolorose-saremo-inflessibili\\\/#breadcrumb\",\"itemListElement\":[{\"@type\":\"ListItem\",\"position\":1,\"name\":\"Home\",\"item\":\"https:\\\/\\\/www.bellunopress.it\\\/\"},{\"@type\":\"ListItem\",\"position\":2,\"name\":\"Primario arrestato. La Regione istituisce una commissione d&#8217;inchiesta. Coletto: &#8220;immagini dolorose, saremo inflessibili&#8221;\"}]},{\"@type\":\"WebSite\",\"@id\":\"https:\\\/\\\/www.bellunopress.it\\\/#website\",\"url\":\"https:\\\/\\\/www.bellunopress.it\\\/\",\"name\":\"Bellunopress - Dolomiti\",\"description\":\"e-mail: redazione@bellunopress.it\",\"publisher\":{\"@id\":\"https:\\\/\\\/www.bellunopress.it\\\/#organization\"},\"potentialAction\":[{\"@type\":\"SearchAction\",\"target\":{\"@type\":\"EntryPoint\",\"urlTemplate\":\"https:\\\/\\\/www.bellunopress.it\\\/?s={search_term_string}\"},\"query-input\":{\"@type\":\"PropertyValueSpecification\",\"valueRequired\":true,\"valueName\":\"search_term_string\"}}],\"inLanguage\":\"fr-FR\"},{\"@type\":\"Organization\",\"@id\":\"https:\\\/\\\/www.bellunopress.it\\\/#organization\",\"name\":\"Bellunopress\",\"url\":\"https:\\\/\\\/www.bellunopress.it\\\/\",\"logo\":{\"@type\":\"ImageObject\",\"inLanguage\":\"fr-FR\",\"@id\":\"https:\\\/\\\/www.bellunopress.it\\\/#\\\/schema\\\/logo\\\/image\\\/\",\"url\":\"https:\\\/\\\/www.bellunopress.it\\\/wp-content\\\/uploads\\\/2011\\\/05\\\/cropped-logo-bellunopress-.jpg\",\"contentUrl\":\"https:\\\/\\\/www.bellunopress.it\\\/wp-content\\\/uploads\\\/2011\\\/05\\\/cropped-logo-bellunopress-.jpg\",\"width\":512,\"height\":512,\"caption\":\"Bellunopress\"},\"image\":{\"@id\":\"https:\\\/\\\/www.bellunopress.it\\\/#\\\/schema\\\/logo\\\/image\\\/\"},\"sameAs\":[\"https:\\\/\\\/www.facebook.com\\\/profile.php?id=100008943462799\",\"https:\\\/\\\/x.com\\\/bellunopress\",\"https:\\\/\\\/www.linkedin.com\\\/hp\\\/?dnr=JBzUWaJfMUw8vbXJJ2tVW5-I3jZKvC4wsoxE&amp;amp;amp;amp;amp;amp;trk=nav_responsive_tab_home\",\"https:\\\/\\\/www.youtube.com\\\/channel\\\/UCxL0wu1uN0_3_7hGG0306cw\"]},{\"@type\":\"Person\",\"@id\":\"https:\\\/\\\/www.bellunopress.it\\\/#\\\/schema\\\/person\\\/79bb06722b37ece1c03d3e94beb30d73\",\"name\":\"redazione\",\"image\":{\"@type\":\"ImageObject\",\"inLanguage\":\"fr-FR\",\"@id\":\"https:\\\/\\\/secure.gravatar.com\\\/avatar\\\/37d968a2e67a6fd04c169c4bdef102d0bc5d31b2546345219e348575eb80e9a0?s=96&d=mm&r=g\",\"url\":\"https:\\\/\\\/secure.gravatar.com\\\/avatar\\\/37d968a2e67a6fd04c169c4bdef102d0bc5d31b2546345219e348575eb80e9a0?s=96&d=mm&r=g\",\"contentUrl\":\"https:\\\/\\\/secure.gravatar.com\\\/avatar\\\/37d968a2e67a6fd04c169c4bdef102d0bc5d31b2546345219e348575eb80e9a0?s=96&d=mm&r=g\",\"caption\":\"redazione\"},\"sameAs\":[\"http:\\\/\\\/www.bellunopress.it\",\"https:\\\/\\\/x.com\\\/bellunopress\"],\"url\":\"https:\\\/\\\/www.bellunopress.it\\\/fr\\\/author\\\/redazione\\\/\"}]}<\/script>\n<!-- \/ Yoast SEO plugin. -->","yoast_head_json":{"title":"Primario arrestato. La Regione istituisce una commissione d'inchiesta. Coletto: \"immagini dolorose, saremo inflessibili\" - Bellunopress - Dolomiti","robots":{"index":"index","follow":"follow","max-snippet":"max-snippet:-1","max-image-preview":"max-image-preview:large","max-video-preview":"max-video-preview:-1"},"canonical":"https:\/\/www.bellunopress.it\/fr\/2011\/12\/21\/primario-arrestato-la-regione-istituisce-una-commissione-dinchiesta-coletto-immagini-dolorose-saremo-inflessibili\/","og_locale":"fr_FR","og_type":"article","og_title":"Primario arrestato. La Regione istituisce una commissione d'inchiesta. Coletto: \"immagini dolorose, saremo inflessibili\" - Bellunopress - Dolomiti","og_description":"\u201cQuelle girate dalla Guardia di Finanza sono immagini dolorose, che meglio di ogni parola descrivono una vicenda gravissima, che avr\u00e0 dalla Regione risposte immediate ed inflessibili\u201d. Lo sottolinea l\u2019assessore regionale alla sanit\u00e0 Luca Coletto che, sentito il presidente Luca Zaia ed il segretario regionale alla sanit\u00e0 Domenico Mantoan, ha disposto l\u2019immediata costituzione di una commissione [&hellip;]","og_url":"https:\/\/www.bellunopress.it\/fr\/2011\/12\/21\/primario-arrestato-la-regione-istituisce-una-commissione-dinchiesta-coletto-immagini-dolorose-saremo-inflessibili\/","og_site_name":"Bellunopress - Dolomiti","article_publisher":"https:\/\/www.facebook.com\/profile.php?id=100008943462799","article_published_time":"2011-12-21T17:08:32+00:00","article_modified_time":"2011-12-21T19:04:11+00:00","og_image":[{"url":"http:\/\/www.bellunopress.it\/wp-content\/uploads\/2010\/09\/luca-coletto.jpg","type":"","width":"","height":""}],"author":"redazione","twitter_card":"summary_large_image","twitter_creator":"@bellunopress","twitter_site":"@bellunopress","twitter_misc":{"\u00c9crit par":"redazione","Dur\u00e9e de lecture estim\u00e9e":"1 minute"},"schema":{"@context":"https:\/\/schema.org","@graph":[{"@type":"Article","@id":"https:\/\/www.bellunopress.it\/2011\/12\/21\/primario-arrestato-la-regione-istituisce-una-commissione-dinchiesta-coletto-immagini-dolorose-saremo-inflessibili\/#article","isPartOf":{"@id":"https:\/\/www.bellunopress.it\/2011\/12\/21\/primario-arrestato-la-regione-istituisce-una-commissione-dinchiesta-coletto-immagini-dolorose-saremo-inflessibili\/"},"author":{"name":"redazione","@id":"https:\/\/www.bellunopress.it\/#\/schema\/person\/79bb06722b37ece1c03d3e94beb30d73"},"headline":"Primario arrestato. La Regione istituisce una commissione d&#8217;inchiesta. Coletto: &#8220;immagini dolorose, saremo inflessibili&#8221;","datePublished":"2011-12-21T17:08:32+00:00","dateModified":"2011-12-21T19:04:11+00:00","mainEntityOfPage":{"@id":"https:\/\/www.bellunopress.it\/2011\/12\/21\/primario-arrestato-la-regione-istituisce-una-commissione-dinchiesta-coletto-immagini-dolorose-saremo-inflessibili\/"},"wordCount":262,"publisher":{"@id":"https:\/\/www.bellunopress.it\/#organization"},"image":{"@id":"https:\/\/www.bellunopress.it\/2011\/12\/21\/primario-arrestato-la-regione-istituisce-una-commissione-dinchiesta-coletto-immagini-dolorose-saremo-inflessibili\/#primaryimage"},"thumbnailUrl":"http:\/\/www.bellunopress.it\/wp-content\/uploads\/2010\/09\/luca-coletto.jpg","articleSection":["Cronaca\/Politica","Prima Pagina","Sanit\u00e0 Medicina"],"inLanguage":"fr-FR"},{"@type":"WebPage","@id":"https:\/\/www.bellunopress.it\/2011\/12\/21\/primario-arrestato-la-regione-istituisce-una-commissione-dinchiesta-coletto-immagini-dolorose-saremo-inflessibili\/","url":"https:\/\/www.bellunopress.it\/2011\/12\/21\/primario-arrestato-la-regione-istituisce-una-commissione-dinchiesta-coletto-immagini-dolorose-saremo-inflessibili\/","name":"Primario arrestato. La Regione istituisce una commissione d'inchiesta. Coletto: \"immagini dolorose, saremo inflessibili\" - Bellunopress - Dolomiti","isPartOf":{"@id":"https:\/\/www.bellunopress.it\/#website"},"primaryImageOfPage":{"@id":"https:\/\/www.bellunopress.it\/2011\/12\/21\/primario-arrestato-la-regione-istituisce-una-commissione-dinchiesta-coletto-immagini-dolorose-saremo-inflessibili\/#primaryimage"},"image":{"@id":"https:\/\/www.bellunopress.it\/2011\/12\/21\/primario-arrestato-la-regione-istituisce-una-commissione-dinchiesta-coletto-immagini-dolorose-saremo-inflessibili\/#primaryimage"},"thumbnailUrl":"http:\/\/www.bellunopress.it\/wp-content\/uploads\/2010\/09\/luca-coletto.jpg","datePublished":"2011-12-21T17:08:32+00:00","dateModified":"2011-12-21T19:04:11+00:00","breadcrumb":{"@id":"https:\/\/www.bellunopress.it\/2011\/12\/21\/primario-arrestato-la-regione-istituisce-una-commissione-dinchiesta-coletto-immagini-dolorose-saremo-inflessibili\/#breadcrumb"},"inLanguage":"fr-FR","potentialAction":[{"@type":"ReadAction","target":["https:\/\/www.bellunopress.it\/2011\/12\/21\/primario-arrestato-la-regione-istituisce-una-commissione-dinchiesta-coletto-immagini-dolorose-saremo-inflessibili\/"]}]},{"@type":"ImageObject","inLanguage":"fr-FR","@id":"https:\/\/www.bellunopress.it\/2011\/12\/21\/primario-arrestato-la-regione-istituisce-una-commissione-dinchiesta-coletto-immagini-dolorose-saremo-inflessibili\/#primaryimage","url":"http:\/\/www.bellunopress.it\/wp-content\/uploads\/2010\/09\/luca-coletto.jpg","contentUrl":"http:\/\/www.bellunopress.it\/wp-content\/uploads\/2010\/09\/luca-coletto.jpg"},{"@type":"BreadcrumbList","@id":"https:\/\/www.bellunopress.it\/2011\/12\/21\/primario-arrestato-la-regione-istituisce-una-commissione-dinchiesta-coletto-immagini-dolorose-saremo-inflessibili\/#breadcrumb","itemListElement":[{"@type":"ListItem","position":1,"name":"Home","item":"https:\/\/www.bellunopress.it\/"},{"@type":"ListItem","position":2,"name":"Primario arrestato. La Regione istituisce una commissione d&#8217;inchiesta. Coletto: &#8220;immagini dolorose, saremo inflessibili&#8221;"}]},{"@type":"WebSite","@id":"https:\/\/www.bellunopress.it\/#website","url":"https:\/\/www.bellunopress.it\/","name":"Bellunopress - Dolomiti","description":"e-mail: redazione@bellunopress.it","publisher":{"@id":"https:\/\/www.bellunopress.it\/#organization"},"potentialAction":[{"@type":"SearchAction","target":{"@type":"EntryPoint","urlTemplate":"https:\/\/www.bellunopress.it\/?s={search_term_string}"},"query-input":{"@type":"PropertyValueSpecification","valueRequired":true,"valueName":"search_term_string"}}],"inLanguage":"fr-FR"},{"@type":"Organization","@id":"https:\/\/www.bellunopress.it\/#organization","name":"Bellunopress","url":"https:\/\/www.bellunopress.it\/","logo":{"@type":"ImageObject","inLanguage":"fr-FR","@id":"https:\/\/www.bellunopress.it\/#\/schema\/logo\/image\/","url":"https:\/\/www.bellunopress.it\/wp-content\/uploads\/2011\/05\/cropped-logo-bellunopress-.jpg","contentUrl":"https:\/\/www.bellunopress.it\/wp-content\/uploads\/2011\/05\/cropped-logo-bellunopress-.jpg","width":512,"height":512,"caption":"Bellunopress"},"image":{"@id":"https:\/\/www.bellunopress.it\/#\/schema\/logo\/image\/"},"sameAs":["https:\/\/www.facebook.com\/profile.php?id=100008943462799","https:\/\/x.com\/bellunopress","https:\/\/www.linkedin.com\/hp\/?dnr=JBzUWaJfMUw8vbXJJ2tVW5-I3jZKvC4wsoxE&amp;amp;amp;amp;amp;amp;trk=nav_responsive_tab_home","https:\/\/www.youtube.com\/channel\/UCxL0wu1uN0_3_7hGG0306cw"]},{"@type":"Person","@id":"https:\/\/www.bellunopress.it\/#\/schema\/person\/79bb06722b37ece1c03d3e94beb30d73","name":"r\u00e9daction","image":{"@type":"ImageObject","inLanguage":"fr-FR","@id":"https:\/\/secure.gravatar.com\/avatar\/37d968a2e67a6fd04c169c4bdef102d0bc5d31b2546345219e348575eb80e9a0?s=96&d=mm&r=g","url":"https:\/\/secure.gravatar.com\/avatar\/37d968a2e67a6fd04c169c4bdef102d0bc5d31b2546345219e348575eb80e9a0?s=96&d=mm&r=g","contentUrl":"https:\/\/secure.gravatar.com\/avatar\/37d968a2e67a6fd04c169c4bdef102d0bc5d31b2546345219e348575eb80e9a0?s=96&d=mm&r=g","caption":"redazione"},"sameAs":["http:\/\/www.bellunopress.it","https:\/\/x.com\/bellunopress"],"url":"https:\/\/www.bellunopress.it\/fr\/author\/redazione\/"}]}},"_links":{"self":[{"href":"https:\/\/www.bellunopress.it\/fr\/wp-json\/wp\/v2\/posts\/33552","targetHints":{"allow":["GET"]}}],"collection":[{"href":"https:\/\/www.bellunopress.it\/fr\/wp-json\/wp\/v2\/posts"}],"about":[{"href":"https:\/\/www.bellunopress.it\/fr\/wp-json\/wp\/v2\/types\/post"}],"author":[{"embeddable":true,"href":"https:\/\/www.bellunopress.it\/fr\/wp-json\/wp\/v2\/users\/2"}],"replies":[{"embeddable":true,"href":"https:\/\/www.bellunopress.it\/fr\/wp-json\/wp\/v2\/comments?post=33552"}],"version-history":[{"count":2,"href":"https:\/\/www.bellunopress.it\/fr\/wp-json\/wp\/v2\/posts\/33552\/revisions"}],"predecessor-version":[{"id":33561,"href":"https:\/\/www.bellunopress.it\/fr\/wp-json\/wp\/v2\/posts\/33552\/revisions\/33561"}],"wp:attachment":[{"href":"https:\/\/www.bellunopress.it\/fr\/wp-json\/wp\/v2\/media?parent=33552"}],"wp:term":[{"taxonomy":"category","embeddable":true,"href":"https:\/\/www.bellunopress.it\/fr\/wp-json\/wp\/v2\/categories?post=33552"},{"taxonomy":"post_tag","embeddable":true,"href":"https:\/\/www.bellunopress.it\/fr\/wp-json\/wp\/v2\/tags?post=33552"}],"curies":[{"name":"wp","href":"https:\/\/api.w.org\/{rel}","templated":true}]}}