{"id":33537,"date":"2011-12-21T12:15:58","date_gmt":"2011-12-21T11:15:58","guid":{"rendered":"http:\/\/www.bellunopress.it\/?p=33537"},"modified":"2011-12-21T12:15:58","modified_gmt":"2011-12-21T11:15:58","slug":"inquinamento-atmosferico-la-cappa-del-feltrino-comitato-pra-gras","status":"publish","type":"post","link":"https:\/\/www.bellunopress.it\/fr\/2011\/12\/21\/inquinamento-atmosferico-la-cappa-del-feltrino-comitato-pra-gras\/","title":{"rendered":"Inquinamento atmosferico: la &#8220;cappa&#8221; del Feltrino     *   Comitato Pr\u00e0 Gras"},"content":{"rendered":"<p><a href=\"http:\/\/www.bellunopress.it\/wp-content\/uploads\/2009\/01\/inquinamento.jpg\"><img loading=\"lazy\" decoding=\"async\" class=\"alignleft size-full wp-image-24\" title=\"inquinamento\" src=\"http:\/\/www.bellunopress.it\/wp-content\/uploads\/2009\/01\/inquinamento.jpg\" alt=\"\" width=\"120\" height=\"89\" \/><\/a>L&#8217;immagine \u00e8 la solita.. e vede un uomo seduto alle pendici di uno dei monti che cinge la Vallata Feltrina. Osserva preoccupato quella coltre di \u201cpanna\u201d che quasi tutte le mattine di autunno e inverno copre il fondovalle. La famigerata \u201ccappa\u201d che, a causa dell&#8217;inversione termica, trattiene al suolo polveri e inquinanti..<br \/>\n\u201cl\u00ec sotto si respira veleno..\u201d direbbe qualcuno<\/p>\n<p>E la realt\u00e0 non \u00e8 molto diversa da questa immagine che citiamo spesso.. \u201cli sotto si respira veleno\u201d..<\/p>\n<p>Siamo molto preoccupati da questa situazione, soprattutto in un anno che ha visto poca pioggia e poco vento.. uniche salvezze per i nostri polmoni<\/p>\n<p>Siamo preoccupati non solo dai continui sforamenti (ben oltre i limiti di legge consentiti) delle famigerate pm 10 e del benzo(a)pirene, del paventato rischio di chiusura della sede Arpav di Feltre (occhio non vede..rileva\u2026 cuore non duole??) ma anche della totale apatia degli amministratori verso questo grande rischio che sta correndo la popolazione feltrina.<\/p>\n<p>Ci sono vagonate di documenti, ricerche, analisi che ci informano della pericolosit\u00e0 dell&#8217;esposizione alle polveri sottili e sottilissime, soprattutto per i bambini.<br \/>\nDocumenti dell&#8217; Organizzazione mondiale della sanit\u00e0 (ma anche altri, pi\u00f9 mirati, di istituti di ricerca nazionali) hanno evidenziato che PM10 e altre molecole derivanti dalla combustione sono i maggiori responsabili dell&#8217;incremento progressivo di tumori infantili (in Italia il tasso europeo pi\u00f9 alto: 175 casi all&#8217; anno per milione di abitanti). Come ha ricordato pochi giorni fa il presidente della Commissione ambiente dell&#8217; ordine nazionale dei biologi, &#8220;nel bambino sono immaturi, e quindi inefficienti, i meccanismi di disintossicazione e la barriera tra sangue e cervello. I suoi tessuti, in rapida crescita, sono pi\u00f9 esposti a danni del Dna che portano a malformazioni e tumori. Il suo carico di inquinanti, per\u00f2, \u00e8 pari a quello dell&#8217; adulto&#8221;.<\/p>\n<p>Ma di documenti potremmo citarne a bizzeffe, ormai \u00e8 acclarato il legame \u201cinquinamento e tumori\u201d, soprattutto per quelle patologia (diffusissime nella nostra provincia) che colpiscono polmoni e prime vie respiratorie.<\/p>\n<p>Dinnanzi a tutto ci\u00f2 troviamo sconcertante che alcuni Sindaci ed Amministratori (che ricordiamo sono i massimi responsabili della salute di noi cittadini) non solo non propongano o fanno nulla dinnanzi a una situazione tanto drammatica, ma addirittura auspicano, sperano che vi sia l&#8217;ampliamento o l&#8217;insediamento di qualche nuova fonderia, di un&#8217;industria pesante o magari di un inceneritore..<\/p>\n<p>Purtroppo in un periodo in cui si vogliono semplificare iter autorizzativi, si smantellano enti di controllo, si riducono le verifiche, in cui manca la funzione di coordinamento e organizzazione della Provincia, la nostra salute.. il nostro territorio \u00e8 in mano ai Sindaci.. Certo se guardiamo a come \u00e8 stata gestita e condotta dai nostri Sindaci la questione BIM GSP..o i vari iter autorizzativi per centrali e centraline idroelettriche c&#8217;\u00e8 poco da stare allegri. (Ci sono delle straordinarie eccellenze anche tra i nostri amministratori, ma son delle \u201cmosche bianche\u201d)<\/p>\n<p>Purtroppo, troppo spesso, i nostri Sindaci tendono a voler fare cassa, non valutando appieno l&#8217;impatto che questo o quel progetto avr\u00e0 sulla salute dei cittadini, su territorio e sul paesaggio. Si sbandierano ipotetici posti di lavoro (non valutando tra l&#8217;altro che lavoro e per quanto ci sar\u00e0 quell\u2019ipotetico lavoro)<br \/>\nDinnanzi ad atteggiamenti di questo tipo, a una sempre minor trasparenza e partecipazione nelle decisioni (decidono in pochi chiusi in una stanza), a un atteggiamento di chiusura al confronto e alla condivisione l&#8217;unica vera soluzione forse rimane l&#8217;agire da parte dei cittadini<\/p>\n<p>Noi, nel nostro piccolo abbiamo cercato di costruire questa rete dal basso, legandola non solo al nostro territorio e ai nostri concittadini ma anche, interagendo con altri gruppi di cittadini in Valsugana, nel trevigiano, nel vicentino. Una rete indispensabile per condividere conoscenze, esperienze, pratiche, progettualit\u00e0<br \/>\nGrazie a questa rete siamo riusciti a informare, sensibilizzare, a realizzare analisi, ad avere consulenze e perizie che abbiamo messo a disposizione di tutti nella massima trasparenza.<br \/>\nA tutt&#8217;oggi siamo in contatto con un buon numero di tecnici, laboratori ed esperti che ci supportano nel nostro agire. Indispensabile il loro aiuto per la costruzione di un analisi completa del territorio per avere il cosiddetto \u201cfondo\u201d. Un quadro completo della situazione attuale (pre-insediamento industriale) utile per valutare poi il vero e reale impatto che una fonderia, un&#8217; industria pesante avr\u00e0 sul nostro territorio (e poter agire di conseguenza)<\/p>\n<p>A questa azione di \u201ctutela\u201d abbiamo affiancato anche una serie di iniziative molto propositive e costruttive che hanno dimostrato che ci sono altre strade possibili, alternative alle industrie impattanti. A costo zero per la comunit\u00e0 abbiamo proposto e costruito momenti e progetti legati all&#8217;agricoltura sostenibile. E&#8217; grazie anche a noi se oggi il \u201cfagiolo bonel di Fonzaso\u201d \u00e8 un prodotto agroalimentare tradizionale riconosciuto dalla Regione Veneto (nonostante il disinteresse dell&#8217;Amministrazione Comunale di Fonzaso), se decine di famiglie bellunesi hanno potuto aderire al Gruppo di Acquisto Solidale Fotovoltaico e installare impianti di qualit\u00e0 a costi pi\u00f9 bassi, se il nostro territorio \u00e8 stato inserito in vari itinerari di turismo sostenibile, se sta suscitando sempre pi\u00f9 interesse il visitare la nostra Terra, acquistando o assaporando prodotti tipici e biologici.. ecc..ecc&#8230; (ma potremmo anche parlare di Albergo Diffuso, di G.A.S., di bioedilizia, di mobilit\u00e0 alternativa, di ciclo dei rifiuti, di socialit\u00e0, di gestione dell&#8217;acqua e dei fiumi, di partecipazione, di artigianato&#8230;)<\/p>\n<p>Tutto ci\u00f2 \u00e8 utile, importante anche per stimolare la partecipazione e la presa di consapevolezza nostra e di chi abita questo territorio, ma \u00e8 comunque indispensabile che vi sia un atteggiamento diverso, meno chiuso, pi\u00f9 aperto e meno finalizzato all&#8217;immediato da parte dei Sindaci. Devono essere consapevoli che le loro scelte hanno e avranno delle ricadute molto importanti sul territorio.<br \/>\nSvenderlo per il profitto di pochi, deturparlo per sempre, mettere a repentaglio la salute di noi tutti \u00e8 una grave responsabilit\u00e0 che loro si assumono con scelte che possono risultare avventate.<\/p>\n<p>Noi comunque ci saremo.. mai rassegnati a dover subire scelte calate dall&#8217;alto o cedere al ricatto occupazionale, convinti che la tutela della salute, del territorio e del paesaggio sono fondamentali e prioritari.. che ci sono e si possono costruire (e lo abbiamo dimostrato) valide e concrete alternative.. specialmente in momenti di difficolt\u00e0 come stiamo, purtroppo, attualmente vivendo.<\/p>\n<p>Comitato Pr\u00e0 Gras \u2013 <a href=\"http:\/\/www.pragras.blogspot.com\/\">www.pragras.blogspot.com<\/a><\/p>","protected":false},"excerpt":{"rendered":"<p>L&#8217;immagine \u00e8 la solita.. e vede un uomo seduto alle pendici di uno dei monti che cinge la Vallata Feltrina. Osserva preoccupato quella coltre di \u201cpanna\u201d che quasi tutte le mattine di autunno e inverno copre il fondovalle. La famigerata \u201ccappa\u201d che, a causa dell&#8217;inversione termica, trattiene al suolo polveri e inquinanti.. \u201cl\u00ec sotto si [&hellip;]<\/p>\n","protected":false},"author":2,"featured_media":0,"comment_status":"closed","ping_status":"open","sticky":false,"template":"","format":"standard","meta":{"footnotes":""},"categories":[1,26],"tags":[],"class_list":["post-33537","post","type-post","status-publish","format-standard","category-leo","category-prima-pagina"],"yoast_head":"<!-- This site is optimized with the Yoast SEO plugin v28.4 - https:\/\/yoast.com\/product\/yoast-seo-wordpress\/ -->\n<title>Inquinamento atmosferico: la &quot;cappa&quot; del Feltrino   *  Comitato Pr\u00e0 Gras - Bellunopress - Dolomiti<\/title>\n<meta name=\"robots\" content=\"index, follow, max-snippet:-1, max-image-preview:large, max-video-preview:-1\" \/>\n<link rel=\"canonical\" href=\"https:\/\/www.bellunopress.it\/fr\/2011\/12\/21\/inquinamento-atmosferico-la-cappa-del-feltrino-comitato-pra-gras\/\" \/>\n<meta property=\"og:locale\" content=\"fr_FR\" \/>\n<meta property=\"og:type\" content=\"article\" \/>\n<meta property=\"og:title\" content=\"Inquinamento atmosferico: la &quot;cappa&quot; del Feltrino   *  Comitato Pr\u00e0 Gras - Bellunopress - Dolomiti\" \/>\n<meta property=\"og:description\" content=\"L&#8217;immagine \u00e8 la solita.. e vede un uomo seduto alle pendici di uno dei monti che cinge la Vallata Feltrina. Osserva preoccupato quella coltre di \u201cpanna\u201d che quasi tutte le mattine di autunno e inverno copre il fondovalle. La famigerata \u201ccappa\u201d che, a causa dell&#8217;inversione termica, trattiene al suolo polveri e inquinanti.. \u201cl\u00ec sotto si [&hellip;]\" \/>\n<meta property=\"og:url\" content=\"https:\/\/www.bellunopress.it\/fr\/2011\/12\/21\/inquinamento-atmosferico-la-cappa-del-feltrino-comitato-pra-gras\/\" \/>\n<meta property=\"og:site_name\" content=\"Bellunopress - Dolomiti\" \/>\n<meta property=\"article:publisher\" content=\"https:\/\/www.facebook.com\/profile.php?id=100008943462799\" \/>\n<meta property=\"article:published_time\" content=\"2011-12-21T11:15:58+00:00\" \/>\n<meta property=\"og:image\" content=\"http:\/\/www.bellunopress.it\/wp-content\/uploads\/2009\/01\/inquinamento.jpg\" \/>\n<meta name=\"author\" content=\"redazione\" \/>\n<meta name=\"twitter:card\" content=\"summary_large_image\" \/>\n<meta name=\"twitter:creator\" content=\"@bellunopress\" \/>\n<meta name=\"twitter:site\" content=\"@bellunopress\" \/>\n<meta name=\"twitter:label1\" content=\"Written by\" \/>\n\t<meta name=\"twitter:data1\" content=\"redazione\" \/>\n\t<meta name=\"twitter:label2\" content=\"Est. reading time\" \/>\n\t<meta name=\"twitter:data2\" content=\"5 minutes\" \/>\n<script type=\"application\/ld+json\" class=\"yoast-schema-graph\">{\"@context\":\"https:\\\/\\\/schema.org\",\"@graph\":[{\"@type\":\"Article\",\"@id\":\"https:\\\/\\\/www.bellunopress.it\\\/2011\\\/12\\\/21\\\/inquinamento-atmosferico-la-cappa-del-feltrino-comitato-pra-gras\\\/#article\",\"isPartOf\":{\"@id\":\"https:\\\/\\\/www.bellunopress.it\\\/2011\\\/12\\\/21\\\/inquinamento-atmosferico-la-cappa-del-feltrino-comitato-pra-gras\\\/\"},\"author\":{\"name\":\"redazione\",\"@id\":\"https:\\\/\\\/www.bellunopress.it\\\/#\\\/schema\\\/person\\\/79bb06722b37ece1c03d3e94beb30d73\"},\"headline\":\"Inquinamento atmosferico: la &#8220;cappa&#8221; del Feltrino * Comitato Pr\u00e0 Gras\",\"datePublished\":\"2011-12-21T11:15:58+00:00\",\"mainEntityOfPage\":{\"@id\":\"https:\\\/\\\/www.bellunopress.it\\\/2011\\\/12\\\/21\\\/inquinamento-atmosferico-la-cappa-del-feltrino-comitato-pra-gras\\\/\"},\"wordCount\":1034,\"publisher\":{\"@id\":\"https:\\\/\\\/www.bellunopress.it\\\/#organization\"},\"image\":{\"@id\":\"https:\\\/\\\/www.bellunopress.it\\\/2011\\\/12\\\/21\\\/inquinamento-atmosferico-la-cappa-del-feltrino-comitato-pra-gras\\\/#primaryimage\"},\"thumbnailUrl\":\"http:\\\/\\\/www.bellunopress.it\\\/wp-content\\\/uploads\\\/2009\\\/01\\\/inquinamento.jpg\",\"articleSection\":[\"Lettere Opinioni\",\"Prima Pagina\"],\"inLanguage\":\"fr-FR\"},{\"@type\":\"WebPage\",\"@id\":\"https:\\\/\\\/www.bellunopress.it\\\/2011\\\/12\\\/21\\\/inquinamento-atmosferico-la-cappa-del-feltrino-comitato-pra-gras\\\/\",\"url\":\"https:\\\/\\\/www.bellunopress.it\\\/2011\\\/12\\\/21\\\/inquinamento-atmosferico-la-cappa-del-feltrino-comitato-pra-gras\\\/\",\"name\":\"Inquinamento atmosferico: la \\\"cappa\\\" del Feltrino * Comitato Pr\u00e0 Gras - Bellunopress - Dolomiti\",\"isPartOf\":{\"@id\":\"https:\\\/\\\/www.bellunopress.it\\\/#website\"},\"primaryImageOfPage\":{\"@id\":\"https:\\\/\\\/www.bellunopress.it\\\/2011\\\/12\\\/21\\\/inquinamento-atmosferico-la-cappa-del-feltrino-comitato-pra-gras\\\/#primaryimage\"},\"image\":{\"@id\":\"https:\\\/\\\/www.bellunopress.it\\\/2011\\\/12\\\/21\\\/inquinamento-atmosferico-la-cappa-del-feltrino-comitato-pra-gras\\\/#primaryimage\"},\"thumbnailUrl\":\"http:\\\/\\\/www.bellunopress.it\\\/wp-content\\\/uploads\\\/2009\\\/01\\\/inquinamento.jpg\",\"datePublished\":\"2011-12-21T11:15:58+00:00\",\"breadcrumb\":{\"@id\":\"https:\\\/\\\/www.bellunopress.it\\\/2011\\\/12\\\/21\\\/inquinamento-atmosferico-la-cappa-del-feltrino-comitato-pra-gras\\\/#breadcrumb\"},\"inLanguage\":\"fr-FR\",\"potentialAction\":[{\"@type\":\"ReadAction\",\"target\":[\"https:\\\/\\\/www.bellunopress.it\\\/2011\\\/12\\\/21\\\/inquinamento-atmosferico-la-cappa-del-feltrino-comitato-pra-gras\\\/\"]}]},{\"@type\":\"ImageObject\",\"inLanguage\":\"fr-FR\",\"@id\":\"https:\\\/\\\/www.bellunopress.it\\\/2011\\\/12\\\/21\\\/inquinamento-atmosferico-la-cappa-del-feltrino-comitato-pra-gras\\\/#primaryimage\",\"url\":\"http:\\\/\\\/www.bellunopress.it\\\/wp-content\\\/uploads\\\/2009\\\/01\\\/inquinamento.jpg\",\"contentUrl\":\"http:\\\/\\\/www.bellunopress.it\\\/wp-content\\\/uploads\\\/2009\\\/01\\\/inquinamento.jpg\"},{\"@type\":\"BreadcrumbList\",\"@id\":\"https:\\\/\\\/www.bellunopress.it\\\/2011\\\/12\\\/21\\\/inquinamento-atmosferico-la-cappa-del-feltrino-comitato-pra-gras\\\/#breadcrumb\",\"itemListElement\":[{\"@type\":\"ListItem\",\"position\":1,\"name\":\"Home\",\"item\":\"https:\\\/\\\/www.bellunopress.it\\\/\"},{\"@type\":\"ListItem\",\"position\":2,\"name\":\"Inquinamento atmosferico: la &#8220;cappa&#8221; del Feltrino * Comitato Pr\u00e0 Gras\"}]},{\"@type\":\"WebSite\",\"@id\":\"https:\\\/\\\/www.bellunopress.it\\\/#website\",\"url\":\"https:\\\/\\\/www.bellunopress.it\\\/\",\"name\":\"Bellunopress - Dolomiti\",\"description\":\"e-mail: redazione@bellunopress.it\",\"publisher\":{\"@id\":\"https:\\\/\\\/www.bellunopress.it\\\/#organization\"},\"potentialAction\":[{\"@type\":\"SearchAction\",\"target\":{\"@type\":\"EntryPoint\",\"urlTemplate\":\"https:\\\/\\\/www.bellunopress.it\\\/?s={search_term_string}\"},\"query-input\":{\"@type\":\"PropertyValueSpecification\",\"valueRequired\":true,\"valueName\":\"search_term_string\"}}],\"inLanguage\":\"fr-FR\"},{\"@type\":\"Organization\",\"@id\":\"https:\\\/\\\/www.bellunopress.it\\\/#organization\",\"name\":\"Bellunopress\",\"url\":\"https:\\\/\\\/www.bellunopress.it\\\/\",\"logo\":{\"@type\":\"ImageObject\",\"inLanguage\":\"fr-FR\",\"@id\":\"https:\\\/\\\/www.bellunopress.it\\\/#\\\/schema\\\/logo\\\/image\\\/\",\"url\":\"https:\\\/\\\/www.bellunopress.it\\\/wp-content\\\/uploads\\\/2011\\\/05\\\/cropped-logo-bellunopress-.jpg\",\"contentUrl\":\"https:\\\/\\\/www.bellunopress.it\\\/wp-content\\\/uploads\\\/2011\\\/05\\\/cropped-logo-bellunopress-.jpg\",\"width\":512,\"height\":512,\"caption\":\"Bellunopress\"},\"image\":{\"@id\":\"https:\\\/\\\/www.bellunopress.it\\\/#\\\/schema\\\/logo\\\/image\\\/\"},\"sameAs\":[\"https:\\\/\\\/www.facebook.com\\\/profile.php?id=100008943462799\",\"https:\\\/\\\/x.com\\\/bellunopress\",\"https:\\\/\\\/www.linkedin.com\\\/hp\\\/?dnr=JBzUWaJfMUw8vbXJJ2tVW5-I3jZKvC4wsoxE&amp;amp;amp;amp;amp;amp;trk=nav_responsive_tab_home\",\"https:\\\/\\\/www.youtube.com\\\/channel\\\/UCxL0wu1uN0_3_7hGG0306cw\"]},{\"@type\":\"Person\",\"@id\":\"https:\\\/\\\/www.bellunopress.it\\\/#\\\/schema\\\/person\\\/79bb06722b37ece1c03d3e94beb30d73\",\"name\":\"redazione\",\"image\":{\"@type\":\"ImageObject\",\"inLanguage\":\"fr-FR\",\"@id\":\"https:\\\/\\\/secure.gravatar.com\\\/avatar\\\/37d968a2e67a6fd04c169c4bdef102d0bc5d31b2546345219e348575eb80e9a0?s=96&d=mm&r=g\",\"url\":\"https:\\\/\\\/secure.gravatar.com\\\/avatar\\\/37d968a2e67a6fd04c169c4bdef102d0bc5d31b2546345219e348575eb80e9a0?s=96&d=mm&r=g\",\"contentUrl\":\"https:\\\/\\\/secure.gravatar.com\\\/avatar\\\/37d968a2e67a6fd04c169c4bdef102d0bc5d31b2546345219e348575eb80e9a0?s=96&d=mm&r=g\",\"caption\":\"redazione\"},\"sameAs\":[\"http:\\\/\\\/www.bellunopress.it\",\"https:\\\/\\\/x.com\\\/bellunopress\"],\"url\":\"https:\\\/\\\/www.bellunopress.it\\\/fr\\\/author\\\/redazione\\\/\"}]}<\/script>\n<!-- \/ Yoast SEO plugin. -->","yoast_head_json":{"title":"Inquinamento atmosferico: la \"cappa\" del Feltrino   *  Comitato Pr\u00e0 Gras - Bellunopress - Dolomiti","robots":{"index":"index","follow":"follow","max-snippet":"max-snippet:-1","max-image-preview":"max-image-preview:large","max-video-preview":"max-video-preview:-1"},"canonical":"https:\/\/www.bellunopress.it\/fr\/2011\/12\/21\/inquinamento-atmosferico-la-cappa-del-feltrino-comitato-pra-gras\/","og_locale":"fr_FR","og_type":"article","og_title":"Inquinamento atmosferico: la \"cappa\" del Feltrino   *  Comitato Pr\u00e0 Gras - Bellunopress - Dolomiti","og_description":"L&#8217;immagine \u00e8 la solita.. e vede un uomo seduto alle pendici di uno dei monti che cinge la Vallata Feltrina. Osserva preoccupato quella coltre di \u201cpanna\u201d che quasi tutte le mattine di autunno e inverno copre il fondovalle. La famigerata \u201ccappa\u201d che, a causa dell&#8217;inversione termica, trattiene al suolo polveri e inquinanti.. \u201cl\u00ec sotto si [&hellip;]","og_url":"https:\/\/www.bellunopress.it\/fr\/2011\/12\/21\/inquinamento-atmosferico-la-cappa-del-feltrino-comitato-pra-gras\/","og_site_name":"Bellunopress - Dolomiti","article_publisher":"https:\/\/www.facebook.com\/profile.php?id=100008943462799","article_published_time":"2011-12-21T11:15:58+00:00","og_image":[{"url":"http:\/\/www.bellunopress.it\/wp-content\/uploads\/2009\/01\/inquinamento.jpg","type":"","width":"","height":""}],"author":"redazione","twitter_card":"summary_large_image","twitter_creator":"@bellunopress","twitter_site":"@bellunopress","twitter_misc":{"Written by":"redazione","Est. reading time":"5 minutes"},"schema":{"@context":"https:\/\/schema.org","@graph":[{"@type":"Article","@id":"https:\/\/www.bellunopress.it\/2011\/12\/21\/inquinamento-atmosferico-la-cappa-del-feltrino-comitato-pra-gras\/#article","isPartOf":{"@id":"https:\/\/www.bellunopress.it\/2011\/12\/21\/inquinamento-atmosferico-la-cappa-del-feltrino-comitato-pra-gras\/"},"author":{"name":"redazione","@id":"https:\/\/www.bellunopress.it\/#\/schema\/person\/79bb06722b37ece1c03d3e94beb30d73"},"headline":"Inquinamento atmosferico: la &#8220;cappa&#8221; del Feltrino * Comitato Pr\u00e0 Gras","datePublished":"2011-12-21T11:15:58+00:00","mainEntityOfPage":{"@id":"https:\/\/www.bellunopress.it\/2011\/12\/21\/inquinamento-atmosferico-la-cappa-del-feltrino-comitato-pra-gras\/"},"wordCount":1034,"publisher":{"@id":"https:\/\/www.bellunopress.it\/#organization"},"image":{"@id":"https:\/\/www.bellunopress.it\/2011\/12\/21\/inquinamento-atmosferico-la-cappa-del-feltrino-comitato-pra-gras\/#primaryimage"},"thumbnailUrl":"http:\/\/www.bellunopress.it\/wp-content\/uploads\/2009\/01\/inquinamento.jpg","articleSection":["Lettere Opinioni","Prima Pagina"],"inLanguage":"fr-FR"},{"@type":"WebPage","@id":"https:\/\/www.bellunopress.it\/2011\/12\/21\/inquinamento-atmosferico-la-cappa-del-feltrino-comitato-pra-gras\/","url":"https:\/\/www.bellunopress.it\/2011\/12\/21\/inquinamento-atmosferico-la-cappa-del-feltrino-comitato-pra-gras\/","name":"Inquinamento atmosferico: la \"cappa\" del Feltrino * Comitato Pr\u00e0 Gras - Bellunopress - Dolomiti","isPartOf":{"@id":"https:\/\/www.bellunopress.it\/#website"},"primaryImageOfPage":{"@id":"https:\/\/www.bellunopress.it\/2011\/12\/21\/inquinamento-atmosferico-la-cappa-del-feltrino-comitato-pra-gras\/#primaryimage"},"image":{"@id":"https:\/\/www.bellunopress.it\/2011\/12\/21\/inquinamento-atmosferico-la-cappa-del-feltrino-comitato-pra-gras\/#primaryimage"},"thumbnailUrl":"http:\/\/www.bellunopress.it\/wp-content\/uploads\/2009\/01\/inquinamento.jpg","datePublished":"2011-12-21T11:15:58+00:00","breadcrumb":{"@id":"https:\/\/www.bellunopress.it\/2011\/12\/21\/inquinamento-atmosferico-la-cappa-del-feltrino-comitato-pra-gras\/#breadcrumb"},"inLanguage":"fr-FR","potentialAction":[{"@type":"ReadAction","target":["https:\/\/www.bellunopress.it\/2011\/12\/21\/inquinamento-atmosferico-la-cappa-del-feltrino-comitato-pra-gras\/"]}]},{"@type":"ImageObject","inLanguage":"fr-FR","@id":"https:\/\/www.bellunopress.it\/2011\/12\/21\/inquinamento-atmosferico-la-cappa-del-feltrino-comitato-pra-gras\/#primaryimage","url":"http:\/\/www.bellunopress.it\/wp-content\/uploads\/2009\/01\/inquinamento.jpg","contentUrl":"http:\/\/www.bellunopress.it\/wp-content\/uploads\/2009\/01\/inquinamento.jpg"},{"@type":"BreadcrumbList","@id":"https:\/\/www.bellunopress.it\/2011\/12\/21\/inquinamento-atmosferico-la-cappa-del-feltrino-comitato-pra-gras\/#breadcrumb","itemListElement":[{"@type":"ListItem","position":1,"name":"Home","item":"https:\/\/www.bellunopress.it\/"},{"@type":"ListItem","position":2,"name":"Inquinamento atmosferico: la &#8220;cappa&#8221; del Feltrino * Comitato Pr\u00e0 Gras"}]},{"@type":"WebSite","@id":"https:\/\/www.bellunopress.it\/#website","url":"https:\/\/www.bellunopress.it\/","name":"Bellunopress - Dolomiti","description":"e-mail: redazione@bellunopress.it","publisher":{"@id":"https:\/\/www.bellunopress.it\/#organization"},"potentialAction":[{"@type":"SearchAction","target":{"@type":"EntryPoint","urlTemplate":"https:\/\/www.bellunopress.it\/?s={search_term_string}"},"query-input":{"@type":"PropertyValueSpecification","valueRequired":true,"valueName":"search_term_string"}}],"inLanguage":"fr-FR"},{"@type":"Organization","@id":"https:\/\/www.bellunopress.it\/#organization","name":"Bellunopress","url":"https:\/\/www.bellunopress.it\/","logo":{"@type":"ImageObject","inLanguage":"fr-FR","@id":"https:\/\/www.bellunopress.it\/#\/schema\/logo\/image\/","url":"https:\/\/www.bellunopress.it\/wp-content\/uploads\/2011\/05\/cropped-logo-bellunopress-.jpg","contentUrl":"https:\/\/www.bellunopress.it\/wp-content\/uploads\/2011\/05\/cropped-logo-bellunopress-.jpg","width":512,"height":512,"caption":"Bellunopress"},"image":{"@id":"https:\/\/www.bellunopress.it\/#\/schema\/logo\/image\/"},"sameAs":["https:\/\/www.facebook.com\/profile.php?id=100008943462799","https:\/\/x.com\/bellunopress","https:\/\/www.linkedin.com\/hp\/?dnr=JBzUWaJfMUw8vbXJJ2tVW5-I3jZKvC4wsoxE&amp;amp;amp;amp;amp;amp;trk=nav_responsive_tab_home","https:\/\/www.youtube.com\/channel\/UCxL0wu1uN0_3_7hGG0306cw"]},{"@type":"Person","@id":"https:\/\/www.bellunopress.it\/#\/schema\/person\/79bb06722b37ece1c03d3e94beb30d73","name":"r\u00e9daction","image":{"@type":"ImageObject","inLanguage":"fr-FR","@id":"https:\/\/secure.gravatar.com\/avatar\/37d968a2e67a6fd04c169c4bdef102d0bc5d31b2546345219e348575eb80e9a0?s=96&d=mm&r=g","url":"https:\/\/secure.gravatar.com\/avatar\/37d968a2e67a6fd04c169c4bdef102d0bc5d31b2546345219e348575eb80e9a0?s=96&d=mm&r=g","contentUrl":"https:\/\/secure.gravatar.com\/avatar\/37d968a2e67a6fd04c169c4bdef102d0bc5d31b2546345219e348575eb80e9a0?s=96&d=mm&r=g","caption":"redazione"},"sameAs":["http:\/\/www.bellunopress.it","https:\/\/x.com\/bellunopress"],"url":"https:\/\/www.bellunopress.it\/fr\/author\/redazione\/"}]}},"_links":{"self":[{"href":"https:\/\/www.bellunopress.it\/fr\/wp-json\/wp\/v2\/posts\/33537","targetHints":{"allow":["GET"]}}],"collection":[{"href":"https:\/\/www.bellunopress.it\/fr\/wp-json\/wp\/v2\/posts"}],"about":[{"href":"https:\/\/www.bellunopress.it\/fr\/wp-json\/wp\/v2\/types\/post"}],"author":[{"embeddable":true,"href":"https:\/\/www.bellunopress.it\/fr\/wp-json\/wp\/v2\/users\/2"}],"replies":[{"embeddable":true,"href":"https:\/\/www.bellunopress.it\/fr\/wp-json\/wp\/v2\/comments?post=33537"}],"version-history":[{"count":2,"href":"https:\/\/www.bellunopress.it\/fr\/wp-json\/wp\/v2\/posts\/33537\/revisions"}],"predecessor-version":[{"id":33539,"href":"https:\/\/www.bellunopress.it\/fr\/wp-json\/wp\/v2\/posts\/33537\/revisions\/33539"}],"wp:attachment":[{"href":"https:\/\/www.bellunopress.it\/fr\/wp-json\/wp\/v2\/media?parent=33537"}],"wp:term":[{"taxonomy":"category","embeddable":true,"href":"https:\/\/www.bellunopress.it\/fr\/wp-json\/wp\/v2\/categories?post=33537"},{"taxonomy":"post_tag","embeddable":true,"href":"https:\/\/www.bellunopress.it\/fr\/wp-json\/wp\/v2\/tags?post=33537"}],"curies":[{"name":"wp","href":"https:\/\/api.w.org\/{rel}","templated":true}]}}