{"id":33526,"date":"2011-12-20T18:11:30","date_gmt":"2011-12-20T17:11:30","guid":{"rendered":"http:\/\/www.bellunopress.it\/?p=33526"},"modified":"2011-12-20T18:11:30","modified_gmt":"2011-12-20T17:11:30","slug":"ritardi-nei-pagamenti-walter-capraro-serve-un-patto-di-civilta-e-una-legge","status":"publish","type":"post","link":"https:\/\/www.bellunopress.it\/fr\/2011\/12\/20\/ritardi-nei-pagamenti-walter-capraro-serve-un-patto-di-civilta-e-una-legge\/","title":{"rendered":"Ritardi nei pagamenti. Walter Capraro: \u201cServe un patto di civilt\u00e0&#8230; e una legge\u201d"},"content":{"rendered":"<figure id=\"attachment_21263\" aria-describedby=\"caption-attachment-21263\" style=\"width: 121px\" class=\"wp-caption alignleft\"><a href=\"http:\/\/www.bellunopress.it\/wp-content\/uploads\/2010\/11\/walter-capraro-140x120.jpg\"><img loading=\"lazy\" decoding=\"async\" class=\"size-full wp-image-21263\" title=\"walter-capraro-140x120\" src=\"http:\/\/www.bellunopress.it\/wp-content\/uploads\/2010\/11\/walter-capraro-140x120.jpg\" alt=\"\" width=\"121\" height=\"140\" \/><\/a><figcaption id=\"caption-attachment-21263\" class=\"wp-caption-text\">Walter Capraro<\/figcaption><\/figure>\n<p>Grandi imprese, pubblica amministrazione e privati sono ormai tutti pessimi pagatori. Per le piccole imprese un costo aggiuntivo del 16,2%. Serve recepire la direttiva comunitaria sui pagamenti al pi\u00f9 presto. I tempi medi di pagamento sono aumentati quest\u2019anno di 46 giorni ed \u00e8 cos\u00ec che per incassare un credito le piccole aziende bellunesi devono aspettare mediamente 137 giorni. La situazione si \u00e8 aggravata meno nel manifatturiero, mentre \u00e8 peggiorata in maniera significativa per le aziende di servizi alle imprese e soprattutto per l\u2019edilizia, che in media aspettano pi\u00f9 di cinque mesi per essere pagate. \u201cPer prime hanno cominciato ad allungare i tempi le grandi imprese e la pubblica amministrazione, con in prima fila la sanit\u00e0 e gli enti locali &#8211; dice Walter Capraro, direttore dell\u2019Unione Artigiani e Piccola Industria. Nel caso della sanit\u00e0, \u00e8 bene sapere che nel Nord-Est l\u2019incidenza dei debiti verso i fornitori rispetto al debito pubblico \u00e8 pari al 79%, ed \u00e8 la peggiore d\u2019Italia: vuol dire che qui il debito lo scontano le aziende. Ma negli ultimi mesi i peggiori pagatori si stanno dimostrando soprattutto i privati. La situazione di maggiore difficolt\u00e0 delle famiglie e le incertezze nel mercato del lavoro possono essere una causa oggettiva di questi ritardi, ma va anche detto che, in parecchi casi, non pagare \u00e8 frutto di un comportamento scorretto e irrispettoso\u201d. Il riferimento \u00e8 a quei privati che non rinunciano ad avviare lavori nonostante non dispongano dei mezzi finanziari e a quelli che pensano che i piccoli imprenditori guadagnino tanto (e in nero) e sia pertanto giusto far loro sospirare i pagamenti. \u201cE\u2019 una manifestazione del degrado morale in cui siamo piombati &#8211; dice Capraro &#8211; che ci impedisce di distinguere tra diritti e sopraffazioni, tra doveri e privilegi. Il privato che non paga perch\u00e9 considera il piccolo artigiano un evasore fisiologico si sostituisce al giudice tributario e condanna il suo interlocutore a una pena ingiusta: procurarsi il danaro dalle banche con costi aggiuntivi che annullano il legittimo guadagno del suo lavoro. Per il sistema bellunese delle imprese questo si traduce in un incremento dei costi del 16,2% ed \u00e8 certo che ha concorso a portare a quota 800 il numero dei lavoratori interessati dalle richieste di cassa integrazione presentate quest\u2019anno\u201d. L\u2019appello lanciato qualche giorno fa dalle imprese venete &#8211; dopo che il cinquantesimo imprenditore dall\u2019inizio della crisi si \u00e8 tolto la vita nel Nord-Est &#8211; per un rapido recepimento della normativa comunitaria in tema di pagamenti \u00e8 un segnale chiaro di cosa debbano fare governo e parlamento nelle prossime settimane. \u201cBasterebbero due dati a convincere la politica: il primo \u00e8 che la Corte dei Conti ha accertato una correlazione diretta tra regolarit\u00e0 fiscale e puntualit\u00e0 nei pagamenti da parte della P.A. &#8211; dice il Direttore di UAPI. Il secondo \u00e8 che in Italia ci vogliono in media 1.210 giorni per tutelare un contratto, ossia 1 anno 10 mesi e 27 giorni in pi\u00f9 rispetto alla media dei paesi avanzati e il fatto che uno strumento alternativo quale la mediazione civile sia stato sostanzialmente boicottato la dice lunga su quale sia il livello di civilt\u00e0 giuridica in questo Paese\u201d.<\/p>","protected":false},"excerpt":{"rendered":"<p>Grandi imprese, pubblica amministrazione e privati sono ormai tutti pessimi pagatori. Per le piccole imprese un costo aggiuntivo del 16,2%. Serve recepire la direttiva comunitaria sui pagamenti al pi\u00f9 presto. I tempi medi di pagamento sono aumentati quest\u2019anno di 46 giorni ed \u00e8 cos\u00ec che per incassare un credito le piccole aziende bellunesi devono aspettare [&hellip;]<\/p>\n","protected":false},"author":2,"featured_media":0,"comment_status":"closed","ping_status":"open","sticky":false,"template":"","format":"standard","meta":{"footnotes":""},"categories":[36,26],"tags":[],"class_list":["post-33526","post","type-post","status-publish","format-standard","category-lavoro-economia","category-prima-pagina"],"yoast_head":"<!-- This site is optimized with the Yoast SEO plugin v28.4 - https:\/\/yoast.com\/product\/yoast-seo-wordpress\/ -->\n<title>Ritardi nei pagamenti. Walter Capraro: \u201cServe un patto di civilt\u00e0... e una legge\u201d - Bellunopress - Dolomiti<\/title>\n<meta name=\"robots\" content=\"index, follow, max-snippet:-1, max-image-preview:large, max-video-preview:-1\" \/>\n<link rel=\"canonical\" href=\"https:\/\/www.bellunopress.it\/fr\/2011\/12\/20\/ritardi-nei-pagamenti-walter-capraro-serve-un-patto-di-civilta-e-una-legge\/\" \/>\n<meta property=\"og:locale\" content=\"fr_FR\" \/>\n<meta property=\"og:type\" content=\"article\" \/>\n<meta property=\"og:title\" content=\"Ritardi nei pagamenti. Walter Capraro: \u201cServe un patto di civilt\u00e0... e una legge\u201d - Bellunopress - Dolomiti\" \/>\n<meta property=\"og:description\" content=\"Grandi imprese, pubblica amministrazione e privati sono ormai tutti pessimi pagatori. Per le piccole imprese un costo aggiuntivo del 16,2%. Serve recepire la direttiva comunitaria sui pagamenti al pi\u00f9 presto. I tempi medi di pagamento sono aumentati quest\u2019anno di 46 giorni ed \u00e8 cos\u00ec che per incassare un credito le piccole aziende bellunesi devono aspettare [&hellip;]\" \/>\n<meta property=\"og:url\" content=\"https:\/\/www.bellunopress.it\/fr\/2011\/12\/20\/ritardi-nei-pagamenti-walter-capraro-serve-un-patto-di-civilta-e-una-legge\/\" \/>\n<meta property=\"og:site_name\" content=\"Bellunopress - Dolomiti\" \/>\n<meta property=\"article:publisher\" content=\"https:\/\/www.facebook.com\/profile.php?id=100008943462799\" \/>\n<meta property=\"article:published_time\" content=\"2011-12-20T17:11:30+00:00\" \/>\n<meta property=\"og:image\" content=\"http:\/\/www.bellunopress.it\/wp-content\/uploads\/2010\/11\/walter-capraro-140x120.jpg\" \/>\n<meta name=\"author\" content=\"redazione\" \/>\n<meta name=\"twitter:card\" content=\"summary_large_image\" \/>\n<meta name=\"twitter:creator\" content=\"@bellunopress\" \/>\n<meta name=\"twitter:site\" content=\"@bellunopress\" \/>\n<meta name=\"twitter:label1\" content=\"\u00c9crit par\" \/>\n\t<meta name=\"twitter:data1\" content=\"redazione\" \/>\n\t<meta name=\"twitter:label2\" content=\"Dur\u00e9e de lecture estim\u00e9e\" \/>\n\t<meta name=\"twitter:data2\" content=\"3 minutes\" \/>\n<script type=\"application\/ld+json\" class=\"yoast-schema-graph\">{\"@context\":\"https:\\\/\\\/schema.org\",\"@graph\":[{\"@type\":\"Article\",\"@id\":\"https:\\\/\\\/www.bellunopress.it\\\/2011\\\/12\\\/20\\\/ritardi-nei-pagamenti-walter-capraro-serve-un-patto-di-civilta-e-una-legge\\\/#article\",\"isPartOf\":{\"@id\":\"https:\\\/\\\/www.bellunopress.it\\\/2011\\\/12\\\/20\\\/ritardi-nei-pagamenti-walter-capraro-serve-un-patto-di-civilta-e-una-legge\\\/\"},\"author\":{\"name\":\"redazione\",\"@id\":\"https:\\\/\\\/www.bellunopress.it\\\/#\\\/schema\\\/person\\\/79bb06722b37ece1c03d3e94beb30d73\"},\"headline\":\"Ritardi nei pagamenti. Walter Capraro: \u201cServe un patto di civilt\u00e0&#8230; e una legge\u201d\",\"datePublished\":\"2011-12-20T17:11:30+00:00\",\"mainEntityOfPage\":{\"@id\":\"https:\\\/\\\/www.bellunopress.it\\\/2011\\\/12\\\/20\\\/ritardi-nei-pagamenti-walter-capraro-serve-un-patto-di-civilta-e-una-legge\\\/\"},\"wordCount\":528,\"publisher\":{\"@id\":\"https:\\\/\\\/www.bellunopress.it\\\/#organization\"},\"image\":{\"@id\":\"https:\\\/\\\/www.bellunopress.it\\\/2011\\\/12\\\/20\\\/ritardi-nei-pagamenti-walter-capraro-serve-un-patto-di-civilta-e-una-legge\\\/#primaryimage\"},\"thumbnailUrl\":\"http:\\\/\\\/www.bellunopress.it\\\/wp-content\\\/uploads\\\/2010\\\/11\\\/walter-capraro-140x120.jpg\",\"articleSection\":[\"Lavoro, Economia, Turismo\",\"Prima Pagina\"],\"inLanguage\":\"fr-FR\"},{\"@type\":\"WebPage\",\"@id\":\"https:\\\/\\\/www.bellunopress.it\\\/2011\\\/12\\\/20\\\/ritardi-nei-pagamenti-walter-capraro-serve-un-patto-di-civilta-e-una-legge\\\/\",\"url\":\"https:\\\/\\\/www.bellunopress.it\\\/2011\\\/12\\\/20\\\/ritardi-nei-pagamenti-walter-capraro-serve-un-patto-di-civilta-e-una-legge\\\/\",\"name\":\"Ritardi nei pagamenti. Walter Capraro: \u201cServe un patto di civilt\u00e0... e una legge\u201d - Bellunopress - Dolomiti\",\"isPartOf\":{\"@id\":\"https:\\\/\\\/www.bellunopress.it\\\/#website\"},\"primaryImageOfPage\":{\"@id\":\"https:\\\/\\\/www.bellunopress.it\\\/2011\\\/12\\\/20\\\/ritardi-nei-pagamenti-walter-capraro-serve-un-patto-di-civilta-e-una-legge\\\/#primaryimage\"},\"image\":{\"@id\":\"https:\\\/\\\/www.bellunopress.it\\\/2011\\\/12\\\/20\\\/ritardi-nei-pagamenti-walter-capraro-serve-un-patto-di-civilta-e-una-legge\\\/#primaryimage\"},\"thumbnailUrl\":\"http:\\\/\\\/www.bellunopress.it\\\/wp-content\\\/uploads\\\/2010\\\/11\\\/walter-capraro-140x120.jpg\",\"datePublished\":\"2011-12-20T17:11:30+00:00\",\"breadcrumb\":{\"@id\":\"https:\\\/\\\/www.bellunopress.it\\\/2011\\\/12\\\/20\\\/ritardi-nei-pagamenti-walter-capraro-serve-un-patto-di-civilta-e-una-legge\\\/#breadcrumb\"},\"inLanguage\":\"fr-FR\",\"potentialAction\":[{\"@type\":\"ReadAction\",\"target\":[\"https:\\\/\\\/www.bellunopress.it\\\/2011\\\/12\\\/20\\\/ritardi-nei-pagamenti-walter-capraro-serve-un-patto-di-civilta-e-una-legge\\\/\"]}]},{\"@type\":\"ImageObject\",\"inLanguage\":\"fr-FR\",\"@id\":\"https:\\\/\\\/www.bellunopress.it\\\/2011\\\/12\\\/20\\\/ritardi-nei-pagamenti-walter-capraro-serve-un-patto-di-civilta-e-una-legge\\\/#primaryimage\",\"url\":\"http:\\\/\\\/www.bellunopress.it\\\/wp-content\\\/uploads\\\/2010\\\/11\\\/walter-capraro-140x120.jpg\",\"contentUrl\":\"http:\\\/\\\/www.bellunopress.it\\\/wp-content\\\/uploads\\\/2010\\\/11\\\/walter-capraro-140x120.jpg\"},{\"@type\":\"BreadcrumbList\",\"@id\":\"https:\\\/\\\/www.bellunopress.it\\\/2011\\\/12\\\/20\\\/ritardi-nei-pagamenti-walter-capraro-serve-un-patto-di-civilta-e-una-legge\\\/#breadcrumb\",\"itemListElement\":[{\"@type\":\"ListItem\",\"position\":1,\"name\":\"Home\",\"item\":\"https:\\\/\\\/www.bellunopress.it\\\/\"},{\"@type\":\"ListItem\",\"position\":2,\"name\":\"Ritardi nei pagamenti. Walter Capraro: \u201cServe un patto di civilt\u00e0&#8230; e una legge\u201d\"}]},{\"@type\":\"WebSite\",\"@id\":\"https:\\\/\\\/www.bellunopress.it\\\/#website\",\"url\":\"https:\\\/\\\/www.bellunopress.it\\\/\",\"name\":\"Bellunopress - Dolomiti\",\"description\":\"e-mail: redazione@bellunopress.it\",\"publisher\":{\"@id\":\"https:\\\/\\\/www.bellunopress.it\\\/#organization\"},\"potentialAction\":[{\"@type\":\"SearchAction\",\"target\":{\"@type\":\"EntryPoint\",\"urlTemplate\":\"https:\\\/\\\/www.bellunopress.it\\\/?s={search_term_string}\"},\"query-input\":{\"@type\":\"PropertyValueSpecification\",\"valueRequired\":true,\"valueName\":\"search_term_string\"}}],\"inLanguage\":\"fr-FR\"},{\"@type\":\"Organization\",\"@id\":\"https:\\\/\\\/www.bellunopress.it\\\/#organization\",\"name\":\"Bellunopress\",\"url\":\"https:\\\/\\\/www.bellunopress.it\\\/\",\"logo\":{\"@type\":\"ImageObject\",\"inLanguage\":\"fr-FR\",\"@id\":\"https:\\\/\\\/www.bellunopress.it\\\/#\\\/schema\\\/logo\\\/image\\\/\",\"url\":\"https:\\\/\\\/www.bellunopress.it\\\/wp-content\\\/uploads\\\/2011\\\/05\\\/cropped-logo-bellunopress-.jpg\",\"contentUrl\":\"https:\\\/\\\/www.bellunopress.it\\\/wp-content\\\/uploads\\\/2011\\\/05\\\/cropped-logo-bellunopress-.jpg\",\"width\":512,\"height\":512,\"caption\":\"Bellunopress\"},\"image\":{\"@id\":\"https:\\\/\\\/www.bellunopress.it\\\/#\\\/schema\\\/logo\\\/image\\\/\"},\"sameAs\":[\"https:\\\/\\\/www.facebook.com\\\/profile.php?id=100008943462799\",\"https:\\\/\\\/x.com\\\/bellunopress\",\"https:\\\/\\\/www.linkedin.com\\\/hp\\\/?dnr=JBzUWaJfMUw8vbXJJ2tVW5-I3jZKvC4wsoxE&amp;amp;amp;amp;amp;amp;trk=nav_responsive_tab_home\",\"https:\\\/\\\/www.youtube.com\\\/channel\\\/UCxL0wu1uN0_3_7hGG0306cw\"]},{\"@type\":\"Person\",\"@id\":\"https:\\\/\\\/www.bellunopress.it\\\/#\\\/schema\\\/person\\\/79bb06722b37ece1c03d3e94beb30d73\",\"name\":\"redazione\",\"image\":{\"@type\":\"ImageObject\",\"inLanguage\":\"fr-FR\",\"@id\":\"https:\\\/\\\/secure.gravatar.com\\\/avatar\\\/37d968a2e67a6fd04c169c4bdef102d0bc5d31b2546345219e348575eb80e9a0?s=96&d=mm&r=g\",\"url\":\"https:\\\/\\\/secure.gravatar.com\\\/avatar\\\/37d968a2e67a6fd04c169c4bdef102d0bc5d31b2546345219e348575eb80e9a0?s=96&d=mm&r=g\",\"contentUrl\":\"https:\\\/\\\/secure.gravatar.com\\\/avatar\\\/37d968a2e67a6fd04c169c4bdef102d0bc5d31b2546345219e348575eb80e9a0?s=96&d=mm&r=g\",\"caption\":\"redazione\"},\"sameAs\":[\"http:\\\/\\\/www.bellunopress.it\",\"https:\\\/\\\/x.com\\\/bellunopress\"],\"url\":\"https:\\\/\\\/www.bellunopress.it\\\/fr\\\/author\\\/redazione\\\/\"}]}<\/script>\n<!-- \/ Yoast SEO plugin. -->","yoast_head_json":{"title":"Ritardi nei pagamenti. Walter Capraro: \u201cServe un patto di civilt\u00e0... e una legge\u201d - Bellunopress - Dolomiti","robots":{"index":"index","follow":"follow","max-snippet":"max-snippet:-1","max-image-preview":"max-image-preview:large","max-video-preview":"max-video-preview:-1"},"canonical":"https:\/\/www.bellunopress.it\/fr\/2011\/12\/20\/ritardi-nei-pagamenti-walter-capraro-serve-un-patto-di-civilta-e-una-legge\/","og_locale":"fr_FR","og_type":"article","og_title":"Ritardi nei pagamenti. Walter Capraro: \u201cServe un patto di civilt\u00e0... e una legge\u201d - Bellunopress - Dolomiti","og_description":"Grandi imprese, pubblica amministrazione e privati sono ormai tutti pessimi pagatori. Per le piccole imprese un costo aggiuntivo del 16,2%. Serve recepire la direttiva comunitaria sui pagamenti al pi\u00f9 presto. I tempi medi di pagamento sono aumentati quest\u2019anno di 46 giorni ed \u00e8 cos\u00ec che per incassare un credito le piccole aziende bellunesi devono aspettare [&hellip;]","og_url":"https:\/\/www.bellunopress.it\/fr\/2011\/12\/20\/ritardi-nei-pagamenti-walter-capraro-serve-un-patto-di-civilta-e-una-legge\/","og_site_name":"Bellunopress - Dolomiti","article_publisher":"https:\/\/www.facebook.com\/profile.php?id=100008943462799","article_published_time":"2011-12-20T17:11:30+00:00","og_image":[{"url":"http:\/\/www.bellunopress.it\/wp-content\/uploads\/2010\/11\/walter-capraro-140x120.jpg","type":"","width":"","height":""}],"author":"redazione","twitter_card":"summary_large_image","twitter_creator":"@bellunopress","twitter_site":"@bellunopress","twitter_misc":{"\u00c9crit par":"redazione","Dur\u00e9e de lecture estim\u00e9e":"3 minutes"},"schema":{"@context":"https:\/\/schema.org","@graph":[{"@type":"Article","@id":"https:\/\/www.bellunopress.it\/2011\/12\/20\/ritardi-nei-pagamenti-walter-capraro-serve-un-patto-di-civilta-e-una-legge\/#article","isPartOf":{"@id":"https:\/\/www.bellunopress.it\/2011\/12\/20\/ritardi-nei-pagamenti-walter-capraro-serve-un-patto-di-civilta-e-una-legge\/"},"author":{"name":"redazione","@id":"https:\/\/www.bellunopress.it\/#\/schema\/person\/79bb06722b37ece1c03d3e94beb30d73"},"headline":"Ritardi nei pagamenti. Walter Capraro: \u201cServe un patto di civilt\u00e0&#8230; e una legge\u201d","datePublished":"2011-12-20T17:11:30+00:00","mainEntityOfPage":{"@id":"https:\/\/www.bellunopress.it\/2011\/12\/20\/ritardi-nei-pagamenti-walter-capraro-serve-un-patto-di-civilta-e-una-legge\/"},"wordCount":528,"publisher":{"@id":"https:\/\/www.bellunopress.it\/#organization"},"image":{"@id":"https:\/\/www.bellunopress.it\/2011\/12\/20\/ritardi-nei-pagamenti-walter-capraro-serve-un-patto-di-civilta-e-una-legge\/#primaryimage"},"thumbnailUrl":"http:\/\/www.bellunopress.it\/wp-content\/uploads\/2010\/11\/walter-capraro-140x120.jpg","articleSection":["Lavoro, Economia, Turismo","Prima Pagina"],"inLanguage":"fr-FR"},{"@type":"WebPage","@id":"https:\/\/www.bellunopress.it\/2011\/12\/20\/ritardi-nei-pagamenti-walter-capraro-serve-un-patto-di-civilta-e-una-legge\/","url":"https:\/\/www.bellunopress.it\/2011\/12\/20\/ritardi-nei-pagamenti-walter-capraro-serve-un-patto-di-civilta-e-una-legge\/","name":"Ritardi nei pagamenti. Walter Capraro: \u201cServe un patto di civilt\u00e0... e una legge\u201d - Bellunopress - Dolomiti","isPartOf":{"@id":"https:\/\/www.bellunopress.it\/#website"},"primaryImageOfPage":{"@id":"https:\/\/www.bellunopress.it\/2011\/12\/20\/ritardi-nei-pagamenti-walter-capraro-serve-un-patto-di-civilta-e-una-legge\/#primaryimage"},"image":{"@id":"https:\/\/www.bellunopress.it\/2011\/12\/20\/ritardi-nei-pagamenti-walter-capraro-serve-un-patto-di-civilta-e-una-legge\/#primaryimage"},"thumbnailUrl":"http:\/\/www.bellunopress.it\/wp-content\/uploads\/2010\/11\/walter-capraro-140x120.jpg","datePublished":"2011-12-20T17:11:30+00:00","breadcrumb":{"@id":"https:\/\/www.bellunopress.it\/2011\/12\/20\/ritardi-nei-pagamenti-walter-capraro-serve-un-patto-di-civilta-e-una-legge\/#breadcrumb"},"inLanguage":"fr-FR","potentialAction":[{"@type":"ReadAction","target":["https:\/\/www.bellunopress.it\/2011\/12\/20\/ritardi-nei-pagamenti-walter-capraro-serve-un-patto-di-civilta-e-una-legge\/"]}]},{"@type":"ImageObject","inLanguage":"fr-FR","@id":"https:\/\/www.bellunopress.it\/2011\/12\/20\/ritardi-nei-pagamenti-walter-capraro-serve-un-patto-di-civilta-e-una-legge\/#primaryimage","url":"http:\/\/www.bellunopress.it\/wp-content\/uploads\/2010\/11\/walter-capraro-140x120.jpg","contentUrl":"http:\/\/www.bellunopress.it\/wp-content\/uploads\/2010\/11\/walter-capraro-140x120.jpg"},{"@type":"BreadcrumbList","@id":"https:\/\/www.bellunopress.it\/2011\/12\/20\/ritardi-nei-pagamenti-walter-capraro-serve-un-patto-di-civilta-e-una-legge\/#breadcrumb","itemListElement":[{"@type":"ListItem","position":1,"name":"Home","item":"https:\/\/www.bellunopress.it\/"},{"@type":"ListItem","position":2,"name":"Ritardi nei pagamenti. Walter Capraro: \u201cServe un patto di civilt\u00e0&#8230; e una legge\u201d"}]},{"@type":"WebSite","@id":"https:\/\/www.bellunopress.it\/#website","url":"https:\/\/www.bellunopress.it\/","name":"Bellunopress - Dolomiti","description":"e-mail: redazione@bellunopress.it","publisher":{"@id":"https:\/\/www.bellunopress.it\/#organization"},"potentialAction":[{"@type":"SearchAction","target":{"@type":"EntryPoint","urlTemplate":"https:\/\/www.bellunopress.it\/?s={search_term_string}"},"query-input":{"@type":"PropertyValueSpecification","valueRequired":true,"valueName":"search_term_string"}}],"inLanguage":"fr-FR"},{"@type":"Organization","@id":"https:\/\/www.bellunopress.it\/#organization","name":"Bellunopress","url":"https:\/\/www.bellunopress.it\/","logo":{"@type":"ImageObject","inLanguage":"fr-FR","@id":"https:\/\/www.bellunopress.it\/#\/schema\/logo\/image\/","url":"https:\/\/www.bellunopress.it\/wp-content\/uploads\/2011\/05\/cropped-logo-bellunopress-.jpg","contentUrl":"https:\/\/www.bellunopress.it\/wp-content\/uploads\/2011\/05\/cropped-logo-bellunopress-.jpg","width":512,"height":512,"caption":"Bellunopress"},"image":{"@id":"https:\/\/www.bellunopress.it\/#\/schema\/logo\/image\/"},"sameAs":["https:\/\/www.facebook.com\/profile.php?id=100008943462799","https:\/\/x.com\/bellunopress","https:\/\/www.linkedin.com\/hp\/?dnr=JBzUWaJfMUw8vbXJJ2tVW5-I3jZKvC4wsoxE&amp;amp;amp;amp;amp;amp;trk=nav_responsive_tab_home","https:\/\/www.youtube.com\/channel\/UCxL0wu1uN0_3_7hGG0306cw"]},{"@type":"Person","@id":"https:\/\/www.bellunopress.it\/#\/schema\/person\/79bb06722b37ece1c03d3e94beb30d73","name":"r\u00e9daction","image":{"@type":"ImageObject","inLanguage":"fr-FR","@id":"https:\/\/secure.gravatar.com\/avatar\/37d968a2e67a6fd04c169c4bdef102d0bc5d31b2546345219e348575eb80e9a0?s=96&d=mm&r=g","url":"https:\/\/secure.gravatar.com\/avatar\/37d968a2e67a6fd04c169c4bdef102d0bc5d31b2546345219e348575eb80e9a0?s=96&d=mm&r=g","contentUrl":"https:\/\/secure.gravatar.com\/avatar\/37d968a2e67a6fd04c169c4bdef102d0bc5d31b2546345219e348575eb80e9a0?s=96&d=mm&r=g","caption":"redazione"},"sameAs":["http:\/\/www.bellunopress.it","https:\/\/x.com\/bellunopress"],"url":"https:\/\/www.bellunopress.it\/fr\/author\/redazione\/"}]}},"_links":{"self":[{"href":"https:\/\/www.bellunopress.it\/fr\/wp-json\/wp\/v2\/posts\/33526","targetHints":{"allow":["GET"]}}],"collection":[{"href":"https:\/\/www.bellunopress.it\/fr\/wp-json\/wp\/v2\/posts"}],"about":[{"href":"https:\/\/www.bellunopress.it\/fr\/wp-json\/wp\/v2\/types\/post"}],"author":[{"embeddable":true,"href":"https:\/\/www.bellunopress.it\/fr\/wp-json\/wp\/v2\/users\/2"}],"replies":[{"embeddable":true,"href":"https:\/\/www.bellunopress.it\/fr\/wp-json\/wp\/v2\/comments?post=33526"}],"version-history":[{"count":2,"href":"https:\/\/www.bellunopress.it\/fr\/wp-json\/wp\/v2\/posts\/33526\/revisions"}],"predecessor-version":[{"id":33528,"href":"https:\/\/www.bellunopress.it\/fr\/wp-json\/wp\/v2\/posts\/33526\/revisions\/33528"}],"wp:attachment":[{"href":"https:\/\/www.bellunopress.it\/fr\/wp-json\/wp\/v2\/media?parent=33526"}],"wp:term":[{"taxonomy":"category","embeddable":true,"href":"https:\/\/www.bellunopress.it\/fr\/wp-json\/wp\/v2\/categories?post=33526"},{"taxonomy":"post_tag","embeddable":true,"href":"https:\/\/www.bellunopress.it\/fr\/wp-json\/wp\/v2\/tags?post=33526"}],"curies":[{"name":"wp","href":"https:\/\/api.w.org\/{rel}","templated":true}]}}