{"id":33522,"date":"2011-12-20T17:31:01","date_gmt":"2011-12-20T16:31:01","guid":{"rendered":"http:\/\/www.bellunopress.it\/?p=33522"},"modified":"2011-12-20T17:31:01","modified_gmt":"2011-12-20T16:31:01","slug":"fabrica-2010-primo-torresin-vaccari-dimissionario-non-doveva-piu-avere-una-maggioranza","status":"publish","type":"post","link":"https:\/\/www.bellunopress.it\/fr\/2011\/12\/20\/fabrica-2010-primo-torresin-vaccari-dimissionario-non-doveva-piu-avere-una-maggioranza\/","title":{"rendered":"Fabrica 2010. Primo Torresin: &#8220;Vaccari dimissionario non doveva pi\u00f9 avere una maggioranza&#8221;"},"content":{"rendered":"<p><a href=\"http:\/\/www.bellunopress.it\/wp-content\/uploads\/2011\/01\/primo-torresin-204x280.bmp\"><img decoding=\"async\" class=\"alignleft size-full wp-image-23296\" title=\"primo torresin 204x280\" src=\"http:\/\/www.bellunopress.it\/wp-content\/uploads\/2011\/01\/primo-torresin-204x280.bmp\" alt=\"\" \/><\/a>&#8220;Al fine di evitare disgustosi equivoci e una sempre possibile strumentalizzazione, soprattutto ora che ci stiamo avvicinando alle nuove elezioni comunali, desidero evidenziare il nostro parere in merito alla vicenda FAMILA, non tanto per il suo trasferimento quanto per la (ri)nuova maggioranza creatasi in quest&#8217;occasione in Consiglio Comunale&#8221;. Lo afferma Primo Torresin coordinatore del movimento, che precisa &#8220;FABRICA2010 ha l&#8217;ambizione di rappresentare e interpretare il pensiero della gente comune e come la gente comune pensa che sul problema FAMILA due sono le questioni:<\/p>\n<p>1- se non era possibile il trasloco non si capisce perch\u00e9 si sia consentito di costruire una struttura adeguata al suo trasferimento attuale e al suo ampliamento futuro<\/p>\n<p>2- se era legittimo quanto costruito nell&#8217;ex area D&#8217;Amico non si capisce il turbinio di posizioni e contro posizioni espresse in questo mese.<\/p>\n<p>Detto questo &#8211; prosegue Torresin &#8211; , e non consentendo a chicchessia di interpretare in modo arbitrario il nostro pensiero, FABRICA2010 pensa, come peraltro sistematicamente evidenziato, che il Sindaco Vaccari dovesse e debba rassegnare le dimissioni perch\u00e9 inadeguato e soprattutto perch\u00e9 non gode pi\u00f9 della fiducia e tanto meno della stima della maggioranza dei Feltrini, forse ha solo quella \u2013 a intermittenza \u2013 del Consiglio Comunale. Poich\u00e9 spesso si accomunano i Consiglieri Piolo e Vettorel al nostro gruppo, e quindi al nostro pensiero, devo precisare che il Consigliere Vettorel gi\u00e0 da tempo ha scelto di non farne pi\u00f9 parte e che insieme al Consigliere Piolo in Consiglio Comunale rappresentano in totale autonomia e legittimit\u00e0 il gruppo Consiliare \u201cFeltre verso l&#8217;Europa\u201d che nulla ha a che vedere con il pensiero di FABRICA2010, che anche nel partecipatissimo incontro svoltosi ieri sera ha unanimemente ribadito che alle prossime elezioni presenter\u00e0 una propria lista civica di riferimento con un proprio candidato Sindaco. Con grande umilt\u00e0 noi pensiamo che in questo Comune serva una ventata di novit\u00e0, ma soprattutto di trasparenza che faccia rinascere nei Feltrini tutti l&#8217;entusiasmo per l&#8217;interesse alla vita amministrativa e sociale del nostro piccolo Comune. Per questo siamo e saremo aperti a quanti vogliano condividere con noi l&#8217;avvio di una nuova primavera Feltrina, che riporti al centro della discussione le esigenze \u201cvere\u201d della gente e la loro volont\u00e0, la visione del \u201cbene comune\u201d come via maestra per assumere decisioni condivise. Siamo certamente contrari a quanto abbiamo assistito in questi ultimi cinque anni &#8211; conclude Torresin &#8211;\u00a0 una ricorrente attivit\u00e0 ginnica per rimanere in sella svolta da chi non ha n\u00e9 un fisico n\u00e9 un&#8217;et\u00e0 adeguati per praticarla&#8221;.<\/p>","protected":false},"excerpt":{"rendered":"<p>&#8220;Al fine di evitare disgustosi equivoci e una sempre possibile strumentalizzazione, soprattutto ora che ci stiamo avvicinando alle nuove elezioni comunali, desidero evidenziare il nostro parere in merito alla vicenda FAMILA, non tanto per il suo trasferimento quanto per la (ri)nuova maggioranza creatasi in quest&#8217;occasione in Consiglio Comunale&#8221;. Lo afferma Primo Torresin coordinatore del movimento, [&hellip;]<\/p>\n","protected":false},"author":2,"featured_media":0,"comment_status":"closed","ping_status":"open","sticky":false,"template":"","format":"standard","meta":{"footnotes":""},"categories":[5,1,26],"tags":[],"class_list":["post-33522","post","type-post","status-publish","format-standard","category-cronaca","category-leo","category-prima-pagina"],"yoast_head":"<!-- This site is optimized with the Yoast SEO plugin v28.4 - https:\/\/yoast.com\/product\/yoast-seo-wordpress\/ -->\n<title>Fabrica 2010. Primo Torresin: &quot;Vaccari dimissionario non doveva pi\u00f9 avere una maggioranza&quot; - Bellunopress - Dolomiti<\/title>\n<meta name=\"robots\" content=\"index, follow, max-snippet:-1, max-image-preview:large, max-video-preview:-1\" \/>\n<link rel=\"canonical\" href=\"https:\/\/www.bellunopress.it\/fr\/2011\/12\/20\/fabrica-2010-primo-torresin-vaccari-dimissionario-non-doveva-piu-avere-una-maggioranza\/\" \/>\n<meta property=\"og:locale\" content=\"fr_FR\" \/>\n<meta property=\"og:type\" content=\"article\" \/>\n<meta property=\"og:title\" content=\"Fabrica 2010. Primo Torresin: &quot;Vaccari dimissionario non doveva pi\u00f9 avere una maggioranza&quot; - Bellunopress - Dolomiti\" \/>\n<meta property=\"og:description\" content=\"&#8220;Al fine di evitare disgustosi equivoci e una sempre possibile strumentalizzazione, soprattutto ora che ci stiamo avvicinando alle nuove elezioni comunali, desidero evidenziare il nostro parere in merito alla vicenda FAMILA, non tanto per il suo trasferimento quanto per la (ri)nuova maggioranza creatasi in quest&#8217;occasione in Consiglio Comunale&#8221;. Lo afferma Primo Torresin coordinatore del movimento, [&hellip;]\" \/>\n<meta property=\"og:url\" content=\"https:\/\/www.bellunopress.it\/fr\/2011\/12\/20\/fabrica-2010-primo-torresin-vaccari-dimissionario-non-doveva-piu-avere-una-maggioranza\/\" \/>\n<meta property=\"og:site_name\" content=\"Bellunopress - Dolomiti\" \/>\n<meta property=\"article:publisher\" content=\"https:\/\/www.facebook.com\/profile.php?id=100008943462799\" \/>\n<meta property=\"article:published_time\" content=\"2011-12-20T16:31:01+00:00\" \/>\n<meta property=\"og:image\" content=\"http:\/\/www.bellunopress.it\/wp-content\/uploads\/2011\/01\/primo-torresin-204x280.bmp\" \/>\n<meta name=\"author\" content=\"redazione\" \/>\n<meta name=\"twitter:card\" content=\"summary_large_image\" \/>\n<meta name=\"twitter:creator\" content=\"@bellunopress\" \/>\n<meta name=\"twitter:site\" content=\"@bellunopress\" \/>\n<meta name=\"twitter:label1\" content=\"\u00c9crit par\" \/>\n\t<meta name=\"twitter:data1\" content=\"redazione\" \/>\n\t<meta name=\"twitter:label2\" content=\"Dur\u00e9e de lecture estim\u00e9e\" \/>\n\t<meta name=\"twitter:data2\" content=\"2 minutes\" \/>\n<script type=\"application\/ld+json\" class=\"yoast-schema-graph\">{\"@context\":\"https:\\\/\\\/schema.org\",\"@graph\":[{\"@type\":\"Article\",\"@id\":\"https:\\\/\\\/www.bellunopress.it\\\/2011\\\/12\\\/20\\\/fabrica-2010-primo-torresin-vaccari-dimissionario-non-doveva-piu-avere-una-maggioranza\\\/#article\",\"isPartOf\":{\"@id\":\"https:\\\/\\\/www.bellunopress.it\\\/2011\\\/12\\\/20\\\/fabrica-2010-primo-torresin-vaccari-dimissionario-non-doveva-piu-avere-una-maggioranza\\\/\"},\"author\":{\"name\":\"redazione\",\"@id\":\"https:\\\/\\\/www.bellunopress.it\\\/#\\\/schema\\\/person\\\/79bb06722b37ece1c03d3e94beb30d73\"},\"headline\":\"Fabrica 2010. Primo Torresin: &#8220;Vaccari dimissionario non doveva pi\u00f9 avere una maggioranza&#8221;\",\"datePublished\":\"2011-12-20T16:31:01+00:00\",\"mainEntityOfPage\":{\"@id\":\"https:\\\/\\\/www.bellunopress.it\\\/2011\\\/12\\\/20\\\/fabrica-2010-primo-torresin-vaccari-dimissionario-non-doveva-piu-avere-una-maggioranza\\\/\"},\"wordCount\":428,\"publisher\":{\"@id\":\"https:\\\/\\\/www.bellunopress.it\\\/#organization\"},\"image\":{\"@id\":\"https:\\\/\\\/www.bellunopress.it\\\/2011\\\/12\\\/20\\\/fabrica-2010-primo-torresin-vaccari-dimissionario-non-doveva-piu-avere-una-maggioranza\\\/#primaryimage\"},\"thumbnailUrl\":\"http:\\\/\\\/www.bellunopress.it\\\/wp-content\\\/uploads\\\/2011\\\/01\\\/primo-torresin-204x280.bmp\",\"articleSection\":[\"Cronaca\\\/Politica\",\"Lettere Opinioni\",\"Prima Pagina\"],\"inLanguage\":\"fr-FR\"},{\"@type\":\"WebPage\",\"@id\":\"https:\\\/\\\/www.bellunopress.it\\\/2011\\\/12\\\/20\\\/fabrica-2010-primo-torresin-vaccari-dimissionario-non-doveva-piu-avere-una-maggioranza\\\/\",\"url\":\"https:\\\/\\\/www.bellunopress.it\\\/2011\\\/12\\\/20\\\/fabrica-2010-primo-torresin-vaccari-dimissionario-non-doveva-piu-avere-una-maggioranza\\\/\",\"name\":\"Fabrica 2010. Primo Torresin: \\\"Vaccari dimissionario non doveva pi\u00f9 avere una maggioranza\\\" - Bellunopress - Dolomiti\",\"isPartOf\":{\"@id\":\"https:\\\/\\\/www.bellunopress.it\\\/#website\"},\"primaryImageOfPage\":{\"@id\":\"https:\\\/\\\/www.bellunopress.it\\\/2011\\\/12\\\/20\\\/fabrica-2010-primo-torresin-vaccari-dimissionario-non-doveva-piu-avere-una-maggioranza\\\/#primaryimage\"},\"image\":{\"@id\":\"https:\\\/\\\/www.bellunopress.it\\\/2011\\\/12\\\/20\\\/fabrica-2010-primo-torresin-vaccari-dimissionario-non-doveva-piu-avere-una-maggioranza\\\/#primaryimage\"},\"thumbnailUrl\":\"http:\\\/\\\/www.bellunopress.it\\\/wp-content\\\/uploads\\\/2011\\\/01\\\/primo-torresin-204x280.bmp\",\"datePublished\":\"2011-12-20T16:31:01+00:00\",\"breadcrumb\":{\"@id\":\"https:\\\/\\\/www.bellunopress.it\\\/2011\\\/12\\\/20\\\/fabrica-2010-primo-torresin-vaccari-dimissionario-non-doveva-piu-avere-una-maggioranza\\\/#breadcrumb\"},\"inLanguage\":\"fr-FR\",\"potentialAction\":[{\"@type\":\"ReadAction\",\"target\":[\"https:\\\/\\\/www.bellunopress.it\\\/2011\\\/12\\\/20\\\/fabrica-2010-primo-torresin-vaccari-dimissionario-non-doveva-piu-avere-una-maggioranza\\\/\"]}]},{\"@type\":\"ImageObject\",\"inLanguage\":\"fr-FR\",\"@id\":\"https:\\\/\\\/www.bellunopress.it\\\/2011\\\/12\\\/20\\\/fabrica-2010-primo-torresin-vaccari-dimissionario-non-doveva-piu-avere-una-maggioranza\\\/#primaryimage\",\"url\":\"http:\\\/\\\/www.bellunopress.it\\\/wp-content\\\/uploads\\\/2011\\\/01\\\/primo-torresin-204x280.bmp\",\"contentUrl\":\"http:\\\/\\\/www.bellunopress.it\\\/wp-content\\\/uploads\\\/2011\\\/01\\\/primo-torresin-204x280.bmp\"},{\"@type\":\"BreadcrumbList\",\"@id\":\"https:\\\/\\\/www.bellunopress.it\\\/2011\\\/12\\\/20\\\/fabrica-2010-primo-torresin-vaccari-dimissionario-non-doveva-piu-avere-una-maggioranza\\\/#breadcrumb\",\"itemListElement\":[{\"@type\":\"ListItem\",\"position\":1,\"name\":\"Home\",\"item\":\"https:\\\/\\\/www.bellunopress.it\\\/\"},{\"@type\":\"ListItem\",\"position\":2,\"name\":\"Fabrica 2010. Primo Torresin: &#8220;Vaccari dimissionario non doveva pi\u00f9 avere una maggioranza&#8221;\"}]},{\"@type\":\"WebSite\",\"@id\":\"https:\\\/\\\/www.bellunopress.it\\\/#website\",\"url\":\"https:\\\/\\\/www.bellunopress.it\\\/\",\"name\":\"Bellunopress - Dolomiti\",\"description\":\"e-mail: redazione@bellunopress.it\",\"publisher\":{\"@id\":\"https:\\\/\\\/www.bellunopress.it\\\/#organization\"},\"potentialAction\":[{\"@type\":\"SearchAction\",\"target\":{\"@type\":\"EntryPoint\",\"urlTemplate\":\"https:\\\/\\\/www.bellunopress.it\\\/?s={search_term_string}\"},\"query-input\":{\"@type\":\"PropertyValueSpecification\",\"valueRequired\":true,\"valueName\":\"search_term_string\"}}],\"inLanguage\":\"fr-FR\"},{\"@type\":\"Organization\",\"@id\":\"https:\\\/\\\/www.bellunopress.it\\\/#organization\",\"name\":\"Bellunopress\",\"url\":\"https:\\\/\\\/www.bellunopress.it\\\/\",\"logo\":{\"@type\":\"ImageObject\",\"inLanguage\":\"fr-FR\",\"@id\":\"https:\\\/\\\/www.bellunopress.it\\\/#\\\/schema\\\/logo\\\/image\\\/\",\"url\":\"https:\\\/\\\/www.bellunopress.it\\\/wp-content\\\/uploads\\\/2011\\\/05\\\/cropped-logo-bellunopress-.jpg\",\"contentUrl\":\"https:\\\/\\\/www.bellunopress.it\\\/wp-content\\\/uploads\\\/2011\\\/05\\\/cropped-logo-bellunopress-.jpg\",\"width\":512,\"height\":512,\"caption\":\"Bellunopress\"},\"image\":{\"@id\":\"https:\\\/\\\/www.bellunopress.it\\\/#\\\/schema\\\/logo\\\/image\\\/\"},\"sameAs\":[\"https:\\\/\\\/www.facebook.com\\\/profile.php?id=100008943462799\",\"https:\\\/\\\/x.com\\\/bellunopress\",\"https:\\\/\\\/www.linkedin.com\\\/hp\\\/?dnr=JBzUWaJfMUw8vbXJJ2tVW5-I3jZKvC4wsoxE&amp;amp;amp;amp;amp;amp;trk=nav_responsive_tab_home\",\"https:\\\/\\\/www.youtube.com\\\/channel\\\/UCxL0wu1uN0_3_7hGG0306cw\"]},{\"@type\":\"Person\",\"@id\":\"https:\\\/\\\/www.bellunopress.it\\\/#\\\/schema\\\/person\\\/79bb06722b37ece1c03d3e94beb30d73\",\"name\":\"redazione\",\"image\":{\"@type\":\"ImageObject\",\"inLanguage\":\"fr-FR\",\"@id\":\"https:\\\/\\\/secure.gravatar.com\\\/avatar\\\/37d968a2e67a6fd04c169c4bdef102d0bc5d31b2546345219e348575eb80e9a0?s=96&d=mm&r=g\",\"url\":\"https:\\\/\\\/secure.gravatar.com\\\/avatar\\\/37d968a2e67a6fd04c169c4bdef102d0bc5d31b2546345219e348575eb80e9a0?s=96&d=mm&r=g\",\"contentUrl\":\"https:\\\/\\\/secure.gravatar.com\\\/avatar\\\/37d968a2e67a6fd04c169c4bdef102d0bc5d31b2546345219e348575eb80e9a0?s=96&d=mm&r=g\",\"caption\":\"redazione\"},\"sameAs\":[\"http:\\\/\\\/www.bellunopress.it\",\"https:\\\/\\\/x.com\\\/bellunopress\"],\"url\":\"https:\\\/\\\/www.bellunopress.it\\\/fr\\\/author\\\/redazione\\\/\"}]}<\/script>\n<!-- \/ Yoast SEO plugin. -->","yoast_head_json":{"title":"Fabrica 2010. Primo Torresin: \"Vaccari dimissionario non doveva pi\u00f9 avere una maggioranza\" - Bellunopress - Dolomiti","robots":{"index":"index","follow":"follow","max-snippet":"max-snippet:-1","max-image-preview":"max-image-preview:large","max-video-preview":"max-video-preview:-1"},"canonical":"https:\/\/www.bellunopress.it\/fr\/2011\/12\/20\/fabrica-2010-primo-torresin-vaccari-dimissionario-non-doveva-piu-avere-una-maggioranza\/","og_locale":"fr_FR","og_type":"article","og_title":"Fabrica 2010. Primo Torresin: \"Vaccari dimissionario non doveva pi\u00f9 avere una maggioranza\" - Bellunopress - Dolomiti","og_description":"&#8220;Al fine di evitare disgustosi equivoci e una sempre possibile strumentalizzazione, soprattutto ora che ci stiamo avvicinando alle nuove elezioni comunali, desidero evidenziare il nostro parere in merito alla vicenda FAMILA, non tanto per il suo trasferimento quanto per la (ri)nuova maggioranza creatasi in quest&#8217;occasione in Consiglio Comunale&#8221;. Lo afferma Primo Torresin coordinatore del movimento, [&hellip;]","og_url":"https:\/\/www.bellunopress.it\/fr\/2011\/12\/20\/fabrica-2010-primo-torresin-vaccari-dimissionario-non-doveva-piu-avere-una-maggioranza\/","og_site_name":"Bellunopress - Dolomiti","article_publisher":"https:\/\/www.facebook.com\/profile.php?id=100008943462799","article_published_time":"2011-12-20T16:31:01+00:00","og_image":[{"url":"http:\/\/www.bellunopress.it\/wp-content\/uploads\/2011\/01\/primo-torresin-204x280.bmp","type":"","width":"","height":""}],"author":"redazione","twitter_card":"summary_large_image","twitter_creator":"@bellunopress","twitter_site":"@bellunopress","twitter_misc":{"\u00c9crit par":"redazione","Dur\u00e9e de lecture estim\u00e9e":"2 minutes"},"schema":{"@context":"https:\/\/schema.org","@graph":[{"@type":"Article","@id":"https:\/\/www.bellunopress.it\/2011\/12\/20\/fabrica-2010-primo-torresin-vaccari-dimissionario-non-doveva-piu-avere-una-maggioranza\/#article","isPartOf":{"@id":"https:\/\/www.bellunopress.it\/2011\/12\/20\/fabrica-2010-primo-torresin-vaccari-dimissionario-non-doveva-piu-avere-una-maggioranza\/"},"author":{"name":"redazione","@id":"https:\/\/www.bellunopress.it\/#\/schema\/person\/79bb06722b37ece1c03d3e94beb30d73"},"headline":"Fabrica 2010. Primo Torresin: &#8220;Vaccari dimissionario non doveva pi\u00f9 avere una maggioranza&#8221;","datePublished":"2011-12-20T16:31:01+00:00","mainEntityOfPage":{"@id":"https:\/\/www.bellunopress.it\/2011\/12\/20\/fabrica-2010-primo-torresin-vaccari-dimissionario-non-doveva-piu-avere-una-maggioranza\/"},"wordCount":428,"publisher":{"@id":"https:\/\/www.bellunopress.it\/#organization"},"image":{"@id":"https:\/\/www.bellunopress.it\/2011\/12\/20\/fabrica-2010-primo-torresin-vaccari-dimissionario-non-doveva-piu-avere-una-maggioranza\/#primaryimage"},"thumbnailUrl":"http:\/\/www.bellunopress.it\/wp-content\/uploads\/2011\/01\/primo-torresin-204x280.bmp","articleSection":["Cronaca\/Politica","Lettere Opinioni","Prima Pagina"],"inLanguage":"fr-FR"},{"@type":"WebPage","@id":"https:\/\/www.bellunopress.it\/2011\/12\/20\/fabrica-2010-primo-torresin-vaccari-dimissionario-non-doveva-piu-avere-una-maggioranza\/","url":"https:\/\/www.bellunopress.it\/2011\/12\/20\/fabrica-2010-primo-torresin-vaccari-dimissionario-non-doveva-piu-avere-una-maggioranza\/","name":"Fabrica 2010. Primo Torresin: \"Vaccari dimissionario non doveva pi\u00f9 avere una maggioranza\" - Bellunopress - Dolomiti","isPartOf":{"@id":"https:\/\/www.bellunopress.it\/#website"},"primaryImageOfPage":{"@id":"https:\/\/www.bellunopress.it\/2011\/12\/20\/fabrica-2010-primo-torresin-vaccari-dimissionario-non-doveva-piu-avere-una-maggioranza\/#primaryimage"},"image":{"@id":"https:\/\/www.bellunopress.it\/2011\/12\/20\/fabrica-2010-primo-torresin-vaccari-dimissionario-non-doveva-piu-avere-una-maggioranza\/#primaryimage"},"thumbnailUrl":"http:\/\/www.bellunopress.it\/wp-content\/uploads\/2011\/01\/primo-torresin-204x280.bmp","datePublished":"2011-12-20T16:31:01+00:00","breadcrumb":{"@id":"https:\/\/www.bellunopress.it\/2011\/12\/20\/fabrica-2010-primo-torresin-vaccari-dimissionario-non-doveva-piu-avere-una-maggioranza\/#breadcrumb"},"inLanguage":"fr-FR","potentialAction":[{"@type":"ReadAction","target":["https:\/\/www.bellunopress.it\/2011\/12\/20\/fabrica-2010-primo-torresin-vaccari-dimissionario-non-doveva-piu-avere-una-maggioranza\/"]}]},{"@type":"ImageObject","inLanguage":"fr-FR","@id":"https:\/\/www.bellunopress.it\/2011\/12\/20\/fabrica-2010-primo-torresin-vaccari-dimissionario-non-doveva-piu-avere-una-maggioranza\/#primaryimage","url":"http:\/\/www.bellunopress.it\/wp-content\/uploads\/2011\/01\/primo-torresin-204x280.bmp","contentUrl":"http:\/\/www.bellunopress.it\/wp-content\/uploads\/2011\/01\/primo-torresin-204x280.bmp"},{"@type":"BreadcrumbList","@id":"https:\/\/www.bellunopress.it\/2011\/12\/20\/fabrica-2010-primo-torresin-vaccari-dimissionario-non-doveva-piu-avere-una-maggioranza\/#breadcrumb","itemListElement":[{"@type":"ListItem","position":1,"name":"Home","item":"https:\/\/www.bellunopress.it\/"},{"@type":"ListItem","position":2,"name":"Fabrica 2010. Primo Torresin: &#8220;Vaccari dimissionario non doveva pi\u00f9 avere una maggioranza&#8221;"}]},{"@type":"WebSite","@id":"https:\/\/www.bellunopress.it\/#website","url":"https:\/\/www.bellunopress.it\/","name":"Bellunopress - Dolomiti","description":"e-mail: redazione@bellunopress.it","publisher":{"@id":"https:\/\/www.bellunopress.it\/#organization"},"potentialAction":[{"@type":"SearchAction","target":{"@type":"EntryPoint","urlTemplate":"https:\/\/www.bellunopress.it\/?s={search_term_string}"},"query-input":{"@type":"PropertyValueSpecification","valueRequired":true,"valueName":"search_term_string"}}],"inLanguage":"fr-FR"},{"@type":"Organization","@id":"https:\/\/www.bellunopress.it\/#organization","name":"Bellunopress","url":"https:\/\/www.bellunopress.it\/","logo":{"@type":"ImageObject","inLanguage":"fr-FR","@id":"https:\/\/www.bellunopress.it\/#\/schema\/logo\/image\/","url":"https:\/\/www.bellunopress.it\/wp-content\/uploads\/2011\/05\/cropped-logo-bellunopress-.jpg","contentUrl":"https:\/\/www.bellunopress.it\/wp-content\/uploads\/2011\/05\/cropped-logo-bellunopress-.jpg","width":512,"height":512,"caption":"Bellunopress"},"image":{"@id":"https:\/\/www.bellunopress.it\/#\/schema\/logo\/image\/"},"sameAs":["https:\/\/www.facebook.com\/profile.php?id=100008943462799","https:\/\/x.com\/bellunopress","https:\/\/www.linkedin.com\/hp\/?dnr=JBzUWaJfMUw8vbXJJ2tVW5-I3jZKvC4wsoxE&amp;amp;amp;amp;amp;amp;trk=nav_responsive_tab_home","https:\/\/www.youtube.com\/channel\/UCxL0wu1uN0_3_7hGG0306cw"]},{"@type":"Person","@id":"https:\/\/www.bellunopress.it\/#\/schema\/person\/79bb06722b37ece1c03d3e94beb30d73","name":"r\u00e9daction","image":{"@type":"ImageObject","inLanguage":"fr-FR","@id":"https:\/\/secure.gravatar.com\/avatar\/37d968a2e67a6fd04c169c4bdef102d0bc5d31b2546345219e348575eb80e9a0?s=96&d=mm&r=g","url":"https:\/\/secure.gravatar.com\/avatar\/37d968a2e67a6fd04c169c4bdef102d0bc5d31b2546345219e348575eb80e9a0?s=96&d=mm&r=g","contentUrl":"https:\/\/secure.gravatar.com\/avatar\/37d968a2e67a6fd04c169c4bdef102d0bc5d31b2546345219e348575eb80e9a0?s=96&d=mm&r=g","caption":"redazione"},"sameAs":["http:\/\/www.bellunopress.it","https:\/\/x.com\/bellunopress"],"url":"https:\/\/www.bellunopress.it\/fr\/author\/redazione\/"}]}},"_links":{"self":[{"href":"https:\/\/www.bellunopress.it\/fr\/wp-json\/wp\/v2\/posts\/33522","targetHints":{"allow":["GET"]}}],"collection":[{"href":"https:\/\/www.bellunopress.it\/fr\/wp-json\/wp\/v2\/posts"}],"about":[{"href":"https:\/\/www.bellunopress.it\/fr\/wp-json\/wp\/v2\/types\/post"}],"author":[{"embeddable":true,"href":"https:\/\/www.bellunopress.it\/fr\/wp-json\/wp\/v2\/users\/2"}],"replies":[{"embeddable":true,"href":"https:\/\/www.bellunopress.it\/fr\/wp-json\/wp\/v2\/comments?post=33522"}],"version-history":[{"count":1,"href":"https:\/\/www.bellunopress.it\/fr\/wp-json\/wp\/v2\/posts\/33522\/revisions"}],"predecessor-version":[{"id":33523,"href":"https:\/\/www.bellunopress.it\/fr\/wp-json\/wp\/v2\/posts\/33522\/revisions\/33523"}],"wp:attachment":[{"href":"https:\/\/www.bellunopress.it\/fr\/wp-json\/wp\/v2\/media?parent=33522"}],"wp:term":[{"taxonomy":"category","embeddable":true,"href":"https:\/\/www.bellunopress.it\/fr\/wp-json\/wp\/v2\/categories?post=33522"},{"taxonomy":"post_tag","embeddable":true,"href":"https:\/\/www.bellunopress.it\/fr\/wp-json\/wp\/v2\/tags?post=33522"}],"curies":[{"name":"wp","href":"https:\/\/api.w.org\/{rel}","templated":true}]}}