{"id":33520,"date":"2011-12-20T17:20:28","date_gmt":"2011-12-20T16:20:28","guid":{"rendered":"http:\/\/www.bellunopress.it\/?p=33520"},"modified":"2011-12-20T17:20:28","modified_gmt":"2011-12-20T16:20:28","slug":"operativa-da-oggi-la-nuova-area-di-degenza-di-psichiatria-a-pieve-di-cadore","status":"publish","type":"post","link":"https:\/\/www.bellunopress.it\/fr\/2011\/12\/20\/operativa-da-oggi-la-nuova-area-di-degenza-di-psichiatria-a-pieve-di-cadore\/","title":{"rendered":"Operativa da oggi la nuova area di degenza di Psichiatria a Pieve di Cadore"},"content":{"rendered":"<p><a href=\"http:\/\/www.bellunopress.it\/wp-content\/uploads\/2011\/11\/ulss-1.jpg\"><img loading=\"lazy\" decoding=\"async\" class=\"alignleft size-full wp-image-32073\" title=\"ulss 1\" src=\"http:\/\/www.bellunopress.it\/wp-content\/uploads\/2011\/11\/ulss-1.jpg\" alt=\"\" width=\"150\" height=\"143\" \/><\/a>Dal pomeriggio odierno (marted\u00ec 20 dicembre) \u00e8 operativa la nuova area di degenza di Psichiatria trasferita dal plesso di Auronzo all\u2019Ospedale di Pieve di Cadore. In mattinata, nel corso della cerimonia degli Auguri natalizi al personale da parte della Direzione Generale, Mons. Marinello ha effettuato la Benedizione dei nuovi locali. L\u2019unit\u00e0 \u00e8 composta da\u00a0\u00a0 4 camere doppie e 2\u00a0 camere singole ognuna dotata di un proprio servizio igienico\u00a0 e da\u00a0\u00a0 spazi accessori e di servizio quali l&#8217;ambulatorio medico, l&#8217;infermeria, la stanza per la caposala, la cucina, il soggiorno pranzo, il bagno assistito, il locale deposito, il locale archivio ed il blocco servizi igienici. L\u2019 ammontare complessivo dei costi di\u00a0 realizzazione dei lavori,\u00a0 iniziati il 30 agosto 2010,\u00a0 che hanno interessato il primo piano dell\u2019Ospedale di Pieve\u00a0\u00a0 \u00e8 di 3.300.000\u00a0 euro\u00a0 ma l\u2019intervento pi\u00f9 consistente \u00e8 stato\u00a0 certamente\u00a0 quello della nuova psichiatria i cui locali occupano un\u2019area di 300 mq. La\u00a0 disciplina di Psichiatria\u00a0 in Cadore ha funzionato\u00a0 con la sola attivit\u00e0 ambulatoriale dalla riforma del 1978 fino al 1984, anno in cui \u00e8 stato aperto il Servizio Psichiatrico di diagnosi e cura ad Auronzo di Cadore con 6 posti letto. In seguito sono state aperte le Comunit\u00e0 Alloggio, ed in particolare : \u00a0 nel 1997 la Comunit\u00e0 Alloggio a Venas di Cadore (4 posti); nel 1999\u00a0 la Comunit\u00e0 Terapeutica Residenziale Protetta a Reane di Auronzo\u00a0 ( 8 posti);\u00a0 nel\u00a0 2002 apertura e sede definitiva della Comunit\u00e0 Terapeutica Residenziale Protetta ad Auronzo; sempre nel\u00a0 2002 \u00e8 stata chiusa la Comunit\u00e0 Alloggio di Venas\u00a0 e trasferita\u00a0\u00a0 a Reane,\u00a0 con ampliamento dell&#8217;offerta a due appartamenti &#8211; maschile e femminile &#8211; con complessivi 8 posti. Dal 1988 \u00e8 attivo inoltre\u00a0 il Centro Diurno Psichiatrico, che\u00a0 dal luglio 2010 \u00e8 situato, presso la sede definitiva\u00a0 Centro Servizi ex Vazzoler\u00a0 a Pieve di Cadore. Nella stessa sede \u00e8 attivo\u00a0 il Centro di salute Mentale.<\/p>\n<p>Al fine di completare il ventaglio di offerta per la Psichiatria del Cadore \u00e8 in fase avanzata l\u2019iter per l\u2019apertura di un gruppo appartamento.<\/p>","protected":false},"excerpt":{"rendered":"<p>Dal pomeriggio odierno (marted\u00ec 20 dicembre) \u00e8 operativa la nuova area di degenza di Psichiatria trasferita dal plesso di Auronzo all\u2019Ospedale di Pieve di Cadore. In mattinata, nel corso della cerimonia degli Auguri natalizi al personale da parte della Direzione Generale, Mons. Marinello ha effettuato la Benedizione dei nuovi locali. L\u2019unit\u00e0 \u00e8 composta da\u00a0\u00a0 4 [&hellip;]<\/p>\n","protected":false},"author":2,"featured_media":0,"comment_status":"closed","ping_status":"open","sticky":false,"template":"","format":"standard","meta":{"footnotes":""},"categories":[5,26,17],"tags":[],"class_list":["post-33520","post","type-post","status-publish","format-standard","category-cronaca","category-prima-pagina","category-sanita"],"yoast_head":"<!-- This site is optimized with the Yoast SEO plugin v28.4 - https:\/\/yoast.com\/product\/yoast-seo-wordpress\/ -->\n<title>Operativa da oggi la nuova area di degenza di Psichiatria a Pieve di Cadore - Bellunopress - Dolomiti<\/title>\n<meta name=\"robots\" content=\"index, follow, max-snippet:-1, max-image-preview:large, max-video-preview:-1\" \/>\n<link rel=\"canonical\" href=\"https:\/\/www.bellunopress.it\/fr\/2011\/12\/20\/operativa-da-oggi-la-nuova-area-di-degenza-di-psichiatria-a-pieve-di-cadore\/\" \/>\n<meta property=\"og:locale\" content=\"fr_FR\" \/>\n<meta property=\"og:type\" content=\"article\" \/>\n<meta property=\"og:title\" content=\"Operativa da oggi la nuova area di degenza di Psichiatria a Pieve di Cadore - Bellunopress - Dolomiti\" \/>\n<meta property=\"og:description\" content=\"Dal pomeriggio odierno (marted\u00ec 20 dicembre) \u00e8 operativa la nuova area di degenza di Psichiatria trasferita dal plesso di Auronzo all\u2019Ospedale di Pieve di Cadore. In mattinata, nel corso della cerimonia degli Auguri natalizi al personale da parte della Direzione Generale, Mons. Marinello ha effettuato la Benedizione dei nuovi locali. L\u2019unit\u00e0 \u00e8 composta da\u00a0\u00a0 4 [&hellip;]\" \/>\n<meta property=\"og:url\" content=\"https:\/\/www.bellunopress.it\/fr\/2011\/12\/20\/operativa-da-oggi-la-nuova-area-di-degenza-di-psichiatria-a-pieve-di-cadore\/\" \/>\n<meta property=\"og:site_name\" content=\"Bellunopress - Dolomiti\" \/>\n<meta property=\"article:publisher\" content=\"https:\/\/www.facebook.com\/profile.php?id=100008943462799\" \/>\n<meta property=\"article:published_time\" content=\"2011-12-20T16:20:28+00:00\" \/>\n<meta property=\"og:image\" content=\"http:\/\/www.bellunopress.it\/wp-content\/uploads\/2011\/11\/ulss-1.jpg\" \/>\n<meta name=\"author\" content=\"redazione\" \/>\n<meta name=\"twitter:card\" content=\"summary_large_image\" \/>\n<meta name=\"twitter:creator\" content=\"@bellunopress\" \/>\n<meta name=\"twitter:site\" content=\"@bellunopress\" \/>\n<meta name=\"twitter:label1\" content=\"\u00c9crit par\" \/>\n\t<meta name=\"twitter:data1\" content=\"redazione\" \/>\n\t<meta name=\"twitter:label2\" content=\"Dur\u00e9e de lecture estim\u00e9e\" \/>\n\t<meta name=\"twitter:data2\" content=\"2 minutes\" \/>\n<script type=\"application\/ld+json\" class=\"yoast-schema-graph\">{\"@context\":\"https:\\\/\\\/schema.org\",\"@graph\":[{\"@type\":\"Article\",\"@id\":\"https:\\\/\\\/www.bellunopress.it\\\/2011\\\/12\\\/20\\\/operativa-da-oggi-la-nuova-area-di-degenza-di-psichiatria-a-pieve-di-cadore\\\/#article\",\"isPartOf\":{\"@id\":\"https:\\\/\\\/www.bellunopress.it\\\/2011\\\/12\\\/20\\\/operativa-da-oggi-la-nuova-area-di-degenza-di-psichiatria-a-pieve-di-cadore\\\/\"},\"author\":{\"name\":\"redazione\",\"@id\":\"https:\\\/\\\/www.bellunopress.it\\\/#\\\/schema\\\/person\\\/79bb06722b37ece1c03d3e94beb30d73\"},\"headline\":\"Operativa da oggi la nuova area di degenza di Psichiatria a Pieve di Cadore\",\"datePublished\":\"2011-12-20T16:20:28+00:00\",\"mainEntityOfPage\":{\"@id\":\"https:\\\/\\\/www.bellunopress.it\\\/2011\\\/12\\\/20\\\/operativa-da-oggi-la-nuova-area-di-degenza-di-psichiatria-a-pieve-di-cadore\\\/\"},\"wordCount\":324,\"publisher\":{\"@id\":\"https:\\\/\\\/www.bellunopress.it\\\/#organization\"},\"image\":{\"@id\":\"https:\\\/\\\/www.bellunopress.it\\\/2011\\\/12\\\/20\\\/operativa-da-oggi-la-nuova-area-di-degenza-di-psichiatria-a-pieve-di-cadore\\\/#primaryimage\"},\"thumbnailUrl\":\"http:\\\/\\\/www.bellunopress.it\\\/wp-content\\\/uploads\\\/2011\\\/11\\\/ulss-1.jpg\",\"articleSection\":[\"Cronaca\\\/Politica\",\"Prima Pagina\",\"Sanit\u00e0 Medicina\"],\"inLanguage\":\"fr-FR\"},{\"@type\":\"WebPage\",\"@id\":\"https:\\\/\\\/www.bellunopress.it\\\/2011\\\/12\\\/20\\\/operativa-da-oggi-la-nuova-area-di-degenza-di-psichiatria-a-pieve-di-cadore\\\/\",\"url\":\"https:\\\/\\\/www.bellunopress.it\\\/2011\\\/12\\\/20\\\/operativa-da-oggi-la-nuova-area-di-degenza-di-psichiatria-a-pieve-di-cadore\\\/\",\"name\":\"Operativa da oggi la nuova area di degenza di Psichiatria a Pieve di Cadore - Bellunopress - Dolomiti\",\"isPartOf\":{\"@id\":\"https:\\\/\\\/www.bellunopress.it\\\/#website\"},\"primaryImageOfPage\":{\"@id\":\"https:\\\/\\\/www.bellunopress.it\\\/2011\\\/12\\\/20\\\/operativa-da-oggi-la-nuova-area-di-degenza-di-psichiatria-a-pieve-di-cadore\\\/#primaryimage\"},\"image\":{\"@id\":\"https:\\\/\\\/www.bellunopress.it\\\/2011\\\/12\\\/20\\\/operativa-da-oggi-la-nuova-area-di-degenza-di-psichiatria-a-pieve-di-cadore\\\/#primaryimage\"},\"thumbnailUrl\":\"http:\\\/\\\/www.bellunopress.it\\\/wp-content\\\/uploads\\\/2011\\\/11\\\/ulss-1.jpg\",\"datePublished\":\"2011-12-20T16:20:28+00:00\",\"breadcrumb\":{\"@id\":\"https:\\\/\\\/www.bellunopress.it\\\/2011\\\/12\\\/20\\\/operativa-da-oggi-la-nuova-area-di-degenza-di-psichiatria-a-pieve-di-cadore\\\/#breadcrumb\"},\"inLanguage\":\"fr-FR\",\"potentialAction\":[{\"@type\":\"ReadAction\",\"target\":[\"https:\\\/\\\/www.bellunopress.it\\\/2011\\\/12\\\/20\\\/operativa-da-oggi-la-nuova-area-di-degenza-di-psichiatria-a-pieve-di-cadore\\\/\"]}]},{\"@type\":\"ImageObject\",\"inLanguage\":\"fr-FR\",\"@id\":\"https:\\\/\\\/www.bellunopress.it\\\/2011\\\/12\\\/20\\\/operativa-da-oggi-la-nuova-area-di-degenza-di-psichiatria-a-pieve-di-cadore\\\/#primaryimage\",\"url\":\"http:\\\/\\\/www.bellunopress.it\\\/wp-content\\\/uploads\\\/2011\\\/11\\\/ulss-1.jpg\",\"contentUrl\":\"http:\\\/\\\/www.bellunopress.it\\\/wp-content\\\/uploads\\\/2011\\\/11\\\/ulss-1.jpg\"},{\"@type\":\"BreadcrumbList\",\"@id\":\"https:\\\/\\\/www.bellunopress.it\\\/2011\\\/12\\\/20\\\/operativa-da-oggi-la-nuova-area-di-degenza-di-psichiatria-a-pieve-di-cadore\\\/#breadcrumb\",\"itemListElement\":[{\"@type\":\"ListItem\",\"position\":1,\"name\":\"Home\",\"item\":\"https:\\\/\\\/www.bellunopress.it\\\/\"},{\"@type\":\"ListItem\",\"position\":2,\"name\":\"Operativa da oggi la nuova area di degenza di Psichiatria a Pieve di Cadore\"}]},{\"@type\":\"WebSite\",\"@id\":\"https:\\\/\\\/www.bellunopress.it\\\/#website\",\"url\":\"https:\\\/\\\/www.bellunopress.it\\\/\",\"name\":\"Bellunopress - Dolomiti\",\"description\":\"e-mail: redazione@bellunopress.it\",\"publisher\":{\"@id\":\"https:\\\/\\\/www.bellunopress.it\\\/#organization\"},\"potentialAction\":[{\"@type\":\"SearchAction\",\"target\":{\"@type\":\"EntryPoint\",\"urlTemplate\":\"https:\\\/\\\/www.bellunopress.it\\\/?s={search_term_string}\"},\"query-input\":{\"@type\":\"PropertyValueSpecification\",\"valueRequired\":true,\"valueName\":\"search_term_string\"}}],\"inLanguage\":\"fr-FR\"},{\"@type\":\"Organization\",\"@id\":\"https:\\\/\\\/www.bellunopress.it\\\/#organization\",\"name\":\"Bellunopress\",\"url\":\"https:\\\/\\\/www.bellunopress.it\\\/\",\"logo\":{\"@type\":\"ImageObject\",\"inLanguage\":\"fr-FR\",\"@id\":\"https:\\\/\\\/www.bellunopress.it\\\/#\\\/schema\\\/logo\\\/image\\\/\",\"url\":\"https:\\\/\\\/www.bellunopress.it\\\/wp-content\\\/uploads\\\/2011\\\/05\\\/cropped-logo-bellunopress-.jpg\",\"contentUrl\":\"https:\\\/\\\/www.bellunopress.it\\\/wp-content\\\/uploads\\\/2011\\\/05\\\/cropped-logo-bellunopress-.jpg\",\"width\":512,\"height\":512,\"caption\":\"Bellunopress\"},\"image\":{\"@id\":\"https:\\\/\\\/www.bellunopress.it\\\/#\\\/schema\\\/logo\\\/image\\\/\"},\"sameAs\":[\"https:\\\/\\\/www.facebook.com\\\/profile.php?id=100008943462799\",\"https:\\\/\\\/x.com\\\/bellunopress\",\"https:\\\/\\\/www.linkedin.com\\\/hp\\\/?dnr=JBzUWaJfMUw8vbXJJ2tVW5-I3jZKvC4wsoxE&amp;amp;amp;amp;amp;amp;trk=nav_responsive_tab_home\",\"https:\\\/\\\/www.youtube.com\\\/channel\\\/UCxL0wu1uN0_3_7hGG0306cw\"]},{\"@type\":\"Person\",\"@id\":\"https:\\\/\\\/www.bellunopress.it\\\/#\\\/schema\\\/person\\\/79bb06722b37ece1c03d3e94beb30d73\",\"name\":\"redazione\",\"image\":{\"@type\":\"ImageObject\",\"inLanguage\":\"fr-FR\",\"@id\":\"https:\\\/\\\/secure.gravatar.com\\\/avatar\\\/37d968a2e67a6fd04c169c4bdef102d0bc5d31b2546345219e348575eb80e9a0?s=96&d=mm&r=g\",\"url\":\"https:\\\/\\\/secure.gravatar.com\\\/avatar\\\/37d968a2e67a6fd04c169c4bdef102d0bc5d31b2546345219e348575eb80e9a0?s=96&d=mm&r=g\",\"contentUrl\":\"https:\\\/\\\/secure.gravatar.com\\\/avatar\\\/37d968a2e67a6fd04c169c4bdef102d0bc5d31b2546345219e348575eb80e9a0?s=96&d=mm&r=g\",\"caption\":\"redazione\"},\"sameAs\":[\"http:\\\/\\\/www.bellunopress.it\",\"https:\\\/\\\/x.com\\\/bellunopress\"],\"url\":\"https:\\\/\\\/www.bellunopress.it\\\/fr\\\/author\\\/redazione\\\/\"}]}<\/script>\n<!-- \/ Yoast SEO plugin. -->","yoast_head_json":{"title":"Operativa da oggi la nuova area di degenza di Psichiatria a Pieve di Cadore - Bellunopress - Dolomiti","robots":{"index":"index","follow":"follow","max-snippet":"max-snippet:-1","max-image-preview":"max-image-preview:large","max-video-preview":"max-video-preview:-1"},"canonical":"https:\/\/www.bellunopress.it\/fr\/2011\/12\/20\/operativa-da-oggi-la-nuova-area-di-degenza-di-psichiatria-a-pieve-di-cadore\/","og_locale":"fr_FR","og_type":"article","og_title":"Operativa da oggi la nuova area di degenza di Psichiatria a Pieve di Cadore - Bellunopress - Dolomiti","og_description":"Dal pomeriggio odierno (marted\u00ec 20 dicembre) \u00e8 operativa la nuova area di degenza di Psichiatria trasferita dal plesso di Auronzo all\u2019Ospedale di Pieve di Cadore. In mattinata, nel corso della cerimonia degli Auguri natalizi al personale da parte della Direzione Generale, Mons. Marinello ha effettuato la Benedizione dei nuovi locali. L\u2019unit\u00e0 \u00e8 composta da\u00a0\u00a0 4 [&hellip;]","og_url":"https:\/\/www.bellunopress.it\/fr\/2011\/12\/20\/operativa-da-oggi-la-nuova-area-di-degenza-di-psichiatria-a-pieve-di-cadore\/","og_site_name":"Bellunopress - Dolomiti","article_publisher":"https:\/\/www.facebook.com\/profile.php?id=100008943462799","article_published_time":"2011-12-20T16:20:28+00:00","og_image":[{"url":"http:\/\/www.bellunopress.it\/wp-content\/uploads\/2011\/11\/ulss-1.jpg","type":"","width":"","height":""}],"author":"redazione","twitter_card":"summary_large_image","twitter_creator":"@bellunopress","twitter_site":"@bellunopress","twitter_misc":{"\u00c9crit par":"redazione","Dur\u00e9e de lecture estim\u00e9e":"2 minutes"},"schema":{"@context":"https:\/\/schema.org","@graph":[{"@type":"Article","@id":"https:\/\/www.bellunopress.it\/2011\/12\/20\/operativa-da-oggi-la-nuova-area-di-degenza-di-psichiatria-a-pieve-di-cadore\/#article","isPartOf":{"@id":"https:\/\/www.bellunopress.it\/2011\/12\/20\/operativa-da-oggi-la-nuova-area-di-degenza-di-psichiatria-a-pieve-di-cadore\/"},"author":{"name":"redazione","@id":"https:\/\/www.bellunopress.it\/#\/schema\/person\/79bb06722b37ece1c03d3e94beb30d73"},"headline":"Operativa da oggi la nuova area di degenza di Psichiatria a Pieve di Cadore","datePublished":"2011-12-20T16:20:28+00:00","mainEntityOfPage":{"@id":"https:\/\/www.bellunopress.it\/2011\/12\/20\/operativa-da-oggi-la-nuova-area-di-degenza-di-psichiatria-a-pieve-di-cadore\/"},"wordCount":324,"publisher":{"@id":"https:\/\/www.bellunopress.it\/#organization"},"image":{"@id":"https:\/\/www.bellunopress.it\/2011\/12\/20\/operativa-da-oggi-la-nuova-area-di-degenza-di-psichiatria-a-pieve-di-cadore\/#primaryimage"},"thumbnailUrl":"http:\/\/www.bellunopress.it\/wp-content\/uploads\/2011\/11\/ulss-1.jpg","articleSection":["Cronaca\/Politica","Prima Pagina","Sanit\u00e0 Medicina"],"inLanguage":"fr-FR"},{"@type":"WebPage","@id":"https:\/\/www.bellunopress.it\/2011\/12\/20\/operativa-da-oggi-la-nuova-area-di-degenza-di-psichiatria-a-pieve-di-cadore\/","url":"https:\/\/www.bellunopress.it\/2011\/12\/20\/operativa-da-oggi-la-nuova-area-di-degenza-di-psichiatria-a-pieve-di-cadore\/","name":"Operativa da oggi la nuova area di degenza di Psichiatria a Pieve di Cadore - Bellunopress - Dolomiti","isPartOf":{"@id":"https:\/\/www.bellunopress.it\/#website"},"primaryImageOfPage":{"@id":"https:\/\/www.bellunopress.it\/2011\/12\/20\/operativa-da-oggi-la-nuova-area-di-degenza-di-psichiatria-a-pieve-di-cadore\/#primaryimage"},"image":{"@id":"https:\/\/www.bellunopress.it\/2011\/12\/20\/operativa-da-oggi-la-nuova-area-di-degenza-di-psichiatria-a-pieve-di-cadore\/#primaryimage"},"thumbnailUrl":"http:\/\/www.bellunopress.it\/wp-content\/uploads\/2011\/11\/ulss-1.jpg","datePublished":"2011-12-20T16:20:28+00:00","breadcrumb":{"@id":"https:\/\/www.bellunopress.it\/2011\/12\/20\/operativa-da-oggi-la-nuova-area-di-degenza-di-psichiatria-a-pieve-di-cadore\/#breadcrumb"},"inLanguage":"fr-FR","potentialAction":[{"@type":"ReadAction","target":["https:\/\/www.bellunopress.it\/2011\/12\/20\/operativa-da-oggi-la-nuova-area-di-degenza-di-psichiatria-a-pieve-di-cadore\/"]}]},{"@type":"ImageObject","inLanguage":"fr-FR","@id":"https:\/\/www.bellunopress.it\/2011\/12\/20\/operativa-da-oggi-la-nuova-area-di-degenza-di-psichiatria-a-pieve-di-cadore\/#primaryimage","url":"http:\/\/www.bellunopress.it\/wp-content\/uploads\/2011\/11\/ulss-1.jpg","contentUrl":"http:\/\/www.bellunopress.it\/wp-content\/uploads\/2011\/11\/ulss-1.jpg"},{"@type":"BreadcrumbList","@id":"https:\/\/www.bellunopress.it\/2011\/12\/20\/operativa-da-oggi-la-nuova-area-di-degenza-di-psichiatria-a-pieve-di-cadore\/#breadcrumb","itemListElement":[{"@type":"ListItem","position":1,"name":"Home","item":"https:\/\/www.bellunopress.it\/"},{"@type":"ListItem","position":2,"name":"Operativa da oggi la nuova area di degenza di Psichiatria a Pieve di Cadore"}]},{"@type":"WebSite","@id":"https:\/\/www.bellunopress.it\/#website","url":"https:\/\/www.bellunopress.it\/","name":"Bellunopress - Dolomiti","description":"e-mail: redazione@bellunopress.it","publisher":{"@id":"https:\/\/www.bellunopress.it\/#organization"},"potentialAction":[{"@type":"SearchAction","target":{"@type":"EntryPoint","urlTemplate":"https:\/\/www.bellunopress.it\/?s={search_term_string}"},"query-input":{"@type":"PropertyValueSpecification","valueRequired":true,"valueName":"search_term_string"}}],"inLanguage":"fr-FR"},{"@type":"Organization","@id":"https:\/\/www.bellunopress.it\/#organization","name":"Bellunopress","url":"https:\/\/www.bellunopress.it\/","logo":{"@type":"ImageObject","inLanguage":"fr-FR","@id":"https:\/\/www.bellunopress.it\/#\/schema\/logo\/image\/","url":"https:\/\/www.bellunopress.it\/wp-content\/uploads\/2011\/05\/cropped-logo-bellunopress-.jpg","contentUrl":"https:\/\/www.bellunopress.it\/wp-content\/uploads\/2011\/05\/cropped-logo-bellunopress-.jpg","width":512,"height":512,"caption":"Bellunopress"},"image":{"@id":"https:\/\/www.bellunopress.it\/#\/schema\/logo\/image\/"},"sameAs":["https:\/\/www.facebook.com\/profile.php?id=100008943462799","https:\/\/x.com\/bellunopress","https:\/\/www.linkedin.com\/hp\/?dnr=JBzUWaJfMUw8vbXJJ2tVW5-I3jZKvC4wsoxE&amp;amp;amp;amp;amp;amp;trk=nav_responsive_tab_home","https:\/\/www.youtube.com\/channel\/UCxL0wu1uN0_3_7hGG0306cw"]},{"@type":"Person","@id":"https:\/\/www.bellunopress.it\/#\/schema\/person\/79bb06722b37ece1c03d3e94beb30d73","name":"r\u00e9daction","image":{"@type":"ImageObject","inLanguage":"fr-FR","@id":"https:\/\/secure.gravatar.com\/avatar\/37d968a2e67a6fd04c169c4bdef102d0bc5d31b2546345219e348575eb80e9a0?s=96&d=mm&r=g","url":"https:\/\/secure.gravatar.com\/avatar\/37d968a2e67a6fd04c169c4bdef102d0bc5d31b2546345219e348575eb80e9a0?s=96&d=mm&r=g","contentUrl":"https:\/\/secure.gravatar.com\/avatar\/37d968a2e67a6fd04c169c4bdef102d0bc5d31b2546345219e348575eb80e9a0?s=96&d=mm&r=g","caption":"redazione"},"sameAs":["http:\/\/www.bellunopress.it","https:\/\/x.com\/bellunopress"],"url":"https:\/\/www.bellunopress.it\/fr\/author\/redazione\/"}]}},"_links":{"self":[{"href":"https:\/\/www.bellunopress.it\/fr\/wp-json\/wp\/v2\/posts\/33520","targetHints":{"allow":["GET"]}}],"collection":[{"href":"https:\/\/www.bellunopress.it\/fr\/wp-json\/wp\/v2\/posts"}],"about":[{"href":"https:\/\/www.bellunopress.it\/fr\/wp-json\/wp\/v2\/types\/post"}],"author":[{"embeddable":true,"href":"https:\/\/www.bellunopress.it\/fr\/wp-json\/wp\/v2\/users\/2"}],"replies":[{"embeddable":true,"href":"https:\/\/www.bellunopress.it\/fr\/wp-json\/wp\/v2\/comments?post=33520"}],"version-history":[{"count":1,"href":"https:\/\/www.bellunopress.it\/fr\/wp-json\/wp\/v2\/posts\/33520\/revisions"}],"predecessor-version":[{"id":33521,"href":"https:\/\/www.bellunopress.it\/fr\/wp-json\/wp\/v2\/posts\/33520\/revisions\/33521"}],"wp:attachment":[{"href":"https:\/\/www.bellunopress.it\/fr\/wp-json\/wp\/v2\/media?parent=33520"}],"wp:term":[{"taxonomy":"category","embeddable":true,"href":"https:\/\/www.bellunopress.it\/fr\/wp-json\/wp\/v2\/categories?post=33520"},{"taxonomy":"post_tag","embeddable":true,"href":"https:\/\/www.bellunopress.it\/fr\/wp-json\/wp\/v2\/tags?post=33520"}],"curies":[{"name":"wp","href":"https:\/\/api.w.org\/{rel}","templated":true}]}}