{"id":33512,"date":"2011-12-20T13:28:20","date_gmt":"2011-12-20T12:28:20","guid":{"rendered":"http:\/\/www.bellunopress.it\/?p=33512"},"modified":"2011-12-20T13:31:07","modified_gmt":"2011-12-20T12:31:07","slug":"diamo-certezze-al-futuro-del-codivilla-putti-giovedi-alle-17-a-cortina-lincontro-con-sergio-reolon-consigliere-regionale-del-pd","status":"publish","type":"post","link":"https:\/\/www.bellunopress.it\/fr\/2011\/12\/20\/diamo-certezze-al-futuro-del-codivilla-putti-giovedi-alle-17-a-cortina-lincontro-con-sergio-reolon-consigliere-regionale-del-pd\/","title":{"rendered":"Diamo certezze al futuro del Codivilla Putti. Gioved\u00ec alle 17 a Cortina l&#8217;incontro con Sergio Reolon, consigliere regionale del PD,"},"content":{"rendered":"<figure id=\"attachment_13009\" aria-describedby=\"caption-attachment-13009\" style=\"width: 270px\" class=\"wp-caption alignleft\"><a href=\"http:\/\/www.bellunopress.it\/wp-content\/uploads\/2010\/02\/sergio-reolon-270x270.jpg\"><img loading=\"lazy\" decoding=\"async\" class=\"size-full wp-image-13009\" title=\"sergio-reolon-270x270\" src=\"http:\/\/www.bellunopress.it\/wp-content\/uploads\/2010\/02\/sergio-reolon-270x270.jpg\" alt=\"\" width=\"270\" height=\"269\" srcset=\"https:\/\/www.bellunopress.it\/wp-content\/uploads\/2010\/02\/sergio-reolon-270x270.jpg 270w, https:\/\/www.bellunopress.it\/wp-content\/uploads\/2010\/02\/sergio-reolon-270x270-150x150.jpg 150w\" sizes=\"auto, (max-width: 270px) 100vw, 270px\" \/><\/a><figcaption id=\"caption-attachment-13009\" class=\"wp-caption-text\">Sergio Reolon<\/figcaption><\/figure>\n<p>Finalmente, dopo numerose richieste, la V Commissione del Consiglio Regionale ha preso in esame la situazione del Codivilla Putti dopo che<br \/>\nla sperimentazione (contratto pubblico-privato) si era conclusa gi\u00e0 nel 2009.<br \/>\nNel Piano Socio-sanitario nulla si dice a proposito del Codivilla Putti, n\u00e9 alcuna ipotesi per quanto riguarda il suo futuro \u00e8 stata portata in Commissione dall&#8217;assessore regionale Coletto che ha brillato per la sua assenza nelle due sedute finora tenute sull&#8217;argomento.<br \/>\nIl Partito Democratico ritiene che sia necessario garantire un futuro al Codivilla Putti e che questo debba essere fatto garantendo alla struttura alcune specialit\u00e0 e servizi di urgenza ed emergenza.<br \/>\nA tal proposito il PD presenter\u00e0 le sue proposte nel corso di un incontro pubblico che avr\u00e0 luogo gioved\u00ec 22 dicembre 2011, alle ore 17, presso la Sala cultura del Palazzo delle Poste di Cortina d&#8217;Ampezzo al quale saranno presenti Sergio Reolon, consigliere regionale del PD, e Lidia Maoret, segretario provinciale del PD. All&#8217;incontro pubblico sono stati invitati a partecipare l&#8217;amministrazione comunale di Cortina, la direzione del Codivilla Putti e la direzione dell&#8217;ULSS 1.<\/p>\n<p>&nbsp;<\/p>","protected":false},"excerpt":{"rendered":"<p>Finalmente, dopo numerose richieste, la V Commissione del Consiglio Regionale ha preso in esame la situazione del Codivilla Putti dopo che la sperimentazione (contratto pubblico-privato) si era conclusa gi\u00e0 nel 2009. Nel Piano Socio-sanitario nulla si dice a proposito del Codivilla Putti, n\u00e9 alcuna ipotesi per quanto riguarda il suo futuro \u00e8 stata portata in [&hellip;]<\/p>\n","protected":false},"author":2,"featured_media":0,"comment_status":"closed","ping_status":"open","sticky":false,"template":"","format":"standard","meta":{"footnotes":""},"categories":[27,5,26],"tags":[],"class_list":["post-33512","post","type-post","status-publish","format-standard","category-appuntamenti","category-cronaca","category-prima-pagina"],"yoast_head":"<!-- This site is optimized with the Yoast SEO plugin v28.4 - https:\/\/yoast.com\/product\/yoast-seo-wordpress\/ -->\n<title>Diamo certezze al futuro del Codivilla Putti. Gioved\u00ec alle 17 a Cortina l&#039;incontro con Sergio Reolon, consigliere regionale del PD, - Bellunopress - Dolomiti<\/title>\n<meta name=\"robots\" content=\"index, follow, max-snippet:-1, max-image-preview:large, max-video-preview:-1\" \/>\n<link rel=\"canonical\" href=\"https:\/\/www.bellunopress.it\/fr\/2011\/12\/20\/diamo-certezze-al-futuro-del-codivilla-putti-giovedi-alle-17-a-cortina-lincontro-con-sergio-reolon-consigliere-regionale-del-pd\/\" \/>\n<meta property=\"og:locale\" content=\"fr_FR\" \/>\n<meta property=\"og:type\" content=\"article\" \/>\n<meta property=\"og:title\" content=\"Diamo certezze al futuro del Codivilla Putti. Gioved\u00ec alle 17 a Cortina l&#039;incontro con Sergio Reolon, consigliere regionale del PD, - Bellunopress - Dolomiti\" \/>\n<meta property=\"og:description\" content=\"Finalmente, dopo numerose richieste, la V Commissione del Consiglio Regionale ha preso in esame la situazione del Codivilla Putti dopo che la sperimentazione (contratto pubblico-privato) si era conclusa gi\u00e0 nel 2009. Nel Piano Socio-sanitario nulla si dice a proposito del Codivilla Putti, n\u00e9 alcuna ipotesi per quanto riguarda il suo futuro \u00e8 stata portata in [&hellip;]\" \/>\n<meta property=\"og:url\" content=\"https:\/\/www.bellunopress.it\/fr\/2011\/12\/20\/diamo-certezze-al-futuro-del-codivilla-putti-giovedi-alle-17-a-cortina-lincontro-con-sergio-reolon-consigliere-regionale-del-pd\/\" \/>\n<meta property=\"og:site_name\" content=\"Bellunopress - Dolomiti\" \/>\n<meta property=\"article:publisher\" content=\"https:\/\/www.facebook.com\/profile.php?id=100008943462799\" \/>\n<meta property=\"article:published_time\" content=\"2011-12-20T12:28:20+00:00\" \/>\n<meta property=\"article:modified_time\" content=\"2011-12-20T12:31:07+00:00\" \/>\n<meta property=\"og:image\" content=\"http:\/\/www.bellunopress.it\/wp-content\/uploads\/2010\/02\/sergio-reolon-270x270.jpg\" \/>\n<meta name=\"author\" content=\"redazione\" \/>\n<meta name=\"twitter:card\" content=\"summary_large_image\" \/>\n<meta name=\"twitter:creator\" content=\"@bellunopress\" \/>\n<meta name=\"twitter:site\" content=\"@bellunopress\" \/>\n<meta name=\"twitter:label1\" content=\"\u00c9crit par\" \/>\n\t<meta name=\"twitter:data1\" content=\"redazione\" \/>\n\t<meta name=\"twitter:label2\" content=\"Dur\u00e9e de lecture estim\u00e9e\" \/>\n\t<meta name=\"twitter:data2\" content=\"1 minute\" \/>\n<script type=\"application\/ld+json\" class=\"yoast-schema-graph\">{\"@context\":\"https:\\\/\\\/schema.org\",\"@graph\":[{\"@type\":\"Article\",\"@id\":\"https:\\\/\\\/www.bellunopress.it\\\/2011\\\/12\\\/20\\\/diamo-certezze-al-futuro-del-codivilla-putti-giovedi-alle-17-a-cortina-lincontro-con-sergio-reolon-consigliere-regionale-del-pd\\\/#article\",\"isPartOf\":{\"@id\":\"https:\\\/\\\/www.bellunopress.it\\\/2011\\\/12\\\/20\\\/diamo-certezze-al-futuro-del-codivilla-putti-giovedi-alle-17-a-cortina-lincontro-con-sergio-reolon-consigliere-regionale-del-pd\\\/\"},\"author\":{\"name\":\"redazione\",\"@id\":\"https:\\\/\\\/www.bellunopress.it\\\/#\\\/schema\\\/person\\\/79bb06722b37ece1c03d3e94beb30d73\"},\"headline\":\"Diamo certezze al futuro del Codivilla Putti. Gioved\u00ec alle 17 a Cortina l&#8217;incontro con Sergio Reolon, consigliere regionale del PD,\",\"datePublished\":\"2011-12-20T12:28:20+00:00\",\"dateModified\":\"2011-12-20T12:31:07+00:00\",\"mainEntityOfPage\":{\"@id\":\"https:\\\/\\\/www.bellunopress.it\\\/2011\\\/12\\\/20\\\/diamo-certezze-al-futuro-del-codivilla-putti-giovedi-alle-17-a-cortina-lincontro-con-sergio-reolon-consigliere-regionale-del-pd\\\/\"},\"wordCount\":207,\"publisher\":{\"@id\":\"https:\\\/\\\/www.bellunopress.it\\\/#organization\"},\"image\":{\"@id\":\"https:\\\/\\\/www.bellunopress.it\\\/2011\\\/12\\\/20\\\/diamo-certezze-al-futuro-del-codivilla-putti-giovedi-alle-17-a-cortina-lincontro-con-sergio-reolon-consigliere-regionale-del-pd\\\/#primaryimage\"},\"thumbnailUrl\":\"http:\\\/\\\/www.bellunopress.it\\\/wp-content\\\/uploads\\\/2010\\\/02\\\/sergio-reolon-270x270.jpg\",\"articleSection\":[\"Appuntamenti, Eventi\",\"Cronaca\\\/Politica\",\"Prima Pagina\"],\"inLanguage\":\"fr-FR\"},{\"@type\":\"WebPage\",\"@id\":\"https:\\\/\\\/www.bellunopress.it\\\/2011\\\/12\\\/20\\\/diamo-certezze-al-futuro-del-codivilla-putti-giovedi-alle-17-a-cortina-lincontro-con-sergio-reolon-consigliere-regionale-del-pd\\\/\",\"url\":\"https:\\\/\\\/www.bellunopress.it\\\/2011\\\/12\\\/20\\\/diamo-certezze-al-futuro-del-codivilla-putti-giovedi-alle-17-a-cortina-lincontro-con-sergio-reolon-consigliere-regionale-del-pd\\\/\",\"name\":\"Diamo certezze al futuro del Codivilla Putti. Gioved\u00ec alle 17 a Cortina l'incontro con Sergio Reolon, consigliere regionale del PD, - Bellunopress - Dolomiti\",\"isPartOf\":{\"@id\":\"https:\\\/\\\/www.bellunopress.it\\\/#website\"},\"primaryImageOfPage\":{\"@id\":\"https:\\\/\\\/www.bellunopress.it\\\/2011\\\/12\\\/20\\\/diamo-certezze-al-futuro-del-codivilla-putti-giovedi-alle-17-a-cortina-lincontro-con-sergio-reolon-consigliere-regionale-del-pd\\\/#primaryimage\"},\"image\":{\"@id\":\"https:\\\/\\\/www.bellunopress.it\\\/2011\\\/12\\\/20\\\/diamo-certezze-al-futuro-del-codivilla-putti-giovedi-alle-17-a-cortina-lincontro-con-sergio-reolon-consigliere-regionale-del-pd\\\/#primaryimage\"},\"thumbnailUrl\":\"http:\\\/\\\/www.bellunopress.it\\\/wp-content\\\/uploads\\\/2010\\\/02\\\/sergio-reolon-270x270.jpg\",\"datePublished\":\"2011-12-20T12:28:20+00:00\",\"dateModified\":\"2011-12-20T12:31:07+00:00\",\"breadcrumb\":{\"@id\":\"https:\\\/\\\/www.bellunopress.it\\\/2011\\\/12\\\/20\\\/diamo-certezze-al-futuro-del-codivilla-putti-giovedi-alle-17-a-cortina-lincontro-con-sergio-reolon-consigliere-regionale-del-pd\\\/#breadcrumb\"},\"inLanguage\":\"fr-FR\",\"potentialAction\":[{\"@type\":\"ReadAction\",\"target\":[\"https:\\\/\\\/www.bellunopress.it\\\/2011\\\/12\\\/20\\\/diamo-certezze-al-futuro-del-codivilla-putti-giovedi-alle-17-a-cortina-lincontro-con-sergio-reolon-consigliere-regionale-del-pd\\\/\"]}]},{\"@type\":\"ImageObject\",\"inLanguage\":\"fr-FR\",\"@id\":\"https:\\\/\\\/www.bellunopress.it\\\/2011\\\/12\\\/20\\\/diamo-certezze-al-futuro-del-codivilla-putti-giovedi-alle-17-a-cortina-lincontro-con-sergio-reolon-consigliere-regionale-del-pd\\\/#primaryimage\",\"url\":\"http:\\\/\\\/www.bellunopress.it\\\/wp-content\\\/uploads\\\/2010\\\/02\\\/sergio-reolon-270x270.jpg\",\"contentUrl\":\"http:\\\/\\\/www.bellunopress.it\\\/wp-content\\\/uploads\\\/2010\\\/02\\\/sergio-reolon-270x270.jpg\"},{\"@type\":\"BreadcrumbList\",\"@id\":\"https:\\\/\\\/www.bellunopress.it\\\/2011\\\/12\\\/20\\\/diamo-certezze-al-futuro-del-codivilla-putti-giovedi-alle-17-a-cortina-lincontro-con-sergio-reolon-consigliere-regionale-del-pd\\\/#breadcrumb\",\"itemListElement\":[{\"@type\":\"ListItem\",\"position\":1,\"name\":\"Home\",\"item\":\"https:\\\/\\\/www.bellunopress.it\\\/\"},{\"@type\":\"ListItem\",\"position\":2,\"name\":\"Diamo certezze al futuro del Codivilla Putti. Gioved\u00ec alle 17 a Cortina l&#8217;incontro con Sergio Reolon, consigliere regionale del PD,\"}]},{\"@type\":\"WebSite\",\"@id\":\"https:\\\/\\\/www.bellunopress.it\\\/#website\",\"url\":\"https:\\\/\\\/www.bellunopress.it\\\/\",\"name\":\"Bellunopress - Dolomiti\",\"description\":\"e-mail: redazione@bellunopress.it\",\"publisher\":{\"@id\":\"https:\\\/\\\/www.bellunopress.it\\\/#organization\"},\"potentialAction\":[{\"@type\":\"SearchAction\",\"target\":{\"@type\":\"EntryPoint\",\"urlTemplate\":\"https:\\\/\\\/www.bellunopress.it\\\/?s={search_term_string}\"},\"query-input\":{\"@type\":\"PropertyValueSpecification\",\"valueRequired\":true,\"valueName\":\"search_term_string\"}}],\"inLanguage\":\"fr-FR\"},{\"@type\":\"Organization\",\"@id\":\"https:\\\/\\\/www.bellunopress.it\\\/#organization\",\"name\":\"Bellunopress\",\"url\":\"https:\\\/\\\/www.bellunopress.it\\\/\",\"logo\":{\"@type\":\"ImageObject\",\"inLanguage\":\"fr-FR\",\"@id\":\"https:\\\/\\\/www.bellunopress.it\\\/#\\\/schema\\\/logo\\\/image\\\/\",\"url\":\"https:\\\/\\\/www.bellunopress.it\\\/wp-content\\\/uploads\\\/2011\\\/05\\\/cropped-logo-bellunopress-.jpg\",\"contentUrl\":\"https:\\\/\\\/www.bellunopress.it\\\/wp-content\\\/uploads\\\/2011\\\/05\\\/cropped-logo-bellunopress-.jpg\",\"width\":512,\"height\":512,\"caption\":\"Bellunopress\"},\"image\":{\"@id\":\"https:\\\/\\\/www.bellunopress.it\\\/#\\\/schema\\\/logo\\\/image\\\/\"},\"sameAs\":[\"https:\\\/\\\/www.facebook.com\\\/profile.php?id=100008943462799\",\"https:\\\/\\\/x.com\\\/bellunopress\",\"https:\\\/\\\/www.linkedin.com\\\/hp\\\/?dnr=JBzUWaJfMUw8vbXJJ2tVW5-I3jZKvC4wsoxE&amp;amp;amp;amp;amp;amp;trk=nav_responsive_tab_home\",\"https:\\\/\\\/www.youtube.com\\\/channel\\\/UCxL0wu1uN0_3_7hGG0306cw\"]},{\"@type\":\"Person\",\"@id\":\"https:\\\/\\\/www.bellunopress.it\\\/#\\\/schema\\\/person\\\/79bb06722b37ece1c03d3e94beb30d73\",\"name\":\"redazione\",\"image\":{\"@type\":\"ImageObject\",\"inLanguage\":\"fr-FR\",\"@id\":\"https:\\\/\\\/secure.gravatar.com\\\/avatar\\\/37d968a2e67a6fd04c169c4bdef102d0bc5d31b2546345219e348575eb80e9a0?s=96&d=mm&r=g\",\"url\":\"https:\\\/\\\/secure.gravatar.com\\\/avatar\\\/37d968a2e67a6fd04c169c4bdef102d0bc5d31b2546345219e348575eb80e9a0?s=96&d=mm&r=g\",\"contentUrl\":\"https:\\\/\\\/secure.gravatar.com\\\/avatar\\\/37d968a2e67a6fd04c169c4bdef102d0bc5d31b2546345219e348575eb80e9a0?s=96&d=mm&r=g\",\"caption\":\"redazione\"},\"sameAs\":[\"http:\\\/\\\/www.bellunopress.it\",\"https:\\\/\\\/x.com\\\/bellunopress\"],\"url\":\"https:\\\/\\\/www.bellunopress.it\\\/fr\\\/author\\\/redazione\\\/\"}]}<\/script>\n<!-- \/ Yoast SEO plugin. -->","yoast_head_json":{"title":"Diamo certezze al futuro del Codivilla Putti. Gioved\u00ec alle 17 a Cortina l'incontro con Sergio Reolon, consigliere regionale del PD, - Bellunopress - Dolomiti","robots":{"index":"index","follow":"follow","max-snippet":"max-snippet:-1","max-image-preview":"max-image-preview:large","max-video-preview":"max-video-preview:-1"},"canonical":"https:\/\/www.bellunopress.it\/fr\/2011\/12\/20\/diamo-certezze-al-futuro-del-codivilla-putti-giovedi-alle-17-a-cortina-lincontro-con-sergio-reolon-consigliere-regionale-del-pd\/","og_locale":"fr_FR","og_type":"article","og_title":"Diamo certezze al futuro del Codivilla Putti. Gioved\u00ec alle 17 a Cortina l'incontro con Sergio Reolon, consigliere regionale del PD, - Bellunopress - Dolomiti","og_description":"Finalmente, dopo numerose richieste, la V Commissione del Consiglio Regionale ha preso in esame la situazione del Codivilla Putti dopo che la sperimentazione (contratto pubblico-privato) si era conclusa gi\u00e0 nel 2009. Nel Piano Socio-sanitario nulla si dice a proposito del Codivilla Putti, n\u00e9 alcuna ipotesi per quanto riguarda il suo futuro \u00e8 stata portata in [&hellip;]","og_url":"https:\/\/www.bellunopress.it\/fr\/2011\/12\/20\/diamo-certezze-al-futuro-del-codivilla-putti-giovedi-alle-17-a-cortina-lincontro-con-sergio-reolon-consigliere-regionale-del-pd\/","og_site_name":"Bellunopress - Dolomiti","article_publisher":"https:\/\/www.facebook.com\/profile.php?id=100008943462799","article_published_time":"2011-12-20T12:28:20+00:00","article_modified_time":"2011-12-20T12:31:07+00:00","og_image":[{"url":"http:\/\/www.bellunopress.it\/wp-content\/uploads\/2010\/02\/sergio-reolon-270x270.jpg","type":"","width":"","height":""}],"author":"redazione","twitter_card":"summary_large_image","twitter_creator":"@bellunopress","twitter_site":"@bellunopress","twitter_misc":{"\u00c9crit par":"redazione","Dur\u00e9e de lecture estim\u00e9e":"1 minute"},"schema":{"@context":"https:\/\/schema.org","@graph":[{"@type":"Article","@id":"https:\/\/www.bellunopress.it\/2011\/12\/20\/diamo-certezze-al-futuro-del-codivilla-putti-giovedi-alle-17-a-cortina-lincontro-con-sergio-reolon-consigliere-regionale-del-pd\/#article","isPartOf":{"@id":"https:\/\/www.bellunopress.it\/2011\/12\/20\/diamo-certezze-al-futuro-del-codivilla-putti-giovedi-alle-17-a-cortina-lincontro-con-sergio-reolon-consigliere-regionale-del-pd\/"},"author":{"name":"redazione","@id":"https:\/\/www.bellunopress.it\/#\/schema\/person\/79bb06722b37ece1c03d3e94beb30d73"},"headline":"Diamo certezze al futuro del Codivilla Putti. Gioved\u00ec alle 17 a Cortina l&#8217;incontro con Sergio Reolon, consigliere regionale del PD,","datePublished":"2011-12-20T12:28:20+00:00","dateModified":"2011-12-20T12:31:07+00:00","mainEntityOfPage":{"@id":"https:\/\/www.bellunopress.it\/2011\/12\/20\/diamo-certezze-al-futuro-del-codivilla-putti-giovedi-alle-17-a-cortina-lincontro-con-sergio-reolon-consigliere-regionale-del-pd\/"},"wordCount":207,"publisher":{"@id":"https:\/\/www.bellunopress.it\/#organization"},"image":{"@id":"https:\/\/www.bellunopress.it\/2011\/12\/20\/diamo-certezze-al-futuro-del-codivilla-putti-giovedi-alle-17-a-cortina-lincontro-con-sergio-reolon-consigliere-regionale-del-pd\/#primaryimage"},"thumbnailUrl":"http:\/\/www.bellunopress.it\/wp-content\/uploads\/2010\/02\/sergio-reolon-270x270.jpg","articleSection":["Appuntamenti, Eventi","Cronaca\/Politica","Prima Pagina"],"inLanguage":"fr-FR"},{"@type":"WebPage","@id":"https:\/\/www.bellunopress.it\/2011\/12\/20\/diamo-certezze-al-futuro-del-codivilla-putti-giovedi-alle-17-a-cortina-lincontro-con-sergio-reolon-consigliere-regionale-del-pd\/","url":"https:\/\/www.bellunopress.it\/2011\/12\/20\/diamo-certezze-al-futuro-del-codivilla-putti-giovedi-alle-17-a-cortina-lincontro-con-sergio-reolon-consigliere-regionale-del-pd\/","name":"Diamo certezze al futuro del Codivilla Putti. Gioved\u00ec alle 17 a Cortina l'incontro con Sergio Reolon, consigliere regionale del PD, - Bellunopress - Dolomiti","isPartOf":{"@id":"https:\/\/www.bellunopress.it\/#website"},"primaryImageOfPage":{"@id":"https:\/\/www.bellunopress.it\/2011\/12\/20\/diamo-certezze-al-futuro-del-codivilla-putti-giovedi-alle-17-a-cortina-lincontro-con-sergio-reolon-consigliere-regionale-del-pd\/#primaryimage"},"image":{"@id":"https:\/\/www.bellunopress.it\/2011\/12\/20\/diamo-certezze-al-futuro-del-codivilla-putti-giovedi-alle-17-a-cortina-lincontro-con-sergio-reolon-consigliere-regionale-del-pd\/#primaryimage"},"thumbnailUrl":"http:\/\/www.bellunopress.it\/wp-content\/uploads\/2010\/02\/sergio-reolon-270x270.jpg","datePublished":"2011-12-20T12:28:20+00:00","dateModified":"2011-12-20T12:31:07+00:00","breadcrumb":{"@id":"https:\/\/www.bellunopress.it\/2011\/12\/20\/diamo-certezze-al-futuro-del-codivilla-putti-giovedi-alle-17-a-cortina-lincontro-con-sergio-reolon-consigliere-regionale-del-pd\/#breadcrumb"},"inLanguage":"fr-FR","potentialAction":[{"@type":"ReadAction","target":["https:\/\/www.bellunopress.it\/2011\/12\/20\/diamo-certezze-al-futuro-del-codivilla-putti-giovedi-alle-17-a-cortina-lincontro-con-sergio-reolon-consigliere-regionale-del-pd\/"]}]},{"@type":"ImageObject","inLanguage":"fr-FR","@id":"https:\/\/www.bellunopress.it\/2011\/12\/20\/diamo-certezze-al-futuro-del-codivilla-putti-giovedi-alle-17-a-cortina-lincontro-con-sergio-reolon-consigliere-regionale-del-pd\/#primaryimage","url":"http:\/\/www.bellunopress.it\/wp-content\/uploads\/2010\/02\/sergio-reolon-270x270.jpg","contentUrl":"http:\/\/www.bellunopress.it\/wp-content\/uploads\/2010\/02\/sergio-reolon-270x270.jpg"},{"@type":"BreadcrumbList","@id":"https:\/\/www.bellunopress.it\/2011\/12\/20\/diamo-certezze-al-futuro-del-codivilla-putti-giovedi-alle-17-a-cortina-lincontro-con-sergio-reolon-consigliere-regionale-del-pd\/#breadcrumb","itemListElement":[{"@type":"ListItem","position":1,"name":"Home","item":"https:\/\/www.bellunopress.it\/"},{"@type":"ListItem","position":2,"name":"Diamo certezze al futuro del Codivilla Putti. Gioved\u00ec alle 17 a Cortina l&#8217;incontro con Sergio Reolon, consigliere regionale del PD,"}]},{"@type":"WebSite","@id":"https:\/\/www.bellunopress.it\/#website","url":"https:\/\/www.bellunopress.it\/","name":"Bellunopress - Dolomiti","description":"e-mail: redazione@bellunopress.it","publisher":{"@id":"https:\/\/www.bellunopress.it\/#organization"},"potentialAction":[{"@type":"SearchAction","target":{"@type":"EntryPoint","urlTemplate":"https:\/\/www.bellunopress.it\/?s={search_term_string}"},"query-input":{"@type":"PropertyValueSpecification","valueRequired":true,"valueName":"search_term_string"}}],"inLanguage":"fr-FR"},{"@type":"Organization","@id":"https:\/\/www.bellunopress.it\/#organization","name":"Bellunopress","url":"https:\/\/www.bellunopress.it\/","logo":{"@type":"ImageObject","inLanguage":"fr-FR","@id":"https:\/\/www.bellunopress.it\/#\/schema\/logo\/image\/","url":"https:\/\/www.bellunopress.it\/wp-content\/uploads\/2011\/05\/cropped-logo-bellunopress-.jpg","contentUrl":"https:\/\/www.bellunopress.it\/wp-content\/uploads\/2011\/05\/cropped-logo-bellunopress-.jpg","width":512,"height":512,"caption":"Bellunopress"},"image":{"@id":"https:\/\/www.bellunopress.it\/#\/schema\/logo\/image\/"},"sameAs":["https:\/\/www.facebook.com\/profile.php?id=100008943462799","https:\/\/x.com\/bellunopress","https:\/\/www.linkedin.com\/hp\/?dnr=JBzUWaJfMUw8vbXJJ2tVW5-I3jZKvC4wsoxE&amp;amp;amp;amp;amp;amp;trk=nav_responsive_tab_home","https:\/\/www.youtube.com\/channel\/UCxL0wu1uN0_3_7hGG0306cw"]},{"@type":"Person","@id":"https:\/\/www.bellunopress.it\/#\/schema\/person\/79bb06722b37ece1c03d3e94beb30d73","name":"r\u00e9daction","image":{"@type":"ImageObject","inLanguage":"fr-FR","@id":"https:\/\/secure.gravatar.com\/avatar\/37d968a2e67a6fd04c169c4bdef102d0bc5d31b2546345219e348575eb80e9a0?s=96&d=mm&r=g","url":"https:\/\/secure.gravatar.com\/avatar\/37d968a2e67a6fd04c169c4bdef102d0bc5d31b2546345219e348575eb80e9a0?s=96&d=mm&r=g","contentUrl":"https:\/\/secure.gravatar.com\/avatar\/37d968a2e67a6fd04c169c4bdef102d0bc5d31b2546345219e348575eb80e9a0?s=96&d=mm&r=g","caption":"redazione"},"sameAs":["http:\/\/www.bellunopress.it","https:\/\/x.com\/bellunopress"],"url":"https:\/\/www.bellunopress.it\/fr\/author\/redazione\/"}]}},"_links":{"self":[{"href":"https:\/\/www.bellunopress.it\/fr\/wp-json\/wp\/v2\/posts\/33512","targetHints":{"allow":["GET"]}}],"collection":[{"href":"https:\/\/www.bellunopress.it\/fr\/wp-json\/wp\/v2\/posts"}],"about":[{"href":"https:\/\/www.bellunopress.it\/fr\/wp-json\/wp\/v2\/types\/post"}],"author":[{"embeddable":true,"href":"https:\/\/www.bellunopress.it\/fr\/wp-json\/wp\/v2\/users\/2"}],"replies":[{"embeddable":true,"href":"https:\/\/www.bellunopress.it\/fr\/wp-json\/wp\/v2\/comments?post=33512"}],"version-history":[{"count":2,"href":"https:\/\/www.bellunopress.it\/fr\/wp-json\/wp\/v2\/posts\/33512\/revisions"}],"predecessor-version":[{"id":33514,"href":"https:\/\/www.bellunopress.it\/fr\/wp-json\/wp\/v2\/posts\/33512\/revisions\/33514"}],"wp:attachment":[{"href":"https:\/\/www.bellunopress.it\/fr\/wp-json\/wp\/v2\/media?parent=33512"}],"wp:term":[{"taxonomy":"category","embeddable":true,"href":"https:\/\/www.bellunopress.it\/fr\/wp-json\/wp\/v2\/categories?post=33512"},{"taxonomy":"post_tag","embeddable":true,"href":"https:\/\/www.bellunopress.it\/fr\/wp-json\/wp\/v2\/tags?post=33512"}],"curies":[{"name":"wp","href":"https:\/\/api.w.org\/{rel}","templated":true}]}}