{"id":33505,"date":"2011-12-19T21:52:05","date_gmt":"2011-12-19T20:52:05","guid":{"rendered":"http:\/\/www.bellunopress.it\/?p=33505"},"modified":"2011-12-19T21:52:05","modified_gmt":"2011-12-19T20:52:05","slug":"qualcosa-si-muove-asta-frequenze-televisive-e-articolo-18-statuto-dei-lavoratori","status":"publish","type":"post","link":"https:\/\/www.bellunopress.it\/fr\/2011\/12\/19\/qualcosa-si-muove-asta-frequenze-televisive-e-articolo-18-statuto-dei-lavoratori\/","title":{"rendered":"Qualcosa si muove: asta frequenze televisive e articolo 18 Statuto dei lavoratori"},"content":{"rendered":"<p><a href=\"http:\/\/www.bellunopress.it\/wp-content\/uploads\/2010\/06\/antonio-di-pietro-280x280.jpg\"><img loading=\"lazy\" decoding=\"async\" class=\"alignright size-full wp-image-16441\" title=\"antonio-di-pietro-280x280\" src=\"http:\/\/www.bellunopress.it\/wp-content\/uploads\/2010\/06\/antonio-di-pietro-280x280.jpg\" alt=\"\" width=\"280\" height=\"278\" srcset=\"https:\/\/www.bellunopress.it\/wp-content\/uploads\/2010\/06\/antonio-di-pietro-280x280.jpg 280w, https:\/\/www.bellunopress.it\/wp-content\/uploads\/2010\/06\/antonio-di-pietro-280x280-150x150.jpg 150w\" sizes=\"auto, (max-width: 280px) 100vw, 280px\" \/><\/a>Ieri il ministro per lo Sviluppo economico Corrado Passera ha affermato che sarebbe una vergogna non mettere in gara le frequenze televisive. &#8220;Sono contento nel vedere che il governo ha cambiato idea afferma il leader di Idv Antonio Di Pietro &#8211;\u00a0 e concorda sulla necessit\u00e0 di non regalare le frequenze a Berlusconi.\u00a0 Adesso per\u00f2 bisogna vedere se sono solo le solite belle parole o se seguiranno i fatti. Bisogna vedere cio\u00e8 se questo governo sa solo mettere tasse per tutti i cittadini, per poi fermarsi quando si tratta di toccare gli interessi del \u201csolito noto\u201d. Dopo l&#8217;approvazione, alla Camera dell&#8217;ordine del giorno dell&#8217;Italia dei Valori, abbiamo presentato al Senato l\u2019emendamento per mettere subito all\u2019asta le frequenze televisive. E&#8217; sufficiente che votino allo stesso modo questo emendamento al Senato, che tornerebbe cos\u00ec alla Camera. Non serve molto tempo, basta mezz\u2019ora per approvarlo, e diventer\u00e0 legge. Il governo &#8211; prosegue Di Pietro &#8211;\u00a0 pu\u00f2 appoggiare e sostenere questa strada, dimostrando cos\u00ec di voler fare sul serio e di non voler prendere in giro i cittadini. Perch\u00e9 se un ordine del giorno, cio\u00e8 un impegno preciso assunto dal governo per far diventare legge qualcosa che tutti ritengono giusto, resta solo sulla carta, diventa una presa in giro. Anzi peggio: un\u2019offesa all\u2019intelligenza degli italiani, un trucchetto, una truffa che noi non potremmo accettare. Non c&#8217;\u00e8 differenza solo perch\u00e9 a farla sarebbe un ministro del governo Monti invece che uno del governo Berlusconi. Cos\u00ec come non possiamo accettare la riforma dell\u2019art.18 dello Statuto dei lavoratori. E\u2019 un\u2019idea vecchia e pericolosa, che invece di agevolare la coesione sociale ci riporta allo scontro frontale tra imprenditori e lavoratori. La strada che noi dell\u2019IdV indichiamo \u00e8\u00a0 &#8211; conclude Di pietro &#8211; E\u2019 quella dei contratti di apprendistato, che permettono al datore di lavoro di valutare il lavoratore prima di assumerlo, ma una volta superato l\u2019apprendistato il lavoratore pu\u00f2 contare su un contratto a tempo indeterminato e cos\u00ec pu\u00f2 costruirsi un futuro&#8221;.<\/p>","protected":false},"excerpt":{"rendered":"<p>Ieri il ministro per lo Sviluppo economico Corrado Passera ha affermato che sarebbe una vergogna non mettere in gara le frequenze televisive. &#8220;Sono contento nel vedere che il governo ha cambiato idea afferma il leader di Idv Antonio Di Pietro &#8211;\u00a0 e concorda sulla necessit\u00e0 di non regalare le frequenze a Berlusconi.\u00a0 Adesso per\u00f2 bisogna [&hellip;]<\/p>\n","protected":false},"author":2,"featured_media":0,"comment_status":"closed","ping_status":"open","sticky":false,"template":"","format":"standard","meta":{"footnotes":""},"categories":[5,26],"tags":[],"class_list":["post-33505","post","type-post","status-publish","format-standard","category-cronaca","category-prima-pagina"],"yoast_head":"<!-- This site is optimized with the Yoast SEO plugin v28.4 - https:\/\/yoast.com\/product\/yoast-seo-wordpress\/ -->\n<title>Qualcosa si muove: asta frequenze televisive e articolo 18 Statuto dei lavoratori - Bellunopress - Dolomiti<\/title>\n<meta name=\"robots\" content=\"index, follow, max-snippet:-1, max-image-preview:large, max-video-preview:-1\" \/>\n<link rel=\"canonical\" href=\"https:\/\/www.bellunopress.it\/fr\/2011\/12\/19\/qualcosa-si-muove-asta-frequenze-televisive-e-articolo-18-statuto-dei-lavoratori\/\" \/>\n<meta property=\"og:locale\" content=\"fr_FR\" \/>\n<meta property=\"og:type\" content=\"article\" \/>\n<meta property=\"og:title\" content=\"Qualcosa si muove: asta frequenze televisive e articolo 18 Statuto dei lavoratori - Bellunopress - Dolomiti\" \/>\n<meta property=\"og:description\" content=\"Ieri il ministro per lo Sviluppo economico Corrado Passera ha affermato che sarebbe una vergogna non mettere in gara le frequenze televisive. &#8220;Sono contento nel vedere che il governo ha cambiato idea afferma il leader di Idv Antonio Di Pietro &#8211;\u00a0 e concorda sulla necessit\u00e0 di non regalare le frequenze a Berlusconi.\u00a0 Adesso per\u00f2 bisogna [&hellip;]\" \/>\n<meta property=\"og:url\" content=\"https:\/\/www.bellunopress.it\/fr\/2011\/12\/19\/qualcosa-si-muove-asta-frequenze-televisive-e-articolo-18-statuto-dei-lavoratori\/\" \/>\n<meta property=\"og:site_name\" content=\"Bellunopress - Dolomiti\" \/>\n<meta property=\"article:publisher\" content=\"https:\/\/www.facebook.com\/profile.php?id=100008943462799\" \/>\n<meta property=\"article:published_time\" content=\"2011-12-19T20:52:05+00:00\" \/>\n<meta property=\"og:image\" content=\"http:\/\/www.bellunopress.it\/wp-content\/uploads\/2010\/06\/antonio-di-pietro-280x280.jpg\" \/>\n<meta name=\"author\" content=\"redazione\" \/>\n<meta name=\"twitter:card\" content=\"summary_large_image\" \/>\n<meta name=\"twitter:creator\" content=\"@bellunopress\" \/>\n<meta name=\"twitter:site\" content=\"@bellunopress\" \/>\n<meta name=\"twitter:label1\" content=\"Written by\" \/>\n\t<meta name=\"twitter:data1\" content=\"redazione\" \/>\n\t<meta name=\"twitter:label2\" content=\"Est. reading time\" \/>\n\t<meta name=\"twitter:data2\" content=\"2 minutes\" \/>\n<script type=\"application\/ld+json\" class=\"yoast-schema-graph\">{\"@context\":\"https:\\\/\\\/schema.org\",\"@graph\":[{\"@type\":\"Article\",\"@id\":\"https:\\\/\\\/www.bellunopress.it\\\/2011\\\/12\\\/19\\\/qualcosa-si-muove-asta-frequenze-televisive-e-articolo-18-statuto-dei-lavoratori\\\/#article\",\"isPartOf\":{\"@id\":\"https:\\\/\\\/www.bellunopress.it\\\/2011\\\/12\\\/19\\\/qualcosa-si-muove-asta-frequenze-televisive-e-articolo-18-statuto-dei-lavoratori\\\/\"},\"author\":{\"name\":\"redazione\",\"@id\":\"https:\\\/\\\/www.bellunopress.it\\\/#\\\/schema\\\/person\\\/79bb06722b37ece1c03d3e94beb30d73\"},\"headline\":\"Qualcosa si muove: asta frequenze televisive e articolo 18 Statuto dei lavoratori\",\"datePublished\":\"2011-12-19T20:52:05+00:00\",\"mainEntityOfPage\":{\"@id\":\"https:\\\/\\\/www.bellunopress.it\\\/2011\\\/12\\\/19\\\/qualcosa-si-muove-asta-frequenze-televisive-e-articolo-18-statuto-dei-lavoratori\\\/\"},\"wordCount\":345,\"publisher\":{\"@id\":\"https:\\\/\\\/www.bellunopress.it\\\/#organization\"},\"image\":{\"@id\":\"https:\\\/\\\/www.bellunopress.it\\\/2011\\\/12\\\/19\\\/qualcosa-si-muove-asta-frequenze-televisive-e-articolo-18-statuto-dei-lavoratori\\\/#primaryimage\"},\"thumbnailUrl\":\"http:\\\/\\\/www.bellunopress.it\\\/wp-content\\\/uploads\\\/2010\\\/06\\\/antonio-di-pietro-280x280.jpg\",\"articleSection\":[\"Cronaca\\\/Politica\",\"Prima Pagina\"],\"inLanguage\":\"fr-FR\"},{\"@type\":\"WebPage\",\"@id\":\"https:\\\/\\\/www.bellunopress.it\\\/2011\\\/12\\\/19\\\/qualcosa-si-muove-asta-frequenze-televisive-e-articolo-18-statuto-dei-lavoratori\\\/\",\"url\":\"https:\\\/\\\/www.bellunopress.it\\\/2011\\\/12\\\/19\\\/qualcosa-si-muove-asta-frequenze-televisive-e-articolo-18-statuto-dei-lavoratori\\\/\",\"name\":\"Qualcosa si muove: asta frequenze televisive e articolo 18 Statuto dei lavoratori - Bellunopress - Dolomiti\",\"isPartOf\":{\"@id\":\"https:\\\/\\\/www.bellunopress.it\\\/#website\"},\"primaryImageOfPage\":{\"@id\":\"https:\\\/\\\/www.bellunopress.it\\\/2011\\\/12\\\/19\\\/qualcosa-si-muove-asta-frequenze-televisive-e-articolo-18-statuto-dei-lavoratori\\\/#primaryimage\"},\"image\":{\"@id\":\"https:\\\/\\\/www.bellunopress.it\\\/2011\\\/12\\\/19\\\/qualcosa-si-muove-asta-frequenze-televisive-e-articolo-18-statuto-dei-lavoratori\\\/#primaryimage\"},\"thumbnailUrl\":\"http:\\\/\\\/www.bellunopress.it\\\/wp-content\\\/uploads\\\/2010\\\/06\\\/antonio-di-pietro-280x280.jpg\",\"datePublished\":\"2011-12-19T20:52:05+00:00\",\"breadcrumb\":{\"@id\":\"https:\\\/\\\/www.bellunopress.it\\\/2011\\\/12\\\/19\\\/qualcosa-si-muove-asta-frequenze-televisive-e-articolo-18-statuto-dei-lavoratori\\\/#breadcrumb\"},\"inLanguage\":\"fr-FR\",\"potentialAction\":[{\"@type\":\"ReadAction\",\"target\":[\"https:\\\/\\\/www.bellunopress.it\\\/2011\\\/12\\\/19\\\/qualcosa-si-muove-asta-frequenze-televisive-e-articolo-18-statuto-dei-lavoratori\\\/\"]}]},{\"@type\":\"ImageObject\",\"inLanguage\":\"fr-FR\",\"@id\":\"https:\\\/\\\/www.bellunopress.it\\\/2011\\\/12\\\/19\\\/qualcosa-si-muove-asta-frequenze-televisive-e-articolo-18-statuto-dei-lavoratori\\\/#primaryimage\",\"url\":\"http:\\\/\\\/www.bellunopress.it\\\/wp-content\\\/uploads\\\/2010\\\/06\\\/antonio-di-pietro-280x280.jpg\",\"contentUrl\":\"http:\\\/\\\/www.bellunopress.it\\\/wp-content\\\/uploads\\\/2010\\\/06\\\/antonio-di-pietro-280x280.jpg\"},{\"@type\":\"BreadcrumbList\",\"@id\":\"https:\\\/\\\/www.bellunopress.it\\\/2011\\\/12\\\/19\\\/qualcosa-si-muove-asta-frequenze-televisive-e-articolo-18-statuto-dei-lavoratori\\\/#breadcrumb\",\"itemListElement\":[{\"@type\":\"ListItem\",\"position\":1,\"name\":\"Home\",\"item\":\"https:\\\/\\\/www.bellunopress.it\\\/\"},{\"@type\":\"ListItem\",\"position\":2,\"name\":\"Qualcosa si muove: asta frequenze televisive e articolo 18 Statuto dei lavoratori\"}]},{\"@type\":\"WebSite\",\"@id\":\"https:\\\/\\\/www.bellunopress.it\\\/#website\",\"url\":\"https:\\\/\\\/www.bellunopress.it\\\/\",\"name\":\"Bellunopress - Dolomiti\",\"description\":\"e-mail: redazione@bellunopress.it\",\"publisher\":{\"@id\":\"https:\\\/\\\/www.bellunopress.it\\\/#organization\"},\"potentialAction\":[{\"@type\":\"SearchAction\",\"target\":{\"@type\":\"EntryPoint\",\"urlTemplate\":\"https:\\\/\\\/www.bellunopress.it\\\/?s={search_term_string}\"},\"query-input\":{\"@type\":\"PropertyValueSpecification\",\"valueRequired\":true,\"valueName\":\"search_term_string\"}}],\"inLanguage\":\"fr-FR\"},{\"@type\":\"Organization\",\"@id\":\"https:\\\/\\\/www.bellunopress.it\\\/#organization\",\"name\":\"Bellunopress\",\"url\":\"https:\\\/\\\/www.bellunopress.it\\\/\",\"logo\":{\"@type\":\"ImageObject\",\"inLanguage\":\"fr-FR\",\"@id\":\"https:\\\/\\\/www.bellunopress.it\\\/#\\\/schema\\\/logo\\\/image\\\/\",\"url\":\"https:\\\/\\\/www.bellunopress.it\\\/wp-content\\\/uploads\\\/2011\\\/05\\\/cropped-logo-bellunopress-.jpg\",\"contentUrl\":\"https:\\\/\\\/www.bellunopress.it\\\/wp-content\\\/uploads\\\/2011\\\/05\\\/cropped-logo-bellunopress-.jpg\",\"width\":512,\"height\":512,\"caption\":\"Bellunopress\"},\"image\":{\"@id\":\"https:\\\/\\\/www.bellunopress.it\\\/#\\\/schema\\\/logo\\\/image\\\/\"},\"sameAs\":[\"https:\\\/\\\/www.facebook.com\\\/profile.php?id=100008943462799\",\"https:\\\/\\\/x.com\\\/bellunopress\",\"https:\\\/\\\/www.linkedin.com\\\/hp\\\/?dnr=JBzUWaJfMUw8vbXJJ2tVW5-I3jZKvC4wsoxE&amp;amp;amp;amp;amp;amp;trk=nav_responsive_tab_home\",\"https:\\\/\\\/www.youtube.com\\\/channel\\\/UCxL0wu1uN0_3_7hGG0306cw\"]},{\"@type\":\"Person\",\"@id\":\"https:\\\/\\\/www.bellunopress.it\\\/#\\\/schema\\\/person\\\/79bb06722b37ece1c03d3e94beb30d73\",\"name\":\"redazione\",\"image\":{\"@type\":\"ImageObject\",\"inLanguage\":\"fr-FR\",\"@id\":\"https:\\\/\\\/secure.gravatar.com\\\/avatar\\\/37d968a2e67a6fd04c169c4bdef102d0bc5d31b2546345219e348575eb80e9a0?s=96&d=mm&r=g\",\"url\":\"https:\\\/\\\/secure.gravatar.com\\\/avatar\\\/37d968a2e67a6fd04c169c4bdef102d0bc5d31b2546345219e348575eb80e9a0?s=96&d=mm&r=g\",\"contentUrl\":\"https:\\\/\\\/secure.gravatar.com\\\/avatar\\\/37d968a2e67a6fd04c169c4bdef102d0bc5d31b2546345219e348575eb80e9a0?s=96&d=mm&r=g\",\"caption\":\"redazione\"},\"sameAs\":[\"http:\\\/\\\/www.bellunopress.it\",\"https:\\\/\\\/x.com\\\/bellunopress\"],\"url\":\"https:\\\/\\\/www.bellunopress.it\\\/fr\\\/author\\\/redazione\\\/\"}]}<\/script>\n<!-- \/ Yoast SEO plugin. -->","yoast_head_json":{"title":"Qualcosa si muove: asta frequenze televisive e articolo 18 Statuto dei lavoratori - Bellunopress - Dolomiti","robots":{"index":"index","follow":"follow","max-snippet":"max-snippet:-1","max-image-preview":"max-image-preview:large","max-video-preview":"max-video-preview:-1"},"canonical":"https:\/\/www.bellunopress.it\/fr\/2011\/12\/19\/qualcosa-si-muove-asta-frequenze-televisive-e-articolo-18-statuto-dei-lavoratori\/","og_locale":"fr_FR","og_type":"article","og_title":"Qualcosa si muove: asta frequenze televisive e articolo 18 Statuto dei lavoratori - Bellunopress - Dolomiti","og_description":"Ieri il ministro per lo Sviluppo economico Corrado Passera ha affermato che sarebbe una vergogna non mettere in gara le frequenze televisive. &#8220;Sono contento nel vedere che il governo ha cambiato idea afferma il leader di Idv Antonio Di Pietro &#8211;\u00a0 e concorda sulla necessit\u00e0 di non regalare le frequenze a Berlusconi.\u00a0 Adesso per\u00f2 bisogna [&hellip;]","og_url":"https:\/\/www.bellunopress.it\/fr\/2011\/12\/19\/qualcosa-si-muove-asta-frequenze-televisive-e-articolo-18-statuto-dei-lavoratori\/","og_site_name":"Bellunopress - Dolomiti","article_publisher":"https:\/\/www.facebook.com\/profile.php?id=100008943462799","article_published_time":"2011-12-19T20:52:05+00:00","og_image":[{"url":"http:\/\/www.bellunopress.it\/wp-content\/uploads\/2010\/06\/antonio-di-pietro-280x280.jpg","type":"","width":"","height":""}],"author":"redazione","twitter_card":"summary_large_image","twitter_creator":"@bellunopress","twitter_site":"@bellunopress","twitter_misc":{"Written by":"redazione","Est. reading time":"2 minutes"},"schema":{"@context":"https:\/\/schema.org","@graph":[{"@type":"Article","@id":"https:\/\/www.bellunopress.it\/2011\/12\/19\/qualcosa-si-muove-asta-frequenze-televisive-e-articolo-18-statuto-dei-lavoratori\/#article","isPartOf":{"@id":"https:\/\/www.bellunopress.it\/2011\/12\/19\/qualcosa-si-muove-asta-frequenze-televisive-e-articolo-18-statuto-dei-lavoratori\/"},"author":{"name":"redazione","@id":"https:\/\/www.bellunopress.it\/#\/schema\/person\/79bb06722b37ece1c03d3e94beb30d73"},"headline":"Qualcosa si muove: asta frequenze televisive e articolo 18 Statuto dei lavoratori","datePublished":"2011-12-19T20:52:05+00:00","mainEntityOfPage":{"@id":"https:\/\/www.bellunopress.it\/2011\/12\/19\/qualcosa-si-muove-asta-frequenze-televisive-e-articolo-18-statuto-dei-lavoratori\/"},"wordCount":345,"publisher":{"@id":"https:\/\/www.bellunopress.it\/#organization"},"image":{"@id":"https:\/\/www.bellunopress.it\/2011\/12\/19\/qualcosa-si-muove-asta-frequenze-televisive-e-articolo-18-statuto-dei-lavoratori\/#primaryimage"},"thumbnailUrl":"http:\/\/www.bellunopress.it\/wp-content\/uploads\/2010\/06\/antonio-di-pietro-280x280.jpg","articleSection":["Cronaca\/Politica","Prima Pagina"],"inLanguage":"fr-FR"},{"@type":"WebPage","@id":"https:\/\/www.bellunopress.it\/2011\/12\/19\/qualcosa-si-muove-asta-frequenze-televisive-e-articolo-18-statuto-dei-lavoratori\/","url":"https:\/\/www.bellunopress.it\/2011\/12\/19\/qualcosa-si-muove-asta-frequenze-televisive-e-articolo-18-statuto-dei-lavoratori\/","name":"Qualcosa si muove: asta frequenze televisive e articolo 18 Statuto dei lavoratori - Bellunopress - Dolomiti","isPartOf":{"@id":"https:\/\/www.bellunopress.it\/#website"},"primaryImageOfPage":{"@id":"https:\/\/www.bellunopress.it\/2011\/12\/19\/qualcosa-si-muove-asta-frequenze-televisive-e-articolo-18-statuto-dei-lavoratori\/#primaryimage"},"image":{"@id":"https:\/\/www.bellunopress.it\/2011\/12\/19\/qualcosa-si-muove-asta-frequenze-televisive-e-articolo-18-statuto-dei-lavoratori\/#primaryimage"},"thumbnailUrl":"http:\/\/www.bellunopress.it\/wp-content\/uploads\/2010\/06\/antonio-di-pietro-280x280.jpg","datePublished":"2011-12-19T20:52:05+00:00","breadcrumb":{"@id":"https:\/\/www.bellunopress.it\/2011\/12\/19\/qualcosa-si-muove-asta-frequenze-televisive-e-articolo-18-statuto-dei-lavoratori\/#breadcrumb"},"inLanguage":"fr-FR","potentialAction":[{"@type":"ReadAction","target":["https:\/\/www.bellunopress.it\/2011\/12\/19\/qualcosa-si-muove-asta-frequenze-televisive-e-articolo-18-statuto-dei-lavoratori\/"]}]},{"@type":"ImageObject","inLanguage":"fr-FR","@id":"https:\/\/www.bellunopress.it\/2011\/12\/19\/qualcosa-si-muove-asta-frequenze-televisive-e-articolo-18-statuto-dei-lavoratori\/#primaryimage","url":"http:\/\/www.bellunopress.it\/wp-content\/uploads\/2010\/06\/antonio-di-pietro-280x280.jpg","contentUrl":"http:\/\/www.bellunopress.it\/wp-content\/uploads\/2010\/06\/antonio-di-pietro-280x280.jpg"},{"@type":"BreadcrumbList","@id":"https:\/\/www.bellunopress.it\/2011\/12\/19\/qualcosa-si-muove-asta-frequenze-televisive-e-articolo-18-statuto-dei-lavoratori\/#breadcrumb","itemListElement":[{"@type":"ListItem","position":1,"name":"Home","item":"https:\/\/www.bellunopress.it\/"},{"@type":"ListItem","position":2,"name":"Qualcosa si muove: asta frequenze televisive e articolo 18 Statuto dei lavoratori"}]},{"@type":"WebSite","@id":"https:\/\/www.bellunopress.it\/#website","url":"https:\/\/www.bellunopress.it\/","name":"Bellunopress - Dolomiti","description":"e-mail: redazione@bellunopress.it","publisher":{"@id":"https:\/\/www.bellunopress.it\/#organization"},"potentialAction":[{"@type":"SearchAction","target":{"@type":"EntryPoint","urlTemplate":"https:\/\/www.bellunopress.it\/?s={search_term_string}"},"query-input":{"@type":"PropertyValueSpecification","valueRequired":true,"valueName":"search_term_string"}}],"inLanguage":"fr-FR"},{"@type":"Organization","@id":"https:\/\/www.bellunopress.it\/#organization","name":"Bellunopress","url":"https:\/\/www.bellunopress.it\/","logo":{"@type":"ImageObject","inLanguage":"fr-FR","@id":"https:\/\/www.bellunopress.it\/#\/schema\/logo\/image\/","url":"https:\/\/www.bellunopress.it\/wp-content\/uploads\/2011\/05\/cropped-logo-bellunopress-.jpg","contentUrl":"https:\/\/www.bellunopress.it\/wp-content\/uploads\/2011\/05\/cropped-logo-bellunopress-.jpg","width":512,"height":512,"caption":"Bellunopress"},"image":{"@id":"https:\/\/www.bellunopress.it\/#\/schema\/logo\/image\/"},"sameAs":["https:\/\/www.facebook.com\/profile.php?id=100008943462799","https:\/\/x.com\/bellunopress","https:\/\/www.linkedin.com\/hp\/?dnr=JBzUWaJfMUw8vbXJJ2tVW5-I3jZKvC4wsoxE&amp;amp;amp;amp;amp;amp;trk=nav_responsive_tab_home","https:\/\/www.youtube.com\/channel\/UCxL0wu1uN0_3_7hGG0306cw"]},{"@type":"Person","@id":"https:\/\/www.bellunopress.it\/#\/schema\/person\/79bb06722b37ece1c03d3e94beb30d73","name":"r\u00e9daction","image":{"@type":"ImageObject","inLanguage":"fr-FR","@id":"https:\/\/secure.gravatar.com\/avatar\/37d968a2e67a6fd04c169c4bdef102d0bc5d31b2546345219e348575eb80e9a0?s=96&d=mm&r=g","url":"https:\/\/secure.gravatar.com\/avatar\/37d968a2e67a6fd04c169c4bdef102d0bc5d31b2546345219e348575eb80e9a0?s=96&d=mm&r=g","contentUrl":"https:\/\/secure.gravatar.com\/avatar\/37d968a2e67a6fd04c169c4bdef102d0bc5d31b2546345219e348575eb80e9a0?s=96&d=mm&r=g","caption":"redazione"},"sameAs":["http:\/\/www.bellunopress.it","https:\/\/x.com\/bellunopress"],"url":"https:\/\/www.bellunopress.it\/fr\/author\/redazione\/"}]}},"_links":{"self":[{"href":"https:\/\/www.bellunopress.it\/fr\/wp-json\/wp\/v2\/posts\/33505","targetHints":{"allow":["GET"]}}],"collection":[{"href":"https:\/\/www.bellunopress.it\/fr\/wp-json\/wp\/v2\/posts"}],"about":[{"href":"https:\/\/www.bellunopress.it\/fr\/wp-json\/wp\/v2\/types\/post"}],"author":[{"embeddable":true,"href":"https:\/\/www.bellunopress.it\/fr\/wp-json\/wp\/v2\/users\/2"}],"replies":[{"embeddable":true,"href":"https:\/\/www.bellunopress.it\/fr\/wp-json\/wp\/v2\/comments?post=33505"}],"version-history":[{"count":1,"href":"https:\/\/www.bellunopress.it\/fr\/wp-json\/wp\/v2\/posts\/33505\/revisions"}],"predecessor-version":[{"id":33506,"href":"https:\/\/www.bellunopress.it\/fr\/wp-json\/wp\/v2\/posts\/33505\/revisions\/33506"}],"wp:attachment":[{"href":"https:\/\/www.bellunopress.it\/fr\/wp-json\/wp\/v2\/media?parent=33505"}],"wp:term":[{"taxonomy":"category","embeddable":true,"href":"https:\/\/www.bellunopress.it\/fr\/wp-json\/wp\/v2\/categories?post=33505"},{"taxonomy":"post_tag","embeddable":true,"href":"https:\/\/www.bellunopress.it\/fr\/wp-json\/wp\/v2\/tags?post=33505"}],"curies":[{"name":"wp","href":"https:\/\/api.w.org\/{rel}","templated":true}]}}