{"id":33502,"date":"2011-12-19T21:37:00","date_gmt":"2011-12-19T20:37:00","guid":{"rendered":"http:\/\/www.bellunopress.it\/?p=33502"},"modified":"2011-12-19T21:37:00","modified_gmt":"2011-12-19T20:37:00","slug":"canto-di-natale-allombra-delle-tofane","status":"publish","type":"post","link":"https:\/\/www.bellunopress.it\/fr\/2011\/12\/19\/canto-di-natale-allombra-delle-tofane\/","title":{"rendered":"Canto di Natale all&#8217;ombra delle Tofane"},"content":{"rendered":"<p><a href=\"http:\/\/www.bellunopress.it\/wp-content\/uploads\/2009\/11\/mercatino-di-cortina-phstefano-zardini.jpg\"><img loading=\"lazy\" decoding=\"async\" class=\"alignleft size-full wp-image-9501\" title=\"mercatino-di-cortina-phstefano-zardini\" src=\"http:\/\/www.bellunopress.it\/wp-content\/uploads\/2009\/11\/mercatino-di-cortina-phstefano-zardini.jpg\" alt=\"\" width=\"290\" height=\"193\" \/><\/a>Si accendono le luci lungo Corso Italia, le strade profumano di dolci e cannella, le vetrine risplendono pi\u00f9 luccicanti che mai e la musica accompagna le serate ai piedi dei Monti Pallidi. Si avvicina il momento pi\u00f9 magico dell&#8217;anno e Cortina si prepara al meglio per accogliere gli ospiti che vorranno trascorrerlo in una location dal fascino senza tempo.<\/p>\n<p>Mancano ancora pochi giorni ma gi\u00e0 fervono i preparativi; Cortina \u00e8, come da tradizione, vestita a festa, in occasione delle prossime festivit\u00e0 natalizie. Lungo Corso Italia il grande protagonista \u00e8 il Mercatino di Natale, dove fino al 31 dicembre, numerosi produttori locali espongono i loro articoli enogastronomici e di artigianato. Come ogni anno 20 caratteristiche casette in legno si fanno largo nel cuore della valle ampezzana per deliziare gli ospiti con leccornie, oggettistica locale, decorazioni, manufatti artigianali e molto altro ancora. Un tocco in pi\u00f9 per regalare un\u2019atmosfera suggestiva \u00e8 quello delle 25 finestre del Palazzo Storico dell\u2019ex Municipio, che dall\u20191 dicembre si accendono giorno dopo giorno con opere legate alla Nativit\u00e0: il tradizionale Calendario dell\u2019Avvento, vero e proprio conto alla rovescia per riscoprire quotidianamente la magia del lento avvicinarsi del Natale.<\/p>\n<p>Non potevano mancare gli auguri del Corpo Musicale, che quest\u2019anno ha compiuto 150 anni: la musica della banda allieter\u00e0 domenica 25 dicembre alle ore 10:30 tutti i presenti in Corso Italia, dove sfiler\u00e0 in tradizionale costume d\u2019epoca. Il 28 dicembre invece, nella Basilica Minore, terr\u00e0 il tradizionale Concerto di Natale: appuntamento alle 21:15. E la musica continua con il Concerto di Capodanno all\u2019Alexander Girardi Hall, che quest\u2019anno vedr\u00e0 protagonista la MAV Symphony Orchestra, costituita da sessanta musicisti professionisti \u00e8 una delle principali formazioni musicali in Ungheria. L\u2019orchestra, sapientemente diretta dal maestro Maffeo Scarpis, definito dal Corriere della Sera come \u201cdirettore dal gesto di rara chiarezza e intyerprete lucido delle ultime voci del novecento\u201d. Il 3 gennaio il Festival Dino Ciani festeggia il nuovo anno con un recital del pianista statunitense Jeffrey Swann, al Grand Hotel Savoia.<\/p>\n<p>Ma anche per quest\u2019occasione speciale, Cortina combina perfettamente le antiche tradizioni con la vita culturale della citt\u00e0. Il Museo d\u2019Arte Moderna Mario Rimoldi, quest\u2019anno ha deciso di dare il meglio di s\u00e9. Cortina e il Novecento: i capolavori della collezione Mario Rimoldi (fino al 15 aprile 2012) esporr\u00e0 le opere pi\u00f9 significative conservate all\u2019interno del museo (con attenzione particolare alla ritrattistica maschile) che ospita, oltre a una delle pi\u00f9 corpose collezioni di De Pisis a livello nazionale, nomi del calibro di De Chirico, Sironi, Campigli, Musi\u010d, Morandi, Depero e Vedova. Nelle giornate del 29 dicembre, del 3 e del 5 gennaio, il museo organizza, inoltre, in collaborazione con il Museo Paleontologico e il Museo Etnografico, giornate didattiche dedicate ai bambini in cui l\u2019arte, la scienza e l\u2019etnografia saranno raccontate attraverso le favole, la musica e il teatro. Dopo il successo della prima edizione estiva, torna in versione invernale, Arte d\u2019Inverno, la rassegna organizzata dal Museo Rimoldi in collaborazione con la storica Libreria Sovilla, curata da Costantino d\u2019Orazio e Alessandra de Bigontina, direttrice del Museo che sar\u00e0 anche sede degli incontri, con il patrocinio della Venice International Foundation. Tema degli appuntamenti sar\u00e0 l\u2019arte vista in compagnia e grazie all\u2019esperienza dei grandi personaggi del mondo artistico contemporaneo. Il 28 dicembre focus su Lorenzo Lotto mentre il 4 gennaio l\u2019architettura \u2013 artificiale e naturale \u2013 la far\u00e0 da padrona, aspettando l\u2019incontro conclusivo del 5 gennaio in cui si parler\u00e0 di collezionismo.<\/p>\n<p>Per trascorrere magiche serate in maniera del tutto originale l\u2019Associazione astronomica Cortina propone, il 23 e il 30 dicembre, e il 13 gennaio, i venerd\u00ec \u201cstellari\u201d, con lezioni al planetario Nicol\u00f2 Cusano e visite all\u2019osservatorio astronomico di Col Drusci\u00e8. Gioved\u00ec 5 gennaio a questi appuntamenti se ne aggiunge uno \u201cgastro-astronomico\u201d: A cena sotto le stelle, per trascorrere la serata sognando con il naso all\u2019ins\u00f9 e assaggiando le prelibatezze della cucina locale proposte dal Rifugio Col Drusci\u00e8. Per accontentare davvero tutti la Regina dedica, agli appassionati di sci e della musica pi\u00f9 scatenata, due particolari Apr\u00e8s ski in rifugio, organizzati dal comitato promotore Cortina 2017: il 23 dicembre 2011, al\u00a0Rifugio El Faral, Dj Walter Dallago animer\u00e0 la serata Merry Christmas Cortina 2017, mentre il 30 dicembre 2011, al Molo, Dj da tutta la penisola si alterneranno alla consolle per augurare a tutti Happy New Year\u2019s Eve, anticipando cos\u00ec la notte di San Silvestro.<\/p>\n<p>&nbsp;<\/p>","protected":false},"excerpt":{"rendered":"<p>Si accendono le luci lungo Corso Italia, le strade profumano di dolci e cannella, le vetrine risplendono pi\u00f9 luccicanti che mai e la musica accompagna le serate ai piedi dei Monti Pallidi. Si avvicina il momento pi\u00f9 magico dell&#8217;anno e Cortina si prepara al meglio per accogliere gli ospiti che vorranno trascorrerlo in una location [&hellip;]<\/p>\n","protected":false},"author":2,"featured_media":0,"comment_status":"closed","ping_status":"open","sticky":false,"template":"","format":"standard","meta":{"footnotes":""},"categories":[27,26,8],"tags":[],"class_list":["post-33502","post","type-post","status-publish","format-standard","category-appuntamenti","category-prima-pagina","category-societa-istituzioni"],"yoast_head":"<!-- This site is optimized with the Yoast SEO plugin v28.4 - https:\/\/yoast.com\/product\/yoast-seo-wordpress\/ -->\n<title>Canto di Natale all&#039;ombra delle Tofane  - Bellunopress - Dolomiti<\/title>\n<meta name=\"robots\" content=\"index, follow, max-snippet:-1, max-image-preview:large, max-video-preview:-1\" \/>\n<link rel=\"canonical\" href=\"https:\/\/www.bellunopress.it\/fr\/2011\/12\/19\/canto-di-natale-allombra-delle-tofane\/\" \/>\n<meta property=\"og:locale\" content=\"fr_FR\" \/>\n<meta property=\"og:type\" content=\"article\" \/>\n<meta property=\"og:title\" content=\"Canto di Natale all&#039;ombra delle Tofane  - Bellunopress - Dolomiti\" \/>\n<meta property=\"og:description\" content=\"Si accendono le luci lungo Corso Italia, le strade profumano di dolci e cannella, le vetrine risplendono pi\u00f9 luccicanti che mai e la musica accompagna le serate ai piedi dei Monti Pallidi. Si avvicina il momento pi\u00f9 magico dell&#8217;anno e Cortina si prepara al meglio per accogliere gli ospiti che vorranno trascorrerlo in una location [&hellip;]\" \/>\n<meta property=\"og:url\" content=\"https:\/\/www.bellunopress.it\/fr\/2011\/12\/19\/canto-di-natale-allombra-delle-tofane\/\" \/>\n<meta property=\"og:site_name\" content=\"Bellunopress - Dolomiti\" \/>\n<meta property=\"article:publisher\" content=\"https:\/\/www.facebook.com\/profile.php?id=100008943462799\" \/>\n<meta property=\"article:published_time\" content=\"2011-12-19T20:37:00+00:00\" \/>\n<meta property=\"og:image\" content=\"http:\/\/www.bellunopress.it\/wp-content\/uploads\/2009\/11\/mercatino-di-cortina-phstefano-zardini.jpg\" \/>\n<meta name=\"author\" content=\"redazione\" \/>\n<meta name=\"twitter:card\" content=\"summary_large_image\" \/>\n<meta name=\"twitter:creator\" content=\"@bellunopress\" \/>\n<meta name=\"twitter:site\" content=\"@bellunopress\" \/>\n<meta name=\"twitter:label1\" content=\"Written by\" \/>\n\t<meta name=\"twitter:data1\" content=\"redazione\" \/>\n\t<meta name=\"twitter:label2\" content=\"Est. reading time\" \/>\n\t<meta name=\"twitter:data2\" content=\"4 minutes\" \/>\n<script type=\"application\/ld+json\" class=\"yoast-schema-graph\">{\"@context\":\"https:\\\/\\\/schema.org\",\"@graph\":[{\"@type\":\"Article\",\"@id\":\"https:\\\/\\\/www.bellunopress.it\\\/2011\\\/12\\\/19\\\/canto-di-natale-allombra-delle-tofane\\\/#article\",\"isPartOf\":{\"@id\":\"https:\\\/\\\/www.bellunopress.it\\\/2011\\\/12\\\/19\\\/canto-di-natale-allombra-delle-tofane\\\/\"},\"author\":{\"name\":\"redazione\",\"@id\":\"https:\\\/\\\/www.bellunopress.it\\\/#\\\/schema\\\/person\\\/79bb06722b37ece1c03d3e94beb30d73\"},\"headline\":\"Canto di Natale all&#8217;ombra delle Tofane\",\"datePublished\":\"2011-12-19T20:37:00+00:00\",\"mainEntityOfPage\":{\"@id\":\"https:\\\/\\\/www.bellunopress.it\\\/2011\\\/12\\\/19\\\/canto-di-natale-allombra-delle-tofane\\\/\"},\"wordCount\":719,\"publisher\":{\"@id\":\"https:\\\/\\\/www.bellunopress.it\\\/#organization\"},\"image\":{\"@id\":\"https:\\\/\\\/www.bellunopress.it\\\/2011\\\/12\\\/19\\\/canto-di-natale-allombra-delle-tofane\\\/#primaryimage\"},\"thumbnailUrl\":\"http:\\\/\\\/www.bellunopress.it\\\/wp-content\\\/uploads\\\/2009\\\/11\\\/mercatino-di-cortina-phstefano-zardini.jpg\",\"articleSection\":[\"Appuntamenti, Eventi\",\"Prima Pagina\",\"Societ\u00e0, Associazioni, Istituzioni\"],\"inLanguage\":\"fr-FR\"},{\"@type\":\"WebPage\",\"@id\":\"https:\\\/\\\/www.bellunopress.it\\\/2011\\\/12\\\/19\\\/canto-di-natale-allombra-delle-tofane\\\/\",\"url\":\"https:\\\/\\\/www.bellunopress.it\\\/2011\\\/12\\\/19\\\/canto-di-natale-allombra-delle-tofane\\\/\",\"name\":\"Canto di Natale all'ombra delle Tofane - Bellunopress - Dolomiti\",\"isPartOf\":{\"@id\":\"https:\\\/\\\/www.bellunopress.it\\\/#website\"},\"primaryImageOfPage\":{\"@id\":\"https:\\\/\\\/www.bellunopress.it\\\/2011\\\/12\\\/19\\\/canto-di-natale-allombra-delle-tofane\\\/#primaryimage\"},\"image\":{\"@id\":\"https:\\\/\\\/www.bellunopress.it\\\/2011\\\/12\\\/19\\\/canto-di-natale-allombra-delle-tofane\\\/#primaryimage\"},\"thumbnailUrl\":\"http:\\\/\\\/www.bellunopress.it\\\/wp-content\\\/uploads\\\/2009\\\/11\\\/mercatino-di-cortina-phstefano-zardini.jpg\",\"datePublished\":\"2011-12-19T20:37:00+00:00\",\"breadcrumb\":{\"@id\":\"https:\\\/\\\/www.bellunopress.it\\\/2011\\\/12\\\/19\\\/canto-di-natale-allombra-delle-tofane\\\/#breadcrumb\"},\"inLanguage\":\"fr-FR\",\"potentialAction\":[{\"@type\":\"ReadAction\",\"target\":[\"https:\\\/\\\/www.bellunopress.it\\\/2011\\\/12\\\/19\\\/canto-di-natale-allombra-delle-tofane\\\/\"]}]},{\"@type\":\"ImageObject\",\"inLanguage\":\"fr-FR\",\"@id\":\"https:\\\/\\\/www.bellunopress.it\\\/2011\\\/12\\\/19\\\/canto-di-natale-allombra-delle-tofane\\\/#primaryimage\",\"url\":\"http:\\\/\\\/www.bellunopress.it\\\/wp-content\\\/uploads\\\/2009\\\/11\\\/mercatino-di-cortina-phstefano-zardini.jpg\",\"contentUrl\":\"http:\\\/\\\/www.bellunopress.it\\\/wp-content\\\/uploads\\\/2009\\\/11\\\/mercatino-di-cortina-phstefano-zardini.jpg\"},{\"@type\":\"BreadcrumbList\",\"@id\":\"https:\\\/\\\/www.bellunopress.it\\\/2011\\\/12\\\/19\\\/canto-di-natale-allombra-delle-tofane\\\/#breadcrumb\",\"itemListElement\":[{\"@type\":\"ListItem\",\"position\":1,\"name\":\"Home\",\"item\":\"https:\\\/\\\/www.bellunopress.it\\\/\"},{\"@type\":\"ListItem\",\"position\":2,\"name\":\"Canto di Natale all&#8217;ombra delle Tofane\"}]},{\"@type\":\"WebSite\",\"@id\":\"https:\\\/\\\/www.bellunopress.it\\\/#website\",\"url\":\"https:\\\/\\\/www.bellunopress.it\\\/\",\"name\":\"Bellunopress - Dolomiti\",\"description\":\"e-mail: redazione@bellunopress.it\",\"publisher\":{\"@id\":\"https:\\\/\\\/www.bellunopress.it\\\/#organization\"},\"potentialAction\":[{\"@type\":\"SearchAction\",\"target\":{\"@type\":\"EntryPoint\",\"urlTemplate\":\"https:\\\/\\\/www.bellunopress.it\\\/?s={search_term_string}\"},\"query-input\":{\"@type\":\"PropertyValueSpecification\",\"valueRequired\":true,\"valueName\":\"search_term_string\"}}],\"inLanguage\":\"fr-FR\"},{\"@type\":\"Organization\",\"@id\":\"https:\\\/\\\/www.bellunopress.it\\\/#organization\",\"name\":\"Bellunopress\",\"url\":\"https:\\\/\\\/www.bellunopress.it\\\/\",\"logo\":{\"@type\":\"ImageObject\",\"inLanguage\":\"fr-FR\",\"@id\":\"https:\\\/\\\/www.bellunopress.it\\\/#\\\/schema\\\/logo\\\/image\\\/\",\"url\":\"https:\\\/\\\/www.bellunopress.it\\\/wp-content\\\/uploads\\\/2011\\\/05\\\/cropped-logo-bellunopress-.jpg\",\"contentUrl\":\"https:\\\/\\\/www.bellunopress.it\\\/wp-content\\\/uploads\\\/2011\\\/05\\\/cropped-logo-bellunopress-.jpg\",\"width\":512,\"height\":512,\"caption\":\"Bellunopress\"},\"image\":{\"@id\":\"https:\\\/\\\/www.bellunopress.it\\\/#\\\/schema\\\/logo\\\/image\\\/\"},\"sameAs\":[\"https:\\\/\\\/www.facebook.com\\\/profile.php?id=100008943462799\",\"https:\\\/\\\/x.com\\\/bellunopress\",\"https:\\\/\\\/www.linkedin.com\\\/hp\\\/?dnr=JBzUWaJfMUw8vbXJJ2tVW5-I3jZKvC4wsoxE&amp;amp;amp;amp;amp;amp;trk=nav_responsive_tab_home\",\"https:\\\/\\\/www.youtube.com\\\/channel\\\/UCxL0wu1uN0_3_7hGG0306cw\"]},{\"@type\":\"Person\",\"@id\":\"https:\\\/\\\/www.bellunopress.it\\\/#\\\/schema\\\/person\\\/79bb06722b37ece1c03d3e94beb30d73\",\"name\":\"redazione\",\"image\":{\"@type\":\"ImageObject\",\"inLanguage\":\"fr-FR\",\"@id\":\"https:\\\/\\\/secure.gravatar.com\\\/avatar\\\/37d968a2e67a6fd04c169c4bdef102d0bc5d31b2546345219e348575eb80e9a0?s=96&d=mm&r=g\",\"url\":\"https:\\\/\\\/secure.gravatar.com\\\/avatar\\\/37d968a2e67a6fd04c169c4bdef102d0bc5d31b2546345219e348575eb80e9a0?s=96&d=mm&r=g\",\"contentUrl\":\"https:\\\/\\\/secure.gravatar.com\\\/avatar\\\/37d968a2e67a6fd04c169c4bdef102d0bc5d31b2546345219e348575eb80e9a0?s=96&d=mm&r=g\",\"caption\":\"redazione\"},\"sameAs\":[\"http:\\\/\\\/www.bellunopress.it\",\"https:\\\/\\\/x.com\\\/bellunopress\"],\"url\":\"https:\\\/\\\/www.bellunopress.it\\\/fr\\\/author\\\/redazione\\\/\"}]}<\/script>\n<!-- \/ Yoast SEO plugin. -->","yoast_head_json":{"title":"Canto di Natale all'ombra delle Tofane  - Bellunopress - Dolomiti","robots":{"index":"index","follow":"follow","max-snippet":"max-snippet:-1","max-image-preview":"max-image-preview:large","max-video-preview":"max-video-preview:-1"},"canonical":"https:\/\/www.bellunopress.it\/fr\/2011\/12\/19\/canto-di-natale-allombra-delle-tofane\/","og_locale":"fr_FR","og_type":"article","og_title":"Canto di Natale all'ombra delle Tofane  - Bellunopress - Dolomiti","og_description":"Si accendono le luci lungo Corso Italia, le strade profumano di dolci e cannella, le vetrine risplendono pi\u00f9 luccicanti che mai e la musica accompagna le serate ai piedi dei Monti Pallidi. Si avvicina il momento pi\u00f9 magico dell&#8217;anno e Cortina si prepara al meglio per accogliere gli ospiti che vorranno trascorrerlo in una location [&hellip;]","og_url":"https:\/\/www.bellunopress.it\/fr\/2011\/12\/19\/canto-di-natale-allombra-delle-tofane\/","og_site_name":"Bellunopress - Dolomiti","article_publisher":"https:\/\/www.facebook.com\/profile.php?id=100008943462799","article_published_time":"2011-12-19T20:37:00+00:00","og_image":[{"url":"http:\/\/www.bellunopress.it\/wp-content\/uploads\/2009\/11\/mercatino-di-cortina-phstefano-zardini.jpg","type":"","width":"","height":""}],"author":"redazione","twitter_card":"summary_large_image","twitter_creator":"@bellunopress","twitter_site":"@bellunopress","twitter_misc":{"Written by":"redazione","Est. reading time":"4 minutes"},"schema":{"@context":"https:\/\/schema.org","@graph":[{"@type":"Article","@id":"https:\/\/www.bellunopress.it\/2011\/12\/19\/canto-di-natale-allombra-delle-tofane\/#article","isPartOf":{"@id":"https:\/\/www.bellunopress.it\/2011\/12\/19\/canto-di-natale-allombra-delle-tofane\/"},"author":{"name":"redazione","@id":"https:\/\/www.bellunopress.it\/#\/schema\/person\/79bb06722b37ece1c03d3e94beb30d73"},"headline":"Canto di Natale all&#8217;ombra delle Tofane","datePublished":"2011-12-19T20:37:00+00:00","mainEntityOfPage":{"@id":"https:\/\/www.bellunopress.it\/2011\/12\/19\/canto-di-natale-allombra-delle-tofane\/"},"wordCount":719,"publisher":{"@id":"https:\/\/www.bellunopress.it\/#organization"},"image":{"@id":"https:\/\/www.bellunopress.it\/2011\/12\/19\/canto-di-natale-allombra-delle-tofane\/#primaryimage"},"thumbnailUrl":"http:\/\/www.bellunopress.it\/wp-content\/uploads\/2009\/11\/mercatino-di-cortina-phstefano-zardini.jpg","articleSection":["Appuntamenti, Eventi","Prima Pagina","Societ\u00e0, Associazioni, Istituzioni"],"inLanguage":"fr-FR"},{"@type":"WebPage","@id":"https:\/\/www.bellunopress.it\/2011\/12\/19\/canto-di-natale-allombra-delle-tofane\/","url":"https:\/\/www.bellunopress.it\/2011\/12\/19\/canto-di-natale-allombra-delle-tofane\/","name":"Canto di Natale all'ombra delle Tofane - Bellunopress - Dolomiti","isPartOf":{"@id":"https:\/\/www.bellunopress.it\/#website"},"primaryImageOfPage":{"@id":"https:\/\/www.bellunopress.it\/2011\/12\/19\/canto-di-natale-allombra-delle-tofane\/#primaryimage"},"image":{"@id":"https:\/\/www.bellunopress.it\/2011\/12\/19\/canto-di-natale-allombra-delle-tofane\/#primaryimage"},"thumbnailUrl":"http:\/\/www.bellunopress.it\/wp-content\/uploads\/2009\/11\/mercatino-di-cortina-phstefano-zardini.jpg","datePublished":"2011-12-19T20:37:00+00:00","breadcrumb":{"@id":"https:\/\/www.bellunopress.it\/2011\/12\/19\/canto-di-natale-allombra-delle-tofane\/#breadcrumb"},"inLanguage":"fr-FR","potentialAction":[{"@type":"ReadAction","target":["https:\/\/www.bellunopress.it\/2011\/12\/19\/canto-di-natale-allombra-delle-tofane\/"]}]},{"@type":"ImageObject","inLanguage":"fr-FR","@id":"https:\/\/www.bellunopress.it\/2011\/12\/19\/canto-di-natale-allombra-delle-tofane\/#primaryimage","url":"http:\/\/www.bellunopress.it\/wp-content\/uploads\/2009\/11\/mercatino-di-cortina-phstefano-zardini.jpg","contentUrl":"http:\/\/www.bellunopress.it\/wp-content\/uploads\/2009\/11\/mercatino-di-cortina-phstefano-zardini.jpg"},{"@type":"BreadcrumbList","@id":"https:\/\/www.bellunopress.it\/2011\/12\/19\/canto-di-natale-allombra-delle-tofane\/#breadcrumb","itemListElement":[{"@type":"ListItem","position":1,"name":"Home","item":"https:\/\/www.bellunopress.it\/"},{"@type":"ListItem","position":2,"name":"Canto di Natale all&#8217;ombra delle Tofane"}]},{"@type":"WebSite","@id":"https:\/\/www.bellunopress.it\/#website","url":"https:\/\/www.bellunopress.it\/","name":"Bellunopress - Dolomiti","description":"e-mail: redazione@bellunopress.it","publisher":{"@id":"https:\/\/www.bellunopress.it\/#organization"},"potentialAction":[{"@type":"SearchAction","target":{"@type":"EntryPoint","urlTemplate":"https:\/\/www.bellunopress.it\/?s={search_term_string}"},"query-input":{"@type":"PropertyValueSpecification","valueRequired":true,"valueName":"search_term_string"}}],"inLanguage":"fr-FR"},{"@type":"Organization","@id":"https:\/\/www.bellunopress.it\/#organization","name":"Bellunopress","url":"https:\/\/www.bellunopress.it\/","logo":{"@type":"ImageObject","inLanguage":"fr-FR","@id":"https:\/\/www.bellunopress.it\/#\/schema\/logo\/image\/","url":"https:\/\/www.bellunopress.it\/wp-content\/uploads\/2011\/05\/cropped-logo-bellunopress-.jpg","contentUrl":"https:\/\/www.bellunopress.it\/wp-content\/uploads\/2011\/05\/cropped-logo-bellunopress-.jpg","width":512,"height":512,"caption":"Bellunopress"},"image":{"@id":"https:\/\/www.bellunopress.it\/#\/schema\/logo\/image\/"},"sameAs":["https:\/\/www.facebook.com\/profile.php?id=100008943462799","https:\/\/x.com\/bellunopress","https:\/\/www.linkedin.com\/hp\/?dnr=JBzUWaJfMUw8vbXJJ2tVW5-I3jZKvC4wsoxE&amp;amp;amp;amp;amp;amp;trk=nav_responsive_tab_home","https:\/\/www.youtube.com\/channel\/UCxL0wu1uN0_3_7hGG0306cw"]},{"@type":"Person","@id":"https:\/\/www.bellunopress.it\/#\/schema\/person\/79bb06722b37ece1c03d3e94beb30d73","name":"r\u00e9daction","image":{"@type":"ImageObject","inLanguage":"fr-FR","@id":"https:\/\/secure.gravatar.com\/avatar\/37d968a2e67a6fd04c169c4bdef102d0bc5d31b2546345219e348575eb80e9a0?s=96&d=mm&r=g","url":"https:\/\/secure.gravatar.com\/avatar\/37d968a2e67a6fd04c169c4bdef102d0bc5d31b2546345219e348575eb80e9a0?s=96&d=mm&r=g","contentUrl":"https:\/\/secure.gravatar.com\/avatar\/37d968a2e67a6fd04c169c4bdef102d0bc5d31b2546345219e348575eb80e9a0?s=96&d=mm&r=g","caption":"redazione"},"sameAs":["http:\/\/www.bellunopress.it","https:\/\/x.com\/bellunopress"],"url":"https:\/\/www.bellunopress.it\/fr\/author\/redazione\/"}]}},"_links":{"self":[{"href":"https:\/\/www.bellunopress.it\/fr\/wp-json\/wp\/v2\/posts\/33502","targetHints":{"allow":["GET"]}}],"collection":[{"href":"https:\/\/www.bellunopress.it\/fr\/wp-json\/wp\/v2\/posts"}],"about":[{"href":"https:\/\/www.bellunopress.it\/fr\/wp-json\/wp\/v2\/types\/post"}],"author":[{"embeddable":true,"href":"https:\/\/www.bellunopress.it\/fr\/wp-json\/wp\/v2\/users\/2"}],"replies":[{"embeddable":true,"href":"https:\/\/www.bellunopress.it\/fr\/wp-json\/wp\/v2\/comments?post=33502"}],"version-history":[{"count":1,"href":"https:\/\/www.bellunopress.it\/fr\/wp-json\/wp\/v2\/posts\/33502\/revisions"}],"predecessor-version":[{"id":33504,"href":"https:\/\/www.bellunopress.it\/fr\/wp-json\/wp\/v2\/posts\/33502\/revisions\/33504"}],"wp:attachment":[{"href":"https:\/\/www.bellunopress.it\/fr\/wp-json\/wp\/v2\/media?parent=33502"}],"wp:term":[{"taxonomy":"category","embeddable":true,"href":"https:\/\/www.bellunopress.it\/fr\/wp-json\/wp\/v2\/categories?post=33502"},{"taxonomy":"post_tag","embeddable":true,"href":"https:\/\/www.bellunopress.it\/fr\/wp-json\/wp\/v2\/tags?post=33502"}],"curies":[{"name":"wp","href":"https:\/\/api.w.org\/{rel}","templated":true}]}}