{"id":33498,"date":"2011-12-19T20:10:48","date_gmt":"2011-12-19T19:10:48","guid":{"rendered":"http:\/\/www.bellunopress.it\/?p=33498"},"modified":"2011-12-19T20:10:48","modified_gmt":"2011-12-19T19:10:48","slug":"porte-aperte-al-centro-ittiogenico-di-farra-dalpago-il-pubblico-potra-assistere-alla-nascita-di-migliaia-di-piccoli-coregoni","status":"publish","type":"post","link":"https:\/\/www.bellunopress.it\/fr\/2011\/12\/19\/porte-aperte-al-centro-ittiogenico-di-farra-dalpago-il-pubblico-potra-assistere-alla-nascita-di-migliaia-di-piccoli-coregoni\/","title":{"rendered":"Porte aperte al centro ittiogenico di Farra d\u2019Alpago. Il pubblico potr\u00e0 assistere alla nascita di migliaia di piccoli coregoni"},"content":{"rendered":"<p><a href=\"http:\/\/www.bellunopress.it\/wp-content\/uploads\/2011\/12\/Centro-ittiogenico.jpg\"><img loading=\"lazy\" decoding=\"async\" class=\"alignleft size-full wp-image-33500\" title=\"Centro ittiogenico\" src=\"http:\/\/www.bellunopress.it\/wp-content\/uploads\/2011\/12\/Centro-ittiogenico.jpg\" alt=\"\" width=\"270\" height=\"211\" \/><\/a>Il centro ittiogenico di Farra D\u2019Alpago ha aperto ieri le sue porte al pubblico. Lo si potr\u00e0 visitare fino a fine febbraio in orario dalle 14 alle 16. Due milioni e mezzo di uova di coregone (noto anche come pesce di Natale) si stanno via via aprendo nei grandi \u201cbottiglioni di Zut\u201d di cui \u00e8 dotata la moderna struttura. Ogni dieci giorni nel lago di Santa Croce finiscono cos\u00ec molte migliaia di schiuse, gi\u00e0 in grado di nuotare e sopravvivere. I visitatori, tra i quali sono attesi anche gli studenti dell\u2019Istituto comprensivo dell\u2019Alpago, troveranno un\u2019informata guida nei consiglieri del bacino di pesca n7, Vittorio Facchin e Antonio Calvi, due appassionati pescatori ed esperti della riproduzione ittica\u00a0 e del funzionamento dell\u2019incubatoio. Finita la stagione dei coregoni, fra un mese, il centro sul lago di Santa Croce si occuper\u00e0 di far nascere le trote e a maggio il persico reale. La settimana scorsa ha fatto visita alla struttura anche una cinquantina di soci del Touring Club veneto, rimasti sorpresi e affascinati da questa prolifica attivit\u00e0. \u201cAttivit\u00e0 che migliora ogni anno grazie alla disponibilit\u00e0 e all\u2019impegno dei nostri soci\u201d, afferma soddisfatto il presidente del bacino di pesca, Celeste De Piccoli, che sottolinea come la mortalit\u00e0, grazie all\u2019attivit\u00e0 dell\u2019incubatoio si sia drasticamente ridotta: \u201cAdesso non abbiamo pi\u00f9 il problema che le uova finiscano in secca e muoiano quando cala il livello del lago\u201d. Infovisite: 3284926237.<\/p>\n<p>&nbsp;<\/p>\n<p>&nbsp;<\/p>","protected":false},"excerpt":{"rendered":"<p>Il centro ittiogenico di Farra D\u2019Alpago ha aperto ieri le sue porte al pubblico. Lo si potr\u00e0 visitare fino a fine febbraio in orario dalle 14 alle 16. Due milioni e mezzo di uova di coregone (noto anche come pesce di Natale) si stanno via via aprendo nei grandi \u201cbottiglioni di Zut\u201d di cui \u00e8 [&hellip;]<\/p>\n","protected":false},"author":2,"featured_media":0,"comment_status":"closed","ping_status":"open","sticky":false,"template":"","format":"standard","meta":{"footnotes":""},"categories":[38,26],"tags":[],"class_list":["post-33498","post","type-post","status-publish","format-standard","category-natura-ambiente","category-prima-pagina"],"yoast_head":"<!-- This site is optimized with the Yoast SEO plugin v28.4 - https:\/\/yoast.com\/product\/yoast-seo-wordpress\/ -->\n<title>Porte aperte al centro ittiogenico di Farra d\u2019Alpago. Il pubblico potr\u00e0 assistere alla nascita di migliaia di piccoli coregoni - Bellunopress - Dolomiti<\/title>\n<meta name=\"robots\" content=\"index, follow, max-snippet:-1, max-image-preview:large, max-video-preview:-1\" \/>\n<link rel=\"canonical\" href=\"https:\/\/www.bellunopress.it\/fr\/2011\/12\/19\/porte-aperte-al-centro-ittiogenico-di-farra-dalpago-il-pubblico-potra-assistere-alla-nascita-di-migliaia-di-piccoli-coregoni\/\" \/>\n<meta property=\"og:locale\" content=\"fr_FR\" \/>\n<meta property=\"og:type\" content=\"article\" \/>\n<meta property=\"og:title\" content=\"Porte aperte al centro ittiogenico di Farra d\u2019Alpago. Il pubblico potr\u00e0 assistere alla nascita di migliaia di piccoli coregoni - Bellunopress - Dolomiti\" \/>\n<meta property=\"og:description\" content=\"Il centro ittiogenico di Farra D\u2019Alpago ha aperto ieri le sue porte al pubblico. Lo si potr\u00e0 visitare fino a fine febbraio in orario dalle 14 alle 16. Due milioni e mezzo di uova di coregone (noto anche come pesce di Natale) si stanno via via aprendo nei grandi \u201cbottiglioni di Zut\u201d di cui \u00e8 [&hellip;]\" \/>\n<meta property=\"og:url\" content=\"https:\/\/www.bellunopress.it\/fr\/2011\/12\/19\/porte-aperte-al-centro-ittiogenico-di-farra-dalpago-il-pubblico-potra-assistere-alla-nascita-di-migliaia-di-piccoli-coregoni\/\" \/>\n<meta property=\"og:site_name\" content=\"Bellunopress - Dolomiti\" \/>\n<meta property=\"article:publisher\" content=\"https:\/\/www.facebook.com\/profile.php?id=100008943462799\" \/>\n<meta property=\"article:published_time\" content=\"2011-12-19T19:10:48+00:00\" \/>\n<meta property=\"og:image\" content=\"http:\/\/www.bellunopress.it\/wp-content\/uploads\/2011\/12\/Centro-ittiogenico.jpg\" \/>\n<meta name=\"author\" content=\"redazione\" \/>\n<meta name=\"twitter:card\" content=\"summary_large_image\" \/>\n<meta name=\"twitter:creator\" content=\"@bellunopress\" \/>\n<meta name=\"twitter:site\" content=\"@bellunopress\" \/>\n<meta name=\"twitter:label1\" content=\"\u00c9crit par\" \/>\n\t<meta name=\"twitter:data1\" content=\"redazione\" \/>\n\t<meta name=\"twitter:label2\" content=\"Dur\u00e9e de lecture estim\u00e9e\" \/>\n\t<meta name=\"twitter:data2\" content=\"1 minute\" \/>\n<script type=\"application\/ld+json\" class=\"yoast-schema-graph\">{\"@context\":\"https:\\\/\\\/schema.org\",\"@graph\":[{\"@type\":\"Article\",\"@id\":\"https:\\\/\\\/www.bellunopress.it\\\/2011\\\/12\\\/19\\\/porte-aperte-al-centro-ittiogenico-di-farra-dalpago-il-pubblico-potra-assistere-alla-nascita-di-migliaia-di-piccoli-coregoni\\\/#article\",\"isPartOf\":{\"@id\":\"https:\\\/\\\/www.bellunopress.it\\\/2011\\\/12\\\/19\\\/porte-aperte-al-centro-ittiogenico-di-farra-dalpago-il-pubblico-potra-assistere-alla-nascita-di-migliaia-di-piccoli-coregoni\\\/\"},\"author\":{\"name\":\"redazione\",\"@id\":\"https:\\\/\\\/www.bellunopress.it\\\/#\\\/schema\\\/person\\\/79bb06722b37ece1c03d3e94beb30d73\"},\"headline\":\"Porte aperte al centro ittiogenico di Farra d\u2019Alpago. Il pubblico potr\u00e0 assistere alla nascita di migliaia di piccoli coregoni\",\"datePublished\":\"2011-12-19T19:10:48+00:00\",\"mainEntityOfPage\":{\"@id\":\"https:\\\/\\\/www.bellunopress.it\\\/2011\\\/12\\\/19\\\/porte-aperte-al-centro-ittiogenico-di-farra-dalpago-il-pubblico-potra-assistere-alla-nascita-di-migliaia-di-piccoli-coregoni\\\/\"},\"wordCount\":257,\"publisher\":{\"@id\":\"https:\\\/\\\/www.bellunopress.it\\\/#organization\"},\"image\":{\"@id\":\"https:\\\/\\\/www.bellunopress.it\\\/2011\\\/12\\\/19\\\/porte-aperte-al-centro-ittiogenico-di-farra-dalpago-il-pubblico-potra-assistere-alla-nascita-di-migliaia-di-piccoli-coregoni\\\/#primaryimage\"},\"thumbnailUrl\":\"http:\\\/\\\/www.bellunopress.it\\\/wp-content\\\/uploads\\\/2011\\\/12\\\/Centro-ittiogenico.jpg\",\"articleSection\":[\"Meteo, natura, ambiente, animali\",\"Prima Pagina\"],\"inLanguage\":\"fr-FR\"},{\"@type\":\"WebPage\",\"@id\":\"https:\\\/\\\/www.bellunopress.it\\\/2011\\\/12\\\/19\\\/porte-aperte-al-centro-ittiogenico-di-farra-dalpago-il-pubblico-potra-assistere-alla-nascita-di-migliaia-di-piccoli-coregoni\\\/\",\"url\":\"https:\\\/\\\/www.bellunopress.it\\\/2011\\\/12\\\/19\\\/porte-aperte-al-centro-ittiogenico-di-farra-dalpago-il-pubblico-potra-assistere-alla-nascita-di-migliaia-di-piccoli-coregoni\\\/\",\"name\":\"Porte aperte al centro ittiogenico di Farra d\u2019Alpago. Il pubblico potr\u00e0 assistere alla nascita di migliaia di piccoli coregoni - Bellunopress - Dolomiti\",\"isPartOf\":{\"@id\":\"https:\\\/\\\/www.bellunopress.it\\\/#website\"},\"primaryImageOfPage\":{\"@id\":\"https:\\\/\\\/www.bellunopress.it\\\/2011\\\/12\\\/19\\\/porte-aperte-al-centro-ittiogenico-di-farra-dalpago-il-pubblico-potra-assistere-alla-nascita-di-migliaia-di-piccoli-coregoni\\\/#primaryimage\"},\"image\":{\"@id\":\"https:\\\/\\\/www.bellunopress.it\\\/2011\\\/12\\\/19\\\/porte-aperte-al-centro-ittiogenico-di-farra-dalpago-il-pubblico-potra-assistere-alla-nascita-di-migliaia-di-piccoli-coregoni\\\/#primaryimage\"},\"thumbnailUrl\":\"http:\\\/\\\/www.bellunopress.it\\\/wp-content\\\/uploads\\\/2011\\\/12\\\/Centro-ittiogenico.jpg\",\"datePublished\":\"2011-12-19T19:10:48+00:00\",\"breadcrumb\":{\"@id\":\"https:\\\/\\\/www.bellunopress.it\\\/2011\\\/12\\\/19\\\/porte-aperte-al-centro-ittiogenico-di-farra-dalpago-il-pubblico-potra-assistere-alla-nascita-di-migliaia-di-piccoli-coregoni\\\/#breadcrumb\"},\"inLanguage\":\"fr-FR\",\"potentialAction\":[{\"@type\":\"ReadAction\",\"target\":[\"https:\\\/\\\/www.bellunopress.it\\\/2011\\\/12\\\/19\\\/porte-aperte-al-centro-ittiogenico-di-farra-dalpago-il-pubblico-potra-assistere-alla-nascita-di-migliaia-di-piccoli-coregoni\\\/\"]}]},{\"@type\":\"ImageObject\",\"inLanguage\":\"fr-FR\",\"@id\":\"https:\\\/\\\/www.bellunopress.it\\\/2011\\\/12\\\/19\\\/porte-aperte-al-centro-ittiogenico-di-farra-dalpago-il-pubblico-potra-assistere-alla-nascita-di-migliaia-di-piccoli-coregoni\\\/#primaryimage\",\"url\":\"http:\\\/\\\/www.bellunopress.it\\\/wp-content\\\/uploads\\\/2011\\\/12\\\/Centro-ittiogenico.jpg\",\"contentUrl\":\"http:\\\/\\\/www.bellunopress.it\\\/wp-content\\\/uploads\\\/2011\\\/12\\\/Centro-ittiogenico.jpg\"},{\"@type\":\"BreadcrumbList\",\"@id\":\"https:\\\/\\\/www.bellunopress.it\\\/2011\\\/12\\\/19\\\/porte-aperte-al-centro-ittiogenico-di-farra-dalpago-il-pubblico-potra-assistere-alla-nascita-di-migliaia-di-piccoli-coregoni\\\/#breadcrumb\",\"itemListElement\":[{\"@type\":\"ListItem\",\"position\":1,\"name\":\"Home\",\"item\":\"https:\\\/\\\/www.bellunopress.it\\\/\"},{\"@type\":\"ListItem\",\"position\":2,\"name\":\"Porte aperte al centro ittiogenico di Farra d\u2019Alpago. Il pubblico potr\u00e0 assistere alla nascita di migliaia di piccoli coregoni\"}]},{\"@type\":\"WebSite\",\"@id\":\"https:\\\/\\\/www.bellunopress.it\\\/#website\",\"url\":\"https:\\\/\\\/www.bellunopress.it\\\/\",\"name\":\"Bellunopress - Dolomiti\",\"description\":\"e-mail: redazione@bellunopress.it\",\"publisher\":{\"@id\":\"https:\\\/\\\/www.bellunopress.it\\\/#organization\"},\"potentialAction\":[{\"@type\":\"SearchAction\",\"target\":{\"@type\":\"EntryPoint\",\"urlTemplate\":\"https:\\\/\\\/www.bellunopress.it\\\/?s={search_term_string}\"},\"query-input\":{\"@type\":\"PropertyValueSpecification\",\"valueRequired\":true,\"valueName\":\"search_term_string\"}}],\"inLanguage\":\"fr-FR\"},{\"@type\":\"Organization\",\"@id\":\"https:\\\/\\\/www.bellunopress.it\\\/#organization\",\"name\":\"Bellunopress\",\"url\":\"https:\\\/\\\/www.bellunopress.it\\\/\",\"logo\":{\"@type\":\"ImageObject\",\"inLanguage\":\"fr-FR\",\"@id\":\"https:\\\/\\\/www.bellunopress.it\\\/#\\\/schema\\\/logo\\\/image\\\/\",\"url\":\"https:\\\/\\\/www.bellunopress.it\\\/wp-content\\\/uploads\\\/2011\\\/05\\\/cropped-logo-bellunopress-.jpg\",\"contentUrl\":\"https:\\\/\\\/www.bellunopress.it\\\/wp-content\\\/uploads\\\/2011\\\/05\\\/cropped-logo-bellunopress-.jpg\",\"width\":512,\"height\":512,\"caption\":\"Bellunopress\"},\"image\":{\"@id\":\"https:\\\/\\\/www.bellunopress.it\\\/#\\\/schema\\\/logo\\\/image\\\/\"},\"sameAs\":[\"https:\\\/\\\/www.facebook.com\\\/profile.php?id=100008943462799\",\"https:\\\/\\\/x.com\\\/bellunopress\",\"https:\\\/\\\/www.linkedin.com\\\/hp\\\/?dnr=JBzUWaJfMUw8vbXJJ2tVW5-I3jZKvC4wsoxE&amp;amp;amp;amp;amp;amp;trk=nav_responsive_tab_home\",\"https:\\\/\\\/www.youtube.com\\\/channel\\\/UCxL0wu1uN0_3_7hGG0306cw\"]},{\"@type\":\"Person\",\"@id\":\"https:\\\/\\\/www.bellunopress.it\\\/#\\\/schema\\\/person\\\/79bb06722b37ece1c03d3e94beb30d73\",\"name\":\"redazione\",\"image\":{\"@type\":\"ImageObject\",\"inLanguage\":\"fr-FR\",\"@id\":\"https:\\\/\\\/secure.gravatar.com\\\/avatar\\\/37d968a2e67a6fd04c169c4bdef102d0bc5d31b2546345219e348575eb80e9a0?s=96&d=mm&r=g\",\"url\":\"https:\\\/\\\/secure.gravatar.com\\\/avatar\\\/37d968a2e67a6fd04c169c4bdef102d0bc5d31b2546345219e348575eb80e9a0?s=96&d=mm&r=g\",\"contentUrl\":\"https:\\\/\\\/secure.gravatar.com\\\/avatar\\\/37d968a2e67a6fd04c169c4bdef102d0bc5d31b2546345219e348575eb80e9a0?s=96&d=mm&r=g\",\"caption\":\"redazione\"},\"sameAs\":[\"http:\\\/\\\/www.bellunopress.it\",\"https:\\\/\\\/x.com\\\/bellunopress\"],\"url\":\"https:\\\/\\\/www.bellunopress.it\\\/fr\\\/author\\\/redazione\\\/\"}]}<\/script>\n<!-- \/ Yoast SEO plugin. -->","yoast_head_json":{"title":"Porte aperte al centro ittiogenico di Farra d\u2019Alpago. Il pubblico potr\u00e0 assistere alla nascita di migliaia di piccoli coregoni - Bellunopress - Dolomiti","robots":{"index":"index","follow":"follow","max-snippet":"max-snippet:-1","max-image-preview":"max-image-preview:large","max-video-preview":"max-video-preview:-1"},"canonical":"https:\/\/www.bellunopress.it\/fr\/2011\/12\/19\/porte-aperte-al-centro-ittiogenico-di-farra-dalpago-il-pubblico-potra-assistere-alla-nascita-di-migliaia-di-piccoli-coregoni\/","og_locale":"fr_FR","og_type":"article","og_title":"Porte aperte al centro ittiogenico di Farra d\u2019Alpago. Il pubblico potr\u00e0 assistere alla nascita di migliaia di piccoli coregoni - Bellunopress - Dolomiti","og_description":"Il centro ittiogenico di Farra D\u2019Alpago ha aperto ieri le sue porte al pubblico. Lo si potr\u00e0 visitare fino a fine febbraio in orario dalle 14 alle 16. Due milioni e mezzo di uova di coregone (noto anche come pesce di Natale) si stanno via via aprendo nei grandi \u201cbottiglioni di Zut\u201d di cui \u00e8 [&hellip;]","og_url":"https:\/\/www.bellunopress.it\/fr\/2011\/12\/19\/porte-aperte-al-centro-ittiogenico-di-farra-dalpago-il-pubblico-potra-assistere-alla-nascita-di-migliaia-di-piccoli-coregoni\/","og_site_name":"Bellunopress - Dolomiti","article_publisher":"https:\/\/www.facebook.com\/profile.php?id=100008943462799","article_published_time":"2011-12-19T19:10:48+00:00","og_image":[{"url":"http:\/\/www.bellunopress.it\/wp-content\/uploads\/2011\/12\/Centro-ittiogenico.jpg","type":"","width":"","height":""}],"author":"redazione","twitter_card":"summary_large_image","twitter_creator":"@bellunopress","twitter_site":"@bellunopress","twitter_misc":{"\u00c9crit par":"redazione","Dur\u00e9e de lecture estim\u00e9e":"1 minute"},"schema":{"@context":"https:\/\/schema.org","@graph":[{"@type":"Article","@id":"https:\/\/www.bellunopress.it\/2011\/12\/19\/porte-aperte-al-centro-ittiogenico-di-farra-dalpago-il-pubblico-potra-assistere-alla-nascita-di-migliaia-di-piccoli-coregoni\/#article","isPartOf":{"@id":"https:\/\/www.bellunopress.it\/2011\/12\/19\/porte-aperte-al-centro-ittiogenico-di-farra-dalpago-il-pubblico-potra-assistere-alla-nascita-di-migliaia-di-piccoli-coregoni\/"},"author":{"name":"redazione","@id":"https:\/\/www.bellunopress.it\/#\/schema\/person\/79bb06722b37ece1c03d3e94beb30d73"},"headline":"Porte aperte al centro ittiogenico di Farra d\u2019Alpago. Il pubblico potr\u00e0 assistere alla nascita di migliaia di piccoli coregoni","datePublished":"2011-12-19T19:10:48+00:00","mainEntityOfPage":{"@id":"https:\/\/www.bellunopress.it\/2011\/12\/19\/porte-aperte-al-centro-ittiogenico-di-farra-dalpago-il-pubblico-potra-assistere-alla-nascita-di-migliaia-di-piccoli-coregoni\/"},"wordCount":257,"publisher":{"@id":"https:\/\/www.bellunopress.it\/#organization"},"image":{"@id":"https:\/\/www.bellunopress.it\/2011\/12\/19\/porte-aperte-al-centro-ittiogenico-di-farra-dalpago-il-pubblico-potra-assistere-alla-nascita-di-migliaia-di-piccoli-coregoni\/#primaryimage"},"thumbnailUrl":"http:\/\/www.bellunopress.it\/wp-content\/uploads\/2011\/12\/Centro-ittiogenico.jpg","articleSection":["Meteo, natura, ambiente, animali","Prima Pagina"],"inLanguage":"fr-FR"},{"@type":"WebPage","@id":"https:\/\/www.bellunopress.it\/2011\/12\/19\/porte-aperte-al-centro-ittiogenico-di-farra-dalpago-il-pubblico-potra-assistere-alla-nascita-di-migliaia-di-piccoli-coregoni\/","url":"https:\/\/www.bellunopress.it\/2011\/12\/19\/porte-aperte-al-centro-ittiogenico-di-farra-dalpago-il-pubblico-potra-assistere-alla-nascita-di-migliaia-di-piccoli-coregoni\/","name":"Porte aperte al centro ittiogenico di Farra d\u2019Alpago. Il pubblico potr\u00e0 assistere alla nascita di migliaia di piccoli coregoni - Bellunopress - Dolomiti","isPartOf":{"@id":"https:\/\/www.bellunopress.it\/#website"},"primaryImageOfPage":{"@id":"https:\/\/www.bellunopress.it\/2011\/12\/19\/porte-aperte-al-centro-ittiogenico-di-farra-dalpago-il-pubblico-potra-assistere-alla-nascita-di-migliaia-di-piccoli-coregoni\/#primaryimage"},"image":{"@id":"https:\/\/www.bellunopress.it\/2011\/12\/19\/porte-aperte-al-centro-ittiogenico-di-farra-dalpago-il-pubblico-potra-assistere-alla-nascita-di-migliaia-di-piccoli-coregoni\/#primaryimage"},"thumbnailUrl":"http:\/\/www.bellunopress.it\/wp-content\/uploads\/2011\/12\/Centro-ittiogenico.jpg","datePublished":"2011-12-19T19:10:48+00:00","breadcrumb":{"@id":"https:\/\/www.bellunopress.it\/2011\/12\/19\/porte-aperte-al-centro-ittiogenico-di-farra-dalpago-il-pubblico-potra-assistere-alla-nascita-di-migliaia-di-piccoli-coregoni\/#breadcrumb"},"inLanguage":"fr-FR","potentialAction":[{"@type":"ReadAction","target":["https:\/\/www.bellunopress.it\/2011\/12\/19\/porte-aperte-al-centro-ittiogenico-di-farra-dalpago-il-pubblico-potra-assistere-alla-nascita-di-migliaia-di-piccoli-coregoni\/"]}]},{"@type":"ImageObject","inLanguage":"fr-FR","@id":"https:\/\/www.bellunopress.it\/2011\/12\/19\/porte-aperte-al-centro-ittiogenico-di-farra-dalpago-il-pubblico-potra-assistere-alla-nascita-di-migliaia-di-piccoli-coregoni\/#primaryimage","url":"http:\/\/www.bellunopress.it\/wp-content\/uploads\/2011\/12\/Centro-ittiogenico.jpg","contentUrl":"http:\/\/www.bellunopress.it\/wp-content\/uploads\/2011\/12\/Centro-ittiogenico.jpg"},{"@type":"BreadcrumbList","@id":"https:\/\/www.bellunopress.it\/2011\/12\/19\/porte-aperte-al-centro-ittiogenico-di-farra-dalpago-il-pubblico-potra-assistere-alla-nascita-di-migliaia-di-piccoli-coregoni\/#breadcrumb","itemListElement":[{"@type":"ListItem","position":1,"name":"Home","item":"https:\/\/www.bellunopress.it\/"},{"@type":"ListItem","position":2,"name":"Porte aperte al centro ittiogenico di Farra d\u2019Alpago. Il pubblico potr\u00e0 assistere alla nascita di migliaia di piccoli coregoni"}]},{"@type":"WebSite","@id":"https:\/\/www.bellunopress.it\/#website","url":"https:\/\/www.bellunopress.it\/","name":"Bellunopress - Dolomiti","description":"e-mail: redazione@bellunopress.it","publisher":{"@id":"https:\/\/www.bellunopress.it\/#organization"},"potentialAction":[{"@type":"SearchAction","target":{"@type":"EntryPoint","urlTemplate":"https:\/\/www.bellunopress.it\/?s={search_term_string}"},"query-input":{"@type":"PropertyValueSpecification","valueRequired":true,"valueName":"search_term_string"}}],"inLanguage":"fr-FR"},{"@type":"Organization","@id":"https:\/\/www.bellunopress.it\/#organization","name":"Bellunopress","url":"https:\/\/www.bellunopress.it\/","logo":{"@type":"ImageObject","inLanguage":"fr-FR","@id":"https:\/\/www.bellunopress.it\/#\/schema\/logo\/image\/","url":"https:\/\/www.bellunopress.it\/wp-content\/uploads\/2011\/05\/cropped-logo-bellunopress-.jpg","contentUrl":"https:\/\/www.bellunopress.it\/wp-content\/uploads\/2011\/05\/cropped-logo-bellunopress-.jpg","width":512,"height":512,"caption":"Bellunopress"},"image":{"@id":"https:\/\/www.bellunopress.it\/#\/schema\/logo\/image\/"},"sameAs":["https:\/\/www.facebook.com\/profile.php?id=100008943462799","https:\/\/x.com\/bellunopress","https:\/\/www.linkedin.com\/hp\/?dnr=JBzUWaJfMUw8vbXJJ2tVW5-I3jZKvC4wsoxE&amp;amp;amp;amp;amp;amp;trk=nav_responsive_tab_home","https:\/\/www.youtube.com\/channel\/UCxL0wu1uN0_3_7hGG0306cw"]},{"@type":"Person","@id":"https:\/\/www.bellunopress.it\/#\/schema\/person\/79bb06722b37ece1c03d3e94beb30d73","name":"r\u00e9daction","image":{"@type":"ImageObject","inLanguage":"fr-FR","@id":"https:\/\/secure.gravatar.com\/avatar\/37d968a2e67a6fd04c169c4bdef102d0bc5d31b2546345219e348575eb80e9a0?s=96&d=mm&r=g","url":"https:\/\/secure.gravatar.com\/avatar\/37d968a2e67a6fd04c169c4bdef102d0bc5d31b2546345219e348575eb80e9a0?s=96&d=mm&r=g","contentUrl":"https:\/\/secure.gravatar.com\/avatar\/37d968a2e67a6fd04c169c4bdef102d0bc5d31b2546345219e348575eb80e9a0?s=96&d=mm&r=g","caption":"redazione"},"sameAs":["http:\/\/www.bellunopress.it","https:\/\/x.com\/bellunopress"],"url":"https:\/\/www.bellunopress.it\/fr\/author\/redazione\/"}]}},"_links":{"self":[{"href":"https:\/\/www.bellunopress.it\/fr\/wp-json\/wp\/v2\/posts\/33498","targetHints":{"allow":["GET"]}}],"collection":[{"href":"https:\/\/www.bellunopress.it\/fr\/wp-json\/wp\/v2\/posts"}],"about":[{"href":"https:\/\/www.bellunopress.it\/fr\/wp-json\/wp\/v2\/types\/post"}],"author":[{"embeddable":true,"href":"https:\/\/www.bellunopress.it\/fr\/wp-json\/wp\/v2\/users\/2"}],"replies":[{"embeddable":true,"href":"https:\/\/www.bellunopress.it\/fr\/wp-json\/wp\/v2\/comments?post=33498"}],"version-history":[{"count":1,"href":"https:\/\/www.bellunopress.it\/fr\/wp-json\/wp\/v2\/posts\/33498\/revisions"}],"predecessor-version":[{"id":33501,"href":"https:\/\/www.bellunopress.it\/fr\/wp-json\/wp\/v2\/posts\/33498\/revisions\/33501"}],"wp:attachment":[{"href":"https:\/\/www.bellunopress.it\/fr\/wp-json\/wp\/v2\/media?parent=33498"}],"wp:term":[{"taxonomy":"category","embeddable":true,"href":"https:\/\/www.bellunopress.it\/fr\/wp-json\/wp\/v2\/categories?post=33498"},{"taxonomy":"post_tag","embeddable":true,"href":"https:\/\/www.bellunopress.it\/fr\/wp-json\/wp\/v2\/tags?post=33498"}],"curies":[{"name":"wp","href":"https:\/\/api.w.org\/{rel}","templated":true}]}}